{"id":84622,"date":"2021-11-03T19:12:35","date_gmt":"2021-11-03T18:12:35","guid":{"rendered":"https:\/\/radioljubuski.ba\/?p=84622"},"modified":"2021-11-03T19:12:35","modified_gmt":"2021-11-03T18:12:35","slug":"katalonski-umjetnici-u-zagrebu-s-posvetom-zrtvama-ratnih-silovanja-u-bih","status":"publish","type":"post","link":"https:\/\/radioljubuski.ba\/index.php\/2021\/11\/03\/katalonski-umjetnici-u-zagrebu-s-posvetom-zrtvama-ratnih-silovanja-u-bih\/","title":{"rendered":"Katalonski umjetnici u Zagrebu s posvetom \u017ertvama ratnih silovanja u BiH"},"content":{"rendered":"\n<p>Katalonska umjetni\u010dka organizacija Cultura i conflicte gostovat \u0107e 9. i 10. studenoga u ZKM-u s kazali\u0161nom predstavom, dokumentarnim filmom i fotografskom izlo\u017ebom &#8220;Kao da je netko jo\u0161 uvijek u \u0161umi&#8221; temeljenima na svjedo\u010danstvima \u017eena \u017ertava silovanja rata u Bosni i Hercegovini.<\/p>\n\n\n\n<p>Cultura i conflicte je multidisciplinarni tim koji vjeruje u mo\u0107 kulture u promicanju dijaloga, promi\u0161ljanja i pokretanja dru\u0161tvenih promjena, a djeluje u raznim medijima: na sceni, ekranu, kroz fotografiju i novinarstvo.&nbsp;<\/p>\n\n\n\n<p>Pitaju\u0107i se, 25 godina nakon rata u BiH, da li je rat zaista zavr\u0161io za \u017eene \u017ertve silovanja i djecu ro\u0111enu prisilnim trudno\u0107ama, organizacija je od 2018. do 2020. provela minuciozno novinarsko istra\u017eivanje i razvijala scensku interpretaciju svjedo\u010danstava \u017ertava, stoji u najavi.<\/p>\n\n\n\n<p>Projekt je stvoren u suradnji sa \u017eenama koje su pre\u017eivjele sustavna silovanja tijekom rata u Bosni i Hercegovini i djece ro\u0111ene iz prisilnih trudno\u0107a, danas dvadesetpetogodi\u0161njaka.<\/p>\n\n\n\n<p>U potpunosti je sazdan od stvarnih svjedo\u010danstava, svojevrsne autofikcije u kojoj stvarne \u017ertve izlaze pred nas za\u0161ti\u0107ene isklju\u010divo glum\u010devim tijelom i filmskim ekranom.<\/p>\n\n\n\n<p>Nekoliko putovanja u Bosnu i Hercegovinu i mnogo sati razgovora s pre\u017eivjelima silovanja izme\u0111u 1991. i 2001. godine omogu\u0107ili su razvoj triptiha &#8211; filma, predstave i fotografske izlo\u017ebe.<\/p>\n\n\n\n<p>&#8220;Katarza je to koju mo\u017ee potvrditi emotivna recepcija brojne publike koja je triptih ve\u0107 vidjela&#8221;, stoji u najavi.<\/p>\n\n\n\n<p>Predstava &#8220;Kao da je netko jo\u0161 uvijek u \u0161umi&#8221; (Encara hi ha alg\u00fa al bosc), premijerno je izvedena u jesen 2020. u Kataloniji, u godini obilje\u017eavanja 25. godi\u0161njice Daytonskog sporazuma kojim je slu\u017ebeno okon\u010dan rat u BiH.<\/p>\n\n\n\n<p>U Katalonskom narodnom kazali\u0161tu i diljem Katalonije izvedena je vi\u0161e od 50 puta te je popra\u0107ena sjajnim kritikama i potresnim reakcijama publike.<\/p>\n\n\n\n<p>Svjedo\u010danstva je u tekst uobli\u010dila dramaturginja Anna Maria Ricart Codina, a predstavu je re\u017eirao Joan Arqu\u00e9 Sol\u00e0.<\/p>\n\n\n\n<p>Gluma\u010dku ekipu predvodi Ariadna Gil, jedna od najpoznatijih europskih filmskih i kazali\u0161nih glumica, te Montse Esteve, \u00d2scar Mu\u00f1oz, Magda Puig, Judit Farr\u00e9s, Pep Pascual i Erol Ileri.<\/p>\n\n\n\n<p>&#8220;Predstava, dokumentarni film i fotografska izlo\u017eba omogu\u0107uju nam da razli\u010ditim jezicima za razli\u010ditu publiku objasnimo jo\u0161 jedno zatvoreno poglavlje u povijesti Europe: neka\u017enjivost, \u0161utnja, tijelo \u017eena kao teritorij osvajanja, odlu\u010dnost i ustrajnost za ostvarivanjem pravde, borba protiv stigme i pogled novih generacija koja nastoje vratiti dostojanstvo svojim majkama u dru\u0161tvu koje okre\u0107e glavu&#8221;, poru\u010duju umjetnici.<\/p>\n\n\n\n<p>Turneja regijom zapo\u010dinje u Narodnom pozori\u0161tu Sarajevo 6. studenoga, nastavlja se u zagreba\u010dkom ZKM-u, gdje \u0107e 9. studenoga biti prikazan dokumentarni film nakon kojega slijedi razgovor s autorima a 10. studenoga i predstava, te zavr\u0161ava u ljubljanskom Mladinskom gledali\u0161\u0107u 13. studenoga.<\/p>\n\n\n\n<p>Turneja je organizirana uz pomo\u0107 Delegacije Vlade Katalonije u jugoisto\u010dnoj Europi uz potporu instituta Ramon Llull.<\/p>\n\n\n\n<p>Izvor:pogled.ba<\/p>\n","protected":false},"excerpt":{"rendered":"<p>Katalonska umjetni\u010dka organizacija Cultura i conflicte gostovat \u0107e 9. i 10. studenoga u ZKM-u s kazali\u0161nom predstavom, dokumentarnim filmom i fotografskom izlo\u017ebom &#8220;Kao da je netko jo\u0161 uvijek u \u0161umi&#8221; temeljenima na svjedo\u010danstvima \u017eena \u017ertava silovanja rata u Bosni i Hercegovini. Cultura i conflicte je multidisciplinarni tim koji vjeruje u mo\u0107 kulture u promicanju dijaloga, [&hellip;]<\/p>\n","protected":false},"author":2,"featured_media":84623,"comment_status":"closed","ping_status":"closed","sticky":false,"template":"","format":"standard","meta":{"h5ap_radio_sources":[],"footnotes":""},"categories":[1],"tags":[],"class_list":["post-84622","post","type-post","status-publish","format-standard","has-post-thumbnail","hentry","category-bihiregija"],"yoast_head":"<!-- This site is optimized with the Yoast SEO plugin v27.5 - https:\/\/yoast.com\/product\/yoast-seo-wordpress\/ -->\n<title>Katalonski umjetnici u Zagrebu s posvetom \u017ertvama ratnih silovanja u BiH - RADIO LJUBU\u0160KI<\/title>\n<meta name=\"robots\" content=\"index, follow, max-snippet:-1, max-image-preview:large, max-video-preview:-1\" \/>\n<link rel=\"canonical\" href=\"https:\/\/radioljubuski.ba\/index.php\/2021\/11\/03\/katalonski-umjetnici-u-zagrebu-s-posvetom-zrtvama-ratnih-silovanja-u-bih\/\" \/>\n<meta property=\"og:locale\" content=\"hr_HR\" \/>\n<meta property=\"og:type\" content=\"article\" \/>\n<meta property=\"og:title\" content=\"Katalonski umjetnici u Zagrebu s posvetom \u017ertvama ratnih silovanja u BiH - RADIO LJUBU\u0160KI\" \/>\n<meta property=\"og:description\" content=\"Katalonska umjetni\u010dka organizacija Cultura i conflicte gostovat \u0107e 9. i 10. studenoga u ZKM-u s kazali\u0161nom predstavom, dokumentarnim filmom i fotografskom izlo\u017ebom &#8220;Kao da je netko jo\u0161 uvijek u \u0161umi&#8221; temeljenima na svjedo\u010danstvima \u017eena \u017ertava silovanja rata u Bosni i Hercegovini. Cultura i conflicte je multidisciplinarni tim koji vjeruje u mo\u0107 kulture u promicanju dijaloga, [&hellip;]\" \/>\n<meta property=\"og:url\" content=\"https:\/\/radioljubuski.ba\/index.php\/2021\/11\/03\/katalonski-umjetnici-u-zagrebu-s-posvetom-zrtvama-ratnih-silovanja-u-bih\/\" \/>\n<meta property=\"og:site_name\" content=\"RADIO LJUBU\u0160KI\" \/>\n<meta property=\"article:publisher\" content=\"https:\/\/www.facebook.com\/Radiio-Ljubuski-1490835324566332\" \/>\n<meta property=\"article:published_time\" content=\"2021-11-03T18:12:35+00:00\" \/>\n<meta property=\"og:image\" content=\"https:\/\/radioljubuski.ba\/wp-content\/uploads\/2021\/11\/3-2021-11-03-14-12-33-UM.png\" \/>\n\t<meta property=\"og:image:width\" content=\"1000\" \/>\n\t<meta property=\"og:image:height\" content=\"625\" \/>\n\t<meta property=\"og:image:type\" content=\"image\/png\" \/>\n<meta name=\"author\" content=\"Radio Ljubu\u0161ki\" \/>\n<meta name=\"twitter:card\" content=\"summary_large_image\" \/>\n<meta name=\"twitter:creator\" content=\"@radioljubuski\" \/>\n<meta name=\"twitter:site\" content=\"@radioljubuski\" \/>\n<meta name=\"twitter:label1\" content=\"Napisao\/la\" \/>\n\t<meta name=\"twitter:data1\" content=\"Radio Ljubu\u0161ki\" \/>\n\t<meta name=\"twitter:label2\" content=\"Procijenjeno vrijeme \u010ditanja\" \/>\n\t<meta name=\"twitter:data2\" content=\"2 minute\" \/>\n<script type=\"application\/ld+json\" class=\"yoast-schema-graph\">{\"@context\":\"https:\\\/\\\/schema.org\",\"@graph\":[{\"@type\":\"Article\",\"@id\":\"https:\\\/\\\/radioljubuski.ba\\\/index.php\\\/2021\\\/11\\\/03\\\/katalonski-umjetnici-u-zagrebu-s-posvetom-zrtvama-ratnih-silovanja-u-bih\\\/#article\",\"isPartOf\":{\"@id\":\"https:\\\/\\\/radioljubuski.ba\\\/index.php\\\/2021\\\/11\\\/03\\\/katalonski-umjetnici-u-zagrebu-s-posvetom-zrtvama-ratnih-silovanja-u-bih\\\/\"},\"author\":{\"name\":\"Radio Ljubu\u0161ki\",\"@id\":\"https:\\\/\\\/radioljubuski.ba\\\/#\\\/schema\\\/person\\\/19fc700381a780f69665d7956c469e3b\"},\"headline\":\"Katalonski umjetnici u Zagrebu s posvetom \u017ertvama ratnih silovanja u BiH\",\"datePublished\":\"2021-11-03T18:12:35+00:00\",\"mainEntityOfPage\":{\"@id\":\"https:\\\/\\\/radioljubuski.ba\\\/index.php\\\/2021\\\/11\\\/03\\\/katalonski-umjetnici-u-zagrebu-s-posvetom-zrtvama-ratnih-silovanja-u-bih\\\/\"},\"wordCount\":480,\"publisher\":{\"@id\":\"https:\\\/\\\/radioljubuski.ba\\\/#organization\"},\"image\":{\"@id\":\"https:\\\/\\\/radioljubuski.ba\\\/index.php\\\/2021\\\/11\\\/03\\\/katalonski-umjetnici-u-zagrebu-s-posvetom-zrtvama-ratnih-silovanja-u-bih\\\/#primaryimage\"},\"thumbnailUrl\":\"https:\\\/\\\/radioljubuski.ba\\\/wp-content\\\/uploads\\\/2021\\\/11\\\/3-2021-11-03-14-12-33-UM.png\",\"articleSection\":[\"BIH i regija\"],\"inLanguage\":\"hr\"},{\"@type\":\"WebPage\",\"@id\":\"https:\\\/\\\/radioljubuski.ba\\\/index.php\\\/2021\\\/11\\\/03\\\/katalonski-umjetnici-u-zagrebu-s-posvetom-zrtvama-ratnih-silovanja-u-bih\\\/\",\"url\":\"https:\\\/\\\/radioljubuski.ba\\\/index.php\\\/2021\\\/11\\\/03\\\/katalonski-umjetnici-u-zagrebu-s-posvetom-zrtvama-ratnih-silovanja-u-bih\\\/\",\"name\":\"Katalonski umjetnici u Zagrebu s posvetom \u017ertvama ratnih silovanja u BiH - RADIO LJUBU\u0160KI\",\"isPartOf\":{\"@id\":\"https:\\\/\\\/radioljubuski.ba\\\/#website\"},\"primaryImageOfPage\":{\"@id\":\"https:\\\/\\\/radioljubuski.ba\\\/index.php\\\/2021\\\/11\\\/03\\\/katalonski-umjetnici-u-zagrebu-s-posvetom-zrtvama-ratnih-silovanja-u-bih\\\/#primaryimage\"},\"image\":{\"@id\":\"https:\\\/\\\/radioljubuski.ba\\\/index.php\\\/2021\\\/11\\\/03\\\/katalonski-umjetnici-u-zagrebu-s-posvetom-zrtvama-ratnih-silovanja-u-bih\\\/#primaryimage\"},\"thumbnailUrl\":\"https:\\\/\\\/radioljubuski.ba\\\/wp-content\\\/uploads\\\/2021\\\/11\\\/3-2021-11-03-14-12-33-UM.png\",\"datePublished\":\"2021-11-03T18:12:35+00:00\",\"breadcrumb\":{\"@id\":\"https:\\\/\\\/radioljubuski.ba\\\/index.php\\\/2021\\\/11\\\/03\\\/katalonski-umjetnici-u-zagrebu-s-posvetom-zrtvama-ratnih-silovanja-u-bih\\\/#breadcrumb\"},\"inLanguage\":\"hr\",\"potentialAction\":[{\"@type\":\"ReadAction\",\"target\":[\"https:\\\/\\\/radioljubuski.ba\\\/index.php\\\/2021\\\/11\\\/03\\\/katalonski-umjetnici-u-zagrebu-s-posvetom-zrtvama-ratnih-silovanja-u-bih\\\/\"]}]},{\"@type\":\"ImageObject\",\"inLanguage\":\"hr\",\"@id\":\"https:\\\/\\\/radioljubuski.ba\\\/index.php\\\/2021\\\/11\\\/03\\\/katalonski-umjetnici-u-zagrebu-s-posvetom-zrtvama-ratnih-silovanja-u-bih\\\/#primaryimage\",\"url\":\"https:\\\/\\\/radioljubuski.ba\\\/wp-content\\\/uploads\\\/2021\\\/11\\\/3-2021-11-03-14-12-33-UM.png\",\"contentUrl\":\"https:\\\/\\\/radioljubuski.ba\\\/wp-content\\\/uploads\\\/2021\\\/11\\\/3-2021-11-03-14-12-33-UM.png\",\"width\":1000,\"height\":625},{\"@type\":\"BreadcrumbList\",\"@id\":\"https:\\\/\\\/radioljubuski.ba\\\/index.php\\\/2021\\\/11\\\/03\\\/katalonski-umjetnici-u-zagrebu-s-posvetom-zrtvama-ratnih-silovanja-u-bih\\\/#breadcrumb\",\"itemListElement\":[{\"@type\":\"ListItem\",\"position\":1,\"name\":\"Po\u010detna stranica\",\"item\":\"https:\\\/\\\/radioljubuski.ba\\\/\"},{\"@type\":\"ListItem\",\"position\":2,\"name\":\"Katalonski umjetnici u Zagrebu s posvetom \u017ertvama ratnih silovanja u BiH\"}]},{\"@type\":\"WebSite\",\"@id\":\"https:\\\/\\\/radioljubuski.ba\\\/#website\",\"url\":\"https:\\\/\\\/radioljubuski.ba\\\/\",\"name\":\"Radio Ljubu\u0161ki\",\"description\":\"Sun\u010dana frekvencija Hercegovine\",\"publisher\":{\"@id\":\"https:\\\/\\\/radioljubuski.ba\\\/#organization\"},\"potentialAction\":[{\"@type\":\"SearchAction\",\"target\":{\"@type\":\"EntryPoint\",\"urlTemplate\":\"https:\\\/\\\/radioljubuski.ba\\\/?s={search_term_string}\"},\"query-input\":{\"@type\":\"PropertyValueSpecification\",\"valueRequired\":true,\"valueName\":\"search_term_string\"}}],\"inLanguage\":\"hr\"},{\"@type\":\"Organization\",\"@id\":\"https:\\\/\\\/radioljubuski.ba\\\/#organization\",\"name\":\"Radio Ljubu\u0161ki\",\"url\":\"https:\\\/\\\/radioljubuski.ba\\\/\",\"logo\":{\"@type\":\"ImageObject\",\"inLanguage\":\"hr\",\"@id\":\"https:\\\/\\\/radioljubuski.ba\\\/#\\\/schema\\\/logo\\\/image\\\/\",\"url\":\"https:\\\/\\\/radioljubuski.ba\\\/wp-content\\\/uploads\\\/2021\\\/02\\\/cropped-Radio_Ljubuski_logo1.jpg\",\"contentUrl\":\"https:\\\/\\\/radioljubuski.ba\\\/wp-content\\\/uploads\\\/2021\\\/02\\\/cropped-Radio_Ljubuski_logo1.jpg\",\"width\":512,\"height\":512,\"caption\":\"Radio Ljubu\u0161ki\"},\"image\":{\"@id\":\"https:\\\/\\\/radioljubuski.ba\\\/#\\\/schema\\\/logo\\\/image\\\/\"},\"sameAs\":[\"https:\\\/\\\/www.facebook.com\\\/Radiio-Ljubuski-1490835324566332\",\"https:\\\/\\\/x.com\\\/radioljubuski\",\"https:\\\/\\\/hr.linkedin.com\\\/company\\\/radio-ljubuski\",\"https:\\\/\\\/www.youtube.com\\\/channel\\\/UCHYaeO_n0Db3tjNGudGpXyw\"]},{\"@type\":\"Person\",\"@id\":\"https:\\\/\\\/radioljubuski.ba\\\/#\\\/schema\\\/person\\\/19fc700381a780f69665d7956c469e3b\",\"name\":\"Radio Ljubu\u0161ki\"}]}<\/script>\n<!-- \/ Yoast SEO plugin. -->","yoast_head_json":{"title":"Katalonski umjetnici u Zagrebu s posvetom \u017ertvama ratnih silovanja u BiH - RADIO LJUBU\u0160KI","robots":{"index":"index","follow":"follow","max-snippet":"max-snippet:-1","max-image-preview":"max-image-preview:large","max-video-preview":"max-video-preview:-1"},"canonical":"https:\/\/radioljubuski.ba\/index.php\/2021\/11\/03\/katalonski-umjetnici-u-zagrebu-s-posvetom-zrtvama-ratnih-silovanja-u-bih\/","og_locale":"hr_HR","og_type":"article","og_title":"Katalonski umjetnici u Zagrebu s posvetom \u017ertvama ratnih silovanja u BiH - RADIO LJUBU\u0160KI","og_description":"Katalonska umjetni\u010dka organizacija Cultura i conflicte gostovat \u0107e 9. i 10. studenoga u ZKM-u s kazali\u0161nom predstavom, dokumentarnim filmom i fotografskom izlo\u017ebom &#8220;Kao da je netko jo\u0161 uvijek u \u0161umi&#8221; temeljenima na svjedo\u010danstvima \u017eena \u017ertava silovanja rata u Bosni i Hercegovini. Cultura i conflicte je multidisciplinarni tim koji vjeruje u mo\u0107 kulture u promicanju dijaloga, [&hellip;]","og_url":"https:\/\/radioljubuski.ba\/index.php\/2021\/11\/03\/katalonski-umjetnici-u-zagrebu-s-posvetom-zrtvama-ratnih-silovanja-u-bih\/","og_site_name":"RADIO LJUBU\u0160KI","article_publisher":"https:\/\/www.facebook.com\/Radiio-Ljubuski-1490835324566332","article_published_time":"2021-11-03T18:12:35+00:00","og_image":[{"width":1000,"height":625,"url":"https:\/\/radioljubuski.ba\/wp-content\/uploads\/2021\/11\/3-2021-11-03-14-12-33-UM.png","type":"image\/png"}],"author":"Radio Ljubu\u0161ki","twitter_card":"summary_large_image","twitter_creator":"@radioljubuski","twitter_site":"@radioljubuski","twitter_misc":{"Napisao\/la":"Radio Ljubu\u0161ki","Procijenjeno vrijeme \u010ditanja":"2 minute"},"schema":{"@context":"https:\/\/schema.org","@graph":[{"@type":"Article","@id":"https:\/\/radioljubuski.ba\/index.php\/2021\/11\/03\/katalonski-umjetnici-u-zagrebu-s-posvetom-zrtvama-ratnih-silovanja-u-bih\/#article","isPartOf":{"@id":"https:\/\/radioljubuski.ba\/index.php\/2021\/11\/03\/katalonski-umjetnici-u-zagrebu-s-posvetom-zrtvama-ratnih-silovanja-u-bih\/"},"author":{"name":"Radio Ljubu\u0161ki","@id":"https:\/\/radioljubuski.ba\/#\/schema\/person\/19fc700381a780f69665d7956c469e3b"},"headline":"Katalonski umjetnici u Zagrebu s posvetom \u017ertvama ratnih silovanja u BiH","datePublished":"2021-11-03T18:12:35+00:00","mainEntityOfPage":{"@id":"https:\/\/radioljubuski.ba\/index.php\/2021\/11\/03\/katalonski-umjetnici-u-zagrebu-s-posvetom-zrtvama-ratnih-silovanja-u-bih\/"},"wordCount":480,"publisher":{"@id":"https:\/\/radioljubuski.ba\/#organization"},"image":{"@id":"https:\/\/radioljubuski.ba\/index.php\/2021\/11\/03\/katalonski-umjetnici-u-zagrebu-s-posvetom-zrtvama-ratnih-silovanja-u-bih\/#primaryimage"},"thumbnailUrl":"https:\/\/radioljubuski.ba\/wp-content\/uploads\/2021\/11\/3-2021-11-03-14-12-33-UM.png","articleSection":["BIH i regija"],"inLanguage":"hr"},{"@type":"WebPage","@id":"https:\/\/radioljubuski.ba\/index.php\/2021\/11\/03\/katalonski-umjetnici-u-zagrebu-s-posvetom-zrtvama-ratnih-silovanja-u-bih\/","url":"https:\/\/radioljubuski.ba\/index.php\/2021\/11\/03\/katalonski-umjetnici-u-zagrebu-s-posvetom-zrtvama-ratnih-silovanja-u-bih\/","name":"Katalonski umjetnici u Zagrebu s posvetom \u017ertvama ratnih silovanja u BiH - RADIO LJUBU\u0160KI","isPartOf":{"@id":"https:\/\/radioljubuski.ba\/#website"},"primaryImageOfPage":{"@id":"https:\/\/radioljubuski.ba\/index.php\/2021\/11\/03\/katalonski-umjetnici-u-zagrebu-s-posvetom-zrtvama-ratnih-silovanja-u-bih\/#primaryimage"},"image":{"@id":"https:\/\/radioljubuski.ba\/index.php\/2021\/11\/03\/katalonski-umjetnici-u-zagrebu-s-posvetom-zrtvama-ratnih-silovanja-u-bih\/#primaryimage"},"thumbnailUrl":"https:\/\/radioljubuski.ba\/wp-content\/uploads\/2021\/11\/3-2021-11-03-14-12-33-UM.png","datePublished":"2021-11-03T18:12:35+00:00","breadcrumb":{"@id":"https:\/\/radioljubuski.ba\/index.php\/2021\/11\/03\/katalonski-umjetnici-u-zagrebu-s-posvetom-zrtvama-ratnih-silovanja-u-bih\/#breadcrumb"},"inLanguage":"hr","potentialAction":[{"@type":"ReadAction","target":["https:\/\/radioljubuski.ba\/index.php\/2021\/11\/03\/katalonski-umjetnici-u-zagrebu-s-posvetom-zrtvama-ratnih-silovanja-u-bih\/"]}]},{"@type":"ImageObject","inLanguage":"hr","@id":"https:\/\/radioljubuski.ba\/index.php\/2021\/11\/03\/katalonski-umjetnici-u-zagrebu-s-posvetom-zrtvama-ratnih-silovanja-u-bih\/#primaryimage","url":"https:\/\/radioljubuski.ba\/wp-content\/uploads\/2021\/11\/3-2021-11-03-14-12-33-UM.png","contentUrl":"https:\/\/radioljubuski.ba\/wp-content\/uploads\/2021\/11\/3-2021-11-03-14-12-33-UM.png","width":1000,"height":625},{"@type":"BreadcrumbList","@id":"https:\/\/radioljubuski.ba\/index.php\/2021\/11\/03\/katalonski-umjetnici-u-zagrebu-s-posvetom-zrtvama-ratnih-silovanja-u-bih\/#breadcrumb","itemListElement":[{"@type":"ListItem","position":1,"name":"Po\u010detna stranica","item":"https:\/\/radioljubuski.ba\/"},{"@type":"ListItem","position":2,"name":"Katalonski umjetnici u Zagrebu s posvetom \u017ertvama ratnih silovanja u BiH"}]},{"@type":"WebSite","@id":"https:\/\/radioljubuski.ba\/#website","url":"https:\/\/radioljubuski.ba\/","name":"Radio Ljubu\u0161ki","description":"Sun\u010dana frekvencija Hercegovine","publisher":{"@id":"https:\/\/radioljubuski.ba\/#organization"},"potentialAction":[{"@type":"SearchAction","target":{"@type":"EntryPoint","urlTemplate":"https:\/\/radioljubuski.ba\/?s={search_term_string}"},"query-input":{"@type":"PropertyValueSpecification","valueRequired":true,"valueName":"search_term_string"}}],"inLanguage":"hr"},{"@type":"Organization","@id":"https:\/\/radioljubuski.ba\/#organization","name":"Radio Ljubu\u0161ki","url":"https:\/\/radioljubuski.ba\/","logo":{"@type":"ImageObject","inLanguage":"hr","@id":"https:\/\/radioljubuski.ba\/#\/schema\/logo\/image\/","url":"https:\/\/radioljubuski.ba\/wp-content\/uploads\/2021\/02\/cropped-Radio_Ljubuski_logo1.jpg","contentUrl":"https:\/\/radioljubuski.ba\/wp-content\/uploads\/2021\/02\/cropped-Radio_Ljubuski_logo1.jpg","width":512,"height":512,"caption":"Radio Ljubu\u0161ki"},"image":{"@id":"https:\/\/radioljubuski.ba\/#\/schema\/logo\/image\/"},"sameAs":["https:\/\/www.facebook.com\/Radiio-Ljubuski-1490835324566332","https:\/\/x.com\/radioljubuski","https:\/\/hr.linkedin.com\/company\/radio-ljubuski","https:\/\/www.youtube.com\/channel\/UCHYaeO_n0Db3tjNGudGpXyw"]},{"@type":"Person","@id":"https:\/\/radioljubuski.ba\/#\/schema\/person\/19fc700381a780f69665d7956c469e3b","name":"Radio Ljubu\u0161ki"}]}},"_links":{"self":[{"href":"https:\/\/radioljubuski.ba\/index.php\/wp-json\/wp\/v2\/posts\/84622","targetHints":{"allow":["GET"]}}],"collection":[{"href":"https:\/\/radioljubuski.ba\/index.php\/wp-json\/wp\/v2\/posts"}],"about":[{"href":"https:\/\/radioljubuski.ba\/index.php\/wp-json\/wp\/v2\/types\/post"}],"author":[{"embeddable":true,"href":"https:\/\/radioljubuski.ba\/index.php\/wp-json\/wp\/v2\/users\/2"}],"replies":[{"embeddable":true,"href":"https:\/\/radioljubuski.ba\/index.php\/wp-json\/wp\/v2\/comments?post=84622"}],"version-history":[{"count":1,"href":"https:\/\/radioljubuski.ba\/index.php\/wp-json\/wp\/v2\/posts\/84622\/revisions"}],"predecessor-version":[{"id":84624,"href":"https:\/\/radioljubuski.ba\/index.php\/wp-json\/wp\/v2\/posts\/84622\/revisions\/84624"}],"wp:featuredmedia":[{"embeddable":true,"href":"https:\/\/radioljubuski.ba\/index.php\/wp-json\/wp\/v2\/media\/84623"}],"wp:attachment":[{"href":"https:\/\/radioljubuski.ba\/index.php\/wp-json\/wp\/v2\/media?parent=84622"}],"wp:term":[{"taxonomy":"category","embeddable":true,"href":"https:\/\/radioljubuski.ba\/index.php\/wp-json\/wp\/v2\/categories?post=84622"},{"taxonomy":"post_tag","embeddable":true,"href":"https:\/\/radioljubuski.ba\/index.php\/wp-json\/wp\/v2\/tags?post=84622"}],"curies":[{"name":"wp","href":"https:\/\/api.w.org\/{rel}","templated":true}]}}