{"id":84627,"date":"2021-11-03T19:14:43","date_gmt":"2021-11-03T18:14:43","guid":{"rendered":"https:\/\/radioljubuski.ba\/?p=84627"},"modified":"2021-11-03T19:14:44","modified_gmt":"2021-11-03T18:14:44","slug":"marino-maric-potpisao-dvogodisnji-ugovor-sa-sc-dhfk-leipzig","status":"publish","type":"post","link":"https:\/\/radioljubuski.ba\/index.php\/2021\/11\/03\/marino-maric-potpisao-dvogodisnji-ugovor-sa-sc-dhfk-leipzig\/","title":{"rendered":"Marino Mari\u0107 potpisao dvogodi\u0161nji ugovor sa SC DHfK Leipzig"},"content":{"rendered":"\n<p>Hrvatski rukometa\u0161 Marino Mari\u0107 od sljede\u0107eg ljeta napu\u0161ta MT Melsungen i seli u redove njema\u010dkog bundesliga\u0161a SC DHfK Leipzig, pi\u0161e Fenix-magazin.<\/p>\n\n\n\n<p>Na svojim mre\u017enim stranicama SC DHfK Leipzig je objavio kako je hrvatski rukometni reprezentativac potpisao dvogodi\u0161nji ugovor za klub iz Leipziga gdje dolazi kao poja\u010danje umjesto kapetana Leipziga Alena Milo\u0161evi\u0107a, koji \u0107e nakon ove sezone zavr\u0161iti rukometnu karijeru.<\/p>\n\n\n\n<p>\u2013 Jako sam sretan \u0161to \u0107emo premostiti ovaj jaz s Marinom, jer je stekao najvi\u0161u razinu iskustva u Bundesligi. On \u0107e ne samo obogatiti na\u0161u igru ve\u0107 \u0107e postati i va\u017ean izvor inspiracije za na\u0161u mladu mom\u010dad. Tako\u0111er mislim da je jako va\u017eno \u0161to nam je Marino pokazao koliko \u017eeli biti dio na\u0161eg tima. Sretan sam \u0161to smo uspjeli da Marino potpi\u0161e ugovor do 2024. godine, rekao je glavni trener Leipziga Andr\u00e9 Haber.<\/p>\n\n\n\n<p>Marino Mari\u0107 od 2014. nosi dres MT Melsungena i dobro se sje\u0107a mnogih duela s igra\u010dima svog budu\u0107eg \u201cposlodavca\u201d.<\/p>\n\n\n\n<p>\u2013 Odabrao sam Leipzig jer mislim da je SC DHfK jako dobra mom\u010dad s velikim potencijalom. Uvijek sam se jako zabavljao igraju\u0107i protiv Leipziga, ali te utakmice su uvijek bile jako naporne. Impresioniran sam timskim duhom ove mom\u010dadi i stvarno sam sretan \u0161to dolazim u Leipzig i postajem dio ove mom\u010dadi, rekao je hrvatski osvaja\u010d srebrne medalje na Europskom prvenstvu 2020. godine koji je ve\u0107 odigrao vi\u0161e od 70 utakmice za hrvatsku reprezentaciju, prenosi mre\u017ena stranica SC DHfK Leipzig<\/p>\n\n\n\n<p>U Leipzigu \u0107e se 31-godi\u0161nji Mostarac, koji je dobitnik Ve\u010dernjakove domovnice 2018. godine za najboljeg hrvatskog sporta\u0161a u iseljeni\u0161tvu, igrati s trojicom hrvatskih sunarodnjaka: s Markom Mami\u0107em, \u0160imom Ivi\u0107em i Lovrom Joti\u0107em.<\/p>\n\n\n\n<p>Veliku ulogu u realizaciji ovoga transfera imao je sportski koordinator Leipziga Philipp M\u00fcller, koji je pet godina igrao uz Mari\u0107a u Melsungenu.<\/p>\n\n\n\n<p>\u2013 Za mene je Marino jo\u0161 uvijek jedan od najboljih kru\u017enih napada\u010da u Bundesligi. Ne samo da ima puno bundesliga\u0161kog iskustva, ve\u0107 je puno toga do\u017eivio i na me\u0111unarodnoj sceni. Vjerujem da nam on mo\u017ee donijeti jo\u0161 jedan iskorak u sportskom smislu. O Marinu mogu re\u0107i i puno dobrih stvari s ljudske strane i jako se radujem radu s tim simpati\u010dnim i vrhunskim sporta\u0161em, rekao je Philipp M\u00fcller.<\/p>\n\n\n\n<p>Izvor:fenix-magazin.de<\/p>\n","protected":false},"excerpt":{"rendered":"<p>Hrvatski rukometa\u0161 Marino Mari\u0107 od sljede\u0107eg ljeta napu\u0161ta MT Melsungen i seli u redove njema\u010dkog bundesliga\u0161a SC DHfK Leipzig, pi\u0161e Fenix-magazin. Na svojim mre\u017enim stranicama SC DHfK Leipzig je objavio kako je hrvatski rukometni reprezentativac potpisao dvogodi\u0161nji ugovor za klub iz Leipziga gdje dolazi kao poja\u010danje umjesto kapetana Leipziga Alena Milo\u0161evi\u0107a, koji \u0107e nakon ove [&hellip;]<\/p>\n","protected":false},"author":2,"featured_media":84628,"comment_status":"closed","ping_status":"closed","sticky":false,"template":"","format":"standard","meta":{"h5ap_radio_sources":[],"footnotes":""},"categories":[7],"tags":[],"class_list":["post-84627","post","type-post","status-publish","format-standard","has-post-thumbnail","hentry","category-sport"],"yoast_head":"<!-- This site is optimized with the Yoast SEO plugin v27.5 - https:\/\/yoast.com\/product\/yoast-seo-wordpress\/ -->\n<title>Marino Mari\u0107 potpisao dvogodi\u0161nji ugovor sa SC DHfK Leipzig - RADIO LJUBU\u0160KI<\/title>\n<meta name=\"robots\" content=\"index, follow, max-snippet:-1, max-image-preview:large, max-video-preview:-1\" \/>\n<link rel=\"canonical\" href=\"https:\/\/radioljubuski.ba\/index.php\/2021\/11\/03\/marino-maric-potpisao-dvogodisnji-ugovor-sa-sc-dhfk-leipzig\/\" \/>\n<meta property=\"og:locale\" content=\"hr_HR\" \/>\n<meta property=\"og:type\" content=\"article\" \/>\n<meta property=\"og:title\" content=\"Marino Mari\u0107 potpisao dvogodi\u0161nji ugovor sa SC DHfK Leipzig - RADIO LJUBU\u0160KI\" \/>\n<meta property=\"og:description\" content=\"Hrvatski rukometa\u0161 Marino Mari\u0107 od sljede\u0107eg ljeta napu\u0161ta MT Melsungen i seli u redove njema\u010dkog bundesliga\u0161a SC DHfK Leipzig, pi\u0161e Fenix-magazin. Na svojim mre\u017enim stranicama SC DHfK Leipzig je objavio kako je hrvatski rukometni reprezentativac potpisao dvogodi\u0161nji ugovor za klub iz Leipziga gdje dolazi kao poja\u010danje umjesto kapetana Leipziga Alena Milo\u0161evi\u0107a, koji \u0107e nakon ove [&hellip;]\" \/>\n<meta property=\"og:url\" content=\"https:\/\/radioljubuski.ba\/index.php\/2021\/11\/03\/marino-maric-potpisao-dvogodisnji-ugovor-sa-sc-dhfk-leipzig\/\" \/>\n<meta property=\"og:site_name\" content=\"RADIO LJUBU\u0160KI\" \/>\n<meta property=\"article:publisher\" content=\"https:\/\/www.facebook.com\/Radiio-Ljubuski-1490835324566332\" \/>\n<meta property=\"article:published_time\" content=\"2021-11-03T18:14:43+00:00\" \/>\n<meta property=\"article:modified_time\" content=\"2021-11-03T18:14:44+00:00\" \/>\n<meta property=\"og:image\" content=\"https:\/\/radioljubuski.ba\/wp-content\/uploads\/2021\/11\/marino.jpg\" \/>\n\t<meta property=\"og:image:width\" content=\"1000\" \/>\n\t<meta property=\"og:image:height\" content=\"625\" \/>\n\t<meta property=\"og:image:type\" content=\"image\/jpeg\" \/>\n<meta name=\"author\" content=\"Radio Ljubu\u0161ki\" \/>\n<meta name=\"twitter:card\" content=\"summary_large_image\" \/>\n<meta name=\"twitter:creator\" content=\"@radioljubuski\" \/>\n<meta name=\"twitter:site\" content=\"@radioljubuski\" \/>\n<meta name=\"twitter:label1\" content=\"Napisao\/la\" \/>\n\t<meta name=\"twitter:data1\" content=\"Radio Ljubu\u0161ki\" \/>\n\t<meta name=\"twitter:label2\" content=\"Procijenjeno vrijeme \u010ditanja\" \/>\n\t<meta name=\"twitter:data2\" content=\"2 minute\" \/>\n<script type=\"application\/ld+json\" class=\"yoast-schema-graph\">{\"@context\":\"https:\\\/\\\/schema.org\",\"@graph\":[{\"@type\":\"Article\",\"@id\":\"https:\\\/\\\/radioljubuski.ba\\\/index.php\\\/2021\\\/11\\\/03\\\/marino-maric-potpisao-dvogodisnji-ugovor-sa-sc-dhfk-leipzig\\\/#article\",\"isPartOf\":{\"@id\":\"https:\\\/\\\/radioljubuski.ba\\\/index.php\\\/2021\\\/11\\\/03\\\/marino-maric-potpisao-dvogodisnji-ugovor-sa-sc-dhfk-leipzig\\\/\"},\"author\":{\"name\":\"Radio Ljubu\u0161ki\",\"@id\":\"https:\\\/\\\/radioljubuski.ba\\\/#\\\/schema\\\/person\\\/19fc700381a780f69665d7956c469e3b\"},\"headline\":\"Marino Mari\u0107 potpisao dvogodi\u0161nji ugovor sa SC DHfK Leipzig\",\"datePublished\":\"2021-11-03T18:14:43+00:00\",\"dateModified\":\"2021-11-03T18:14:44+00:00\",\"mainEntityOfPage\":{\"@id\":\"https:\\\/\\\/radioljubuski.ba\\\/index.php\\\/2021\\\/11\\\/03\\\/marino-maric-potpisao-dvogodisnji-ugovor-sa-sc-dhfk-leipzig\\\/\"},\"wordCount\":405,\"publisher\":{\"@id\":\"https:\\\/\\\/radioljubuski.ba\\\/#organization\"},\"image\":{\"@id\":\"https:\\\/\\\/radioljubuski.ba\\\/index.php\\\/2021\\\/11\\\/03\\\/marino-maric-potpisao-dvogodisnji-ugovor-sa-sc-dhfk-leipzig\\\/#primaryimage\"},\"thumbnailUrl\":\"https:\\\/\\\/radioljubuski.ba\\\/wp-content\\\/uploads\\\/2021\\\/11\\\/marino.jpg\",\"articleSection\":[\"\u0160port\"],\"inLanguage\":\"hr\"},{\"@type\":\"WebPage\",\"@id\":\"https:\\\/\\\/radioljubuski.ba\\\/index.php\\\/2021\\\/11\\\/03\\\/marino-maric-potpisao-dvogodisnji-ugovor-sa-sc-dhfk-leipzig\\\/\",\"url\":\"https:\\\/\\\/radioljubuski.ba\\\/index.php\\\/2021\\\/11\\\/03\\\/marino-maric-potpisao-dvogodisnji-ugovor-sa-sc-dhfk-leipzig\\\/\",\"name\":\"Marino Mari\u0107 potpisao dvogodi\u0161nji ugovor sa SC DHfK Leipzig - RADIO LJUBU\u0160KI\",\"isPartOf\":{\"@id\":\"https:\\\/\\\/radioljubuski.ba\\\/#website\"},\"primaryImageOfPage\":{\"@id\":\"https:\\\/\\\/radioljubuski.ba\\\/index.php\\\/2021\\\/11\\\/03\\\/marino-maric-potpisao-dvogodisnji-ugovor-sa-sc-dhfk-leipzig\\\/#primaryimage\"},\"image\":{\"@id\":\"https:\\\/\\\/radioljubuski.ba\\\/index.php\\\/2021\\\/11\\\/03\\\/marino-maric-potpisao-dvogodisnji-ugovor-sa-sc-dhfk-leipzig\\\/#primaryimage\"},\"thumbnailUrl\":\"https:\\\/\\\/radioljubuski.ba\\\/wp-content\\\/uploads\\\/2021\\\/11\\\/marino.jpg\",\"datePublished\":\"2021-11-03T18:14:43+00:00\",\"dateModified\":\"2021-11-03T18:14:44+00:00\",\"breadcrumb\":{\"@id\":\"https:\\\/\\\/radioljubuski.ba\\\/index.php\\\/2021\\\/11\\\/03\\\/marino-maric-potpisao-dvogodisnji-ugovor-sa-sc-dhfk-leipzig\\\/#breadcrumb\"},\"inLanguage\":\"hr\",\"potentialAction\":[{\"@type\":\"ReadAction\",\"target\":[\"https:\\\/\\\/radioljubuski.ba\\\/index.php\\\/2021\\\/11\\\/03\\\/marino-maric-potpisao-dvogodisnji-ugovor-sa-sc-dhfk-leipzig\\\/\"]}]},{\"@type\":\"ImageObject\",\"inLanguage\":\"hr\",\"@id\":\"https:\\\/\\\/radioljubuski.ba\\\/index.php\\\/2021\\\/11\\\/03\\\/marino-maric-potpisao-dvogodisnji-ugovor-sa-sc-dhfk-leipzig\\\/#primaryimage\",\"url\":\"https:\\\/\\\/radioljubuski.ba\\\/wp-content\\\/uploads\\\/2021\\\/11\\\/marino.jpg\",\"contentUrl\":\"https:\\\/\\\/radioljubuski.ba\\\/wp-content\\\/uploads\\\/2021\\\/11\\\/marino.jpg\",\"width\":1000,\"height\":625},{\"@type\":\"BreadcrumbList\",\"@id\":\"https:\\\/\\\/radioljubuski.ba\\\/index.php\\\/2021\\\/11\\\/03\\\/marino-maric-potpisao-dvogodisnji-ugovor-sa-sc-dhfk-leipzig\\\/#breadcrumb\",\"itemListElement\":[{\"@type\":\"ListItem\",\"position\":1,\"name\":\"Po\u010detna stranica\",\"item\":\"https:\\\/\\\/radioljubuski.ba\\\/\"},{\"@type\":\"ListItem\",\"position\":2,\"name\":\"Marino Mari\u0107 potpisao dvogodi\u0161nji ugovor sa SC DHfK Leipzig\"}]},{\"@type\":\"WebSite\",\"@id\":\"https:\\\/\\\/radioljubuski.ba\\\/#website\",\"url\":\"https:\\\/\\\/radioljubuski.ba\\\/\",\"name\":\"Radio Ljubu\u0161ki\",\"description\":\"Sun\u010dana frekvencija Hercegovine\",\"publisher\":{\"@id\":\"https:\\\/\\\/radioljubuski.ba\\\/#organization\"},\"potentialAction\":[{\"@type\":\"SearchAction\",\"target\":{\"@type\":\"EntryPoint\",\"urlTemplate\":\"https:\\\/\\\/radioljubuski.ba\\\/?s={search_term_string}\"},\"query-input\":{\"@type\":\"PropertyValueSpecification\",\"valueRequired\":true,\"valueName\":\"search_term_string\"}}],\"inLanguage\":\"hr\"},{\"@type\":\"Organization\",\"@id\":\"https:\\\/\\\/radioljubuski.ba\\\/#organization\",\"name\":\"Radio Ljubu\u0161ki\",\"url\":\"https:\\\/\\\/radioljubuski.ba\\\/\",\"logo\":{\"@type\":\"ImageObject\",\"inLanguage\":\"hr\",\"@id\":\"https:\\\/\\\/radioljubuski.ba\\\/#\\\/schema\\\/logo\\\/image\\\/\",\"url\":\"https:\\\/\\\/radioljubuski.ba\\\/wp-content\\\/uploads\\\/2021\\\/02\\\/cropped-Radio_Ljubuski_logo1.jpg\",\"contentUrl\":\"https:\\\/\\\/radioljubuski.ba\\\/wp-content\\\/uploads\\\/2021\\\/02\\\/cropped-Radio_Ljubuski_logo1.jpg\",\"width\":512,\"height\":512,\"caption\":\"Radio Ljubu\u0161ki\"},\"image\":{\"@id\":\"https:\\\/\\\/radioljubuski.ba\\\/#\\\/schema\\\/logo\\\/image\\\/\"},\"sameAs\":[\"https:\\\/\\\/www.facebook.com\\\/Radiio-Ljubuski-1490835324566332\",\"https:\\\/\\\/x.com\\\/radioljubuski\",\"https:\\\/\\\/hr.linkedin.com\\\/company\\\/radio-ljubuski\",\"https:\\\/\\\/www.youtube.com\\\/channel\\\/UCHYaeO_n0Db3tjNGudGpXyw\"]},{\"@type\":\"Person\",\"@id\":\"https:\\\/\\\/radioljubuski.ba\\\/#\\\/schema\\\/person\\\/19fc700381a780f69665d7956c469e3b\",\"name\":\"Radio Ljubu\u0161ki\"}]}<\/script>\n<!-- \/ Yoast SEO plugin. -->","yoast_head_json":{"title":"Marino Mari\u0107 potpisao dvogodi\u0161nji ugovor sa SC DHfK Leipzig - RADIO LJUBU\u0160KI","robots":{"index":"index","follow":"follow","max-snippet":"max-snippet:-1","max-image-preview":"max-image-preview:large","max-video-preview":"max-video-preview:-1"},"canonical":"https:\/\/radioljubuski.ba\/index.php\/2021\/11\/03\/marino-maric-potpisao-dvogodisnji-ugovor-sa-sc-dhfk-leipzig\/","og_locale":"hr_HR","og_type":"article","og_title":"Marino Mari\u0107 potpisao dvogodi\u0161nji ugovor sa SC DHfK Leipzig - RADIO LJUBU\u0160KI","og_description":"Hrvatski rukometa\u0161 Marino Mari\u0107 od sljede\u0107eg ljeta napu\u0161ta MT Melsungen i seli u redove njema\u010dkog bundesliga\u0161a SC DHfK Leipzig, pi\u0161e Fenix-magazin. Na svojim mre\u017enim stranicama SC DHfK Leipzig je objavio kako je hrvatski rukometni reprezentativac potpisao dvogodi\u0161nji ugovor za klub iz Leipziga gdje dolazi kao poja\u010danje umjesto kapetana Leipziga Alena Milo\u0161evi\u0107a, koji \u0107e nakon ove [&hellip;]","og_url":"https:\/\/radioljubuski.ba\/index.php\/2021\/11\/03\/marino-maric-potpisao-dvogodisnji-ugovor-sa-sc-dhfk-leipzig\/","og_site_name":"RADIO LJUBU\u0160KI","article_publisher":"https:\/\/www.facebook.com\/Radiio-Ljubuski-1490835324566332","article_published_time":"2021-11-03T18:14:43+00:00","article_modified_time":"2021-11-03T18:14:44+00:00","og_image":[{"width":1000,"height":625,"url":"https:\/\/radioljubuski.ba\/wp-content\/uploads\/2021\/11\/marino.jpg","type":"image\/jpeg"}],"author":"Radio Ljubu\u0161ki","twitter_card":"summary_large_image","twitter_creator":"@radioljubuski","twitter_site":"@radioljubuski","twitter_misc":{"Napisao\/la":"Radio Ljubu\u0161ki","Procijenjeno vrijeme \u010ditanja":"2 minute"},"schema":{"@context":"https:\/\/schema.org","@graph":[{"@type":"Article","@id":"https:\/\/radioljubuski.ba\/index.php\/2021\/11\/03\/marino-maric-potpisao-dvogodisnji-ugovor-sa-sc-dhfk-leipzig\/#article","isPartOf":{"@id":"https:\/\/radioljubuski.ba\/index.php\/2021\/11\/03\/marino-maric-potpisao-dvogodisnji-ugovor-sa-sc-dhfk-leipzig\/"},"author":{"name":"Radio Ljubu\u0161ki","@id":"https:\/\/radioljubuski.ba\/#\/schema\/person\/19fc700381a780f69665d7956c469e3b"},"headline":"Marino Mari\u0107 potpisao dvogodi\u0161nji ugovor sa SC DHfK Leipzig","datePublished":"2021-11-03T18:14:43+00:00","dateModified":"2021-11-03T18:14:44+00:00","mainEntityOfPage":{"@id":"https:\/\/radioljubuski.ba\/index.php\/2021\/11\/03\/marino-maric-potpisao-dvogodisnji-ugovor-sa-sc-dhfk-leipzig\/"},"wordCount":405,"publisher":{"@id":"https:\/\/radioljubuski.ba\/#organization"},"image":{"@id":"https:\/\/radioljubuski.ba\/index.php\/2021\/11\/03\/marino-maric-potpisao-dvogodisnji-ugovor-sa-sc-dhfk-leipzig\/#primaryimage"},"thumbnailUrl":"https:\/\/radioljubuski.ba\/wp-content\/uploads\/2021\/11\/marino.jpg","articleSection":["\u0160port"],"inLanguage":"hr"},{"@type":"WebPage","@id":"https:\/\/radioljubuski.ba\/index.php\/2021\/11\/03\/marino-maric-potpisao-dvogodisnji-ugovor-sa-sc-dhfk-leipzig\/","url":"https:\/\/radioljubuski.ba\/index.php\/2021\/11\/03\/marino-maric-potpisao-dvogodisnji-ugovor-sa-sc-dhfk-leipzig\/","name":"Marino Mari\u0107 potpisao dvogodi\u0161nji ugovor sa SC DHfK Leipzig - RADIO LJUBU\u0160KI","isPartOf":{"@id":"https:\/\/radioljubuski.ba\/#website"},"primaryImageOfPage":{"@id":"https:\/\/radioljubuski.ba\/index.php\/2021\/11\/03\/marino-maric-potpisao-dvogodisnji-ugovor-sa-sc-dhfk-leipzig\/#primaryimage"},"image":{"@id":"https:\/\/radioljubuski.ba\/index.php\/2021\/11\/03\/marino-maric-potpisao-dvogodisnji-ugovor-sa-sc-dhfk-leipzig\/#primaryimage"},"thumbnailUrl":"https:\/\/radioljubuski.ba\/wp-content\/uploads\/2021\/11\/marino.jpg","datePublished":"2021-11-03T18:14:43+00:00","dateModified":"2021-11-03T18:14:44+00:00","breadcrumb":{"@id":"https:\/\/radioljubuski.ba\/index.php\/2021\/11\/03\/marino-maric-potpisao-dvogodisnji-ugovor-sa-sc-dhfk-leipzig\/#breadcrumb"},"inLanguage":"hr","potentialAction":[{"@type":"ReadAction","target":["https:\/\/radioljubuski.ba\/index.php\/2021\/11\/03\/marino-maric-potpisao-dvogodisnji-ugovor-sa-sc-dhfk-leipzig\/"]}]},{"@type":"ImageObject","inLanguage":"hr","@id":"https:\/\/radioljubuski.ba\/index.php\/2021\/11\/03\/marino-maric-potpisao-dvogodisnji-ugovor-sa-sc-dhfk-leipzig\/#primaryimage","url":"https:\/\/radioljubuski.ba\/wp-content\/uploads\/2021\/11\/marino.jpg","contentUrl":"https:\/\/radioljubuski.ba\/wp-content\/uploads\/2021\/11\/marino.jpg","width":1000,"height":625},{"@type":"BreadcrumbList","@id":"https:\/\/radioljubuski.ba\/index.php\/2021\/11\/03\/marino-maric-potpisao-dvogodisnji-ugovor-sa-sc-dhfk-leipzig\/#breadcrumb","itemListElement":[{"@type":"ListItem","position":1,"name":"Po\u010detna stranica","item":"https:\/\/radioljubuski.ba\/"},{"@type":"ListItem","position":2,"name":"Marino Mari\u0107 potpisao dvogodi\u0161nji ugovor sa SC DHfK Leipzig"}]},{"@type":"WebSite","@id":"https:\/\/radioljubuski.ba\/#website","url":"https:\/\/radioljubuski.ba\/","name":"Radio Ljubu\u0161ki","description":"Sun\u010dana frekvencija Hercegovine","publisher":{"@id":"https:\/\/radioljubuski.ba\/#organization"},"potentialAction":[{"@type":"SearchAction","target":{"@type":"EntryPoint","urlTemplate":"https:\/\/radioljubuski.ba\/?s={search_term_string}"},"query-input":{"@type":"PropertyValueSpecification","valueRequired":true,"valueName":"search_term_string"}}],"inLanguage":"hr"},{"@type":"Organization","@id":"https:\/\/radioljubuski.ba\/#organization","name":"Radio Ljubu\u0161ki","url":"https:\/\/radioljubuski.ba\/","logo":{"@type":"ImageObject","inLanguage":"hr","@id":"https:\/\/radioljubuski.ba\/#\/schema\/logo\/image\/","url":"https:\/\/radioljubuski.ba\/wp-content\/uploads\/2021\/02\/cropped-Radio_Ljubuski_logo1.jpg","contentUrl":"https:\/\/radioljubuski.ba\/wp-content\/uploads\/2021\/02\/cropped-Radio_Ljubuski_logo1.jpg","width":512,"height":512,"caption":"Radio Ljubu\u0161ki"},"image":{"@id":"https:\/\/radioljubuski.ba\/#\/schema\/logo\/image\/"},"sameAs":["https:\/\/www.facebook.com\/Radiio-Ljubuski-1490835324566332","https:\/\/x.com\/radioljubuski","https:\/\/hr.linkedin.com\/company\/radio-ljubuski","https:\/\/www.youtube.com\/channel\/UCHYaeO_n0Db3tjNGudGpXyw"]},{"@type":"Person","@id":"https:\/\/radioljubuski.ba\/#\/schema\/person\/19fc700381a780f69665d7956c469e3b","name":"Radio Ljubu\u0161ki"}]}},"_links":{"self":[{"href":"https:\/\/radioljubuski.ba\/index.php\/wp-json\/wp\/v2\/posts\/84627","targetHints":{"allow":["GET"]}}],"collection":[{"href":"https:\/\/radioljubuski.ba\/index.php\/wp-json\/wp\/v2\/posts"}],"about":[{"href":"https:\/\/radioljubuski.ba\/index.php\/wp-json\/wp\/v2\/types\/post"}],"author":[{"embeddable":true,"href":"https:\/\/radioljubuski.ba\/index.php\/wp-json\/wp\/v2\/users\/2"}],"replies":[{"embeddable":true,"href":"https:\/\/radioljubuski.ba\/index.php\/wp-json\/wp\/v2\/comments?post=84627"}],"version-history":[{"count":1,"href":"https:\/\/radioljubuski.ba\/index.php\/wp-json\/wp\/v2\/posts\/84627\/revisions"}],"predecessor-version":[{"id":84629,"href":"https:\/\/radioljubuski.ba\/index.php\/wp-json\/wp\/v2\/posts\/84627\/revisions\/84629"}],"wp:featuredmedia":[{"embeddable":true,"href":"https:\/\/radioljubuski.ba\/index.php\/wp-json\/wp\/v2\/media\/84628"}],"wp:attachment":[{"href":"https:\/\/radioljubuski.ba\/index.php\/wp-json\/wp\/v2\/media?parent=84627"}],"wp:term":[{"taxonomy":"category","embeddable":true,"href":"https:\/\/radioljubuski.ba\/index.php\/wp-json\/wp\/v2\/categories?post=84627"},{"taxonomy":"post_tag","embeddable":true,"href":"https:\/\/radioljubuski.ba\/index.php\/wp-json\/wp\/v2\/tags?post=84627"}],"curies":[{"name":"wp","href":"https:\/\/api.w.org\/{rel}","templated":true}]}}