{"id":84630,"date":"2021-11-03T19:15:42","date_gmt":"2021-11-03T18:15:42","guid":{"rendered":"https:\/\/radioljubuski.ba\/?p=84630"},"modified":"2021-11-03T19:15:43","modified_gmt":"2021-11-03T18:15:43","slug":"sarajevo-sattler-i-nelson-sutra-na-pokretanju-skupstine-gradana-bih","status":"publish","type":"post","link":"https:\/\/radioljubuski.ba\/index.php\/2021\/11\/03\/sarajevo-sattler-i-nelson-sutra-na-pokretanju-skupstine-gradana-bih\/","title":{"rendered":"Sarajevo: Sattler i Nelson sutra na pokretanju Skup\u0161tine gra\u0111ana BiH"},"content":{"rendered":"\n<p>EU u BiH je pokrenula Skup\u0161tinu gra\u0111ana, inovativni model deliberativne demokratije, koji nudi jedinstvenu priliku gra\u0111anima u BiH da izravno izraze svoje stavove o ustavnim i izbornim reformama, da preporu\u010de konkretna rje\u0161enja za eliminaciju diskriminatornih odredbi Ustava BiH i za unapre\u0111enje Izbornog zakona.<\/p>\n\n\n\n<p>Ovaj proces se zasniva na dva kruga slu\u010dajnog odabira gra\u0111ana kao reprezentativnog uzorka stanovni\u0161tva zemlje. Tijekom pripremne faze procesa, koja je zavr\u0161ena u kolovozu ove godine, obavljen je prvi krug. Pismo koje su potpisali veleposlanici EU, SAD-a i Misije OSCE-a u BiH, upu\u0107eno je na 4.000 slu\u010dajno odabranih doma\u0107instava, pozivaju\u0107i gra\u0111ane da iska\u017eu svoj interes za u\u010de\u0161\u0107e u Skup\u0161tini gra\u0111ana BiH registracijom putem web stranice www.skupstinagradjana.ba.<\/p>\n\n\n\n<p>Drugi krug slu\u010dajnog odabira gra\u0111ana \u0107e se odr\u017eati u \u010detvrtak, 4. studenog 2021. godine u Sarajevu, u Me\u0111unarodnom centru za djecu i mlade na Grbavici (Kemala Kapetanovi\u0107a 17), mjestu koje je prilago\u0111eno mjerama Covid-19. Me\u0111u onima koji su se prijavili za u\u010de\u0161\u0107e u Skup\u0161tini gra\u0111ana BiH, kona\u010dna grupa od ukupno 57 \u010dlanova Skup\u0161tine \u0107e biti slu\u010dajno odabrana uz pomo\u0107 kompjuterskog softvera i izvla\u010denja.<\/p>\n\n\n\n<p>Prije po\u010detka doga\u0111aja, u 11.00 sati, bit \u0107e uprili\u010dene izjave za medije veleposlanika EU u BiH Johanna Sattlera, veleposlanika SAD u BiH Erica Nelsona i zamjenika \u0161efa Misije OSCE-a u BiH Dmitrija Iordanidija.&nbsp;<\/p>\n\n\n\n<p>Sami doga\u0111aj \u0107e po\u010deti u 11.30 sati, a bit \u0107e otvoren za javnost (u\u017eivo prijenos) i medije putem Facebook stranice EU u BiH, Facebook stranice doga\u0111aja kao\u200b i Zoom platforme na linku: &nbsp;VIDEO ID: 820 3287 7441; Passcode: Skupstina1).&nbsp;<\/p>\n\n\n\n<p>Izvor:pogled.ba<\/p>\n","protected":false},"excerpt":{"rendered":"<p>EU u BiH je pokrenula Skup\u0161tinu gra\u0111ana, inovativni model deliberativne demokratije, koji nudi jedinstvenu priliku gra\u0111anima u BiH da izravno izraze svoje stavove o ustavnim i izbornim reformama, da preporu\u010de konkretna rje\u0161enja za eliminaciju diskriminatornih odredbi Ustava BiH i za unapre\u0111enje Izbornog zakona. Ovaj proces se zasniva na dva kruga slu\u010dajnog odabira gra\u0111ana kao reprezentativnog [&hellip;]<\/p>\n","protected":false},"author":2,"featured_media":84631,"comment_status":"closed","ping_status":"closed","sticky":false,"template":"","format":"standard","meta":{"h5ap_radio_sources":[],"footnotes":""},"categories":[1],"tags":[],"class_list":["post-84630","post","type-post","status-publish","format-standard","has-post-thumbnail","hentry","category-bihiregija"],"yoast_head":"<!-- This site is optimized with the Yoast SEO plugin v27.5 - https:\/\/yoast.com\/product\/yoast-seo-wordpress\/ -->\n<title>Sarajevo: Sattler i Nelson sutra na pokretanju Skup\u0161tine gra\u0111ana BiH - RADIO LJUBU\u0160KI<\/title>\n<meta name=\"robots\" content=\"index, follow, max-snippet:-1, max-image-preview:large, max-video-preview:-1\" \/>\n<link rel=\"canonical\" href=\"https:\/\/radioljubuski.ba\/index.php\/2021\/11\/03\/sarajevo-sattler-i-nelson-sutra-na-pokretanju-skupstine-gradana-bih\/\" \/>\n<meta property=\"og:locale\" content=\"hr_HR\" \/>\n<meta property=\"og:type\" content=\"article\" \/>\n<meta property=\"og:title\" content=\"Sarajevo: Sattler i Nelson sutra na pokretanju Skup\u0161tine gra\u0111ana BiH - RADIO LJUBU\u0160KI\" \/>\n<meta property=\"og:description\" content=\"EU u BiH je pokrenula Skup\u0161tinu gra\u0111ana, inovativni model deliberativne demokratije, koji nudi jedinstvenu priliku gra\u0111anima u BiH da izravno izraze svoje stavove o ustavnim i izbornim reformama, da preporu\u010de konkretna rje\u0161enja za eliminaciju diskriminatornih odredbi Ustava BiH i za unapre\u0111enje Izbornog zakona. Ovaj proces se zasniva na dva kruga slu\u010dajnog odabira gra\u0111ana kao reprezentativnog [&hellip;]\" \/>\n<meta property=\"og:url\" content=\"https:\/\/radioljubuski.ba\/index.php\/2021\/11\/03\/sarajevo-sattler-i-nelson-sutra-na-pokretanju-skupstine-gradana-bih\/\" \/>\n<meta property=\"og:site_name\" content=\"RADIO LJUBU\u0160KI\" \/>\n<meta property=\"article:publisher\" content=\"https:\/\/www.facebook.com\/Radiio-Ljubuski-1490835324566332\" \/>\n<meta property=\"article:published_time\" content=\"2021-11-03T18:15:42+00:00\" \/>\n<meta property=\"article:modified_time\" content=\"2021-11-03T18:15:43+00:00\" \/>\n<meta property=\"og:image\" content=\"https:\/\/radioljubuski.ba\/wp-content\/uploads\/2021\/11\/10-2021-11-03-16-53-16-fefneie.jpg\" \/>\n\t<meta property=\"og:image:width\" content=\"1000\" \/>\n\t<meta property=\"og:image:height\" content=\"625\" \/>\n\t<meta property=\"og:image:type\" content=\"image\/jpeg\" \/>\n<meta name=\"author\" content=\"Radio Ljubu\u0161ki\" \/>\n<meta name=\"twitter:card\" content=\"summary_large_image\" \/>\n<meta name=\"twitter:creator\" content=\"@radioljubuski\" \/>\n<meta name=\"twitter:site\" content=\"@radioljubuski\" \/>\n<meta name=\"twitter:label1\" content=\"Napisao\/la\" \/>\n\t<meta name=\"twitter:data1\" content=\"Radio Ljubu\u0161ki\" \/>\n\t<meta name=\"twitter:label2\" content=\"Procijenjeno vrijeme \u010ditanja\" \/>\n\t<meta name=\"twitter:data2\" content=\"2 minute\" \/>\n<script type=\"application\/ld+json\" class=\"yoast-schema-graph\">{\"@context\":\"https:\\\/\\\/schema.org\",\"@graph\":[{\"@type\":\"Article\",\"@id\":\"https:\\\/\\\/radioljubuski.ba\\\/index.php\\\/2021\\\/11\\\/03\\\/sarajevo-sattler-i-nelson-sutra-na-pokretanju-skupstine-gradana-bih\\\/#article\",\"isPartOf\":{\"@id\":\"https:\\\/\\\/radioljubuski.ba\\\/index.php\\\/2021\\\/11\\\/03\\\/sarajevo-sattler-i-nelson-sutra-na-pokretanju-skupstine-gradana-bih\\\/\"},\"author\":{\"name\":\"Radio Ljubu\u0161ki\",\"@id\":\"https:\\\/\\\/radioljubuski.ba\\\/#\\\/schema\\\/person\\\/19fc700381a780f69665d7956c469e3b\"},\"headline\":\"Sarajevo: Sattler i Nelson sutra na pokretanju Skup\u0161tine gra\u0111ana BiH\",\"datePublished\":\"2021-11-03T18:15:42+00:00\",\"dateModified\":\"2021-11-03T18:15:43+00:00\",\"mainEntityOfPage\":{\"@id\":\"https:\\\/\\\/radioljubuski.ba\\\/index.php\\\/2021\\\/11\\\/03\\\/sarajevo-sattler-i-nelson-sutra-na-pokretanju-skupstine-gradana-bih\\\/\"},\"wordCount\":296,\"publisher\":{\"@id\":\"https:\\\/\\\/radioljubuski.ba\\\/#organization\"},\"image\":{\"@id\":\"https:\\\/\\\/radioljubuski.ba\\\/index.php\\\/2021\\\/11\\\/03\\\/sarajevo-sattler-i-nelson-sutra-na-pokretanju-skupstine-gradana-bih\\\/#primaryimage\"},\"thumbnailUrl\":\"https:\\\/\\\/radioljubuski.ba\\\/wp-content\\\/uploads\\\/2021\\\/11\\\/10-2021-11-03-16-53-16-fefneie.jpg\",\"articleSection\":[\"BIH i regija\"],\"inLanguage\":\"hr\"},{\"@type\":\"WebPage\",\"@id\":\"https:\\\/\\\/radioljubuski.ba\\\/index.php\\\/2021\\\/11\\\/03\\\/sarajevo-sattler-i-nelson-sutra-na-pokretanju-skupstine-gradana-bih\\\/\",\"url\":\"https:\\\/\\\/radioljubuski.ba\\\/index.php\\\/2021\\\/11\\\/03\\\/sarajevo-sattler-i-nelson-sutra-na-pokretanju-skupstine-gradana-bih\\\/\",\"name\":\"Sarajevo: Sattler i Nelson sutra na pokretanju Skup\u0161tine gra\u0111ana BiH - RADIO LJUBU\u0160KI\",\"isPartOf\":{\"@id\":\"https:\\\/\\\/radioljubuski.ba\\\/#website\"},\"primaryImageOfPage\":{\"@id\":\"https:\\\/\\\/radioljubuski.ba\\\/index.php\\\/2021\\\/11\\\/03\\\/sarajevo-sattler-i-nelson-sutra-na-pokretanju-skupstine-gradana-bih\\\/#primaryimage\"},\"image\":{\"@id\":\"https:\\\/\\\/radioljubuski.ba\\\/index.php\\\/2021\\\/11\\\/03\\\/sarajevo-sattler-i-nelson-sutra-na-pokretanju-skupstine-gradana-bih\\\/#primaryimage\"},\"thumbnailUrl\":\"https:\\\/\\\/radioljubuski.ba\\\/wp-content\\\/uploads\\\/2021\\\/11\\\/10-2021-11-03-16-53-16-fefneie.jpg\",\"datePublished\":\"2021-11-03T18:15:42+00:00\",\"dateModified\":\"2021-11-03T18:15:43+00:00\",\"breadcrumb\":{\"@id\":\"https:\\\/\\\/radioljubuski.ba\\\/index.php\\\/2021\\\/11\\\/03\\\/sarajevo-sattler-i-nelson-sutra-na-pokretanju-skupstine-gradana-bih\\\/#breadcrumb\"},\"inLanguage\":\"hr\",\"potentialAction\":[{\"@type\":\"ReadAction\",\"target\":[\"https:\\\/\\\/radioljubuski.ba\\\/index.php\\\/2021\\\/11\\\/03\\\/sarajevo-sattler-i-nelson-sutra-na-pokretanju-skupstine-gradana-bih\\\/\"]}]},{\"@type\":\"ImageObject\",\"inLanguage\":\"hr\",\"@id\":\"https:\\\/\\\/radioljubuski.ba\\\/index.php\\\/2021\\\/11\\\/03\\\/sarajevo-sattler-i-nelson-sutra-na-pokretanju-skupstine-gradana-bih\\\/#primaryimage\",\"url\":\"https:\\\/\\\/radioljubuski.ba\\\/wp-content\\\/uploads\\\/2021\\\/11\\\/10-2021-11-03-16-53-16-fefneie.jpg\",\"contentUrl\":\"https:\\\/\\\/radioljubuski.ba\\\/wp-content\\\/uploads\\\/2021\\\/11\\\/10-2021-11-03-16-53-16-fefneie.jpg\",\"width\":1000,\"height\":625},{\"@type\":\"BreadcrumbList\",\"@id\":\"https:\\\/\\\/radioljubuski.ba\\\/index.php\\\/2021\\\/11\\\/03\\\/sarajevo-sattler-i-nelson-sutra-na-pokretanju-skupstine-gradana-bih\\\/#breadcrumb\",\"itemListElement\":[{\"@type\":\"ListItem\",\"position\":1,\"name\":\"Po\u010detna stranica\",\"item\":\"https:\\\/\\\/radioljubuski.ba\\\/\"},{\"@type\":\"ListItem\",\"position\":2,\"name\":\"Sarajevo: Sattler i Nelson sutra na pokretanju Skup\u0161tine gra\u0111ana BiH\"}]},{\"@type\":\"WebSite\",\"@id\":\"https:\\\/\\\/radioljubuski.ba\\\/#website\",\"url\":\"https:\\\/\\\/radioljubuski.ba\\\/\",\"name\":\"Radio Ljubu\u0161ki\",\"description\":\"Sun\u010dana frekvencija Hercegovine\",\"publisher\":{\"@id\":\"https:\\\/\\\/radioljubuski.ba\\\/#organization\"},\"potentialAction\":[{\"@type\":\"SearchAction\",\"target\":{\"@type\":\"EntryPoint\",\"urlTemplate\":\"https:\\\/\\\/radioljubuski.ba\\\/?s={search_term_string}\"},\"query-input\":{\"@type\":\"PropertyValueSpecification\",\"valueRequired\":true,\"valueName\":\"search_term_string\"}}],\"inLanguage\":\"hr\"},{\"@type\":\"Organization\",\"@id\":\"https:\\\/\\\/radioljubuski.ba\\\/#organization\",\"name\":\"Radio Ljubu\u0161ki\",\"url\":\"https:\\\/\\\/radioljubuski.ba\\\/\",\"logo\":{\"@type\":\"ImageObject\",\"inLanguage\":\"hr\",\"@id\":\"https:\\\/\\\/radioljubuski.ba\\\/#\\\/schema\\\/logo\\\/image\\\/\",\"url\":\"https:\\\/\\\/radioljubuski.ba\\\/wp-content\\\/uploads\\\/2021\\\/02\\\/cropped-Radio_Ljubuski_logo1.jpg\",\"contentUrl\":\"https:\\\/\\\/radioljubuski.ba\\\/wp-content\\\/uploads\\\/2021\\\/02\\\/cropped-Radio_Ljubuski_logo1.jpg\",\"width\":512,\"height\":512,\"caption\":\"Radio Ljubu\u0161ki\"},\"image\":{\"@id\":\"https:\\\/\\\/radioljubuski.ba\\\/#\\\/schema\\\/logo\\\/image\\\/\"},\"sameAs\":[\"https:\\\/\\\/www.facebook.com\\\/Radiio-Ljubuski-1490835324566332\",\"https:\\\/\\\/x.com\\\/radioljubuski\",\"https:\\\/\\\/hr.linkedin.com\\\/company\\\/radio-ljubuski\",\"https:\\\/\\\/www.youtube.com\\\/channel\\\/UCHYaeO_n0Db3tjNGudGpXyw\"]},{\"@type\":\"Person\",\"@id\":\"https:\\\/\\\/radioljubuski.ba\\\/#\\\/schema\\\/person\\\/19fc700381a780f69665d7956c469e3b\",\"name\":\"Radio Ljubu\u0161ki\"}]}<\/script>\n<!-- \/ Yoast SEO plugin. -->","yoast_head_json":{"title":"Sarajevo: Sattler i Nelson sutra na pokretanju Skup\u0161tine gra\u0111ana BiH - RADIO LJUBU\u0160KI","robots":{"index":"index","follow":"follow","max-snippet":"max-snippet:-1","max-image-preview":"max-image-preview:large","max-video-preview":"max-video-preview:-1"},"canonical":"https:\/\/radioljubuski.ba\/index.php\/2021\/11\/03\/sarajevo-sattler-i-nelson-sutra-na-pokretanju-skupstine-gradana-bih\/","og_locale":"hr_HR","og_type":"article","og_title":"Sarajevo: Sattler i Nelson sutra na pokretanju Skup\u0161tine gra\u0111ana BiH - RADIO LJUBU\u0160KI","og_description":"EU u BiH je pokrenula Skup\u0161tinu gra\u0111ana, inovativni model deliberativne demokratije, koji nudi jedinstvenu priliku gra\u0111anima u BiH da izravno izraze svoje stavove o ustavnim i izbornim reformama, da preporu\u010de konkretna rje\u0161enja za eliminaciju diskriminatornih odredbi Ustava BiH i za unapre\u0111enje Izbornog zakona. Ovaj proces se zasniva na dva kruga slu\u010dajnog odabira gra\u0111ana kao reprezentativnog [&hellip;]","og_url":"https:\/\/radioljubuski.ba\/index.php\/2021\/11\/03\/sarajevo-sattler-i-nelson-sutra-na-pokretanju-skupstine-gradana-bih\/","og_site_name":"RADIO LJUBU\u0160KI","article_publisher":"https:\/\/www.facebook.com\/Radiio-Ljubuski-1490835324566332","article_published_time":"2021-11-03T18:15:42+00:00","article_modified_time":"2021-11-03T18:15:43+00:00","og_image":[{"width":1000,"height":625,"url":"https:\/\/radioljubuski.ba\/wp-content\/uploads\/2021\/11\/10-2021-11-03-16-53-16-fefneie.jpg","type":"image\/jpeg"}],"author":"Radio Ljubu\u0161ki","twitter_card":"summary_large_image","twitter_creator":"@radioljubuski","twitter_site":"@radioljubuski","twitter_misc":{"Napisao\/la":"Radio Ljubu\u0161ki","Procijenjeno vrijeme \u010ditanja":"2 minute"},"schema":{"@context":"https:\/\/schema.org","@graph":[{"@type":"Article","@id":"https:\/\/radioljubuski.ba\/index.php\/2021\/11\/03\/sarajevo-sattler-i-nelson-sutra-na-pokretanju-skupstine-gradana-bih\/#article","isPartOf":{"@id":"https:\/\/radioljubuski.ba\/index.php\/2021\/11\/03\/sarajevo-sattler-i-nelson-sutra-na-pokretanju-skupstine-gradana-bih\/"},"author":{"name":"Radio Ljubu\u0161ki","@id":"https:\/\/radioljubuski.ba\/#\/schema\/person\/19fc700381a780f69665d7956c469e3b"},"headline":"Sarajevo: Sattler i Nelson sutra na pokretanju Skup\u0161tine gra\u0111ana BiH","datePublished":"2021-11-03T18:15:42+00:00","dateModified":"2021-11-03T18:15:43+00:00","mainEntityOfPage":{"@id":"https:\/\/radioljubuski.ba\/index.php\/2021\/11\/03\/sarajevo-sattler-i-nelson-sutra-na-pokretanju-skupstine-gradana-bih\/"},"wordCount":296,"publisher":{"@id":"https:\/\/radioljubuski.ba\/#organization"},"image":{"@id":"https:\/\/radioljubuski.ba\/index.php\/2021\/11\/03\/sarajevo-sattler-i-nelson-sutra-na-pokretanju-skupstine-gradana-bih\/#primaryimage"},"thumbnailUrl":"https:\/\/radioljubuski.ba\/wp-content\/uploads\/2021\/11\/10-2021-11-03-16-53-16-fefneie.jpg","articleSection":["BIH i regija"],"inLanguage":"hr"},{"@type":"WebPage","@id":"https:\/\/radioljubuski.ba\/index.php\/2021\/11\/03\/sarajevo-sattler-i-nelson-sutra-na-pokretanju-skupstine-gradana-bih\/","url":"https:\/\/radioljubuski.ba\/index.php\/2021\/11\/03\/sarajevo-sattler-i-nelson-sutra-na-pokretanju-skupstine-gradana-bih\/","name":"Sarajevo: Sattler i Nelson sutra na pokretanju Skup\u0161tine gra\u0111ana BiH - RADIO LJUBU\u0160KI","isPartOf":{"@id":"https:\/\/radioljubuski.ba\/#website"},"primaryImageOfPage":{"@id":"https:\/\/radioljubuski.ba\/index.php\/2021\/11\/03\/sarajevo-sattler-i-nelson-sutra-na-pokretanju-skupstine-gradana-bih\/#primaryimage"},"image":{"@id":"https:\/\/radioljubuski.ba\/index.php\/2021\/11\/03\/sarajevo-sattler-i-nelson-sutra-na-pokretanju-skupstine-gradana-bih\/#primaryimage"},"thumbnailUrl":"https:\/\/radioljubuski.ba\/wp-content\/uploads\/2021\/11\/10-2021-11-03-16-53-16-fefneie.jpg","datePublished":"2021-11-03T18:15:42+00:00","dateModified":"2021-11-03T18:15:43+00:00","breadcrumb":{"@id":"https:\/\/radioljubuski.ba\/index.php\/2021\/11\/03\/sarajevo-sattler-i-nelson-sutra-na-pokretanju-skupstine-gradana-bih\/#breadcrumb"},"inLanguage":"hr","potentialAction":[{"@type":"ReadAction","target":["https:\/\/radioljubuski.ba\/index.php\/2021\/11\/03\/sarajevo-sattler-i-nelson-sutra-na-pokretanju-skupstine-gradana-bih\/"]}]},{"@type":"ImageObject","inLanguage":"hr","@id":"https:\/\/radioljubuski.ba\/index.php\/2021\/11\/03\/sarajevo-sattler-i-nelson-sutra-na-pokretanju-skupstine-gradana-bih\/#primaryimage","url":"https:\/\/radioljubuski.ba\/wp-content\/uploads\/2021\/11\/10-2021-11-03-16-53-16-fefneie.jpg","contentUrl":"https:\/\/radioljubuski.ba\/wp-content\/uploads\/2021\/11\/10-2021-11-03-16-53-16-fefneie.jpg","width":1000,"height":625},{"@type":"BreadcrumbList","@id":"https:\/\/radioljubuski.ba\/index.php\/2021\/11\/03\/sarajevo-sattler-i-nelson-sutra-na-pokretanju-skupstine-gradana-bih\/#breadcrumb","itemListElement":[{"@type":"ListItem","position":1,"name":"Po\u010detna stranica","item":"https:\/\/radioljubuski.ba\/"},{"@type":"ListItem","position":2,"name":"Sarajevo: Sattler i Nelson sutra na pokretanju Skup\u0161tine gra\u0111ana BiH"}]},{"@type":"WebSite","@id":"https:\/\/radioljubuski.ba\/#website","url":"https:\/\/radioljubuski.ba\/","name":"Radio Ljubu\u0161ki","description":"Sun\u010dana frekvencija Hercegovine","publisher":{"@id":"https:\/\/radioljubuski.ba\/#organization"},"potentialAction":[{"@type":"SearchAction","target":{"@type":"EntryPoint","urlTemplate":"https:\/\/radioljubuski.ba\/?s={search_term_string}"},"query-input":{"@type":"PropertyValueSpecification","valueRequired":true,"valueName":"search_term_string"}}],"inLanguage":"hr"},{"@type":"Organization","@id":"https:\/\/radioljubuski.ba\/#organization","name":"Radio Ljubu\u0161ki","url":"https:\/\/radioljubuski.ba\/","logo":{"@type":"ImageObject","inLanguage":"hr","@id":"https:\/\/radioljubuski.ba\/#\/schema\/logo\/image\/","url":"https:\/\/radioljubuski.ba\/wp-content\/uploads\/2021\/02\/cropped-Radio_Ljubuski_logo1.jpg","contentUrl":"https:\/\/radioljubuski.ba\/wp-content\/uploads\/2021\/02\/cropped-Radio_Ljubuski_logo1.jpg","width":512,"height":512,"caption":"Radio Ljubu\u0161ki"},"image":{"@id":"https:\/\/radioljubuski.ba\/#\/schema\/logo\/image\/"},"sameAs":["https:\/\/www.facebook.com\/Radiio-Ljubuski-1490835324566332","https:\/\/x.com\/radioljubuski","https:\/\/hr.linkedin.com\/company\/radio-ljubuski","https:\/\/www.youtube.com\/channel\/UCHYaeO_n0Db3tjNGudGpXyw"]},{"@type":"Person","@id":"https:\/\/radioljubuski.ba\/#\/schema\/person\/19fc700381a780f69665d7956c469e3b","name":"Radio Ljubu\u0161ki"}]}},"_links":{"self":[{"href":"https:\/\/radioljubuski.ba\/index.php\/wp-json\/wp\/v2\/posts\/84630","targetHints":{"allow":["GET"]}}],"collection":[{"href":"https:\/\/radioljubuski.ba\/index.php\/wp-json\/wp\/v2\/posts"}],"about":[{"href":"https:\/\/radioljubuski.ba\/index.php\/wp-json\/wp\/v2\/types\/post"}],"author":[{"embeddable":true,"href":"https:\/\/radioljubuski.ba\/index.php\/wp-json\/wp\/v2\/users\/2"}],"replies":[{"embeddable":true,"href":"https:\/\/radioljubuski.ba\/index.php\/wp-json\/wp\/v2\/comments?post=84630"}],"version-history":[{"count":1,"href":"https:\/\/radioljubuski.ba\/index.php\/wp-json\/wp\/v2\/posts\/84630\/revisions"}],"predecessor-version":[{"id":84632,"href":"https:\/\/radioljubuski.ba\/index.php\/wp-json\/wp\/v2\/posts\/84630\/revisions\/84632"}],"wp:featuredmedia":[{"embeddable":true,"href":"https:\/\/radioljubuski.ba\/index.php\/wp-json\/wp\/v2\/media\/84631"}],"wp:attachment":[{"href":"https:\/\/radioljubuski.ba\/index.php\/wp-json\/wp\/v2\/media?parent=84630"}],"wp:term":[{"taxonomy":"category","embeddable":true,"href":"https:\/\/radioljubuski.ba\/index.php\/wp-json\/wp\/v2\/categories?post=84630"},{"taxonomy":"post_tag","embeddable":true,"href":"https:\/\/radioljubuski.ba\/index.php\/wp-json\/wp\/v2\/tags?post=84630"}],"curies":[{"name":"wp","href":"https:\/\/api.w.org\/{rel}","templated":true}]}}