{"id":84638,"date":"2021-11-03T19:19:06","date_gmt":"2021-11-03T18:19:06","guid":{"rendered":"https:\/\/radioljubuski.ba\/?p=84638"},"modified":"2021-11-03T19:19:07","modified_gmt":"2021-11-03T18:19:07","slug":"jusup-najvise-smo-okrenuti-sebi-da-iz-utakmice-u-utakmicu-budemo-sto-bolji","status":"publish","type":"post","link":"https:\/\/radioljubuski.ba\/index.php\/2021\/11\/03\/jusup-najvise-smo-okrenuti-sebi-da-iz-utakmice-u-utakmicu-budemo-sto-bolji\/","title":{"rendered":"Jusup: Najvi\u0161e smo okrenuti sebi, da iz utakmice u utakmicu budemo \u0161to bolji"},"content":{"rendered":"\n<p>Trener HKK \u0160iroki Daniel Jusup i igra\u010d Ive Ivanov najavili su susret \u010detvrtog kola Lige BiH protiv Sparsa.<\/p>\n\n\n\n<p>\u0160iroki i Spars igraju na Pecari, a klubovi su koji se jako dobro poznaju, naglasio je u najavi trener Jusup.<\/p>\n\n\n\n<p>&#8211; Igraju isti rang kao i mi, Drugu ABA ligu. Ove godine su u druga\u010dijem sastavu, mo\u017eemo re\u0107i da su novi tim. Dosta su poletni, imaju dosta energije. Pristupamo kao i svakoj drugoj utakmici, po\u0161tujemo sve ekipe. Najvi\u0161e smo okrenuti sebi, da mi budemo iz utakmice u utakmicu bolji. Ako smo mi u redu, mo\u017eemo imati mirno\u0107u \u2013 rekao je Daniel Jusup.<\/p>\n\n\n\n<p>\u0160iroki je trenutno u Ligi BiH sa skorom od 3:0 i nada se nastavku pozitivnog niza, naglasio je Jusup koji je optimisti\u010dan u najavi ove utakmice.<\/p>\n\n\n\n<p>Nakon utakmice protiv Sparsa u Ligi BiH, \u0160iroki putuje u Osijek na drugi balon Druge ABA lige.<\/p>\n\n\n\n<p>&#8211; U Drugoj ABA ligi su sve dobre ekipe, svako svakoga mo\u017ee dobiti. U taj balon treba i\u0107i sa iskustvom i vjerujem da tu prvu utakmicu ne\u0107emo biti bez ispaljenog metka, kao protiv Borca. Ta utakmica je pro\u0161la pored nas. Na nama je da se pripremimo za to, prilagodimo. Kad smi mi okej, onda sam ja miran \u2013 rekao je Jusup.<\/p>\n\n\n\n<p>U Drugoj ABA ligi, \u0160iroki ima skor od jedne pobjede i jedne izgubljene utakmice.<\/p>\n\n\n\n<p>Igra\u010d \u0160irokog Ive Ivanov naglasio je da za ovakvu utakmicu mom\u010dad treba biti ozbiljna i koncentrirana &nbsp;tijekom cijelog susreta.<\/p>\n\n\n\n<p>&#8211; Spars je izmijenio dosta sastav u odnosu na pro\u0161lu sezonu i igraju ABA 2 Ligu kao i mi, a koliko sam vidio imaju jako dobru unutarnju igru i jako dobro tr\u010de. Trebamo biti koncentrirani i od samog po\u010detka u\u0107i jako u utakmicu i pokazati im da je Pecara za njih neosvojiva tvr\u0111ava. Nadam se da \u0107e navija\u010di do\u0107i u \u0161to ve\u0107em broju, jer njihova nam je podr\u0161ka jako potrebna. Imali smo dosta problema s ozljedama u posljednje vrijeme, ali na to se ne\u0107emo vaditi, skupit \u0107emo se i dati sve od sebe da pobijedimo ovu utakmicu \u2013 kazao je Ivanov.<\/p>\n\n\n\n<p>Izostankom Vuci\u0107a u pro\u0161loj utakmici morao je popuniti poziciju koja nije njegova standardna u mom\u010dadi, ali je kazao kako mu to nije problem i da je spreman na sve za mom\u010dad.<\/p>\n\n\n\n<p>&#8211; Spreman sam odgovoriti na sve zahtjeve trenera. Iako to nije moja prirodna pozicija stao sam za mom\u010dad i odradio to najbolje \u0161to sam mogao. \u017delim dati svoj maksimum i staviti se na raspolaganje mom\u010dadi u bilo kojem trenutku i na svakoj poziciji \u2013 dodao je Ivanov.<\/p>\n\n\n\n<p>Utakmica HKK \u0160iroki i OKK Spars igra se u \u010detvrtak u GSD Pecara s po\u010detkom u 17 sati.<\/p>\n\n\n\n<p>Izvor:pogled.ba<\/p>\n","protected":false},"excerpt":{"rendered":"<p>Trener HKK \u0160iroki Daniel Jusup i igra\u010d Ive Ivanov najavili su susret \u010detvrtog kola Lige BiH protiv Sparsa. \u0160iroki i Spars igraju na Pecari, a klubovi su koji se jako dobro poznaju, naglasio je u najavi trener Jusup. &#8211; Igraju isti rang kao i mi, Drugu ABA ligu. Ove godine su u druga\u010dijem sastavu, mo\u017eemo [&hellip;]<\/p>\n","protected":false},"author":2,"featured_media":84639,"comment_status":"closed","ping_status":"closed","sticky":false,"template":"","format":"standard","meta":{"h5ap_radio_sources":[],"footnotes":""},"categories":[7],"tags":[],"class_list":["post-84638","post","type-post","status-publish","format-standard","has-post-thumbnail","hentry","category-sport"],"yoast_head":"<!-- This site is optimized with the Yoast SEO plugin v27.5 - https:\/\/yoast.com\/product\/yoast-seo-wordpress\/ -->\n<title>Jusup: Najvi\u0161e smo okrenuti sebi, da iz utakmice u utakmicu budemo \u0161to bolji - RADIO LJUBU\u0160KI<\/title>\n<meta name=\"robots\" content=\"index, follow, max-snippet:-1, max-image-preview:large, max-video-preview:-1\" \/>\n<link rel=\"canonical\" href=\"https:\/\/radioljubuski.ba\/index.php\/2021\/11\/03\/jusup-najvise-smo-okrenuti-sebi-da-iz-utakmice-u-utakmicu-budemo-sto-bolji\/\" \/>\n<meta property=\"og:locale\" content=\"hr_HR\" \/>\n<meta property=\"og:type\" content=\"article\" \/>\n<meta property=\"og:title\" content=\"Jusup: Najvi\u0161e smo okrenuti sebi, da iz utakmice u utakmicu budemo \u0161to bolji - RADIO LJUBU\u0160KI\" \/>\n<meta property=\"og:description\" content=\"Trener HKK \u0160iroki Daniel Jusup i igra\u010d Ive Ivanov najavili su susret \u010detvrtog kola Lige BiH protiv Sparsa. \u0160iroki i Spars igraju na Pecari, a klubovi su koji se jako dobro poznaju, naglasio je u najavi trener Jusup. &#8211; Igraju isti rang kao i mi, Drugu ABA ligu. Ove godine su u druga\u010dijem sastavu, mo\u017eemo [&hellip;]\" \/>\n<meta property=\"og:url\" content=\"https:\/\/radioljubuski.ba\/index.php\/2021\/11\/03\/jusup-najvise-smo-okrenuti-sebi-da-iz-utakmice-u-utakmicu-budemo-sto-bolji\/\" \/>\n<meta property=\"og:site_name\" content=\"RADIO LJUBU\u0160KI\" \/>\n<meta property=\"article:publisher\" content=\"https:\/\/www.facebook.com\/Radiio-Ljubuski-1490835324566332\" \/>\n<meta property=\"article:published_time\" content=\"2021-11-03T18:19:06+00:00\" \/>\n<meta property=\"article:modified_time\" content=\"2021-11-03T18:19:07+00:00\" \/>\n<meta property=\"og:image\" content=\"https:\/\/radioljubuski.ba\/wp-content\/uploads\/2021\/11\/3-2021-11-03-14-34-06-hkk-siroki.jpg\" \/>\n\t<meta property=\"og:image:width\" content=\"1000\" \/>\n\t<meta property=\"og:image:height\" content=\"625\" \/>\n\t<meta property=\"og:image:type\" content=\"image\/jpeg\" \/>\n<meta name=\"author\" content=\"Radio Ljubu\u0161ki\" \/>\n<meta name=\"twitter:card\" content=\"summary_large_image\" \/>\n<meta name=\"twitter:creator\" content=\"@radioljubuski\" \/>\n<meta name=\"twitter:site\" content=\"@radioljubuski\" \/>\n<meta name=\"twitter:label1\" content=\"Napisao\/la\" \/>\n\t<meta name=\"twitter:data1\" content=\"Radio Ljubu\u0161ki\" \/>\n\t<meta name=\"twitter:label2\" content=\"Procijenjeno vrijeme \u010ditanja\" \/>\n\t<meta name=\"twitter:data2\" content=\"2 minute\" \/>\n<script type=\"application\/ld+json\" class=\"yoast-schema-graph\">{\"@context\":\"https:\\\/\\\/schema.org\",\"@graph\":[{\"@type\":\"Article\",\"@id\":\"https:\\\/\\\/radioljubuski.ba\\\/index.php\\\/2021\\\/11\\\/03\\\/jusup-najvise-smo-okrenuti-sebi-da-iz-utakmice-u-utakmicu-budemo-sto-bolji\\\/#article\",\"isPartOf\":{\"@id\":\"https:\\\/\\\/radioljubuski.ba\\\/index.php\\\/2021\\\/11\\\/03\\\/jusup-najvise-smo-okrenuti-sebi-da-iz-utakmice-u-utakmicu-budemo-sto-bolji\\\/\"},\"author\":{\"name\":\"Radio Ljubu\u0161ki\",\"@id\":\"https:\\\/\\\/radioljubuski.ba\\\/#\\\/schema\\\/person\\\/19fc700381a780f69665d7956c469e3b\"},\"headline\":\"Jusup: Najvi\u0161e smo okrenuti sebi, da iz utakmice u utakmicu budemo \u0161to bolji\",\"datePublished\":\"2021-11-03T18:19:06+00:00\",\"dateModified\":\"2021-11-03T18:19:07+00:00\",\"mainEntityOfPage\":{\"@id\":\"https:\\\/\\\/radioljubuski.ba\\\/index.php\\\/2021\\\/11\\\/03\\\/jusup-najvise-smo-okrenuti-sebi-da-iz-utakmice-u-utakmicu-budemo-sto-bolji\\\/\"},\"wordCount\":475,\"publisher\":{\"@id\":\"https:\\\/\\\/radioljubuski.ba\\\/#organization\"},\"image\":{\"@id\":\"https:\\\/\\\/radioljubuski.ba\\\/index.php\\\/2021\\\/11\\\/03\\\/jusup-najvise-smo-okrenuti-sebi-da-iz-utakmice-u-utakmicu-budemo-sto-bolji\\\/#primaryimage\"},\"thumbnailUrl\":\"https:\\\/\\\/radioljubuski.ba\\\/wp-content\\\/uploads\\\/2021\\\/11\\\/3-2021-11-03-14-34-06-hkk-siroki.jpg\",\"articleSection\":[\"\u0160port\"],\"inLanguage\":\"hr\"},{\"@type\":\"WebPage\",\"@id\":\"https:\\\/\\\/radioljubuski.ba\\\/index.php\\\/2021\\\/11\\\/03\\\/jusup-najvise-smo-okrenuti-sebi-da-iz-utakmice-u-utakmicu-budemo-sto-bolji\\\/\",\"url\":\"https:\\\/\\\/radioljubuski.ba\\\/index.php\\\/2021\\\/11\\\/03\\\/jusup-najvise-smo-okrenuti-sebi-da-iz-utakmice-u-utakmicu-budemo-sto-bolji\\\/\",\"name\":\"Jusup: Najvi\u0161e smo okrenuti sebi, da iz utakmice u utakmicu budemo \u0161to bolji - RADIO LJUBU\u0160KI\",\"isPartOf\":{\"@id\":\"https:\\\/\\\/radioljubuski.ba\\\/#website\"},\"primaryImageOfPage\":{\"@id\":\"https:\\\/\\\/radioljubuski.ba\\\/index.php\\\/2021\\\/11\\\/03\\\/jusup-najvise-smo-okrenuti-sebi-da-iz-utakmice-u-utakmicu-budemo-sto-bolji\\\/#primaryimage\"},\"image\":{\"@id\":\"https:\\\/\\\/radioljubuski.ba\\\/index.php\\\/2021\\\/11\\\/03\\\/jusup-najvise-smo-okrenuti-sebi-da-iz-utakmice-u-utakmicu-budemo-sto-bolji\\\/#primaryimage\"},\"thumbnailUrl\":\"https:\\\/\\\/radioljubuski.ba\\\/wp-content\\\/uploads\\\/2021\\\/11\\\/3-2021-11-03-14-34-06-hkk-siroki.jpg\",\"datePublished\":\"2021-11-03T18:19:06+00:00\",\"dateModified\":\"2021-11-03T18:19:07+00:00\",\"breadcrumb\":{\"@id\":\"https:\\\/\\\/radioljubuski.ba\\\/index.php\\\/2021\\\/11\\\/03\\\/jusup-najvise-smo-okrenuti-sebi-da-iz-utakmice-u-utakmicu-budemo-sto-bolji\\\/#breadcrumb\"},\"inLanguage\":\"hr\",\"potentialAction\":[{\"@type\":\"ReadAction\",\"target\":[\"https:\\\/\\\/radioljubuski.ba\\\/index.php\\\/2021\\\/11\\\/03\\\/jusup-najvise-smo-okrenuti-sebi-da-iz-utakmice-u-utakmicu-budemo-sto-bolji\\\/\"]}]},{\"@type\":\"ImageObject\",\"inLanguage\":\"hr\",\"@id\":\"https:\\\/\\\/radioljubuski.ba\\\/index.php\\\/2021\\\/11\\\/03\\\/jusup-najvise-smo-okrenuti-sebi-da-iz-utakmice-u-utakmicu-budemo-sto-bolji\\\/#primaryimage\",\"url\":\"https:\\\/\\\/radioljubuski.ba\\\/wp-content\\\/uploads\\\/2021\\\/11\\\/3-2021-11-03-14-34-06-hkk-siroki.jpg\",\"contentUrl\":\"https:\\\/\\\/radioljubuski.ba\\\/wp-content\\\/uploads\\\/2021\\\/11\\\/3-2021-11-03-14-34-06-hkk-siroki.jpg\",\"width\":1000,\"height\":625},{\"@type\":\"BreadcrumbList\",\"@id\":\"https:\\\/\\\/radioljubuski.ba\\\/index.php\\\/2021\\\/11\\\/03\\\/jusup-najvise-smo-okrenuti-sebi-da-iz-utakmice-u-utakmicu-budemo-sto-bolji\\\/#breadcrumb\",\"itemListElement\":[{\"@type\":\"ListItem\",\"position\":1,\"name\":\"Po\u010detna stranica\",\"item\":\"https:\\\/\\\/radioljubuski.ba\\\/\"},{\"@type\":\"ListItem\",\"position\":2,\"name\":\"Jusup: Najvi\u0161e smo okrenuti sebi, da iz utakmice u utakmicu budemo \u0161to bolji\"}]},{\"@type\":\"WebSite\",\"@id\":\"https:\\\/\\\/radioljubuski.ba\\\/#website\",\"url\":\"https:\\\/\\\/radioljubuski.ba\\\/\",\"name\":\"Radio Ljubu\u0161ki\",\"description\":\"Sun\u010dana frekvencija Hercegovine\",\"publisher\":{\"@id\":\"https:\\\/\\\/radioljubuski.ba\\\/#organization\"},\"potentialAction\":[{\"@type\":\"SearchAction\",\"target\":{\"@type\":\"EntryPoint\",\"urlTemplate\":\"https:\\\/\\\/radioljubuski.ba\\\/?s={search_term_string}\"},\"query-input\":{\"@type\":\"PropertyValueSpecification\",\"valueRequired\":true,\"valueName\":\"search_term_string\"}}],\"inLanguage\":\"hr\"},{\"@type\":\"Organization\",\"@id\":\"https:\\\/\\\/radioljubuski.ba\\\/#organization\",\"name\":\"Radio Ljubu\u0161ki\",\"url\":\"https:\\\/\\\/radioljubuski.ba\\\/\",\"logo\":{\"@type\":\"ImageObject\",\"inLanguage\":\"hr\",\"@id\":\"https:\\\/\\\/radioljubuski.ba\\\/#\\\/schema\\\/logo\\\/image\\\/\",\"url\":\"https:\\\/\\\/radioljubuski.ba\\\/wp-content\\\/uploads\\\/2021\\\/02\\\/cropped-Radio_Ljubuski_logo1.jpg\",\"contentUrl\":\"https:\\\/\\\/radioljubuski.ba\\\/wp-content\\\/uploads\\\/2021\\\/02\\\/cropped-Radio_Ljubuski_logo1.jpg\",\"width\":512,\"height\":512,\"caption\":\"Radio Ljubu\u0161ki\"},\"image\":{\"@id\":\"https:\\\/\\\/radioljubuski.ba\\\/#\\\/schema\\\/logo\\\/image\\\/\"},\"sameAs\":[\"https:\\\/\\\/www.facebook.com\\\/Radiio-Ljubuski-1490835324566332\",\"https:\\\/\\\/x.com\\\/radioljubuski\",\"https:\\\/\\\/hr.linkedin.com\\\/company\\\/radio-ljubuski\",\"https:\\\/\\\/www.youtube.com\\\/channel\\\/UCHYaeO_n0Db3tjNGudGpXyw\"]},{\"@type\":\"Person\",\"@id\":\"https:\\\/\\\/radioljubuski.ba\\\/#\\\/schema\\\/person\\\/19fc700381a780f69665d7956c469e3b\",\"name\":\"Radio Ljubu\u0161ki\"}]}<\/script>\n<!-- \/ Yoast SEO plugin. -->","yoast_head_json":{"title":"Jusup: Najvi\u0161e smo okrenuti sebi, da iz utakmice u utakmicu budemo \u0161to bolji - RADIO LJUBU\u0160KI","robots":{"index":"index","follow":"follow","max-snippet":"max-snippet:-1","max-image-preview":"max-image-preview:large","max-video-preview":"max-video-preview:-1"},"canonical":"https:\/\/radioljubuski.ba\/index.php\/2021\/11\/03\/jusup-najvise-smo-okrenuti-sebi-da-iz-utakmice-u-utakmicu-budemo-sto-bolji\/","og_locale":"hr_HR","og_type":"article","og_title":"Jusup: Najvi\u0161e smo okrenuti sebi, da iz utakmice u utakmicu budemo \u0161to bolji - RADIO LJUBU\u0160KI","og_description":"Trener HKK \u0160iroki Daniel Jusup i igra\u010d Ive Ivanov najavili su susret \u010detvrtog kola Lige BiH protiv Sparsa. \u0160iroki i Spars igraju na Pecari, a klubovi su koji se jako dobro poznaju, naglasio je u najavi trener Jusup. &#8211; Igraju isti rang kao i mi, Drugu ABA ligu. Ove godine su u druga\u010dijem sastavu, mo\u017eemo [&hellip;]","og_url":"https:\/\/radioljubuski.ba\/index.php\/2021\/11\/03\/jusup-najvise-smo-okrenuti-sebi-da-iz-utakmice-u-utakmicu-budemo-sto-bolji\/","og_site_name":"RADIO LJUBU\u0160KI","article_publisher":"https:\/\/www.facebook.com\/Radiio-Ljubuski-1490835324566332","article_published_time":"2021-11-03T18:19:06+00:00","article_modified_time":"2021-11-03T18:19:07+00:00","og_image":[{"width":1000,"height":625,"url":"https:\/\/radioljubuski.ba\/wp-content\/uploads\/2021\/11\/3-2021-11-03-14-34-06-hkk-siroki.jpg","type":"image\/jpeg"}],"author":"Radio Ljubu\u0161ki","twitter_card":"summary_large_image","twitter_creator":"@radioljubuski","twitter_site":"@radioljubuski","twitter_misc":{"Napisao\/la":"Radio Ljubu\u0161ki","Procijenjeno vrijeme \u010ditanja":"2 minute"},"schema":{"@context":"https:\/\/schema.org","@graph":[{"@type":"Article","@id":"https:\/\/radioljubuski.ba\/index.php\/2021\/11\/03\/jusup-najvise-smo-okrenuti-sebi-da-iz-utakmice-u-utakmicu-budemo-sto-bolji\/#article","isPartOf":{"@id":"https:\/\/radioljubuski.ba\/index.php\/2021\/11\/03\/jusup-najvise-smo-okrenuti-sebi-da-iz-utakmice-u-utakmicu-budemo-sto-bolji\/"},"author":{"name":"Radio Ljubu\u0161ki","@id":"https:\/\/radioljubuski.ba\/#\/schema\/person\/19fc700381a780f69665d7956c469e3b"},"headline":"Jusup: Najvi\u0161e smo okrenuti sebi, da iz utakmice u utakmicu budemo \u0161to bolji","datePublished":"2021-11-03T18:19:06+00:00","dateModified":"2021-11-03T18:19:07+00:00","mainEntityOfPage":{"@id":"https:\/\/radioljubuski.ba\/index.php\/2021\/11\/03\/jusup-najvise-smo-okrenuti-sebi-da-iz-utakmice-u-utakmicu-budemo-sto-bolji\/"},"wordCount":475,"publisher":{"@id":"https:\/\/radioljubuski.ba\/#organization"},"image":{"@id":"https:\/\/radioljubuski.ba\/index.php\/2021\/11\/03\/jusup-najvise-smo-okrenuti-sebi-da-iz-utakmice-u-utakmicu-budemo-sto-bolji\/#primaryimage"},"thumbnailUrl":"https:\/\/radioljubuski.ba\/wp-content\/uploads\/2021\/11\/3-2021-11-03-14-34-06-hkk-siroki.jpg","articleSection":["\u0160port"],"inLanguage":"hr"},{"@type":"WebPage","@id":"https:\/\/radioljubuski.ba\/index.php\/2021\/11\/03\/jusup-najvise-smo-okrenuti-sebi-da-iz-utakmice-u-utakmicu-budemo-sto-bolji\/","url":"https:\/\/radioljubuski.ba\/index.php\/2021\/11\/03\/jusup-najvise-smo-okrenuti-sebi-da-iz-utakmice-u-utakmicu-budemo-sto-bolji\/","name":"Jusup: Najvi\u0161e smo okrenuti sebi, da iz utakmice u utakmicu budemo \u0161to bolji - RADIO LJUBU\u0160KI","isPartOf":{"@id":"https:\/\/radioljubuski.ba\/#website"},"primaryImageOfPage":{"@id":"https:\/\/radioljubuski.ba\/index.php\/2021\/11\/03\/jusup-najvise-smo-okrenuti-sebi-da-iz-utakmice-u-utakmicu-budemo-sto-bolji\/#primaryimage"},"image":{"@id":"https:\/\/radioljubuski.ba\/index.php\/2021\/11\/03\/jusup-najvise-smo-okrenuti-sebi-da-iz-utakmice-u-utakmicu-budemo-sto-bolji\/#primaryimage"},"thumbnailUrl":"https:\/\/radioljubuski.ba\/wp-content\/uploads\/2021\/11\/3-2021-11-03-14-34-06-hkk-siroki.jpg","datePublished":"2021-11-03T18:19:06+00:00","dateModified":"2021-11-03T18:19:07+00:00","breadcrumb":{"@id":"https:\/\/radioljubuski.ba\/index.php\/2021\/11\/03\/jusup-najvise-smo-okrenuti-sebi-da-iz-utakmice-u-utakmicu-budemo-sto-bolji\/#breadcrumb"},"inLanguage":"hr","potentialAction":[{"@type":"ReadAction","target":["https:\/\/radioljubuski.ba\/index.php\/2021\/11\/03\/jusup-najvise-smo-okrenuti-sebi-da-iz-utakmice-u-utakmicu-budemo-sto-bolji\/"]}]},{"@type":"ImageObject","inLanguage":"hr","@id":"https:\/\/radioljubuski.ba\/index.php\/2021\/11\/03\/jusup-najvise-smo-okrenuti-sebi-da-iz-utakmice-u-utakmicu-budemo-sto-bolji\/#primaryimage","url":"https:\/\/radioljubuski.ba\/wp-content\/uploads\/2021\/11\/3-2021-11-03-14-34-06-hkk-siroki.jpg","contentUrl":"https:\/\/radioljubuski.ba\/wp-content\/uploads\/2021\/11\/3-2021-11-03-14-34-06-hkk-siroki.jpg","width":1000,"height":625},{"@type":"BreadcrumbList","@id":"https:\/\/radioljubuski.ba\/index.php\/2021\/11\/03\/jusup-najvise-smo-okrenuti-sebi-da-iz-utakmice-u-utakmicu-budemo-sto-bolji\/#breadcrumb","itemListElement":[{"@type":"ListItem","position":1,"name":"Po\u010detna stranica","item":"https:\/\/radioljubuski.ba\/"},{"@type":"ListItem","position":2,"name":"Jusup: Najvi\u0161e smo okrenuti sebi, da iz utakmice u utakmicu budemo \u0161to bolji"}]},{"@type":"WebSite","@id":"https:\/\/radioljubuski.ba\/#website","url":"https:\/\/radioljubuski.ba\/","name":"Radio Ljubu\u0161ki","description":"Sun\u010dana frekvencija Hercegovine","publisher":{"@id":"https:\/\/radioljubuski.ba\/#organization"},"potentialAction":[{"@type":"SearchAction","target":{"@type":"EntryPoint","urlTemplate":"https:\/\/radioljubuski.ba\/?s={search_term_string}"},"query-input":{"@type":"PropertyValueSpecification","valueRequired":true,"valueName":"search_term_string"}}],"inLanguage":"hr"},{"@type":"Organization","@id":"https:\/\/radioljubuski.ba\/#organization","name":"Radio Ljubu\u0161ki","url":"https:\/\/radioljubuski.ba\/","logo":{"@type":"ImageObject","inLanguage":"hr","@id":"https:\/\/radioljubuski.ba\/#\/schema\/logo\/image\/","url":"https:\/\/radioljubuski.ba\/wp-content\/uploads\/2021\/02\/cropped-Radio_Ljubuski_logo1.jpg","contentUrl":"https:\/\/radioljubuski.ba\/wp-content\/uploads\/2021\/02\/cropped-Radio_Ljubuski_logo1.jpg","width":512,"height":512,"caption":"Radio Ljubu\u0161ki"},"image":{"@id":"https:\/\/radioljubuski.ba\/#\/schema\/logo\/image\/"},"sameAs":["https:\/\/www.facebook.com\/Radiio-Ljubuski-1490835324566332","https:\/\/x.com\/radioljubuski","https:\/\/hr.linkedin.com\/company\/radio-ljubuski","https:\/\/www.youtube.com\/channel\/UCHYaeO_n0Db3tjNGudGpXyw"]},{"@type":"Person","@id":"https:\/\/radioljubuski.ba\/#\/schema\/person\/19fc700381a780f69665d7956c469e3b","name":"Radio Ljubu\u0161ki"}]}},"_links":{"self":[{"href":"https:\/\/radioljubuski.ba\/index.php\/wp-json\/wp\/v2\/posts\/84638","targetHints":{"allow":["GET"]}}],"collection":[{"href":"https:\/\/radioljubuski.ba\/index.php\/wp-json\/wp\/v2\/posts"}],"about":[{"href":"https:\/\/radioljubuski.ba\/index.php\/wp-json\/wp\/v2\/types\/post"}],"author":[{"embeddable":true,"href":"https:\/\/radioljubuski.ba\/index.php\/wp-json\/wp\/v2\/users\/2"}],"replies":[{"embeddable":true,"href":"https:\/\/radioljubuski.ba\/index.php\/wp-json\/wp\/v2\/comments?post=84638"}],"version-history":[{"count":1,"href":"https:\/\/radioljubuski.ba\/index.php\/wp-json\/wp\/v2\/posts\/84638\/revisions"}],"predecessor-version":[{"id":84640,"href":"https:\/\/radioljubuski.ba\/index.php\/wp-json\/wp\/v2\/posts\/84638\/revisions\/84640"}],"wp:featuredmedia":[{"embeddable":true,"href":"https:\/\/radioljubuski.ba\/index.php\/wp-json\/wp\/v2\/media\/84639"}],"wp:attachment":[{"href":"https:\/\/radioljubuski.ba\/index.php\/wp-json\/wp\/v2\/media?parent=84638"}],"wp:term":[{"taxonomy":"category","embeddable":true,"href":"https:\/\/radioljubuski.ba\/index.php\/wp-json\/wp\/v2\/categories?post=84638"},{"taxonomy":"post_tag","embeddable":true,"href":"https:\/\/radioljubuski.ba\/index.php\/wp-json\/wp\/v2\/tags?post=84638"}],"curies":[{"name":"wp","href":"https:\/\/api.w.org\/{rel}","templated":true}]}}