{"id":84670,"date":"2021-11-03T19:38:21","date_gmt":"2021-11-03T18:38:21","guid":{"rendered":"https:\/\/radioljubuski.ba\/?p=84670"},"modified":"2021-11-03T19:38:21","modified_gmt":"2021-11-03T18:38:21","slug":"general-platzer-zajednicka-vojska-nije-utemeljena-na-daytonskom-sporazumu-necemo-slati-trupe-u-brcko","status":"publish","type":"post","link":"https:\/\/radioljubuski.ba\/index.php\/2021\/11\/03\/general-platzer-zajednicka-vojska-nije-utemeljena-na-daytonskom-sporazumu-necemo-slati-trupe-u-brcko\/","title":{"rendered":"General Platzer: Zajedni\u010dka vojska nije utemeljena na Daytonskom sporazumu, ne\u0107emo slati trupe u Br\u010dko"},"content":{"rendered":"\n<p><strong>Zapovjednik vojne misije EUFOR-a u BiH, austrijski general Alexander Platzer ka\u017ee da u izjavi srpskog \u010dlana Predsjedni\u0161tva BiH Milorada Dodika ne vidi \u201enikavu klasi\u010dnu vojnu prijetnju\u201c.<\/strong><\/p>\n\n\n\n<p>On je u izjavi za be\u010dki dnevnik Standard ocjenjuje da je \u201esigurnosna situacija u BiH stabilna\u201c.<\/p>\n\n\n\n<p>Komentiraju\u0107i najavu da \u0107e se Republika Srpska povu\u0107i iz Oru\u017eanih snaga BiH i stvoriti svoju posebnu vojsku, Platzer ka\u017ee da \u201ezajedni\u010dka vojska nije utemeljena na Daytonskom mirovnom sporazumu\u201c, prenosi Glas Srpske.<\/p>\n\n\n\n<p>Podsjetio je da su prema Dejtonskom sporazumu postojale tri vojske u ovisnosti od etni\u010dkih grupa, a da je zatim stvorena zajedni\u010dka vojska na temelju, kako ka\u017ee, nacionalne volje.<\/p>\n\n\n\n<p>Prema njegovim rije\u010dima, me\u0111unarodna zajednica te\u0161ko mo\u017ee sprije\u010diti vra\u0107anje na vi\u0161e vojski, ako se to bude odvijalo kroz normalan zakonodavni proces.<\/p>\n\n\n\n<p>Istaknuo je da, u slu\u010daju da se vojska raspadne i iz nje nastanu dvije vojske, tome bi, ka\u017ee, trebalo da prethodi osnovni politi\u010dki i vojni konsenzus.<\/p>\n\n\n\n<p>Ukoliko, kako ka\u017ee, ne bude politi\u010dkog konsenzusa za tavko ne\u0161to, onda bi \u201eprocjena sigurnosne situacije morala biti sasvim druga\u010dija\u201c.<\/p>\n\n\n\n<p>\u201cMoramo to pa\u017eljivo promatrati\u201d, rekao je Platzer i dodaje da je primijetio odre\u0111enu napetost me\u0111u stanovni\u0161tvom. -Mediji i politi\u010dari dr\u017ee stanovni\u0161tvo u stalnom stanju krize, ka\u017ee general Platzer<\/p>\n\n\n\n<p>Platzer je istaknuo i da vrsta opreme koju koristi policija u Republici Srpskoj odgovara me\u0111unarodnim standardima.<\/p>\n\n\n\n<p>\u201cI u Austriji imamo duge pu\u0161ke\u201d, naveo je on.<\/p>\n\n\n\n<p>Povodom aktualne rasprave o produ\u017eenju misije EUFOR-a Altea u Vije\u0107u sigurnosti, Platzer isti\u010de da su mandat EUFOR-a i njegovi zadatci \u201epotpuno odvojeni od civilnih zadataka visokog predstavnika\u201d.<\/p>\n\n\n\n<p>\u201cS vojne to\u010dke gledi\u0161ta, ne bi bilo nikakve razlike da se iz teksta mandata EUFOR-a izbri\u0161u reference na OHR kako bismo produ\u017eili na\u0161u misiju. Bi li to na\u0161tetilo Dejtonskom sporazumu, to je drugo pitanje\u201d, rekao je i istaknuo da to ne mo\u017ee procijeniti.<\/p>\n\n\n\n<p>\/HMS\/<\/p>\n","protected":false},"excerpt":{"rendered":"<p>Zapovjednik vojne misije EUFOR-a u BiH, austrijski general Alexander Platzer ka\u017ee da u izjavi srpskog \u010dlana Predsjedni\u0161tva BiH Milorada Dodika ne vidi \u201enikavu klasi\u010dnu vojnu prijetnju\u201c. On je u izjavi za be\u010dki dnevnik Standard ocjenjuje da je \u201esigurnosna situacija u BiH stabilna\u201c. Komentiraju\u0107i najavu da \u0107e se Republika Srpska povu\u0107i iz Oru\u017eanih snaga BiH i [&hellip;]<\/p>\n","protected":false},"author":2,"featured_media":84671,"comment_status":"closed","ping_status":"closed","sticky":false,"template":"","format":"standard","meta":{"h5ap_radio_sources":[],"footnotes":""},"categories":[1],"tags":[],"class_list":["post-84670","post","type-post","status-publish","format-standard","has-post-thumbnail","hentry","category-bihiregija"],"yoast_head":"<!-- This site is optimized with the Yoast SEO plugin v27.5 - https:\/\/yoast.com\/product\/yoast-seo-wordpress\/ -->\n<title>General Platzer: Zajedni\u010dka vojska nije utemeljena na Daytonskom sporazumu, ne\u0107emo slati trupe u Br\u010dko - RADIO LJUBU\u0160KI<\/title>\n<meta name=\"robots\" content=\"index, follow, max-snippet:-1, max-image-preview:large, max-video-preview:-1\" \/>\n<link rel=\"canonical\" href=\"https:\/\/radioljubuski.ba\/index.php\/2021\/11\/03\/general-platzer-zajednicka-vojska-nije-utemeljena-na-daytonskom-sporazumu-necemo-slati-trupe-u-brcko\/\" \/>\n<meta property=\"og:locale\" content=\"hr_HR\" \/>\n<meta property=\"og:type\" content=\"article\" \/>\n<meta property=\"og:title\" content=\"General Platzer: Zajedni\u010dka vojska nije utemeljena na Daytonskom sporazumu, ne\u0107emo slati trupe u Br\u010dko - RADIO LJUBU\u0160KI\" \/>\n<meta property=\"og:description\" content=\"Zapovjednik vojne misije EUFOR-a u BiH, austrijski general Alexander Platzer ka\u017ee da u izjavi srpskog \u010dlana Predsjedni\u0161tva BiH Milorada Dodika ne vidi \u201enikavu klasi\u010dnu vojnu prijetnju\u201c. On je u izjavi za be\u010dki dnevnik Standard ocjenjuje da je \u201esigurnosna situacija u BiH stabilna\u201c. Komentiraju\u0107i najavu da \u0107e se Republika Srpska povu\u0107i iz Oru\u017eanih snaga BiH i [&hellip;]\" \/>\n<meta property=\"og:url\" content=\"https:\/\/radioljubuski.ba\/index.php\/2021\/11\/03\/general-platzer-zajednicka-vojska-nije-utemeljena-na-daytonskom-sporazumu-necemo-slati-trupe-u-brcko\/\" \/>\n<meta property=\"og:site_name\" content=\"RADIO LJUBU\u0160KI\" \/>\n<meta property=\"article:publisher\" content=\"https:\/\/www.facebook.com\/Radiio-Ljubuski-1490835324566332\" \/>\n<meta property=\"article:published_time\" content=\"2021-11-03T18:38:21+00:00\" \/>\n<meta property=\"og:image\" content=\"https:\/\/radioljubuski.ba\/wp-content\/uploads\/2021\/11\/platzer.jpg\" \/>\n\t<meta property=\"og:image:width\" content=\"900\" \/>\n\t<meta property=\"og:image:height\" content=\"600\" \/>\n\t<meta property=\"og:image:type\" content=\"image\/jpeg\" \/>\n<meta name=\"author\" content=\"Radio Ljubu\u0161ki\" \/>\n<meta name=\"twitter:card\" content=\"summary_large_image\" \/>\n<meta name=\"twitter:creator\" content=\"@radioljubuski\" \/>\n<meta name=\"twitter:site\" content=\"@radioljubuski\" \/>\n<meta name=\"twitter:label1\" content=\"Napisao\/la\" \/>\n\t<meta name=\"twitter:data1\" content=\"Radio Ljubu\u0161ki\" \/>\n\t<meta name=\"twitter:label2\" content=\"Procijenjeno vrijeme \u010ditanja\" \/>\n\t<meta name=\"twitter:data2\" content=\"2 minute\" \/>\n<script type=\"application\/ld+json\" class=\"yoast-schema-graph\">{\"@context\":\"https:\\\/\\\/schema.org\",\"@graph\":[{\"@type\":\"Article\",\"@id\":\"https:\\\/\\\/radioljubuski.ba\\\/index.php\\\/2021\\\/11\\\/03\\\/general-platzer-zajednicka-vojska-nije-utemeljena-na-daytonskom-sporazumu-necemo-slati-trupe-u-brcko\\\/#article\",\"isPartOf\":{\"@id\":\"https:\\\/\\\/radioljubuski.ba\\\/index.php\\\/2021\\\/11\\\/03\\\/general-platzer-zajednicka-vojska-nije-utemeljena-na-daytonskom-sporazumu-necemo-slati-trupe-u-brcko\\\/\"},\"author\":{\"name\":\"Radio Ljubu\u0161ki\",\"@id\":\"https:\\\/\\\/radioljubuski.ba\\\/#\\\/schema\\\/person\\\/19fc700381a780f69665d7956c469e3b\"},\"headline\":\"General Platzer: Zajedni\u010dka vojska nije utemeljena na Daytonskom sporazumu, ne\u0107emo slati trupe u Br\u010dko\",\"datePublished\":\"2021-11-03T18:38:21+00:00\",\"mainEntityOfPage\":{\"@id\":\"https:\\\/\\\/radioljubuski.ba\\\/index.php\\\/2021\\\/11\\\/03\\\/general-platzer-zajednicka-vojska-nije-utemeljena-na-daytonskom-sporazumu-necemo-slati-trupe-u-brcko\\\/\"},\"wordCount\":354,\"publisher\":{\"@id\":\"https:\\\/\\\/radioljubuski.ba\\\/#organization\"},\"image\":{\"@id\":\"https:\\\/\\\/radioljubuski.ba\\\/index.php\\\/2021\\\/11\\\/03\\\/general-platzer-zajednicka-vojska-nije-utemeljena-na-daytonskom-sporazumu-necemo-slati-trupe-u-brcko\\\/#primaryimage\"},\"thumbnailUrl\":\"https:\\\/\\\/radioljubuski.ba\\\/wp-content\\\/uploads\\\/2021\\\/11\\\/platzer.jpg\",\"articleSection\":[\"BIH i regija\"],\"inLanguage\":\"hr\"},{\"@type\":\"WebPage\",\"@id\":\"https:\\\/\\\/radioljubuski.ba\\\/index.php\\\/2021\\\/11\\\/03\\\/general-platzer-zajednicka-vojska-nije-utemeljena-na-daytonskom-sporazumu-necemo-slati-trupe-u-brcko\\\/\",\"url\":\"https:\\\/\\\/radioljubuski.ba\\\/index.php\\\/2021\\\/11\\\/03\\\/general-platzer-zajednicka-vojska-nije-utemeljena-na-daytonskom-sporazumu-necemo-slati-trupe-u-brcko\\\/\",\"name\":\"General Platzer: Zajedni\u010dka vojska nije utemeljena na Daytonskom sporazumu, ne\u0107emo slati trupe u Br\u010dko - RADIO LJUBU\u0160KI\",\"isPartOf\":{\"@id\":\"https:\\\/\\\/radioljubuski.ba\\\/#website\"},\"primaryImageOfPage\":{\"@id\":\"https:\\\/\\\/radioljubuski.ba\\\/index.php\\\/2021\\\/11\\\/03\\\/general-platzer-zajednicka-vojska-nije-utemeljena-na-daytonskom-sporazumu-necemo-slati-trupe-u-brcko\\\/#primaryimage\"},\"image\":{\"@id\":\"https:\\\/\\\/radioljubuski.ba\\\/index.php\\\/2021\\\/11\\\/03\\\/general-platzer-zajednicka-vojska-nije-utemeljena-na-daytonskom-sporazumu-necemo-slati-trupe-u-brcko\\\/#primaryimage\"},\"thumbnailUrl\":\"https:\\\/\\\/radioljubuski.ba\\\/wp-content\\\/uploads\\\/2021\\\/11\\\/platzer.jpg\",\"datePublished\":\"2021-11-03T18:38:21+00:00\",\"breadcrumb\":{\"@id\":\"https:\\\/\\\/radioljubuski.ba\\\/index.php\\\/2021\\\/11\\\/03\\\/general-platzer-zajednicka-vojska-nije-utemeljena-na-daytonskom-sporazumu-necemo-slati-trupe-u-brcko\\\/#breadcrumb\"},\"inLanguage\":\"hr\",\"potentialAction\":[{\"@type\":\"ReadAction\",\"target\":[\"https:\\\/\\\/radioljubuski.ba\\\/index.php\\\/2021\\\/11\\\/03\\\/general-platzer-zajednicka-vojska-nije-utemeljena-na-daytonskom-sporazumu-necemo-slati-trupe-u-brcko\\\/\"]}]},{\"@type\":\"ImageObject\",\"inLanguage\":\"hr\",\"@id\":\"https:\\\/\\\/radioljubuski.ba\\\/index.php\\\/2021\\\/11\\\/03\\\/general-platzer-zajednicka-vojska-nije-utemeljena-na-daytonskom-sporazumu-necemo-slati-trupe-u-brcko\\\/#primaryimage\",\"url\":\"https:\\\/\\\/radioljubuski.ba\\\/wp-content\\\/uploads\\\/2021\\\/11\\\/platzer.jpg\",\"contentUrl\":\"https:\\\/\\\/radioljubuski.ba\\\/wp-content\\\/uploads\\\/2021\\\/11\\\/platzer.jpg\",\"width\":900,\"height\":600},{\"@type\":\"BreadcrumbList\",\"@id\":\"https:\\\/\\\/radioljubuski.ba\\\/index.php\\\/2021\\\/11\\\/03\\\/general-platzer-zajednicka-vojska-nije-utemeljena-na-daytonskom-sporazumu-necemo-slati-trupe-u-brcko\\\/#breadcrumb\",\"itemListElement\":[{\"@type\":\"ListItem\",\"position\":1,\"name\":\"Po\u010detna stranica\",\"item\":\"https:\\\/\\\/radioljubuski.ba\\\/\"},{\"@type\":\"ListItem\",\"position\":2,\"name\":\"General Platzer: Zajedni\u010dka vojska nije utemeljena na Daytonskom sporazumu, ne\u0107emo slati trupe u Br\u010dko\"}]},{\"@type\":\"WebSite\",\"@id\":\"https:\\\/\\\/radioljubuski.ba\\\/#website\",\"url\":\"https:\\\/\\\/radioljubuski.ba\\\/\",\"name\":\"Radio Ljubu\u0161ki\",\"description\":\"Sun\u010dana frekvencija Hercegovine\",\"publisher\":{\"@id\":\"https:\\\/\\\/radioljubuski.ba\\\/#organization\"},\"potentialAction\":[{\"@type\":\"SearchAction\",\"target\":{\"@type\":\"EntryPoint\",\"urlTemplate\":\"https:\\\/\\\/radioljubuski.ba\\\/?s={search_term_string}\"},\"query-input\":{\"@type\":\"PropertyValueSpecification\",\"valueRequired\":true,\"valueName\":\"search_term_string\"}}],\"inLanguage\":\"hr\"},{\"@type\":\"Organization\",\"@id\":\"https:\\\/\\\/radioljubuski.ba\\\/#organization\",\"name\":\"Radio Ljubu\u0161ki\",\"url\":\"https:\\\/\\\/radioljubuski.ba\\\/\",\"logo\":{\"@type\":\"ImageObject\",\"inLanguage\":\"hr\",\"@id\":\"https:\\\/\\\/radioljubuski.ba\\\/#\\\/schema\\\/logo\\\/image\\\/\",\"url\":\"https:\\\/\\\/radioljubuski.ba\\\/wp-content\\\/uploads\\\/2021\\\/02\\\/cropped-Radio_Ljubuski_logo1.jpg\",\"contentUrl\":\"https:\\\/\\\/radioljubuski.ba\\\/wp-content\\\/uploads\\\/2021\\\/02\\\/cropped-Radio_Ljubuski_logo1.jpg\",\"width\":512,\"height\":512,\"caption\":\"Radio Ljubu\u0161ki\"},\"image\":{\"@id\":\"https:\\\/\\\/radioljubuski.ba\\\/#\\\/schema\\\/logo\\\/image\\\/\"},\"sameAs\":[\"https:\\\/\\\/www.facebook.com\\\/Radiio-Ljubuski-1490835324566332\",\"https:\\\/\\\/x.com\\\/radioljubuski\",\"https:\\\/\\\/hr.linkedin.com\\\/company\\\/radio-ljubuski\",\"https:\\\/\\\/www.youtube.com\\\/channel\\\/UCHYaeO_n0Db3tjNGudGpXyw\"]},{\"@type\":\"Person\",\"@id\":\"https:\\\/\\\/radioljubuski.ba\\\/#\\\/schema\\\/person\\\/19fc700381a780f69665d7956c469e3b\",\"name\":\"Radio Ljubu\u0161ki\"}]}<\/script>\n<!-- \/ Yoast SEO plugin. -->","yoast_head_json":{"title":"General Platzer: Zajedni\u010dka vojska nije utemeljena na Daytonskom sporazumu, ne\u0107emo slati trupe u Br\u010dko - RADIO LJUBU\u0160KI","robots":{"index":"index","follow":"follow","max-snippet":"max-snippet:-1","max-image-preview":"max-image-preview:large","max-video-preview":"max-video-preview:-1"},"canonical":"https:\/\/radioljubuski.ba\/index.php\/2021\/11\/03\/general-platzer-zajednicka-vojska-nije-utemeljena-na-daytonskom-sporazumu-necemo-slati-trupe-u-brcko\/","og_locale":"hr_HR","og_type":"article","og_title":"General Platzer: Zajedni\u010dka vojska nije utemeljena na Daytonskom sporazumu, ne\u0107emo slati trupe u Br\u010dko - RADIO LJUBU\u0160KI","og_description":"Zapovjednik vojne misije EUFOR-a u BiH, austrijski general Alexander Platzer ka\u017ee da u izjavi srpskog \u010dlana Predsjedni\u0161tva BiH Milorada Dodika ne vidi \u201enikavu klasi\u010dnu vojnu prijetnju\u201c. On je u izjavi za be\u010dki dnevnik Standard ocjenjuje da je \u201esigurnosna situacija u BiH stabilna\u201c. Komentiraju\u0107i najavu da \u0107e se Republika Srpska povu\u0107i iz Oru\u017eanih snaga BiH i [&hellip;]","og_url":"https:\/\/radioljubuski.ba\/index.php\/2021\/11\/03\/general-platzer-zajednicka-vojska-nije-utemeljena-na-daytonskom-sporazumu-necemo-slati-trupe-u-brcko\/","og_site_name":"RADIO LJUBU\u0160KI","article_publisher":"https:\/\/www.facebook.com\/Radiio-Ljubuski-1490835324566332","article_published_time":"2021-11-03T18:38:21+00:00","og_image":[{"width":900,"height":600,"url":"https:\/\/radioljubuski.ba\/wp-content\/uploads\/2021\/11\/platzer.jpg","type":"image\/jpeg"}],"author":"Radio Ljubu\u0161ki","twitter_card":"summary_large_image","twitter_creator":"@radioljubuski","twitter_site":"@radioljubuski","twitter_misc":{"Napisao\/la":"Radio Ljubu\u0161ki","Procijenjeno vrijeme \u010ditanja":"2 minute"},"schema":{"@context":"https:\/\/schema.org","@graph":[{"@type":"Article","@id":"https:\/\/radioljubuski.ba\/index.php\/2021\/11\/03\/general-platzer-zajednicka-vojska-nije-utemeljena-na-daytonskom-sporazumu-necemo-slati-trupe-u-brcko\/#article","isPartOf":{"@id":"https:\/\/radioljubuski.ba\/index.php\/2021\/11\/03\/general-platzer-zajednicka-vojska-nije-utemeljena-na-daytonskom-sporazumu-necemo-slati-trupe-u-brcko\/"},"author":{"name":"Radio Ljubu\u0161ki","@id":"https:\/\/radioljubuski.ba\/#\/schema\/person\/19fc700381a780f69665d7956c469e3b"},"headline":"General Platzer: Zajedni\u010dka vojska nije utemeljena na Daytonskom sporazumu, ne\u0107emo slati trupe u Br\u010dko","datePublished":"2021-11-03T18:38:21+00:00","mainEntityOfPage":{"@id":"https:\/\/radioljubuski.ba\/index.php\/2021\/11\/03\/general-platzer-zajednicka-vojska-nije-utemeljena-na-daytonskom-sporazumu-necemo-slati-trupe-u-brcko\/"},"wordCount":354,"publisher":{"@id":"https:\/\/radioljubuski.ba\/#organization"},"image":{"@id":"https:\/\/radioljubuski.ba\/index.php\/2021\/11\/03\/general-platzer-zajednicka-vojska-nije-utemeljena-na-daytonskom-sporazumu-necemo-slati-trupe-u-brcko\/#primaryimage"},"thumbnailUrl":"https:\/\/radioljubuski.ba\/wp-content\/uploads\/2021\/11\/platzer.jpg","articleSection":["BIH i regija"],"inLanguage":"hr"},{"@type":"WebPage","@id":"https:\/\/radioljubuski.ba\/index.php\/2021\/11\/03\/general-platzer-zajednicka-vojska-nije-utemeljena-na-daytonskom-sporazumu-necemo-slati-trupe-u-brcko\/","url":"https:\/\/radioljubuski.ba\/index.php\/2021\/11\/03\/general-platzer-zajednicka-vojska-nije-utemeljena-na-daytonskom-sporazumu-necemo-slati-trupe-u-brcko\/","name":"General Platzer: Zajedni\u010dka vojska nije utemeljena na Daytonskom sporazumu, ne\u0107emo slati trupe u Br\u010dko - RADIO LJUBU\u0160KI","isPartOf":{"@id":"https:\/\/radioljubuski.ba\/#website"},"primaryImageOfPage":{"@id":"https:\/\/radioljubuski.ba\/index.php\/2021\/11\/03\/general-platzer-zajednicka-vojska-nije-utemeljena-na-daytonskom-sporazumu-necemo-slati-trupe-u-brcko\/#primaryimage"},"image":{"@id":"https:\/\/radioljubuski.ba\/index.php\/2021\/11\/03\/general-platzer-zajednicka-vojska-nije-utemeljena-na-daytonskom-sporazumu-necemo-slati-trupe-u-brcko\/#primaryimage"},"thumbnailUrl":"https:\/\/radioljubuski.ba\/wp-content\/uploads\/2021\/11\/platzer.jpg","datePublished":"2021-11-03T18:38:21+00:00","breadcrumb":{"@id":"https:\/\/radioljubuski.ba\/index.php\/2021\/11\/03\/general-platzer-zajednicka-vojska-nije-utemeljena-na-daytonskom-sporazumu-necemo-slati-trupe-u-brcko\/#breadcrumb"},"inLanguage":"hr","potentialAction":[{"@type":"ReadAction","target":["https:\/\/radioljubuski.ba\/index.php\/2021\/11\/03\/general-platzer-zajednicka-vojska-nije-utemeljena-na-daytonskom-sporazumu-necemo-slati-trupe-u-brcko\/"]}]},{"@type":"ImageObject","inLanguage":"hr","@id":"https:\/\/radioljubuski.ba\/index.php\/2021\/11\/03\/general-platzer-zajednicka-vojska-nije-utemeljena-na-daytonskom-sporazumu-necemo-slati-trupe-u-brcko\/#primaryimage","url":"https:\/\/radioljubuski.ba\/wp-content\/uploads\/2021\/11\/platzer.jpg","contentUrl":"https:\/\/radioljubuski.ba\/wp-content\/uploads\/2021\/11\/platzer.jpg","width":900,"height":600},{"@type":"BreadcrumbList","@id":"https:\/\/radioljubuski.ba\/index.php\/2021\/11\/03\/general-platzer-zajednicka-vojska-nije-utemeljena-na-daytonskom-sporazumu-necemo-slati-trupe-u-brcko\/#breadcrumb","itemListElement":[{"@type":"ListItem","position":1,"name":"Po\u010detna stranica","item":"https:\/\/radioljubuski.ba\/"},{"@type":"ListItem","position":2,"name":"General Platzer: Zajedni\u010dka vojska nije utemeljena na Daytonskom sporazumu, ne\u0107emo slati trupe u Br\u010dko"}]},{"@type":"WebSite","@id":"https:\/\/radioljubuski.ba\/#website","url":"https:\/\/radioljubuski.ba\/","name":"Radio Ljubu\u0161ki","description":"Sun\u010dana frekvencija Hercegovine","publisher":{"@id":"https:\/\/radioljubuski.ba\/#organization"},"potentialAction":[{"@type":"SearchAction","target":{"@type":"EntryPoint","urlTemplate":"https:\/\/radioljubuski.ba\/?s={search_term_string}"},"query-input":{"@type":"PropertyValueSpecification","valueRequired":true,"valueName":"search_term_string"}}],"inLanguage":"hr"},{"@type":"Organization","@id":"https:\/\/radioljubuski.ba\/#organization","name":"Radio Ljubu\u0161ki","url":"https:\/\/radioljubuski.ba\/","logo":{"@type":"ImageObject","inLanguage":"hr","@id":"https:\/\/radioljubuski.ba\/#\/schema\/logo\/image\/","url":"https:\/\/radioljubuski.ba\/wp-content\/uploads\/2021\/02\/cropped-Radio_Ljubuski_logo1.jpg","contentUrl":"https:\/\/radioljubuski.ba\/wp-content\/uploads\/2021\/02\/cropped-Radio_Ljubuski_logo1.jpg","width":512,"height":512,"caption":"Radio Ljubu\u0161ki"},"image":{"@id":"https:\/\/radioljubuski.ba\/#\/schema\/logo\/image\/"},"sameAs":["https:\/\/www.facebook.com\/Radiio-Ljubuski-1490835324566332","https:\/\/x.com\/radioljubuski","https:\/\/hr.linkedin.com\/company\/radio-ljubuski","https:\/\/www.youtube.com\/channel\/UCHYaeO_n0Db3tjNGudGpXyw"]},{"@type":"Person","@id":"https:\/\/radioljubuski.ba\/#\/schema\/person\/19fc700381a780f69665d7956c469e3b","name":"Radio Ljubu\u0161ki"}]}},"_links":{"self":[{"href":"https:\/\/radioljubuski.ba\/index.php\/wp-json\/wp\/v2\/posts\/84670","targetHints":{"allow":["GET"]}}],"collection":[{"href":"https:\/\/radioljubuski.ba\/index.php\/wp-json\/wp\/v2\/posts"}],"about":[{"href":"https:\/\/radioljubuski.ba\/index.php\/wp-json\/wp\/v2\/types\/post"}],"author":[{"embeddable":true,"href":"https:\/\/radioljubuski.ba\/index.php\/wp-json\/wp\/v2\/users\/2"}],"replies":[{"embeddable":true,"href":"https:\/\/radioljubuski.ba\/index.php\/wp-json\/wp\/v2\/comments?post=84670"}],"version-history":[{"count":1,"href":"https:\/\/radioljubuski.ba\/index.php\/wp-json\/wp\/v2\/posts\/84670\/revisions"}],"predecessor-version":[{"id":84672,"href":"https:\/\/radioljubuski.ba\/index.php\/wp-json\/wp\/v2\/posts\/84670\/revisions\/84672"}],"wp:featuredmedia":[{"embeddable":true,"href":"https:\/\/radioljubuski.ba\/index.php\/wp-json\/wp\/v2\/media\/84671"}],"wp:attachment":[{"href":"https:\/\/radioljubuski.ba\/index.php\/wp-json\/wp\/v2\/media?parent=84670"}],"wp:term":[{"taxonomy":"category","embeddable":true,"href":"https:\/\/radioljubuski.ba\/index.php\/wp-json\/wp\/v2\/categories?post=84670"},{"taxonomy":"post_tag","embeddable":true,"href":"https:\/\/radioljubuski.ba\/index.php\/wp-json\/wp\/v2\/tags?post=84670"}],"curies":[{"name":"wp","href":"https:\/\/api.w.org\/{rel}","templated":true}]}}