{"id":84679,"date":"2021-11-03T19:47:13","date_gmt":"2021-11-03T18:47:13","guid":{"rendered":"https:\/\/radioljubuski.ba\/?p=84679"},"modified":"2021-11-03T19:47:14","modified_gmt":"2021-11-03T18:47:14","slug":"biciklisticki-klub-ljubuski-u-natjecateljskoj-sezoni-2021-u-potpunosti-ostvario-postavljene-ciljeve","status":"publish","type":"post","link":"https:\/\/radioljubuski.ba\/index.php\/2021\/11\/03\/biciklisticki-klub-ljubuski-u-natjecateljskoj-sezoni-2021-u-potpunosti-ostvario-postavljene-ciljeve\/","title":{"rendered":"Biciklisti\u010dki klub Ljubu\u0161ki u natjecateljskoj sezoni 2021. u potpunosti ostvario postavljene ciljeve"},"content":{"rendered":"\n<p>Biciklisti\u010dki klub Ljubu\u0161ki se na svojoj facebook stranici osvrnuo na ovogodi\u0161nju natjecateljsku sezonu koja je i slu\u017ebeno zavr\u0161ila.<\/p>\n\n\n\n<p>Osvrt prenosimo u cijelosti:<\/p>\n\n\n\n<p>Natjecateljska sezona 2021. je i slu\u017ebeno zavr\u0161ila, a mi imamo sjajne rezultate i razlog za slavlje.<\/p>\n\n\n\n<p>Podsjetimo se da je ovo prvo pojavljivanje BK Ljubu\u0161ki na natjecateljskoj sceni u BiH i da smo ve\u0107 u prvoj godini postavili visoke ciljeve koje smo ostvarili.<\/p>\n\n\n\n<p>BK Ljubu\u0161ki ima sada slu\u017ebeno:<\/p>\n\n\n\n<p>Prvakinju BiH u XCO i XCU disciplini i osvaja\u010dica XC premijer lige BiH kategorija Mla\u0111i kadeti &#8211; Dragana Mati\u0107<\/p>\n\n\n\n<p>U generalnom poretku XC lige ekipno smo osvojili 7. mjesto u konkurenciji od 17. klubova.<\/p>\n\n\n\n<p>U Master XC ligi BiH istaknuli bi Vice prvaka u kategoriji Master B <a href=\"https:\/\/www.facebook.com\/mirko.luburic?__cft__%5b0%5d=AZUjBFH88kDEcm9MOkAYSo6n38XksNzZl4K1nkZTiKGgn1qY0-77oJ8sMi3kIjmM4M_tnwrJhoX71CGlJLHfY5XXe1pLrDUEsX3z10U5UIEA0o_vkLz5lTMu4cvxIhLOBmg&amp;__tn__=-%5dK-R\">Mirko Luburic<\/a><\/p>\n\n\n\n<p>Ekipno u generalnom poretku Master XC lige smo osvojili 3. mjesto.<\/p>\n\n\n\n<p>Ovim putem se zahvaljivamo svim natjecateljima koji su doprinjeli ovom povijesnom uspjehu kluba i vjerujemo da \u0107emo dogodine biti jo\u0161 uspje\u0161niji.<\/p>\n\n\n\n<p>Zahvale idu i na\u0161im sponzorima koji su nam omogu\u0107ili ovaj uspjeh,a to su:<\/p>\n\n\n\n<p><a href=\"https:\/\/www.facebook.com\/Grad-Ljubuski-1716856021882848\/?__cft__%5b0%5d=AZUjBFH88kDEcm9MOkAYSo6n38XksNzZl4K1nkZTiKGgn1qY0-77oJ8sMi3kIjmM4M_tnwrJhoX71CGlJLHfY5XXe1pLrDUEsX3z10U5UIEA0o_vkLz5lTMu4cvxIhLOBmg&amp;__tn__=kK-R\">Grad Ljubuski<\/a> <a href=\"https:\/\/www.facebook.com\/nissan\/?__cft__%5b0%5d=AZUjBFH88kDEcm9MOkAYSo6n38XksNzZl4K1nkZTiKGgn1qY0-77oJ8sMi3kIjmM4M_tnwrJhoX71CGlJLHfY5XXe1pLrDUEsX3z10U5UIEA0o_vkLz5lTMu4cvxIhLOBmg&amp;__tn__=kK-R\">Nissan<\/a> <a href=\"https:\/\/www.facebook.com\/gumambh\/?__cft__%5b0%5d=AZUjBFH88kDEcm9MOkAYSo6n38XksNzZl4K1nkZTiKGgn1qY0-77oJ8sMi3kIjmM4M_tnwrJhoX71CGlJLHfY5XXe1pLrDUEsX3z10U5UIEA0o_vkLz5lTMu4cvxIhLOBmg&amp;__tn__=kK-R\">GUMA M<\/a> <a href=\"https:\/\/www.facebook.com\/MINA-doo-Grude-1006689999393782\/?__cft__%5b0%5d=AZUjBFH88kDEcm9MOkAYSo6n38XksNzZl4K1nkZTiKGgn1qY0-77oJ8sMi3kIjmM4M_tnwrJhoX71CGlJLHfY5XXe1pLrDUEsX3z10U5UIEA0o_vkLz5lTMu4cvxIhLOBmg&amp;__tn__=kK-R\">MINA doo Grude<\/a> <a href=\"https:\/\/www.facebook.com\/hotelbigeste\/?__cft__%5b0%5d=AZUjBFH88kDEcm9MOkAYSo6n38XksNzZl4K1nkZTiKGgn1qY0-77oJ8sMi3kIjmM4M_tnwrJhoX71CGlJLHfY5XXe1pLrDUEsX3z10U5UIEA0o_vkLz5lTMu4cvxIhLOBmg&amp;__tn__=kK-R\">Hotel Bigeste<\/a> <a href=\"https:\/\/www.facebook.com\/elmexljubuski\/?__cft__%5b0%5d=AZUjBFH88kDEcm9MOkAYSo6n38XksNzZl4K1nkZTiKGgn1qY0-77oJ8sMi3kIjmM4M_tnwrJhoX71CGlJLHfY5XXe1pLrDUEsX3z10U5UIEA0o_vkLz5lTMu4cvxIhLOBmg&amp;__tn__=kK-R\">Elmex &#8211; elektro partner<\/a> <a href=\"https:\/\/www.facebook.com\/elvisauto\/?__cft__%5b0%5d=AZUjBFH88kDEcm9MOkAYSo6n38XksNzZl4K1nkZTiKGgn1qY0-77oJ8sMi3kIjmM4M_tnwrJhoX71CGlJLHfY5XXe1pLrDUEsX3z10U5UIEA0o_vkLz5lTMu4cvxIhLOBmg&amp;__tn__=kK-R\">Elvis Auto<\/a> <a href=\"https:\/\/www.facebook.com\/rentcarlux\/?__cft__%5b0%5d=AZUjBFH88kDEcm9MOkAYSo6n38XksNzZl4K1nkZTiKGgn1qY0-77oJ8sMi3kIjmM4M_tnwrJhoX71CGlJLHfY5XXe1pLrDUEsX3z10U5UIEA0o_vkLz5lTMu4cvxIhLOBmg&amp;__tn__=kK-R\">LUX rent a car<\/a> <a href=\"https:\/\/www.facebook.com\/autovasilj\/?__cft__%5b0%5d=AZUjBFH88kDEcm9MOkAYSo6n38XksNzZl4K1nkZTiKGgn1qY0-77oJ8sMi3kIjmM4M_tnwrJhoX71CGlJLHfY5XXe1pLrDUEsX3z10U5UIEA0o_vkLz5lTMu4cvxIhLOBmg&amp;__tn__=kK-R\">Auto Vasilj doo Ljubu\u0161ki<\/a> <a href=\"https:\/\/www.facebook.com\/JP-Parkovi-Ljubuski-618371548279508\/?__cft__%5b0%5d=AZUjBFH88kDEcm9MOkAYSo6n38XksNzZl4K1nkZTiKGgn1qY0-77oJ8sMi3kIjmM4M_tnwrJhoX71CGlJLHfY5XXe1pLrDUEsX3z10U5UIEA0o_vkLz5lTMu4cvxIhLOBmg&amp;__tn__=kK-R\">JP Parkovi Ljubuski<\/a> <a href=\"https:\/\/www.facebook.com\/msibike\/?__cft__%5b0%5d=AZUjBFH88kDEcm9MOkAYSo6n38XksNzZl4K1nkZTiKGgn1qY0-77oJ8sMi3kIjmM4M_tnwrJhoX71CGlJLHfY5XXe1pLrDUEsX3z10U5UIEA0o_vkLz5lTMu4cvxIhLOBmg&amp;__tn__=kK-R\">MSI Bike<\/a> <a href=\"https:\/\/www.facebook.com\/kerametal.ljubuski\/?__cft__%5b0%5d=AZUjBFH88kDEcm9MOkAYSo6n38XksNzZl4K1nkZTiKGgn1qY0-77oJ8sMi3kIjmM4M_tnwrJhoX71CGlJLHfY5XXe1pLrDUEsX3z10U5UIEA0o_vkLz5lTMu4cvxIhLOBmg&amp;__tn__=kK-R\">Kerametal Ljubu\u0161ki<\/a> <a href=\"https:\/\/www.facebook.com\/voda.Leda\/?__cft__%5b0%5d=AZUjBFH88kDEcm9MOkAYSo6n38XksNzZl4K1nkZTiKGgn1qY0-77oJ8sMi3kIjmM4M_tnwrJhoX71CGlJLHfY5XXe1pLrDUEsX3z10U5UIEA0o_vkLz5lTMu4cvxIhLOBmg&amp;__tn__=kK-R\">Leda<\/a> <a href=\"https:\/\/www.facebook.com\/ramljakmedia\/?__cft__%5b0%5d=AZUjBFH88kDEcm9MOkAYSo6n38XksNzZl4K1nkZTiKGgn1qY0-77oJ8sMi3kIjmM4M_tnwrJhoX71CGlJLHfY5XXe1pLrDUEsX3z10U5UIEA0o_vkLz5lTMu4cvxIhLOBmg&amp;__tn__=kK-R\">R media<\/a> <a href=\"https:\/\/www.facebook.com\/Radio-Ljubu%C5%A1ki-168112865100\/?__cft__%5b0%5d=AZUjBFH88kDEcm9MOkAYSo6n38XksNzZl4K1nkZTiKGgn1qY0-77oJ8sMi3kIjmM4M_tnwrJhoX71CGlJLHfY5XXe1pLrDUEsX3z10U5UIEA0o_vkLz5lTMu4cvxIhLOBmg&amp;__tn__=kK-R\">Radio Ljubu\u0161ki<\/a> <a href=\"https:\/\/www.facebook.com\/iksportal\/?__cft__%5b0%5d=AZUjBFH88kDEcm9MOkAYSo6n38XksNzZl4K1nkZTiKGgn1qY0-77oJ8sMi3kIjmM4M_tnwrJhoX71CGlJLHfY5XXe1pLrDUEsX3z10U5UIEA0o_vkLz5lTMu4cvxIhLOBmg&amp;__tn__=kK-R\">Ljubu\u0161ki Iks Portal<\/a> <a href=\"https:\/\/www.facebook.com\/hercegovacka.pivovara\/?__cft__%5b0%5d=AZUjBFH88kDEcm9MOkAYSo6n38XksNzZl4K1nkZTiKGgn1qY0-77oJ8sMi3kIjmM4M_tnwrJhoX71CGlJLHfY5XXe1pLrDUEsX3z10U5UIEA0o_vkLz5lTMu4cvxIhLOBmg&amp;__tn__=kK-R\">Hercegova\u010dka Pivovara<\/a> <a href=\"https:\/\/www.facebook.com\/centralosiguranje\/?__cft__%5b0%5d=AZUjBFH88kDEcm9MOkAYSo6n38XksNzZl4K1nkZTiKGgn1qY0-77oJ8sMi3kIjmM4M_tnwrJhoX71CGlJLHfY5XXe1pLrDUEsX3z10U5UIEA0o_vkLz5lTMu4cvxIhLOBmg&amp;__tn__=kK-R\">Central osiguranje<\/a> <a href=\"https:\/\/www.facebook.com\/Dzajic.Commerce.doo\/?__cft__%5b0%5d=AZUjBFH88kDEcm9MOkAYSo6n38XksNzZl4K1nkZTiKGgn1qY0-77oJ8sMi3kIjmM4M_tnwrJhoX71CGlJLHfY5XXe1pLrDUEsX3z10U5UIEA0o_vkLz5lTMu4cvxIhLOBmg&amp;__tn__=kK-R\">D\u017eaji\u0107-Commerce d.o.o.<\/a> <a href=\"https:\/\/www.facebook.com\/planinicdiskont\/?__cft__%5b0%5d=AZUjBFH88kDEcm9MOkAYSo6n38XksNzZl4K1nkZTiKGgn1qY0-77oJ8sMi3kIjmM4M_tnwrJhoX71CGlJLHfY5XXe1pLrDUEsX3z10U5UIEA0o_vkLz5lTMu4cvxIhLOBmg&amp;__tn__=kK-R\">Diskont Planini\u0107<\/a> <a href=\"https:\/\/www.facebook.com\/dugatehna\/?__cft__%5b0%5d=AZUjBFH88kDEcm9MOkAYSo6n38XksNzZl4K1nkZTiKGgn1qY0-77oJ8sMi3kIjmM4M_tnwrJhoX71CGlJLHfY5XXe1pLrDUEsX3z10U5UIEA0o_vkLz5lTMu4cvxIhLOBmg&amp;__tn__=kK-R\">Duga-tehna d.o.o.<\/a> <a href=\"https:\/\/www.facebook.com\/laserbih\/?__cft__%5b0%5d=AZUjBFH88kDEcm9MOkAYSo6n38XksNzZl4K1nkZTiKGgn1qY0-77oJ8sMi3kIjmM4M_tnwrJhoX71CGlJLHfY5XXe1pLrDUEsX3z10U5UIEA0o_vkLz5lTMu4cvxIhLOBmg&amp;__tn__=kK-R\">Laser Ljubu\u0161ki d.o.o<\/a><\/p>\n\n\n\n<p>Uprava BK Ljubu\u0161ki<\/p>\n\n\n\n<p>Izvor:Facebook\/BK Ljubu\u0161ki<\/p>\n\n\n\n<p>Radio Ljubu\u0161ki<\/p>\n","protected":false},"excerpt":{"rendered":"<p>Biciklisti\u010dki klub Ljubu\u0161ki se na svojoj facebook stranici osvrnuo na ovogodi\u0161nju natjecateljsku sezonu koja je i slu\u017ebeno zavr\u0161ila. Osvrt prenosimo u cijelosti: Natjecateljska sezona 2021. je i slu\u017ebeno zavr\u0161ila, a mi imamo sjajne rezultate i razlog za slavlje. Podsjetimo se da je ovo prvo pojavljivanje BK Ljubu\u0161ki na natjecateljskoj sceni u BiH i da smo [&hellip;]<\/p>\n","protected":false},"author":2,"featured_media":84680,"comment_status":"closed","ping_status":"closed","sticky":false,"template":"","format":"standard","meta":{"h5ap_radio_sources":[],"footnotes":""},"categories":[3],"tags":[],"class_list":["post-84679","post","type-post","status-publish","format-standard","has-post-thumbnail","hentry","category-ljubuski"],"yoast_head":"<!-- This site is optimized with the Yoast SEO plugin v27.5 - https:\/\/yoast.com\/product\/yoast-seo-wordpress\/ -->\n<title>Biciklisti\u010dki klub Ljubu\u0161ki u natjecateljskoj sezoni 2021. u potpunosti ostvario postavljene ciljeve - RADIO LJUBU\u0160KI<\/title>\n<meta name=\"robots\" content=\"index, follow, max-snippet:-1, max-image-preview:large, max-video-preview:-1\" \/>\n<link rel=\"canonical\" href=\"https:\/\/radioljubuski.ba\/index.php\/2021\/11\/03\/biciklisticki-klub-ljubuski-u-natjecateljskoj-sezoni-2021-u-potpunosti-ostvario-postavljene-ciljeve\/\" \/>\n<meta property=\"og:locale\" content=\"hr_HR\" \/>\n<meta property=\"og:type\" content=\"article\" \/>\n<meta property=\"og:title\" content=\"Biciklisti\u010dki klub Ljubu\u0161ki u natjecateljskoj sezoni 2021. u potpunosti ostvario postavljene ciljeve - RADIO LJUBU\u0160KI\" \/>\n<meta property=\"og:description\" content=\"Biciklisti\u010dki klub Ljubu\u0161ki se na svojoj facebook stranici osvrnuo na ovogodi\u0161nju natjecateljsku sezonu koja je i slu\u017ebeno zavr\u0161ila. Osvrt prenosimo u cijelosti: Natjecateljska sezona 2021. je i slu\u017ebeno zavr\u0161ila, a mi imamo sjajne rezultate i razlog za slavlje. Podsjetimo se da je ovo prvo pojavljivanje BK Ljubu\u0161ki na natjecateljskoj sceni u BiH i da smo [&hellip;]\" \/>\n<meta property=\"og:url\" content=\"https:\/\/radioljubuski.ba\/index.php\/2021\/11\/03\/biciklisticki-klub-ljubuski-u-natjecateljskoj-sezoni-2021-u-potpunosti-ostvario-postavljene-ciljeve\/\" \/>\n<meta property=\"og:site_name\" content=\"RADIO LJUBU\u0160KI\" \/>\n<meta property=\"article:publisher\" content=\"https:\/\/www.facebook.com\/Radiio-Ljubuski-1490835324566332\" \/>\n<meta property=\"article:published_time\" content=\"2021-11-03T18:47:13+00:00\" \/>\n<meta property=\"article:modified_time\" content=\"2021-11-03T18:47:14+00:00\" \/>\n<meta property=\"og:image\" content=\"https:\/\/radioljubuski.ba\/wp-content\/uploads\/2021\/11\/246457479_994051447812643_454928623063783321_n.jpg\" \/>\n\t<meta property=\"og:image:width\" content=\"960\" \/>\n\t<meta property=\"og:image:height\" content=\"720\" \/>\n\t<meta property=\"og:image:type\" content=\"image\/jpeg\" \/>\n<meta name=\"author\" content=\"Radio Ljubu\u0161ki\" \/>\n<meta name=\"twitter:card\" content=\"summary_large_image\" \/>\n<meta name=\"twitter:creator\" content=\"@radioljubuski\" \/>\n<meta name=\"twitter:site\" content=\"@radioljubuski\" \/>\n<meta name=\"twitter:label1\" content=\"Napisao\/la\" \/>\n\t<meta name=\"twitter:data1\" content=\"Radio Ljubu\u0161ki\" \/>\n\t<meta name=\"twitter:label2\" content=\"Procijenjeno vrijeme \u010ditanja\" \/>\n\t<meta name=\"twitter:data2\" content=\"1 minuta\" \/>\n<script type=\"application\/ld+json\" class=\"yoast-schema-graph\">{\"@context\":\"https:\\\/\\\/schema.org\",\"@graph\":[{\"@type\":\"Article\",\"@id\":\"https:\\\/\\\/radioljubuski.ba\\\/index.php\\\/2021\\\/11\\\/03\\\/biciklisticki-klub-ljubuski-u-natjecateljskoj-sezoni-2021-u-potpunosti-ostvario-postavljene-ciljeve\\\/#article\",\"isPartOf\":{\"@id\":\"https:\\\/\\\/radioljubuski.ba\\\/index.php\\\/2021\\\/11\\\/03\\\/biciklisticki-klub-ljubuski-u-natjecateljskoj-sezoni-2021-u-potpunosti-ostvario-postavljene-ciljeve\\\/\"},\"author\":{\"name\":\"Radio Ljubu\u0161ki\",\"@id\":\"https:\\\/\\\/radioljubuski.ba\\\/#\\\/schema\\\/person\\\/19fc700381a780f69665d7956c469e3b\"},\"headline\":\"Biciklisti\u010dki klub Ljubu\u0161ki u natjecateljskoj sezoni 2021. u potpunosti ostvario postavljene ciljeve\",\"datePublished\":\"2021-11-03T18:47:13+00:00\",\"dateModified\":\"2021-11-03T18:47:14+00:00\",\"mainEntityOfPage\":{\"@id\":\"https:\\\/\\\/radioljubuski.ba\\\/index.php\\\/2021\\\/11\\\/03\\\/biciklisticki-klub-ljubuski-u-natjecateljskoj-sezoni-2021-u-potpunosti-ostvario-postavljene-ciljeve\\\/\"},\"wordCount\":267,\"publisher\":{\"@id\":\"https:\\\/\\\/radioljubuski.ba\\\/#organization\"},\"image\":{\"@id\":\"https:\\\/\\\/radioljubuski.ba\\\/index.php\\\/2021\\\/11\\\/03\\\/biciklisticki-klub-ljubuski-u-natjecateljskoj-sezoni-2021-u-potpunosti-ostvario-postavljene-ciljeve\\\/#primaryimage\"},\"thumbnailUrl\":\"https:\\\/\\\/radioljubuski.ba\\\/wp-content\\\/uploads\\\/2021\\\/11\\\/246457479_994051447812643_454928623063783321_n.jpg\",\"articleSection\":[\"Ljubu\u0161ki\"],\"inLanguage\":\"hr\"},{\"@type\":\"WebPage\",\"@id\":\"https:\\\/\\\/radioljubuski.ba\\\/index.php\\\/2021\\\/11\\\/03\\\/biciklisticki-klub-ljubuski-u-natjecateljskoj-sezoni-2021-u-potpunosti-ostvario-postavljene-ciljeve\\\/\",\"url\":\"https:\\\/\\\/radioljubuski.ba\\\/index.php\\\/2021\\\/11\\\/03\\\/biciklisticki-klub-ljubuski-u-natjecateljskoj-sezoni-2021-u-potpunosti-ostvario-postavljene-ciljeve\\\/\",\"name\":\"Biciklisti\u010dki klub Ljubu\u0161ki u natjecateljskoj sezoni 2021. u potpunosti ostvario postavljene ciljeve - RADIO LJUBU\u0160KI\",\"isPartOf\":{\"@id\":\"https:\\\/\\\/radioljubuski.ba\\\/#website\"},\"primaryImageOfPage\":{\"@id\":\"https:\\\/\\\/radioljubuski.ba\\\/index.php\\\/2021\\\/11\\\/03\\\/biciklisticki-klub-ljubuski-u-natjecateljskoj-sezoni-2021-u-potpunosti-ostvario-postavljene-ciljeve\\\/#primaryimage\"},\"image\":{\"@id\":\"https:\\\/\\\/radioljubuski.ba\\\/index.php\\\/2021\\\/11\\\/03\\\/biciklisticki-klub-ljubuski-u-natjecateljskoj-sezoni-2021-u-potpunosti-ostvario-postavljene-ciljeve\\\/#primaryimage\"},\"thumbnailUrl\":\"https:\\\/\\\/radioljubuski.ba\\\/wp-content\\\/uploads\\\/2021\\\/11\\\/246457479_994051447812643_454928623063783321_n.jpg\",\"datePublished\":\"2021-11-03T18:47:13+00:00\",\"dateModified\":\"2021-11-03T18:47:14+00:00\",\"breadcrumb\":{\"@id\":\"https:\\\/\\\/radioljubuski.ba\\\/index.php\\\/2021\\\/11\\\/03\\\/biciklisticki-klub-ljubuski-u-natjecateljskoj-sezoni-2021-u-potpunosti-ostvario-postavljene-ciljeve\\\/#breadcrumb\"},\"inLanguage\":\"hr\",\"potentialAction\":[{\"@type\":\"ReadAction\",\"target\":[\"https:\\\/\\\/radioljubuski.ba\\\/index.php\\\/2021\\\/11\\\/03\\\/biciklisticki-klub-ljubuski-u-natjecateljskoj-sezoni-2021-u-potpunosti-ostvario-postavljene-ciljeve\\\/\"]}]},{\"@type\":\"ImageObject\",\"inLanguage\":\"hr\",\"@id\":\"https:\\\/\\\/radioljubuski.ba\\\/index.php\\\/2021\\\/11\\\/03\\\/biciklisticki-klub-ljubuski-u-natjecateljskoj-sezoni-2021-u-potpunosti-ostvario-postavljene-ciljeve\\\/#primaryimage\",\"url\":\"https:\\\/\\\/radioljubuski.ba\\\/wp-content\\\/uploads\\\/2021\\\/11\\\/246457479_994051447812643_454928623063783321_n.jpg\",\"contentUrl\":\"https:\\\/\\\/radioljubuski.ba\\\/wp-content\\\/uploads\\\/2021\\\/11\\\/246457479_994051447812643_454928623063783321_n.jpg\",\"width\":960,\"height\":720},{\"@type\":\"BreadcrumbList\",\"@id\":\"https:\\\/\\\/radioljubuski.ba\\\/index.php\\\/2021\\\/11\\\/03\\\/biciklisticki-klub-ljubuski-u-natjecateljskoj-sezoni-2021-u-potpunosti-ostvario-postavljene-ciljeve\\\/#breadcrumb\",\"itemListElement\":[{\"@type\":\"ListItem\",\"position\":1,\"name\":\"Po\u010detna stranica\",\"item\":\"https:\\\/\\\/radioljubuski.ba\\\/\"},{\"@type\":\"ListItem\",\"position\":2,\"name\":\"Biciklisti\u010dki klub Ljubu\u0161ki u natjecateljskoj sezoni 2021. u potpunosti ostvario postavljene ciljeve\"}]},{\"@type\":\"WebSite\",\"@id\":\"https:\\\/\\\/radioljubuski.ba\\\/#website\",\"url\":\"https:\\\/\\\/radioljubuski.ba\\\/\",\"name\":\"Radio Ljubu\u0161ki\",\"description\":\"Sun\u010dana frekvencija Hercegovine\",\"publisher\":{\"@id\":\"https:\\\/\\\/radioljubuski.ba\\\/#organization\"},\"potentialAction\":[{\"@type\":\"SearchAction\",\"target\":{\"@type\":\"EntryPoint\",\"urlTemplate\":\"https:\\\/\\\/radioljubuski.ba\\\/?s={search_term_string}\"},\"query-input\":{\"@type\":\"PropertyValueSpecification\",\"valueRequired\":true,\"valueName\":\"search_term_string\"}}],\"inLanguage\":\"hr\"},{\"@type\":\"Organization\",\"@id\":\"https:\\\/\\\/radioljubuski.ba\\\/#organization\",\"name\":\"Radio Ljubu\u0161ki\",\"url\":\"https:\\\/\\\/radioljubuski.ba\\\/\",\"logo\":{\"@type\":\"ImageObject\",\"inLanguage\":\"hr\",\"@id\":\"https:\\\/\\\/radioljubuski.ba\\\/#\\\/schema\\\/logo\\\/image\\\/\",\"url\":\"https:\\\/\\\/radioljubuski.ba\\\/wp-content\\\/uploads\\\/2021\\\/02\\\/cropped-Radio_Ljubuski_logo1.jpg\",\"contentUrl\":\"https:\\\/\\\/radioljubuski.ba\\\/wp-content\\\/uploads\\\/2021\\\/02\\\/cropped-Radio_Ljubuski_logo1.jpg\",\"width\":512,\"height\":512,\"caption\":\"Radio Ljubu\u0161ki\"},\"image\":{\"@id\":\"https:\\\/\\\/radioljubuski.ba\\\/#\\\/schema\\\/logo\\\/image\\\/\"},\"sameAs\":[\"https:\\\/\\\/www.facebook.com\\\/Radiio-Ljubuski-1490835324566332\",\"https:\\\/\\\/x.com\\\/radioljubuski\",\"https:\\\/\\\/hr.linkedin.com\\\/company\\\/radio-ljubuski\",\"https:\\\/\\\/www.youtube.com\\\/channel\\\/UCHYaeO_n0Db3tjNGudGpXyw\"]},{\"@type\":\"Person\",\"@id\":\"https:\\\/\\\/radioljubuski.ba\\\/#\\\/schema\\\/person\\\/19fc700381a780f69665d7956c469e3b\",\"name\":\"Radio Ljubu\u0161ki\"}]}<\/script>\n<!-- \/ Yoast SEO plugin. -->","yoast_head_json":{"title":"Biciklisti\u010dki klub Ljubu\u0161ki u natjecateljskoj sezoni 2021. u potpunosti ostvario postavljene ciljeve - RADIO LJUBU\u0160KI","robots":{"index":"index","follow":"follow","max-snippet":"max-snippet:-1","max-image-preview":"max-image-preview:large","max-video-preview":"max-video-preview:-1"},"canonical":"https:\/\/radioljubuski.ba\/index.php\/2021\/11\/03\/biciklisticki-klub-ljubuski-u-natjecateljskoj-sezoni-2021-u-potpunosti-ostvario-postavljene-ciljeve\/","og_locale":"hr_HR","og_type":"article","og_title":"Biciklisti\u010dki klub Ljubu\u0161ki u natjecateljskoj sezoni 2021. u potpunosti ostvario postavljene ciljeve - RADIO LJUBU\u0160KI","og_description":"Biciklisti\u010dki klub Ljubu\u0161ki se na svojoj facebook stranici osvrnuo na ovogodi\u0161nju natjecateljsku sezonu koja je i slu\u017ebeno zavr\u0161ila. Osvrt prenosimo u cijelosti: Natjecateljska sezona 2021. je i slu\u017ebeno zavr\u0161ila, a mi imamo sjajne rezultate i razlog za slavlje. Podsjetimo se da je ovo prvo pojavljivanje BK Ljubu\u0161ki na natjecateljskoj sceni u BiH i da smo [&hellip;]","og_url":"https:\/\/radioljubuski.ba\/index.php\/2021\/11\/03\/biciklisticki-klub-ljubuski-u-natjecateljskoj-sezoni-2021-u-potpunosti-ostvario-postavljene-ciljeve\/","og_site_name":"RADIO LJUBU\u0160KI","article_publisher":"https:\/\/www.facebook.com\/Radiio-Ljubuski-1490835324566332","article_published_time":"2021-11-03T18:47:13+00:00","article_modified_time":"2021-11-03T18:47:14+00:00","og_image":[{"width":960,"height":720,"url":"https:\/\/radioljubuski.ba\/wp-content\/uploads\/2021\/11\/246457479_994051447812643_454928623063783321_n.jpg","type":"image\/jpeg"}],"author":"Radio Ljubu\u0161ki","twitter_card":"summary_large_image","twitter_creator":"@radioljubuski","twitter_site":"@radioljubuski","twitter_misc":{"Napisao\/la":"Radio Ljubu\u0161ki","Procijenjeno vrijeme \u010ditanja":"1 minuta"},"schema":{"@context":"https:\/\/schema.org","@graph":[{"@type":"Article","@id":"https:\/\/radioljubuski.ba\/index.php\/2021\/11\/03\/biciklisticki-klub-ljubuski-u-natjecateljskoj-sezoni-2021-u-potpunosti-ostvario-postavljene-ciljeve\/#article","isPartOf":{"@id":"https:\/\/radioljubuski.ba\/index.php\/2021\/11\/03\/biciklisticki-klub-ljubuski-u-natjecateljskoj-sezoni-2021-u-potpunosti-ostvario-postavljene-ciljeve\/"},"author":{"name":"Radio Ljubu\u0161ki","@id":"https:\/\/radioljubuski.ba\/#\/schema\/person\/19fc700381a780f69665d7956c469e3b"},"headline":"Biciklisti\u010dki klub Ljubu\u0161ki u natjecateljskoj sezoni 2021. u potpunosti ostvario postavljene ciljeve","datePublished":"2021-11-03T18:47:13+00:00","dateModified":"2021-11-03T18:47:14+00:00","mainEntityOfPage":{"@id":"https:\/\/radioljubuski.ba\/index.php\/2021\/11\/03\/biciklisticki-klub-ljubuski-u-natjecateljskoj-sezoni-2021-u-potpunosti-ostvario-postavljene-ciljeve\/"},"wordCount":267,"publisher":{"@id":"https:\/\/radioljubuski.ba\/#organization"},"image":{"@id":"https:\/\/radioljubuski.ba\/index.php\/2021\/11\/03\/biciklisticki-klub-ljubuski-u-natjecateljskoj-sezoni-2021-u-potpunosti-ostvario-postavljene-ciljeve\/#primaryimage"},"thumbnailUrl":"https:\/\/radioljubuski.ba\/wp-content\/uploads\/2021\/11\/246457479_994051447812643_454928623063783321_n.jpg","articleSection":["Ljubu\u0161ki"],"inLanguage":"hr"},{"@type":"WebPage","@id":"https:\/\/radioljubuski.ba\/index.php\/2021\/11\/03\/biciklisticki-klub-ljubuski-u-natjecateljskoj-sezoni-2021-u-potpunosti-ostvario-postavljene-ciljeve\/","url":"https:\/\/radioljubuski.ba\/index.php\/2021\/11\/03\/biciklisticki-klub-ljubuski-u-natjecateljskoj-sezoni-2021-u-potpunosti-ostvario-postavljene-ciljeve\/","name":"Biciklisti\u010dki klub Ljubu\u0161ki u natjecateljskoj sezoni 2021. u potpunosti ostvario postavljene ciljeve - RADIO LJUBU\u0160KI","isPartOf":{"@id":"https:\/\/radioljubuski.ba\/#website"},"primaryImageOfPage":{"@id":"https:\/\/radioljubuski.ba\/index.php\/2021\/11\/03\/biciklisticki-klub-ljubuski-u-natjecateljskoj-sezoni-2021-u-potpunosti-ostvario-postavljene-ciljeve\/#primaryimage"},"image":{"@id":"https:\/\/radioljubuski.ba\/index.php\/2021\/11\/03\/biciklisticki-klub-ljubuski-u-natjecateljskoj-sezoni-2021-u-potpunosti-ostvario-postavljene-ciljeve\/#primaryimage"},"thumbnailUrl":"https:\/\/radioljubuski.ba\/wp-content\/uploads\/2021\/11\/246457479_994051447812643_454928623063783321_n.jpg","datePublished":"2021-11-03T18:47:13+00:00","dateModified":"2021-11-03T18:47:14+00:00","breadcrumb":{"@id":"https:\/\/radioljubuski.ba\/index.php\/2021\/11\/03\/biciklisticki-klub-ljubuski-u-natjecateljskoj-sezoni-2021-u-potpunosti-ostvario-postavljene-ciljeve\/#breadcrumb"},"inLanguage":"hr","potentialAction":[{"@type":"ReadAction","target":["https:\/\/radioljubuski.ba\/index.php\/2021\/11\/03\/biciklisticki-klub-ljubuski-u-natjecateljskoj-sezoni-2021-u-potpunosti-ostvario-postavljene-ciljeve\/"]}]},{"@type":"ImageObject","inLanguage":"hr","@id":"https:\/\/radioljubuski.ba\/index.php\/2021\/11\/03\/biciklisticki-klub-ljubuski-u-natjecateljskoj-sezoni-2021-u-potpunosti-ostvario-postavljene-ciljeve\/#primaryimage","url":"https:\/\/radioljubuski.ba\/wp-content\/uploads\/2021\/11\/246457479_994051447812643_454928623063783321_n.jpg","contentUrl":"https:\/\/radioljubuski.ba\/wp-content\/uploads\/2021\/11\/246457479_994051447812643_454928623063783321_n.jpg","width":960,"height":720},{"@type":"BreadcrumbList","@id":"https:\/\/radioljubuski.ba\/index.php\/2021\/11\/03\/biciklisticki-klub-ljubuski-u-natjecateljskoj-sezoni-2021-u-potpunosti-ostvario-postavljene-ciljeve\/#breadcrumb","itemListElement":[{"@type":"ListItem","position":1,"name":"Po\u010detna stranica","item":"https:\/\/radioljubuski.ba\/"},{"@type":"ListItem","position":2,"name":"Biciklisti\u010dki klub Ljubu\u0161ki u natjecateljskoj sezoni 2021. u potpunosti ostvario postavljene ciljeve"}]},{"@type":"WebSite","@id":"https:\/\/radioljubuski.ba\/#website","url":"https:\/\/radioljubuski.ba\/","name":"Radio Ljubu\u0161ki","description":"Sun\u010dana frekvencija Hercegovine","publisher":{"@id":"https:\/\/radioljubuski.ba\/#organization"},"potentialAction":[{"@type":"SearchAction","target":{"@type":"EntryPoint","urlTemplate":"https:\/\/radioljubuski.ba\/?s={search_term_string}"},"query-input":{"@type":"PropertyValueSpecification","valueRequired":true,"valueName":"search_term_string"}}],"inLanguage":"hr"},{"@type":"Organization","@id":"https:\/\/radioljubuski.ba\/#organization","name":"Radio Ljubu\u0161ki","url":"https:\/\/radioljubuski.ba\/","logo":{"@type":"ImageObject","inLanguage":"hr","@id":"https:\/\/radioljubuski.ba\/#\/schema\/logo\/image\/","url":"https:\/\/radioljubuski.ba\/wp-content\/uploads\/2021\/02\/cropped-Radio_Ljubuski_logo1.jpg","contentUrl":"https:\/\/radioljubuski.ba\/wp-content\/uploads\/2021\/02\/cropped-Radio_Ljubuski_logo1.jpg","width":512,"height":512,"caption":"Radio Ljubu\u0161ki"},"image":{"@id":"https:\/\/radioljubuski.ba\/#\/schema\/logo\/image\/"},"sameAs":["https:\/\/www.facebook.com\/Radiio-Ljubuski-1490835324566332","https:\/\/x.com\/radioljubuski","https:\/\/hr.linkedin.com\/company\/radio-ljubuski","https:\/\/www.youtube.com\/channel\/UCHYaeO_n0Db3tjNGudGpXyw"]},{"@type":"Person","@id":"https:\/\/radioljubuski.ba\/#\/schema\/person\/19fc700381a780f69665d7956c469e3b","name":"Radio Ljubu\u0161ki"}]}},"_links":{"self":[{"href":"https:\/\/radioljubuski.ba\/index.php\/wp-json\/wp\/v2\/posts\/84679","targetHints":{"allow":["GET"]}}],"collection":[{"href":"https:\/\/radioljubuski.ba\/index.php\/wp-json\/wp\/v2\/posts"}],"about":[{"href":"https:\/\/radioljubuski.ba\/index.php\/wp-json\/wp\/v2\/types\/post"}],"author":[{"embeddable":true,"href":"https:\/\/radioljubuski.ba\/index.php\/wp-json\/wp\/v2\/users\/2"}],"replies":[{"embeddable":true,"href":"https:\/\/radioljubuski.ba\/index.php\/wp-json\/wp\/v2\/comments?post=84679"}],"version-history":[{"count":1,"href":"https:\/\/radioljubuski.ba\/index.php\/wp-json\/wp\/v2\/posts\/84679\/revisions"}],"predecessor-version":[{"id":84681,"href":"https:\/\/radioljubuski.ba\/index.php\/wp-json\/wp\/v2\/posts\/84679\/revisions\/84681"}],"wp:featuredmedia":[{"embeddable":true,"href":"https:\/\/radioljubuski.ba\/index.php\/wp-json\/wp\/v2\/media\/84680"}],"wp:attachment":[{"href":"https:\/\/radioljubuski.ba\/index.php\/wp-json\/wp\/v2\/media?parent=84679"}],"wp:term":[{"taxonomy":"category","embeddable":true,"href":"https:\/\/radioljubuski.ba\/index.php\/wp-json\/wp\/v2\/categories?post=84679"},{"taxonomy":"post_tag","embeddable":true,"href":"https:\/\/radioljubuski.ba\/index.php\/wp-json\/wp\/v2\/tags?post=84679"}],"curies":[{"name":"wp","href":"https:\/\/api.w.org\/{rel}","templated":true}]}}