{"id":84713,"date":"2021-11-04T09:01:20","date_gmt":"2021-11-04T08:01:20","guid":{"rendered":"https:\/\/radioljubuski.ba\/?p=84713"},"modified":"2021-11-04T09:50:49","modified_gmt":"2021-11-04T08:50:49","slug":"eu-periskop-poslusajte-emisiju-o-konkretnoj-pomoci-eu-gradanima-u-bih","status":"publish","type":"post","link":"https:\/\/radioljubuski.ba\/index.php\/2021\/11\/04\/eu-periskop-poslusajte-emisiju-o-konkretnoj-pomoci-eu-gradanima-u-bih\/","title":{"rendered":"EU Periskop: Odlu\u010dimo da ponovo bude normalno"},"content":{"rendered":"\n<p>Suo\u010deni sa nesvakida\u0161njim izazovima i promjenama kako na lokalnom tako i na globalnom nivou, poput svih ljudi \u0161irom svijeta i gra\u0111ani Bosne i Hercegovine se ve\u0107 skoro dvije godine od po\u010detka pandemije nadaju nekom slu\u017ebenom kraju, povratku u normalno i zami\u0161ljaju kako \u0107e \u017eivot nakon pandemije izgledati. <\/p>\n\n\n\n<p>I dok mo\u017eemo zami\u0161ljati kako bi taj normalan \u017eivot izgledao, neophodno je preduzeti sve potrebne korake kako bi se osigurala sigurna budu\u0107nost. <\/p>\n\n\n\n<p>Tim Europa, tj. Europska unija i njene zemlje \u010dlanice, do sada su isporu\u010dile vi\u0161e od milion i tri stotine doza cjepiva za Bosnu i Hercegovinu kako bi se pove\u0107ao broj potpuno cijepljenih gra\u0111ana.<br><br>Anisa Olov\u010di\u0107, medicinska sestra na COVID odjelu, jedna od nedvojbenih heroina na\u0161eg vremena, prenosi svoje iskustvo cijepljenja i va\u017enosti poduzimanja ovog koraka za sigurnost svih gra\u0111ana. <\/p>\n\n\n\n<p>\u201cVakcinisala sam se prije mjesec dana kao i sve moje kolege najprije zbog posla kojim se bavim, a zatim i zbog moje porodice. Te\u0161ko je raditi na ovom odjelu. Kad volite ljude i kad volite pacijente, te\u0161ko vam pada da svakodnevno gledate njihovu borbu za \u017eivot, za zrak. Moje kolege i ja ula\u017eemo velike napore da pacijentima pomognemo i olak\u0161amo bol, a to ostavlja psihi\u010dke posljedice i na nas. S obzirom da nemamo dovoljan broj zdravstvenih radnika, u vakcinaciji vidimo spas, jer nemamo taj luksuz da se razbolimo pa da nema ko da brine o pacijentima,\u201d isti\u010de Olov\u010di\u0107.<br><\/p>\n\n\n\n<p>Medicinski radnici i osoblje, kao i svi ostali koji su i u najte\u017eim trenucima svaki dan odlazili na posao i brinuli o tome da svi dobiju potrebnu njegu, da smo svaki dan obavije\u0161teni o najnovijim doga\u0111anjima, da mo\u017eemo kupiti osnovne namirnice, dobiti po\u0161tu, imati \u010diste parkove kako bismo mogli provesti dragocijeno vrijeme na svje\u017eem zraku, i bezbroj drugih koji nikada nisu prekidali svoje obaveze kako bi svi ostali mogli nastaviti \u017eivjeti normalno, trebaju podr\u0161ku.<br><br>Anisa Olov\u010di\u0107 jedna je od mnogih koji su do cijepljenja izbjegavali kontakte sa obitelji, starijim osobama i rizi\u010dnim grupama.<\/p>\n\n\n\n<p>\u201cNakon sto smo se obje vakcinisale, strah i dalje postoji zbog prirode mog posla, ali je sada bar mogu posjetiti da popijemo kafu zajedno. Ostaje mi \u017eelja da je bez straha zagrlim i poljubim. Da dovedem moje k\u0107erke kod nje i da provode vrijeme sa svojom nanom kao u stara dobra vremena.\u201d<br><\/p>\n\n\n\n<p>Iako je budu\u0107nost neizvjesna i nesigurna, slu\u0161anjem savjeta stru\u010dnjaka i brigom o svojim najbli\u017eima, naro\u010dito rizi\u010dnim skupinama, normalno se mo\u017ee realizirati, ne samo zami\u0161ljati. <\/p>\n\n\n\n<p>\u201cNakon tre\u0107eg vala i sa po\u010detkom masovne vakcinacije, ma\u0161tamo da se vratimo na staro, me\u0111utim nama medicinarima treba vi\u0161e vremena da se oporavimo, Jo\u0161 uvijek smo u mislima sa pacijentima koji su umrli, ne mogu da ih zaboravim. Ja ho\u0107u, ali ne mogu. Pro\u017eivjeli smo pakao i vidjeli kako cijele porodice nestaju. Kada se vratim s posla ma\u0161tam kako idem na odmor sa svojom porodicom na neku daleku destinaciju, kao pravimo zajedno kule od pijeska i kupamo se u moru. Nakon vakcinacije, ta slika u mojoj glavi je sada sve realnija. Vakcinacija nije vi\u0161e stvar pojedinca, ovo je stvar mase i to nam je jedini spas, \u201c dodaje Olov\u010di\u0107.<br><br>Europska unija je za Bosnu i Hercegovinu osigurala ukupno 95 milijuna eura bespovratnih sredstava kao pomo\u0107 u borbi protiv Covida-19. Osim 13,7 miliona eura iz granta EU4Health za nabavku cjepiva i prate\u0107e opreme, EU je osigurala 7,76 miliona eura za pokrivanje medicinskih potreba (vi\u0161e od 6 miliona komada osobne za\u0161titne opreme, 66 respiratora, 75 ECG monitora, 20 prenosnih ultrazvu\u010dnih ure\u0111aja i druga oprema). Za podr\u0161ku dru\u0161tveno-ekonomskom oporavku izdvojeno je 73,5 miliona eura.<\/p>\n\n\n\n<p>Poslu\u0161ajte audio<\/p>\n\n\n\n<iframe src=\"https:\/\/drive.google.com\/file\/d\/1pRWv_7ELeszUrPedELBTdxAmB-SF7ACe\/preview\" style=\"width: 100%; height: 100px;\"><\/iframe\n\n\n\n<p>Vi\u0161e pogledajte <a href=\"https:\/\/euinfo.ba\/bs\/eu-periskop\" target=\"_blank\" rel=\"noreferrer noopener\">OVDJE<\/a><\/p>\n","protected":false},"excerpt":{"rendered":"<p>Suo\u010deni sa nesvakida\u0161njim izazovima i promjenama kako na lokalnom tako i na globalnom nivou, poput svih ljudi \u0161irom svijeta i gra\u0111ani Bosne i Hercegovine se ve\u0107 skoro dvije godine od po\u010detka pandemije nadaju nekom slu\u017ebenom kraju, povratku u normalno i zami\u0161ljaju kako \u0107e \u017eivot nakon pandemije izgledati. I dok mo\u017eemo zami\u0161ljati kako bi taj normalan [&hellip;]<\/p>\n","protected":false},"author":2,"featured_media":84720,"comment_status":"closed","ping_status":"closed","sticky":false,"template":"","format":"standard","meta":{"h5ap_radio_sources":[],"footnotes":""},"categories":[8],"tags":[],"class_list":["post-84713","post","type-post","status-publish","format-standard","has-post-thumbnail","hentry","category-rlj-audio"],"yoast_head":"<!-- This site is optimized with the Yoast SEO plugin v27.5 - https:\/\/yoast.com\/product\/yoast-seo-wordpress\/ -->\n<title>EU Periskop: Odlu\u010dimo da ponovo bude normalno - RADIO LJUBU\u0160KI<\/title>\n<meta name=\"robots\" content=\"index, follow, max-snippet:-1, max-image-preview:large, max-video-preview:-1\" \/>\n<link rel=\"canonical\" href=\"https:\/\/radioljubuski.ba\/index.php\/2021\/11\/04\/eu-periskop-poslusajte-emisiju-o-konkretnoj-pomoci-eu-gradanima-u-bih\/\" \/>\n<meta property=\"og:locale\" content=\"hr_HR\" \/>\n<meta property=\"og:type\" content=\"article\" \/>\n<meta property=\"og:title\" content=\"EU Periskop: Odlu\u010dimo da ponovo bude normalno - RADIO LJUBU\u0160KI\" \/>\n<meta property=\"og:description\" content=\"Suo\u010deni sa nesvakida\u0161njim izazovima i promjenama kako na lokalnom tako i na globalnom nivou, poput svih ljudi \u0161irom svijeta i gra\u0111ani Bosne i Hercegovine se ve\u0107 skoro dvije godine od po\u010detka pandemije nadaju nekom slu\u017ebenom kraju, povratku u normalno i zami\u0161ljaju kako \u0107e \u017eivot nakon pandemije izgledati. I dok mo\u017eemo zami\u0161ljati kako bi taj normalan [&hellip;]\" \/>\n<meta property=\"og:url\" content=\"https:\/\/radioljubuski.ba\/index.php\/2021\/11\/04\/eu-periskop-poslusajte-emisiju-o-konkretnoj-pomoci-eu-gradanima-u-bih\/\" \/>\n<meta property=\"og:site_name\" content=\"RADIO LJUBU\u0160KI\" \/>\n<meta property=\"article:publisher\" content=\"https:\/\/www.facebook.com\/Radiio-Ljubuski-1490835324566332\" \/>\n<meta property=\"article:published_time\" content=\"2021-11-04T08:01:20+00:00\" \/>\n<meta property=\"article:modified_time\" content=\"2021-11-04T08:50:49+00:00\" \/>\n<meta property=\"og:image\" content=\"https:\/\/radioljubuski.ba\/wp-content\/uploads\/2021\/11\/EU-periscope-photos-570x318-2.jpg\" \/>\n\t<meta property=\"og:image:width\" content=\"1188\" \/>\n\t<meta property=\"og:image:height\" content=\"660\" \/>\n\t<meta property=\"og:image:type\" content=\"image\/jpeg\" \/>\n<meta name=\"author\" content=\"Radio Ljubu\u0161ki\" \/>\n<meta name=\"twitter:card\" content=\"summary_large_image\" \/>\n<meta name=\"twitter:creator\" content=\"@radioljubuski\" \/>\n<meta name=\"twitter:site\" content=\"@radioljubuski\" \/>\n<meta name=\"twitter:label1\" content=\"Napisao\/la\" \/>\n\t<meta name=\"twitter:data1\" content=\"Radio Ljubu\u0161ki\" \/>\n\t<meta name=\"twitter:label2\" content=\"Procijenjeno vrijeme \u010ditanja\" \/>\n\t<meta name=\"twitter:data2\" content=\"3 minute\" \/>\n<script type=\"application\/ld+json\" class=\"yoast-schema-graph\">{\"@context\":\"https:\\\/\\\/schema.org\",\"@graph\":[{\"@type\":\"Article\",\"@id\":\"https:\\\/\\\/radioljubuski.ba\\\/index.php\\\/2021\\\/11\\\/04\\\/eu-periskop-poslusajte-emisiju-o-konkretnoj-pomoci-eu-gradanima-u-bih\\\/#article\",\"isPartOf\":{\"@id\":\"https:\\\/\\\/radioljubuski.ba\\\/index.php\\\/2021\\\/11\\\/04\\\/eu-periskop-poslusajte-emisiju-o-konkretnoj-pomoci-eu-gradanima-u-bih\\\/\"},\"author\":{\"name\":\"Radio Ljubu\u0161ki\",\"@id\":\"https:\\\/\\\/radioljubuski.ba\\\/#\\\/schema\\\/person\\\/19fc700381a780f69665d7956c469e3b\"},\"headline\":\"EU Periskop: Odlu\u010dimo da ponovo bude normalno\",\"datePublished\":\"2021-11-04T08:01:20+00:00\",\"dateModified\":\"2021-11-04T08:50:49+00:00\",\"mainEntityOfPage\":{\"@id\":\"https:\\\/\\\/radioljubuski.ba\\\/index.php\\\/2021\\\/11\\\/04\\\/eu-periskop-poslusajte-emisiju-o-konkretnoj-pomoci-eu-gradanima-u-bih\\\/\"},\"wordCount\":638,\"publisher\":{\"@id\":\"https:\\\/\\\/radioljubuski.ba\\\/#organization\"},\"image\":{\"@id\":\"https:\\\/\\\/radioljubuski.ba\\\/index.php\\\/2021\\\/11\\\/04\\\/eu-periskop-poslusajte-emisiju-o-konkretnoj-pomoci-eu-gradanima-u-bih\\\/#primaryimage\"},\"thumbnailUrl\":\"https:\\\/\\\/radioljubuski.ba\\\/wp-content\\\/uploads\\\/2021\\\/11\\\/EU-periscope-photos-570x318-2.jpg\",\"articleSection\":[\"RLJ Audio\"],\"inLanguage\":\"hr\"},{\"@type\":\"WebPage\",\"@id\":\"https:\\\/\\\/radioljubuski.ba\\\/index.php\\\/2021\\\/11\\\/04\\\/eu-periskop-poslusajte-emisiju-o-konkretnoj-pomoci-eu-gradanima-u-bih\\\/\",\"url\":\"https:\\\/\\\/radioljubuski.ba\\\/index.php\\\/2021\\\/11\\\/04\\\/eu-periskop-poslusajte-emisiju-o-konkretnoj-pomoci-eu-gradanima-u-bih\\\/\",\"name\":\"EU Periskop: Odlu\u010dimo da ponovo bude normalno - RADIO LJUBU\u0160KI\",\"isPartOf\":{\"@id\":\"https:\\\/\\\/radioljubuski.ba\\\/#website\"},\"primaryImageOfPage\":{\"@id\":\"https:\\\/\\\/radioljubuski.ba\\\/index.php\\\/2021\\\/11\\\/04\\\/eu-periskop-poslusajte-emisiju-o-konkretnoj-pomoci-eu-gradanima-u-bih\\\/#primaryimage\"},\"image\":{\"@id\":\"https:\\\/\\\/radioljubuski.ba\\\/index.php\\\/2021\\\/11\\\/04\\\/eu-periskop-poslusajte-emisiju-o-konkretnoj-pomoci-eu-gradanima-u-bih\\\/#primaryimage\"},\"thumbnailUrl\":\"https:\\\/\\\/radioljubuski.ba\\\/wp-content\\\/uploads\\\/2021\\\/11\\\/EU-periscope-photos-570x318-2.jpg\",\"datePublished\":\"2021-11-04T08:01:20+00:00\",\"dateModified\":\"2021-11-04T08:50:49+00:00\",\"breadcrumb\":{\"@id\":\"https:\\\/\\\/radioljubuski.ba\\\/index.php\\\/2021\\\/11\\\/04\\\/eu-periskop-poslusajte-emisiju-o-konkretnoj-pomoci-eu-gradanima-u-bih\\\/#breadcrumb\"},\"inLanguage\":\"hr\",\"potentialAction\":[{\"@type\":\"ReadAction\",\"target\":[\"https:\\\/\\\/radioljubuski.ba\\\/index.php\\\/2021\\\/11\\\/04\\\/eu-periskop-poslusajte-emisiju-o-konkretnoj-pomoci-eu-gradanima-u-bih\\\/\"]}]},{\"@type\":\"ImageObject\",\"inLanguage\":\"hr\",\"@id\":\"https:\\\/\\\/radioljubuski.ba\\\/index.php\\\/2021\\\/11\\\/04\\\/eu-periskop-poslusajte-emisiju-o-konkretnoj-pomoci-eu-gradanima-u-bih\\\/#primaryimage\",\"url\":\"https:\\\/\\\/radioljubuski.ba\\\/wp-content\\\/uploads\\\/2021\\\/11\\\/EU-periscope-photos-570x318-2.jpg\",\"contentUrl\":\"https:\\\/\\\/radioljubuski.ba\\\/wp-content\\\/uploads\\\/2021\\\/11\\\/EU-periscope-photos-570x318-2.jpg\",\"width\":1188,\"height\":660},{\"@type\":\"BreadcrumbList\",\"@id\":\"https:\\\/\\\/radioljubuski.ba\\\/index.php\\\/2021\\\/11\\\/04\\\/eu-periskop-poslusajte-emisiju-o-konkretnoj-pomoci-eu-gradanima-u-bih\\\/#breadcrumb\",\"itemListElement\":[{\"@type\":\"ListItem\",\"position\":1,\"name\":\"Po\u010detna stranica\",\"item\":\"https:\\\/\\\/radioljubuski.ba\\\/\"},{\"@type\":\"ListItem\",\"position\":2,\"name\":\"EU Periskop: Odlu\u010dimo da ponovo bude normalno\"}]},{\"@type\":\"WebSite\",\"@id\":\"https:\\\/\\\/radioljubuski.ba\\\/#website\",\"url\":\"https:\\\/\\\/radioljubuski.ba\\\/\",\"name\":\"Radio Ljubu\u0161ki\",\"description\":\"Sun\u010dana frekvencija Hercegovine\",\"publisher\":{\"@id\":\"https:\\\/\\\/radioljubuski.ba\\\/#organization\"},\"potentialAction\":[{\"@type\":\"SearchAction\",\"target\":{\"@type\":\"EntryPoint\",\"urlTemplate\":\"https:\\\/\\\/radioljubuski.ba\\\/?s={search_term_string}\"},\"query-input\":{\"@type\":\"PropertyValueSpecification\",\"valueRequired\":true,\"valueName\":\"search_term_string\"}}],\"inLanguage\":\"hr\"},{\"@type\":\"Organization\",\"@id\":\"https:\\\/\\\/radioljubuski.ba\\\/#organization\",\"name\":\"Radio Ljubu\u0161ki\",\"url\":\"https:\\\/\\\/radioljubuski.ba\\\/\",\"logo\":{\"@type\":\"ImageObject\",\"inLanguage\":\"hr\",\"@id\":\"https:\\\/\\\/radioljubuski.ba\\\/#\\\/schema\\\/logo\\\/image\\\/\",\"url\":\"https:\\\/\\\/radioljubuski.ba\\\/wp-content\\\/uploads\\\/2021\\\/02\\\/cropped-Radio_Ljubuski_logo1.jpg\",\"contentUrl\":\"https:\\\/\\\/radioljubuski.ba\\\/wp-content\\\/uploads\\\/2021\\\/02\\\/cropped-Radio_Ljubuski_logo1.jpg\",\"width\":512,\"height\":512,\"caption\":\"Radio Ljubu\u0161ki\"},\"image\":{\"@id\":\"https:\\\/\\\/radioljubuski.ba\\\/#\\\/schema\\\/logo\\\/image\\\/\"},\"sameAs\":[\"https:\\\/\\\/www.facebook.com\\\/Radiio-Ljubuski-1490835324566332\",\"https:\\\/\\\/x.com\\\/radioljubuski\",\"https:\\\/\\\/hr.linkedin.com\\\/company\\\/radio-ljubuski\",\"https:\\\/\\\/www.youtube.com\\\/channel\\\/UCHYaeO_n0Db3tjNGudGpXyw\"]},{\"@type\":\"Person\",\"@id\":\"https:\\\/\\\/radioljubuski.ba\\\/#\\\/schema\\\/person\\\/19fc700381a780f69665d7956c469e3b\",\"name\":\"Radio Ljubu\u0161ki\"}]}<\/script>\n<!-- \/ Yoast SEO plugin. -->","yoast_head_json":{"title":"EU Periskop: Odlu\u010dimo da ponovo bude normalno - RADIO LJUBU\u0160KI","robots":{"index":"index","follow":"follow","max-snippet":"max-snippet:-1","max-image-preview":"max-image-preview:large","max-video-preview":"max-video-preview:-1"},"canonical":"https:\/\/radioljubuski.ba\/index.php\/2021\/11\/04\/eu-periskop-poslusajte-emisiju-o-konkretnoj-pomoci-eu-gradanima-u-bih\/","og_locale":"hr_HR","og_type":"article","og_title":"EU Periskop: Odlu\u010dimo da ponovo bude normalno - RADIO LJUBU\u0160KI","og_description":"Suo\u010deni sa nesvakida\u0161njim izazovima i promjenama kako na lokalnom tako i na globalnom nivou, poput svih ljudi \u0161irom svijeta i gra\u0111ani Bosne i Hercegovine se ve\u0107 skoro dvije godine od po\u010detka pandemije nadaju nekom slu\u017ebenom kraju, povratku u normalno i zami\u0161ljaju kako \u0107e \u017eivot nakon pandemije izgledati. I dok mo\u017eemo zami\u0161ljati kako bi taj normalan [&hellip;]","og_url":"https:\/\/radioljubuski.ba\/index.php\/2021\/11\/04\/eu-periskop-poslusajte-emisiju-o-konkretnoj-pomoci-eu-gradanima-u-bih\/","og_site_name":"RADIO LJUBU\u0160KI","article_publisher":"https:\/\/www.facebook.com\/Radiio-Ljubuski-1490835324566332","article_published_time":"2021-11-04T08:01:20+00:00","article_modified_time":"2021-11-04T08:50:49+00:00","og_image":[{"width":1188,"height":660,"url":"https:\/\/radioljubuski.ba\/wp-content\/uploads\/2021\/11\/EU-periscope-photos-570x318-2.jpg","type":"image\/jpeg"}],"author":"Radio Ljubu\u0161ki","twitter_card":"summary_large_image","twitter_creator":"@radioljubuski","twitter_site":"@radioljubuski","twitter_misc":{"Napisao\/la":"Radio Ljubu\u0161ki","Procijenjeno vrijeme \u010ditanja":"3 minute"},"schema":{"@context":"https:\/\/schema.org","@graph":[{"@type":"Article","@id":"https:\/\/radioljubuski.ba\/index.php\/2021\/11\/04\/eu-periskop-poslusajte-emisiju-o-konkretnoj-pomoci-eu-gradanima-u-bih\/#article","isPartOf":{"@id":"https:\/\/radioljubuski.ba\/index.php\/2021\/11\/04\/eu-periskop-poslusajte-emisiju-o-konkretnoj-pomoci-eu-gradanima-u-bih\/"},"author":{"name":"Radio Ljubu\u0161ki","@id":"https:\/\/radioljubuski.ba\/#\/schema\/person\/19fc700381a780f69665d7956c469e3b"},"headline":"EU Periskop: Odlu\u010dimo da ponovo bude normalno","datePublished":"2021-11-04T08:01:20+00:00","dateModified":"2021-11-04T08:50:49+00:00","mainEntityOfPage":{"@id":"https:\/\/radioljubuski.ba\/index.php\/2021\/11\/04\/eu-periskop-poslusajte-emisiju-o-konkretnoj-pomoci-eu-gradanima-u-bih\/"},"wordCount":638,"publisher":{"@id":"https:\/\/radioljubuski.ba\/#organization"},"image":{"@id":"https:\/\/radioljubuski.ba\/index.php\/2021\/11\/04\/eu-periskop-poslusajte-emisiju-o-konkretnoj-pomoci-eu-gradanima-u-bih\/#primaryimage"},"thumbnailUrl":"https:\/\/radioljubuski.ba\/wp-content\/uploads\/2021\/11\/EU-periscope-photos-570x318-2.jpg","articleSection":["RLJ Audio"],"inLanguage":"hr"},{"@type":"WebPage","@id":"https:\/\/radioljubuski.ba\/index.php\/2021\/11\/04\/eu-periskop-poslusajte-emisiju-o-konkretnoj-pomoci-eu-gradanima-u-bih\/","url":"https:\/\/radioljubuski.ba\/index.php\/2021\/11\/04\/eu-periskop-poslusajte-emisiju-o-konkretnoj-pomoci-eu-gradanima-u-bih\/","name":"EU Periskop: Odlu\u010dimo da ponovo bude normalno - RADIO LJUBU\u0160KI","isPartOf":{"@id":"https:\/\/radioljubuski.ba\/#website"},"primaryImageOfPage":{"@id":"https:\/\/radioljubuski.ba\/index.php\/2021\/11\/04\/eu-periskop-poslusajte-emisiju-o-konkretnoj-pomoci-eu-gradanima-u-bih\/#primaryimage"},"image":{"@id":"https:\/\/radioljubuski.ba\/index.php\/2021\/11\/04\/eu-periskop-poslusajte-emisiju-o-konkretnoj-pomoci-eu-gradanima-u-bih\/#primaryimage"},"thumbnailUrl":"https:\/\/radioljubuski.ba\/wp-content\/uploads\/2021\/11\/EU-periscope-photos-570x318-2.jpg","datePublished":"2021-11-04T08:01:20+00:00","dateModified":"2021-11-04T08:50:49+00:00","breadcrumb":{"@id":"https:\/\/radioljubuski.ba\/index.php\/2021\/11\/04\/eu-periskop-poslusajte-emisiju-o-konkretnoj-pomoci-eu-gradanima-u-bih\/#breadcrumb"},"inLanguage":"hr","potentialAction":[{"@type":"ReadAction","target":["https:\/\/radioljubuski.ba\/index.php\/2021\/11\/04\/eu-periskop-poslusajte-emisiju-o-konkretnoj-pomoci-eu-gradanima-u-bih\/"]}]},{"@type":"ImageObject","inLanguage":"hr","@id":"https:\/\/radioljubuski.ba\/index.php\/2021\/11\/04\/eu-periskop-poslusajte-emisiju-o-konkretnoj-pomoci-eu-gradanima-u-bih\/#primaryimage","url":"https:\/\/radioljubuski.ba\/wp-content\/uploads\/2021\/11\/EU-periscope-photos-570x318-2.jpg","contentUrl":"https:\/\/radioljubuski.ba\/wp-content\/uploads\/2021\/11\/EU-periscope-photos-570x318-2.jpg","width":1188,"height":660},{"@type":"BreadcrumbList","@id":"https:\/\/radioljubuski.ba\/index.php\/2021\/11\/04\/eu-periskop-poslusajte-emisiju-o-konkretnoj-pomoci-eu-gradanima-u-bih\/#breadcrumb","itemListElement":[{"@type":"ListItem","position":1,"name":"Po\u010detna stranica","item":"https:\/\/radioljubuski.ba\/"},{"@type":"ListItem","position":2,"name":"EU Periskop: Odlu\u010dimo da ponovo bude normalno"}]},{"@type":"WebSite","@id":"https:\/\/radioljubuski.ba\/#website","url":"https:\/\/radioljubuski.ba\/","name":"Radio Ljubu\u0161ki","description":"Sun\u010dana frekvencija Hercegovine","publisher":{"@id":"https:\/\/radioljubuski.ba\/#organization"},"potentialAction":[{"@type":"SearchAction","target":{"@type":"EntryPoint","urlTemplate":"https:\/\/radioljubuski.ba\/?s={search_term_string}"},"query-input":{"@type":"PropertyValueSpecification","valueRequired":true,"valueName":"search_term_string"}}],"inLanguage":"hr"},{"@type":"Organization","@id":"https:\/\/radioljubuski.ba\/#organization","name":"Radio Ljubu\u0161ki","url":"https:\/\/radioljubuski.ba\/","logo":{"@type":"ImageObject","inLanguage":"hr","@id":"https:\/\/radioljubuski.ba\/#\/schema\/logo\/image\/","url":"https:\/\/radioljubuski.ba\/wp-content\/uploads\/2021\/02\/cropped-Radio_Ljubuski_logo1.jpg","contentUrl":"https:\/\/radioljubuski.ba\/wp-content\/uploads\/2021\/02\/cropped-Radio_Ljubuski_logo1.jpg","width":512,"height":512,"caption":"Radio Ljubu\u0161ki"},"image":{"@id":"https:\/\/radioljubuski.ba\/#\/schema\/logo\/image\/"},"sameAs":["https:\/\/www.facebook.com\/Radiio-Ljubuski-1490835324566332","https:\/\/x.com\/radioljubuski","https:\/\/hr.linkedin.com\/company\/radio-ljubuski","https:\/\/www.youtube.com\/channel\/UCHYaeO_n0Db3tjNGudGpXyw"]},{"@type":"Person","@id":"https:\/\/radioljubuski.ba\/#\/schema\/person\/19fc700381a780f69665d7956c469e3b","name":"Radio Ljubu\u0161ki"}]}},"_links":{"self":[{"href":"https:\/\/radioljubuski.ba\/index.php\/wp-json\/wp\/v2\/posts\/84713","targetHints":{"allow":["GET"]}}],"collection":[{"href":"https:\/\/radioljubuski.ba\/index.php\/wp-json\/wp\/v2\/posts"}],"about":[{"href":"https:\/\/radioljubuski.ba\/index.php\/wp-json\/wp\/v2\/types\/post"}],"author":[{"embeddable":true,"href":"https:\/\/radioljubuski.ba\/index.php\/wp-json\/wp\/v2\/users\/2"}],"replies":[{"embeddable":true,"href":"https:\/\/radioljubuski.ba\/index.php\/wp-json\/wp\/v2\/comments?post=84713"}],"version-history":[{"count":3,"href":"https:\/\/radioljubuski.ba\/index.php\/wp-json\/wp\/v2\/posts\/84713\/revisions"}],"predecessor-version":[{"id":84722,"href":"https:\/\/radioljubuski.ba\/index.php\/wp-json\/wp\/v2\/posts\/84713\/revisions\/84722"}],"wp:featuredmedia":[{"embeddable":true,"href":"https:\/\/radioljubuski.ba\/index.php\/wp-json\/wp\/v2\/media\/84720"}],"wp:attachment":[{"href":"https:\/\/radioljubuski.ba\/index.php\/wp-json\/wp\/v2\/media?parent=84713"}],"wp:term":[{"taxonomy":"category","embeddable":true,"href":"https:\/\/radioljubuski.ba\/index.php\/wp-json\/wp\/v2\/categories?post=84713"},{"taxonomy":"post_tag","embeddable":true,"href":"https:\/\/radioljubuski.ba\/index.php\/wp-json\/wp\/v2\/tags?post=84713"}],"curies":[{"name":"wp","href":"https:\/\/api.w.org\/{rel}","templated":true}]}}