{"id":84716,"date":"2021-11-04T09:46:03","date_gmt":"2021-11-04T08:46:03","guid":{"rendered":"https:\/\/radioljubuski.ba\/?p=84716"},"modified":"2021-11-04T09:46:04","modified_gmt":"2021-11-04T08:46:04","slug":"bih-za-mito-trazio-eure-i-dvije-tegle-nutelle","status":"publish","type":"post","link":"https:\/\/radioljubuski.ba\/index.php\/2021\/11\/04\/bih-za-mito-trazio-eure-i-dvije-tegle-nutelle\/","title":{"rendered":"BiH: Za mito tra\u017eio eure i dvije tegle Nutelle"},"content":{"rendered":"\n<h5 class=\"wp-block-heading\">Stru\u010dni suradnik u Okru\u017enom javnom tu\u017eiteljstvu Banjaluka, Tarik Had\u017eibegovi\u0107 (35), uhi\u0107en je u utorak nakon \u0161to je uzeo mito od skoro 6.000 maraka.<\/h5>\n\n\n\n<p>Izvor portala Srpskainfo otkriva da je on uhi\u0107en prilikom uzimanja mita, ali da su i inspektori&nbsp;<strong>ostali u \u010dudu<\/strong>&nbsp;kada su saznali \u0161to je sve tra\u017eio od osobe kojoj je obe\u0107ao posredovati u predmetu.<\/p>\n\n\n\n<p>Doznaje se, da je izme\u0111u ostalog, Had\u017eibegovi\u0107&nbsp;<strong>tra\u017eio i dvije tegle Nutelle<\/strong>.<\/p>\n\n\n\n<p><em>On je osumnji\u010den da je od o\u0161te\u0107enog u predmetu istrage koju vodi Okru\u017eno javno tu\u017eiteljstvo u Banja Luci,&nbsp;<strong>zahtijevao i primio novac<\/strong>, kao nagradu za poduzimanje procesnih radnji u toj istrazi. On je u toj istrazi postupao kao&nbsp;<strong>stru\u010dni suradnik tu\u017eitelja<\/strong>, ali su te radnje morali poduzeti,<\/em>&nbsp;isti\u010de izvor.<\/p>\n\n\n\n<p>Izvor obja\u0161njava da se radi o slu\u010daju koji se vodi po&nbsp;<strong>me\u0111unarodnoj pomo\u0107i Austrije<\/strong>, ali i da o\u0161te\u0107eni \u017eivi u toj dr\u017eavi.<\/p>\n\n\n\n<p><em>Osumnji\u010deni Had\u017eibegovi\u0107 je znao sve te detalje i stupio je u kontakt s o\u0161te\u0107enim. On je tvrdio da \u0107e mu pomo\u0107i, ali da za to mora dobiti i nagradu. Od o\u0161te\u0107enog je zatim&nbsp;<strong>zatra\u017eio da mu da 3.000 eura, ali i dvije tegle \u201cNutelle\u201d, koje moraju biti kupljene u Austriji<\/strong><\/em>, ka\u017ee spomenuti izvor.<\/p>\n\n\n\n<p>Navodi da je o svemu o<strong>bavije\u0161tene policija<\/strong>&nbsp;i da je dogovorena primopredaja.<\/p>\n\n\n\n<p><em>Njih dvojica na\u0161la su se u utorak i o\u0161te\u0107eni je predao 3.000 eura, ali i dvije tegle \u201cNutelle\u201d. Nakon \u0161to je Had\u017eibegovi\u0107 uzeo mito,&nbsp;<strong>nije se stigao zasladiti<\/strong>. Policija je bila u blizini i sve to pratila. Nakon \u0161to je preuzeo \u201cpaket\u201d, policija ga je opkolila i uhitila,<\/em>&nbsp;dodao je.<\/p>\n\n\n\n<p><strong>Izvor: Jabuka.tv | Ilustracija: RS<\/strong><\/p>\n","protected":false},"excerpt":{"rendered":"<p>Stru\u010dni suradnik u Okru\u017enom javnom tu\u017eiteljstvu Banjaluka, Tarik Had\u017eibegovi\u0107 (35), uhi\u0107en je u utorak nakon \u0161to je uzeo mito od skoro 6.000 maraka. Izvor portala Srpskainfo otkriva da je on uhi\u0107en prilikom uzimanja mita, ali da su i inspektori&nbsp;ostali u \u010dudu&nbsp;kada su saznali \u0161to je sve tra\u017eio od osobe kojoj je obe\u0107ao posredovati u predmetu. [&hellip;]<\/p>\n","protected":false},"author":2,"featured_media":84717,"comment_status":"closed","ping_status":"closed","sticky":false,"template":"","format":"standard","meta":{"h5ap_radio_sources":[],"footnotes":""},"categories":[1],"tags":[],"class_list":["post-84716","post","type-post","status-publish","format-standard","has-post-thumbnail","hentry","category-bihiregija"],"yoast_head":"<!-- This site is optimized with the Yoast SEO plugin v27.5 - https:\/\/yoast.com\/product\/yoast-seo-wordpress\/ -->\n<title>BiH: Za mito tra\u017eio eure i dvije tegle Nutelle - RADIO LJUBU\u0160KI<\/title>\n<meta name=\"robots\" content=\"index, follow, max-snippet:-1, max-image-preview:large, max-video-preview:-1\" \/>\n<link rel=\"canonical\" href=\"https:\/\/radioljubuski.ba\/index.php\/2021\/11\/04\/bih-za-mito-trazio-eure-i-dvije-tegle-nutelle\/\" \/>\n<meta property=\"og:locale\" content=\"hr_HR\" \/>\n<meta property=\"og:type\" content=\"article\" \/>\n<meta property=\"og:title\" content=\"BiH: Za mito tra\u017eio eure i dvije tegle Nutelle - RADIO LJUBU\u0160KI\" \/>\n<meta property=\"og:description\" content=\"Stru\u010dni suradnik u Okru\u017enom javnom tu\u017eiteljstvu Banjaluka, Tarik Had\u017eibegovi\u0107 (35), uhi\u0107en je u utorak nakon \u0161to je uzeo mito od skoro 6.000 maraka. Izvor portala Srpskainfo otkriva da je on uhi\u0107en prilikom uzimanja mita, ali da su i inspektori&nbsp;ostali u \u010dudu&nbsp;kada su saznali \u0161to je sve tra\u017eio od osobe kojoj je obe\u0107ao posredovati u predmetu. [&hellip;]\" \/>\n<meta property=\"og:url\" content=\"https:\/\/radioljubuski.ba\/index.php\/2021\/11\/04\/bih-za-mito-trazio-eure-i-dvije-tegle-nutelle\/\" \/>\n<meta property=\"og:site_name\" content=\"RADIO LJUBU\u0160KI\" \/>\n<meta property=\"article:publisher\" content=\"https:\/\/www.facebook.com\/Radiio-Ljubuski-1490835324566332\" \/>\n<meta property=\"article:published_time\" content=\"2021-11-04T08:46:03+00:00\" \/>\n<meta property=\"article:modified_time\" content=\"2021-11-04T08:46:04+00:00\" \/>\n<meta property=\"og:image\" content=\"https:\/\/radioljubuski.ba\/wp-content\/uploads\/2021\/11\/mito.jpg\" \/>\n\t<meta property=\"og:image:width\" content=\"810\" \/>\n\t<meta property=\"og:image:height\" content=\"540\" \/>\n\t<meta property=\"og:image:type\" content=\"image\/jpeg\" \/>\n<meta name=\"author\" content=\"Radio Ljubu\u0161ki\" \/>\n<meta name=\"twitter:card\" content=\"summary_large_image\" \/>\n<meta name=\"twitter:creator\" content=\"@radioljubuski\" \/>\n<meta name=\"twitter:site\" content=\"@radioljubuski\" \/>\n<meta name=\"twitter:label1\" content=\"Napisao\/la\" \/>\n\t<meta name=\"twitter:data1\" content=\"Radio Ljubu\u0161ki\" \/>\n\t<meta name=\"twitter:label2\" content=\"Procijenjeno vrijeme \u010ditanja\" \/>\n\t<meta name=\"twitter:data2\" content=\"2 minute\" \/>\n<script type=\"application\/ld+json\" class=\"yoast-schema-graph\">{\"@context\":\"https:\\\/\\\/schema.org\",\"@graph\":[{\"@type\":\"Article\",\"@id\":\"https:\\\/\\\/radioljubuski.ba\\\/index.php\\\/2021\\\/11\\\/04\\\/bih-za-mito-trazio-eure-i-dvije-tegle-nutelle\\\/#article\",\"isPartOf\":{\"@id\":\"https:\\\/\\\/radioljubuski.ba\\\/index.php\\\/2021\\\/11\\\/04\\\/bih-za-mito-trazio-eure-i-dvije-tegle-nutelle\\\/\"},\"author\":{\"name\":\"Radio Ljubu\u0161ki\",\"@id\":\"https:\\\/\\\/radioljubuski.ba\\\/#\\\/schema\\\/person\\\/19fc700381a780f69665d7956c469e3b\"},\"headline\":\"BiH: Za mito tra\u017eio eure i dvije tegle Nutelle\",\"datePublished\":\"2021-11-04T08:46:03+00:00\",\"dateModified\":\"2021-11-04T08:46:04+00:00\",\"mainEntityOfPage\":{\"@id\":\"https:\\\/\\\/radioljubuski.ba\\\/index.php\\\/2021\\\/11\\\/04\\\/bih-za-mito-trazio-eure-i-dvije-tegle-nutelle\\\/\"},\"wordCount\":317,\"publisher\":{\"@id\":\"https:\\\/\\\/radioljubuski.ba\\\/#organization\"},\"image\":{\"@id\":\"https:\\\/\\\/radioljubuski.ba\\\/index.php\\\/2021\\\/11\\\/04\\\/bih-za-mito-trazio-eure-i-dvije-tegle-nutelle\\\/#primaryimage\"},\"thumbnailUrl\":\"https:\\\/\\\/radioljubuski.ba\\\/wp-content\\\/uploads\\\/2021\\\/11\\\/mito.jpg\",\"articleSection\":[\"BIH i regija\"],\"inLanguage\":\"hr\"},{\"@type\":\"WebPage\",\"@id\":\"https:\\\/\\\/radioljubuski.ba\\\/index.php\\\/2021\\\/11\\\/04\\\/bih-za-mito-trazio-eure-i-dvije-tegle-nutelle\\\/\",\"url\":\"https:\\\/\\\/radioljubuski.ba\\\/index.php\\\/2021\\\/11\\\/04\\\/bih-za-mito-trazio-eure-i-dvije-tegle-nutelle\\\/\",\"name\":\"BiH: Za mito tra\u017eio eure i dvije tegle Nutelle - RADIO LJUBU\u0160KI\",\"isPartOf\":{\"@id\":\"https:\\\/\\\/radioljubuski.ba\\\/#website\"},\"primaryImageOfPage\":{\"@id\":\"https:\\\/\\\/radioljubuski.ba\\\/index.php\\\/2021\\\/11\\\/04\\\/bih-za-mito-trazio-eure-i-dvije-tegle-nutelle\\\/#primaryimage\"},\"image\":{\"@id\":\"https:\\\/\\\/radioljubuski.ba\\\/index.php\\\/2021\\\/11\\\/04\\\/bih-za-mito-trazio-eure-i-dvije-tegle-nutelle\\\/#primaryimage\"},\"thumbnailUrl\":\"https:\\\/\\\/radioljubuski.ba\\\/wp-content\\\/uploads\\\/2021\\\/11\\\/mito.jpg\",\"datePublished\":\"2021-11-04T08:46:03+00:00\",\"dateModified\":\"2021-11-04T08:46:04+00:00\",\"breadcrumb\":{\"@id\":\"https:\\\/\\\/radioljubuski.ba\\\/index.php\\\/2021\\\/11\\\/04\\\/bih-za-mito-trazio-eure-i-dvije-tegle-nutelle\\\/#breadcrumb\"},\"inLanguage\":\"hr\",\"potentialAction\":[{\"@type\":\"ReadAction\",\"target\":[\"https:\\\/\\\/radioljubuski.ba\\\/index.php\\\/2021\\\/11\\\/04\\\/bih-za-mito-trazio-eure-i-dvije-tegle-nutelle\\\/\"]}]},{\"@type\":\"ImageObject\",\"inLanguage\":\"hr\",\"@id\":\"https:\\\/\\\/radioljubuski.ba\\\/index.php\\\/2021\\\/11\\\/04\\\/bih-za-mito-trazio-eure-i-dvije-tegle-nutelle\\\/#primaryimage\",\"url\":\"https:\\\/\\\/radioljubuski.ba\\\/wp-content\\\/uploads\\\/2021\\\/11\\\/mito.jpg\",\"contentUrl\":\"https:\\\/\\\/radioljubuski.ba\\\/wp-content\\\/uploads\\\/2021\\\/11\\\/mito.jpg\",\"width\":810,\"height\":540},{\"@type\":\"BreadcrumbList\",\"@id\":\"https:\\\/\\\/radioljubuski.ba\\\/index.php\\\/2021\\\/11\\\/04\\\/bih-za-mito-trazio-eure-i-dvije-tegle-nutelle\\\/#breadcrumb\",\"itemListElement\":[{\"@type\":\"ListItem\",\"position\":1,\"name\":\"Po\u010detna stranica\",\"item\":\"https:\\\/\\\/radioljubuski.ba\\\/\"},{\"@type\":\"ListItem\",\"position\":2,\"name\":\"BiH: Za mito tra\u017eio eure i dvije tegle Nutelle\"}]},{\"@type\":\"WebSite\",\"@id\":\"https:\\\/\\\/radioljubuski.ba\\\/#website\",\"url\":\"https:\\\/\\\/radioljubuski.ba\\\/\",\"name\":\"Radio Ljubu\u0161ki\",\"description\":\"Sun\u010dana frekvencija Hercegovine\",\"publisher\":{\"@id\":\"https:\\\/\\\/radioljubuski.ba\\\/#organization\"},\"potentialAction\":[{\"@type\":\"SearchAction\",\"target\":{\"@type\":\"EntryPoint\",\"urlTemplate\":\"https:\\\/\\\/radioljubuski.ba\\\/?s={search_term_string}\"},\"query-input\":{\"@type\":\"PropertyValueSpecification\",\"valueRequired\":true,\"valueName\":\"search_term_string\"}}],\"inLanguage\":\"hr\"},{\"@type\":\"Organization\",\"@id\":\"https:\\\/\\\/radioljubuski.ba\\\/#organization\",\"name\":\"Radio Ljubu\u0161ki\",\"url\":\"https:\\\/\\\/radioljubuski.ba\\\/\",\"logo\":{\"@type\":\"ImageObject\",\"inLanguage\":\"hr\",\"@id\":\"https:\\\/\\\/radioljubuski.ba\\\/#\\\/schema\\\/logo\\\/image\\\/\",\"url\":\"https:\\\/\\\/radioljubuski.ba\\\/wp-content\\\/uploads\\\/2021\\\/02\\\/cropped-Radio_Ljubuski_logo1.jpg\",\"contentUrl\":\"https:\\\/\\\/radioljubuski.ba\\\/wp-content\\\/uploads\\\/2021\\\/02\\\/cropped-Radio_Ljubuski_logo1.jpg\",\"width\":512,\"height\":512,\"caption\":\"Radio Ljubu\u0161ki\"},\"image\":{\"@id\":\"https:\\\/\\\/radioljubuski.ba\\\/#\\\/schema\\\/logo\\\/image\\\/\"},\"sameAs\":[\"https:\\\/\\\/www.facebook.com\\\/Radiio-Ljubuski-1490835324566332\",\"https:\\\/\\\/x.com\\\/radioljubuski\",\"https:\\\/\\\/hr.linkedin.com\\\/company\\\/radio-ljubuski\",\"https:\\\/\\\/www.youtube.com\\\/channel\\\/UCHYaeO_n0Db3tjNGudGpXyw\"]},{\"@type\":\"Person\",\"@id\":\"https:\\\/\\\/radioljubuski.ba\\\/#\\\/schema\\\/person\\\/19fc700381a780f69665d7956c469e3b\",\"name\":\"Radio Ljubu\u0161ki\"}]}<\/script>\n<!-- \/ Yoast SEO plugin. -->","yoast_head_json":{"title":"BiH: Za mito tra\u017eio eure i dvije tegle Nutelle - RADIO LJUBU\u0160KI","robots":{"index":"index","follow":"follow","max-snippet":"max-snippet:-1","max-image-preview":"max-image-preview:large","max-video-preview":"max-video-preview:-1"},"canonical":"https:\/\/radioljubuski.ba\/index.php\/2021\/11\/04\/bih-za-mito-trazio-eure-i-dvije-tegle-nutelle\/","og_locale":"hr_HR","og_type":"article","og_title":"BiH: Za mito tra\u017eio eure i dvije tegle Nutelle - RADIO LJUBU\u0160KI","og_description":"Stru\u010dni suradnik u Okru\u017enom javnom tu\u017eiteljstvu Banjaluka, Tarik Had\u017eibegovi\u0107 (35), uhi\u0107en je u utorak nakon \u0161to je uzeo mito od skoro 6.000 maraka. Izvor portala Srpskainfo otkriva da je on uhi\u0107en prilikom uzimanja mita, ali da su i inspektori&nbsp;ostali u \u010dudu&nbsp;kada su saznali \u0161to je sve tra\u017eio od osobe kojoj je obe\u0107ao posredovati u predmetu. [&hellip;]","og_url":"https:\/\/radioljubuski.ba\/index.php\/2021\/11\/04\/bih-za-mito-trazio-eure-i-dvije-tegle-nutelle\/","og_site_name":"RADIO LJUBU\u0160KI","article_publisher":"https:\/\/www.facebook.com\/Radiio-Ljubuski-1490835324566332","article_published_time":"2021-11-04T08:46:03+00:00","article_modified_time":"2021-11-04T08:46:04+00:00","og_image":[{"width":810,"height":540,"url":"https:\/\/radioljubuski.ba\/wp-content\/uploads\/2021\/11\/mito.jpg","type":"image\/jpeg"}],"author":"Radio Ljubu\u0161ki","twitter_card":"summary_large_image","twitter_creator":"@radioljubuski","twitter_site":"@radioljubuski","twitter_misc":{"Napisao\/la":"Radio Ljubu\u0161ki","Procijenjeno vrijeme \u010ditanja":"2 minute"},"schema":{"@context":"https:\/\/schema.org","@graph":[{"@type":"Article","@id":"https:\/\/radioljubuski.ba\/index.php\/2021\/11\/04\/bih-za-mito-trazio-eure-i-dvije-tegle-nutelle\/#article","isPartOf":{"@id":"https:\/\/radioljubuski.ba\/index.php\/2021\/11\/04\/bih-za-mito-trazio-eure-i-dvije-tegle-nutelle\/"},"author":{"name":"Radio Ljubu\u0161ki","@id":"https:\/\/radioljubuski.ba\/#\/schema\/person\/19fc700381a780f69665d7956c469e3b"},"headline":"BiH: Za mito tra\u017eio eure i dvije tegle Nutelle","datePublished":"2021-11-04T08:46:03+00:00","dateModified":"2021-11-04T08:46:04+00:00","mainEntityOfPage":{"@id":"https:\/\/radioljubuski.ba\/index.php\/2021\/11\/04\/bih-za-mito-trazio-eure-i-dvije-tegle-nutelle\/"},"wordCount":317,"publisher":{"@id":"https:\/\/radioljubuski.ba\/#organization"},"image":{"@id":"https:\/\/radioljubuski.ba\/index.php\/2021\/11\/04\/bih-za-mito-trazio-eure-i-dvije-tegle-nutelle\/#primaryimage"},"thumbnailUrl":"https:\/\/radioljubuski.ba\/wp-content\/uploads\/2021\/11\/mito.jpg","articleSection":["BIH i regija"],"inLanguage":"hr"},{"@type":"WebPage","@id":"https:\/\/radioljubuski.ba\/index.php\/2021\/11\/04\/bih-za-mito-trazio-eure-i-dvije-tegle-nutelle\/","url":"https:\/\/radioljubuski.ba\/index.php\/2021\/11\/04\/bih-za-mito-trazio-eure-i-dvije-tegle-nutelle\/","name":"BiH: Za mito tra\u017eio eure i dvije tegle Nutelle - RADIO LJUBU\u0160KI","isPartOf":{"@id":"https:\/\/radioljubuski.ba\/#website"},"primaryImageOfPage":{"@id":"https:\/\/radioljubuski.ba\/index.php\/2021\/11\/04\/bih-za-mito-trazio-eure-i-dvije-tegle-nutelle\/#primaryimage"},"image":{"@id":"https:\/\/radioljubuski.ba\/index.php\/2021\/11\/04\/bih-za-mito-trazio-eure-i-dvije-tegle-nutelle\/#primaryimage"},"thumbnailUrl":"https:\/\/radioljubuski.ba\/wp-content\/uploads\/2021\/11\/mito.jpg","datePublished":"2021-11-04T08:46:03+00:00","dateModified":"2021-11-04T08:46:04+00:00","breadcrumb":{"@id":"https:\/\/radioljubuski.ba\/index.php\/2021\/11\/04\/bih-za-mito-trazio-eure-i-dvije-tegle-nutelle\/#breadcrumb"},"inLanguage":"hr","potentialAction":[{"@type":"ReadAction","target":["https:\/\/radioljubuski.ba\/index.php\/2021\/11\/04\/bih-za-mito-trazio-eure-i-dvije-tegle-nutelle\/"]}]},{"@type":"ImageObject","inLanguage":"hr","@id":"https:\/\/radioljubuski.ba\/index.php\/2021\/11\/04\/bih-za-mito-trazio-eure-i-dvije-tegle-nutelle\/#primaryimage","url":"https:\/\/radioljubuski.ba\/wp-content\/uploads\/2021\/11\/mito.jpg","contentUrl":"https:\/\/radioljubuski.ba\/wp-content\/uploads\/2021\/11\/mito.jpg","width":810,"height":540},{"@type":"BreadcrumbList","@id":"https:\/\/radioljubuski.ba\/index.php\/2021\/11\/04\/bih-za-mito-trazio-eure-i-dvije-tegle-nutelle\/#breadcrumb","itemListElement":[{"@type":"ListItem","position":1,"name":"Po\u010detna stranica","item":"https:\/\/radioljubuski.ba\/"},{"@type":"ListItem","position":2,"name":"BiH: Za mito tra\u017eio eure i dvije tegle Nutelle"}]},{"@type":"WebSite","@id":"https:\/\/radioljubuski.ba\/#website","url":"https:\/\/radioljubuski.ba\/","name":"Radio Ljubu\u0161ki","description":"Sun\u010dana frekvencija Hercegovine","publisher":{"@id":"https:\/\/radioljubuski.ba\/#organization"},"potentialAction":[{"@type":"SearchAction","target":{"@type":"EntryPoint","urlTemplate":"https:\/\/radioljubuski.ba\/?s={search_term_string}"},"query-input":{"@type":"PropertyValueSpecification","valueRequired":true,"valueName":"search_term_string"}}],"inLanguage":"hr"},{"@type":"Organization","@id":"https:\/\/radioljubuski.ba\/#organization","name":"Radio Ljubu\u0161ki","url":"https:\/\/radioljubuski.ba\/","logo":{"@type":"ImageObject","inLanguage":"hr","@id":"https:\/\/radioljubuski.ba\/#\/schema\/logo\/image\/","url":"https:\/\/radioljubuski.ba\/wp-content\/uploads\/2021\/02\/cropped-Radio_Ljubuski_logo1.jpg","contentUrl":"https:\/\/radioljubuski.ba\/wp-content\/uploads\/2021\/02\/cropped-Radio_Ljubuski_logo1.jpg","width":512,"height":512,"caption":"Radio Ljubu\u0161ki"},"image":{"@id":"https:\/\/radioljubuski.ba\/#\/schema\/logo\/image\/"},"sameAs":["https:\/\/www.facebook.com\/Radiio-Ljubuski-1490835324566332","https:\/\/x.com\/radioljubuski","https:\/\/hr.linkedin.com\/company\/radio-ljubuski","https:\/\/www.youtube.com\/channel\/UCHYaeO_n0Db3tjNGudGpXyw"]},{"@type":"Person","@id":"https:\/\/radioljubuski.ba\/#\/schema\/person\/19fc700381a780f69665d7956c469e3b","name":"Radio Ljubu\u0161ki"}]}},"_links":{"self":[{"href":"https:\/\/radioljubuski.ba\/index.php\/wp-json\/wp\/v2\/posts\/84716","targetHints":{"allow":["GET"]}}],"collection":[{"href":"https:\/\/radioljubuski.ba\/index.php\/wp-json\/wp\/v2\/posts"}],"about":[{"href":"https:\/\/radioljubuski.ba\/index.php\/wp-json\/wp\/v2\/types\/post"}],"author":[{"embeddable":true,"href":"https:\/\/radioljubuski.ba\/index.php\/wp-json\/wp\/v2\/users\/2"}],"replies":[{"embeddable":true,"href":"https:\/\/radioljubuski.ba\/index.php\/wp-json\/wp\/v2\/comments?post=84716"}],"version-history":[{"count":1,"href":"https:\/\/radioljubuski.ba\/index.php\/wp-json\/wp\/v2\/posts\/84716\/revisions"}],"predecessor-version":[{"id":84718,"href":"https:\/\/radioljubuski.ba\/index.php\/wp-json\/wp\/v2\/posts\/84716\/revisions\/84718"}],"wp:featuredmedia":[{"embeddable":true,"href":"https:\/\/radioljubuski.ba\/index.php\/wp-json\/wp\/v2\/media\/84717"}],"wp:attachment":[{"href":"https:\/\/radioljubuski.ba\/index.php\/wp-json\/wp\/v2\/media?parent=84716"}],"wp:term":[{"taxonomy":"category","embeddable":true,"href":"https:\/\/radioljubuski.ba\/index.php\/wp-json\/wp\/v2\/categories?post=84716"},{"taxonomy":"post_tag","embeddable":true,"href":"https:\/\/radioljubuski.ba\/index.php\/wp-json\/wp\/v2\/tags?post=84716"}],"curies":[{"name":"wp","href":"https:\/\/api.w.org\/{rel}","templated":true}]}}