{"id":84737,"date":"2021-11-04T11:15:07","date_gmt":"2021-11-04T10:15:07","guid":{"rendered":"https:\/\/radioljubuski.ba\/?p=84737"},"modified":"2021-11-04T11:15:09","modified_gmt":"2021-11-04T10:15:09","slug":"covic-za-dnevnik-nove-tv-sredinom-studenog-trebali-bi-imati-predlozene-konkretne-modele-za-izbor-clanova-predsjednistva-i-domove-naroda","status":"publish","type":"post","link":"https:\/\/radioljubuski.ba\/index.php\/2021\/11\/04\/covic-za-dnevnik-nove-tv-sredinom-studenog-trebali-bi-imati-predlozene-konkretne-modele-za-izbor-clanova-predsjednistva-i-domove-naroda\/","title":{"rendered":"\u010covi\u0107 za Dnevnik Nove TV: Sredinom studenog trebali bi imati predlo\u017eene konkretne modele za izbor \u010dlanova Predsjedni\u0161tva i domove naroda"},"content":{"rendered":"\n<p><strong>Situacija u Bosni i Hercegovini sve se vi\u0161e komplicira. O stanju u njoj raspravlja Vije\u0107e sigurnosti. Ivana Petrovi\u0107 u<a href=\"https:\/\/dnevnik.hr\/vijesti\/hrvatska\/dragan-covic-schmidt-je-pretjerao-ali-svatko-normalan-treba-strahovati-od-bilo-kakvih-sigurnosnih-iskusenja---682529.html?itm_source=HomeTopRow&amp;itm_medium=Dnevnik&amp;itm_campaign=Naslovnica\"> Dnevniku Nove TV<\/a> razgovarala je s predsjednikom HDZ-a BiH Draganom \u010covi\u0107em.<\/strong><\/p>\n\n\n\n<p>Rusija je dan ranije prijetila vetom na produljenje mandata EUFOR-a ako se Vije\u0107u sigurnosti obrati visoki predstavnik u BiH Christian Schmidt. Upravo je njegovo izvje\u0161\u0107e, prema kojem je u BiH mogu\u0107 i vojni sukob, uzburkalo duhove. Hrvati, konstitutivni tek na papiru, smatraju da s aktualnim izbornim zakonom ne mogu do\u010dekati izbore sljede\u0107e godine.<\/p>\n\n\n\n<p>O najve\u0107oj politi\u010dkoj krizi od Daytona s Draganom \u010covi\u0107em, predsjednikom HDZ-a BiH razgovarala je Ivana Petrovi\u0107.<\/p>\n\n\n\n<p>Evo \u0161to je \u010covi\u0107 kazao o Schmidtovu izvje\u0161\u0107u koje je uzburkalo duhove u BiH, posebno njegova teza o mogu\u0107nosti raspada dr\u017eave, vojnog sukoba, temeljeno na zapaljivoj retorici Milorada Dodika:<\/p>\n\n\n\n<p>\u201cVi\u0161eslojno je, ali nije objektivno. Ako analizirate prethodna izvje\u0161\u0107a koja je podnosio prethodni visoki predstavnik, vidjet \u0107ete otprilike ista razmi\u0161ljanja, osim \u0161to sada malo vi\u0161e ima retorike koja podsje\u0107a na neko ratno predvrijeme, tako da ve\u0107 dugo komuniciramo s visokim predstavnicima. Izvje\u0161\u0107a pi\u0161e uvijek ista skupina ljudi koja ve\u0107 petnaestak godina sjedi u Uredu OHR-a u Sarajevu i ta izvje\u0161\u0107a se ponavljaju po \u0161pranci koja je napravljena ve\u0107 du\u017ee vrijeme. Ovaj put su oni morala biti podijeljena na druga\u010diji na\u010din, Gospodin Schmidt nije dobio priliku da se obrati Vije\u0107u sigurnosti, tako da dolazi jedno novo vrijeme kad je u pitanju OHR.<\/p>\n\n\n\n<p><strong>To\u010dno je da imamo krizu koju nismo imali od Daytona<\/strong><\/p>\n\n\n\n<p>Schmidt je po mi\u0161ljenju Ivane Petrovi\u0107 u svome govoru u Bundestagu dobro detektirao stanje u BiH, no sada se njegova retorika promijenila. Nije, primjerice u izvje\u0161\u0107u obuhvatio vladavinu prava, nema skandala oko obavje\u0161tajne slu\u017ebe, kao ni smjene tu\u017eiteljice Tadi\u0107.<\/p>\n\n\n\n<p>\u201cDva puta sam slu\u017ebeno razgovarao s gospodinom Schmidtom i mislim da ima dobru sliku o stanju u BiH, a koliko on kao pojedinac mo\u017ee napraviti, to je drugi par rukava. Mislim da mu nisu mogu\u0107nosti pretjerano velike, on je do\u0161ao nakon Inzkovog nametanja jednog zakonskog rje\u0161enja i sad se mora snalaziti. To\u010dno je da imamo krizu koju nismo imali od Daytona u zadnjih 25 godina na ovakvoj razini.<\/p>\n\n\n\n<p>Retorika je hu\u0161ka\u010dka, govori se \u010dak o mogu\u0107nosti izbijanja sukoba, a zanijekani su elementi koji su do te retorike doveli\u201c, kazao je \u010covi\u0107.<\/p>\n\n\n\n<p><strong>Korektni odnosi sa strana\u010dkim \u010delnicima<\/strong><\/p>\n\n\n\n<p>Na pitanje kakvi su njegovi odnosi s Dodikom i Izetbegovi\u0107em, \u010delnicima dviju najve\u0107ih stranaka u BiH, \u010covi\u0107 je kazao kako s obojicom ima korektne odnose, mo\u017eda s Izetbegovi\u0107em ima malo dinami\u010dniju raspravu.<\/p>\n\n\n\n<p>Na pitanje ru\u0161i li onda Dodik BiH, kao \u0161to tvrdi Schmidt, predsjednik HDZ-a BiH je odgovorio kako bi se sve lako rije\u0161ilo kada bi Dodik bio glavni problem BiH.<\/p>\n\n\n\n<p>\u201cMislim da su problemi mnogo slo\u017eeniji, da je izvori\u0161te pravih problema mnogo dalje od Dodika, ako \u017eelimo rije\u0161iti krizu, onda moramo rije\u0161iti osnove funkcioniranja pravne dr\u017eave BiH. kad su Hrvati u pitanju, zadnjih pet-\u0161est godina moramo se boriti za o\u010duvanje svog integriteta\u201c, naglasio je Dragan \u010covi\u0107.<\/p>\n\n\n\n<p>Prema prijedlogu Zorana Milanovi\u0107a, o kojem je razgovarao s Dodikom i Izetbegovi\u0107em, kako je kazala Petrovi\u0107, jedini suzdr\u017ean je Bakir Izetbegovi\u0107.<\/p>\n\n\n\n<p>O toj temi \u010covi\u0107, kako je kazao, s Izetbegovi\u0107em nije razgovarao. Na sastanku s Aleksandrom Vu\u010di\u0107em koji je odr\u017ean na marginama skupa u Ljubljani, interesirala ga je pozicija Srbije u odnosu na Dodika, kao i potreba da ih \u201cSrbi podr\u017ee u Parlamentarnoj skup\u0161tini.\u201c<\/p>\n\n\n\n<p>\u201cS ovim izbornim zakonom ne smijemo do\u010dekati 2022.\u201c, kazao je \u010covi\u0107 te dodao kako je uvjeren da \u0107e Izetbegovi\u0107 razumjeti da vi\u0161e ne mo\u017ee birati Hrvatima legitimne predstavnike u Domu naroda\u201c, kazao je.<\/p>\n\n\n\n<p><strong>Na nama je odgovornost da zaustavimo krizu<\/strong><\/p>\n\n\n\n<p>Grupa sastanaka s me\u0111unarodnim predstavnicima je 16. i 17. studenoga i vjerujem da bi do tada trebali imati modele za izbor \u010dlanova predsjedni\u0161tva Doma naroda na principu legitimnog predstavljanja konstitutivnih naroda. S hrvatskim premijerom Andrejem Plenkovi\u0107em razgovarao je o tome \u0161to Hrvatska mo\u017ee napraviti da imamo uskla\u0111en stav EU i Bruxellesa.<\/p>\n\n\n\n<p>\u010covi\u0107 se osvrnuo i na problem iseljavanja, a komentirao je i zamjerke i prozivanja o zapo\u0161ljavanju obitelji i prijatelja u poduze\u0107ima te medijske navode o povezanosti s Rusima.<\/p>\n\n\n\n<p>\u201cNekad sam fa\u0161ist, nekad usta\u0161a, nekad tu\u0111manovac i \u0160u\u0161kov \u010dovjek, ovismo o tome kako sarajevskoj \u010dar\u0161iji zatreba\u201c, zaklju\u010dio je Dragan \u010covi\u0107.<\/p>\n\n\n\n<p>\u201cMogu\u0107e da je Schmidt pretjerao u procjenama, ali svatko normalan treba strahovati od bilo kakvih sigurnosnih isku\u0161enja, pro\u0161li smo to. Krizu trebamo zaustaviti. Sva odgovornost moja i kolega je da se to zaustavi i da retoriku prilagodimo europskim potrebama i sre\u0111ivanju stanja u BiH\u201d, naglasio je \u010covi\u0107.<\/p>\n\n\n\n<p>\/HMS\/<\/p>\n","protected":false},"excerpt":{"rendered":"<p>Situacija u Bosni i Hercegovini sve se vi\u0161e komplicira. O stanju u njoj raspravlja Vije\u0107e sigurnosti. Ivana Petrovi\u0107 u Dnevniku Nove TV razgovarala je s predsjednikom HDZ-a BiH Draganom \u010covi\u0107em. Rusija je dan ranije prijetila vetom na produljenje mandata EUFOR-a ako se Vije\u0107u sigurnosti obrati visoki predstavnik u BiH Christian Schmidt. Upravo je njegovo izvje\u0161\u0107e, [&hellip;]<\/p>\n","protected":false},"author":2,"featured_media":84738,"comment_status":"closed","ping_status":"closed","sticky":false,"template":"","format":"standard","meta":{"h5ap_radio_sources":[],"footnotes":""},"categories":[1],"tags":[],"class_list":["post-84737","post","type-post","status-publish","format-standard","has-post-thumbnail","hentry","category-bihiregija"],"yoast_head":"<!-- This site is optimized with the Yoast SEO plugin v27.5 - https:\/\/yoast.com\/product\/yoast-seo-wordpress\/ -->\n<title>\u010covi\u0107 za Dnevnik Nove TV: Sredinom studenog trebali bi imati predlo\u017eene konkretne modele za izbor \u010dlanova Predsjedni\u0161tva i domove naroda - RADIO LJUBU\u0160KI<\/title>\n<meta name=\"robots\" content=\"index, follow, max-snippet:-1, max-image-preview:large, max-video-preview:-1\" \/>\n<link rel=\"canonical\" href=\"https:\/\/radioljubuski.ba\/index.php\/2021\/11\/04\/covic-za-dnevnik-nove-tv-sredinom-studenog-trebali-bi-imati-predlozene-konkretne-modele-za-izbor-clanova-predsjednistva-i-domove-naroda\/\" \/>\n<meta property=\"og:locale\" content=\"hr_HR\" \/>\n<meta property=\"og:type\" content=\"article\" \/>\n<meta property=\"og:title\" content=\"\u010covi\u0107 za Dnevnik Nove TV: Sredinom studenog trebali bi imati predlo\u017eene konkretne modele za izbor \u010dlanova Predsjedni\u0161tva i domove naroda - RADIO LJUBU\u0160KI\" \/>\n<meta property=\"og:description\" content=\"Situacija u Bosni i Hercegovini sve se vi\u0161e komplicira. O stanju u njoj raspravlja Vije\u0107e sigurnosti. Ivana Petrovi\u0107 u Dnevniku Nove TV razgovarala je s predsjednikom HDZ-a BiH Draganom \u010covi\u0107em. Rusija je dan ranije prijetila vetom na produljenje mandata EUFOR-a ako se Vije\u0107u sigurnosti obrati visoki predstavnik u BiH Christian Schmidt. Upravo je njegovo izvje\u0161\u0107e, [&hellip;]\" \/>\n<meta property=\"og:url\" content=\"https:\/\/radioljubuski.ba\/index.php\/2021\/11\/04\/covic-za-dnevnik-nove-tv-sredinom-studenog-trebali-bi-imati-predlozene-konkretne-modele-za-izbor-clanova-predsjednistva-i-domove-naroda\/\" \/>\n<meta property=\"og:site_name\" content=\"RADIO LJUBU\u0160KI\" \/>\n<meta property=\"article:publisher\" content=\"https:\/\/www.facebook.com\/Radiio-Ljubuski-1490835324566332\" \/>\n<meta property=\"article:published_time\" content=\"2021-11-04T10:15:07+00:00\" \/>\n<meta property=\"article:modified_time\" content=\"2021-11-04T10:15:09+00:00\" \/>\n<meta property=\"og:image\" content=\"https:\/\/radioljubuski.ba\/wp-content\/uploads\/2021\/11\/covic123-nova.jpg\" \/>\n\t<meta property=\"og:image:width\" content=\"637\" \/>\n\t<meta property=\"og:image:height\" content=\"364\" \/>\n\t<meta property=\"og:image:type\" content=\"image\/jpeg\" \/>\n<meta name=\"author\" content=\"Radio Ljubu\u0161ki\" \/>\n<meta name=\"twitter:card\" content=\"summary_large_image\" \/>\n<meta name=\"twitter:creator\" content=\"@radioljubuski\" \/>\n<meta name=\"twitter:site\" content=\"@radioljubuski\" \/>\n<meta name=\"twitter:label1\" content=\"Napisao\/la\" \/>\n\t<meta name=\"twitter:data1\" content=\"Radio Ljubu\u0161ki\" \/>\n\t<meta name=\"twitter:label2\" content=\"Procijenjeno vrijeme \u010ditanja\" \/>\n\t<meta name=\"twitter:data2\" content=\"4 minute\" \/>\n<script type=\"application\/ld+json\" class=\"yoast-schema-graph\">{\"@context\":\"https:\\\/\\\/schema.org\",\"@graph\":[{\"@type\":\"Article\",\"@id\":\"https:\\\/\\\/radioljubuski.ba\\\/index.php\\\/2021\\\/11\\\/04\\\/covic-za-dnevnik-nove-tv-sredinom-studenog-trebali-bi-imati-predlozene-konkretne-modele-za-izbor-clanova-predsjednistva-i-domove-naroda\\\/#article\",\"isPartOf\":{\"@id\":\"https:\\\/\\\/radioljubuski.ba\\\/index.php\\\/2021\\\/11\\\/04\\\/covic-za-dnevnik-nove-tv-sredinom-studenog-trebali-bi-imati-predlozene-konkretne-modele-za-izbor-clanova-predsjednistva-i-domove-naroda\\\/\"},\"author\":{\"name\":\"Radio Ljubu\u0161ki\",\"@id\":\"https:\\\/\\\/radioljubuski.ba\\\/#\\\/schema\\\/person\\\/19fc700381a780f69665d7956c469e3b\"},\"headline\":\"\u010covi\u0107 za Dnevnik Nove TV: Sredinom studenog trebali bi imati predlo\u017eene konkretne modele za izbor \u010dlanova Predsjedni\u0161tva i domove naroda\",\"datePublished\":\"2021-11-04T10:15:07+00:00\",\"dateModified\":\"2021-11-04T10:15:09+00:00\",\"mainEntityOfPage\":{\"@id\":\"https:\\\/\\\/radioljubuski.ba\\\/index.php\\\/2021\\\/11\\\/04\\\/covic-za-dnevnik-nove-tv-sredinom-studenog-trebali-bi-imati-predlozene-konkretne-modele-za-izbor-clanova-predsjednistva-i-domove-naroda\\\/\"},\"wordCount\":835,\"publisher\":{\"@id\":\"https:\\\/\\\/radioljubuski.ba\\\/#organization\"},\"image\":{\"@id\":\"https:\\\/\\\/radioljubuski.ba\\\/index.php\\\/2021\\\/11\\\/04\\\/covic-za-dnevnik-nove-tv-sredinom-studenog-trebali-bi-imati-predlozene-konkretne-modele-za-izbor-clanova-predsjednistva-i-domove-naroda\\\/#primaryimage\"},\"thumbnailUrl\":\"https:\\\/\\\/radioljubuski.ba\\\/wp-content\\\/uploads\\\/2021\\\/11\\\/covic123-nova.jpg\",\"articleSection\":[\"BIH i regija\"],\"inLanguage\":\"hr\"},{\"@type\":\"WebPage\",\"@id\":\"https:\\\/\\\/radioljubuski.ba\\\/index.php\\\/2021\\\/11\\\/04\\\/covic-za-dnevnik-nove-tv-sredinom-studenog-trebali-bi-imati-predlozene-konkretne-modele-za-izbor-clanova-predsjednistva-i-domove-naroda\\\/\",\"url\":\"https:\\\/\\\/radioljubuski.ba\\\/index.php\\\/2021\\\/11\\\/04\\\/covic-za-dnevnik-nove-tv-sredinom-studenog-trebali-bi-imati-predlozene-konkretne-modele-za-izbor-clanova-predsjednistva-i-domove-naroda\\\/\",\"name\":\"\u010covi\u0107 za Dnevnik Nove TV: Sredinom studenog trebali bi imati predlo\u017eene konkretne modele za izbor \u010dlanova Predsjedni\u0161tva i domove naroda - RADIO LJUBU\u0160KI\",\"isPartOf\":{\"@id\":\"https:\\\/\\\/radioljubuski.ba\\\/#website\"},\"primaryImageOfPage\":{\"@id\":\"https:\\\/\\\/radioljubuski.ba\\\/index.php\\\/2021\\\/11\\\/04\\\/covic-za-dnevnik-nove-tv-sredinom-studenog-trebali-bi-imati-predlozene-konkretne-modele-za-izbor-clanova-predsjednistva-i-domove-naroda\\\/#primaryimage\"},\"image\":{\"@id\":\"https:\\\/\\\/radioljubuski.ba\\\/index.php\\\/2021\\\/11\\\/04\\\/covic-za-dnevnik-nove-tv-sredinom-studenog-trebali-bi-imati-predlozene-konkretne-modele-za-izbor-clanova-predsjednistva-i-domove-naroda\\\/#primaryimage\"},\"thumbnailUrl\":\"https:\\\/\\\/radioljubuski.ba\\\/wp-content\\\/uploads\\\/2021\\\/11\\\/covic123-nova.jpg\",\"datePublished\":\"2021-11-04T10:15:07+00:00\",\"dateModified\":\"2021-11-04T10:15:09+00:00\",\"breadcrumb\":{\"@id\":\"https:\\\/\\\/radioljubuski.ba\\\/index.php\\\/2021\\\/11\\\/04\\\/covic-za-dnevnik-nove-tv-sredinom-studenog-trebali-bi-imati-predlozene-konkretne-modele-za-izbor-clanova-predsjednistva-i-domove-naroda\\\/#breadcrumb\"},\"inLanguage\":\"hr\",\"potentialAction\":[{\"@type\":\"ReadAction\",\"target\":[\"https:\\\/\\\/radioljubuski.ba\\\/index.php\\\/2021\\\/11\\\/04\\\/covic-za-dnevnik-nove-tv-sredinom-studenog-trebali-bi-imati-predlozene-konkretne-modele-za-izbor-clanova-predsjednistva-i-domove-naroda\\\/\"]}]},{\"@type\":\"ImageObject\",\"inLanguage\":\"hr\",\"@id\":\"https:\\\/\\\/radioljubuski.ba\\\/index.php\\\/2021\\\/11\\\/04\\\/covic-za-dnevnik-nove-tv-sredinom-studenog-trebali-bi-imati-predlozene-konkretne-modele-za-izbor-clanova-predsjednistva-i-domove-naroda\\\/#primaryimage\",\"url\":\"https:\\\/\\\/radioljubuski.ba\\\/wp-content\\\/uploads\\\/2021\\\/11\\\/covic123-nova.jpg\",\"contentUrl\":\"https:\\\/\\\/radioljubuski.ba\\\/wp-content\\\/uploads\\\/2021\\\/11\\\/covic123-nova.jpg\",\"width\":637,\"height\":364},{\"@type\":\"BreadcrumbList\",\"@id\":\"https:\\\/\\\/radioljubuski.ba\\\/index.php\\\/2021\\\/11\\\/04\\\/covic-za-dnevnik-nove-tv-sredinom-studenog-trebali-bi-imati-predlozene-konkretne-modele-za-izbor-clanova-predsjednistva-i-domove-naroda\\\/#breadcrumb\",\"itemListElement\":[{\"@type\":\"ListItem\",\"position\":1,\"name\":\"Po\u010detna stranica\",\"item\":\"https:\\\/\\\/radioljubuski.ba\\\/\"},{\"@type\":\"ListItem\",\"position\":2,\"name\":\"\u010covi\u0107 za Dnevnik Nove TV: Sredinom studenog trebali bi imati predlo\u017eene konkretne modele za izbor \u010dlanova Predsjedni\u0161tva i domove naroda\"}]},{\"@type\":\"WebSite\",\"@id\":\"https:\\\/\\\/radioljubuski.ba\\\/#website\",\"url\":\"https:\\\/\\\/radioljubuski.ba\\\/\",\"name\":\"Radio Ljubu\u0161ki\",\"description\":\"Sun\u010dana frekvencija Hercegovine\",\"publisher\":{\"@id\":\"https:\\\/\\\/radioljubuski.ba\\\/#organization\"},\"potentialAction\":[{\"@type\":\"SearchAction\",\"target\":{\"@type\":\"EntryPoint\",\"urlTemplate\":\"https:\\\/\\\/radioljubuski.ba\\\/?s={search_term_string}\"},\"query-input\":{\"@type\":\"PropertyValueSpecification\",\"valueRequired\":true,\"valueName\":\"search_term_string\"}}],\"inLanguage\":\"hr\"},{\"@type\":\"Organization\",\"@id\":\"https:\\\/\\\/radioljubuski.ba\\\/#organization\",\"name\":\"Radio Ljubu\u0161ki\",\"url\":\"https:\\\/\\\/radioljubuski.ba\\\/\",\"logo\":{\"@type\":\"ImageObject\",\"inLanguage\":\"hr\",\"@id\":\"https:\\\/\\\/radioljubuski.ba\\\/#\\\/schema\\\/logo\\\/image\\\/\",\"url\":\"https:\\\/\\\/radioljubuski.ba\\\/wp-content\\\/uploads\\\/2021\\\/02\\\/cropped-Radio_Ljubuski_logo1.jpg\",\"contentUrl\":\"https:\\\/\\\/radioljubuski.ba\\\/wp-content\\\/uploads\\\/2021\\\/02\\\/cropped-Radio_Ljubuski_logo1.jpg\",\"width\":512,\"height\":512,\"caption\":\"Radio Ljubu\u0161ki\"},\"image\":{\"@id\":\"https:\\\/\\\/radioljubuski.ba\\\/#\\\/schema\\\/logo\\\/image\\\/\"},\"sameAs\":[\"https:\\\/\\\/www.facebook.com\\\/Radiio-Ljubuski-1490835324566332\",\"https:\\\/\\\/x.com\\\/radioljubuski\",\"https:\\\/\\\/hr.linkedin.com\\\/company\\\/radio-ljubuski\",\"https:\\\/\\\/www.youtube.com\\\/channel\\\/UCHYaeO_n0Db3tjNGudGpXyw\"]},{\"@type\":\"Person\",\"@id\":\"https:\\\/\\\/radioljubuski.ba\\\/#\\\/schema\\\/person\\\/19fc700381a780f69665d7956c469e3b\",\"name\":\"Radio Ljubu\u0161ki\"}]}<\/script>\n<!-- \/ Yoast SEO plugin. -->","yoast_head_json":{"title":"\u010covi\u0107 za Dnevnik Nove TV: Sredinom studenog trebali bi imati predlo\u017eene konkretne modele za izbor \u010dlanova Predsjedni\u0161tva i domove naroda - RADIO LJUBU\u0160KI","robots":{"index":"index","follow":"follow","max-snippet":"max-snippet:-1","max-image-preview":"max-image-preview:large","max-video-preview":"max-video-preview:-1"},"canonical":"https:\/\/radioljubuski.ba\/index.php\/2021\/11\/04\/covic-za-dnevnik-nove-tv-sredinom-studenog-trebali-bi-imati-predlozene-konkretne-modele-za-izbor-clanova-predsjednistva-i-domove-naroda\/","og_locale":"hr_HR","og_type":"article","og_title":"\u010covi\u0107 za Dnevnik Nove TV: Sredinom studenog trebali bi imati predlo\u017eene konkretne modele za izbor \u010dlanova Predsjedni\u0161tva i domove naroda - RADIO LJUBU\u0160KI","og_description":"Situacija u Bosni i Hercegovini sve se vi\u0161e komplicira. O stanju u njoj raspravlja Vije\u0107e sigurnosti. Ivana Petrovi\u0107 u Dnevniku Nove TV razgovarala je s predsjednikom HDZ-a BiH Draganom \u010covi\u0107em. Rusija je dan ranije prijetila vetom na produljenje mandata EUFOR-a ako se Vije\u0107u sigurnosti obrati visoki predstavnik u BiH Christian Schmidt. Upravo je njegovo izvje\u0161\u0107e, [&hellip;]","og_url":"https:\/\/radioljubuski.ba\/index.php\/2021\/11\/04\/covic-za-dnevnik-nove-tv-sredinom-studenog-trebali-bi-imati-predlozene-konkretne-modele-za-izbor-clanova-predsjednistva-i-domove-naroda\/","og_site_name":"RADIO LJUBU\u0160KI","article_publisher":"https:\/\/www.facebook.com\/Radiio-Ljubuski-1490835324566332","article_published_time":"2021-11-04T10:15:07+00:00","article_modified_time":"2021-11-04T10:15:09+00:00","og_image":[{"width":637,"height":364,"url":"https:\/\/radioljubuski.ba\/wp-content\/uploads\/2021\/11\/covic123-nova.jpg","type":"image\/jpeg"}],"author":"Radio Ljubu\u0161ki","twitter_card":"summary_large_image","twitter_creator":"@radioljubuski","twitter_site":"@radioljubuski","twitter_misc":{"Napisao\/la":"Radio Ljubu\u0161ki","Procijenjeno vrijeme \u010ditanja":"4 minute"},"schema":{"@context":"https:\/\/schema.org","@graph":[{"@type":"Article","@id":"https:\/\/radioljubuski.ba\/index.php\/2021\/11\/04\/covic-za-dnevnik-nove-tv-sredinom-studenog-trebali-bi-imati-predlozene-konkretne-modele-za-izbor-clanova-predsjednistva-i-domove-naroda\/#article","isPartOf":{"@id":"https:\/\/radioljubuski.ba\/index.php\/2021\/11\/04\/covic-za-dnevnik-nove-tv-sredinom-studenog-trebali-bi-imati-predlozene-konkretne-modele-za-izbor-clanova-predsjednistva-i-domove-naroda\/"},"author":{"name":"Radio Ljubu\u0161ki","@id":"https:\/\/radioljubuski.ba\/#\/schema\/person\/19fc700381a780f69665d7956c469e3b"},"headline":"\u010covi\u0107 za Dnevnik Nove TV: Sredinom studenog trebali bi imati predlo\u017eene konkretne modele za izbor \u010dlanova Predsjedni\u0161tva i domove naroda","datePublished":"2021-11-04T10:15:07+00:00","dateModified":"2021-11-04T10:15:09+00:00","mainEntityOfPage":{"@id":"https:\/\/radioljubuski.ba\/index.php\/2021\/11\/04\/covic-za-dnevnik-nove-tv-sredinom-studenog-trebali-bi-imati-predlozene-konkretne-modele-za-izbor-clanova-predsjednistva-i-domove-naroda\/"},"wordCount":835,"publisher":{"@id":"https:\/\/radioljubuski.ba\/#organization"},"image":{"@id":"https:\/\/radioljubuski.ba\/index.php\/2021\/11\/04\/covic-za-dnevnik-nove-tv-sredinom-studenog-trebali-bi-imati-predlozene-konkretne-modele-za-izbor-clanova-predsjednistva-i-domove-naroda\/#primaryimage"},"thumbnailUrl":"https:\/\/radioljubuski.ba\/wp-content\/uploads\/2021\/11\/covic123-nova.jpg","articleSection":["BIH i regija"],"inLanguage":"hr"},{"@type":"WebPage","@id":"https:\/\/radioljubuski.ba\/index.php\/2021\/11\/04\/covic-za-dnevnik-nove-tv-sredinom-studenog-trebali-bi-imati-predlozene-konkretne-modele-za-izbor-clanova-predsjednistva-i-domove-naroda\/","url":"https:\/\/radioljubuski.ba\/index.php\/2021\/11\/04\/covic-za-dnevnik-nove-tv-sredinom-studenog-trebali-bi-imati-predlozene-konkretne-modele-za-izbor-clanova-predsjednistva-i-domove-naroda\/","name":"\u010covi\u0107 za Dnevnik Nove TV: Sredinom studenog trebali bi imati predlo\u017eene konkretne modele za izbor \u010dlanova Predsjedni\u0161tva i domove naroda - RADIO LJUBU\u0160KI","isPartOf":{"@id":"https:\/\/radioljubuski.ba\/#website"},"primaryImageOfPage":{"@id":"https:\/\/radioljubuski.ba\/index.php\/2021\/11\/04\/covic-za-dnevnik-nove-tv-sredinom-studenog-trebali-bi-imati-predlozene-konkretne-modele-za-izbor-clanova-predsjednistva-i-domove-naroda\/#primaryimage"},"image":{"@id":"https:\/\/radioljubuski.ba\/index.php\/2021\/11\/04\/covic-za-dnevnik-nove-tv-sredinom-studenog-trebali-bi-imati-predlozene-konkretne-modele-za-izbor-clanova-predsjednistva-i-domove-naroda\/#primaryimage"},"thumbnailUrl":"https:\/\/radioljubuski.ba\/wp-content\/uploads\/2021\/11\/covic123-nova.jpg","datePublished":"2021-11-04T10:15:07+00:00","dateModified":"2021-11-04T10:15:09+00:00","breadcrumb":{"@id":"https:\/\/radioljubuski.ba\/index.php\/2021\/11\/04\/covic-za-dnevnik-nove-tv-sredinom-studenog-trebali-bi-imati-predlozene-konkretne-modele-za-izbor-clanova-predsjednistva-i-domove-naroda\/#breadcrumb"},"inLanguage":"hr","potentialAction":[{"@type":"ReadAction","target":["https:\/\/radioljubuski.ba\/index.php\/2021\/11\/04\/covic-za-dnevnik-nove-tv-sredinom-studenog-trebali-bi-imati-predlozene-konkretne-modele-za-izbor-clanova-predsjednistva-i-domove-naroda\/"]}]},{"@type":"ImageObject","inLanguage":"hr","@id":"https:\/\/radioljubuski.ba\/index.php\/2021\/11\/04\/covic-za-dnevnik-nove-tv-sredinom-studenog-trebali-bi-imati-predlozene-konkretne-modele-za-izbor-clanova-predsjednistva-i-domove-naroda\/#primaryimage","url":"https:\/\/radioljubuski.ba\/wp-content\/uploads\/2021\/11\/covic123-nova.jpg","contentUrl":"https:\/\/radioljubuski.ba\/wp-content\/uploads\/2021\/11\/covic123-nova.jpg","width":637,"height":364},{"@type":"BreadcrumbList","@id":"https:\/\/radioljubuski.ba\/index.php\/2021\/11\/04\/covic-za-dnevnik-nove-tv-sredinom-studenog-trebali-bi-imati-predlozene-konkretne-modele-za-izbor-clanova-predsjednistva-i-domove-naroda\/#breadcrumb","itemListElement":[{"@type":"ListItem","position":1,"name":"Po\u010detna stranica","item":"https:\/\/radioljubuski.ba\/"},{"@type":"ListItem","position":2,"name":"\u010covi\u0107 za Dnevnik Nove TV: Sredinom studenog trebali bi imati predlo\u017eene konkretne modele za izbor \u010dlanova Predsjedni\u0161tva i domove naroda"}]},{"@type":"WebSite","@id":"https:\/\/radioljubuski.ba\/#website","url":"https:\/\/radioljubuski.ba\/","name":"Radio Ljubu\u0161ki","description":"Sun\u010dana frekvencija Hercegovine","publisher":{"@id":"https:\/\/radioljubuski.ba\/#organization"},"potentialAction":[{"@type":"SearchAction","target":{"@type":"EntryPoint","urlTemplate":"https:\/\/radioljubuski.ba\/?s={search_term_string}"},"query-input":{"@type":"PropertyValueSpecification","valueRequired":true,"valueName":"search_term_string"}}],"inLanguage":"hr"},{"@type":"Organization","@id":"https:\/\/radioljubuski.ba\/#organization","name":"Radio Ljubu\u0161ki","url":"https:\/\/radioljubuski.ba\/","logo":{"@type":"ImageObject","inLanguage":"hr","@id":"https:\/\/radioljubuski.ba\/#\/schema\/logo\/image\/","url":"https:\/\/radioljubuski.ba\/wp-content\/uploads\/2021\/02\/cropped-Radio_Ljubuski_logo1.jpg","contentUrl":"https:\/\/radioljubuski.ba\/wp-content\/uploads\/2021\/02\/cropped-Radio_Ljubuski_logo1.jpg","width":512,"height":512,"caption":"Radio Ljubu\u0161ki"},"image":{"@id":"https:\/\/radioljubuski.ba\/#\/schema\/logo\/image\/"},"sameAs":["https:\/\/www.facebook.com\/Radiio-Ljubuski-1490835324566332","https:\/\/x.com\/radioljubuski","https:\/\/hr.linkedin.com\/company\/radio-ljubuski","https:\/\/www.youtube.com\/channel\/UCHYaeO_n0Db3tjNGudGpXyw"]},{"@type":"Person","@id":"https:\/\/radioljubuski.ba\/#\/schema\/person\/19fc700381a780f69665d7956c469e3b","name":"Radio Ljubu\u0161ki"}]}},"_links":{"self":[{"href":"https:\/\/radioljubuski.ba\/index.php\/wp-json\/wp\/v2\/posts\/84737","targetHints":{"allow":["GET"]}}],"collection":[{"href":"https:\/\/radioljubuski.ba\/index.php\/wp-json\/wp\/v2\/posts"}],"about":[{"href":"https:\/\/radioljubuski.ba\/index.php\/wp-json\/wp\/v2\/types\/post"}],"author":[{"embeddable":true,"href":"https:\/\/radioljubuski.ba\/index.php\/wp-json\/wp\/v2\/users\/2"}],"replies":[{"embeddable":true,"href":"https:\/\/radioljubuski.ba\/index.php\/wp-json\/wp\/v2\/comments?post=84737"}],"version-history":[{"count":1,"href":"https:\/\/radioljubuski.ba\/index.php\/wp-json\/wp\/v2\/posts\/84737\/revisions"}],"predecessor-version":[{"id":84739,"href":"https:\/\/radioljubuski.ba\/index.php\/wp-json\/wp\/v2\/posts\/84737\/revisions\/84739"}],"wp:featuredmedia":[{"embeddable":true,"href":"https:\/\/radioljubuski.ba\/index.php\/wp-json\/wp\/v2\/media\/84738"}],"wp:attachment":[{"href":"https:\/\/radioljubuski.ba\/index.php\/wp-json\/wp\/v2\/media?parent=84737"}],"wp:term":[{"taxonomy":"category","embeddable":true,"href":"https:\/\/radioljubuski.ba\/index.php\/wp-json\/wp\/v2\/categories?post=84737"},{"taxonomy":"post_tag","embeddable":true,"href":"https:\/\/radioljubuski.ba\/index.php\/wp-json\/wp\/v2\/tags?post=84737"}],"curies":[{"name":"wp","href":"https:\/\/api.w.org\/{rel}","templated":true}]}}