{"id":84789,"date":"2021-11-04T11:46:22","date_gmt":"2021-11-04T10:46:22","guid":{"rendered":"https:\/\/radioljubuski.ba\/?p=84789"},"modified":"2021-11-04T11:46:22","modified_gmt":"2021-11-04T10:46:22","slug":"horvat-u-protekla-tri-dana-napravili-smo-puno","status":"publish","type":"post","link":"https:\/\/radioljubuski.ba\/index.php\/2021\/11\/04\/horvat-u-protekla-tri-dana-napravili-smo-puno\/","title":{"rendered":"Horvat: U protekla tri dana napravili smo puno"},"content":{"rendered":"\n<p>Hrvatska rukometna reprezentacija boravi u Pore\u010du na pripremama, a u subotu ih \u010deka prijateljska utakmica sa Slovenijom u Novigradu. Hrvatski izbornik Hrvoje Horvat izjavio je da su u protekla tri dana napravili puno posla.<\/p>\n\n\n\n<p>&#8211; Kao i obi\u010dno na okupljanju reprezentacije naporno je fizi\u010dki i psihi\u010dki, a izme\u0111u treninga gledamo videa, analiziramo i dogovaramo se tako da do\u010dekamo Slovence spremni u subotu. Ima puno stvari koje smo isprobali, krenuli smo sa obranom 5-1 i 6-0, tu su jo\u0161 tranzicija, pa dogovori napada. Ova tri dana mislim da smo napravili puno posla, kazao je izbornik Hrvoje Horvat.<\/p>\n\n\n\n<p>\u00a0Pripreme u Pore\u010du su po\u010detak slaganja reprezentacije i igre za Europsko prvenstvo sljede\u0107e godine u Slova\u010dkoj i Ma\u0111arskoj.<\/p>\n\n\n\n<div style=\"width: 640px;\" class=\"wp-video\"><video class=\"wp-video-shortcode\" id=\"video-84789-1\" width=\"640\" height=\"360\" preload=\"metadata\" controls=\"controls\"><source type=\"video\/mp4\" src=\"https:\/\/api.hrt.hr\/media\/dc\/1a\/hrvoje-horvat-20211103115059.mp4?_=1\" \/><a href=\"https:\/\/api.hrt.hr\/media\/dc\/1a\/hrvoje-horvat-20211103115059.mp4\">https:\/\/api.hrt.hr\/media\/dc\/1a\/hrvoje-horvat-20211103115059.mp4<\/a><\/video><\/div>\n\n\n\n<p>&#8211; Igranje u reprezentaciji nosi svoju problematiku, jer se ovdje, za razliku od klubova, treba u kratkom vremenu usvojiti puno informacija. Nije lagano, ali igra\u010di daju sve od sebe i na dobrom smo putu. O\u010dekujemo da \u0107e dvorana u Novigradu biti ispunjena i veselimo se \u0161to \u0107emo se predstaviti u novom ruhu, dodao je.<\/p>\n\n\n\n<div style=\"width: 640px;\" class=\"wp-video\"><video class=\"wp-video-shortcode\" id=\"video-84789-2\" width=\"640\" height=\"360\" preload=\"metadata\" controls=\"controls\"><source type=\"video\/mp4\" src=\"https:\/\/api.hrt.hr\/media\/60\/0b\/ivan-pesic-20211103114952.mp4?_=2\" \/><a href=\"https:\/\/api.hrt.hr\/media\/60\/0b\/ivan-pesic-20211103114952.mp4\">https:\/\/api.hrt.hr\/media\/60\/0b\/ivan-pesic-20211103114952.mp4<\/a><\/video><\/div>\n\n\n\n<p>Za Slovence je kazao da su izazovan i pametan protivnik.<\/p>\n\n\n\n<p>&nbsp;&#8211; Slovenci su ve\u0107 du\u017ei niz godina u samom vrhu, imaju reprezentaciju koju ne mijenjaju puno i pozvali su sve najbolje \u0161to mogu. Oni su jedni od kandidata za medalju na sljede\u0107em prvenstvu. \u010ceka nas izazovan i pametan protivnik, koji dr\u017ei visok tempo cijelu utakmicu, rekao je Horvat.&nbsp;<\/p>\n\n\n\n<p>Izvor:hrt.hr<\/p>\n","protected":false},"excerpt":{"rendered":"<p>Hrvatska rukometna reprezentacija boravi u Pore\u010du na pripremama, a u subotu ih \u010deka prijateljska utakmica sa Slovenijom u Novigradu. Hrvatski izbornik Hrvoje Horvat izjavio je da su u protekla tri dana napravili puno posla. &#8211; Kao i obi\u010dno na okupljanju reprezentacije naporno je fizi\u010dki i psihi\u010dki, a izme\u0111u treninga gledamo videa, analiziramo i dogovaramo se [&hellip;]<\/p>\n","protected":false},"author":2,"featured_media":84790,"comment_status":"closed","ping_status":"closed","sticky":false,"template":"","format":"standard","meta":{"h5ap_radio_sources":[],"footnotes":""},"categories":[7],"tags":[],"class_list":["post-84789","post","type-post","status-publish","format-standard","has-post-thumbnail","hentry","category-sport"],"yoast_head":"<!-- This site is optimized with the Yoast SEO plugin v27.4 - https:\/\/yoast.com\/product\/yoast-seo-wordpress\/ -->\n<title>Horvat: U protekla tri dana napravili smo puno - RADIO LJUBU\u0160KI<\/title>\n<meta name=\"robots\" content=\"index, follow, max-snippet:-1, max-image-preview:large, max-video-preview:-1\" \/>\n<link rel=\"canonical\" href=\"https:\/\/radioljubuski.ba\/index.php\/2021\/11\/04\/horvat-u-protekla-tri-dana-napravili-smo-puno\/\" \/>\n<meta property=\"og:locale\" content=\"hr_HR\" \/>\n<meta property=\"og:type\" content=\"article\" \/>\n<meta property=\"og:title\" content=\"Horvat: U protekla tri dana napravili smo puno - RADIO LJUBU\u0160KI\" \/>\n<meta property=\"og:description\" content=\"Hrvatska rukometna reprezentacija boravi u Pore\u010du na pripremama, a u subotu ih \u010deka prijateljska utakmica sa Slovenijom u Novigradu. Hrvatski izbornik Hrvoje Horvat izjavio je da su u protekla tri dana napravili puno posla. &#8211; Kao i obi\u010dno na okupljanju reprezentacije naporno je fizi\u010dki i psihi\u010dki, a izme\u0111u treninga gledamo videa, analiziramo i dogovaramo se [&hellip;]\" \/>\n<meta property=\"og:url\" content=\"https:\/\/radioljubuski.ba\/index.php\/2021\/11\/04\/horvat-u-protekla-tri-dana-napravili-smo-puno\/\" \/>\n<meta property=\"og:site_name\" content=\"RADIO LJUBU\u0160KI\" \/>\n<meta property=\"article:publisher\" content=\"https:\/\/www.facebook.com\/Radiio-Ljubuski-1490835324566332\" \/>\n<meta property=\"article:published_time\" content=\"2021-11-04T10:46:22+00:00\" \/>\n<meta property=\"og:image\" content=\"https:\/\/radioljubuski.ba\/wp-content\/uploads\/2021\/11\/horvat-pxl-011121-90441797-20211103111827.jpg\" \/>\n\t<meta property=\"og:image:width\" content=\"1600\" \/>\n\t<meta property=\"og:image:height\" content=\"1066\" \/>\n\t<meta property=\"og:image:type\" content=\"image\/jpeg\" \/>\n<meta name=\"author\" content=\"Radio Ljubu\u0161ki\" \/>\n<meta name=\"twitter:card\" content=\"summary_large_image\" \/>\n<meta name=\"twitter:creator\" content=\"@radioljubuski\" \/>\n<meta name=\"twitter:site\" content=\"@radioljubuski\" \/>\n<meta name=\"twitter:label1\" content=\"Napisao\/la\" \/>\n\t<meta name=\"twitter:data1\" content=\"Radio Ljubu\u0161ki\" \/>\n\t<meta name=\"twitter:label2\" content=\"Procijenjeno vrijeme \u010ditanja\" \/>\n\t<meta name=\"twitter:data2\" content=\"1 minuta\" \/>\n<script type=\"application\/ld+json\" class=\"yoast-schema-graph\">{\"@context\":\"https:\\\/\\\/schema.org\",\"@graph\":[{\"@type\":\"Article\",\"@id\":\"https:\\\/\\\/radioljubuski.ba\\\/index.php\\\/2021\\\/11\\\/04\\\/horvat-u-protekla-tri-dana-napravili-smo-puno\\\/#article\",\"isPartOf\":{\"@id\":\"https:\\\/\\\/radioljubuski.ba\\\/index.php\\\/2021\\\/11\\\/04\\\/horvat-u-protekla-tri-dana-napravili-smo-puno\\\/\"},\"author\":{\"name\":\"Radio Ljubu\u0161ki\",\"@id\":\"https:\\\/\\\/radioljubuski.ba\\\/#\\\/schema\\\/person\\\/19fc700381a780f69665d7956c469e3b\"},\"headline\":\"Horvat: U protekla tri dana napravili smo puno\",\"datePublished\":\"2021-11-04T10:46:22+00:00\",\"mainEntityOfPage\":{\"@id\":\"https:\\\/\\\/radioljubuski.ba\\\/index.php\\\/2021\\\/11\\\/04\\\/horvat-u-protekla-tri-dana-napravili-smo-puno\\\/\"},\"wordCount\":272,\"publisher\":{\"@id\":\"https:\\\/\\\/radioljubuski.ba\\\/#organization\"},\"image\":{\"@id\":\"https:\\\/\\\/radioljubuski.ba\\\/index.php\\\/2021\\\/11\\\/04\\\/horvat-u-protekla-tri-dana-napravili-smo-puno\\\/#primaryimage\"},\"thumbnailUrl\":\"https:\\\/\\\/radioljubuski.ba\\\/wp-content\\\/uploads\\\/2021\\\/11\\\/horvat-pxl-011121-90441797-20211103111827.jpg\",\"articleSection\":[\"\u0160port\"],\"inLanguage\":\"hr\"},{\"@type\":\"WebPage\",\"@id\":\"https:\\\/\\\/radioljubuski.ba\\\/index.php\\\/2021\\\/11\\\/04\\\/horvat-u-protekla-tri-dana-napravili-smo-puno\\\/\",\"url\":\"https:\\\/\\\/radioljubuski.ba\\\/index.php\\\/2021\\\/11\\\/04\\\/horvat-u-protekla-tri-dana-napravili-smo-puno\\\/\",\"name\":\"Horvat: U protekla tri dana napravili smo puno - RADIO LJUBU\u0160KI\",\"isPartOf\":{\"@id\":\"https:\\\/\\\/radioljubuski.ba\\\/#website\"},\"primaryImageOfPage\":{\"@id\":\"https:\\\/\\\/radioljubuski.ba\\\/index.php\\\/2021\\\/11\\\/04\\\/horvat-u-protekla-tri-dana-napravili-smo-puno\\\/#primaryimage\"},\"image\":{\"@id\":\"https:\\\/\\\/radioljubuski.ba\\\/index.php\\\/2021\\\/11\\\/04\\\/horvat-u-protekla-tri-dana-napravili-smo-puno\\\/#primaryimage\"},\"thumbnailUrl\":\"https:\\\/\\\/radioljubuski.ba\\\/wp-content\\\/uploads\\\/2021\\\/11\\\/horvat-pxl-011121-90441797-20211103111827.jpg\",\"datePublished\":\"2021-11-04T10:46:22+00:00\",\"breadcrumb\":{\"@id\":\"https:\\\/\\\/radioljubuski.ba\\\/index.php\\\/2021\\\/11\\\/04\\\/horvat-u-protekla-tri-dana-napravili-smo-puno\\\/#breadcrumb\"},\"inLanguage\":\"hr\",\"potentialAction\":[{\"@type\":\"ReadAction\",\"target\":[\"https:\\\/\\\/radioljubuski.ba\\\/index.php\\\/2021\\\/11\\\/04\\\/horvat-u-protekla-tri-dana-napravili-smo-puno\\\/\"]}]},{\"@type\":\"ImageObject\",\"inLanguage\":\"hr\",\"@id\":\"https:\\\/\\\/radioljubuski.ba\\\/index.php\\\/2021\\\/11\\\/04\\\/horvat-u-protekla-tri-dana-napravili-smo-puno\\\/#primaryimage\",\"url\":\"https:\\\/\\\/radioljubuski.ba\\\/wp-content\\\/uploads\\\/2021\\\/11\\\/horvat-pxl-011121-90441797-20211103111827.jpg\",\"contentUrl\":\"https:\\\/\\\/radioljubuski.ba\\\/wp-content\\\/uploads\\\/2021\\\/11\\\/horvat-pxl-011121-90441797-20211103111827.jpg\",\"width\":1600,\"height\":1066,\"caption\":\"1.11.2021., Zagreb - Hrvatska muska seniorska reprezentacija okupila se u Hotelu Westin, a zatim su otputovali u Porec gdje ce trenirati do kraja reprezentativnog tjedna. U sklopu priprema, Hrvatska ce igrati prijateljski susret sa Slovenijom u subotu\"},{\"@type\":\"BreadcrumbList\",\"@id\":\"https:\\\/\\\/radioljubuski.ba\\\/index.php\\\/2021\\\/11\\\/04\\\/horvat-u-protekla-tri-dana-napravili-smo-puno\\\/#breadcrumb\",\"itemListElement\":[{\"@type\":\"ListItem\",\"position\":1,\"name\":\"Po\u010detna stranica\",\"item\":\"https:\\\/\\\/radioljubuski.ba\\\/\"},{\"@type\":\"ListItem\",\"position\":2,\"name\":\"Horvat: U protekla tri dana napravili smo puno\"}]},{\"@type\":\"WebSite\",\"@id\":\"https:\\\/\\\/radioljubuski.ba\\\/#website\",\"url\":\"https:\\\/\\\/radioljubuski.ba\\\/\",\"name\":\"Radio Ljubu\u0161ki\",\"description\":\"Sun\u010dana frekvencija Hercegovine\",\"publisher\":{\"@id\":\"https:\\\/\\\/radioljubuski.ba\\\/#organization\"},\"potentialAction\":[{\"@type\":\"SearchAction\",\"target\":{\"@type\":\"EntryPoint\",\"urlTemplate\":\"https:\\\/\\\/radioljubuski.ba\\\/?s={search_term_string}\"},\"query-input\":{\"@type\":\"PropertyValueSpecification\",\"valueRequired\":true,\"valueName\":\"search_term_string\"}}],\"inLanguage\":\"hr\"},{\"@type\":\"Organization\",\"@id\":\"https:\\\/\\\/radioljubuski.ba\\\/#organization\",\"name\":\"Radio Ljubu\u0161ki\",\"url\":\"https:\\\/\\\/radioljubuski.ba\\\/\",\"logo\":{\"@type\":\"ImageObject\",\"inLanguage\":\"hr\",\"@id\":\"https:\\\/\\\/radioljubuski.ba\\\/#\\\/schema\\\/logo\\\/image\\\/\",\"url\":\"https:\\\/\\\/radioljubuski.ba\\\/wp-content\\\/uploads\\\/2021\\\/02\\\/cropped-Radio_Ljubuski_logo1.jpg\",\"contentUrl\":\"https:\\\/\\\/radioljubuski.ba\\\/wp-content\\\/uploads\\\/2021\\\/02\\\/cropped-Radio_Ljubuski_logo1.jpg\",\"width\":512,\"height\":512,\"caption\":\"Radio Ljubu\u0161ki\"},\"image\":{\"@id\":\"https:\\\/\\\/radioljubuski.ba\\\/#\\\/schema\\\/logo\\\/image\\\/\"},\"sameAs\":[\"https:\\\/\\\/www.facebook.com\\\/Radiio-Ljubuski-1490835324566332\",\"https:\\\/\\\/x.com\\\/radioljubuski\",\"https:\\\/\\\/hr.linkedin.com\\\/company\\\/radio-ljubuski\",\"https:\\\/\\\/www.youtube.com\\\/channel\\\/UCHYaeO_n0Db3tjNGudGpXyw\"]},{\"@type\":\"Person\",\"@id\":\"https:\\\/\\\/radioljubuski.ba\\\/#\\\/schema\\\/person\\\/19fc700381a780f69665d7956c469e3b\",\"name\":\"Radio Ljubu\u0161ki\"}]}<\/script>\n<!-- \/ Yoast SEO plugin. -->","yoast_head_json":{"title":"Horvat: U protekla tri dana napravili smo puno - RADIO LJUBU\u0160KI","robots":{"index":"index","follow":"follow","max-snippet":"max-snippet:-1","max-image-preview":"max-image-preview:large","max-video-preview":"max-video-preview:-1"},"canonical":"https:\/\/radioljubuski.ba\/index.php\/2021\/11\/04\/horvat-u-protekla-tri-dana-napravili-smo-puno\/","og_locale":"hr_HR","og_type":"article","og_title":"Horvat: U protekla tri dana napravili smo puno - RADIO LJUBU\u0160KI","og_description":"Hrvatska rukometna reprezentacija boravi u Pore\u010du na pripremama, a u subotu ih \u010deka prijateljska utakmica sa Slovenijom u Novigradu. Hrvatski izbornik Hrvoje Horvat izjavio je da su u protekla tri dana napravili puno posla. &#8211; Kao i obi\u010dno na okupljanju reprezentacije naporno je fizi\u010dki i psihi\u010dki, a izme\u0111u treninga gledamo videa, analiziramo i dogovaramo se [&hellip;]","og_url":"https:\/\/radioljubuski.ba\/index.php\/2021\/11\/04\/horvat-u-protekla-tri-dana-napravili-smo-puno\/","og_site_name":"RADIO LJUBU\u0160KI","article_publisher":"https:\/\/www.facebook.com\/Radiio-Ljubuski-1490835324566332","article_published_time":"2021-11-04T10:46:22+00:00","og_image":[{"width":1600,"height":1066,"url":"https:\/\/radioljubuski.ba\/wp-content\/uploads\/2021\/11\/horvat-pxl-011121-90441797-20211103111827.jpg","type":"image\/jpeg"}],"author":"Radio Ljubu\u0161ki","twitter_card":"summary_large_image","twitter_creator":"@radioljubuski","twitter_site":"@radioljubuski","twitter_misc":{"Napisao\/la":"Radio Ljubu\u0161ki","Procijenjeno vrijeme \u010ditanja":"1 minuta"},"schema":{"@context":"https:\/\/schema.org","@graph":[{"@type":"Article","@id":"https:\/\/radioljubuski.ba\/index.php\/2021\/11\/04\/horvat-u-protekla-tri-dana-napravili-smo-puno\/#article","isPartOf":{"@id":"https:\/\/radioljubuski.ba\/index.php\/2021\/11\/04\/horvat-u-protekla-tri-dana-napravili-smo-puno\/"},"author":{"name":"Radio Ljubu\u0161ki","@id":"https:\/\/radioljubuski.ba\/#\/schema\/person\/19fc700381a780f69665d7956c469e3b"},"headline":"Horvat: U protekla tri dana napravili smo puno","datePublished":"2021-11-04T10:46:22+00:00","mainEntityOfPage":{"@id":"https:\/\/radioljubuski.ba\/index.php\/2021\/11\/04\/horvat-u-protekla-tri-dana-napravili-smo-puno\/"},"wordCount":272,"publisher":{"@id":"https:\/\/radioljubuski.ba\/#organization"},"image":{"@id":"https:\/\/radioljubuski.ba\/index.php\/2021\/11\/04\/horvat-u-protekla-tri-dana-napravili-smo-puno\/#primaryimage"},"thumbnailUrl":"https:\/\/radioljubuski.ba\/wp-content\/uploads\/2021\/11\/horvat-pxl-011121-90441797-20211103111827.jpg","articleSection":["\u0160port"],"inLanguage":"hr"},{"@type":"WebPage","@id":"https:\/\/radioljubuski.ba\/index.php\/2021\/11\/04\/horvat-u-protekla-tri-dana-napravili-smo-puno\/","url":"https:\/\/radioljubuski.ba\/index.php\/2021\/11\/04\/horvat-u-protekla-tri-dana-napravili-smo-puno\/","name":"Horvat: U protekla tri dana napravili smo puno - RADIO LJUBU\u0160KI","isPartOf":{"@id":"https:\/\/radioljubuski.ba\/#website"},"primaryImageOfPage":{"@id":"https:\/\/radioljubuski.ba\/index.php\/2021\/11\/04\/horvat-u-protekla-tri-dana-napravili-smo-puno\/#primaryimage"},"image":{"@id":"https:\/\/radioljubuski.ba\/index.php\/2021\/11\/04\/horvat-u-protekla-tri-dana-napravili-smo-puno\/#primaryimage"},"thumbnailUrl":"https:\/\/radioljubuski.ba\/wp-content\/uploads\/2021\/11\/horvat-pxl-011121-90441797-20211103111827.jpg","datePublished":"2021-11-04T10:46:22+00:00","breadcrumb":{"@id":"https:\/\/radioljubuski.ba\/index.php\/2021\/11\/04\/horvat-u-protekla-tri-dana-napravili-smo-puno\/#breadcrumb"},"inLanguage":"hr","potentialAction":[{"@type":"ReadAction","target":["https:\/\/radioljubuski.ba\/index.php\/2021\/11\/04\/horvat-u-protekla-tri-dana-napravili-smo-puno\/"]}]},{"@type":"ImageObject","inLanguage":"hr","@id":"https:\/\/radioljubuski.ba\/index.php\/2021\/11\/04\/horvat-u-protekla-tri-dana-napravili-smo-puno\/#primaryimage","url":"https:\/\/radioljubuski.ba\/wp-content\/uploads\/2021\/11\/horvat-pxl-011121-90441797-20211103111827.jpg","contentUrl":"https:\/\/radioljubuski.ba\/wp-content\/uploads\/2021\/11\/horvat-pxl-011121-90441797-20211103111827.jpg","width":1600,"height":1066,"caption":"1.11.2021., Zagreb - Hrvatska muska seniorska reprezentacija okupila se u Hotelu Westin, a zatim su otputovali u Porec gdje ce trenirati do kraja reprezentativnog tjedna. U sklopu priprema, Hrvatska ce igrati prijateljski susret sa Slovenijom u subotu"},{"@type":"BreadcrumbList","@id":"https:\/\/radioljubuski.ba\/index.php\/2021\/11\/04\/horvat-u-protekla-tri-dana-napravili-smo-puno\/#breadcrumb","itemListElement":[{"@type":"ListItem","position":1,"name":"Po\u010detna stranica","item":"https:\/\/radioljubuski.ba\/"},{"@type":"ListItem","position":2,"name":"Horvat: U protekla tri dana napravili smo puno"}]},{"@type":"WebSite","@id":"https:\/\/radioljubuski.ba\/#website","url":"https:\/\/radioljubuski.ba\/","name":"Radio Ljubu\u0161ki","description":"Sun\u010dana frekvencija Hercegovine","publisher":{"@id":"https:\/\/radioljubuski.ba\/#organization"},"potentialAction":[{"@type":"SearchAction","target":{"@type":"EntryPoint","urlTemplate":"https:\/\/radioljubuski.ba\/?s={search_term_string}"},"query-input":{"@type":"PropertyValueSpecification","valueRequired":true,"valueName":"search_term_string"}}],"inLanguage":"hr"},{"@type":"Organization","@id":"https:\/\/radioljubuski.ba\/#organization","name":"Radio Ljubu\u0161ki","url":"https:\/\/radioljubuski.ba\/","logo":{"@type":"ImageObject","inLanguage":"hr","@id":"https:\/\/radioljubuski.ba\/#\/schema\/logo\/image\/","url":"https:\/\/radioljubuski.ba\/wp-content\/uploads\/2021\/02\/cropped-Radio_Ljubuski_logo1.jpg","contentUrl":"https:\/\/radioljubuski.ba\/wp-content\/uploads\/2021\/02\/cropped-Radio_Ljubuski_logo1.jpg","width":512,"height":512,"caption":"Radio Ljubu\u0161ki"},"image":{"@id":"https:\/\/radioljubuski.ba\/#\/schema\/logo\/image\/"},"sameAs":["https:\/\/www.facebook.com\/Radiio-Ljubuski-1490835324566332","https:\/\/x.com\/radioljubuski","https:\/\/hr.linkedin.com\/company\/radio-ljubuski","https:\/\/www.youtube.com\/channel\/UCHYaeO_n0Db3tjNGudGpXyw"]},{"@type":"Person","@id":"https:\/\/radioljubuski.ba\/#\/schema\/person\/19fc700381a780f69665d7956c469e3b","name":"Radio Ljubu\u0161ki"}]}},"_links":{"self":[{"href":"https:\/\/radioljubuski.ba\/index.php\/wp-json\/wp\/v2\/posts\/84789","targetHints":{"allow":["GET"]}}],"collection":[{"href":"https:\/\/radioljubuski.ba\/index.php\/wp-json\/wp\/v2\/posts"}],"about":[{"href":"https:\/\/radioljubuski.ba\/index.php\/wp-json\/wp\/v2\/types\/post"}],"author":[{"embeddable":true,"href":"https:\/\/radioljubuski.ba\/index.php\/wp-json\/wp\/v2\/users\/2"}],"replies":[{"embeddable":true,"href":"https:\/\/radioljubuski.ba\/index.php\/wp-json\/wp\/v2\/comments?post=84789"}],"version-history":[{"count":1,"href":"https:\/\/radioljubuski.ba\/index.php\/wp-json\/wp\/v2\/posts\/84789\/revisions"}],"predecessor-version":[{"id":84792,"href":"https:\/\/radioljubuski.ba\/index.php\/wp-json\/wp\/v2\/posts\/84789\/revisions\/84792"}],"wp:featuredmedia":[{"embeddable":true,"href":"https:\/\/radioljubuski.ba\/index.php\/wp-json\/wp\/v2\/media\/84790"}],"wp:attachment":[{"href":"https:\/\/radioljubuski.ba\/index.php\/wp-json\/wp\/v2\/media?parent=84789"}],"wp:term":[{"taxonomy":"category","embeddable":true,"href":"https:\/\/radioljubuski.ba\/index.php\/wp-json\/wp\/v2\/categories?post=84789"},{"taxonomy":"post_tag","embeddable":true,"href":"https:\/\/radioljubuski.ba\/index.php\/wp-json\/wp\/v2\/tags?post=84789"}],"curies":[{"name":"wp","href":"https:\/\/api.w.org\/{rel}","templated":true}]}}