{"id":84793,"date":"2021-11-04T11:47:52","date_gmt":"2021-11-04T10:47:52","guid":{"rendered":"https:\/\/radioljubuski.ba\/?p=84793"},"modified":"2021-11-04T11:47:53","modified_gmt":"2021-11-04T10:47:53","slug":"poraz-gorice-pobjeda-adria-oil-skrljeva","status":"publish","type":"post","link":"https:\/\/radioljubuski.ba\/index.php\/2021\/11\/04\/poraz-gorice-pobjeda-adria-oil-skrljeva\/","title":{"rendered":"Poraz Gorice, pobjeda Adria Oil \u0160krljeva"},"content":{"rendered":"\n<p>S polovi\u010dnim uspjehom (pobjeda i poraz) nastupili su hrvatski ko\u0161arka\u0161ki klubovi tijekom srijede u regionalnom natjecanju Alpe Adria Cupu.<\/p>\n\n\n\n<p>Gorica je nakon dvije pobjede u skupini C gostovala u Slova\u010dkoj kod Spi\u0161ski Rytierija, a doma\u0107in je u neizvjesnoj utakmici slavio 74-72. U sastavu Velikogori\u010dana najbolji je bio<strong> Ante Ma\u0161i\u0107<\/strong> sa 17 poena i sedam skokova. <strong>Mate Kalaj\u017ei\u0107 <\/strong>je dodao 16, a <strong>Karlo Uljarevi\u0107 <\/strong>11 poena.<br><br>Gorica i poljska Dabrowa Gornicza su na vrhu ljestvice s omjerom 2-1, dok Spi\u0161ski Rytieri ima dvije pobjede i dva poraza.<br><br>Kao i Gorica tako je i Adria Oil \u0160krljevo gostovalo u Slova\u010dkoj gdje je svladalo Prievidzu 79-77. Hrvatsku mom\u010dad s 18 poena je prevodio <strong>Stefan Sajin<\/strong>. <strong>Mario Raj\u010di\u0107 <\/strong>je dodao 16 poena uz pet skokova, a <strong>Toni Jelenkovi\u0107<\/strong> 10 ko\u0161eva uz sedam asistencija.<br><br>Adria Oil \u0160krljevo je trenuta\u010dno na omjeru 2-2 u skupini D te se nalazi na drugom mjestu. Vode\u0107a je slovenska Ilirija s tri pobjede iz tri utakmice.<br><br>Alpe Adria Cup:<\/p>\n\n\n\n<p>Skupina C: Spi\u0161ski Rytieri &#8211; Gorica 74-72<\/p>\n\n\n\n<p>Skupina D: Prievidza &#8211; Adria Oil \u0160krljevo 77-79<\/p>\n\n\n\n<p>Izvor:hrt.hr<\/p>\n","protected":false},"excerpt":{"rendered":"<p>S polovi\u010dnim uspjehom (pobjeda i poraz) nastupili su hrvatski ko\u0161arka\u0161ki klubovi tijekom srijede u regionalnom natjecanju Alpe Adria Cupu. Gorica je nakon dvije pobjede u skupini C gostovala u Slova\u010dkoj kod Spi\u0161ski Rytierija, a doma\u0107in je u neizvjesnoj utakmici slavio 74-72. U sastavu Velikogori\u010dana najbolji je bio Ante Ma\u0161i\u0107 sa 17 poena i sedam skokova. [&hellip;]<\/p>\n","protected":false},"author":2,"featured_media":84794,"comment_status":"closed","ping_status":"closed","sticky":false,"template":"","format":"standard","meta":{"h5ap_radio_sources":[],"footnotes":""},"categories":[7],"tags":[],"class_list":["post-84793","post","type-post","status-publish","format-standard","has-post-thumbnail","hentry","category-sport"],"yoast_head":"<!-- This site is optimized with the Yoast SEO plugin v27.5 - https:\/\/yoast.com\/product\/yoast-seo-wordpress\/ -->\n<title>Poraz Gorice, pobjeda Adria Oil \u0160krljeva - RADIO LJUBU\u0160KI<\/title>\n<meta name=\"robots\" content=\"index, follow, max-snippet:-1, max-image-preview:large, max-video-preview:-1\" \/>\n<link rel=\"canonical\" href=\"https:\/\/radioljubuski.ba\/index.php\/2021\/11\/04\/poraz-gorice-pobjeda-adria-oil-skrljeva\/\" \/>\n<meta property=\"og:locale\" content=\"hr_HR\" \/>\n<meta property=\"og:type\" content=\"article\" \/>\n<meta property=\"og:title\" content=\"Poraz Gorice, pobjeda Adria Oil \u0160krljeva - RADIO LJUBU\u0160KI\" \/>\n<meta property=\"og:description\" content=\"S polovi\u010dnim uspjehom (pobjeda i poraz) nastupili su hrvatski ko\u0161arka\u0161ki klubovi tijekom srijede u regionalnom natjecanju Alpe Adria Cupu. Gorica je nakon dvije pobjede u skupini C gostovala u Slova\u010dkoj kod Spi\u0161ski Rytierija, a doma\u0107in je u neizvjesnoj utakmici slavio 74-72. U sastavu Velikogori\u010dana najbolji je bio Ante Ma\u0161i\u0107 sa 17 poena i sedam skokova. [&hellip;]\" \/>\n<meta property=\"og:url\" content=\"https:\/\/radioljubuski.ba\/index.php\/2021\/11\/04\/poraz-gorice-pobjeda-adria-oil-skrljeva\/\" \/>\n<meta property=\"og:site_name\" content=\"RADIO LJUBU\u0160KI\" \/>\n<meta property=\"article:publisher\" content=\"https:\/\/www.facebook.com\/Radiio-Ljubuski-1490835324566332\" \/>\n<meta property=\"article:published_time\" content=\"2021-11-04T10:47:52+00:00\" \/>\n<meta property=\"article:modified_time\" content=\"2021-11-04T10:47:53+00:00\" \/>\n<meta property=\"og:image\" content=\"https:\/\/radioljubuski.ba\/wp-content\/uploads\/2021\/11\/prievidza9-1024x605-1.jpg\" \/>\n\t<meta property=\"og:image:width\" content=\"1024\" \/>\n\t<meta property=\"og:image:height\" content=\"605\" \/>\n\t<meta property=\"og:image:type\" content=\"image\/jpeg\" \/>\n<meta name=\"author\" content=\"Radio Ljubu\u0161ki\" \/>\n<meta name=\"twitter:card\" content=\"summary_large_image\" \/>\n<meta name=\"twitter:creator\" content=\"@radioljubuski\" \/>\n<meta name=\"twitter:site\" content=\"@radioljubuski\" \/>\n<meta name=\"twitter:label1\" content=\"Napisao\/la\" \/>\n\t<meta name=\"twitter:data1\" content=\"Radio Ljubu\u0161ki\" \/>\n\t<meta name=\"twitter:label2\" content=\"Procijenjeno vrijeme \u010ditanja\" \/>\n\t<meta name=\"twitter:data2\" content=\"1 minuta\" \/>\n<script type=\"application\/ld+json\" class=\"yoast-schema-graph\">{\"@context\":\"https:\\\/\\\/schema.org\",\"@graph\":[{\"@type\":\"Article\",\"@id\":\"https:\\\/\\\/radioljubuski.ba\\\/index.php\\\/2021\\\/11\\\/04\\\/poraz-gorice-pobjeda-adria-oil-skrljeva\\\/#article\",\"isPartOf\":{\"@id\":\"https:\\\/\\\/radioljubuski.ba\\\/index.php\\\/2021\\\/11\\\/04\\\/poraz-gorice-pobjeda-adria-oil-skrljeva\\\/\"},\"author\":{\"name\":\"Radio Ljubu\u0161ki\",\"@id\":\"https:\\\/\\\/radioljubuski.ba\\\/#\\\/schema\\\/person\\\/19fc700381a780f69665d7956c469e3b\"},\"headline\":\"Poraz Gorice, pobjeda Adria Oil \u0160krljeva\",\"datePublished\":\"2021-11-04T10:47:52+00:00\",\"dateModified\":\"2021-11-04T10:47:53+00:00\",\"mainEntityOfPage\":{\"@id\":\"https:\\\/\\\/radioljubuski.ba\\\/index.php\\\/2021\\\/11\\\/04\\\/poraz-gorice-pobjeda-adria-oil-skrljeva\\\/\"},\"wordCount\":194,\"publisher\":{\"@id\":\"https:\\\/\\\/radioljubuski.ba\\\/#organization\"},\"image\":{\"@id\":\"https:\\\/\\\/radioljubuski.ba\\\/index.php\\\/2021\\\/11\\\/04\\\/poraz-gorice-pobjeda-adria-oil-skrljeva\\\/#primaryimage\"},\"thumbnailUrl\":\"https:\\\/\\\/radioljubuski.ba\\\/wp-content\\\/uploads\\\/2021\\\/11\\\/prievidza9-1024x605-1.jpg\",\"articleSection\":[\"\u0160port\"],\"inLanguage\":\"hr\"},{\"@type\":\"WebPage\",\"@id\":\"https:\\\/\\\/radioljubuski.ba\\\/index.php\\\/2021\\\/11\\\/04\\\/poraz-gorice-pobjeda-adria-oil-skrljeva\\\/\",\"url\":\"https:\\\/\\\/radioljubuski.ba\\\/index.php\\\/2021\\\/11\\\/04\\\/poraz-gorice-pobjeda-adria-oil-skrljeva\\\/\",\"name\":\"Poraz Gorice, pobjeda Adria Oil \u0160krljeva - RADIO LJUBU\u0160KI\",\"isPartOf\":{\"@id\":\"https:\\\/\\\/radioljubuski.ba\\\/#website\"},\"primaryImageOfPage\":{\"@id\":\"https:\\\/\\\/radioljubuski.ba\\\/index.php\\\/2021\\\/11\\\/04\\\/poraz-gorice-pobjeda-adria-oil-skrljeva\\\/#primaryimage\"},\"image\":{\"@id\":\"https:\\\/\\\/radioljubuski.ba\\\/index.php\\\/2021\\\/11\\\/04\\\/poraz-gorice-pobjeda-adria-oil-skrljeva\\\/#primaryimage\"},\"thumbnailUrl\":\"https:\\\/\\\/radioljubuski.ba\\\/wp-content\\\/uploads\\\/2021\\\/11\\\/prievidza9-1024x605-1.jpg\",\"datePublished\":\"2021-11-04T10:47:52+00:00\",\"dateModified\":\"2021-11-04T10:47:53+00:00\",\"breadcrumb\":{\"@id\":\"https:\\\/\\\/radioljubuski.ba\\\/index.php\\\/2021\\\/11\\\/04\\\/poraz-gorice-pobjeda-adria-oil-skrljeva\\\/#breadcrumb\"},\"inLanguage\":\"hr\",\"potentialAction\":[{\"@type\":\"ReadAction\",\"target\":[\"https:\\\/\\\/radioljubuski.ba\\\/index.php\\\/2021\\\/11\\\/04\\\/poraz-gorice-pobjeda-adria-oil-skrljeva\\\/\"]}]},{\"@type\":\"ImageObject\",\"inLanguage\":\"hr\",\"@id\":\"https:\\\/\\\/radioljubuski.ba\\\/index.php\\\/2021\\\/11\\\/04\\\/poraz-gorice-pobjeda-adria-oil-skrljeva\\\/#primaryimage\",\"url\":\"https:\\\/\\\/radioljubuski.ba\\\/wp-content\\\/uploads\\\/2021\\\/11\\\/prievidza9-1024x605-1.jpg\",\"contentUrl\":\"https:\\\/\\\/radioljubuski.ba\\\/wp-content\\\/uploads\\\/2021\\\/11\\\/prievidza9-1024x605-1.jpg\",\"width\":1024,\"height\":605},{\"@type\":\"BreadcrumbList\",\"@id\":\"https:\\\/\\\/radioljubuski.ba\\\/index.php\\\/2021\\\/11\\\/04\\\/poraz-gorice-pobjeda-adria-oil-skrljeva\\\/#breadcrumb\",\"itemListElement\":[{\"@type\":\"ListItem\",\"position\":1,\"name\":\"Po\u010detna stranica\",\"item\":\"https:\\\/\\\/radioljubuski.ba\\\/\"},{\"@type\":\"ListItem\",\"position\":2,\"name\":\"Poraz Gorice, pobjeda Adria Oil \u0160krljeva\"}]},{\"@type\":\"WebSite\",\"@id\":\"https:\\\/\\\/radioljubuski.ba\\\/#website\",\"url\":\"https:\\\/\\\/radioljubuski.ba\\\/\",\"name\":\"Radio Ljubu\u0161ki\",\"description\":\"Sun\u010dana frekvencija Hercegovine\",\"publisher\":{\"@id\":\"https:\\\/\\\/radioljubuski.ba\\\/#organization\"},\"potentialAction\":[{\"@type\":\"SearchAction\",\"target\":{\"@type\":\"EntryPoint\",\"urlTemplate\":\"https:\\\/\\\/radioljubuski.ba\\\/?s={search_term_string}\"},\"query-input\":{\"@type\":\"PropertyValueSpecification\",\"valueRequired\":true,\"valueName\":\"search_term_string\"}}],\"inLanguage\":\"hr\"},{\"@type\":\"Organization\",\"@id\":\"https:\\\/\\\/radioljubuski.ba\\\/#organization\",\"name\":\"Radio Ljubu\u0161ki\",\"url\":\"https:\\\/\\\/radioljubuski.ba\\\/\",\"logo\":{\"@type\":\"ImageObject\",\"inLanguage\":\"hr\",\"@id\":\"https:\\\/\\\/radioljubuski.ba\\\/#\\\/schema\\\/logo\\\/image\\\/\",\"url\":\"https:\\\/\\\/radioljubuski.ba\\\/wp-content\\\/uploads\\\/2021\\\/02\\\/cropped-Radio_Ljubuski_logo1.jpg\",\"contentUrl\":\"https:\\\/\\\/radioljubuski.ba\\\/wp-content\\\/uploads\\\/2021\\\/02\\\/cropped-Radio_Ljubuski_logo1.jpg\",\"width\":512,\"height\":512,\"caption\":\"Radio Ljubu\u0161ki\"},\"image\":{\"@id\":\"https:\\\/\\\/radioljubuski.ba\\\/#\\\/schema\\\/logo\\\/image\\\/\"},\"sameAs\":[\"https:\\\/\\\/www.facebook.com\\\/Radiio-Ljubuski-1490835324566332\",\"https:\\\/\\\/x.com\\\/radioljubuski\",\"https:\\\/\\\/hr.linkedin.com\\\/company\\\/radio-ljubuski\",\"https:\\\/\\\/www.youtube.com\\\/channel\\\/UCHYaeO_n0Db3tjNGudGpXyw\"]},{\"@type\":\"Person\",\"@id\":\"https:\\\/\\\/radioljubuski.ba\\\/#\\\/schema\\\/person\\\/19fc700381a780f69665d7956c469e3b\",\"name\":\"Radio Ljubu\u0161ki\"}]}<\/script>\n<!-- \/ Yoast SEO plugin. -->","yoast_head_json":{"title":"Poraz Gorice, pobjeda Adria Oil \u0160krljeva - RADIO LJUBU\u0160KI","robots":{"index":"index","follow":"follow","max-snippet":"max-snippet:-1","max-image-preview":"max-image-preview:large","max-video-preview":"max-video-preview:-1"},"canonical":"https:\/\/radioljubuski.ba\/index.php\/2021\/11\/04\/poraz-gorice-pobjeda-adria-oil-skrljeva\/","og_locale":"hr_HR","og_type":"article","og_title":"Poraz Gorice, pobjeda Adria Oil \u0160krljeva - RADIO LJUBU\u0160KI","og_description":"S polovi\u010dnim uspjehom (pobjeda i poraz) nastupili su hrvatski ko\u0161arka\u0161ki klubovi tijekom srijede u regionalnom natjecanju Alpe Adria Cupu. Gorica je nakon dvije pobjede u skupini C gostovala u Slova\u010dkoj kod Spi\u0161ski Rytierija, a doma\u0107in je u neizvjesnoj utakmici slavio 74-72. U sastavu Velikogori\u010dana najbolji je bio Ante Ma\u0161i\u0107 sa 17 poena i sedam skokova. [&hellip;]","og_url":"https:\/\/radioljubuski.ba\/index.php\/2021\/11\/04\/poraz-gorice-pobjeda-adria-oil-skrljeva\/","og_site_name":"RADIO LJUBU\u0160KI","article_publisher":"https:\/\/www.facebook.com\/Radiio-Ljubuski-1490835324566332","article_published_time":"2021-11-04T10:47:52+00:00","article_modified_time":"2021-11-04T10:47:53+00:00","og_image":[{"width":1024,"height":605,"url":"https:\/\/radioljubuski.ba\/wp-content\/uploads\/2021\/11\/prievidza9-1024x605-1.jpg","type":"image\/jpeg"}],"author":"Radio Ljubu\u0161ki","twitter_card":"summary_large_image","twitter_creator":"@radioljubuski","twitter_site":"@radioljubuski","twitter_misc":{"Napisao\/la":"Radio Ljubu\u0161ki","Procijenjeno vrijeme \u010ditanja":"1 minuta"},"schema":{"@context":"https:\/\/schema.org","@graph":[{"@type":"Article","@id":"https:\/\/radioljubuski.ba\/index.php\/2021\/11\/04\/poraz-gorice-pobjeda-adria-oil-skrljeva\/#article","isPartOf":{"@id":"https:\/\/radioljubuski.ba\/index.php\/2021\/11\/04\/poraz-gorice-pobjeda-adria-oil-skrljeva\/"},"author":{"name":"Radio Ljubu\u0161ki","@id":"https:\/\/radioljubuski.ba\/#\/schema\/person\/19fc700381a780f69665d7956c469e3b"},"headline":"Poraz Gorice, pobjeda Adria Oil \u0160krljeva","datePublished":"2021-11-04T10:47:52+00:00","dateModified":"2021-11-04T10:47:53+00:00","mainEntityOfPage":{"@id":"https:\/\/radioljubuski.ba\/index.php\/2021\/11\/04\/poraz-gorice-pobjeda-adria-oil-skrljeva\/"},"wordCount":194,"publisher":{"@id":"https:\/\/radioljubuski.ba\/#organization"},"image":{"@id":"https:\/\/radioljubuski.ba\/index.php\/2021\/11\/04\/poraz-gorice-pobjeda-adria-oil-skrljeva\/#primaryimage"},"thumbnailUrl":"https:\/\/radioljubuski.ba\/wp-content\/uploads\/2021\/11\/prievidza9-1024x605-1.jpg","articleSection":["\u0160port"],"inLanguage":"hr"},{"@type":"WebPage","@id":"https:\/\/radioljubuski.ba\/index.php\/2021\/11\/04\/poraz-gorice-pobjeda-adria-oil-skrljeva\/","url":"https:\/\/radioljubuski.ba\/index.php\/2021\/11\/04\/poraz-gorice-pobjeda-adria-oil-skrljeva\/","name":"Poraz Gorice, pobjeda Adria Oil \u0160krljeva - RADIO LJUBU\u0160KI","isPartOf":{"@id":"https:\/\/radioljubuski.ba\/#website"},"primaryImageOfPage":{"@id":"https:\/\/radioljubuski.ba\/index.php\/2021\/11\/04\/poraz-gorice-pobjeda-adria-oil-skrljeva\/#primaryimage"},"image":{"@id":"https:\/\/radioljubuski.ba\/index.php\/2021\/11\/04\/poraz-gorice-pobjeda-adria-oil-skrljeva\/#primaryimage"},"thumbnailUrl":"https:\/\/radioljubuski.ba\/wp-content\/uploads\/2021\/11\/prievidza9-1024x605-1.jpg","datePublished":"2021-11-04T10:47:52+00:00","dateModified":"2021-11-04T10:47:53+00:00","breadcrumb":{"@id":"https:\/\/radioljubuski.ba\/index.php\/2021\/11\/04\/poraz-gorice-pobjeda-adria-oil-skrljeva\/#breadcrumb"},"inLanguage":"hr","potentialAction":[{"@type":"ReadAction","target":["https:\/\/radioljubuski.ba\/index.php\/2021\/11\/04\/poraz-gorice-pobjeda-adria-oil-skrljeva\/"]}]},{"@type":"ImageObject","inLanguage":"hr","@id":"https:\/\/radioljubuski.ba\/index.php\/2021\/11\/04\/poraz-gorice-pobjeda-adria-oil-skrljeva\/#primaryimage","url":"https:\/\/radioljubuski.ba\/wp-content\/uploads\/2021\/11\/prievidza9-1024x605-1.jpg","contentUrl":"https:\/\/radioljubuski.ba\/wp-content\/uploads\/2021\/11\/prievidza9-1024x605-1.jpg","width":1024,"height":605},{"@type":"BreadcrumbList","@id":"https:\/\/radioljubuski.ba\/index.php\/2021\/11\/04\/poraz-gorice-pobjeda-adria-oil-skrljeva\/#breadcrumb","itemListElement":[{"@type":"ListItem","position":1,"name":"Po\u010detna stranica","item":"https:\/\/radioljubuski.ba\/"},{"@type":"ListItem","position":2,"name":"Poraz Gorice, pobjeda Adria Oil \u0160krljeva"}]},{"@type":"WebSite","@id":"https:\/\/radioljubuski.ba\/#website","url":"https:\/\/radioljubuski.ba\/","name":"Radio Ljubu\u0161ki","description":"Sun\u010dana frekvencija Hercegovine","publisher":{"@id":"https:\/\/radioljubuski.ba\/#organization"},"potentialAction":[{"@type":"SearchAction","target":{"@type":"EntryPoint","urlTemplate":"https:\/\/radioljubuski.ba\/?s={search_term_string}"},"query-input":{"@type":"PropertyValueSpecification","valueRequired":true,"valueName":"search_term_string"}}],"inLanguage":"hr"},{"@type":"Organization","@id":"https:\/\/radioljubuski.ba\/#organization","name":"Radio Ljubu\u0161ki","url":"https:\/\/radioljubuski.ba\/","logo":{"@type":"ImageObject","inLanguage":"hr","@id":"https:\/\/radioljubuski.ba\/#\/schema\/logo\/image\/","url":"https:\/\/radioljubuski.ba\/wp-content\/uploads\/2021\/02\/cropped-Radio_Ljubuski_logo1.jpg","contentUrl":"https:\/\/radioljubuski.ba\/wp-content\/uploads\/2021\/02\/cropped-Radio_Ljubuski_logo1.jpg","width":512,"height":512,"caption":"Radio Ljubu\u0161ki"},"image":{"@id":"https:\/\/radioljubuski.ba\/#\/schema\/logo\/image\/"},"sameAs":["https:\/\/www.facebook.com\/Radiio-Ljubuski-1490835324566332","https:\/\/x.com\/radioljubuski","https:\/\/hr.linkedin.com\/company\/radio-ljubuski","https:\/\/www.youtube.com\/channel\/UCHYaeO_n0Db3tjNGudGpXyw"]},{"@type":"Person","@id":"https:\/\/radioljubuski.ba\/#\/schema\/person\/19fc700381a780f69665d7956c469e3b","name":"Radio Ljubu\u0161ki"}]}},"_links":{"self":[{"href":"https:\/\/radioljubuski.ba\/index.php\/wp-json\/wp\/v2\/posts\/84793","targetHints":{"allow":["GET"]}}],"collection":[{"href":"https:\/\/radioljubuski.ba\/index.php\/wp-json\/wp\/v2\/posts"}],"about":[{"href":"https:\/\/radioljubuski.ba\/index.php\/wp-json\/wp\/v2\/types\/post"}],"author":[{"embeddable":true,"href":"https:\/\/radioljubuski.ba\/index.php\/wp-json\/wp\/v2\/users\/2"}],"replies":[{"embeddable":true,"href":"https:\/\/radioljubuski.ba\/index.php\/wp-json\/wp\/v2\/comments?post=84793"}],"version-history":[{"count":1,"href":"https:\/\/radioljubuski.ba\/index.php\/wp-json\/wp\/v2\/posts\/84793\/revisions"}],"predecessor-version":[{"id":84795,"href":"https:\/\/radioljubuski.ba\/index.php\/wp-json\/wp\/v2\/posts\/84793\/revisions\/84795"}],"wp:featuredmedia":[{"embeddable":true,"href":"https:\/\/radioljubuski.ba\/index.php\/wp-json\/wp\/v2\/media\/84794"}],"wp:attachment":[{"href":"https:\/\/radioljubuski.ba\/index.php\/wp-json\/wp\/v2\/media?parent=84793"}],"wp:term":[{"taxonomy":"category","embeddable":true,"href":"https:\/\/radioljubuski.ba\/index.php\/wp-json\/wp\/v2\/categories?post=84793"},{"taxonomy":"post_tag","embeddable":true,"href":"https:\/\/radioljubuski.ba\/index.php\/wp-json\/wp\/v2\/tags?post=84793"}],"curies":[{"name":"wp","href":"https:\/\/api.w.org\/{rel}","templated":true}]}}