{"id":84804,"date":"2021-11-04T11:55:33","date_gmt":"2021-11-04T10:55:33","guid":{"rendered":"https:\/\/radioljubuski.ba\/?p=84804"},"modified":"2021-11-04T11:55:34","modified_gmt":"2021-11-04T10:55:34","slug":"benzema-donio-pobjedu-realu-milan-protiv-porta-osvojio-prvi-bod","status":"publish","type":"post","link":"https:\/\/radioljubuski.ba\/index.php\/2021\/11\/04\/benzema-donio-pobjedu-realu-milan-protiv-porta-osvojio-prvi-bod\/","title":{"rendered":"Benzema donio pobjedu Realu, Milan protiv Porta osvojio prvi bod"},"content":{"rendered":"\n<p>Odigrane su prvi dvije dana\u0161nje utakmice 4. kola nogometne Lige prvaka. Real je u Madridu svladao \u0160ahtar 2:1 u ogledu skupine D, a Milan je remizirao sa Portom na San Siru 1:1 osvojiv\u0161i prvi bod u skupini B.<\/p>\n\n\n\n<blockquote class=\"twitter-tweet\"><p lang=\"en\" dir=\"ltr\">\u23f0 RESULTS \u23f0<br><br>\u26aa\ufe0f Benzema inspires Real Madrid against Shakhtar <br><br>\ud83d\udd35\u26aa\ufe0f Luis D\u00edaz nets as Porto hold Milan at San Siro<br><br>\ud83e\udd14 Your thoughts on the early results?<a href=\"https:\/\/twitter.com\/hashtag\/UCL?src=hash&amp;ref_src=twsrc%5Etfw\">#UCL<\/a><\/p>&mdash; UEFA Champions League (@ChampionsLeague) <a href=\"https:\/\/twitter.com\/ChampionsLeague\/status\/1455983902233858049?ref_src=twsrc%5Etfw\">November 3, 2021<\/a><\/blockquote> <script async src=\"https:\/\/platform.twitter.com\/widgets.js\" charset=\"utf-8\"><\/script> \n\n\n\n<p>Kraljevski klub je poveo u 14. minuti golom <strong>Karima Benzeme<\/strong>, a bio je to 1.000 Realov pogodak u Kupu prvaka i Ligi prvaka. Real je time postao prvi klub koji je stigao do ove brojke. Na drugom mjestu je Bayern sa 768 golova u elitnom natjecanju Starog kontinenta, dok je na tre\u0107em mjestu Barcelona sa 655 golova.<\/p>\n\n\n\n<blockquote class=\"twitter-tweet\"><p lang=\"en\" dir=\"ltr\">\u2728 We are the FIRST team to score 1\u20e30\u20e30\u20e30\u20e3 goals in the European Cup! \u2728<a href=\"https:\/\/twitter.com\/hashtag\/RealFootball?src=hash&amp;ref_src=twsrc%5Etfw\">#RealFootball<\/a> | <a href=\"https:\/\/twitter.com\/hashtag\/UCL?src=hash&amp;ref_src=twsrc%5Etfw\">#UCL<\/a> <a href=\"https:\/\/t.co\/v6lzl8W3rg\">pic.twitter.com\/v6lzl8W3rg<\/a><\/p>&mdash; Real Madrid C.F. \ud83c\uddec\ud83c\udde7\ud83c\uddfa\ud83c\uddf8 (@realmadriden) <a href=\"https:\/\/twitter.com\/realmadriden\/status\/1455958350684905472?ref_src=twsrc%5Etfw\">November 3, 2021<\/a><\/blockquote> <script async src=\"https:\/\/platform.twitter.com\/widgets.js\" charset=\"utf-8\"><\/script> \n\n\n\n<p>\u0160panjolski velikan je zabio pogodak nakon velike pogre\u0161ke gostuju\u0107e obrane. <strong>Vin\u00edcius J\u00fanior<\/strong> je ukrao loptu <strong>Marlonu <\/strong>te uposlio Benzemu koji je zabio u praznu mre\u017eu za 1:0. Ukrajinci su izjedna\u010dili u 39. minuti, s strijelac je bio <strong>Fernando <\/strong>koji je zakucao loptu u mre\u017eu nakon \u0161to mu ju je prsima spustio <strong>Alan Patrick<\/strong>. Zanimljivo, bio je to prvi pogodak ukrajinskog sastava ove sezone u Ligi prvaka.<br><br>Real je bolje krenuo u nastavak i u 61. minuti Benzema je zabio i drugi gol na utakmici, a ponovo je asistent bio Vinicius. Do kraja susreta bilo je jo\u0161 prilika na obje strane, no rezultat se vi\u0161e nije mijenjao. Kapetan hrvatske reprezentacije <strong>Luka Modri\u0107 <\/strong>je odigrao cijeli susret za Kraljevski klub.<\/p>\n\n\n\n<p>U drugom susretu ove skupine ve\u010deras se sastaju \u0160erif i Inter. Na ljestvici vodi Real Madrid s devet bodova, \u0160erif ima \u0161est, Inter \u010detiri, a \u0160ahtar jedan bod.<\/p>\n\n\n\n<p>Milan i Porto odigrali su 1:1 u prvom susretu 4. kola skupine B. Gosti su poveli ve\u0107 u \u0161estoj minuti preko <strong>Luisa Diaza<\/strong>. <strong>Marko Gruji\u0107<\/strong> je &#8220;ukrao&#8221; loptu neopreznoj obrani Milana, te odli\u010dno uposlio Diaza koji je pogodio za 1:0.<br><br>Milan je mogao do izjedna\u010denja u 34. minuti, <strong>Olivier Giroud<\/strong> je ve\u0107 krenuo slaviti, ali je golman<strong> Diogo Costa<\/strong>&nbsp;je odli\u010dno reagirao.<\/p>\n\n\n\n<p>Uzvratio je Porto u 55. minuti, no udarac <strong>Evanilsona <\/strong>je zavr\u0161io u okviru gola. \u0160est minuta kasnije Rossoneri su uspjeli izjedna\u010diti. Pucao je<strong> Pierre Kalulu<\/strong>, a lopta je pogodila<strong> Chancela Mbembu<\/strong> i zavr\u0161ila u mre\u017ei.<br><br>Doma\u0107in je u nastavku susreta jurio drugi gol i pobjedu koja bi ga ostavila u igri za nastavak natjecanja, no vi\u0161e nije bilo promjene rezultata. <strong>Ante Rebi\u0107<\/strong> nije nastupio za Milan zbog ozljede gle\u017enja.<br><br>U drugom susretu sastaju se Liverpool i Atletico Madrid. Dvoboj s Anfielda mo\u0107i \u0107ete pratiti u prijenosu na Drugom programu HTV-a i na\u0161em portalu od 21 sat. Liverpool vodi na ljestvici s devet bodova, Porto ima pet, Atletico \u010detiri, a Milan je osvojio prvi bod.<\/p>\n\n\n\n<p>Izvor:hrt.hr<\/p>\n","protected":false},"excerpt":{"rendered":"<p>Odigrane su prvi dvije dana\u0161nje utakmice 4. kola nogometne Lige prvaka. Real je u Madridu svladao \u0160ahtar 2:1 u ogledu skupine D, a Milan je remizirao sa Portom na San Siru 1:1 osvojiv\u0161i prvi bod u skupini B. \u23f0 RESULTS \u23f0 \u26aa\ufe0f Benzema inspires Real Madrid against Shakhtar \ud83d\udd35\u26aa\ufe0f Luis D\u00edaz nets as Porto hold [&hellip;]<\/p>\n","protected":false},"author":2,"featured_media":84805,"comment_status":"closed","ping_status":"closed","sticky":false,"template":"","format":"standard","meta":{"h5ap_radio_sources":[],"footnotes":""},"categories":[7],"tags":[],"class_list":["post-84804","post","type-post","status-publish","format-standard","has-post-thumbnail","hentry","category-sport"],"yoast_head":"<!-- This site is optimized with the Yoast SEO plugin v27.5 - https:\/\/yoast.com\/product\/yoast-seo-wordpress\/ -->\n<title>Benzema donio pobjedu Realu, Milan protiv Porta osvojio prvi bod - RADIO LJUBU\u0160KI<\/title>\n<meta name=\"robots\" content=\"index, follow, max-snippet:-1, max-image-preview:large, max-video-preview:-1\" \/>\n<link rel=\"canonical\" href=\"https:\/\/radioljubuski.ba\/index.php\/2021\/11\/04\/benzema-donio-pobjedu-realu-milan-protiv-porta-osvojio-prvi-bod\/\" \/>\n<meta property=\"og:locale\" content=\"hr_HR\" \/>\n<meta property=\"og:type\" content=\"article\" \/>\n<meta property=\"og:title\" content=\"Benzema donio pobjedu Realu, Milan protiv Porta osvojio prvi bod - RADIO LJUBU\u0160KI\" \/>\n<meta property=\"og:description\" content=\"Odigrane su prvi dvije dana\u0161nje utakmice 4. kola nogometne Lige prvaka. Real je u Madridu svladao \u0160ahtar 2:1 u ogledu skupine D, a Milan je remizirao sa Portom na San Siru 1:1 osvojiv\u0161i prvi bod u skupini B. \u23f0 RESULTS \u23f0 \u26aa\ufe0f Benzema inspires Real Madrid against Shakhtar \ud83d\udd35\u26aa\ufe0f Luis D\u00edaz nets as Porto hold [&hellip;]\" \/>\n<meta property=\"og:url\" content=\"https:\/\/radioljubuski.ba\/index.php\/2021\/11\/04\/benzema-donio-pobjedu-realu-milan-protiv-porta-osvojio-prvi-bod\/\" \/>\n<meta property=\"og:site_name\" content=\"RADIO LJUBU\u0160KI\" \/>\n<meta property=\"article:publisher\" content=\"https:\/\/www.facebook.com\/Radiio-Ljubuski-1490835324566332\" \/>\n<meta property=\"article:published_time\" content=\"2021-11-04T10:55:33+00:00\" \/>\n<meta property=\"article:modified_time\" content=\"2021-11-04T10:55:34+00:00\" \/>\n<meta property=\"og:image\" content=\"https:\/\/radioljubuski.ba\/wp-content\/uploads\/2021\/11\/77.jpg\" \/>\n\t<meta property=\"og:image:width\" content=\"292\" \/>\n\t<meta property=\"og:image:height\" content=\"173\" \/>\n\t<meta property=\"og:image:type\" content=\"image\/jpeg\" \/>\n<meta name=\"author\" content=\"Radio Ljubu\u0161ki\" \/>\n<meta name=\"twitter:card\" content=\"summary_large_image\" \/>\n<meta name=\"twitter:creator\" content=\"@radioljubuski\" \/>\n<meta name=\"twitter:site\" content=\"@radioljubuski\" \/>\n<meta name=\"twitter:label1\" content=\"Napisao\/la\" \/>\n\t<meta name=\"twitter:data1\" content=\"Radio Ljubu\u0161ki\" \/>\n\t<meta name=\"twitter:label2\" content=\"Procijenjeno vrijeme \u010ditanja\" \/>\n\t<meta name=\"twitter:data2\" content=\"3 minute\" \/>\n<script type=\"application\/ld+json\" class=\"yoast-schema-graph\">{\"@context\":\"https:\\\/\\\/schema.org\",\"@graph\":[{\"@type\":\"Article\",\"@id\":\"https:\\\/\\\/radioljubuski.ba\\\/index.php\\\/2021\\\/11\\\/04\\\/benzema-donio-pobjedu-realu-milan-protiv-porta-osvojio-prvi-bod\\\/#article\",\"isPartOf\":{\"@id\":\"https:\\\/\\\/radioljubuski.ba\\\/index.php\\\/2021\\\/11\\\/04\\\/benzema-donio-pobjedu-realu-milan-protiv-porta-osvojio-prvi-bod\\\/\"},\"author\":{\"name\":\"Radio Ljubu\u0161ki\",\"@id\":\"https:\\\/\\\/radioljubuski.ba\\\/#\\\/schema\\\/person\\\/19fc700381a780f69665d7956c469e3b\"},\"headline\":\"Benzema donio pobjedu Realu, Milan protiv Porta osvojio prvi bod\",\"datePublished\":\"2021-11-04T10:55:33+00:00\",\"dateModified\":\"2021-11-04T10:55:34+00:00\",\"mainEntityOfPage\":{\"@id\":\"https:\\\/\\\/radioljubuski.ba\\\/index.php\\\/2021\\\/11\\\/04\\\/benzema-donio-pobjedu-realu-milan-protiv-porta-osvojio-prvi-bod\\\/\"},\"wordCount\":498,\"publisher\":{\"@id\":\"https:\\\/\\\/radioljubuski.ba\\\/#organization\"},\"image\":{\"@id\":\"https:\\\/\\\/radioljubuski.ba\\\/index.php\\\/2021\\\/11\\\/04\\\/benzema-donio-pobjedu-realu-milan-protiv-porta-osvojio-prvi-bod\\\/#primaryimage\"},\"thumbnailUrl\":\"https:\\\/\\\/radioljubuski.ba\\\/wp-content\\\/uploads\\\/2021\\\/11\\\/77.jpg\",\"articleSection\":[\"\u0160port\"],\"inLanguage\":\"hr\"},{\"@type\":\"WebPage\",\"@id\":\"https:\\\/\\\/radioljubuski.ba\\\/index.php\\\/2021\\\/11\\\/04\\\/benzema-donio-pobjedu-realu-milan-protiv-porta-osvojio-prvi-bod\\\/\",\"url\":\"https:\\\/\\\/radioljubuski.ba\\\/index.php\\\/2021\\\/11\\\/04\\\/benzema-donio-pobjedu-realu-milan-protiv-porta-osvojio-prvi-bod\\\/\",\"name\":\"Benzema donio pobjedu Realu, Milan protiv Porta osvojio prvi bod - RADIO LJUBU\u0160KI\",\"isPartOf\":{\"@id\":\"https:\\\/\\\/radioljubuski.ba\\\/#website\"},\"primaryImageOfPage\":{\"@id\":\"https:\\\/\\\/radioljubuski.ba\\\/index.php\\\/2021\\\/11\\\/04\\\/benzema-donio-pobjedu-realu-milan-protiv-porta-osvojio-prvi-bod\\\/#primaryimage\"},\"image\":{\"@id\":\"https:\\\/\\\/radioljubuski.ba\\\/index.php\\\/2021\\\/11\\\/04\\\/benzema-donio-pobjedu-realu-milan-protiv-porta-osvojio-prvi-bod\\\/#primaryimage\"},\"thumbnailUrl\":\"https:\\\/\\\/radioljubuski.ba\\\/wp-content\\\/uploads\\\/2021\\\/11\\\/77.jpg\",\"datePublished\":\"2021-11-04T10:55:33+00:00\",\"dateModified\":\"2021-11-04T10:55:34+00:00\",\"breadcrumb\":{\"@id\":\"https:\\\/\\\/radioljubuski.ba\\\/index.php\\\/2021\\\/11\\\/04\\\/benzema-donio-pobjedu-realu-milan-protiv-porta-osvojio-prvi-bod\\\/#breadcrumb\"},\"inLanguage\":\"hr\",\"potentialAction\":[{\"@type\":\"ReadAction\",\"target\":[\"https:\\\/\\\/radioljubuski.ba\\\/index.php\\\/2021\\\/11\\\/04\\\/benzema-donio-pobjedu-realu-milan-protiv-porta-osvojio-prvi-bod\\\/\"]}]},{\"@type\":\"ImageObject\",\"inLanguage\":\"hr\",\"@id\":\"https:\\\/\\\/radioljubuski.ba\\\/index.php\\\/2021\\\/11\\\/04\\\/benzema-donio-pobjedu-realu-milan-protiv-porta-osvojio-prvi-bod\\\/#primaryimage\",\"url\":\"https:\\\/\\\/radioljubuski.ba\\\/wp-content\\\/uploads\\\/2021\\\/11\\\/77.jpg\",\"contentUrl\":\"https:\\\/\\\/radioljubuski.ba\\\/wp-content\\\/uploads\\\/2021\\\/11\\\/77.jpg\",\"width\":292,\"height\":173},{\"@type\":\"BreadcrumbList\",\"@id\":\"https:\\\/\\\/radioljubuski.ba\\\/index.php\\\/2021\\\/11\\\/04\\\/benzema-donio-pobjedu-realu-milan-protiv-porta-osvojio-prvi-bod\\\/#breadcrumb\",\"itemListElement\":[{\"@type\":\"ListItem\",\"position\":1,\"name\":\"Po\u010detna stranica\",\"item\":\"https:\\\/\\\/radioljubuski.ba\\\/\"},{\"@type\":\"ListItem\",\"position\":2,\"name\":\"Benzema donio pobjedu Realu, Milan protiv Porta osvojio prvi bod\"}]},{\"@type\":\"WebSite\",\"@id\":\"https:\\\/\\\/radioljubuski.ba\\\/#website\",\"url\":\"https:\\\/\\\/radioljubuski.ba\\\/\",\"name\":\"Radio Ljubu\u0161ki\",\"description\":\"Sun\u010dana frekvencija Hercegovine\",\"publisher\":{\"@id\":\"https:\\\/\\\/radioljubuski.ba\\\/#organization\"},\"potentialAction\":[{\"@type\":\"SearchAction\",\"target\":{\"@type\":\"EntryPoint\",\"urlTemplate\":\"https:\\\/\\\/radioljubuski.ba\\\/?s={search_term_string}\"},\"query-input\":{\"@type\":\"PropertyValueSpecification\",\"valueRequired\":true,\"valueName\":\"search_term_string\"}}],\"inLanguage\":\"hr\"},{\"@type\":\"Organization\",\"@id\":\"https:\\\/\\\/radioljubuski.ba\\\/#organization\",\"name\":\"Radio Ljubu\u0161ki\",\"url\":\"https:\\\/\\\/radioljubuski.ba\\\/\",\"logo\":{\"@type\":\"ImageObject\",\"inLanguage\":\"hr\",\"@id\":\"https:\\\/\\\/radioljubuski.ba\\\/#\\\/schema\\\/logo\\\/image\\\/\",\"url\":\"https:\\\/\\\/radioljubuski.ba\\\/wp-content\\\/uploads\\\/2021\\\/02\\\/cropped-Radio_Ljubuski_logo1.jpg\",\"contentUrl\":\"https:\\\/\\\/radioljubuski.ba\\\/wp-content\\\/uploads\\\/2021\\\/02\\\/cropped-Radio_Ljubuski_logo1.jpg\",\"width\":512,\"height\":512,\"caption\":\"Radio Ljubu\u0161ki\"},\"image\":{\"@id\":\"https:\\\/\\\/radioljubuski.ba\\\/#\\\/schema\\\/logo\\\/image\\\/\"},\"sameAs\":[\"https:\\\/\\\/www.facebook.com\\\/Radiio-Ljubuski-1490835324566332\",\"https:\\\/\\\/x.com\\\/radioljubuski\",\"https:\\\/\\\/hr.linkedin.com\\\/company\\\/radio-ljubuski\",\"https:\\\/\\\/www.youtube.com\\\/channel\\\/UCHYaeO_n0Db3tjNGudGpXyw\"]},{\"@type\":\"Person\",\"@id\":\"https:\\\/\\\/radioljubuski.ba\\\/#\\\/schema\\\/person\\\/19fc700381a780f69665d7956c469e3b\",\"name\":\"Radio Ljubu\u0161ki\"}]}<\/script>\n<!-- \/ Yoast SEO plugin. -->","yoast_head_json":{"title":"Benzema donio pobjedu Realu, Milan protiv Porta osvojio prvi bod - RADIO LJUBU\u0160KI","robots":{"index":"index","follow":"follow","max-snippet":"max-snippet:-1","max-image-preview":"max-image-preview:large","max-video-preview":"max-video-preview:-1"},"canonical":"https:\/\/radioljubuski.ba\/index.php\/2021\/11\/04\/benzema-donio-pobjedu-realu-milan-protiv-porta-osvojio-prvi-bod\/","og_locale":"hr_HR","og_type":"article","og_title":"Benzema donio pobjedu Realu, Milan protiv Porta osvojio prvi bod - RADIO LJUBU\u0160KI","og_description":"Odigrane su prvi dvije dana\u0161nje utakmice 4. kola nogometne Lige prvaka. Real je u Madridu svladao \u0160ahtar 2:1 u ogledu skupine D, a Milan je remizirao sa Portom na San Siru 1:1 osvojiv\u0161i prvi bod u skupini B. \u23f0 RESULTS \u23f0 \u26aa\ufe0f Benzema inspires Real Madrid against Shakhtar \ud83d\udd35\u26aa\ufe0f Luis D\u00edaz nets as Porto hold [&hellip;]","og_url":"https:\/\/radioljubuski.ba\/index.php\/2021\/11\/04\/benzema-donio-pobjedu-realu-milan-protiv-porta-osvojio-prvi-bod\/","og_site_name":"RADIO LJUBU\u0160KI","article_publisher":"https:\/\/www.facebook.com\/Radiio-Ljubuski-1490835324566332","article_published_time":"2021-11-04T10:55:33+00:00","article_modified_time":"2021-11-04T10:55:34+00:00","og_image":[{"width":292,"height":173,"url":"https:\/\/radioljubuski.ba\/wp-content\/uploads\/2021\/11\/77.jpg","type":"image\/jpeg"}],"author":"Radio Ljubu\u0161ki","twitter_card":"summary_large_image","twitter_creator":"@radioljubuski","twitter_site":"@radioljubuski","twitter_misc":{"Napisao\/la":"Radio Ljubu\u0161ki","Procijenjeno vrijeme \u010ditanja":"3 minute"},"schema":{"@context":"https:\/\/schema.org","@graph":[{"@type":"Article","@id":"https:\/\/radioljubuski.ba\/index.php\/2021\/11\/04\/benzema-donio-pobjedu-realu-milan-protiv-porta-osvojio-prvi-bod\/#article","isPartOf":{"@id":"https:\/\/radioljubuski.ba\/index.php\/2021\/11\/04\/benzema-donio-pobjedu-realu-milan-protiv-porta-osvojio-prvi-bod\/"},"author":{"name":"Radio Ljubu\u0161ki","@id":"https:\/\/radioljubuski.ba\/#\/schema\/person\/19fc700381a780f69665d7956c469e3b"},"headline":"Benzema donio pobjedu Realu, Milan protiv Porta osvojio prvi bod","datePublished":"2021-11-04T10:55:33+00:00","dateModified":"2021-11-04T10:55:34+00:00","mainEntityOfPage":{"@id":"https:\/\/radioljubuski.ba\/index.php\/2021\/11\/04\/benzema-donio-pobjedu-realu-milan-protiv-porta-osvojio-prvi-bod\/"},"wordCount":498,"publisher":{"@id":"https:\/\/radioljubuski.ba\/#organization"},"image":{"@id":"https:\/\/radioljubuski.ba\/index.php\/2021\/11\/04\/benzema-donio-pobjedu-realu-milan-protiv-porta-osvojio-prvi-bod\/#primaryimage"},"thumbnailUrl":"https:\/\/radioljubuski.ba\/wp-content\/uploads\/2021\/11\/77.jpg","articleSection":["\u0160port"],"inLanguage":"hr"},{"@type":"WebPage","@id":"https:\/\/radioljubuski.ba\/index.php\/2021\/11\/04\/benzema-donio-pobjedu-realu-milan-protiv-porta-osvojio-prvi-bod\/","url":"https:\/\/radioljubuski.ba\/index.php\/2021\/11\/04\/benzema-donio-pobjedu-realu-milan-protiv-porta-osvojio-prvi-bod\/","name":"Benzema donio pobjedu Realu, Milan protiv Porta osvojio prvi bod - RADIO LJUBU\u0160KI","isPartOf":{"@id":"https:\/\/radioljubuski.ba\/#website"},"primaryImageOfPage":{"@id":"https:\/\/radioljubuski.ba\/index.php\/2021\/11\/04\/benzema-donio-pobjedu-realu-milan-protiv-porta-osvojio-prvi-bod\/#primaryimage"},"image":{"@id":"https:\/\/radioljubuski.ba\/index.php\/2021\/11\/04\/benzema-donio-pobjedu-realu-milan-protiv-porta-osvojio-prvi-bod\/#primaryimage"},"thumbnailUrl":"https:\/\/radioljubuski.ba\/wp-content\/uploads\/2021\/11\/77.jpg","datePublished":"2021-11-04T10:55:33+00:00","dateModified":"2021-11-04T10:55:34+00:00","breadcrumb":{"@id":"https:\/\/radioljubuski.ba\/index.php\/2021\/11\/04\/benzema-donio-pobjedu-realu-milan-protiv-porta-osvojio-prvi-bod\/#breadcrumb"},"inLanguage":"hr","potentialAction":[{"@type":"ReadAction","target":["https:\/\/radioljubuski.ba\/index.php\/2021\/11\/04\/benzema-donio-pobjedu-realu-milan-protiv-porta-osvojio-prvi-bod\/"]}]},{"@type":"ImageObject","inLanguage":"hr","@id":"https:\/\/radioljubuski.ba\/index.php\/2021\/11\/04\/benzema-donio-pobjedu-realu-milan-protiv-porta-osvojio-prvi-bod\/#primaryimage","url":"https:\/\/radioljubuski.ba\/wp-content\/uploads\/2021\/11\/77.jpg","contentUrl":"https:\/\/radioljubuski.ba\/wp-content\/uploads\/2021\/11\/77.jpg","width":292,"height":173},{"@type":"BreadcrumbList","@id":"https:\/\/radioljubuski.ba\/index.php\/2021\/11\/04\/benzema-donio-pobjedu-realu-milan-protiv-porta-osvojio-prvi-bod\/#breadcrumb","itemListElement":[{"@type":"ListItem","position":1,"name":"Po\u010detna stranica","item":"https:\/\/radioljubuski.ba\/"},{"@type":"ListItem","position":2,"name":"Benzema donio pobjedu Realu, Milan protiv Porta osvojio prvi bod"}]},{"@type":"WebSite","@id":"https:\/\/radioljubuski.ba\/#website","url":"https:\/\/radioljubuski.ba\/","name":"Radio Ljubu\u0161ki","description":"Sun\u010dana frekvencija Hercegovine","publisher":{"@id":"https:\/\/radioljubuski.ba\/#organization"},"potentialAction":[{"@type":"SearchAction","target":{"@type":"EntryPoint","urlTemplate":"https:\/\/radioljubuski.ba\/?s={search_term_string}"},"query-input":{"@type":"PropertyValueSpecification","valueRequired":true,"valueName":"search_term_string"}}],"inLanguage":"hr"},{"@type":"Organization","@id":"https:\/\/radioljubuski.ba\/#organization","name":"Radio Ljubu\u0161ki","url":"https:\/\/radioljubuski.ba\/","logo":{"@type":"ImageObject","inLanguage":"hr","@id":"https:\/\/radioljubuski.ba\/#\/schema\/logo\/image\/","url":"https:\/\/radioljubuski.ba\/wp-content\/uploads\/2021\/02\/cropped-Radio_Ljubuski_logo1.jpg","contentUrl":"https:\/\/radioljubuski.ba\/wp-content\/uploads\/2021\/02\/cropped-Radio_Ljubuski_logo1.jpg","width":512,"height":512,"caption":"Radio Ljubu\u0161ki"},"image":{"@id":"https:\/\/radioljubuski.ba\/#\/schema\/logo\/image\/"},"sameAs":["https:\/\/www.facebook.com\/Radiio-Ljubuski-1490835324566332","https:\/\/x.com\/radioljubuski","https:\/\/hr.linkedin.com\/company\/radio-ljubuski","https:\/\/www.youtube.com\/channel\/UCHYaeO_n0Db3tjNGudGpXyw"]},{"@type":"Person","@id":"https:\/\/radioljubuski.ba\/#\/schema\/person\/19fc700381a780f69665d7956c469e3b","name":"Radio Ljubu\u0161ki"}]}},"_links":{"self":[{"href":"https:\/\/radioljubuski.ba\/index.php\/wp-json\/wp\/v2\/posts\/84804","targetHints":{"allow":["GET"]}}],"collection":[{"href":"https:\/\/radioljubuski.ba\/index.php\/wp-json\/wp\/v2\/posts"}],"about":[{"href":"https:\/\/radioljubuski.ba\/index.php\/wp-json\/wp\/v2\/types\/post"}],"author":[{"embeddable":true,"href":"https:\/\/radioljubuski.ba\/index.php\/wp-json\/wp\/v2\/users\/2"}],"replies":[{"embeddable":true,"href":"https:\/\/radioljubuski.ba\/index.php\/wp-json\/wp\/v2\/comments?post=84804"}],"version-history":[{"count":1,"href":"https:\/\/radioljubuski.ba\/index.php\/wp-json\/wp\/v2\/posts\/84804\/revisions"}],"predecessor-version":[{"id":84806,"href":"https:\/\/radioljubuski.ba\/index.php\/wp-json\/wp\/v2\/posts\/84804\/revisions\/84806"}],"wp:featuredmedia":[{"embeddable":true,"href":"https:\/\/radioljubuski.ba\/index.php\/wp-json\/wp\/v2\/media\/84805"}],"wp:attachment":[{"href":"https:\/\/radioljubuski.ba\/index.php\/wp-json\/wp\/v2\/media?parent=84804"}],"wp:term":[{"taxonomy":"category","embeddable":true,"href":"https:\/\/radioljubuski.ba\/index.php\/wp-json\/wp\/v2\/categories?post=84804"},{"taxonomy":"post_tag","embeddable":true,"href":"https:\/\/radioljubuski.ba\/index.php\/wp-json\/wp\/v2\/tags?post=84804"}],"curies":[{"name":"wp","href":"https:\/\/api.w.org\/{rel}","templated":true}]}}