{"id":84842,"date":"2021-11-04T13:14:14","date_gmt":"2021-11-04T12:14:14","guid":{"rendered":"https:\/\/radioljubuski.ba\/?p=84842"},"modified":"2021-11-04T13:14:15","modified_gmt":"2021-11-04T12:14:15","slug":"svjedoci-dali-alibi-osumnjicenima-za-umijesanost-u-ubojstvo-obitelji-dokic","status":"publish","type":"post","link":"https:\/\/radioljubuski.ba\/index.php\/2021\/11\/04\/svjedoci-dali-alibi-osumnjicenima-za-umijesanost-u-ubojstvo-obitelji-dokic\/","title":{"rendered":"Svjedoci dali alibi osumnji\u010denima za umije\u0161anost u ubojstvo obitelji \u0110oki\u0107"},"content":{"rendered":"\n<p>Vi\u0161em javnom tu\u017eiteljstvu u Ni\u0161u saslu\u0161ano je osam svjedoka u okviru istrage ubojstva Gorana (57), Gordane (56) i Lidije \u0110oki\u0107 (25) iz Aleksinca, koje se dogodilo u no\u0107i izme\u0111u 26. i 27. rujna u ataru aleksina\u010dkog sela Moravac, a zbog kojeg je u pritvoru petero okrivljenih.<\/p>\n\n\n\n<p>Vi\u0161e javno tu\u017eiteljstvo je osumnji\u010dilo Gorana D\u017e., njegove sinove M.D\u017e. i S.D\u017e, kao i bra\u0107u K.M. (30) i K.M. (29) da su izvr\u0161ili ili pomogli izvr\u0161enje kaznenog djela te\u0161kog ubojstva iz \u010dlana 114. stav 1. to\u010dka 11. Kaznenog zakona, pi\u0161e \u201eDanas\u201c. &nbsp;<\/p>\n\n\n\n<p>Prema ovom \u010dlanu, osobama koje su \u201cs umi\u0161ljajem li\u0161ile \u017eivota vi\u0161e osoba\u201d prijeti kazna zatvora od najmanje deset godina ili do\u017eivotni zatvor. Odvjetnik Filip Domazet, branitelj osumnji\u010denih S.D\u017e. i M.D\u017e, kazao je da su danas u svojstvu svjedoka saslu\u0161ana petorica kolega okrivljenog M.D\u017e, koji su potvrdili da je on u no\u0107i ubojstva bio na de\u017eurstvu u vatrogasnom domu brigade, te da nije napu\u0161tao radno mjesto. Pro\u0161log ponedjeljka su petorica kolega njegovog brata, S. D\u017e, potvrdila da je i on bio na poslu, u bazi u kopnenoj zoni sigurnosti.<\/p>\n\n\n\n<p>\u201eSada \u0107emo podnijeti prijedlog za ukidanje pritvora \u2013 ukoliko je on odre\u0111en zbog \u201cmogu\u0107eg utjecaja na svjedoke\u201d, sada takav razlog ne postoji, jer su svjedoci saslu\u0161ani. I razlozi kao \u0161to su \u201cuznemirenje javnosti\u201d i \u201czaprije\u0107ena kazna\u201d, ne stoje jer je potpuno jasno da S.D\u017e. i M.D\u017e. nisu i ne mogu biti izvr\u0161itelji ubojstva\u201c, rekao je Domazet.<\/p>\n\n\n\n<p>U ni\u0161kom VJT danas su saslu\u0161ane i tri svjedokinje koje su se izja\u0161njavale o alibiju bra\u0107e K.M. (30) i A.M. (29) iz sela Moravac \u2013 njihova majka, te supruga i djevojka. \u201eSvjedoci su dokazali nevinost okrivljenih, odnosno potvrdili da oni kriti\u010dne no\u0107i nisu bili prisutni na mjestu zlo\u010dina, ve\u0107 su bili sa svojom obitelji\u201c, rekao je odvjetnik Andrija Magdelini\u0107, koji zastupa ovu bra\u0107u.<\/p>\n\n\n\n<p>Prema neslu\u017ebenim izvorima, bra\u0107a S. D\u017e. i M.D\u017e. i bra\u0107a K.M. i K.M. pritvoreni su nakon \u0161to ih je prvookrivljeni Goran D\u017e. optu\u017eio za umije\u0161anost u zlo\u010din. On je u policiji optu\u017eio svoje sinove S.D\u017e. i M.D\u017e. da su suizvr\u0161itelji, a pred tu\u017eiteljstvom je povukao takvu tvrdnju, a optu\u017eio K. M. i A.M. da su ga navodno ucijenili i primorali da zaustavi auto \u0110oki\u0107a, a da je jedan od bra\u0107e navodno likvidirao obitelj. &nbsp;Za sada je, ka\u017eu ti izvori, prikupljeno najvi\u0161e dokaza protiv Gorana D\u017e, koji ga \u201coptu\u017euju\u201d da je neposredno sudjelovao u ubojstvu \u0110oki\u0107a, a me\u0111u kojima su pi\u0161tolj kojim je izvr\u0161eno trostruko ubojstvo i koji je bio skriven u ku\u0107i njegove supruge, njegovi DNK tragovi na ukradenom novcu, smimci kamera koji njegovo kretanje dovode u vezi s mjestom zlo\u010dina i svjedoci koji su kazali da je tra\u017eio da mu naprave prigu\u0161iva\u010d ili da im je vratio dug neposredno nakon ubojstva \u0110oki\u0107a.<\/p>\n\n\n\n<p>Izvori bliski istrazi kazali su da je motiv za trostruko ubojstvo najvjerojatnije koristoljublje, te da je prona\u0111eno 43.000 eura koji su zakopani na obiteljskom imanju Gorana D\u017e, a koji su navodno ukradeni iz vozila Gorana \u0110or\u0111evi\u0107a koji je navodno u njemu imao ugra\u0111ene sefove, prenosi N1. &nbsp;<\/p>\n\n\n\n<p>Tijela Gorana i Gordane \u0110oki\u0107, kao i njihove k\u0107erke Lidije, prona\u0111ena su 2. listopada u ataru aleksina\u010dkog sela Moravac, nakon \u0161to su spaljena i zakopana, a njihov, tako\u0111er spaljeni \u201cVolkswagen Passat\u201c prona\u0111en je desetak kilometara dalje, u selu Te\u0161ica. Iz ni\u0161kog Zavoda za sudsku medicinu je priop\u0107eno da je obdukcija pokazala da su svi ubijeni iz vatrenog oru\u017eja, a potom spaljeni.<\/p>\n\n\n\n<p>Izvor:pogled.ba<\/p>\n","protected":false},"excerpt":{"rendered":"<p>Vi\u0161em javnom tu\u017eiteljstvu u Ni\u0161u saslu\u0161ano je osam svjedoka u okviru istrage ubojstva Gorana (57), Gordane (56) i Lidije \u0110oki\u0107 (25) iz Aleksinca, koje se dogodilo u no\u0107i izme\u0111u 26. i 27. rujna u ataru aleksina\u010dkog sela Moravac, a zbog kojeg je u pritvoru petero okrivljenih. Vi\u0161e javno tu\u017eiteljstvo je osumnji\u010dilo Gorana D\u017e., njegove sinove [&hellip;]<\/p>\n","protected":false},"author":2,"featured_media":84843,"comment_status":"closed","ping_status":"closed","sticky":false,"template":"","format":"standard","meta":{"h5ap_radio_sources":[],"footnotes":""},"categories":[1],"tags":[],"class_list":["post-84842","post","type-post","status-publish","format-standard","has-post-thumbnail","hentry","category-bihiregija"],"yoast_head":"<!-- This site is optimized with the Yoast SEO plugin v27.5 - https:\/\/yoast.com\/product\/yoast-seo-wordpress\/ -->\n<title>Svjedoci dali alibi osumnji\u010denima za umije\u0161anost u ubojstvo obitelji \u0110oki\u0107 - RADIO LJUBU\u0160KI<\/title>\n<meta name=\"robots\" content=\"index, follow, max-snippet:-1, max-image-preview:large, max-video-preview:-1\" \/>\n<link rel=\"canonical\" href=\"https:\/\/radioljubuski.ba\/index.php\/2021\/11\/04\/svjedoci-dali-alibi-osumnjicenima-za-umijesanost-u-ubojstvo-obitelji-dokic\/\" \/>\n<meta property=\"og:locale\" content=\"hr_HR\" \/>\n<meta property=\"og:type\" content=\"article\" \/>\n<meta property=\"og:title\" content=\"Svjedoci dali alibi osumnji\u010denima za umije\u0161anost u ubojstvo obitelji \u0110oki\u0107 - RADIO LJUBU\u0160KI\" \/>\n<meta property=\"og:description\" content=\"Vi\u0161em javnom tu\u017eiteljstvu u Ni\u0161u saslu\u0161ano je osam svjedoka u okviru istrage ubojstva Gorana (57), Gordane (56) i Lidije \u0110oki\u0107 (25) iz Aleksinca, koje se dogodilo u no\u0107i izme\u0111u 26. i 27. rujna u ataru aleksina\u010dkog sela Moravac, a zbog kojeg je u pritvoru petero okrivljenih. Vi\u0161e javno tu\u017eiteljstvo je osumnji\u010dilo Gorana D\u017e., njegove sinove [&hellip;]\" \/>\n<meta property=\"og:url\" content=\"https:\/\/radioljubuski.ba\/index.php\/2021\/11\/04\/svjedoci-dali-alibi-osumnjicenima-za-umijesanost-u-ubojstvo-obitelji-dokic\/\" \/>\n<meta property=\"og:site_name\" content=\"RADIO LJUBU\u0160KI\" \/>\n<meta property=\"article:publisher\" content=\"https:\/\/www.facebook.com\/Radiio-Ljubuski-1490835324566332\" \/>\n<meta property=\"article:published_time\" content=\"2021-11-04T12:14:14+00:00\" \/>\n<meta property=\"article:modified_time\" content=\"2021-11-04T12:14:15+00:00\" \/>\n<meta property=\"og:image\" content=\"https:\/\/radioljubuski.ba\/wp-content\/uploads\/2021\/11\/9-2021-11-03-18-15-48-novarsre.jpg\" \/>\n\t<meta property=\"og:image:width\" content=\"1000\" \/>\n\t<meta property=\"og:image:height\" content=\"625\" \/>\n\t<meta property=\"og:image:type\" content=\"image\/jpeg\" \/>\n<meta name=\"author\" content=\"Radio Ljubu\u0161ki\" \/>\n<meta name=\"twitter:card\" content=\"summary_large_image\" \/>\n<meta name=\"twitter:creator\" content=\"@radioljubuski\" \/>\n<meta name=\"twitter:site\" content=\"@radioljubuski\" \/>\n<meta name=\"twitter:label1\" content=\"Napisao\/la\" \/>\n\t<meta name=\"twitter:data1\" content=\"Radio Ljubu\u0161ki\" \/>\n\t<meta name=\"twitter:label2\" content=\"Procijenjeno vrijeme \u010ditanja\" \/>\n\t<meta name=\"twitter:data2\" content=\"3 minute\" \/>\n<script type=\"application\/ld+json\" class=\"yoast-schema-graph\">{\"@context\":\"https:\\\/\\\/schema.org\",\"@graph\":[{\"@type\":\"Article\",\"@id\":\"https:\\\/\\\/radioljubuski.ba\\\/index.php\\\/2021\\\/11\\\/04\\\/svjedoci-dali-alibi-osumnjicenima-za-umijesanost-u-ubojstvo-obitelji-dokic\\\/#article\",\"isPartOf\":{\"@id\":\"https:\\\/\\\/radioljubuski.ba\\\/index.php\\\/2021\\\/11\\\/04\\\/svjedoci-dali-alibi-osumnjicenima-za-umijesanost-u-ubojstvo-obitelji-dokic\\\/\"},\"author\":{\"name\":\"Radio Ljubu\u0161ki\",\"@id\":\"https:\\\/\\\/radioljubuski.ba\\\/#\\\/schema\\\/person\\\/19fc700381a780f69665d7956c469e3b\"},\"headline\":\"Svjedoci dali alibi osumnji\u010denima za umije\u0161anost u ubojstvo obitelji \u0110oki\u0107\",\"datePublished\":\"2021-11-04T12:14:14+00:00\",\"dateModified\":\"2021-11-04T12:14:15+00:00\",\"mainEntityOfPage\":{\"@id\":\"https:\\\/\\\/radioljubuski.ba\\\/index.php\\\/2021\\\/11\\\/04\\\/svjedoci-dali-alibi-osumnjicenima-za-umijesanost-u-ubojstvo-obitelji-dokic\\\/\"},\"wordCount\":649,\"publisher\":{\"@id\":\"https:\\\/\\\/radioljubuski.ba\\\/#organization\"},\"image\":{\"@id\":\"https:\\\/\\\/radioljubuski.ba\\\/index.php\\\/2021\\\/11\\\/04\\\/svjedoci-dali-alibi-osumnjicenima-za-umijesanost-u-ubojstvo-obitelji-dokic\\\/#primaryimage\"},\"thumbnailUrl\":\"https:\\\/\\\/radioljubuski.ba\\\/wp-content\\\/uploads\\\/2021\\\/11\\\/9-2021-11-03-18-15-48-novarsre.jpg\",\"articleSection\":[\"BIH i regija\"],\"inLanguage\":\"hr\"},{\"@type\":\"WebPage\",\"@id\":\"https:\\\/\\\/radioljubuski.ba\\\/index.php\\\/2021\\\/11\\\/04\\\/svjedoci-dali-alibi-osumnjicenima-za-umijesanost-u-ubojstvo-obitelji-dokic\\\/\",\"url\":\"https:\\\/\\\/radioljubuski.ba\\\/index.php\\\/2021\\\/11\\\/04\\\/svjedoci-dali-alibi-osumnjicenima-za-umijesanost-u-ubojstvo-obitelji-dokic\\\/\",\"name\":\"Svjedoci dali alibi osumnji\u010denima za umije\u0161anost u ubojstvo obitelji \u0110oki\u0107 - RADIO LJUBU\u0160KI\",\"isPartOf\":{\"@id\":\"https:\\\/\\\/radioljubuski.ba\\\/#website\"},\"primaryImageOfPage\":{\"@id\":\"https:\\\/\\\/radioljubuski.ba\\\/index.php\\\/2021\\\/11\\\/04\\\/svjedoci-dali-alibi-osumnjicenima-za-umijesanost-u-ubojstvo-obitelji-dokic\\\/#primaryimage\"},\"image\":{\"@id\":\"https:\\\/\\\/radioljubuski.ba\\\/index.php\\\/2021\\\/11\\\/04\\\/svjedoci-dali-alibi-osumnjicenima-za-umijesanost-u-ubojstvo-obitelji-dokic\\\/#primaryimage\"},\"thumbnailUrl\":\"https:\\\/\\\/radioljubuski.ba\\\/wp-content\\\/uploads\\\/2021\\\/11\\\/9-2021-11-03-18-15-48-novarsre.jpg\",\"datePublished\":\"2021-11-04T12:14:14+00:00\",\"dateModified\":\"2021-11-04T12:14:15+00:00\",\"breadcrumb\":{\"@id\":\"https:\\\/\\\/radioljubuski.ba\\\/index.php\\\/2021\\\/11\\\/04\\\/svjedoci-dali-alibi-osumnjicenima-za-umijesanost-u-ubojstvo-obitelji-dokic\\\/#breadcrumb\"},\"inLanguage\":\"hr\",\"potentialAction\":[{\"@type\":\"ReadAction\",\"target\":[\"https:\\\/\\\/radioljubuski.ba\\\/index.php\\\/2021\\\/11\\\/04\\\/svjedoci-dali-alibi-osumnjicenima-za-umijesanost-u-ubojstvo-obitelji-dokic\\\/\"]}]},{\"@type\":\"ImageObject\",\"inLanguage\":\"hr\",\"@id\":\"https:\\\/\\\/radioljubuski.ba\\\/index.php\\\/2021\\\/11\\\/04\\\/svjedoci-dali-alibi-osumnjicenima-za-umijesanost-u-ubojstvo-obitelji-dokic\\\/#primaryimage\",\"url\":\"https:\\\/\\\/radioljubuski.ba\\\/wp-content\\\/uploads\\\/2021\\\/11\\\/9-2021-11-03-18-15-48-novarsre.jpg\",\"contentUrl\":\"https:\\\/\\\/radioljubuski.ba\\\/wp-content\\\/uploads\\\/2021\\\/11\\\/9-2021-11-03-18-15-48-novarsre.jpg\",\"width\":1000,\"height\":625},{\"@type\":\"BreadcrumbList\",\"@id\":\"https:\\\/\\\/radioljubuski.ba\\\/index.php\\\/2021\\\/11\\\/04\\\/svjedoci-dali-alibi-osumnjicenima-za-umijesanost-u-ubojstvo-obitelji-dokic\\\/#breadcrumb\",\"itemListElement\":[{\"@type\":\"ListItem\",\"position\":1,\"name\":\"Po\u010detna stranica\",\"item\":\"https:\\\/\\\/radioljubuski.ba\\\/\"},{\"@type\":\"ListItem\",\"position\":2,\"name\":\"Svjedoci dali alibi osumnji\u010denima za umije\u0161anost u ubojstvo obitelji \u0110oki\u0107\"}]},{\"@type\":\"WebSite\",\"@id\":\"https:\\\/\\\/radioljubuski.ba\\\/#website\",\"url\":\"https:\\\/\\\/radioljubuski.ba\\\/\",\"name\":\"Radio Ljubu\u0161ki\",\"description\":\"Sun\u010dana frekvencija Hercegovine\",\"publisher\":{\"@id\":\"https:\\\/\\\/radioljubuski.ba\\\/#organization\"},\"potentialAction\":[{\"@type\":\"SearchAction\",\"target\":{\"@type\":\"EntryPoint\",\"urlTemplate\":\"https:\\\/\\\/radioljubuski.ba\\\/?s={search_term_string}\"},\"query-input\":{\"@type\":\"PropertyValueSpecification\",\"valueRequired\":true,\"valueName\":\"search_term_string\"}}],\"inLanguage\":\"hr\"},{\"@type\":\"Organization\",\"@id\":\"https:\\\/\\\/radioljubuski.ba\\\/#organization\",\"name\":\"Radio Ljubu\u0161ki\",\"url\":\"https:\\\/\\\/radioljubuski.ba\\\/\",\"logo\":{\"@type\":\"ImageObject\",\"inLanguage\":\"hr\",\"@id\":\"https:\\\/\\\/radioljubuski.ba\\\/#\\\/schema\\\/logo\\\/image\\\/\",\"url\":\"https:\\\/\\\/radioljubuski.ba\\\/wp-content\\\/uploads\\\/2021\\\/02\\\/cropped-Radio_Ljubuski_logo1.jpg\",\"contentUrl\":\"https:\\\/\\\/radioljubuski.ba\\\/wp-content\\\/uploads\\\/2021\\\/02\\\/cropped-Radio_Ljubuski_logo1.jpg\",\"width\":512,\"height\":512,\"caption\":\"Radio Ljubu\u0161ki\"},\"image\":{\"@id\":\"https:\\\/\\\/radioljubuski.ba\\\/#\\\/schema\\\/logo\\\/image\\\/\"},\"sameAs\":[\"https:\\\/\\\/www.facebook.com\\\/Radiio-Ljubuski-1490835324566332\",\"https:\\\/\\\/x.com\\\/radioljubuski\",\"https:\\\/\\\/hr.linkedin.com\\\/company\\\/radio-ljubuski\",\"https:\\\/\\\/www.youtube.com\\\/channel\\\/UCHYaeO_n0Db3tjNGudGpXyw\"]},{\"@type\":\"Person\",\"@id\":\"https:\\\/\\\/radioljubuski.ba\\\/#\\\/schema\\\/person\\\/19fc700381a780f69665d7956c469e3b\",\"name\":\"Radio Ljubu\u0161ki\"}]}<\/script>\n<!-- \/ Yoast SEO plugin. -->","yoast_head_json":{"title":"Svjedoci dali alibi osumnji\u010denima za umije\u0161anost u ubojstvo obitelji \u0110oki\u0107 - RADIO LJUBU\u0160KI","robots":{"index":"index","follow":"follow","max-snippet":"max-snippet:-1","max-image-preview":"max-image-preview:large","max-video-preview":"max-video-preview:-1"},"canonical":"https:\/\/radioljubuski.ba\/index.php\/2021\/11\/04\/svjedoci-dali-alibi-osumnjicenima-za-umijesanost-u-ubojstvo-obitelji-dokic\/","og_locale":"hr_HR","og_type":"article","og_title":"Svjedoci dali alibi osumnji\u010denima za umije\u0161anost u ubojstvo obitelji \u0110oki\u0107 - RADIO LJUBU\u0160KI","og_description":"Vi\u0161em javnom tu\u017eiteljstvu u Ni\u0161u saslu\u0161ano je osam svjedoka u okviru istrage ubojstva Gorana (57), Gordane (56) i Lidije \u0110oki\u0107 (25) iz Aleksinca, koje se dogodilo u no\u0107i izme\u0111u 26. i 27. rujna u ataru aleksina\u010dkog sela Moravac, a zbog kojeg je u pritvoru petero okrivljenih. Vi\u0161e javno tu\u017eiteljstvo je osumnji\u010dilo Gorana D\u017e., njegove sinove [&hellip;]","og_url":"https:\/\/radioljubuski.ba\/index.php\/2021\/11\/04\/svjedoci-dali-alibi-osumnjicenima-za-umijesanost-u-ubojstvo-obitelji-dokic\/","og_site_name":"RADIO LJUBU\u0160KI","article_publisher":"https:\/\/www.facebook.com\/Radiio-Ljubuski-1490835324566332","article_published_time":"2021-11-04T12:14:14+00:00","article_modified_time":"2021-11-04T12:14:15+00:00","og_image":[{"width":1000,"height":625,"url":"https:\/\/radioljubuski.ba\/wp-content\/uploads\/2021\/11\/9-2021-11-03-18-15-48-novarsre.jpg","type":"image\/jpeg"}],"author":"Radio Ljubu\u0161ki","twitter_card":"summary_large_image","twitter_creator":"@radioljubuski","twitter_site":"@radioljubuski","twitter_misc":{"Napisao\/la":"Radio Ljubu\u0161ki","Procijenjeno vrijeme \u010ditanja":"3 minute"},"schema":{"@context":"https:\/\/schema.org","@graph":[{"@type":"Article","@id":"https:\/\/radioljubuski.ba\/index.php\/2021\/11\/04\/svjedoci-dali-alibi-osumnjicenima-za-umijesanost-u-ubojstvo-obitelji-dokic\/#article","isPartOf":{"@id":"https:\/\/radioljubuski.ba\/index.php\/2021\/11\/04\/svjedoci-dali-alibi-osumnjicenima-za-umijesanost-u-ubojstvo-obitelji-dokic\/"},"author":{"name":"Radio Ljubu\u0161ki","@id":"https:\/\/radioljubuski.ba\/#\/schema\/person\/19fc700381a780f69665d7956c469e3b"},"headline":"Svjedoci dali alibi osumnji\u010denima za umije\u0161anost u ubojstvo obitelji \u0110oki\u0107","datePublished":"2021-11-04T12:14:14+00:00","dateModified":"2021-11-04T12:14:15+00:00","mainEntityOfPage":{"@id":"https:\/\/radioljubuski.ba\/index.php\/2021\/11\/04\/svjedoci-dali-alibi-osumnjicenima-za-umijesanost-u-ubojstvo-obitelji-dokic\/"},"wordCount":649,"publisher":{"@id":"https:\/\/radioljubuski.ba\/#organization"},"image":{"@id":"https:\/\/radioljubuski.ba\/index.php\/2021\/11\/04\/svjedoci-dali-alibi-osumnjicenima-za-umijesanost-u-ubojstvo-obitelji-dokic\/#primaryimage"},"thumbnailUrl":"https:\/\/radioljubuski.ba\/wp-content\/uploads\/2021\/11\/9-2021-11-03-18-15-48-novarsre.jpg","articleSection":["BIH i regija"],"inLanguage":"hr"},{"@type":"WebPage","@id":"https:\/\/radioljubuski.ba\/index.php\/2021\/11\/04\/svjedoci-dali-alibi-osumnjicenima-za-umijesanost-u-ubojstvo-obitelji-dokic\/","url":"https:\/\/radioljubuski.ba\/index.php\/2021\/11\/04\/svjedoci-dali-alibi-osumnjicenima-za-umijesanost-u-ubojstvo-obitelji-dokic\/","name":"Svjedoci dali alibi osumnji\u010denima za umije\u0161anost u ubojstvo obitelji \u0110oki\u0107 - RADIO LJUBU\u0160KI","isPartOf":{"@id":"https:\/\/radioljubuski.ba\/#website"},"primaryImageOfPage":{"@id":"https:\/\/radioljubuski.ba\/index.php\/2021\/11\/04\/svjedoci-dali-alibi-osumnjicenima-za-umijesanost-u-ubojstvo-obitelji-dokic\/#primaryimage"},"image":{"@id":"https:\/\/radioljubuski.ba\/index.php\/2021\/11\/04\/svjedoci-dali-alibi-osumnjicenima-za-umijesanost-u-ubojstvo-obitelji-dokic\/#primaryimage"},"thumbnailUrl":"https:\/\/radioljubuski.ba\/wp-content\/uploads\/2021\/11\/9-2021-11-03-18-15-48-novarsre.jpg","datePublished":"2021-11-04T12:14:14+00:00","dateModified":"2021-11-04T12:14:15+00:00","breadcrumb":{"@id":"https:\/\/radioljubuski.ba\/index.php\/2021\/11\/04\/svjedoci-dali-alibi-osumnjicenima-za-umijesanost-u-ubojstvo-obitelji-dokic\/#breadcrumb"},"inLanguage":"hr","potentialAction":[{"@type":"ReadAction","target":["https:\/\/radioljubuski.ba\/index.php\/2021\/11\/04\/svjedoci-dali-alibi-osumnjicenima-za-umijesanost-u-ubojstvo-obitelji-dokic\/"]}]},{"@type":"ImageObject","inLanguage":"hr","@id":"https:\/\/radioljubuski.ba\/index.php\/2021\/11\/04\/svjedoci-dali-alibi-osumnjicenima-za-umijesanost-u-ubojstvo-obitelji-dokic\/#primaryimage","url":"https:\/\/radioljubuski.ba\/wp-content\/uploads\/2021\/11\/9-2021-11-03-18-15-48-novarsre.jpg","contentUrl":"https:\/\/radioljubuski.ba\/wp-content\/uploads\/2021\/11\/9-2021-11-03-18-15-48-novarsre.jpg","width":1000,"height":625},{"@type":"BreadcrumbList","@id":"https:\/\/radioljubuski.ba\/index.php\/2021\/11\/04\/svjedoci-dali-alibi-osumnjicenima-za-umijesanost-u-ubojstvo-obitelji-dokic\/#breadcrumb","itemListElement":[{"@type":"ListItem","position":1,"name":"Po\u010detna stranica","item":"https:\/\/radioljubuski.ba\/"},{"@type":"ListItem","position":2,"name":"Svjedoci dali alibi osumnji\u010denima za umije\u0161anost u ubojstvo obitelji \u0110oki\u0107"}]},{"@type":"WebSite","@id":"https:\/\/radioljubuski.ba\/#website","url":"https:\/\/radioljubuski.ba\/","name":"Radio Ljubu\u0161ki","description":"Sun\u010dana frekvencija Hercegovine","publisher":{"@id":"https:\/\/radioljubuski.ba\/#organization"},"potentialAction":[{"@type":"SearchAction","target":{"@type":"EntryPoint","urlTemplate":"https:\/\/radioljubuski.ba\/?s={search_term_string}"},"query-input":{"@type":"PropertyValueSpecification","valueRequired":true,"valueName":"search_term_string"}}],"inLanguage":"hr"},{"@type":"Organization","@id":"https:\/\/radioljubuski.ba\/#organization","name":"Radio Ljubu\u0161ki","url":"https:\/\/radioljubuski.ba\/","logo":{"@type":"ImageObject","inLanguage":"hr","@id":"https:\/\/radioljubuski.ba\/#\/schema\/logo\/image\/","url":"https:\/\/radioljubuski.ba\/wp-content\/uploads\/2021\/02\/cropped-Radio_Ljubuski_logo1.jpg","contentUrl":"https:\/\/radioljubuski.ba\/wp-content\/uploads\/2021\/02\/cropped-Radio_Ljubuski_logo1.jpg","width":512,"height":512,"caption":"Radio Ljubu\u0161ki"},"image":{"@id":"https:\/\/radioljubuski.ba\/#\/schema\/logo\/image\/"},"sameAs":["https:\/\/www.facebook.com\/Radiio-Ljubuski-1490835324566332","https:\/\/x.com\/radioljubuski","https:\/\/hr.linkedin.com\/company\/radio-ljubuski","https:\/\/www.youtube.com\/channel\/UCHYaeO_n0Db3tjNGudGpXyw"]},{"@type":"Person","@id":"https:\/\/radioljubuski.ba\/#\/schema\/person\/19fc700381a780f69665d7956c469e3b","name":"Radio Ljubu\u0161ki"}]}},"_links":{"self":[{"href":"https:\/\/radioljubuski.ba\/index.php\/wp-json\/wp\/v2\/posts\/84842","targetHints":{"allow":["GET"]}}],"collection":[{"href":"https:\/\/radioljubuski.ba\/index.php\/wp-json\/wp\/v2\/posts"}],"about":[{"href":"https:\/\/radioljubuski.ba\/index.php\/wp-json\/wp\/v2\/types\/post"}],"author":[{"embeddable":true,"href":"https:\/\/radioljubuski.ba\/index.php\/wp-json\/wp\/v2\/users\/2"}],"replies":[{"embeddable":true,"href":"https:\/\/radioljubuski.ba\/index.php\/wp-json\/wp\/v2\/comments?post=84842"}],"version-history":[{"count":1,"href":"https:\/\/radioljubuski.ba\/index.php\/wp-json\/wp\/v2\/posts\/84842\/revisions"}],"predecessor-version":[{"id":84844,"href":"https:\/\/radioljubuski.ba\/index.php\/wp-json\/wp\/v2\/posts\/84842\/revisions\/84844"}],"wp:featuredmedia":[{"embeddable":true,"href":"https:\/\/radioljubuski.ba\/index.php\/wp-json\/wp\/v2\/media\/84843"}],"wp:attachment":[{"href":"https:\/\/radioljubuski.ba\/index.php\/wp-json\/wp\/v2\/media?parent=84842"}],"wp:term":[{"taxonomy":"category","embeddable":true,"href":"https:\/\/radioljubuski.ba\/index.php\/wp-json\/wp\/v2\/categories?post=84842"},{"taxonomy":"post_tag","embeddable":true,"href":"https:\/\/radioljubuski.ba\/index.php\/wp-json\/wp\/v2\/tags?post=84842"}],"curies":[{"name":"wp","href":"https:\/\/api.w.org\/{rel}","templated":true}]}}