{"id":84866,"date":"2021-11-04T13:24:51","date_gmt":"2021-11-04T12:24:51","guid":{"rendered":"https:\/\/radioljubuski.ba\/?p=84866"},"modified":"2021-11-04T13:24:51","modified_gmt":"2021-11-04T12:24:51","slug":"prijavio-korupciju-pa-izlozen-disciplinskom-progonu-jesu-li-zvizdaci-u-bih-zasticeni","status":"publish","type":"post","link":"https:\/\/radioljubuski.ba\/index.php\/2021\/11\/04\/prijavio-korupciju-pa-izlozen-disciplinskom-progonu-jesu-li-zvizdaci-u-bih-zasticeni\/","title":{"rendered":"Prijavio korupciju, pa izlo\u017een disciplinskom progonu: Jesu li &#8220;zvi\u017eda\u010di&#8221; u BiH za\u0161ti\u0107eni?"},"content":{"rendered":"\n<p>Emir Me\u0161i\u0107 koji je prije tri godine prijavio koruptivne radnje u Upravi za indirektno oporezivanje BiH tvrdi da je izlo\u017een disciplinskom progonu u instituciji u kojoj je zaposlen.<\/p>\n\n\n\n<p>Prije tri godine Edin Me\u0161i\u0107 prijavio je nepravilnosti oko zakupa carinskih terminala Uprave za indirektno oporezivanje gdje su se milijunski javni prihodi, kako tvrdi, prelijevali u privatne d\u017eepove. No, umjesto da se kazne po\u010dinitelje nezakonitih radnji, disciplinski progon u instituciji u kojoj je zaposlen pro\u017eivljava, ka\u017ee, upravo on.<\/p>\n\n\n\n<iframe loading=\"lazy\" title=\"Disciplinski progon zbog prijave korupcije\" width=\"640\" height=\"360\" src=\"https:\/\/www.youtube.com\/embed\/Np4qVHX-NTM?feature=oembed\" frameborder=\"0\" allow=\"accelerometer; autoplay; clipboard-write; encrypted-media; gyroscope; picture-in-picture; web-share\" referrerpolicy=\"strict-origin-when-cross-origin\" allowfullscreen><\/iframe>\n\n\n\n<p>&#8220;Nakon \u0161to sam prijavio korupciju u UIO, iako sam za\u0161ti\u0107eni prijavitelj, ve\u0107 imam tri disciplinska postupka, dva degradiranja, jedno rje\u0161enje o prestanku radnog odnosa koji nije stupio na snagu i taj disciplinski progon se nastavlja i dalje&#8221;, ka\u017ee Me\u0161i\u0107.<\/p>\n\n\n\n<p>Pravosudne institucije jo\u0161 nisu reagirale. Neobja\u0161njivo je, ka\u017eu u TI BiH, i \u0161to Agencija za prijavu korupcije nije poduzela niti jednu za\u0161titnu radnju prema Me\u0161i\u0107u iako ima status za\u0161ti\u0107enog prijavitelja.<\/p>\n\n\n\n<p>&#8220;Svi disciplinski postupci i slu\u010daj Me\u0161i\u0107a pokrenut je nakon \u0161to je prijavio korupciju. Jedan od disciplinskih postupaka se odnose na to \u0161to je Me\u0161i\u0107 javno progovorio o korupciji i to za Agenciju nije bilo dovoljno da smatra da se radi o \u0161tetnoj radnji i da ga za\u0161titi iako je i Ombudsman zauzeo stav da je nedopustivo da zbog javnog progovaranja protiv korupcije nekog disciplinski progone&#8221;, isti\u010de Uglje\u0161a Vukovi\u0107 iz TI BiH.<\/p>\n\n\n\n<p>Iz Uprave za indirektno oporezivanje navode da su disciplinski postupci pokrenuti zbog te\u017ee povrede slu\u017ebene du\u017enosti u okviru njegovog radnog mjesta. U Agenciji za prevenciju korupcije ka\u017eu da su postupili po prijavi Emira Me\u0161i\u0107a, ali da se na osnovu zapisnika upravne inspekcij\u0435 nije moglo povezati da se protiv njega vode disciplinski postupci zbog prijave korupcij\u0435.<\/p>\n\n\n\n<p>&#8220;I mi smo uporedili sa tim zapisom i definirali da ih ne mo\u017eemo povezati sa \u0161tetnom radnjom da njega neko progoni zato \u0161to je on to prijavio. Nema na\u010dina da se pove\u017ee, mi mo\u017eemo da sumnjamo i to sve i zato smo i tra\u017eili upravnu inspekciju&#8221;, ka\u017ee Hasim \u0160aboti\u0107, direktor Agencije za prevenciju korupcije i koordinaciju borbe protiv korupcije BiH.<\/p>\n\n\n\n<p>Dok kona\u010dno o\u010dekuje da bi se Tu\u017eiteljstvo BiH do kraja godine moglo o\u010ditovati po njegovoj prijavi, Me\u0161i\u0107 najavljuje i da \u0107e pred Sudom BiH pokrenuti postupak protiv Agencije za prevenciju korupcije jer mu nije pru\u017eena adekvatna za\u0161tita.<\/p>\n\n\n\n<p>Izvor:BHRT<\/p>\n","protected":false},"excerpt":{"rendered":"<p>Emir Me\u0161i\u0107 koji je prije tri godine prijavio koruptivne radnje u Upravi za indirektno oporezivanje BiH tvrdi da je izlo\u017een disciplinskom progonu u instituciji u kojoj je zaposlen. Prije tri godine Edin Me\u0161i\u0107 prijavio je nepravilnosti oko zakupa carinskih terminala Uprave za indirektno oporezivanje gdje su se milijunski javni prihodi, kako tvrdi, prelijevali u privatne [&hellip;]<\/p>\n","protected":false},"author":2,"featured_media":84867,"comment_status":"closed","ping_status":"closed","sticky":false,"template":"","format":"standard","meta":{"h5ap_radio_sources":[],"footnotes":""},"categories":[1],"tags":[],"class_list":["post-84866","post","type-post","status-publish","format-standard","has-post-thumbnail","hentry","category-bihiregija"],"yoast_head":"<!-- This site is optimized with the Yoast SEO plugin v27.5 - https:\/\/yoast.com\/product\/yoast-seo-wordpress\/ -->\n<title>Prijavio korupciju, pa izlo\u017een disciplinskom progonu: Jesu li &quot;zvi\u017eda\u010di&quot; u BiH za\u0161ti\u0107eni? - RADIO LJUBU\u0160KI<\/title>\n<meta name=\"robots\" content=\"index, follow, max-snippet:-1, max-image-preview:large, max-video-preview:-1\" \/>\n<link rel=\"canonical\" href=\"https:\/\/radioljubuski.ba\/index.php\/2021\/11\/04\/prijavio-korupciju-pa-izlozen-disciplinskom-progonu-jesu-li-zvizdaci-u-bih-zasticeni\/\" \/>\n<meta property=\"og:locale\" content=\"hr_HR\" \/>\n<meta property=\"og:type\" content=\"article\" \/>\n<meta property=\"og:title\" content=\"Prijavio korupciju, pa izlo\u017een disciplinskom progonu: Jesu li &quot;zvi\u017eda\u010di&quot; u BiH za\u0161ti\u0107eni? - RADIO LJUBU\u0160KI\" \/>\n<meta property=\"og:description\" content=\"Emir Me\u0161i\u0107 koji je prije tri godine prijavio koruptivne radnje u Upravi za indirektno oporezivanje BiH tvrdi da je izlo\u017een disciplinskom progonu u instituciji u kojoj je zaposlen. Prije tri godine Edin Me\u0161i\u0107 prijavio je nepravilnosti oko zakupa carinskih terminala Uprave za indirektno oporezivanje gdje su se milijunski javni prihodi, kako tvrdi, prelijevali u privatne [&hellip;]\" \/>\n<meta property=\"og:url\" content=\"https:\/\/radioljubuski.ba\/index.php\/2021\/11\/04\/prijavio-korupciju-pa-izlozen-disciplinskom-progonu-jesu-li-zvizdaci-u-bih-zasticeni\/\" \/>\n<meta property=\"og:site_name\" content=\"RADIO LJUBU\u0160KI\" \/>\n<meta property=\"article:publisher\" content=\"https:\/\/www.facebook.com\/Radiio-Ljubuski-1490835324566332\" \/>\n<meta property=\"article:published_time\" content=\"2021-11-04T12:24:51+00:00\" \/>\n<meta property=\"og:image\" content=\"https:\/\/radioljubuski.ba\/wp-content\/uploads\/2021\/11\/zJ9fLbF2_korupcija.jpg\" \/>\n\t<meta property=\"og:image:width\" content=\"1000\" \/>\n\t<meta property=\"og:image:height\" content=\"625\" \/>\n\t<meta property=\"og:image:type\" content=\"image\/jpeg\" \/>\n<meta name=\"author\" content=\"Radio Ljubu\u0161ki\" \/>\n<meta name=\"twitter:card\" content=\"summary_large_image\" \/>\n<meta name=\"twitter:creator\" content=\"@radioljubuski\" \/>\n<meta name=\"twitter:site\" content=\"@radioljubuski\" \/>\n<meta name=\"twitter:label1\" content=\"Napisao\/la\" \/>\n\t<meta name=\"twitter:data1\" content=\"Radio Ljubu\u0161ki\" \/>\n\t<meta name=\"twitter:label2\" content=\"Procijenjeno vrijeme \u010ditanja\" \/>\n\t<meta name=\"twitter:data2\" content=\"2 minute\" \/>\n<script type=\"application\/ld+json\" class=\"yoast-schema-graph\">{\"@context\":\"https:\\\/\\\/schema.org\",\"@graph\":[{\"@type\":\"Article\",\"@id\":\"https:\\\/\\\/radioljubuski.ba\\\/index.php\\\/2021\\\/11\\\/04\\\/prijavio-korupciju-pa-izlozen-disciplinskom-progonu-jesu-li-zvizdaci-u-bih-zasticeni\\\/#article\",\"isPartOf\":{\"@id\":\"https:\\\/\\\/radioljubuski.ba\\\/index.php\\\/2021\\\/11\\\/04\\\/prijavio-korupciju-pa-izlozen-disciplinskom-progonu-jesu-li-zvizdaci-u-bih-zasticeni\\\/\"},\"author\":{\"name\":\"Radio Ljubu\u0161ki\",\"@id\":\"https:\\\/\\\/radioljubuski.ba\\\/#\\\/schema\\\/person\\\/19fc700381a780f69665d7956c469e3b\"},\"headline\":\"Prijavio korupciju, pa izlo\u017een disciplinskom progonu: Jesu li &#8220;zvi\u017eda\u010di&#8221; u BiH za\u0161ti\u0107eni?\",\"datePublished\":\"2021-11-04T12:24:51+00:00\",\"mainEntityOfPage\":{\"@id\":\"https:\\\/\\\/radioljubuski.ba\\\/index.php\\\/2021\\\/11\\\/04\\\/prijavio-korupciju-pa-izlozen-disciplinskom-progonu-jesu-li-zvizdaci-u-bih-zasticeni\\\/\"},\"wordCount\":448,\"publisher\":{\"@id\":\"https:\\\/\\\/radioljubuski.ba\\\/#organization\"},\"image\":{\"@id\":\"https:\\\/\\\/radioljubuski.ba\\\/index.php\\\/2021\\\/11\\\/04\\\/prijavio-korupciju-pa-izlozen-disciplinskom-progonu-jesu-li-zvizdaci-u-bih-zasticeni\\\/#primaryimage\"},\"thumbnailUrl\":\"https:\\\/\\\/radioljubuski.ba\\\/wp-content\\\/uploads\\\/2021\\\/11\\\/zJ9fLbF2_korupcija.jpg\",\"articleSection\":[\"BIH i regija\"],\"inLanguage\":\"hr\"},{\"@type\":\"WebPage\",\"@id\":\"https:\\\/\\\/radioljubuski.ba\\\/index.php\\\/2021\\\/11\\\/04\\\/prijavio-korupciju-pa-izlozen-disciplinskom-progonu-jesu-li-zvizdaci-u-bih-zasticeni\\\/\",\"url\":\"https:\\\/\\\/radioljubuski.ba\\\/index.php\\\/2021\\\/11\\\/04\\\/prijavio-korupciju-pa-izlozen-disciplinskom-progonu-jesu-li-zvizdaci-u-bih-zasticeni\\\/\",\"name\":\"Prijavio korupciju, pa izlo\u017een disciplinskom progonu: Jesu li \\\"zvi\u017eda\u010di\\\" u BiH za\u0161ti\u0107eni? - RADIO LJUBU\u0160KI\",\"isPartOf\":{\"@id\":\"https:\\\/\\\/radioljubuski.ba\\\/#website\"},\"primaryImageOfPage\":{\"@id\":\"https:\\\/\\\/radioljubuski.ba\\\/index.php\\\/2021\\\/11\\\/04\\\/prijavio-korupciju-pa-izlozen-disciplinskom-progonu-jesu-li-zvizdaci-u-bih-zasticeni\\\/#primaryimage\"},\"image\":{\"@id\":\"https:\\\/\\\/radioljubuski.ba\\\/index.php\\\/2021\\\/11\\\/04\\\/prijavio-korupciju-pa-izlozen-disciplinskom-progonu-jesu-li-zvizdaci-u-bih-zasticeni\\\/#primaryimage\"},\"thumbnailUrl\":\"https:\\\/\\\/radioljubuski.ba\\\/wp-content\\\/uploads\\\/2021\\\/11\\\/zJ9fLbF2_korupcija.jpg\",\"datePublished\":\"2021-11-04T12:24:51+00:00\",\"breadcrumb\":{\"@id\":\"https:\\\/\\\/radioljubuski.ba\\\/index.php\\\/2021\\\/11\\\/04\\\/prijavio-korupciju-pa-izlozen-disciplinskom-progonu-jesu-li-zvizdaci-u-bih-zasticeni\\\/#breadcrumb\"},\"inLanguage\":\"hr\",\"potentialAction\":[{\"@type\":\"ReadAction\",\"target\":[\"https:\\\/\\\/radioljubuski.ba\\\/index.php\\\/2021\\\/11\\\/04\\\/prijavio-korupciju-pa-izlozen-disciplinskom-progonu-jesu-li-zvizdaci-u-bih-zasticeni\\\/\"]}]},{\"@type\":\"ImageObject\",\"inLanguage\":\"hr\",\"@id\":\"https:\\\/\\\/radioljubuski.ba\\\/index.php\\\/2021\\\/11\\\/04\\\/prijavio-korupciju-pa-izlozen-disciplinskom-progonu-jesu-li-zvizdaci-u-bih-zasticeni\\\/#primaryimage\",\"url\":\"https:\\\/\\\/radioljubuski.ba\\\/wp-content\\\/uploads\\\/2021\\\/11\\\/zJ9fLbF2_korupcija.jpg\",\"contentUrl\":\"https:\\\/\\\/radioljubuski.ba\\\/wp-content\\\/uploads\\\/2021\\\/11\\\/zJ9fLbF2_korupcija.jpg\",\"width\":1000,\"height\":625},{\"@type\":\"BreadcrumbList\",\"@id\":\"https:\\\/\\\/radioljubuski.ba\\\/index.php\\\/2021\\\/11\\\/04\\\/prijavio-korupciju-pa-izlozen-disciplinskom-progonu-jesu-li-zvizdaci-u-bih-zasticeni\\\/#breadcrumb\",\"itemListElement\":[{\"@type\":\"ListItem\",\"position\":1,\"name\":\"Po\u010detna stranica\",\"item\":\"https:\\\/\\\/radioljubuski.ba\\\/\"},{\"@type\":\"ListItem\",\"position\":2,\"name\":\"Prijavio korupciju, pa izlo\u017een disciplinskom progonu: Jesu li &#8220;zvi\u017eda\u010di&#8221; u BiH za\u0161ti\u0107eni?\"}]},{\"@type\":\"WebSite\",\"@id\":\"https:\\\/\\\/radioljubuski.ba\\\/#website\",\"url\":\"https:\\\/\\\/radioljubuski.ba\\\/\",\"name\":\"Radio Ljubu\u0161ki\",\"description\":\"Sun\u010dana frekvencija Hercegovine\",\"publisher\":{\"@id\":\"https:\\\/\\\/radioljubuski.ba\\\/#organization\"},\"potentialAction\":[{\"@type\":\"SearchAction\",\"target\":{\"@type\":\"EntryPoint\",\"urlTemplate\":\"https:\\\/\\\/radioljubuski.ba\\\/?s={search_term_string}\"},\"query-input\":{\"@type\":\"PropertyValueSpecification\",\"valueRequired\":true,\"valueName\":\"search_term_string\"}}],\"inLanguage\":\"hr\"},{\"@type\":\"Organization\",\"@id\":\"https:\\\/\\\/radioljubuski.ba\\\/#organization\",\"name\":\"Radio Ljubu\u0161ki\",\"url\":\"https:\\\/\\\/radioljubuski.ba\\\/\",\"logo\":{\"@type\":\"ImageObject\",\"inLanguage\":\"hr\",\"@id\":\"https:\\\/\\\/radioljubuski.ba\\\/#\\\/schema\\\/logo\\\/image\\\/\",\"url\":\"https:\\\/\\\/radioljubuski.ba\\\/wp-content\\\/uploads\\\/2021\\\/02\\\/cropped-Radio_Ljubuski_logo1.jpg\",\"contentUrl\":\"https:\\\/\\\/radioljubuski.ba\\\/wp-content\\\/uploads\\\/2021\\\/02\\\/cropped-Radio_Ljubuski_logo1.jpg\",\"width\":512,\"height\":512,\"caption\":\"Radio Ljubu\u0161ki\"},\"image\":{\"@id\":\"https:\\\/\\\/radioljubuski.ba\\\/#\\\/schema\\\/logo\\\/image\\\/\"},\"sameAs\":[\"https:\\\/\\\/www.facebook.com\\\/Radiio-Ljubuski-1490835324566332\",\"https:\\\/\\\/x.com\\\/radioljubuski\",\"https:\\\/\\\/hr.linkedin.com\\\/company\\\/radio-ljubuski\",\"https:\\\/\\\/www.youtube.com\\\/channel\\\/UCHYaeO_n0Db3tjNGudGpXyw\"]},{\"@type\":\"Person\",\"@id\":\"https:\\\/\\\/radioljubuski.ba\\\/#\\\/schema\\\/person\\\/19fc700381a780f69665d7956c469e3b\",\"name\":\"Radio Ljubu\u0161ki\"}]}<\/script>\n<!-- \/ Yoast SEO plugin. -->","yoast_head_json":{"title":"Prijavio korupciju, pa izlo\u017een disciplinskom progonu: Jesu li \"zvi\u017eda\u010di\" u BiH za\u0161ti\u0107eni? - RADIO LJUBU\u0160KI","robots":{"index":"index","follow":"follow","max-snippet":"max-snippet:-1","max-image-preview":"max-image-preview:large","max-video-preview":"max-video-preview:-1"},"canonical":"https:\/\/radioljubuski.ba\/index.php\/2021\/11\/04\/prijavio-korupciju-pa-izlozen-disciplinskom-progonu-jesu-li-zvizdaci-u-bih-zasticeni\/","og_locale":"hr_HR","og_type":"article","og_title":"Prijavio korupciju, pa izlo\u017een disciplinskom progonu: Jesu li \"zvi\u017eda\u010di\" u BiH za\u0161ti\u0107eni? - RADIO LJUBU\u0160KI","og_description":"Emir Me\u0161i\u0107 koji je prije tri godine prijavio koruptivne radnje u Upravi za indirektno oporezivanje BiH tvrdi da je izlo\u017een disciplinskom progonu u instituciji u kojoj je zaposlen. Prije tri godine Edin Me\u0161i\u0107 prijavio je nepravilnosti oko zakupa carinskih terminala Uprave za indirektno oporezivanje gdje su se milijunski javni prihodi, kako tvrdi, prelijevali u privatne [&hellip;]","og_url":"https:\/\/radioljubuski.ba\/index.php\/2021\/11\/04\/prijavio-korupciju-pa-izlozen-disciplinskom-progonu-jesu-li-zvizdaci-u-bih-zasticeni\/","og_site_name":"RADIO LJUBU\u0160KI","article_publisher":"https:\/\/www.facebook.com\/Radiio-Ljubuski-1490835324566332","article_published_time":"2021-11-04T12:24:51+00:00","og_image":[{"width":1000,"height":625,"url":"https:\/\/radioljubuski.ba\/wp-content\/uploads\/2021\/11\/zJ9fLbF2_korupcija.jpg","type":"image\/jpeg"}],"author":"Radio Ljubu\u0161ki","twitter_card":"summary_large_image","twitter_creator":"@radioljubuski","twitter_site":"@radioljubuski","twitter_misc":{"Napisao\/la":"Radio Ljubu\u0161ki","Procijenjeno vrijeme \u010ditanja":"2 minute"},"schema":{"@context":"https:\/\/schema.org","@graph":[{"@type":"Article","@id":"https:\/\/radioljubuski.ba\/index.php\/2021\/11\/04\/prijavio-korupciju-pa-izlozen-disciplinskom-progonu-jesu-li-zvizdaci-u-bih-zasticeni\/#article","isPartOf":{"@id":"https:\/\/radioljubuski.ba\/index.php\/2021\/11\/04\/prijavio-korupciju-pa-izlozen-disciplinskom-progonu-jesu-li-zvizdaci-u-bih-zasticeni\/"},"author":{"name":"Radio Ljubu\u0161ki","@id":"https:\/\/radioljubuski.ba\/#\/schema\/person\/19fc700381a780f69665d7956c469e3b"},"headline":"Prijavio korupciju, pa izlo\u017een disciplinskom progonu: Jesu li &#8220;zvi\u017eda\u010di&#8221; u BiH za\u0161ti\u0107eni?","datePublished":"2021-11-04T12:24:51+00:00","mainEntityOfPage":{"@id":"https:\/\/radioljubuski.ba\/index.php\/2021\/11\/04\/prijavio-korupciju-pa-izlozen-disciplinskom-progonu-jesu-li-zvizdaci-u-bih-zasticeni\/"},"wordCount":448,"publisher":{"@id":"https:\/\/radioljubuski.ba\/#organization"},"image":{"@id":"https:\/\/radioljubuski.ba\/index.php\/2021\/11\/04\/prijavio-korupciju-pa-izlozen-disciplinskom-progonu-jesu-li-zvizdaci-u-bih-zasticeni\/#primaryimage"},"thumbnailUrl":"https:\/\/radioljubuski.ba\/wp-content\/uploads\/2021\/11\/zJ9fLbF2_korupcija.jpg","articleSection":["BIH i regija"],"inLanguage":"hr"},{"@type":"WebPage","@id":"https:\/\/radioljubuski.ba\/index.php\/2021\/11\/04\/prijavio-korupciju-pa-izlozen-disciplinskom-progonu-jesu-li-zvizdaci-u-bih-zasticeni\/","url":"https:\/\/radioljubuski.ba\/index.php\/2021\/11\/04\/prijavio-korupciju-pa-izlozen-disciplinskom-progonu-jesu-li-zvizdaci-u-bih-zasticeni\/","name":"Prijavio korupciju, pa izlo\u017een disciplinskom progonu: Jesu li \"zvi\u017eda\u010di\" u BiH za\u0161ti\u0107eni? - RADIO LJUBU\u0160KI","isPartOf":{"@id":"https:\/\/radioljubuski.ba\/#website"},"primaryImageOfPage":{"@id":"https:\/\/radioljubuski.ba\/index.php\/2021\/11\/04\/prijavio-korupciju-pa-izlozen-disciplinskom-progonu-jesu-li-zvizdaci-u-bih-zasticeni\/#primaryimage"},"image":{"@id":"https:\/\/radioljubuski.ba\/index.php\/2021\/11\/04\/prijavio-korupciju-pa-izlozen-disciplinskom-progonu-jesu-li-zvizdaci-u-bih-zasticeni\/#primaryimage"},"thumbnailUrl":"https:\/\/radioljubuski.ba\/wp-content\/uploads\/2021\/11\/zJ9fLbF2_korupcija.jpg","datePublished":"2021-11-04T12:24:51+00:00","breadcrumb":{"@id":"https:\/\/radioljubuski.ba\/index.php\/2021\/11\/04\/prijavio-korupciju-pa-izlozen-disciplinskom-progonu-jesu-li-zvizdaci-u-bih-zasticeni\/#breadcrumb"},"inLanguage":"hr","potentialAction":[{"@type":"ReadAction","target":["https:\/\/radioljubuski.ba\/index.php\/2021\/11\/04\/prijavio-korupciju-pa-izlozen-disciplinskom-progonu-jesu-li-zvizdaci-u-bih-zasticeni\/"]}]},{"@type":"ImageObject","inLanguage":"hr","@id":"https:\/\/radioljubuski.ba\/index.php\/2021\/11\/04\/prijavio-korupciju-pa-izlozen-disciplinskom-progonu-jesu-li-zvizdaci-u-bih-zasticeni\/#primaryimage","url":"https:\/\/radioljubuski.ba\/wp-content\/uploads\/2021\/11\/zJ9fLbF2_korupcija.jpg","contentUrl":"https:\/\/radioljubuski.ba\/wp-content\/uploads\/2021\/11\/zJ9fLbF2_korupcija.jpg","width":1000,"height":625},{"@type":"BreadcrumbList","@id":"https:\/\/radioljubuski.ba\/index.php\/2021\/11\/04\/prijavio-korupciju-pa-izlozen-disciplinskom-progonu-jesu-li-zvizdaci-u-bih-zasticeni\/#breadcrumb","itemListElement":[{"@type":"ListItem","position":1,"name":"Po\u010detna stranica","item":"https:\/\/radioljubuski.ba\/"},{"@type":"ListItem","position":2,"name":"Prijavio korupciju, pa izlo\u017een disciplinskom progonu: Jesu li &#8220;zvi\u017eda\u010di&#8221; u BiH za\u0161ti\u0107eni?"}]},{"@type":"WebSite","@id":"https:\/\/radioljubuski.ba\/#website","url":"https:\/\/radioljubuski.ba\/","name":"Radio Ljubu\u0161ki","description":"Sun\u010dana frekvencija Hercegovine","publisher":{"@id":"https:\/\/radioljubuski.ba\/#organization"},"potentialAction":[{"@type":"SearchAction","target":{"@type":"EntryPoint","urlTemplate":"https:\/\/radioljubuski.ba\/?s={search_term_string}"},"query-input":{"@type":"PropertyValueSpecification","valueRequired":true,"valueName":"search_term_string"}}],"inLanguage":"hr"},{"@type":"Organization","@id":"https:\/\/radioljubuski.ba\/#organization","name":"Radio Ljubu\u0161ki","url":"https:\/\/radioljubuski.ba\/","logo":{"@type":"ImageObject","inLanguage":"hr","@id":"https:\/\/radioljubuski.ba\/#\/schema\/logo\/image\/","url":"https:\/\/radioljubuski.ba\/wp-content\/uploads\/2021\/02\/cropped-Radio_Ljubuski_logo1.jpg","contentUrl":"https:\/\/radioljubuski.ba\/wp-content\/uploads\/2021\/02\/cropped-Radio_Ljubuski_logo1.jpg","width":512,"height":512,"caption":"Radio Ljubu\u0161ki"},"image":{"@id":"https:\/\/radioljubuski.ba\/#\/schema\/logo\/image\/"},"sameAs":["https:\/\/www.facebook.com\/Radiio-Ljubuski-1490835324566332","https:\/\/x.com\/radioljubuski","https:\/\/hr.linkedin.com\/company\/radio-ljubuski","https:\/\/www.youtube.com\/channel\/UCHYaeO_n0Db3tjNGudGpXyw"]},{"@type":"Person","@id":"https:\/\/radioljubuski.ba\/#\/schema\/person\/19fc700381a780f69665d7956c469e3b","name":"Radio Ljubu\u0161ki"}]}},"_links":{"self":[{"href":"https:\/\/radioljubuski.ba\/index.php\/wp-json\/wp\/v2\/posts\/84866","targetHints":{"allow":["GET"]}}],"collection":[{"href":"https:\/\/radioljubuski.ba\/index.php\/wp-json\/wp\/v2\/posts"}],"about":[{"href":"https:\/\/radioljubuski.ba\/index.php\/wp-json\/wp\/v2\/types\/post"}],"author":[{"embeddable":true,"href":"https:\/\/radioljubuski.ba\/index.php\/wp-json\/wp\/v2\/users\/2"}],"replies":[{"embeddable":true,"href":"https:\/\/radioljubuski.ba\/index.php\/wp-json\/wp\/v2\/comments?post=84866"}],"version-history":[{"count":1,"href":"https:\/\/radioljubuski.ba\/index.php\/wp-json\/wp\/v2\/posts\/84866\/revisions"}],"predecessor-version":[{"id":84868,"href":"https:\/\/radioljubuski.ba\/index.php\/wp-json\/wp\/v2\/posts\/84866\/revisions\/84868"}],"wp:featuredmedia":[{"embeddable":true,"href":"https:\/\/radioljubuski.ba\/index.php\/wp-json\/wp\/v2\/media\/84867"}],"wp:attachment":[{"href":"https:\/\/radioljubuski.ba\/index.php\/wp-json\/wp\/v2\/media?parent=84866"}],"wp:term":[{"taxonomy":"category","embeddable":true,"href":"https:\/\/radioljubuski.ba\/index.php\/wp-json\/wp\/v2\/categories?post=84866"},{"taxonomy":"post_tag","embeddable":true,"href":"https:\/\/radioljubuski.ba\/index.php\/wp-json\/wp\/v2\/tags?post=84866"}],"curies":[{"name":"wp","href":"https:\/\/api.w.org\/{rel}","templated":true}]}}