{"id":84878,"date":"2021-11-04T13:31:26","date_gmt":"2021-11-04T12:31:26","guid":{"rendered":"https:\/\/radioljubuski.ba\/?p=84878"},"modified":"2021-11-04T13:31:27","modified_gmt":"2021-11-04T12:31:27","slug":"svedani-se-prije-smrti-rjesavaju-svojih-stvari-da-bi-olaksali-obitelji","status":"publish","type":"post","link":"https:\/\/radioljubuski.ba\/index.php\/2021\/11\/04\/svedani-se-prije-smrti-rjesavaju-svojih-stvari-da-bi-olaksali-obitelji\/","title":{"rendered":"\u0160ve\u0111ani se prije smrti rje\u0161avaju svojih stvari da bi olak\u0161ali obitelji"},"content":{"rendered":"\n<p>U svom elegantnom stanu u centru Stockholma 84-godi\u0161nja Lena Sundgren ima i mno\u0161tvo knjiga na policama. S dubokim uzdahom premje\u0161ta hrpu knjiga o vrtlarstvu na stranu, priznaju\u0107i da je &#8220;pravo olak\u0161anje rije\u0161iti ih se&#8221;.&nbsp;<\/p>\n\n\n\n<p>&#8220;Predsmrtno \u010di\u0161\u0107enje, koje obavljam nekoliko puta tjedno, smiruje me&#8221;, dodaje.&nbsp;<\/p>\n\n\n\n<p>Predsmrtno \u010di\u0161\u0107enje ili &#8220;dostadning&#8221; na \u0161vedskom, naziv je za praksu prebiranja po osobnim stvarima prije smrti.&nbsp;<\/p>\n\n\n\n<p>Koncept je dobio pomalo kultnu sljedbu nakon bestsellera spisateljice Margarete Magnusson Nje\u017ena umjetnost \u0161vedskog predsmrtnog \u010di\u0161\u0107enja: Kako osloboditi sebe i svoju obitelj cjelo\u017eivotnog nereda. Knjiga je objavljena prije \u010detiri godine.&nbsp;<\/p>\n\n\n\n<p>&#8220;Mislim da se trebate pobrinuti za svoje stvari kako se nitko drugi ne bi mu\u010dio sa &#8216;sme\u0107em&#8217; koje ostavljate iza sebe&#8221;, plasti\u010dno je opisala AFP-u.&nbsp;<\/p>\n\n\n\n<p>Prebiranje po stvarima koje \u010duvate cijeli \u017eivot &#8220;vra\u0107a vas u trenutke koje \u017eelite zapamtiti, no ako te predmete ne \u017eelite, trebate ih baciti&#8221;, ka\u017ee.&nbsp;<\/p>\n\n\n\n<p>Predsmrtno \u010di\u0161\u0107enje razlikuje se od pristupa pospremanja doma Marie Kondo, japanske influencerice koja je stekla globalnu slavu savjetima o organizaciji ku\u0107e, a promi\u010de ideju da treba \u010duvati samo one stvari koje nas raduju.&nbsp;<\/p>\n\n\n\n<p>Svrha \u0161vedskog na\u010dina pospremanja je po\u0161tedjeti obitelj tereta bacanja osobnih stvari voljene osobe nakon njezine smrti.&nbsp;<\/p>\n\n\n\n<p><strong>Nitko ne \u017eivi vje\u010dno<\/strong><\/p>\n\n\n\n<p>K\u0107i Margarete Magnusson, Jane, zahvalna je majci na trudu.&nbsp;<\/p>\n\n\n\n<p>&#8220;Mislim da ve\u0107ina ljudi koji imaju stare roditelje i brojne vlastite svakodnevne obveze \u017eeli \u0161to manje njihovih stvari kad ih jednom vi\u0161e ne bude&#8221;, ka\u017ee Jane.&nbsp;<\/p>\n\n\n\n<p>&#8220;Zahvalna sam majci na golemom poslu koji obavlja i sretna sam \u0161to se njezina filozofija primjenjuje \u0161irom svijeta.&#8221;&nbsp;<\/p>\n\n\n\n<p>Knjiga Margarete Magnusson, kojoj je danas 87 godina, dospjela je na listu bestsellera New York Timesa i prevedena je na desetak jezika.&nbsp;<\/p>\n\n\n\n<p>Premda je Magnusson skovala naziv &#8220;dostadning&#8221;, \u0160ve\u0111ani su i prije imali obi\u010daj rje\u0161avati se brojnih predmeta prije smrti.<\/p>\n\n\n\n<p>&#8220;Prije \u010detrdeset godina moja susjeda u poznim godinama rekla mi je da kani pobacati mnoge stvari prije smrti&#8221;, prisje\u0107a se 84-godi\u0161nja biv\u0161a glumica Kristina Adolphson, koja se sada time i sama bavi.&nbsp;<\/p>\n\n\n\n<p>Ovaj fenomen poja\u0161njava pragmati\u010dan \u0161vedski pristup umiranju, ka\u017ee Magnusson, dodaju\u0107i da ve\u0107ina ljudi izbjegava tu temu.&nbsp;<\/p>\n\n\n\n<p>&#8220;Svi se boje smrti. Ni \u0160ve\u0111ani nisu iznimka, no mi o tome razgovaramo.&#8221;<\/p>\n\n\n\n<p>Ka\u017ee da je i ona dosad po\u010distila stan rije\u0161iv\u0161i se mnogih predmeta, no zadr\u017eala je nekoliko figurica \u017eivotinja i malenih trolova koje je vesele i krase joj dnevni boravak.&nbsp;<\/p>\n\n\n\n<p>Izvor:pogled.ba<\/p>\n","protected":false},"excerpt":{"rendered":"<p>U svom elegantnom stanu u centru Stockholma 84-godi\u0161nja Lena Sundgren ima i mno\u0161tvo knjiga na policama. S dubokim uzdahom premje\u0161ta hrpu knjiga o vrtlarstvu na stranu, priznaju\u0107i da je &#8220;pravo olak\u0161anje rije\u0161iti ih se&#8221;.&nbsp; &#8220;Predsmrtno \u010di\u0161\u0107enje, koje obavljam nekoliko puta tjedno, smiruje me&#8221;, dodaje.&nbsp; Predsmrtno \u010di\u0161\u0107enje ili &#8220;dostadning&#8221; na \u0161vedskom, naziv je za praksu prebiranja [&hellip;]<\/p>\n","protected":false},"author":2,"featured_media":84879,"comment_status":"closed","ping_status":"closed","sticky":false,"template":"","format":"standard","meta":{"h5ap_radio_sources":[],"footnotes":""},"categories":[1],"tags":[],"class_list":["post-84878","post","type-post","status-publish","format-standard","has-post-thumbnail","hentry","category-bihiregija"],"yoast_head":"<!-- This site is optimized with the Yoast SEO plugin v27.5 - https:\/\/yoast.com\/product\/yoast-seo-wordpress\/ -->\n<title>\u0160ve\u0111ani se prije smrti rje\u0161avaju svojih stvari da bi olak\u0161ali obitelji - RADIO LJUBU\u0160KI<\/title>\n<meta name=\"robots\" content=\"index, follow, max-snippet:-1, max-image-preview:large, max-video-preview:-1\" \/>\n<link rel=\"canonical\" href=\"https:\/\/radioljubuski.ba\/index.php\/2021\/11\/04\/svedani-se-prije-smrti-rjesavaju-svojih-stvari-da-bi-olaksali-obitelji\/\" \/>\n<meta property=\"og:locale\" content=\"hr_HR\" \/>\n<meta property=\"og:type\" content=\"article\" \/>\n<meta property=\"og:title\" content=\"\u0160ve\u0111ani se prije smrti rje\u0161avaju svojih stvari da bi olak\u0161ali obitelji - RADIO LJUBU\u0160KI\" \/>\n<meta property=\"og:description\" content=\"U svom elegantnom stanu u centru Stockholma 84-godi\u0161nja Lena Sundgren ima i mno\u0161tvo knjiga na policama. S dubokim uzdahom premje\u0161ta hrpu knjiga o vrtlarstvu na stranu, priznaju\u0107i da je &#8220;pravo olak\u0161anje rije\u0161iti ih se&#8221;.&nbsp; &#8220;Predsmrtno \u010di\u0161\u0107enje, koje obavljam nekoliko puta tjedno, smiruje me&#8221;, dodaje.&nbsp; Predsmrtno \u010di\u0161\u0107enje ili &#8220;dostadning&#8221; na \u0161vedskom, naziv je za praksu prebiranja [&hellip;]\" \/>\n<meta property=\"og:url\" content=\"https:\/\/radioljubuski.ba\/index.php\/2021\/11\/04\/svedani-se-prije-smrti-rjesavaju-svojih-stvari-da-bi-olaksali-obitelji\/\" \/>\n<meta property=\"og:site_name\" content=\"RADIO LJUBU\u0160KI\" \/>\n<meta property=\"article:publisher\" content=\"https:\/\/www.facebook.com\/Radiio-Ljubuski-1490835324566332\" \/>\n<meta property=\"article:published_time\" content=\"2021-11-04T12:31:26+00:00\" \/>\n<meta property=\"article:modified_time\" content=\"2021-11-04T12:31:27+00:00\" \/>\n<meta property=\"og:image\" content=\"https:\/\/radioljubuski.ba\/wp-content\/uploads\/2021\/11\/8-2021-11-04-08-23-43-KUCA.jpg\" \/>\n\t<meta property=\"og:image:width\" content=\"1000\" \/>\n\t<meta property=\"og:image:height\" content=\"625\" \/>\n\t<meta property=\"og:image:type\" content=\"image\/jpeg\" \/>\n<meta name=\"author\" content=\"Radio Ljubu\u0161ki\" \/>\n<meta name=\"twitter:card\" content=\"summary_large_image\" \/>\n<meta name=\"twitter:creator\" content=\"@radioljubuski\" \/>\n<meta name=\"twitter:site\" content=\"@radioljubuski\" \/>\n<meta name=\"twitter:label1\" content=\"Napisao\/la\" \/>\n\t<meta name=\"twitter:data1\" content=\"Radio Ljubu\u0161ki\" \/>\n\t<meta name=\"twitter:label2\" content=\"Procijenjeno vrijeme \u010ditanja\" \/>\n\t<meta name=\"twitter:data2\" content=\"2 minute\" \/>\n<script type=\"application\/ld+json\" class=\"yoast-schema-graph\">{\"@context\":\"https:\\\/\\\/schema.org\",\"@graph\":[{\"@type\":\"Article\",\"@id\":\"https:\\\/\\\/radioljubuski.ba\\\/index.php\\\/2021\\\/11\\\/04\\\/svedani-se-prije-smrti-rjesavaju-svojih-stvari-da-bi-olaksali-obitelji\\\/#article\",\"isPartOf\":{\"@id\":\"https:\\\/\\\/radioljubuski.ba\\\/index.php\\\/2021\\\/11\\\/04\\\/svedani-se-prije-smrti-rjesavaju-svojih-stvari-da-bi-olaksali-obitelji\\\/\"},\"author\":{\"name\":\"Radio Ljubu\u0161ki\",\"@id\":\"https:\\\/\\\/radioljubuski.ba\\\/#\\\/schema\\\/person\\\/19fc700381a780f69665d7956c469e3b\"},\"headline\":\"\u0160ve\u0111ani se prije smrti rje\u0161avaju svojih stvari da bi olak\u0161ali obitelji\",\"datePublished\":\"2021-11-04T12:31:26+00:00\",\"dateModified\":\"2021-11-04T12:31:27+00:00\",\"mainEntityOfPage\":{\"@id\":\"https:\\\/\\\/radioljubuski.ba\\\/index.php\\\/2021\\\/11\\\/04\\\/svedani-se-prije-smrti-rjesavaju-svojih-stvari-da-bi-olaksali-obitelji\\\/\"},\"wordCount\":449,\"publisher\":{\"@id\":\"https:\\\/\\\/radioljubuski.ba\\\/#organization\"},\"image\":{\"@id\":\"https:\\\/\\\/radioljubuski.ba\\\/index.php\\\/2021\\\/11\\\/04\\\/svedani-se-prije-smrti-rjesavaju-svojih-stvari-da-bi-olaksali-obitelji\\\/#primaryimage\"},\"thumbnailUrl\":\"https:\\\/\\\/radioljubuski.ba\\\/wp-content\\\/uploads\\\/2021\\\/11\\\/8-2021-11-04-08-23-43-KUCA.jpg\",\"articleSection\":[\"BIH i regija\"],\"inLanguage\":\"hr\"},{\"@type\":\"WebPage\",\"@id\":\"https:\\\/\\\/radioljubuski.ba\\\/index.php\\\/2021\\\/11\\\/04\\\/svedani-se-prije-smrti-rjesavaju-svojih-stvari-da-bi-olaksali-obitelji\\\/\",\"url\":\"https:\\\/\\\/radioljubuski.ba\\\/index.php\\\/2021\\\/11\\\/04\\\/svedani-se-prije-smrti-rjesavaju-svojih-stvari-da-bi-olaksali-obitelji\\\/\",\"name\":\"\u0160ve\u0111ani se prije smrti rje\u0161avaju svojih stvari da bi olak\u0161ali obitelji - RADIO LJUBU\u0160KI\",\"isPartOf\":{\"@id\":\"https:\\\/\\\/radioljubuski.ba\\\/#website\"},\"primaryImageOfPage\":{\"@id\":\"https:\\\/\\\/radioljubuski.ba\\\/index.php\\\/2021\\\/11\\\/04\\\/svedani-se-prije-smrti-rjesavaju-svojih-stvari-da-bi-olaksali-obitelji\\\/#primaryimage\"},\"image\":{\"@id\":\"https:\\\/\\\/radioljubuski.ba\\\/index.php\\\/2021\\\/11\\\/04\\\/svedani-se-prije-smrti-rjesavaju-svojih-stvari-da-bi-olaksali-obitelji\\\/#primaryimage\"},\"thumbnailUrl\":\"https:\\\/\\\/radioljubuski.ba\\\/wp-content\\\/uploads\\\/2021\\\/11\\\/8-2021-11-04-08-23-43-KUCA.jpg\",\"datePublished\":\"2021-11-04T12:31:26+00:00\",\"dateModified\":\"2021-11-04T12:31:27+00:00\",\"breadcrumb\":{\"@id\":\"https:\\\/\\\/radioljubuski.ba\\\/index.php\\\/2021\\\/11\\\/04\\\/svedani-se-prije-smrti-rjesavaju-svojih-stvari-da-bi-olaksali-obitelji\\\/#breadcrumb\"},\"inLanguage\":\"hr\",\"potentialAction\":[{\"@type\":\"ReadAction\",\"target\":[\"https:\\\/\\\/radioljubuski.ba\\\/index.php\\\/2021\\\/11\\\/04\\\/svedani-se-prije-smrti-rjesavaju-svojih-stvari-da-bi-olaksali-obitelji\\\/\"]}]},{\"@type\":\"ImageObject\",\"inLanguage\":\"hr\",\"@id\":\"https:\\\/\\\/radioljubuski.ba\\\/index.php\\\/2021\\\/11\\\/04\\\/svedani-se-prije-smrti-rjesavaju-svojih-stvari-da-bi-olaksali-obitelji\\\/#primaryimage\",\"url\":\"https:\\\/\\\/radioljubuski.ba\\\/wp-content\\\/uploads\\\/2021\\\/11\\\/8-2021-11-04-08-23-43-KUCA.jpg\",\"contentUrl\":\"https:\\\/\\\/radioljubuski.ba\\\/wp-content\\\/uploads\\\/2021\\\/11\\\/8-2021-11-04-08-23-43-KUCA.jpg\",\"width\":1000,\"height\":625},{\"@type\":\"BreadcrumbList\",\"@id\":\"https:\\\/\\\/radioljubuski.ba\\\/index.php\\\/2021\\\/11\\\/04\\\/svedani-se-prije-smrti-rjesavaju-svojih-stvari-da-bi-olaksali-obitelji\\\/#breadcrumb\",\"itemListElement\":[{\"@type\":\"ListItem\",\"position\":1,\"name\":\"Po\u010detna stranica\",\"item\":\"https:\\\/\\\/radioljubuski.ba\\\/\"},{\"@type\":\"ListItem\",\"position\":2,\"name\":\"\u0160ve\u0111ani se prije smrti rje\u0161avaju svojih stvari da bi olak\u0161ali obitelji\"}]},{\"@type\":\"WebSite\",\"@id\":\"https:\\\/\\\/radioljubuski.ba\\\/#website\",\"url\":\"https:\\\/\\\/radioljubuski.ba\\\/\",\"name\":\"Radio Ljubu\u0161ki\",\"description\":\"Sun\u010dana frekvencija Hercegovine\",\"publisher\":{\"@id\":\"https:\\\/\\\/radioljubuski.ba\\\/#organization\"},\"potentialAction\":[{\"@type\":\"SearchAction\",\"target\":{\"@type\":\"EntryPoint\",\"urlTemplate\":\"https:\\\/\\\/radioljubuski.ba\\\/?s={search_term_string}\"},\"query-input\":{\"@type\":\"PropertyValueSpecification\",\"valueRequired\":true,\"valueName\":\"search_term_string\"}}],\"inLanguage\":\"hr\"},{\"@type\":\"Organization\",\"@id\":\"https:\\\/\\\/radioljubuski.ba\\\/#organization\",\"name\":\"Radio Ljubu\u0161ki\",\"url\":\"https:\\\/\\\/radioljubuski.ba\\\/\",\"logo\":{\"@type\":\"ImageObject\",\"inLanguage\":\"hr\",\"@id\":\"https:\\\/\\\/radioljubuski.ba\\\/#\\\/schema\\\/logo\\\/image\\\/\",\"url\":\"https:\\\/\\\/radioljubuski.ba\\\/wp-content\\\/uploads\\\/2021\\\/02\\\/cropped-Radio_Ljubuski_logo1.jpg\",\"contentUrl\":\"https:\\\/\\\/radioljubuski.ba\\\/wp-content\\\/uploads\\\/2021\\\/02\\\/cropped-Radio_Ljubuski_logo1.jpg\",\"width\":512,\"height\":512,\"caption\":\"Radio Ljubu\u0161ki\"},\"image\":{\"@id\":\"https:\\\/\\\/radioljubuski.ba\\\/#\\\/schema\\\/logo\\\/image\\\/\"},\"sameAs\":[\"https:\\\/\\\/www.facebook.com\\\/Radiio-Ljubuski-1490835324566332\",\"https:\\\/\\\/x.com\\\/radioljubuski\",\"https:\\\/\\\/hr.linkedin.com\\\/company\\\/radio-ljubuski\",\"https:\\\/\\\/www.youtube.com\\\/channel\\\/UCHYaeO_n0Db3tjNGudGpXyw\"]},{\"@type\":\"Person\",\"@id\":\"https:\\\/\\\/radioljubuski.ba\\\/#\\\/schema\\\/person\\\/19fc700381a780f69665d7956c469e3b\",\"name\":\"Radio Ljubu\u0161ki\"}]}<\/script>\n<!-- \/ Yoast SEO plugin. -->","yoast_head_json":{"title":"\u0160ve\u0111ani se prije smrti rje\u0161avaju svojih stvari da bi olak\u0161ali obitelji - RADIO LJUBU\u0160KI","robots":{"index":"index","follow":"follow","max-snippet":"max-snippet:-1","max-image-preview":"max-image-preview:large","max-video-preview":"max-video-preview:-1"},"canonical":"https:\/\/radioljubuski.ba\/index.php\/2021\/11\/04\/svedani-se-prije-smrti-rjesavaju-svojih-stvari-da-bi-olaksali-obitelji\/","og_locale":"hr_HR","og_type":"article","og_title":"\u0160ve\u0111ani se prije smrti rje\u0161avaju svojih stvari da bi olak\u0161ali obitelji - RADIO LJUBU\u0160KI","og_description":"U svom elegantnom stanu u centru Stockholma 84-godi\u0161nja Lena Sundgren ima i mno\u0161tvo knjiga na policama. S dubokim uzdahom premje\u0161ta hrpu knjiga o vrtlarstvu na stranu, priznaju\u0107i da je &#8220;pravo olak\u0161anje rije\u0161iti ih se&#8221;.&nbsp; &#8220;Predsmrtno \u010di\u0161\u0107enje, koje obavljam nekoliko puta tjedno, smiruje me&#8221;, dodaje.&nbsp; Predsmrtno \u010di\u0161\u0107enje ili &#8220;dostadning&#8221; na \u0161vedskom, naziv je za praksu prebiranja [&hellip;]","og_url":"https:\/\/radioljubuski.ba\/index.php\/2021\/11\/04\/svedani-se-prije-smrti-rjesavaju-svojih-stvari-da-bi-olaksali-obitelji\/","og_site_name":"RADIO LJUBU\u0160KI","article_publisher":"https:\/\/www.facebook.com\/Radiio-Ljubuski-1490835324566332","article_published_time":"2021-11-04T12:31:26+00:00","article_modified_time":"2021-11-04T12:31:27+00:00","og_image":[{"width":1000,"height":625,"url":"https:\/\/radioljubuski.ba\/wp-content\/uploads\/2021\/11\/8-2021-11-04-08-23-43-KUCA.jpg","type":"image\/jpeg"}],"author":"Radio Ljubu\u0161ki","twitter_card":"summary_large_image","twitter_creator":"@radioljubuski","twitter_site":"@radioljubuski","twitter_misc":{"Napisao\/la":"Radio Ljubu\u0161ki","Procijenjeno vrijeme \u010ditanja":"2 minute"},"schema":{"@context":"https:\/\/schema.org","@graph":[{"@type":"Article","@id":"https:\/\/radioljubuski.ba\/index.php\/2021\/11\/04\/svedani-se-prije-smrti-rjesavaju-svojih-stvari-da-bi-olaksali-obitelji\/#article","isPartOf":{"@id":"https:\/\/radioljubuski.ba\/index.php\/2021\/11\/04\/svedani-se-prije-smrti-rjesavaju-svojih-stvari-da-bi-olaksali-obitelji\/"},"author":{"name":"Radio Ljubu\u0161ki","@id":"https:\/\/radioljubuski.ba\/#\/schema\/person\/19fc700381a780f69665d7956c469e3b"},"headline":"\u0160ve\u0111ani se prije smrti rje\u0161avaju svojih stvari da bi olak\u0161ali obitelji","datePublished":"2021-11-04T12:31:26+00:00","dateModified":"2021-11-04T12:31:27+00:00","mainEntityOfPage":{"@id":"https:\/\/radioljubuski.ba\/index.php\/2021\/11\/04\/svedani-se-prije-smrti-rjesavaju-svojih-stvari-da-bi-olaksali-obitelji\/"},"wordCount":449,"publisher":{"@id":"https:\/\/radioljubuski.ba\/#organization"},"image":{"@id":"https:\/\/radioljubuski.ba\/index.php\/2021\/11\/04\/svedani-se-prije-smrti-rjesavaju-svojih-stvari-da-bi-olaksali-obitelji\/#primaryimage"},"thumbnailUrl":"https:\/\/radioljubuski.ba\/wp-content\/uploads\/2021\/11\/8-2021-11-04-08-23-43-KUCA.jpg","articleSection":["BIH i regija"],"inLanguage":"hr"},{"@type":"WebPage","@id":"https:\/\/radioljubuski.ba\/index.php\/2021\/11\/04\/svedani-se-prije-smrti-rjesavaju-svojih-stvari-da-bi-olaksali-obitelji\/","url":"https:\/\/radioljubuski.ba\/index.php\/2021\/11\/04\/svedani-se-prije-smrti-rjesavaju-svojih-stvari-da-bi-olaksali-obitelji\/","name":"\u0160ve\u0111ani se prije smrti rje\u0161avaju svojih stvari da bi olak\u0161ali obitelji - RADIO LJUBU\u0160KI","isPartOf":{"@id":"https:\/\/radioljubuski.ba\/#website"},"primaryImageOfPage":{"@id":"https:\/\/radioljubuski.ba\/index.php\/2021\/11\/04\/svedani-se-prije-smrti-rjesavaju-svojih-stvari-da-bi-olaksali-obitelji\/#primaryimage"},"image":{"@id":"https:\/\/radioljubuski.ba\/index.php\/2021\/11\/04\/svedani-se-prije-smrti-rjesavaju-svojih-stvari-da-bi-olaksali-obitelji\/#primaryimage"},"thumbnailUrl":"https:\/\/radioljubuski.ba\/wp-content\/uploads\/2021\/11\/8-2021-11-04-08-23-43-KUCA.jpg","datePublished":"2021-11-04T12:31:26+00:00","dateModified":"2021-11-04T12:31:27+00:00","breadcrumb":{"@id":"https:\/\/radioljubuski.ba\/index.php\/2021\/11\/04\/svedani-se-prije-smrti-rjesavaju-svojih-stvari-da-bi-olaksali-obitelji\/#breadcrumb"},"inLanguage":"hr","potentialAction":[{"@type":"ReadAction","target":["https:\/\/radioljubuski.ba\/index.php\/2021\/11\/04\/svedani-se-prije-smrti-rjesavaju-svojih-stvari-da-bi-olaksali-obitelji\/"]}]},{"@type":"ImageObject","inLanguage":"hr","@id":"https:\/\/radioljubuski.ba\/index.php\/2021\/11\/04\/svedani-se-prije-smrti-rjesavaju-svojih-stvari-da-bi-olaksali-obitelji\/#primaryimage","url":"https:\/\/radioljubuski.ba\/wp-content\/uploads\/2021\/11\/8-2021-11-04-08-23-43-KUCA.jpg","contentUrl":"https:\/\/radioljubuski.ba\/wp-content\/uploads\/2021\/11\/8-2021-11-04-08-23-43-KUCA.jpg","width":1000,"height":625},{"@type":"BreadcrumbList","@id":"https:\/\/radioljubuski.ba\/index.php\/2021\/11\/04\/svedani-se-prije-smrti-rjesavaju-svojih-stvari-da-bi-olaksali-obitelji\/#breadcrumb","itemListElement":[{"@type":"ListItem","position":1,"name":"Po\u010detna stranica","item":"https:\/\/radioljubuski.ba\/"},{"@type":"ListItem","position":2,"name":"\u0160ve\u0111ani se prije smrti rje\u0161avaju svojih stvari da bi olak\u0161ali obitelji"}]},{"@type":"WebSite","@id":"https:\/\/radioljubuski.ba\/#website","url":"https:\/\/radioljubuski.ba\/","name":"Radio Ljubu\u0161ki","description":"Sun\u010dana frekvencija Hercegovine","publisher":{"@id":"https:\/\/radioljubuski.ba\/#organization"},"potentialAction":[{"@type":"SearchAction","target":{"@type":"EntryPoint","urlTemplate":"https:\/\/radioljubuski.ba\/?s={search_term_string}"},"query-input":{"@type":"PropertyValueSpecification","valueRequired":true,"valueName":"search_term_string"}}],"inLanguage":"hr"},{"@type":"Organization","@id":"https:\/\/radioljubuski.ba\/#organization","name":"Radio Ljubu\u0161ki","url":"https:\/\/radioljubuski.ba\/","logo":{"@type":"ImageObject","inLanguage":"hr","@id":"https:\/\/radioljubuski.ba\/#\/schema\/logo\/image\/","url":"https:\/\/radioljubuski.ba\/wp-content\/uploads\/2021\/02\/cropped-Radio_Ljubuski_logo1.jpg","contentUrl":"https:\/\/radioljubuski.ba\/wp-content\/uploads\/2021\/02\/cropped-Radio_Ljubuski_logo1.jpg","width":512,"height":512,"caption":"Radio Ljubu\u0161ki"},"image":{"@id":"https:\/\/radioljubuski.ba\/#\/schema\/logo\/image\/"},"sameAs":["https:\/\/www.facebook.com\/Radiio-Ljubuski-1490835324566332","https:\/\/x.com\/radioljubuski","https:\/\/hr.linkedin.com\/company\/radio-ljubuski","https:\/\/www.youtube.com\/channel\/UCHYaeO_n0Db3tjNGudGpXyw"]},{"@type":"Person","@id":"https:\/\/radioljubuski.ba\/#\/schema\/person\/19fc700381a780f69665d7956c469e3b","name":"Radio Ljubu\u0161ki"}]}},"_links":{"self":[{"href":"https:\/\/radioljubuski.ba\/index.php\/wp-json\/wp\/v2\/posts\/84878","targetHints":{"allow":["GET"]}}],"collection":[{"href":"https:\/\/radioljubuski.ba\/index.php\/wp-json\/wp\/v2\/posts"}],"about":[{"href":"https:\/\/radioljubuski.ba\/index.php\/wp-json\/wp\/v2\/types\/post"}],"author":[{"embeddable":true,"href":"https:\/\/radioljubuski.ba\/index.php\/wp-json\/wp\/v2\/users\/2"}],"replies":[{"embeddable":true,"href":"https:\/\/radioljubuski.ba\/index.php\/wp-json\/wp\/v2\/comments?post=84878"}],"version-history":[{"count":1,"href":"https:\/\/radioljubuski.ba\/index.php\/wp-json\/wp\/v2\/posts\/84878\/revisions"}],"predecessor-version":[{"id":84880,"href":"https:\/\/radioljubuski.ba\/index.php\/wp-json\/wp\/v2\/posts\/84878\/revisions\/84880"}],"wp:featuredmedia":[{"embeddable":true,"href":"https:\/\/radioljubuski.ba\/index.php\/wp-json\/wp\/v2\/media\/84879"}],"wp:attachment":[{"href":"https:\/\/radioljubuski.ba\/index.php\/wp-json\/wp\/v2\/media?parent=84878"}],"wp:term":[{"taxonomy":"category","embeddable":true,"href":"https:\/\/radioljubuski.ba\/index.php\/wp-json\/wp\/v2\/categories?post=84878"},{"taxonomy":"post_tag","embeddable":true,"href":"https:\/\/radioljubuski.ba\/index.php\/wp-json\/wp\/v2\/tags?post=84878"}],"curies":[{"name":"wp","href":"https:\/\/api.w.org\/{rel}","templated":true}]}}