{"id":84883,"date":"2021-11-04T13:33:43","date_gmt":"2021-11-04T12:33:43","guid":{"rendered":"https:\/\/radioljubuski.ba\/?p=84883"},"modified":"2021-11-04T13:33:43","modified_gmt":"2021-11-04T12:33:43","slug":"povecavaju-se-mirovine-u-njemackoj","status":"publish","type":"post","link":"https:\/\/radioljubuski.ba\/index.php\/2021\/11\/04\/povecavaju-se-mirovine-u-njemackoj\/","title":{"rendered":"Pove\u0107avaju se mirovine u Njema\u010dkoj"},"content":{"rendered":"\n<p>Mirovine u Njema\u010dkoj \u0107e se u narednoj godini pove\u0107ati. Prema slu\u017ebenoj procjeni, mirovine u zapadnoj Njema\u010dkoj u srpnju 2022.godine porast \u0107e za 5,2 posto, \u0161to je najve\u0107e pove\u0107anje u posljednjih 40 godina, pi\u0161e <a href=\"https:\/\/fenix-magazin.de\/mirovine-u-njemackoj-doci-ce-do-povecanja-mirovina-evo-za-koliko\/?fbclid=IwAR00gsSCcFvtNuZOVa8KYlWAnwPhhq1SoZXVfwXTTwazohKTnV-kGR2k1wE\" target=\"_blank\" rel=\"noreferrer noopener\">Fenix-magazin.<\/a><\/p>\n\n\n\n<p>Prema sada\u0161njim izra\u010dunima, rast mirovina na istoku bi trebao iznositi 5,9 posto, odnosno trebao bi biti ne\u0161to vi\u0161i nego u zapadnoj Njema\u010dkoj. To proizlazi iz nacrta izvje\u0161\u0107a o mirovinskom osiguranju 2021., javlja Finanzen.net.<\/p>\n\n\n\n<p>Za umirovljenika s mirovinom od 1.000 eura to bi zna\u010dilo pove\u0107anje mirovine na 1.052 eura na zapadu i pove\u0107anje na 1.059 eura na istoku Njema\u010dke. Njema\u010dko mirovinsko osiguranje (Deutsche Rentenversicherung Bund) je te brojke potvrdilo, ali su istaknuli kako kona\u010dni izra\u010dun ne\u0107e biti dostupan do o\u017eujka sljede\u0107e godine.<\/p>\n\n\n\n<p>U tom smislu neizvjesnosti su malo ve\u0107e nego ina\u010de, posebno s obzirom na korona krizu.<\/p>\n\n\n\n<p>\u2013 Odstupanje od jednog postotnog boda ili vi\u0161e je sasvim mogu\u0107e \u2013 rekao je Alexander Gunkel iz Uprave Njema\u010dkog mirovinskog osiguranja.<\/p>\n\n\n\n<p>Pitanje ho\u0107e li se i koliko pove\u0107ati mirovine temelji se na kretanju pla\u0107a u prethodnoj godini. Tako je u teku\u0107oj godini bio nulti krug za umirovljenike jer je korona kriza pogodila mirovine u cijelosti.<\/p>\n\n\n\n<p>\u2013 U 2022. godini bit \u0107e vidljivo da su mirovine ve\u0107 po\u010dele rasti. Izgledi su dobri i za 2023. godinu. U ovom trenutku mnogi istra\u017eiva\u010di pretpostavljaju da \u0107e gospodarstvo u Njema\u010dkoj tada sna\u017eno rasti \u2013 rekao je Gunkel.<\/p>\n\n\n\n<p>Naglo pove\u0107anje mirovina tako\u0111er bi trebalo o\u017eivjeti raspravu o obustavi tzv. faktora sustizanja. Zahvaljuju\u0107i za\u0161titnoj klauzuli, ne postoji mogu\u0107nost smanjenja mirovina. Tako je, primjerice, bilo i u teku\u0107oj godini. Za umirovljenike je postojao nulti krug, ali mirovina nije bila smanjena. Izvorno je postojao faktor sustizanja koji bi omogu\u0107io da sljede\u0107e pove\u0107anje mirovine bude ni\u017ee.<\/p>\n\n\n\n<p>Me\u0111utim, velika koalicija je suspendirala ovaj faktor sustizanja. U idu\u0107im godinama, me\u0111utim, moglo bi do\u0107i i do ni\u017eih pove\u0107anja i nula krugova, prema podatcima iz mirovonskog osiguranja.<\/p>\n\n\n\n<p>\u2013 S pove\u0107anjem iznosa mirovina, rije\u010d je o valnom kretanju koje se mora razmatrati kroz nekoliko godina, rekla je Anja Piel iz Uprave Njema\u010dkog mirovinskog osiguranja.<\/p>\n\n\n\n<p>Doprinos za mirovinsko osiguranje u po\u010detku \u0107e ostati stabilan. O\u010dekuje se da \u0107e se stopa doprinosa od 18,6 posto zadr\u017eati do 2023., a zatim \u0107e se pove\u0107ati na 19,7 posto do 2025. godine \u2013 rekla je Piel.<\/p>\n\n\n\n<p>No, Piel je priznala kako \u0107e se mirovine uskoro morati vi\u0161e nositi s izazovima koje donose demografske promjene.<\/p>\n\n\n\n<p>\u2013 Unato\u010d tome, naravno, ne treba zanemariti da \u0107e, unato\u010d reformama posljednjih godina, dugoro\u010dno na svakih 100 obveznika biti vi\u0161e umirovljenika. Stoga \u0107e se stopa doprinosa morati pove\u0107ati \u2013 rekla je Piel.<\/p>\n\n\n\n<p>Ekonomisti poput Axela B\u00f6rsch-Supana s Instituta Max Planck za socijalno pravo i socijalnu politiku u M\u00fcnchenu upozoravaju da politika sada mora osigurati da se u budu\u0107nosti postavi smjer za stabilne mirovine.<\/p>\n\n\n\n<p>\u2013 \u010ceka nas financijski \u0161ok u zakonskom mirovinskom osiguranju od 2025. godine \u2013 vi\u0161e puta je upozoravao B\u00f6rsch-Supan.<\/p>\n\n\n\n<p>Prema njegovom mi\u0161ljenju, tema dobi za umirovljenje ne bi e trebala izostaviti iz reformskih odluka.<\/p>\n\n\n\n<p>\u2013 To se ionako trenutno pove\u0107ava zbog uvo\u0111enja mirovine na 67 godina. Za razdoblje od 2030. nadalje odlazak u mirovinu bi se trebao vezati uz pove\u0107anje o\u010dekivanog \u017eivotnog vijeka. Moto bi trebao biti: Kad ljudi ostare, dio bi vremena morali raditi \u2013 rekao je B\u00f6rsch-Supan.<\/p>\n\n\n\n<p>Izvor:fenix-magazin.de<\/p>\n","protected":false},"excerpt":{"rendered":"<p>Mirovine u Njema\u010dkoj \u0107e se u narednoj godini pove\u0107ati. Prema slu\u017ebenoj procjeni, mirovine u zapadnoj Njema\u010dkoj u srpnju 2022.godine porast \u0107e za 5,2 posto, \u0161to je najve\u0107e pove\u0107anje u posljednjih 40 godina, pi\u0161e Fenix-magazin. Prema sada\u0161njim izra\u010dunima, rast mirovina na istoku bi trebao iznositi 5,9 posto, odnosno trebao bi biti ne\u0161to vi\u0161i nego u zapadnoj [&hellip;]<\/p>\n","protected":false},"author":2,"featured_media":22887,"comment_status":"closed","ping_status":"closed","sticky":false,"template":"","format":"standard","meta":{"h5ap_radio_sources":[],"footnotes":""},"categories":[1],"tags":[],"class_list":["post-84883","post","type-post","status-publish","format-standard","has-post-thumbnail","hentry","category-bihiregija"],"yoast_head":"<!-- This site is optimized with the Yoast SEO plugin v27.5 - https:\/\/yoast.com\/product\/yoast-seo-wordpress\/ -->\n<title>Pove\u0107avaju se mirovine u Njema\u010dkoj - RADIO LJUBU\u0160KI<\/title>\n<meta name=\"robots\" content=\"index, follow, max-snippet:-1, max-image-preview:large, max-video-preview:-1\" \/>\n<link rel=\"canonical\" href=\"https:\/\/radioljubuski.ba\/index.php\/2021\/11\/04\/povecavaju-se-mirovine-u-njemackoj\/\" \/>\n<meta property=\"og:locale\" content=\"hr_HR\" \/>\n<meta property=\"og:type\" content=\"article\" \/>\n<meta property=\"og:title\" content=\"Pove\u0107avaju se mirovine u Njema\u010dkoj - RADIO LJUBU\u0160KI\" \/>\n<meta property=\"og:description\" content=\"Mirovine u Njema\u010dkoj \u0107e se u narednoj godini pove\u0107ati. Prema slu\u017ebenoj procjeni, mirovine u zapadnoj Njema\u010dkoj u srpnju 2022.godine porast \u0107e za 5,2 posto, \u0161to je najve\u0107e pove\u0107anje u posljednjih 40 godina, pi\u0161e Fenix-magazin. Prema sada\u0161njim izra\u010dunima, rast mirovina na istoku bi trebao iznositi 5,9 posto, odnosno trebao bi biti ne\u0161to vi\u0161i nego u zapadnoj [&hellip;]\" \/>\n<meta property=\"og:url\" content=\"https:\/\/radioljubuski.ba\/index.php\/2021\/11\/04\/povecavaju-se-mirovine-u-njemackoj\/\" \/>\n<meta property=\"og:site_name\" content=\"RADIO LJUBU\u0160KI\" \/>\n<meta property=\"article:publisher\" content=\"https:\/\/www.facebook.com\/Radiio-Ljubuski-1490835324566332\" \/>\n<meta property=\"article:published_time\" content=\"2021-11-04T12:33:43+00:00\" \/>\n<meta property=\"og:image\" content=\"https:\/\/radioljubuski.ba\/wp-content\/uploads\/2021\/05\/2-2021-05-03-13-18-49-umirovljenici-177707-725x408-1-1.jpeg\" \/>\n\t<meta property=\"og:image:width\" content=\"1000\" \/>\n\t<meta property=\"og:image:height\" content=\"625\" \/>\n\t<meta property=\"og:image:type\" content=\"image\/jpeg\" \/>\n<meta name=\"author\" content=\"Radio Ljubu\u0161ki\" \/>\n<meta name=\"twitter:card\" content=\"summary_large_image\" \/>\n<meta name=\"twitter:creator\" content=\"@radioljubuski\" \/>\n<meta name=\"twitter:site\" content=\"@radioljubuski\" \/>\n<meta name=\"twitter:label1\" content=\"Napisao\/la\" \/>\n\t<meta name=\"twitter:data1\" content=\"Radio Ljubu\u0161ki\" \/>\n\t<meta name=\"twitter:label2\" content=\"Procijenjeno vrijeme \u010ditanja\" \/>\n\t<meta name=\"twitter:data2\" content=\"3 minute\" \/>\n<script type=\"application\/ld+json\" class=\"yoast-schema-graph\">{\"@context\":\"https:\\\/\\\/schema.org\",\"@graph\":[{\"@type\":\"Article\",\"@id\":\"https:\\\/\\\/radioljubuski.ba\\\/index.php\\\/2021\\\/11\\\/04\\\/povecavaju-se-mirovine-u-njemackoj\\\/#article\",\"isPartOf\":{\"@id\":\"https:\\\/\\\/radioljubuski.ba\\\/index.php\\\/2021\\\/11\\\/04\\\/povecavaju-se-mirovine-u-njemackoj\\\/\"},\"author\":{\"name\":\"Radio Ljubu\u0161ki\",\"@id\":\"https:\\\/\\\/radioljubuski.ba\\\/#\\\/schema\\\/person\\\/19fc700381a780f69665d7956c469e3b\"},\"headline\":\"Pove\u0107avaju se mirovine u Njema\u010dkoj\",\"datePublished\":\"2021-11-04T12:33:43+00:00\",\"mainEntityOfPage\":{\"@id\":\"https:\\\/\\\/radioljubuski.ba\\\/index.php\\\/2021\\\/11\\\/04\\\/povecavaju-se-mirovine-u-njemackoj\\\/\"},\"wordCount\":583,\"publisher\":{\"@id\":\"https:\\\/\\\/radioljubuski.ba\\\/#organization\"},\"image\":{\"@id\":\"https:\\\/\\\/radioljubuski.ba\\\/index.php\\\/2021\\\/11\\\/04\\\/povecavaju-se-mirovine-u-njemackoj\\\/#primaryimage\"},\"thumbnailUrl\":\"https:\\\/\\\/radioljubuski.ba\\\/wp-content\\\/uploads\\\/2021\\\/05\\\/2-2021-05-03-13-18-49-umirovljenici-177707-725x408-1-1.jpeg\",\"articleSection\":[\"BIH i regija\"],\"inLanguage\":\"hr\"},{\"@type\":\"WebPage\",\"@id\":\"https:\\\/\\\/radioljubuski.ba\\\/index.php\\\/2021\\\/11\\\/04\\\/povecavaju-se-mirovine-u-njemackoj\\\/\",\"url\":\"https:\\\/\\\/radioljubuski.ba\\\/index.php\\\/2021\\\/11\\\/04\\\/povecavaju-se-mirovine-u-njemackoj\\\/\",\"name\":\"Pove\u0107avaju se mirovine u Njema\u010dkoj - RADIO LJUBU\u0160KI\",\"isPartOf\":{\"@id\":\"https:\\\/\\\/radioljubuski.ba\\\/#website\"},\"primaryImageOfPage\":{\"@id\":\"https:\\\/\\\/radioljubuski.ba\\\/index.php\\\/2021\\\/11\\\/04\\\/povecavaju-se-mirovine-u-njemackoj\\\/#primaryimage\"},\"image\":{\"@id\":\"https:\\\/\\\/radioljubuski.ba\\\/index.php\\\/2021\\\/11\\\/04\\\/povecavaju-se-mirovine-u-njemackoj\\\/#primaryimage\"},\"thumbnailUrl\":\"https:\\\/\\\/radioljubuski.ba\\\/wp-content\\\/uploads\\\/2021\\\/05\\\/2-2021-05-03-13-18-49-umirovljenici-177707-725x408-1-1.jpeg\",\"datePublished\":\"2021-11-04T12:33:43+00:00\",\"breadcrumb\":{\"@id\":\"https:\\\/\\\/radioljubuski.ba\\\/index.php\\\/2021\\\/11\\\/04\\\/povecavaju-se-mirovine-u-njemackoj\\\/#breadcrumb\"},\"inLanguage\":\"hr\",\"potentialAction\":[{\"@type\":\"ReadAction\",\"target\":[\"https:\\\/\\\/radioljubuski.ba\\\/index.php\\\/2021\\\/11\\\/04\\\/povecavaju-se-mirovine-u-njemackoj\\\/\"]}]},{\"@type\":\"ImageObject\",\"inLanguage\":\"hr\",\"@id\":\"https:\\\/\\\/radioljubuski.ba\\\/index.php\\\/2021\\\/11\\\/04\\\/povecavaju-se-mirovine-u-njemackoj\\\/#primaryimage\",\"url\":\"https:\\\/\\\/radioljubuski.ba\\\/wp-content\\\/uploads\\\/2021\\\/05\\\/2-2021-05-03-13-18-49-umirovljenici-177707-725x408-1-1.jpeg\",\"contentUrl\":\"https:\\\/\\\/radioljubuski.ba\\\/wp-content\\\/uploads\\\/2021\\\/05\\\/2-2021-05-03-13-18-49-umirovljenici-177707-725x408-1-1.jpeg\",\"width\":1000,\"height\":625},{\"@type\":\"BreadcrumbList\",\"@id\":\"https:\\\/\\\/radioljubuski.ba\\\/index.php\\\/2021\\\/11\\\/04\\\/povecavaju-se-mirovine-u-njemackoj\\\/#breadcrumb\",\"itemListElement\":[{\"@type\":\"ListItem\",\"position\":1,\"name\":\"Po\u010detna stranica\",\"item\":\"https:\\\/\\\/radioljubuski.ba\\\/\"},{\"@type\":\"ListItem\",\"position\":2,\"name\":\"Pove\u0107avaju se mirovine u Njema\u010dkoj\"}]},{\"@type\":\"WebSite\",\"@id\":\"https:\\\/\\\/radioljubuski.ba\\\/#website\",\"url\":\"https:\\\/\\\/radioljubuski.ba\\\/\",\"name\":\"Radio Ljubu\u0161ki\",\"description\":\"Sun\u010dana frekvencija Hercegovine\",\"publisher\":{\"@id\":\"https:\\\/\\\/radioljubuski.ba\\\/#organization\"},\"potentialAction\":[{\"@type\":\"SearchAction\",\"target\":{\"@type\":\"EntryPoint\",\"urlTemplate\":\"https:\\\/\\\/radioljubuski.ba\\\/?s={search_term_string}\"},\"query-input\":{\"@type\":\"PropertyValueSpecification\",\"valueRequired\":true,\"valueName\":\"search_term_string\"}}],\"inLanguage\":\"hr\"},{\"@type\":\"Organization\",\"@id\":\"https:\\\/\\\/radioljubuski.ba\\\/#organization\",\"name\":\"Radio Ljubu\u0161ki\",\"url\":\"https:\\\/\\\/radioljubuski.ba\\\/\",\"logo\":{\"@type\":\"ImageObject\",\"inLanguage\":\"hr\",\"@id\":\"https:\\\/\\\/radioljubuski.ba\\\/#\\\/schema\\\/logo\\\/image\\\/\",\"url\":\"https:\\\/\\\/radioljubuski.ba\\\/wp-content\\\/uploads\\\/2021\\\/02\\\/cropped-Radio_Ljubuski_logo1.jpg\",\"contentUrl\":\"https:\\\/\\\/radioljubuski.ba\\\/wp-content\\\/uploads\\\/2021\\\/02\\\/cropped-Radio_Ljubuski_logo1.jpg\",\"width\":512,\"height\":512,\"caption\":\"Radio Ljubu\u0161ki\"},\"image\":{\"@id\":\"https:\\\/\\\/radioljubuski.ba\\\/#\\\/schema\\\/logo\\\/image\\\/\"},\"sameAs\":[\"https:\\\/\\\/www.facebook.com\\\/Radiio-Ljubuski-1490835324566332\",\"https:\\\/\\\/x.com\\\/radioljubuski\",\"https:\\\/\\\/hr.linkedin.com\\\/company\\\/radio-ljubuski\",\"https:\\\/\\\/www.youtube.com\\\/channel\\\/UCHYaeO_n0Db3tjNGudGpXyw\"]},{\"@type\":\"Person\",\"@id\":\"https:\\\/\\\/radioljubuski.ba\\\/#\\\/schema\\\/person\\\/19fc700381a780f69665d7956c469e3b\",\"name\":\"Radio Ljubu\u0161ki\"}]}<\/script>\n<!-- \/ Yoast SEO plugin. -->","yoast_head_json":{"title":"Pove\u0107avaju se mirovine u Njema\u010dkoj - RADIO LJUBU\u0160KI","robots":{"index":"index","follow":"follow","max-snippet":"max-snippet:-1","max-image-preview":"max-image-preview:large","max-video-preview":"max-video-preview:-1"},"canonical":"https:\/\/radioljubuski.ba\/index.php\/2021\/11\/04\/povecavaju-se-mirovine-u-njemackoj\/","og_locale":"hr_HR","og_type":"article","og_title":"Pove\u0107avaju se mirovine u Njema\u010dkoj - RADIO LJUBU\u0160KI","og_description":"Mirovine u Njema\u010dkoj \u0107e se u narednoj godini pove\u0107ati. Prema slu\u017ebenoj procjeni, mirovine u zapadnoj Njema\u010dkoj u srpnju 2022.godine porast \u0107e za 5,2 posto, \u0161to je najve\u0107e pove\u0107anje u posljednjih 40 godina, pi\u0161e Fenix-magazin. Prema sada\u0161njim izra\u010dunima, rast mirovina na istoku bi trebao iznositi 5,9 posto, odnosno trebao bi biti ne\u0161to vi\u0161i nego u zapadnoj [&hellip;]","og_url":"https:\/\/radioljubuski.ba\/index.php\/2021\/11\/04\/povecavaju-se-mirovine-u-njemackoj\/","og_site_name":"RADIO LJUBU\u0160KI","article_publisher":"https:\/\/www.facebook.com\/Radiio-Ljubuski-1490835324566332","article_published_time":"2021-11-04T12:33:43+00:00","og_image":[{"width":1000,"height":625,"url":"https:\/\/radioljubuski.ba\/wp-content\/uploads\/2021\/05\/2-2021-05-03-13-18-49-umirovljenici-177707-725x408-1-1.jpeg","type":"image\/jpeg"}],"author":"Radio Ljubu\u0161ki","twitter_card":"summary_large_image","twitter_creator":"@radioljubuski","twitter_site":"@radioljubuski","twitter_misc":{"Napisao\/la":"Radio Ljubu\u0161ki","Procijenjeno vrijeme \u010ditanja":"3 minute"},"schema":{"@context":"https:\/\/schema.org","@graph":[{"@type":"Article","@id":"https:\/\/radioljubuski.ba\/index.php\/2021\/11\/04\/povecavaju-se-mirovine-u-njemackoj\/#article","isPartOf":{"@id":"https:\/\/radioljubuski.ba\/index.php\/2021\/11\/04\/povecavaju-se-mirovine-u-njemackoj\/"},"author":{"name":"Radio Ljubu\u0161ki","@id":"https:\/\/radioljubuski.ba\/#\/schema\/person\/19fc700381a780f69665d7956c469e3b"},"headline":"Pove\u0107avaju se mirovine u Njema\u010dkoj","datePublished":"2021-11-04T12:33:43+00:00","mainEntityOfPage":{"@id":"https:\/\/radioljubuski.ba\/index.php\/2021\/11\/04\/povecavaju-se-mirovine-u-njemackoj\/"},"wordCount":583,"publisher":{"@id":"https:\/\/radioljubuski.ba\/#organization"},"image":{"@id":"https:\/\/radioljubuski.ba\/index.php\/2021\/11\/04\/povecavaju-se-mirovine-u-njemackoj\/#primaryimage"},"thumbnailUrl":"https:\/\/radioljubuski.ba\/wp-content\/uploads\/2021\/05\/2-2021-05-03-13-18-49-umirovljenici-177707-725x408-1-1.jpeg","articleSection":["BIH i regija"],"inLanguage":"hr"},{"@type":"WebPage","@id":"https:\/\/radioljubuski.ba\/index.php\/2021\/11\/04\/povecavaju-se-mirovine-u-njemackoj\/","url":"https:\/\/radioljubuski.ba\/index.php\/2021\/11\/04\/povecavaju-se-mirovine-u-njemackoj\/","name":"Pove\u0107avaju se mirovine u Njema\u010dkoj - RADIO LJUBU\u0160KI","isPartOf":{"@id":"https:\/\/radioljubuski.ba\/#website"},"primaryImageOfPage":{"@id":"https:\/\/radioljubuski.ba\/index.php\/2021\/11\/04\/povecavaju-se-mirovine-u-njemackoj\/#primaryimage"},"image":{"@id":"https:\/\/radioljubuski.ba\/index.php\/2021\/11\/04\/povecavaju-se-mirovine-u-njemackoj\/#primaryimage"},"thumbnailUrl":"https:\/\/radioljubuski.ba\/wp-content\/uploads\/2021\/05\/2-2021-05-03-13-18-49-umirovljenici-177707-725x408-1-1.jpeg","datePublished":"2021-11-04T12:33:43+00:00","breadcrumb":{"@id":"https:\/\/radioljubuski.ba\/index.php\/2021\/11\/04\/povecavaju-se-mirovine-u-njemackoj\/#breadcrumb"},"inLanguage":"hr","potentialAction":[{"@type":"ReadAction","target":["https:\/\/radioljubuski.ba\/index.php\/2021\/11\/04\/povecavaju-se-mirovine-u-njemackoj\/"]}]},{"@type":"ImageObject","inLanguage":"hr","@id":"https:\/\/radioljubuski.ba\/index.php\/2021\/11\/04\/povecavaju-se-mirovine-u-njemackoj\/#primaryimage","url":"https:\/\/radioljubuski.ba\/wp-content\/uploads\/2021\/05\/2-2021-05-03-13-18-49-umirovljenici-177707-725x408-1-1.jpeg","contentUrl":"https:\/\/radioljubuski.ba\/wp-content\/uploads\/2021\/05\/2-2021-05-03-13-18-49-umirovljenici-177707-725x408-1-1.jpeg","width":1000,"height":625},{"@type":"BreadcrumbList","@id":"https:\/\/radioljubuski.ba\/index.php\/2021\/11\/04\/povecavaju-se-mirovine-u-njemackoj\/#breadcrumb","itemListElement":[{"@type":"ListItem","position":1,"name":"Po\u010detna stranica","item":"https:\/\/radioljubuski.ba\/"},{"@type":"ListItem","position":2,"name":"Pove\u0107avaju se mirovine u Njema\u010dkoj"}]},{"@type":"WebSite","@id":"https:\/\/radioljubuski.ba\/#website","url":"https:\/\/radioljubuski.ba\/","name":"Radio Ljubu\u0161ki","description":"Sun\u010dana frekvencija Hercegovine","publisher":{"@id":"https:\/\/radioljubuski.ba\/#organization"},"potentialAction":[{"@type":"SearchAction","target":{"@type":"EntryPoint","urlTemplate":"https:\/\/radioljubuski.ba\/?s={search_term_string}"},"query-input":{"@type":"PropertyValueSpecification","valueRequired":true,"valueName":"search_term_string"}}],"inLanguage":"hr"},{"@type":"Organization","@id":"https:\/\/radioljubuski.ba\/#organization","name":"Radio Ljubu\u0161ki","url":"https:\/\/radioljubuski.ba\/","logo":{"@type":"ImageObject","inLanguage":"hr","@id":"https:\/\/radioljubuski.ba\/#\/schema\/logo\/image\/","url":"https:\/\/radioljubuski.ba\/wp-content\/uploads\/2021\/02\/cropped-Radio_Ljubuski_logo1.jpg","contentUrl":"https:\/\/radioljubuski.ba\/wp-content\/uploads\/2021\/02\/cropped-Radio_Ljubuski_logo1.jpg","width":512,"height":512,"caption":"Radio Ljubu\u0161ki"},"image":{"@id":"https:\/\/radioljubuski.ba\/#\/schema\/logo\/image\/"},"sameAs":["https:\/\/www.facebook.com\/Radiio-Ljubuski-1490835324566332","https:\/\/x.com\/radioljubuski","https:\/\/hr.linkedin.com\/company\/radio-ljubuski","https:\/\/www.youtube.com\/channel\/UCHYaeO_n0Db3tjNGudGpXyw"]},{"@type":"Person","@id":"https:\/\/radioljubuski.ba\/#\/schema\/person\/19fc700381a780f69665d7956c469e3b","name":"Radio Ljubu\u0161ki"}]}},"_links":{"self":[{"href":"https:\/\/radioljubuski.ba\/index.php\/wp-json\/wp\/v2\/posts\/84883","targetHints":{"allow":["GET"]}}],"collection":[{"href":"https:\/\/radioljubuski.ba\/index.php\/wp-json\/wp\/v2\/posts"}],"about":[{"href":"https:\/\/radioljubuski.ba\/index.php\/wp-json\/wp\/v2\/types\/post"}],"author":[{"embeddable":true,"href":"https:\/\/radioljubuski.ba\/index.php\/wp-json\/wp\/v2\/users\/2"}],"replies":[{"embeddable":true,"href":"https:\/\/radioljubuski.ba\/index.php\/wp-json\/wp\/v2\/comments?post=84883"}],"version-history":[{"count":1,"href":"https:\/\/radioljubuski.ba\/index.php\/wp-json\/wp\/v2\/posts\/84883\/revisions"}],"predecessor-version":[{"id":84884,"href":"https:\/\/radioljubuski.ba\/index.php\/wp-json\/wp\/v2\/posts\/84883\/revisions\/84884"}],"wp:featuredmedia":[{"embeddable":true,"href":"https:\/\/radioljubuski.ba\/index.php\/wp-json\/wp\/v2\/media\/22887"}],"wp:attachment":[{"href":"https:\/\/radioljubuski.ba\/index.php\/wp-json\/wp\/v2\/media?parent=84883"}],"wp:term":[{"taxonomy":"category","embeddable":true,"href":"https:\/\/radioljubuski.ba\/index.php\/wp-json\/wp\/v2\/categories?post=84883"},{"taxonomy":"post_tag","embeddable":true,"href":"https:\/\/radioljubuski.ba\/index.php\/wp-json\/wp\/v2\/tags?post=84883"}],"curies":[{"name":"wp","href":"https:\/\/api.w.org\/{rel}","templated":true}]}}