{"id":84890,"date":"2021-11-04T13:39:57","date_gmt":"2021-11-04T12:39:57","guid":{"rendered":"https:\/\/radioljubuski.ba\/?p=84890"},"modified":"2021-11-04T13:39:59","modified_gmt":"2021-11-04T12:39:59","slug":"na-podrucju-mostara-potpuno-cijepljeno-nesto-vise-od-trecine-stanovnika-video","status":"publish","type":"post","link":"https:\/\/radioljubuski.ba\/index.php\/2021\/11\/04\/na-podrucju-mostara-potpuno-cijepljeno-nesto-vise-od-trecine-stanovnika-video\/","title":{"rendered":"Na podru\u010dju Mostara potpuno cijepljeno ne\u0161to vi\u0161e od tre\u0107ine stanovnika &#8211; video"},"content":{"rendered":"\n<p>Na podru\u010dju Grada Mostara obje doze cjepiva primilo je ne\u0161to vi\u0161e od tre\u0107ine stanovnika starijih od 18 godina &#8211; potvrdio je Feni direktor Doma zdravlja Stari grad Mostar dr. Edin Kapetanovi\u0107, navode\u0107i kako su gra\u0111anima dostupne sve vrste cjepiva.<\/p>\n\n\n\n<p>&#8211; Ve\u0107 dva tjedna u na\u0161em Centru za cijepljenje organiziramo &#8216;Dane otvorenih vrata&#8217; i imamo sve vrste cjepiva koje su ina\u010de trenutno na raspolaganju u svijetu, i to u dovoljnom broju. Na\u017ealost, odaziv gra\u0111ana nije onakav kakav bi mi \u017eeljeli i kakav bi bio dobar &#8211; kazao je Kapetanovi\u0107.<\/p>\n\n\n\n<p>Napomenuo je kako su do sada dali oko 25 tisu\u0107a doza razli\u010ditih cjepiva te da je broj cijepljenih nedovoljan.<\/p>\n\n\n\n<p>&#8211; Od o\u017eujka do sada dali smo na\u0161im sugra\u0111anima 25 tisu\u0107a doza razli\u010ditih cjepiva. Tu je negdje oko 11 tisu\u0107a potpuno cijepljenih osoba, \u0161to predstavlja oko tre\u0107inu populacije iznad 18 godina starosti i ako tom dodamo nekoliko postotaka onih koji su primili cjepiva izvan na\u0161e zemlje to je zaista nedostatan broj cijepljenih ljudi, \u010dak i ako ra\u010dunamo 3 tisu\u0107e onih za koje planiramo dati drugu dozu tokom ovog mjeseca &#8211; ocijenio je direktor Doma zdravlja Stari grad.<\/p>\n\n\n\n<iframe loading=\"lazy\" title=\"Na podru\u010dju Mostara potpuno vakcinisano ne\u0161to vi\u0161e od tre\u0107ine stanovnika\" width=\"640\" height=\"360\" src=\"https:\/\/www.youtube.com\/embed\/is7WgRypjBY?feature=oembed\" frameborder=\"0\" allow=\"accelerometer; autoplay; clipboard-write; encrypted-media; gyroscope; picture-in-picture; web-share\" referrerpolicy=\"strict-origin-when-cross-origin\" allowfullscreen><\/iframe>\n\n\n\n<p>Naglasio je kako je sigurnost cjepiva na visokom nivou i da do sada nisu zabilje\u017eene ozbiljnije komplikacije.<\/p>\n\n\n\n<p>&nbsp;&#8211; Iako smo dali veliki broj doza cjepiva niti u jednom slu\u010daju se nisu razvile komplikacije ozbiljnijeg karaktera zbog kojih bi bila potrebna hospitalizacija ili neke ve\u0107e intervencije tako da je sigurnost tih cjepiva zaista na visokom nivou, i to mo\u017eemo potvrditi i u na\u0161oj ustanovi, a na kraju krajeva i efikasnost je poprili\u010dno velika. One ne daje 100 &#8211; postotnu za\u0161titu, ali je dokazano da stvaraju solidan imunitet- istakao je doktor Kapetanovi\u0107.<\/p>\n\n\n\n<p>Po njegovim rije\u010dima, od pro\u0161leg tjedna krenulo je i cijepljenje tre\u0107om dozom ali samo za osobe koje imaju problema s imunitetom ili koje su u intenzivnijem kontaktu sa zara\u017eenim pacijentima.<\/p>\n\n\n\n<p>&#8211; Od pro\u0161log tjedna krenuli smo i sa tre\u0107om dozom i izvjestan broj pacijenata je ve\u0107 primio tre\u0107u dozu Pfizera koju prema preporukama dajemo dva mjeseca nakon prethodne. Prilikom tog cijepljenja pridr\u017eavamo se preporuka Federalnog zavoda za javno zdravstvo tako da tre\u0107u dozu cjepiva planiramo preporu\u010diti ili dati osobama koje imaju probleme s imunitetom i osobama koje su u intenzivnijem kontaktu sa zara\u017eenim pacijentima &#8211; kazao je doktor Kapetanovi\u0107.<\/p>\n\n\n\n<p>Kada je rije\u010d o imunizaciji u Domu zdravlja Mostar, iz te zdravstvene ustanove potvrdili su kako je prvom dozom cijepljeno 9.698 osoba, dok je obje doze primilo njih 9.525.<\/p>\n\n\n\n<p>Naglasili su kako odaziv gra\u0111ana nije lo\u0161, ali da bi mogao biti i ve\u0107i s obzirom na situaciju.<\/p>\n\n\n\n<p>&#8211; Danas imamo dan otvorenih vrata, a gra\u0111anima su na raspolaganju tri vrste cjepiva: Pfizer, Moderna i Sinopharm. Kada je u pitanju tre\u0107a doza, ona je za sada rezervirana samo za imunokompromitirane pacijente &#8211; poru\u010dili su iz Doma zdravlja Mostar.<\/p>\n\n\n\n<p>Izvor:pogled.ba<\/p>\n","protected":false},"excerpt":{"rendered":"<p>Na podru\u010dju Grada Mostara obje doze cjepiva primilo je ne\u0161to vi\u0161e od tre\u0107ine stanovnika starijih od 18 godina &#8211; potvrdio je Feni direktor Doma zdravlja Stari grad Mostar dr. Edin Kapetanovi\u0107, navode\u0107i kako su gra\u0111anima dostupne sve vrste cjepiva. &#8211; Ve\u0107 dva tjedna u na\u0161em Centru za cijepljenje organiziramo &#8216;Dane otvorenih vrata&#8217; i imamo sve [&hellip;]<\/p>\n","protected":false},"author":2,"featured_media":84891,"comment_status":"closed","ping_status":"closed","sticky":false,"template":"","format":"standard","meta":{"h5ap_radio_sources":[],"footnotes":""},"categories":[1],"tags":[],"class_list":["post-84890","post","type-post","status-publish","format-standard","has-post-thumbnail","hentry","category-bihiregija"],"yoast_head":"<!-- This site is optimized with the Yoast SEO plugin v27.5 - https:\/\/yoast.com\/product\/yoast-seo-wordpress\/ -->\n<title>Na podru\u010dju Mostara potpuno cijepljeno ne\u0161to vi\u0161e od tre\u0107ine stanovnika - video - RADIO LJUBU\u0160KI<\/title>\n<meta name=\"robots\" content=\"index, follow, max-snippet:-1, max-image-preview:large, max-video-preview:-1\" \/>\n<link rel=\"canonical\" href=\"https:\/\/radioljubuski.ba\/index.php\/2021\/11\/04\/na-podrucju-mostara-potpuno-cijepljeno-nesto-vise-od-trecine-stanovnika-video\/\" \/>\n<meta property=\"og:locale\" content=\"hr_HR\" \/>\n<meta property=\"og:type\" content=\"article\" \/>\n<meta property=\"og:title\" content=\"Na podru\u010dju Mostara potpuno cijepljeno ne\u0161to vi\u0161e od tre\u0107ine stanovnika - video - RADIO LJUBU\u0160KI\" \/>\n<meta property=\"og:description\" content=\"Na podru\u010dju Grada Mostara obje doze cjepiva primilo je ne\u0161to vi\u0161e od tre\u0107ine stanovnika starijih od 18 godina &#8211; potvrdio je Feni direktor Doma zdravlja Stari grad Mostar dr. Edin Kapetanovi\u0107, navode\u0107i kako su gra\u0111anima dostupne sve vrste cjepiva. &#8211; Ve\u0107 dva tjedna u na\u0161em Centru za cijepljenje organiziramo &#8216;Dane otvorenih vrata&#8217; i imamo sve [&hellip;]\" \/>\n<meta property=\"og:url\" content=\"https:\/\/radioljubuski.ba\/index.php\/2021\/11\/04\/na-podrucju-mostara-potpuno-cijepljeno-nesto-vise-od-trecine-stanovnika-video\/\" \/>\n<meta property=\"og:site_name\" content=\"RADIO LJUBU\u0160KI\" \/>\n<meta property=\"article:publisher\" content=\"https:\/\/www.facebook.com\/Radiio-Ljubuski-1490835324566332\" \/>\n<meta property=\"article:published_time\" content=\"2021-11-04T12:39:57+00:00\" \/>\n<meta property=\"article:modified_time\" content=\"2021-11-04T12:39:59+00:00\" \/>\n<meta property=\"og:image\" content=\"https:\/\/radioljubuski.ba\/wp-content\/uploads\/2021\/11\/8-2021-11-04-09-48-28-211104_vakcinacija_mostar.jpg\" \/>\n\t<meta property=\"og:image:width\" content=\"1000\" \/>\n\t<meta property=\"og:image:height\" content=\"625\" \/>\n\t<meta property=\"og:image:type\" content=\"image\/jpeg\" \/>\n<meta name=\"author\" content=\"Radio Ljubu\u0161ki\" \/>\n<meta name=\"twitter:card\" content=\"summary_large_image\" \/>\n<meta name=\"twitter:creator\" content=\"@radioljubuski\" \/>\n<meta name=\"twitter:site\" content=\"@radioljubuski\" \/>\n<meta name=\"twitter:label1\" content=\"Napisao\/la\" \/>\n\t<meta name=\"twitter:data1\" content=\"Radio Ljubu\u0161ki\" \/>\n\t<meta name=\"twitter:label2\" content=\"Procijenjeno vrijeme \u010ditanja\" \/>\n\t<meta name=\"twitter:data2\" content=\"3 minute\" \/>\n<script type=\"application\/ld+json\" class=\"yoast-schema-graph\">{\"@context\":\"https:\\\/\\\/schema.org\",\"@graph\":[{\"@type\":\"Article\",\"@id\":\"https:\\\/\\\/radioljubuski.ba\\\/index.php\\\/2021\\\/11\\\/04\\\/na-podrucju-mostara-potpuno-cijepljeno-nesto-vise-od-trecine-stanovnika-video\\\/#article\",\"isPartOf\":{\"@id\":\"https:\\\/\\\/radioljubuski.ba\\\/index.php\\\/2021\\\/11\\\/04\\\/na-podrucju-mostara-potpuno-cijepljeno-nesto-vise-od-trecine-stanovnika-video\\\/\"},\"author\":{\"name\":\"Radio Ljubu\u0161ki\",\"@id\":\"https:\\\/\\\/radioljubuski.ba\\\/#\\\/schema\\\/person\\\/19fc700381a780f69665d7956c469e3b\"},\"headline\":\"Na podru\u010dju Mostara potpuno cijepljeno ne\u0161to vi\u0161e od tre\u0107ine stanovnika &#8211; video\",\"datePublished\":\"2021-11-04T12:39:57+00:00\",\"dateModified\":\"2021-11-04T12:39:59+00:00\",\"mainEntityOfPage\":{\"@id\":\"https:\\\/\\\/radioljubuski.ba\\\/index.php\\\/2021\\\/11\\\/04\\\/na-podrucju-mostara-potpuno-cijepljeno-nesto-vise-od-trecine-stanovnika-video\\\/\"},\"wordCount\":524,\"publisher\":{\"@id\":\"https:\\\/\\\/radioljubuski.ba\\\/#organization\"},\"image\":{\"@id\":\"https:\\\/\\\/radioljubuski.ba\\\/index.php\\\/2021\\\/11\\\/04\\\/na-podrucju-mostara-potpuno-cijepljeno-nesto-vise-od-trecine-stanovnika-video\\\/#primaryimage\"},\"thumbnailUrl\":\"https:\\\/\\\/radioljubuski.ba\\\/wp-content\\\/uploads\\\/2021\\\/11\\\/8-2021-11-04-09-48-28-211104_vakcinacija_mostar.jpg\",\"articleSection\":[\"BIH i regija\"],\"inLanguage\":\"hr\"},{\"@type\":\"WebPage\",\"@id\":\"https:\\\/\\\/radioljubuski.ba\\\/index.php\\\/2021\\\/11\\\/04\\\/na-podrucju-mostara-potpuno-cijepljeno-nesto-vise-od-trecine-stanovnika-video\\\/\",\"url\":\"https:\\\/\\\/radioljubuski.ba\\\/index.php\\\/2021\\\/11\\\/04\\\/na-podrucju-mostara-potpuno-cijepljeno-nesto-vise-od-trecine-stanovnika-video\\\/\",\"name\":\"Na podru\u010dju Mostara potpuno cijepljeno ne\u0161to vi\u0161e od tre\u0107ine stanovnika - video - RADIO LJUBU\u0160KI\",\"isPartOf\":{\"@id\":\"https:\\\/\\\/radioljubuski.ba\\\/#website\"},\"primaryImageOfPage\":{\"@id\":\"https:\\\/\\\/radioljubuski.ba\\\/index.php\\\/2021\\\/11\\\/04\\\/na-podrucju-mostara-potpuno-cijepljeno-nesto-vise-od-trecine-stanovnika-video\\\/#primaryimage\"},\"image\":{\"@id\":\"https:\\\/\\\/radioljubuski.ba\\\/index.php\\\/2021\\\/11\\\/04\\\/na-podrucju-mostara-potpuno-cijepljeno-nesto-vise-od-trecine-stanovnika-video\\\/#primaryimage\"},\"thumbnailUrl\":\"https:\\\/\\\/radioljubuski.ba\\\/wp-content\\\/uploads\\\/2021\\\/11\\\/8-2021-11-04-09-48-28-211104_vakcinacija_mostar.jpg\",\"datePublished\":\"2021-11-04T12:39:57+00:00\",\"dateModified\":\"2021-11-04T12:39:59+00:00\",\"breadcrumb\":{\"@id\":\"https:\\\/\\\/radioljubuski.ba\\\/index.php\\\/2021\\\/11\\\/04\\\/na-podrucju-mostara-potpuno-cijepljeno-nesto-vise-od-trecine-stanovnika-video\\\/#breadcrumb\"},\"inLanguage\":\"hr\",\"potentialAction\":[{\"@type\":\"ReadAction\",\"target\":[\"https:\\\/\\\/radioljubuski.ba\\\/index.php\\\/2021\\\/11\\\/04\\\/na-podrucju-mostara-potpuno-cijepljeno-nesto-vise-od-trecine-stanovnika-video\\\/\"]}]},{\"@type\":\"ImageObject\",\"inLanguage\":\"hr\",\"@id\":\"https:\\\/\\\/radioljubuski.ba\\\/index.php\\\/2021\\\/11\\\/04\\\/na-podrucju-mostara-potpuno-cijepljeno-nesto-vise-od-trecine-stanovnika-video\\\/#primaryimage\",\"url\":\"https:\\\/\\\/radioljubuski.ba\\\/wp-content\\\/uploads\\\/2021\\\/11\\\/8-2021-11-04-09-48-28-211104_vakcinacija_mostar.jpg\",\"contentUrl\":\"https:\\\/\\\/radioljubuski.ba\\\/wp-content\\\/uploads\\\/2021\\\/11\\\/8-2021-11-04-09-48-28-211104_vakcinacija_mostar.jpg\",\"width\":1000,\"height\":625},{\"@type\":\"BreadcrumbList\",\"@id\":\"https:\\\/\\\/radioljubuski.ba\\\/index.php\\\/2021\\\/11\\\/04\\\/na-podrucju-mostara-potpuno-cijepljeno-nesto-vise-od-trecine-stanovnika-video\\\/#breadcrumb\",\"itemListElement\":[{\"@type\":\"ListItem\",\"position\":1,\"name\":\"Po\u010detna stranica\",\"item\":\"https:\\\/\\\/radioljubuski.ba\\\/\"},{\"@type\":\"ListItem\",\"position\":2,\"name\":\"Na podru\u010dju Mostara potpuno cijepljeno ne\u0161to vi\u0161e od tre\u0107ine stanovnika &#8211; video\"}]},{\"@type\":\"WebSite\",\"@id\":\"https:\\\/\\\/radioljubuski.ba\\\/#website\",\"url\":\"https:\\\/\\\/radioljubuski.ba\\\/\",\"name\":\"Radio Ljubu\u0161ki\",\"description\":\"Sun\u010dana frekvencija Hercegovine\",\"publisher\":{\"@id\":\"https:\\\/\\\/radioljubuski.ba\\\/#organization\"},\"potentialAction\":[{\"@type\":\"SearchAction\",\"target\":{\"@type\":\"EntryPoint\",\"urlTemplate\":\"https:\\\/\\\/radioljubuski.ba\\\/?s={search_term_string}\"},\"query-input\":{\"@type\":\"PropertyValueSpecification\",\"valueRequired\":true,\"valueName\":\"search_term_string\"}}],\"inLanguage\":\"hr\"},{\"@type\":\"Organization\",\"@id\":\"https:\\\/\\\/radioljubuski.ba\\\/#organization\",\"name\":\"Radio Ljubu\u0161ki\",\"url\":\"https:\\\/\\\/radioljubuski.ba\\\/\",\"logo\":{\"@type\":\"ImageObject\",\"inLanguage\":\"hr\",\"@id\":\"https:\\\/\\\/radioljubuski.ba\\\/#\\\/schema\\\/logo\\\/image\\\/\",\"url\":\"https:\\\/\\\/radioljubuski.ba\\\/wp-content\\\/uploads\\\/2021\\\/02\\\/cropped-Radio_Ljubuski_logo1.jpg\",\"contentUrl\":\"https:\\\/\\\/radioljubuski.ba\\\/wp-content\\\/uploads\\\/2021\\\/02\\\/cropped-Radio_Ljubuski_logo1.jpg\",\"width\":512,\"height\":512,\"caption\":\"Radio Ljubu\u0161ki\"},\"image\":{\"@id\":\"https:\\\/\\\/radioljubuski.ba\\\/#\\\/schema\\\/logo\\\/image\\\/\"},\"sameAs\":[\"https:\\\/\\\/www.facebook.com\\\/Radiio-Ljubuski-1490835324566332\",\"https:\\\/\\\/x.com\\\/radioljubuski\",\"https:\\\/\\\/hr.linkedin.com\\\/company\\\/radio-ljubuski\",\"https:\\\/\\\/www.youtube.com\\\/channel\\\/UCHYaeO_n0Db3tjNGudGpXyw\"]},{\"@type\":\"Person\",\"@id\":\"https:\\\/\\\/radioljubuski.ba\\\/#\\\/schema\\\/person\\\/19fc700381a780f69665d7956c469e3b\",\"name\":\"Radio Ljubu\u0161ki\"}]}<\/script>\n<!-- \/ Yoast SEO plugin. -->","yoast_head_json":{"title":"Na podru\u010dju Mostara potpuno cijepljeno ne\u0161to vi\u0161e od tre\u0107ine stanovnika - video - RADIO LJUBU\u0160KI","robots":{"index":"index","follow":"follow","max-snippet":"max-snippet:-1","max-image-preview":"max-image-preview:large","max-video-preview":"max-video-preview:-1"},"canonical":"https:\/\/radioljubuski.ba\/index.php\/2021\/11\/04\/na-podrucju-mostara-potpuno-cijepljeno-nesto-vise-od-trecine-stanovnika-video\/","og_locale":"hr_HR","og_type":"article","og_title":"Na podru\u010dju Mostara potpuno cijepljeno ne\u0161to vi\u0161e od tre\u0107ine stanovnika - video - RADIO LJUBU\u0160KI","og_description":"Na podru\u010dju Grada Mostara obje doze cjepiva primilo je ne\u0161to vi\u0161e od tre\u0107ine stanovnika starijih od 18 godina &#8211; potvrdio je Feni direktor Doma zdravlja Stari grad Mostar dr. Edin Kapetanovi\u0107, navode\u0107i kako su gra\u0111anima dostupne sve vrste cjepiva. &#8211; Ve\u0107 dva tjedna u na\u0161em Centru za cijepljenje organiziramo &#8216;Dane otvorenih vrata&#8217; i imamo sve [&hellip;]","og_url":"https:\/\/radioljubuski.ba\/index.php\/2021\/11\/04\/na-podrucju-mostara-potpuno-cijepljeno-nesto-vise-od-trecine-stanovnika-video\/","og_site_name":"RADIO LJUBU\u0160KI","article_publisher":"https:\/\/www.facebook.com\/Radiio-Ljubuski-1490835324566332","article_published_time":"2021-11-04T12:39:57+00:00","article_modified_time":"2021-11-04T12:39:59+00:00","og_image":[{"width":1000,"height":625,"url":"https:\/\/radioljubuski.ba\/wp-content\/uploads\/2021\/11\/8-2021-11-04-09-48-28-211104_vakcinacija_mostar.jpg","type":"image\/jpeg"}],"author":"Radio Ljubu\u0161ki","twitter_card":"summary_large_image","twitter_creator":"@radioljubuski","twitter_site":"@radioljubuski","twitter_misc":{"Napisao\/la":"Radio Ljubu\u0161ki","Procijenjeno vrijeme \u010ditanja":"3 minute"},"schema":{"@context":"https:\/\/schema.org","@graph":[{"@type":"Article","@id":"https:\/\/radioljubuski.ba\/index.php\/2021\/11\/04\/na-podrucju-mostara-potpuno-cijepljeno-nesto-vise-od-trecine-stanovnika-video\/#article","isPartOf":{"@id":"https:\/\/radioljubuski.ba\/index.php\/2021\/11\/04\/na-podrucju-mostara-potpuno-cijepljeno-nesto-vise-od-trecine-stanovnika-video\/"},"author":{"name":"Radio Ljubu\u0161ki","@id":"https:\/\/radioljubuski.ba\/#\/schema\/person\/19fc700381a780f69665d7956c469e3b"},"headline":"Na podru\u010dju Mostara potpuno cijepljeno ne\u0161to vi\u0161e od tre\u0107ine stanovnika &#8211; video","datePublished":"2021-11-04T12:39:57+00:00","dateModified":"2021-11-04T12:39:59+00:00","mainEntityOfPage":{"@id":"https:\/\/radioljubuski.ba\/index.php\/2021\/11\/04\/na-podrucju-mostara-potpuno-cijepljeno-nesto-vise-od-trecine-stanovnika-video\/"},"wordCount":524,"publisher":{"@id":"https:\/\/radioljubuski.ba\/#organization"},"image":{"@id":"https:\/\/radioljubuski.ba\/index.php\/2021\/11\/04\/na-podrucju-mostara-potpuno-cijepljeno-nesto-vise-od-trecine-stanovnika-video\/#primaryimage"},"thumbnailUrl":"https:\/\/radioljubuski.ba\/wp-content\/uploads\/2021\/11\/8-2021-11-04-09-48-28-211104_vakcinacija_mostar.jpg","articleSection":["BIH i regija"],"inLanguage":"hr"},{"@type":"WebPage","@id":"https:\/\/radioljubuski.ba\/index.php\/2021\/11\/04\/na-podrucju-mostara-potpuno-cijepljeno-nesto-vise-od-trecine-stanovnika-video\/","url":"https:\/\/radioljubuski.ba\/index.php\/2021\/11\/04\/na-podrucju-mostara-potpuno-cijepljeno-nesto-vise-od-trecine-stanovnika-video\/","name":"Na podru\u010dju Mostara potpuno cijepljeno ne\u0161to vi\u0161e od tre\u0107ine stanovnika - video - RADIO LJUBU\u0160KI","isPartOf":{"@id":"https:\/\/radioljubuski.ba\/#website"},"primaryImageOfPage":{"@id":"https:\/\/radioljubuski.ba\/index.php\/2021\/11\/04\/na-podrucju-mostara-potpuno-cijepljeno-nesto-vise-od-trecine-stanovnika-video\/#primaryimage"},"image":{"@id":"https:\/\/radioljubuski.ba\/index.php\/2021\/11\/04\/na-podrucju-mostara-potpuno-cijepljeno-nesto-vise-od-trecine-stanovnika-video\/#primaryimage"},"thumbnailUrl":"https:\/\/radioljubuski.ba\/wp-content\/uploads\/2021\/11\/8-2021-11-04-09-48-28-211104_vakcinacija_mostar.jpg","datePublished":"2021-11-04T12:39:57+00:00","dateModified":"2021-11-04T12:39:59+00:00","breadcrumb":{"@id":"https:\/\/radioljubuski.ba\/index.php\/2021\/11\/04\/na-podrucju-mostara-potpuno-cijepljeno-nesto-vise-od-trecine-stanovnika-video\/#breadcrumb"},"inLanguage":"hr","potentialAction":[{"@type":"ReadAction","target":["https:\/\/radioljubuski.ba\/index.php\/2021\/11\/04\/na-podrucju-mostara-potpuno-cijepljeno-nesto-vise-od-trecine-stanovnika-video\/"]}]},{"@type":"ImageObject","inLanguage":"hr","@id":"https:\/\/radioljubuski.ba\/index.php\/2021\/11\/04\/na-podrucju-mostara-potpuno-cijepljeno-nesto-vise-od-trecine-stanovnika-video\/#primaryimage","url":"https:\/\/radioljubuski.ba\/wp-content\/uploads\/2021\/11\/8-2021-11-04-09-48-28-211104_vakcinacija_mostar.jpg","contentUrl":"https:\/\/radioljubuski.ba\/wp-content\/uploads\/2021\/11\/8-2021-11-04-09-48-28-211104_vakcinacija_mostar.jpg","width":1000,"height":625},{"@type":"BreadcrumbList","@id":"https:\/\/radioljubuski.ba\/index.php\/2021\/11\/04\/na-podrucju-mostara-potpuno-cijepljeno-nesto-vise-od-trecine-stanovnika-video\/#breadcrumb","itemListElement":[{"@type":"ListItem","position":1,"name":"Po\u010detna stranica","item":"https:\/\/radioljubuski.ba\/"},{"@type":"ListItem","position":2,"name":"Na podru\u010dju Mostara potpuno cijepljeno ne\u0161to vi\u0161e od tre\u0107ine stanovnika &#8211; video"}]},{"@type":"WebSite","@id":"https:\/\/radioljubuski.ba\/#website","url":"https:\/\/radioljubuski.ba\/","name":"Radio Ljubu\u0161ki","description":"Sun\u010dana frekvencija Hercegovine","publisher":{"@id":"https:\/\/radioljubuski.ba\/#organization"},"potentialAction":[{"@type":"SearchAction","target":{"@type":"EntryPoint","urlTemplate":"https:\/\/radioljubuski.ba\/?s={search_term_string}"},"query-input":{"@type":"PropertyValueSpecification","valueRequired":true,"valueName":"search_term_string"}}],"inLanguage":"hr"},{"@type":"Organization","@id":"https:\/\/radioljubuski.ba\/#organization","name":"Radio Ljubu\u0161ki","url":"https:\/\/radioljubuski.ba\/","logo":{"@type":"ImageObject","inLanguage":"hr","@id":"https:\/\/radioljubuski.ba\/#\/schema\/logo\/image\/","url":"https:\/\/radioljubuski.ba\/wp-content\/uploads\/2021\/02\/cropped-Radio_Ljubuski_logo1.jpg","contentUrl":"https:\/\/radioljubuski.ba\/wp-content\/uploads\/2021\/02\/cropped-Radio_Ljubuski_logo1.jpg","width":512,"height":512,"caption":"Radio Ljubu\u0161ki"},"image":{"@id":"https:\/\/radioljubuski.ba\/#\/schema\/logo\/image\/"},"sameAs":["https:\/\/www.facebook.com\/Radiio-Ljubuski-1490835324566332","https:\/\/x.com\/radioljubuski","https:\/\/hr.linkedin.com\/company\/radio-ljubuski","https:\/\/www.youtube.com\/channel\/UCHYaeO_n0Db3tjNGudGpXyw"]},{"@type":"Person","@id":"https:\/\/radioljubuski.ba\/#\/schema\/person\/19fc700381a780f69665d7956c469e3b","name":"Radio Ljubu\u0161ki"}]}},"_links":{"self":[{"href":"https:\/\/radioljubuski.ba\/index.php\/wp-json\/wp\/v2\/posts\/84890","targetHints":{"allow":["GET"]}}],"collection":[{"href":"https:\/\/radioljubuski.ba\/index.php\/wp-json\/wp\/v2\/posts"}],"about":[{"href":"https:\/\/radioljubuski.ba\/index.php\/wp-json\/wp\/v2\/types\/post"}],"author":[{"embeddable":true,"href":"https:\/\/radioljubuski.ba\/index.php\/wp-json\/wp\/v2\/users\/2"}],"replies":[{"embeddable":true,"href":"https:\/\/radioljubuski.ba\/index.php\/wp-json\/wp\/v2\/comments?post=84890"}],"version-history":[{"count":1,"href":"https:\/\/radioljubuski.ba\/index.php\/wp-json\/wp\/v2\/posts\/84890\/revisions"}],"predecessor-version":[{"id":84892,"href":"https:\/\/radioljubuski.ba\/index.php\/wp-json\/wp\/v2\/posts\/84890\/revisions\/84892"}],"wp:featuredmedia":[{"embeddable":true,"href":"https:\/\/radioljubuski.ba\/index.php\/wp-json\/wp\/v2\/media\/84891"}],"wp:attachment":[{"href":"https:\/\/radioljubuski.ba\/index.php\/wp-json\/wp\/v2\/media?parent=84890"}],"wp:term":[{"taxonomy":"category","embeddable":true,"href":"https:\/\/radioljubuski.ba\/index.php\/wp-json\/wp\/v2\/categories?post=84890"},{"taxonomy":"post_tag","embeddable":true,"href":"https:\/\/radioljubuski.ba\/index.php\/wp-json\/wp\/v2\/tags?post=84890"}],"curies":[{"name":"wp","href":"https:\/\/api.w.org\/{rel}","templated":true}]}}