{"id":84893,"date":"2021-11-04T13:41:26","date_gmt":"2021-11-04T12:41:26","guid":{"rendered":"https:\/\/radioljubuski.ba\/?p=84893"},"modified":"2021-11-04T13:41:28","modified_gmt":"2021-11-04T12:41:28","slug":"bih-utvrdila-cjenik-i-gradani-srbije-i-crne-gore-placat-ce-propusnice","status":"publish","type":"post","link":"https:\/\/radioljubuski.ba\/index.php\/2021\/11\/04\/bih-utvrdila-cjenik-i-gradani-srbije-i-crne-gore-placat-ce-propusnice\/","title":{"rendered":"BiH utvrdila cjenik: I gra\u0111ani Srbije i Crne Gore pla\u0107at \u0107e propusnice"},"content":{"rendered":"\n<p>Bosna i Hercegovina planira da gra\u0111anima Srbije i Crne Gore koji \u017eive u pograni\u010dnim dijelovima tih zemalja izdaje i napla\u0107uje pograni\u010dne propusnice, kao \u0161to je to praksa koja ve\u0107 godinama va\u017ei za dr\u017eavljane Hrvatske.<\/p>\n\n\n\n<p>Zanimljivo je, me\u0111utim, to \u0161to hrvatski dr\u017eavljani za ovaj dokument pla\u0107aju 60 maraka, dok je predlo\u017eena cijena za gra\u0111ane preostale dvije susjedne zemlje ni\u017ea za 10 KM.<\/p>\n\n\n\n<p>&#8220;Propusnice koje se odnose na dr\u017eavljane Crne Gore trebae bi za\u017eivjeti uskoro, dok je nezahvalno prognozirati kada bi to trebao biti slu\u010daj i za gra\u0111ane Srbije&#8221;, rekao je izvor &#8220;<a href=\"https:\/\/www.nezavisne.com\/novosti\/bih\/BiH-utvrdila-cijenovnik-I-gradjani-Srbije-i-Crne-Gore-placace-propusnice\/689638\" target=\"_blank\" rel=\"noreferrer noopener\">Nezavisnih novina&#8221;.<\/a><\/p>\n\n\n\n<p>U Prijedlogu pravilnika o cijeni pograni\u010dnih propusnica, o kojem bi se trebalo izjasniti Vije\u0107e ministara BiH, propisana je visina naknade koja se pla\u0107a u postupku izdavanja pograni\u010dnih propusnica za gra\u0111ane Hrvatske, za stanovnike pograni\u010dnog podru\u010dja Crne Gore i za stanovnike pograni\u010dnog podru\u010dja Srbije, kao i na\u010din uplate i namjena sredstava ostvarenih po ovom osnovu.<\/p>\n\n\n\n<p>&#8220;Visina naknade za pograni\u010dne propusnice koje se izdaju gra\u0111anima Hrvatske je 60 KM, a za pograni\u010dne propusnice koje se izdaju stanovnicima pograni\u010dnog podru\u010dja Crne Gore i Srbije 50 KM&#8221;, navodi se u ovom dokumentu.<\/p>\n\n\n\n<p>Sredstva ostvarena izdavanjem pograni\u010dnih propusnica, kako se dodaje, bit \u0107e upla\u0107ivana na jedinstveni ra\u010dun Ministarstva financija i trezora BiH.<\/p>\n\n\n\n<p>Po osnovu propusnica koje su pro\u0161le godine izdate stanovnicima Hrvatske, BiH je prihodovala 81.000 maraka.<\/p>\n\n\n\n<p>&#8220;Pro\u0161le godine je izdano 1.350 pograni\u010dnih propusnica dr\u017eavljanima Republike Hrvatske. Cijena je 60 KM i izdaje se na najvi\u0161e pet godina&#8221;, potvrdila je u izjavi za &#8220;Nezavisne novine&#8221; Franka Vican, glasnogovornica Grani\u010dne policije BiH.<\/p>\n\n\n\n<p>Prema sada\u0161njoj praksi za gra\u0111ane Hrvatske, pograni\u010dna propusnica im se povezuje sa njihovim dokumentom kojim se tra\u017ei njeno izdavanje.<\/p>\n\n\n\n<p>&#8220;Na primjer, ako je na osobnoj iskaznici Republike Hrvatske rok va\u017eenja do 2023. godine, pograni\u010dna propusnica se izdaje do 2023. godine&#8221;, precizirala je Vican.<\/p>\n\n\n\n<p>Pograni\u010dnu propusnicu mo\u017ee podnijeti svaki stanovnik pograni\u010dnog podru\u010dja koji na nju ima pravo, a njenom nositelju slu\u017ei za prelazak dr\u017eavne granice pod uvjetima pograni\u010dnog re\u017eima.<\/p>\n\n\n\n<p>Sporazumom izme\u0111u BiH i Hrvatske o pograni\u010dnom prometu, koji datira od sredine 2013. godine, definirano je da je za njihovo izdavanje u BiH za stanovnike pograni\u010dnog podru\u010dja Hrvatske nadle\u017ena Grani\u010dna policija BiH.<\/p>\n\n\n\n<p>Stanovnici pograni\u010dnog podru\u010dja Hrvatske, kako je ranije priop\u0107eno, zahtjev za izdavanje pograni\u010dne propusnice mogu podnijeti nadle\u017enoj jedinici Grani\u010dne policije BiH, kao i diplomatskoj misiji ili konzularnom uredu BiH u Hrvatskoj.<\/p>\n\n\n\n<p>Pograni\u010dno podru\u010dje, ina\u010de, prostire se uz zajedni\u010dku dr\u017eavnu granicu i uklju\u010duje naselja u BiH i na teritoriji susjednih dr\u017eava. Preciznije, u pitanju je podru\u010dje koje se prostire od pet kilometara u dubinu od zajedni\u010dke dr\u017eavne granice.<\/p>\n\n\n\n<p>Prelazak dr\u017eavne granice pod uvjetima pograni\u010dnog re\u017eima dopu\u0161ten je preko grani\u010dnih prijelaza otvorenih za pograni\u010dni i me\u0111unarodni promet&nbsp; nositeljima pograni\u010dne propusnice, i to samo preko grani\u010dnih prijelaza i prelaznih mjesta koji su upisani u pograni\u010dnu propusnicu.<\/p>\n\n\n\n<p>Dokumentacija neophodna za izdavanje pograni\u010dne propusnice treba sadr\u017eavati i dokument kojim se mo\u017ee dokazati opravdana potreba za redovnim prelaskom zajedni\u010dke dr\u017eavne granice pod uvjetima pograni\u010dnog re\u017eima.<\/p>\n\n\n\n<p>U pitanju su, recimo, dokumenti koji dokazuju poveznicu sa pograni\u010dnim podru\u010djem u smislu ekonomske, socijalne, obiteljske i druge veze. Mo\u017ee to, primjera radi, biti i posjedovni list, zemlji\u0161noknji\u017eni izvadak, potvrda o zaposlenju, potvrda o \u0161kolovanju itd.<\/p>\n\n\n\n<p>Izvor:nezavisne.com<\/p>\n","protected":false},"excerpt":{"rendered":"<p>Bosna i Hercegovina planira da gra\u0111anima Srbije i Crne Gore koji \u017eive u pograni\u010dnim dijelovima tih zemalja izdaje i napla\u0107uje pograni\u010dne propusnice, kao \u0161to je to praksa koja ve\u0107 godinama va\u017ei za dr\u017eavljane Hrvatske. Zanimljivo je, me\u0111utim, to \u0161to hrvatski dr\u017eavljani za ovaj dokument pla\u0107aju 60 maraka, dok je predlo\u017eena cijena za gra\u0111ane preostale dvije [&hellip;]<\/p>\n","protected":false},"author":2,"featured_media":84894,"comment_status":"closed","ping_status":"closed","sticky":false,"template":"","format":"standard","meta":{"h5ap_radio_sources":[],"footnotes":""},"categories":[1],"tags":[],"class_list":["post-84893","post","type-post","status-publish","format-standard","has-post-thumbnail","hentry","category-bihiregija"],"yoast_head":"<!-- This site is optimized with the Yoast SEO plugin v27.5 - https:\/\/yoast.com\/product\/yoast-seo-wordpress\/ -->\n<title>BiH utvrdila cjenik: I gra\u0111ani Srbije i Crne Gore pla\u0107at \u0107e propusnice - RADIO LJUBU\u0160KI<\/title>\n<meta name=\"robots\" content=\"index, follow, max-snippet:-1, max-image-preview:large, max-video-preview:-1\" \/>\n<link rel=\"canonical\" href=\"https:\/\/radioljubuski.ba\/index.php\/2021\/11\/04\/bih-utvrdila-cjenik-i-gradani-srbije-i-crne-gore-placat-ce-propusnice\/\" \/>\n<meta property=\"og:locale\" content=\"hr_HR\" \/>\n<meta property=\"og:type\" content=\"article\" \/>\n<meta property=\"og:title\" content=\"BiH utvrdila cjenik: I gra\u0111ani Srbije i Crne Gore pla\u0107at \u0107e propusnice - RADIO LJUBU\u0160KI\" \/>\n<meta property=\"og:description\" content=\"Bosna i Hercegovina planira da gra\u0111anima Srbije i Crne Gore koji \u017eive u pograni\u010dnim dijelovima tih zemalja izdaje i napla\u0107uje pograni\u010dne propusnice, kao \u0161to je to praksa koja ve\u0107 godinama va\u017ei za dr\u017eavljane Hrvatske. Zanimljivo je, me\u0111utim, to \u0161to hrvatski dr\u017eavljani za ovaj dokument pla\u0107aju 60 maraka, dok je predlo\u017eena cijena za gra\u0111ane preostale dvije [&hellip;]\" \/>\n<meta property=\"og:url\" content=\"https:\/\/radioljubuski.ba\/index.php\/2021\/11\/04\/bih-utvrdila-cjenik-i-gradani-srbije-i-crne-gore-placat-ce-propusnice\/\" \/>\n<meta property=\"og:site_name\" content=\"RADIO LJUBU\u0160KI\" \/>\n<meta property=\"article:publisher\" content=\"https:\/\/www.facebook.com\/Radiio-Ljubuski-1490835324566332\" \/>\n<meta property=\"article:published_time\" content=\"2021-11-04T12:41:26+00:00\" \/>\n<meta property=\"article:modified_time\" content=\"2021-11-04T12:41:28+00:00\" \/>\n<meta property=\"og:image\" content=\"https:\/\/radioljubuski.ba\/wp-content\/uploads\/2021\/11\/8-2021-11-04-09-58-26-granica-bih.jpg\" \/>\n\t<meta property=\"og:image:width\" content=\"1000\" \/>\n\t<meta property=\"og:image:height\" content=\"625\" \/>\n\t<meta property=\"og:image:type\" content=\"image\/jpeg\" \/>\n<meta name=\"author\" content=\"Radio Ljubu\u0161ki\" \/>\n<meta name=\"twitter:card\" content=\"summary_large_image\" \/>\n<meta name=\"twitter:creator\" content=\"@radioljubuski\" \/>\n<meta name=\"twitter:site\" content=\"@radioljubuski\" \/>\n<meta name=\"twitter:label1\" content=\"Napisao\/la\" \/>\n\t<meta name=\"twitter:data1\" content=\"Radio Ljubu\u0161ki\" \/>\n\t<meta name=\"twitter:label2\" content=\"Procijenjeno vrijeme \u010ditanja\" \/>\n\t<meta name=\"twitter:data2\" content=\"3 minute\" \/>\n<script type=\"application\/ld+json\" class=\"yoast-schema-graph\">{\"@context\":\"https:\\\/\\\/schema.org\",\"@graph\":[{\"@type\":\"Article\",\"@id\":\"https:\\\/\\\/radioljubuski.ba\\\/index.php\\\/2021\\\/11\\\/04\\\/bih-utvrdila-cjenik-i-gradani-srbije-i-crne-gore-placat-ce-propusnice\\\/#article\",\"isPartOf\":{\"@id\":\"https:\\\/\\\/radioljubuski.ba\\\/index.php\\\/2021\\\/11\\\/04\\\/bih-utvrdila-cjenik-i-gradani-srbije-i-crne-gore-placat-ce-propusnice\\\/\"},\"author\":{\"name\":\"Radio Ljubu\u0161ki\",\"@id\":\"https:\\\/\\\/radioljubuski.ba\\\/#\\\/schema\\\/person\\\/19fc700381a780f69665d7956c469e3b\"},\"headline\":\"BiH utvrdila cjenik: I gra\u0111ani Srbije i Crne Gore pla\u0107at \u0107e propusnice\",\"datePublished\":\"2021-11-04T12:41:26+00:00\",\"dateModified\":\"2021-11-04T12:41:28+00:00\",\"mainEntityOfPage\":{\"@id\":\"https:\\\/\\\/radioljubuski.ba\\\/index.php\\\/2021\\\/11\\\/04\\\/bih-utvrdila-cjenik-i-gradani-srbije-i-crne-gore-placat-ce-propusnice\\\/\"},\"wordCount\":618,\"publisher\":{\"@id\":\"https:\\\/\\\/radioljubuski.ba\\\/#organization\"},\"image\":{\"@id\":\"https:\\\/\\\/radioljubuski.ba\\\/index.php\\\/2021\\\/11\\\/04\\\/bih-utvrdila-cjenik-i-gradani-srbije-i-crne-gore-placat-ce-propusnice\\\/#primaryimage\"},\"thumbnailUrl\":\"https:\\\/\\\/radioljubuski.ba\\\/wp-content\\\/uploads\\\/2021\\\/11\\\/8-2021-11-04-09-58-26-granica-bih.jpg\",\"articleSection\":[\"BIH i regija\"],\"inLanguage\":\"hr\"},{\"@type\":\"WebPage\",\"@id\":\"https:\\\/\\\/radioljubuski.ba\\\/index.php\\\/2021\\\/11\\\/04\\\/bih-utvrdila-cjenik-i-gradani-srbije-i-crne-gore-placat-ce-propusnice\\\/\",\"url\":\"https:\\\/\\\/radioljubuski.ba\\\/index.php\\\/2021\\\/11\\\/04\\\/bih-utvrdila-cjenik-i-gradani-srbije-i-crne-gore-placat-ce-propusnice\\\/\",\"name\":\"BiH utvrdila cjenik: I gra\u0111ani Srbije i Crne Gore pla\u0107at \u0107e propusnice - RADIO LJUBU\u0160KI\",\"isPartOf\":{\"@id\":\"https:\\\/\\\/radioljubuski.ba\\\/#website\"},\"primaryImageOfPage\":{\"@id\":\"https:\\\/\\\/radioljubuski.ba\\\/index.php\\\/2021\\\/11\\\/04\\\/bih-utvrdila-cjenik-i-gradani-srbije-i-crne-gore-placat-ce-propusnice\\\/#primaryimage\"},\"image\":{\"@id\":\"https:\\\/\\\/radioljubuski.ba\\\/index.php\\\/2021\\\/11\\\/04\\\/bih-utvrdila-cjenik-i-gradani-srbije-i-crne-gore-placat-ce-propusnice\\\/#primaryimage\"},\"thumbnailUrl\":\"https:\\\/\\\/radioljubuski.ba\\\/wp-content\\\/uploads\\\/2021\\\/11\\\/8-2021-11-04-09-58-26-granica-bih.jpg\",\"datePublished\":\"2021-11-04T12:41:26+00:00\",\"dateModified\":\"2021-11-04T12:41:28+00:00\",\"breadcrumb\":{\"@id\":\"https:\\\/\\\/radioljubuski.ba\\\/index.php\\\/2021\\\/11\\\/04\\\/bih-utvrdila-cjenik-i-gradani-srbije-i-crne-gore-placat-ce-propusnice\\\/#breadcrumb\"},\"inLanguage\":\"hr\",\"potentialAction\":[{\"@type\":\"ReadAction\",\"target\":[\"https:\\\/\\\/radioljubuski.ba\\\/index.php\\\/2021\\\/11\\\/04\\\/bih-utvrdila-cjenik-i-gradani-srbije-i-crne-gore-placat-ce-propusnice\\\/\"]}]},{\"@type\":\"ImageObject\",\"inLanguage\":\"hr\",\"@id\":\"https:\\\/\\\/radioljubuski.ba\\\/index.php\\\/2021\\\/11\\\/04\\\/bih-utvrdila-cjenik-i-gradani-srbije-i-crne-gore-placat-ce-propusnice\\\/#primaryimage\",\"url\":\"https:\\\/\\\/radioljubuski.ba\\\/wp-content\\\/uploads\\\/2021\\\/11\\\/8-2021-11-04-09-58-26-granica-bih.jpg\",\"contentUrl\":\"https:\\\/\\\/radioljubuski.ba\\\/wp-content\\\/uploads\\\/2021\\\/11\\\/8-2021-11-04-09-58-26-granica-bih.jpg\",\"width\":1000,\"height\":625},{\"@type\":\"BreadcrumbList\",\"@id\":\"https:\\\/\\\/radioljubuski.ba\\\/index.php\\\/2021\\\/11\\\/04\\\/bih-utvrdila-cjenik-i-gradani-srbije-i-crne-gore-placat-ce-propusnice\\\/#breadcrumb\",\"itemListElement\":[{\"@type\":\"ListItem\",\"position\":1,\"name\":\"Po\u010detna stranica\",\"item\":\"https:\\\/\\\/radioljubuski.ba\\\/\"},{\"@type\":\"ListItem\",\"position\":2,\"name\":\"BiH utvrdila cjenik: I gra\u0111ani Srbije i Crne Gore pla\u0107at \u0107e propusnice\"}]},{\"@type\":\"WebSite\",\"@id\":\"https:\\\/\\\/radioljubuski.ba\\\/#website\",\"url\":\"https:\\\/\\\/radioljubuski.ba\\\/\",\"name\":\"Radio Ljubu\u0161ki\",\"description\":\"Sun\u010dana frekvencija Hercegovine\",\"publisher\":{\"@id\":\"https:\\\/\\\/radioljubuski.ba\\\/#organization\"},\"potentialAction\":[{\"@type\":\"SearchAction\",\"target\":{\"@type\":\"EntryPoint\",\"urlTemplate\":\"https:\\\/\\\/radioljubuski.ba\\\/?s={search_term_string}\"},\"query-input\":{\"@type\":\"PropertyValueSpecification\",\"valueRequired\":true,\"valueName\":\"search_term_string\"}}],\"inLanguage\":\"hr\"},{\"@type\":\"Organization\",\"@id\":\"https:\\\/\\\/radioljubuski.ba\\\/#organization\",\"name\":\"Radio Ljubu\u0161ki\",\"url\":\"https:\\\/\\\/radioljubuski.ba\\\/\",\"logo\":{\"@type\":\"ImageObject\",\"inLanguage\":\"hr\",\"@id\":\"https:\\\/\\\/radioljubuski.ba\\\/#\\\/schema\\\/logo\\\/image\\\/\",\"url\":\"https:\\\/\\\/radioljubuski.ba\\\/wp-content\\\/uploads\\\/2021\\\/02\\\/cropped-Radio_Ljubuski_logo1.jpg\",\"contentUrl\":\"https:\\\/\\\/radioljubuski.ba\\\/wp-content\\\/uploads\\\/2021\\\/02\\\/cropped-Radio_Ljubuski_logo1.jpg\",\"width\":512,\"height\":512,\"caption\":\"Radio Ljubu\u0161ki\"},\"image\":{\"@id\":\"https:\\\/\\\/radioljubuski.ba\\\/#\\\/schema\\\/logo\\\/image\\\/\"},\"sameAs\":[\"https:\\\/\\\/www.facebook.com\\\/Radiio-Ljubuski-1490835324566332\",\"https:\\\/\\\/x.com\\\/radioljubuski\",\"https:\\\/\\\/hr.linkedin.com\\\/company\\\/radio-ljubuski\",\"https:\\\/\\\/www.youtube.com\\\/channel\\\/UCHYaeO_n0Db3tjNGudGpXyw\"]},{\"@type\":\"Person\",\"@id\":\"https:\\\/\\\/radioljubuski.ba\\\/#\\\/schema\\\/person\\\/19fc700381a780f69665d7956c469e3b\",\"name\":\"Radio Ljubu\u0161ki\"}]}<\/script>\n<!-- \/ Yoast SEO plugin. -->","yoast_head_json":{"title":"BiH utvrdila cjenik: I gra\u0111ani Srbije i Crne Gore pla\u0107at \u0107e propusnice - RADIO LJUBU\u0160KI","robots":{"index":"index","follow":"follow","max-snippet":"max-snippet:-1","max-image-preview":"max-image-preview:large","max-video-preview":"max-video-preview:-1"},"canonical":"https:\/\/radioljubuski.ba\/index.php\/2021\/11\/04\/bih-utvrdila-cjenik-i-gradani-srbije-i-crne-gore-placat-ce-propusnice\/","og_locale":"hr_HR","og_type":"article","og_title":"BiH utvrdila cjenik: I gra\u0111ani Srbije i Crne Gore pla\u0107at \u0107e propusnice - RADIO LJUBU\u0160KI","og_description":"Bosna i Hercegovina planira da gra\u0111anima Srbije i Crne Gore koji \u017eive u pograni\u010dnim dijelovima tih zemalja izdaje i napla\u0107uje pograni\u010dne propusnice, kao \u0161to je to praksa koja ve\u0107 godinama va\u017ei za dr\u017eavljane Hrvatske. Zanimljivo je, me\u0111utim, to \u0161to hrvatski dr\u017eavljani za ovaj dokument pla\u0107aju 60 maraka, dok je predlo\u017eena cijena za gra\u0111ane preostale dvije [&hellip;]","og_url":"https:\/\/radioljubuski.ba\/index.php\/2021\/11\/04\/bih-utvrdila-cjenik-i-gradani-srbije-i-crne-gore-placat-ce-propusnice\/","og_site_name":"RADIO LJUBU\u0160KI","article_publisher":"https:\/\/www.facebook.com\/Radiio-Ljubuski-1490835324566332","article_published_time":"2021-11-04T12:41:26+00:00","article_modified_time":"2021-11-04T12:41:28+00:00","og_image":[{"width":1000,"height":625,"url":"https:\/\/radioljubuski.ba\/wp-content\/uploads\/2021\/11\/8-2021-11-04-09-58-26-granica-bih.jpg","type":"image\/jpeg"}],"author":"Radio Ljubu\u0161ki","twitter_card":"summary_large_image","twitter_creator":"@radioljubuski","twitter_site":"@radioljubuski","twitter_misc":{"Napisao\/la":"Radio Ljubu\u0161ki","Procijenjeno vrijeme \u010ditanja":"3 minute"},"schema":{"@context":"https:\/\/schema.org","@graph":[{"@type":"Article","@id":"https:\/\/radioljubuski.ba\/index.php\/2021\/11\/04\/bih-utvrdila-cjenik-i-gradani-srbije-i-crne-gore-placat-ce-propusnice\/#article","isPartOf":{"@id":"https:\/\/radioljubuski.ba\/index.php\/2021\/11\/04\/bih-utvrdila-cjenik-i-gradani-srbije-i-crne-gore-placat-ce-propusnice\/"},"author":{"name":"Radio Ljubu\u0161ki","@id":"https:\/\/radioljubuski.ba\/#\/schema\/person\/19fc700381a780f69665d7956c469e3b"},"headline":"BiH utvrdila cjenik: I gra\u0111ani Srbije i Crne Gore pla\u0107at \u0107e propusnice","datePublished":"2021-11-04T12:41:26+00:00","dateModified":"2021-11-04T12:41:28+00:00","mainEntityOfPage":{"@id":"https:\/\/radioljubuski.ba\/index.php\/2021\/11\/04\/bih-utvrdila-cjenik-i-gradani-srbije-i-crne-gore-placat-ce-propusnice\/"},"wordCount":618,"publisher":{"@id":"https:\/\/radioljubuski.ba\/#organization"},"image":{"@id":"https:\/\/radioljubuski.ba\/index.php\/2021\/11\/04\/bih-utvrdila-cjenik-i-gradani-srbije-i-crne-gore-placat-ce-propusnice\/#primaryimage"},"thumbnailUrl":"https:\/\/radioljubuski.ba\/wp-content\/uploads\/2021\/11\/8-2021-11-04-09-58-26-granica-bih.jpg","articleSection":["BIH i regija"],"inLanguage":"hr"},{"@type":"WebPage","@id":"https:\/\/radioljubuski.ba\/index.php\/2021\/11\/04\/bih-utvrdila-cjenik-i-gradani-srbije-i-crne-gore-placat-ce-propusnice\/","url":"https:\/\/radioljubuski.ba\/index.php\/2021\/11\/04\/bih-utvrdila-cjenik-i-gradani-srbije-i-crne-gore-placat-ce-propusnice\/","name":"BiH utvrdila cjenik: I gra\u0111ani Srbije i Crne Gore pla\u0107at \u0107e propusnice - RADIO LJUBU\u0160KI","isPartOf":{"@id":"https:\/\/radioljubuski.ba\/#website"},"primaryImageOfPage":{"@id":"https:\/\/radioljubuski.ba\/index.php\/2021\/11\/04\/bih-utvrdila-cjenik-i-gradani-srbije-i-crne-gore-placat-ce-propusnice\/#primaryimage"},"image":{"@id":"https:\/\/radioljubuski.ba\/index.php\/2021\/11\/04\/bih-utvrdila-cjenik-i-gradani-srbije-i-crne-gore-placat-ce-propusnice\/#primaryimage"},"thumbnailUrl":"https:\/\/radioljubuski.ba\/wp-content\/uploads\/2021\/11\/8-2021-11-04-09-58-26-granica-bih.jpg","datePublished":"2021-11-04T12:41:26+00:00","dateModified":"2021-11-04T12:41:28+00:00","breadcrumb":{"@id":"https:\/\/radioljubuski.ba\/index.php\/2021\/11\/04\/bih-utvrdila-cjenik-i-gradani-srbije-i-crne-gore-placat-ce-propusnice\/#breadcrumb"},"inLanguage":"hr","potentialAction":[{"@type":"ReadAction","target":["https:\/\/radioljubuski.ba\/index.php\/2021\/11\/04\/bih-utvrdila-cjenik-i-gradani-srbije-i-crne-gore-placat-ce-propusnice\/"]}]},{"@type":"ImageObject","inLanguage":"hr","@id":"https:\/\/radioljubuski.ba\/index.php\/2021\/11\/04\/bih-utvrdila-cjenik-i-gradani-srbije-i-crne-gore-placat-ce-propusnice\/#primaryimage","url":"https:\/\/radioljubuski.ba\/wp-content\/uploads\/2021\/11\/8-2021-11-04-09-58-26-granica-bih.jpg","contentUrl":"https:\/\/radioljubuski.ba\/wp-content\/uploads\/2021\/11\/8-2021-11-04-09-58-26-granica-bih.jpg","width":1000,"height":625},{"@type":"BreadcrumbList","@id":"https:\/\/radioljubuski.ba\/index.php\/2021\/11\/04\/bih-utvrdila-cjenik-i-gradani-srbije-i-crne-gore-placat-ce-propusnice\/#breadcrumb","itemListElement":[{"@type":"ListItem","position":1,"name":"Po\u010detna stranica","item":"https:\/\/radioljubuski.ba\/"},{"@type":"ListItem","position":2,"name":"BiH utvrdila cjenik: I gra\u0111ani Srbije i Crne Gore pla\u0107at \u0107e propusnice"}]},{"@type":"WebSite","@id":"https:\/\/radioljubuski.ba\/#website","url":"https:\/\/radioljubuski.ba\/","name":"Radio Ljubu\u0161ki","description":"Sun\u010dana frekvencija Hercegovine","publisher":{"@id":"https:\/\/radioljubuski.ba\/#organization"},"potentialAction":[{"@type":"SearchAction","target":{"@type":"EntryPoint","urlTemplate":"https:\/\/radioljubuski.ba\/?s={search_term_string}"},"query-input":{"@type":"PropertyValueSpecification","valueRequired":true,"valueName":"search_term_string"}}],"inLanguage":"hr"},{"@type":"Organization","@id":"https:\/\/radioljubuski.ba\/#organization","name":"Radio Ljubu\u0161ki","url":"https:\/\/radioljubuski.ba\/","logo":{"@type":"ImageObject","inLanguage":"hr","@id":"https:\/\/radioljubuski.ba\/#\/schema\/logo\/image\/","url":"https:\/\/radioljubuski.ba\/wp-content\/uploads\/2021\/02\/cropped-Radio_Ljubuski_logo1.jpg","contentUrl":"https:\/\/radioljubuski.ba\/wp-content\/uploads\/2021\/02\/cropped-Radio_Ljubuski_logo1.jpg","width":512,"height":512,"caption":"Radio Ljubu\u0161ki"},"image":{"@id":"https:\/\/radioljubuski.ba\/#\/schema\/logo\/image\/"},"sameAs":["https:\/\/www.facebook.com\/Radiio-Ljubuski-1490835324566332","https:\/\/x.com\/radioljubuski","https:\/\/hr.linkedin.com\/company\/radio-ljubuski","https:\/\/www.youtube.com\/channel\/UCHYaeO_n0Db3tjNGudGpXyw"]},{"@type":"Person","@id":"https:\/\/radioljubuski.ba\/#\/schema\/person\/19fc700381a780f69665d7956c469e3b","name":"Radio Ljubu\u0161ki"}]}},"_links":{"self":[{"href":"https:\/\/radioljubuski.ba\/index.php\/wp-json\/wp\/v2\/posts\/84893","targetHints":{"allow":["GET"]}}],"collection":[{"href":"https:\/\/radioljubuski.ba\/index.php\/wp-json\/wp\/v2\/posts"}],"about":[{"href":"https:\/\/radioljubuski.ba\/index.php\/wp-json\/wp\/v2\/types\/post"}],"author":[{"embeddable":true,"href":"https:\/\/radioljubuski.ba\/index.php\/wp-json\/wp\/v2\/users\/2"}],"replies":[{"embeddable":true,"href":"https:\/\/radioljubuski.ba\/index.php\/wp-json\/wp\/v2\/comments?post=84893"}],"version-history":[{"count":1,"href":"https:\/\/radioljubuski.ba\/index.php\/wp-json\/wp\/v2\/posts\/84893\/revisions"}],"predecessor-version":[{"id":84895,"href":"https:\/\/radioljubuski.ba\/index.php\/wp-json\/wp\/v2\/posts\/84893\/revisions\/84895"}],"wp:featuredmedia":[{"embeddable":true,"href":"https:\/\/radioljubuski.ba\/index.php\/wp-json\/wp\/v2\/media\/84894"}],"wp:attachment":[{"href":"https:\/\/radioljubuski.ba\/index.php\/wp-json\/wp\/v2\/media?parent=84893"}],"wp:term":[{"taxonomy":"category","embeddable":true,"href":"https:\/\/radioljubuski.ba\/index.php\/wp-json\/wp\/v2\/categories?post=84893"},{"taxonomy":"post_tag","embeddable":true,"href":"https:\/\/radioljubuski.ba\/index.php\/wp-json\/wp\/v2\/tags?post=84893"}],"curies":[{"name":"wp","href":"https:\/\/api.w.org\/{rel}","templated":true}]}}