{"id":84928,"date":"2021-11-04T14:03:39","date_gmt":"2021-11-04T13:03:39","guid":{"rendered":"https:\/\/radioljubuski.ba\/?p=84928"},"modified":"2021-11-04T14:03:40","modified_gmt":"2021-11-04T13:03:40","slug":"okrug-waterford-u-irskoj-997-cijepljenih-a-stopa-zaraze-je-druga-najveca-u-zemlji","status":"publish","type":"post","link":"https:\/\/radioljubuski.ba\/index.php\/2021\/11\/04\/okrug-waterford-u-irskoj-997-cijepljenih-a-stopa-zaraze-je-druga-najveca-u-zemlji\/","title":{"rendered":"Okrug Waterford u Irskoj: 99,7% cijepljenih, a stopa zaraze je druga najve\u0107a u zemlji!"},"content":{"rendered":"\n<p>Okrug Waterford je prava enigma. Cijepljeno je \u010dak 99,7% starijih od 12 godina. A stopa \u0161irenja COVID-19 je druga najvi\u0161a u Irskoj.<\/p>\n\n\n\n<h3 class=\"wp-block-heading\"><strong>U Irskoj je cijepljeno 88% stanovni\u0161tva starijeg od 12 godina<\/strong><\/h3>\n\n\n\n<p>Irska koja ima procijepljeno 88% stanovni\u0161tva starijih od 12 godina, ima zadnja 3 mjeseca velik rast \u0161irenja zaraze. Grafikon na dnu \u010dlanka to zorno prikazuje.<\/p>\n\n\n\n<h3 class=\"wp-block-heading\"><strong>Waterford: stopa cijepljenih: 99,7%, a broj zara\u017eenih drugi najvi\u0161i u Irskoj<\/strong><\/h3>\n\n\n\n<p>Okrug Waterford ima drugu najve\u0107u stopu incidencije Covid-19 u Irskoj, preda ima najve\u0107i postotak cijepljnja u Irskoj, pi\u0161e <a href=\"https:\/\/www.irishtimes.com\/news\/health\/waterford-city-district-has-state-s-highest-rate-of-covid-19-infections-1.4707344\">irishtimes.com<\/a><\/p>\n\n\n\n<p>\u010cak 99,7% svih odraslih osoba u ovom irskom okrugu u potpunosti je cijepljeno protiv virusa. Ali prema podacima koje je objavio HSE, Health and Safey Executive, 14-dnevna stopa incidencije u Waterfordu za listopad na 100.000 stanovnika iznosi 404,6 osoba. Ispred okruga Waterfor je po broju zara\u017eenih samo okrug Carlow sa stopom incidencije od 405,7 osoba na 100.000 stanovnika.<\/p>\n\n\n\n<h3 class=\"wp-block-heading\"><strong>Waterford: prije 12 mjeseci stopa zaraze jedna od najni\u017eih u Irskoj<\/strong><\/h3>\n\n\n\n<p>Prije ne\u0161to vi\u0161e od 12 mjeseci, Waterford je imao jednu od najni\u017eih stopa zaraze s Covid-19 u Irskoj. Sveu\u010dili\u0161na bolnica Waterford (UHW) tada nije registrirala niti jedan smrtni slu\u010daj povezan s Covidom, pi\u0161e <a href=\"https:\/\/www.independent.ie\/world-news\/coronavirus\/how-waterford-went-from-pandemic-poster-child-to-worst-hit-covid-county-41003383.html\">independent.ie<\/a><\/p>\n\n\n\n<p>Bilo je to 2020. kada jo\u0161 nije bilo cjepiva u uporabi<\/p>\n\n\n\n<p>U listopadu Waterford bilje\u017ei gotovo najvi\u0161u stopu zara\u017eenih s Covid-19. A sve se doga\u0111a samo neko tjedana nakon \u0161to su se hvalil da imaju najvi\u0161u stopu cijepljenja u Irskoj.<\/p>\n\n\n\n<p>Jedan dio okruga Waterforda imao je incidenciju od \u010dak 1.486 na 100.000 ljudi. To je gotovo 300 posto nacionalnog prosjeka Irske.<\/p>\n\n\n\n<p>Cijepljenje je i dalje va\u017ena metoda prevencije ozbiljne bolesti kod zaraze Covid-19. Ipak, va\u017eno je istaknuti da iznimno visoka stopa procijepljenosti stanovni\u0161tva nije sprije\u010dila da Waterfoed ima jednu od najvi\u0161ih stopa zaraze u zemlji.<\/p>\n\n\n\n<h4 class=\"wp-block-heading\">Mjere u Irskoj puno o\u0161trije nego u Hrvatskoj<\/h4>\n\n\n\n<p>Za pristup uslugama u zatvorenom prostoru kao \u0161to su <strong>restorani i pubovi,<\/strong> morate pokazati dokaz da ste u potpunosti cijepljeni ili da ste se oporavili od COVID-19 u posljednjih 6 mjeseci (dokaz imuniteta), pi\u0161e <a href=\"https:\/\/www.citizensinformation.ie\/en\/covid19\/living_with_covid19_plan.html\">citizensinforamtion.ie<\/a><\/p>\n\n\n\n<p>Trebali biste nositi masku za lice kada ne sjedite za stolom.<\/p>\n\n\n\n<p>Mo\u017eete naru\u010diti ili preuzeti hranu ili pi\u0107e na pultu za usluge ili u baru, ali tamo ne mo\u017eete sjediti ili jesti. Ako nemate dokaz o cijepljenju ili preboljenju, bar ili restoran bi trebao odbiti primiti goste.<\/p>\n\n\n\n<p>Poduze\u0107a mogu odbiti ulazak ako ne mo\u017eete pokazati dokaz o cijepljenju ili imunitetu ili ne mo\u017eete dokazati da se va\u0161a potvrda odnosi na vas.<\/p>\n\n\n\n<p>U no\u0107ne klubove mogu ulaziti samo s COVID potvrdama.<\/p>\n\n\n\n<h4 class=\"wp-block-heading\">Necijepljeni vrlo ograni\u010deni u primanju ljudi u svoje domove<\/h4>\n\n\n\n<p>Ako oni koji \u017eive u svom stanu nisu u potpunosti cijepljeni, mo\u017eete imati goste u zatvorenom prostoru iz samo jednog necijepljenog ku\u0107anstva.<\/p>\n\n\n\n<p>Ako ste potpuno cijepljeni, mo\u017eete se susresti u zatvorenom prostoru s osobama iz jednog necijepljenog ku\u0107anstva ako nisu u opasnosti od te\u0161ke bolesti i ne vi\u0161e od 3 ku\u0107anstva.<\/p>\n\n\n\n<p>Potpuno cijepljene osobe mogu se posje\u0107ivati \u200b\u200bzajedno u zatvorenom prostoru bez ograni\u010denja u broju.<\/p>\n\n\n\n<p>To se tako\u0111er odnosi na osobe koje su imale pozitivan test na COVID-19 u posljednjih 9 mjeseci,<\/p>\n\n\n\n<p>O ostalim restriktivnim mjerama i ograni\u010denjima u Irskoj mo\u017eete pro\u010ditati <a href=\"https:\/\/www.citizensinformation.ie\/en\/covid19\/living_with_covid19_plan.html\">ovdje<\/a><\/p>\n\n\n\n<p><strong>Grafikon koji prikazuje broj zara\u017eenih u Irskoj od po\u010detka pandemije \u2013 od kolovoza broj zara\u017eenih u Irskoj raste ve\u0107 dva mjeseca:<\/strong><\/p>\n\n\n\n<figure class=\"wp-block-image\"><img decoding=\"async\" src=\"https:\/\/cdn.statcdn.com\/Statistic\/1105000\/1107064-blank-355.png\" alt=\"Ireland: COVID-19 cases by day | Statista\"\/><\/figure>\n\n\n\n<p><em>Izvor: www.statista.com<\/em><\/p>\n\n\n\n<p><em>Izvor: narod.hr\/irishtimes.ie<\/em><\/p>\n","protected":false},"excerpt":{"rendered":"<p>Okrug Waterford je prava enigma. Cijepljeno je \u010dak 99,7% starijih od 12 godina. A stopa \u0161irenja COVID-19 je druga najvi\u0161a u Irskoj. U Irskoj je cijepljeno 88% stanovni\u0161tva starijeg od 12 godina Irska koja ima procijepljeno 88% stanovni\u0161tva starijih od 12 godina, ima zadnja 3 mjeseca velik rast \u0161irenja zaraze. Grafikon na dnu \u010dlanka to [&hellip;]<\/p>\n","protected":false},"author":2,"featured_media":84929,"comment_status":"closed","ping_status":"closed","sticky":false,"template":"","format":"standard","meta":{"h5ap_radio_sources":[],"footnotes":""},"categories":[1],"tags":[],"class_list":["post-84928","post","type-post","status-publish","format-standard","has-post-thumbnail","hentry","category-bihiregija"],"yoast_head":"<!-- This site is optimized with the Yoast SEO plugin v27.5 - https:\/\/yoast.com\/product\/yoast-seo-wordpress\/ -->\n<title>Okrug Waterford u Irskoj: 99,7% cijepljenih, a stopa zaraze je druga najve\u0107a u zemlji! - RADIO LJUBU\u0160KI<\/title>\n<meta name=\"robots\" content=\"index, follow, max-snippet:-1, max-image-preview:large, max-video-preview:-1\" \/>\n<link rel=\"canonical\" href=\"https:\/\/radioljubuski.ba\/index.php\/2021\/11\/04\/okrug-waterford-u-irskoj-997-cijepljenih-a-stopa-zaraze-je-druga-najveca-u-zemlji\/\" \/>\n<meta property=\"og:locale\" content=\"hr_HR\" \/>\n<meta property=\"og:type\" content=\"article\" \/>\n<meta property=\"og:title\" content=\"Okrug Waterford u Irskoj: 99,7% cijepljenih, a stopa zaraze je druga najve\u0107a u zemlji! - RADIO LJUBU\u0160KI\" \/>\n<meta property=\"og:description\" content=\"Okrug Waterford je prava enigma. Cijepljeno je \u010dak 99,7% starijih od 12 godina. A stopa \u0161irenja COVID-19 je druga najvi\u0161a u Irskoj. U Irskoj je cijepljeno 88% stanovni\u0161tva starijeg od 12 godina Irska koja ima procijepljeno 88% stanovni\u0161tva starijih od 12 godina, ima zadnja 3 mjeseca velik rast \u0161irenja zaraze. Grafikon na dnu \u010dlanka to [&hellip;]\" \/>\n<meta property=\"og:url\" content=\"https:\/\/radioljubuski.ba\/index.php\/2021\/11\/04\/okrug-waterford-u-irskoj-997-cijepljenih-a-stopa-zaraze-je-druga-najveca-u-zemlji\/\" \/>\n<meta property=\"og:site_name\" content=\"RADIO LJUBU\u0160KI\" \/>\n<meta property=\"article:publisher\" content=\"https:\/\/www.facebook.com\/Radiio-Ljubuski-1490835324566332\" \/>\n<meta property=\"article:published_time\" content=\"2021-11-04T13:03:39+00:00\" \/>\n<meta property=\"article:modified_time\" content=\"2021-11-04T13:03:40+00:00\" \/>\n<meta property=\"og:image\" content=\"https:\/\/radioljubuski.ba\/wp-content\/uploads\/2021\/11\/HN20210628097528-1-696x515-1.jpg\" \/>\n\t<meta property=\"og:image:width\" content=\"696\" \/>\n\t<meta property=\"og:image:height\" content=\"515\" \/>\n\t<meta property=\"og:image:type\" content=\"image\/jpeg\" \/>\n<meta name=\"author\" content=\"Radio Ljubu\u0161ki\" \/>\n<meta name=\"twitter:card\" content=\"summary_large_image\" \/>\n<meta name=\"twitter:creator\" content=\"@radioljubuski\" \/>\n<meta name=\"twitter:site\" content=\"@radioljubuski\" \/>\n<meta name=\"twitter:label1\" content=\"Napisao\/la\" \/>\n\t<meta name=\"twitter:data1\" content=\"Radio Ljubu\u0161ki\" \/>\n\t<meta name=\"twitter:label2\" content=\"Procijenjeno vrijeme \u010ditanja\" \/>\n\t<meta name=\"twitter:data2\" content=\"3 minute\" \/>\n<script type=\"application\/ld+json\" class=\"yoast-schema-graph\">{\"@context\":\"https:\\\/\\\/schema.org\",\"@graph\":[{\"@type\":\"Article\",\"@id\":\"https:\\\/\\\/radioljubuski.ba\\\/index.php\\\/2021\\\/11\\\/04\\\/okrug-waterford-u-irskoj-997-cijepljenih-a-stopa-zaraze-je-druga-najveca-u-zemlji\\\/#article\",\"isPartOf\":{\"@id\":\"https:\\\/\\\/radioljubuski.ba\\\/index.php\\\/2021\\\/11\\\/04\\\/okrug-waterford-u-irskoj-997-cijepljenih-a-stopa-zaraze-je-druga-najveca-u-zemlji\\\/\"},\"author\":{\"name\":\"Radio Ljubu\u0161ki\",\"@id\":\"https:\\\/\\\/radioljubuski.ba\\\/#\\\/schema\\\/person\\\/19fc700381a780f69665d7956c469e3b\"},\"headline\":\"Okrug Waterford u Irskoj: 99,7% cijepljenih, a stopa zaraze je druga najve\u0107a u zemlji!\",\"datePublished\":\"2021-11-04T13:03:39+00:00\",\"dateModified\":\"2021-11-04T13:03:40+00:00\",\"mainEntityOfPage\":{\"@id\":\"https:\\\/\\\/radioljubuski.ba\\\/index.php\\\/2021\\\/11\\\/04\\\/okrug-waterford-u-irskoj-997-cijepljenih-a-stopa-zaraze-je-druga-najveca-u-zemlji\\\/\"},\"wordCount\":589,\"publisher\":{\"@id\":\"https:\\\/\\\/radioljubuski.ba\\\/#organization\"},\"image\":{\"@id\":\"https:\\\/\\\/radioljubuski.ba\\\/index.php\\\/2021\\\/11\\\/04\\\/okrug-waterford-u-irskoj-997-cijepljenih-a-stopa-zaraze-je-druga-najveca-u-zemlji\\\/#primaryimage\"},\"thumbnailUrl\":\"https:\\\/\\\/radioljubuski.ba\\\/wp-content\\\/uploads\\\/2021\\\/11\\\/HN20210628097528-1-696x515-1.jpg\",\"articleSection\":[\"BIH i regija\"],\"inLanguage\":\"hr\"},{\"@type\":\"WebPage\",\"@id\":\"https:\\\/\\\/radioljubuski.ba\\\/index.php\\\/2021\\\/11\\\/04\\\/okrug-waterford-u-irskoj-997-cijepljenih-a-stopa-zaraze-je-druga-najveca-u-zemlji\\\/\",\"url\":\"https:\\\/\\\/radioljubuski.ba\\\/index.php\\\/2021\\\/11\\\/04\\\/okrug-waterford-u-irskoj-997-cijepljenih-a-stopa-zaraze-je-druga-najveca-u-zemlji\\\/\",\"name\":\"Okrug Waterford u Irskoj: 99,7% cijepljenih, a stopa zaraze je druga najve\u0107a u zemlji! - RADIO LJUBU\u0160KI\",\"isPartOf\":{\"@id\":\"https:\\\/\\\/radioljubuski.ba\\\/#website\"},\"primaryImageOfPage\":{\"@id\":\"https:\\\/\\\/radioljubuski.ba\\\/index.php\\\/2021\\\/11\\\/04\\\/okrug-waterford-u-irskoj-997-cijepljenih-a-stopa-zaraze-je-druga-najveca-u-zemlji\\\/#primaryimage\"},\"image\":{\"@id\":\"https:\\\/\\\/radioljubuski.ba\\\/index.php\\\/2021\\\/11\\\/04\\\/okrug-waterford-u-irskoj-997-cijepljenih-a-stopa-zaraze-je-druga-najveca-u-zemlji\\\/#primaryimage\"},\"thumbnailUrl\":\"https:\\\/\\\/radioljubuski.ba\\\/wp-content\\\/uploads\\\/2021\\\/11\\\/HN20210628097528-1-696x515-1.jpg\",\"datePublished\":\"2021-11-04T13:03:39+00:00\",\"dateModified\":\"2021-11-04T13:03:40+00:00\",\"breadcrumb\":{\"@id\":\"https:\\\/\\\/radioljubuski.ba\\\/index.php\\\/2021\\\/11\\\/04\\\/okrug-waterford-u-irskoj-997-cijepljenih-a-stopa-zaraze-je-druga-najveca-u-zemlji\\\/#breadcrumb\"},\"inLanguage\":\"hr\",\"potentialAction\":[{\"@type\":\"ReadAction\",\"target\":[\"https:\\\/\\\/radioljubuski.ba\\\/index.php\\\/2021\\\/11\\\/04\\\/okrug-waterford-u-irskoj-997-cijepljenih-a-stopa-zaraze-je-druga-najveca-u-zemlji\\\/\"]}]},{\"@type\":\"ImageObject\",\"inLanguage\":\"hr\",\"@id\":\"https:\\\/\\\/radioljubuski.ba\\\/index.php\\\/2021\\\/11\\\/04\\\/okrug-waterford-u-irskoj-997-cijepljenih-a-stopa-zaraze-je-druga-najveca-u-zemlji\\\/#primaryimage\",\"url\":\"https:\\\/\\\/radioljubuski.ba\\\/wp-content\\\/uploads\\\/2021\\\/11\\\/HN20210628097528-1-696x515-1.jpg\",\"contentUrl\":\"https:\\\/\\\/radioljubuski.ba\\\/wp-content\\\/uploads\\\/2021\\\/11\\\/HN20210628097528-1-696x515-1.jpg\",\"width\":696,\"height\":515},{\"@type\":\"BreadcrumbList\",\"@id\":\"https:\\\/\\\/radioljubuski.ba\\\/index.php\\\/2021\\\/11\\\/04\\\/okrug-waterford-u-irskoj-997-cijepljenih-a-stopa-zaraze-je-druga-najveca-u-zemlji\\\/#breadcrumb\",\"itemListElement\":[{\"@type\":\"ListItem\",\"position\":1,\"name\":\"Po\u010detna stranica\",\"item\":\"https:\\\/\\\/radioljubuski.ba\\\/\"},{\"@type\":\"ListItem\",\"position\":2,\"name\":\"Okrug Waterford u Irskoj: 99,7% cijepljenih, a stopa zaraze je druga najve\u0107a u zemlji!\"}]},{\"@type\":\"WebSite\",\"@id\":\"https:\\\/\\\/radioljubuski.ba\\\/#website\",\"url\":\"https:\\\/\\\/radioljubuski.ba\\\/\",\"name\":\"Radio Ljubu\u0161ki\",\"description\":\"Sun\u010dana frekvencija Hercegovine\",\"publisher\":{\"@id\":\"https:\\\/\\\/radioljubuski.ba\\\/#organization\"},\"potentialAction\":[{\"@type\":\"SearchAction\",\"target\":{\"@type\":\"EntryPoint\",\"urlTemplate\":\"https:\\\/\\\/radioljubuski.ba\\\/?s={search_term_string}\"},\"query-input\":{\"@type\":\"PropertyValueSpecification\",\"valueRequired\":true,\"valueName\":\"search_term_string\"}}],\"inLanguage\":\"hr\"},{\"@type\":\"Organization\",\"@id\":\"https:\\\/\\\/radioljubuski.ba\\\/#organization\",\"name\":\"Radio Ljubu\u0161ki\",\"url\":\"https:\\\/\\\/radioljubuski.ba\\\/\",\"logo\":{\"@type\":\"ImageObject\",\"inLanguage\":\"hr\",\"@id\":\"https:\\\/\\\/radioljubuski.ba\\\/#\\\/schema\\\/logo\\\/image\\\/\",\"url\":\"https:\\\/\\\/radioljubuski.ba\\\/wp-content\\\/uploads\\\/2021\\\/02\\\/cropped-Radio_Ljubuski_logo1.jpg\",\"contentUrl\":\"https:\\\/\\\/radioljubuski.ba\\\/wp-content\\\/uploads\\\/2021\\\/02\\\/cropped-Radio_Ljubuski_logo1.jpg\",\"width\":512,\"height\":512,\"caption\":\"Radio Ljubu\u0161ki\"},\"image\":{\"@id\":\"https:\\\/\\\/radioljubuski.ba\\\/#\\\/schema\\\/logo\\\/image\\\/\"},\"sameAs\":[\"https:\\\/\\\/www.facebook.com\\\/Radiio-Ljubuski-1490835324566332\",\"https:\\\/\\\/x.com\\\/radioljubuski\",\"https:\\\/\\\/hr.linkedin.com\\\/company\\\/radio-ljubuski\",\"https:\\\/\\\/www.youtube.com\\\/channel\\\/UCHYaeO_n0Db3tjNGudGpXyw\"]},{\"@type\":\"Person\",\"@id\":\"https:\\\/\\\/radioljubuski.ba\\\/#\\\/schema\\\/person\\\/19fc700381a780f69665d7956c469e3b\",\"name\":\"Radio Ljubu\u0161ki\"}]}<\/script>\n<!-- \/ Yoast SEO plugin. -->","yoast_head_json":{"title":"Okrug Waterford u Irskoj: 99,7% cijepljenih, a stopa zaraze je druga najve\u0107a u zemlji! - RADIO LJUBU\u0160KI","robots":{"index":"index","follow":"follow","max-snippet":"max-snippet:-1","max-image-preview":"max-image-preview:large","max-video-preview":"max-video-preview:-1"},"canonical":"https:\/\/radioljubuski.ba\/index.php\/2021\/11\/04\/okrug-waterford-u-irskoj-997-cijepljenih-a-stopa-zaraze-je-druga-najveca-u-zemlji\/","og_locale":"hr_HR","og_type":"article","og_title":"Okrug Waterford u Irskoj: 99,7% cijepljenih, a stopa zaraze je druga najve\u0107a u zemlji! - RADIO LJUBU\u0160KI","og_description":"Okrug Waterford je prava enigma. Cijepljeno je \u010dak 99,7% starijih od 12 godina. A stopa \u0161irenja COVID-19 je druga najvi\u0161a u Irskoj. U Irskoj je cijepljeno 88% stanovni\u0161tva starijeg od 12 godina Irska koja ima procijepljeno 88% stanovni\u0161tva starijih od 12 godina, ima zadnja 3 mjeseca velik rast \u0161irenja zaraze. Grafikon na dnu \u010dlanka to [&hellip;]","og_url":"https:\/\/radioljubuski.ba\/index.php\/2021\/11\/04\/okrug-waterford-u-irskoj-997-cijepljenih-a-stopa-zaraze-je-druga-najveca-u-zemlji\/","og_site_name":"RADIO LJUBU\u0160KI","article_publisher":"https:\/\/www.facebook.com\/Radiio-Ljubuski-1490835324566332","article_published_time":"2021-11-04T13:03:39+00:00","article_modified_time":"2021-11-04T13:03:40+00:00","og_image":[{"width":696,"height":515,"url":"https:\/\/radioljubuski.ba\/wp-content\/uploads\/2021\/11\/HN20210628097528-1-696x515-1.jpg","type":"image\/jpeg"}],"author":"Radio Ljubu\u0161ki","twitter_card":"summary_large_image","twitter_creator":"@radioljubuski","twitter_site":"@radioljubuski","twitter_misc":{"Napisao\/la":"Radio Ljubu\u0161ki","Procijenjeno vrijeme \u010ditanja":"3 minute"},"schema":{"@context":"https:\/\/schema.org","@graph":[{"@type":"Article","@id":"https:\/\/radioljubuski.ba\/index.php\/2021\/11\/04\/okrug-waterford-u-irskoj-997-cijepljenih-a-stopa-zaraze-je-druga-najveca-u-zemlji\/#article","isPartOf":{"@id":"https:\/\/radioljubuski.ba\/index.php\/2021\/11\/04\/okrug-waterford-u-irskoj-997-cijepljenih-a-stopa-zaraze-je-druga-najveca-u-zemlji\/"},"author":{"name":"Radio Ljubu\u0161ki","@id":"https:\/\/radioljubuski.ba\/#\/schema\/person\/19fc700381a780f69665d7956c469e3b"},"headline":"Okrug Waterford u Irskoj: 99,7% cijepljenih, a stopa zaraze je druga najve\u0107a u zemlji!","datePublished":"2021-11-04T13:03:39+00:00","dateModified":"2021-11-04T13:03:40+00:00","mainEntityOfPage":{"@id":"https:\/\/radioljubuski.ba\/index.php\/2021\/11\/04\/okrug-waterford-u-irskoj-997-cijepljenih-a-stopa-zaraze-je-druga-najveca-u-zemlji\/"},"wordCount":589,"publisher":{"@id":"https:\/\/radioljubuski.ba\/#organization"},"image":{"@id":"https:\/\/radioljubuski.ba\/index.php\/2021\/11\/04\/okrug-waterford-u-irskoj-997-cijepljenih-a-stopa-zaraze-je-druga-najveca-u-zemlji\/#primaryimage"},"thumbnailUrl":"https:\/\/radioljubuski.ba\/wp-content\/uploads\/2021\/11\/HN20210628097528-1-696x515-1.jpg","articleSection":["BIH i regija"],"inLanguage":"hr"},{"@type":"WebPage","@id":"https:\/\/radioljubuski.ba\/index.php\/2021\/11\/04\/okrug-waterford-u-irskoj-997-cijepljenih-a-stopa-zaraze-je-druga-najveca-u-zemlji\/","url":"https:\/\/radioljubuski.ba\/index.php\/2021\/11\/04\/okrug-waterford-u-irskoj-997-cijepljenih-a-stopa-zaraze-je-druga-najveca-u-zemlji\/","name":"Okrug Waterford u Irskoj: 99,7% cijepljenih, a stopa zaraze je druga najve\u0107a u zemlji! - RADIO LJUBU\u0160KI","isPartOf":{"@id":"https:\/\/radioljubuski.ba\/#website"},"primaryImageOfPage":{"@id":"https:\/\/radioljubuski.ba\/index.php\/2021\/11\/04\/okrug-waterford-u-irskoj-997-cijepljenih-a-stopa-zaraze-je-druga-najveca-u-zemlji\/#primaryimage"},"image":{"@id":"https:\/\/radioljubuski.ba\/index.php\/2021\/11\/04\/okrug-waterford-u-irskoj-997-cijepljenih-a-stopa-zaraze-je-druga-najveca-u-zemlji\/#primaryimage"},"thumbnailUrl":"https:\/\/radioljubuski.ba\/wp-content\/uploads\/2021\/11\/HN20210628097528-1-696x515-1.jpg","datePublished":"2021-11-04T13:03:39+00:00","dateModified":"2021-11-04T13:03:40+00:00","breadcrumb":{"@id":"https:\/\/radioljubuski.ba\/index.php\/2021\/11\/04\/okrug-waterford-u-irskoj-997-cijepljenih-a-stopa-zaraze-je-druga-najveca-u-zemlji\/#breadcrumb"},"inLanguage":"hr","potentialAction":[{"@type":"ReadAction","target":["https:\/\/radioljubuski.ba\/index.php\/2021\/11\/04\/okrug-waterford-u-irskoj-997-cijepljenih-a-stopa-zaraze-je-druga-najveca-u-zemlji\/"]}]},{"@type":"ImageObject","inLanguage":"hr","@id":"https:\/\/radioljubuski.ba\/index.php\/2021\/11\/04\/okrug-waterford-u-irskoj-997-cijepljenih-a-stopa-zaraze-je-druga-najveca-u-zemlji\/#primaryimage","url":"https:\/\/radioljubuski.ba\/wp-content\/uploads\/2021\/11\/HN20210628097528-1-696x515-1.jpg","contentUrl":"https:\/\/radioljubuski.ba\/wp-content\/uploads\/2021\/11\/HN20210628097528-1-696x515-1.jpg","width":696,"height":515},{"@type":"BreadcrumbList","@id":"https:\/\/radioljubuski.ba\/index.php\/2021\/11\/04\/okrug-waterford-u-irskoj-997-cijepljenih-a-stopa-zaraze-je-druga-najveca-u-zemlji\/#breadcrumb","itemListElement":[{"@type":"ListItem","position":1,"name":"Po\u010detna stranica","item":"https:\/\/radioljubuski.ba\/"},{"@type":"ListItem","position":2,"name":"Okrug Waterford u Irskoj: 99,7% cijepljenih, a stopa zaraze je druga najve\u0107a u zemlji!"}]},{"@type":"WebSite","@id":"https:\/\/radioljubuski.ba\/#website","url":"https:\/\/radioljubuski.ba\/","name":"Radio Ljubu\u0161ki","description":"Sun\u010dana frekvencija Hercegovine","publisher":{"@id":"https:\/\/radioljubuski.ba\/#organization"},"potentialAction":[{"@type":"SearchAction","target":{"@type":"EntryPoint","urlTemplate":"https:\/\/radioljubuski.ba\/?s={search_term_string}"},"query-input":{"@type":"PropertyValueSpecification","valueRequired":true,"valueName":"search_term_string"}}],"inLanguage":"hr"},{"@type":"Organization","@id":"https:\/\/radioljubuski.ba\/#organization","name":"Radio Ljubu\u0161ki","url":"https:\/\/radioljubuski.ba\/","logo":{"@type":"ImageObject","inLanguage":"hr","@id":"https:\/\/radioljubuski.ba\/#\/schema\/logo\/image\/","url":"https:\/\/radioljubuski.ba\/wp-content\/uploads\/2021\/02\/cropped-Radio_Ljubuski_logo1.jpg","contentUrl":"https:\/\/radioljubuski.ba\/wp-content\/uploads\/2021\/02\/cropped-Radio_Ljubuski_logo1.jpg","width":512,"height":512,"caption":"Radio Ljubu\u0161ki"},"image":{"@id":"https:\/\/radioljubuski.ba\/#\/schema\/logo\/image\/"},"sameAs":["https:\/\/www.facebook.com\/Radiio-Ljubuski-1490835324566332","https:\/\/x.com\/radioljubuski","https:\/\/hr.linkedin.com\/company\/radio-ljubuski","https:\/\/www.youtube.com\/channel\/UCHYaeO_n0Db3tjNGudGpXyw"]},{"@type":"Person","@id":"https:\/\/radioljubuski.ba\/#\/schema\/person\/19fc700381a780f69665d7956c469e3b","name":"Radio Ljubu\u0161ki"}]}},"_links":{"self":[{"href":"https:\/\/radioljubuski.ba\/index.php\/wp-json\/wp\/v2\/posts\/84928","targetHints":{"allow":["GET"]}}],"collection":[{"href":"https:\/\/radioljubuski.ba\/index.php\/wp-json\/wp\/v2\/posts"}],"about":[{"href":"https:\/\/radioljubuski.ba\/index.php\/wp-json\/wp\/v2\/types\/post"}],"author":[{"embeddable":true,"href":"https:\/\/radioljubuski.ba\/index.php\/wp-json\/wp\/v2\/users\/2"}],"replies":[{"embeddable":true,"href":"https:\/\/radioljubuski.ba\/index.php\/wp-json\/wp\/v2\/comments?post=84928"}],"version-history":[{"count":1,"href":"https:\/\/radioljubuski.ba\/index.php\/wp-json\/wp\/v2\/posts\/84928\/revisions"}],"predecessor-version":[{"id":84930,"href":"https:\/\/radioljubuski.ba\/index.php\/wp-json\/wp\/v2\/posts\/84928\/revisions\/84930"}],"wp:featuredmedia":[{"embeddable":true,"href":"https:\/\/radioljubuski.ba\/index.php\/wp-json\/wp\/v2\/media\/84929"}],"wp:attachment":[{"href":"https:\/\/radioljubuski.ba\/index.php\/wp-json\/wp\/v2\/media?parent=84928"}],"wp:term":[{"taxonomy":"category","embeddable":true,"href":"https:\/\/radioljubuski.ba\/index.php\/wp-json\/wp\/v2\/categories?post=84928"},{"taxonomy":"post_tag","embeddable":true,"href":"https:\/\/radioljubuski.ba\/index.php\/wp-json\/wp\/v2\/tags?post=84928"}],"curies":[{"name":"wp","href":"https:\/\/api.w.org\/{rel}","templated":true}]}}