{"id":84931,"date":"2021-11-04T14:05:53","date_gmt":"2021-11-04T13:05:53","guid":{"rendered":"https:\/\/radioljubuski.ba\/?p=84931"},"modified":"2021-11-04T14:05:53","modified_gmt":"2021-11-04T13:05:53","slug":"seksualno-nasilje-na-akademiji-dramske-umjetnosti-suspendirali-dva-zaposlenika","status":"publish","type":"post","link":"https:\/\/radioljubuski.ba\/index.php\/2021\/11\/04\/seksualno-nasilje-na-akademiji-dramske-umjetnosti-suspendirali-dva-zaposlenika\/","title":{"rendered":"Seksualno nasilje na Akademiji dramske umjetnosti: Suspendirali dva zaposlenika"},"content":{"rendered":"\n<p>Nakon \u0161to je u sije\u010dnju 2021. godine stiglo 27 prijava za seksualno uznemiravanje studentica i studenata i udaljen jedan profesor s nastave, <strong>novi dekan Akademije dramske umjetnosti, Davor \u0160vai\u0107 suspendirao je jo\u0161 dva djelatnika<\/strong>, javlja <a href=\"https:\/\/www.24sata.hr\/news\/seksualno-nasilje-na-akademiji-suspendirali-dva-zaposlenika-jedan-htio-silovati-studenticu-794266\" target=\"_blank\" rel=\"noreferrer noopener\">24sata<\/a>.<\/p>\n\n\n\n<h3 class=\"wp-block-heading\"><strong>Ove akademske godine dvije nove prijave<\/strong><\/h3>\n\n\n\n<p>Dekan \u0160vai\u0107 privremeno je suspendirao dvoje djelatnika ADU-a, tj. odlu\u010dio je o privremenom prestanku obavljanja dijela radnih obaveza koje uklju\u010duju kontakt sa studentima Akademije dramske umjetnosti za dva zaposlenika za koje su proteklog tjedna zaprimljene nove prijave.<\/p>\n\n\n\n<p>Dokumentacija o dva nova slu\u010daja dostavljena je&nbsp;<strong>Op\u0107inskom dr\u017eavnom odvjetni\u0161tvu<\/strong>&nbsp;i<strong>&nbsp;Pravobraniteljici za ravnopravnost spolova<\/strong>.<\/p>\n\n\n\n<h3 class=\"wp-block-heading\"><strong>Razotkriven jedan od dvojice suspendiranih<\/strong><\/h3>\n\n\n\n<p>Dekan \u0160vai\u0107 donio je pro\u0161log tjedna odluku kojom se \u201c<strong>Ozrenu Prohi\u0107u<\/strong> privremeno odre\u0111uje prestanak obavljanja dijela radnih obaveza koje uklju\u010duju kontakt sa studentima Akademije dramskih umjetnosti\u201d, a odluka \u201costaje na snazi do okon\u010danja postupka nadle\u017enih tijela ili do opoziva\u201d.<\/p>\n\n\n\n<p>Dokument koji to potvr\u0111uje, a u \u010dijem je posjedu <a href=\"https:\/\/www.jutarnji.hr\/vijesti\/hrvatska\/otkrivamo-tko-je-jedan-od-dvojice-suspendiranih-profesora-na-akademiji-dramske-umjetnosti-15116207\">Jutarnjeg lista<\/a>, poslan je na 28 adresa.<\/p>\n\n\n\n<p>Sam dekan \u0160vai\u0107 u srijedu je potvrdio kako je \u201cPovjerenstvo za provo\u0111enje unutarnje istrage o utemeljenosti prijava za spolno uznemiravanje, zlostavljanje, kr\u0161enja na\u010dela ravnopravnosti spolova te povezanih oblika diskriminacije i uznemiravanja u teku\u0107oj akademskoj godini zaprimilo dvije nove prijave\u201d.<\/p>\n\n\n\n<p>Dalje, rekao je kako je \u201cprema preporukama Povjerenstva u oba slu\u010daja donio odluke o privremenom prestanku obavljanja dijela radnih obaveza koje uklju\u010duju kontakt sa studentima Akademije dramske umjetnosti\u201d te je dodao kako su o slu\u010dajevima obavije\u0161tene nadle\u017ene dr\u017eavne institucije.<\/p>\n\n\n\n<h3 class=\"wp-block-heading\"><strong>Veliki broj prijava za spolno uznemiravanje<\/strong><\/h3>\n\n\n\n<p>Akademija dramske umjetnosti u Zagrebu na glasu je ve\u0107 gotovo godinu dana kao fakultet s velikim brojem prijava <strong>spolnog uznemiravanja u okviru odnosa profesor \u2013 student. <\/strong>Nova je akademska godina zapo\u010dela prije svega mjesec dana, a dekan \u0160vai\u0107 ve\u0107 je suspendirao dvoje djelatnika zbog seksualnog uznemiravanja studentica.<\/p>\n\n\n\n<p>Nakon 18. sije\u010dnja 2021. kada su po\u010dele stizati prijave studentica za seksualno uznemiravanje, dva dana nakon osnovana je <strong>Radna skupina za prikupljanje podataka o eventualnim slu\u010dajevima zlostavljanja <\/strong>\u010diji je zadatak nadzirati kr\u0161enje prava ravnopravnosti spolova te povezanih oblika uznemiravanja i diskriminacije nad studentima i studenticama Akademije dramske umjetnosti.<\/p>\n\n\n\n<p>Akademijsko vije\u0107e Akademije 4. velja\u010de 2021. godine donijelo je odluku i o <strong>osnivanju Povjerenstva za provo\u0111enje postupka unutarnje istrage. <\/strong>Povjerenstvo je provodilo unutarnje istrage o utemeljenosti prijava studentica za zlostavljanje, spolno uznemiravanje, diskriminiranje po osnovi ravnopravnosti spolova.<\/p>\n\n\n\n<p>Sve prijave odvijaju se online formularom.<\/p>\n\n\n\n<p>U sastavu te radne skupine su biv\u0161a dekanica ADU-a <strong>izv. prof. art. Franka Perkovi\u0107 Gamulin, doc. art. Zvonimir Juri\u0107, doc. art. Hana Ju\u0161i\u0107, doc. art. Jasna \u017dmak<\/strong>&nbsp;te&nbsp;<strong>Martina Marasovi\u0107<\/strong>, predstavnica Studentskog zbora ADU-a.<\/p>\n\n\n\n<p>Podsjetimo, jo\u0161 u sije\u010dnju ove godine saborska zastupnica Marija Selak Raspudi\u0107 kazala je da unato\u010d tome \u0161to je za\u0161tita od spolnog uznemiravanja u na\u0161em zakonodavstvu osigurana kroz vi\u0161e zakona i propisa, poput Zakona o radu, Zakona o ravnopravnosti spolova, Zakona o suzbijanju diskriminacije, Kaznenog zakona, njihovo implementiranje u praksi i dalje je nepremostiv problem.<\/p>\n\n\n\n<p>Biv\u0161a Dekanica ADU-a, Franka Perkovi\u0107 Gamulin, za vrijeme obna\u0161anja svoga polo\u017eaja, rekla je da nijedna osoba nije suspendirana jer nemaju taj mehanizam, ali da je tada jedna osoba udaljena s nastave.<\/p>\n\n\n\n<p><em>Izvor: narod.hr<\/em><\/p>\n","protected":false},"excerpt":{"rendered":"<p>Nakon \u0161to je u sije\u010dnju 2021. godine stiglo 27 prijava za seksualno uznemiravanje studentica i studenata i udaljen jedan profesor s nastave, novi dekan Akademije dramske umjetnosti, Davor \u0160vai\u0107 suspendirao je jo\u0161 dva djelatnika, javlja 24sata. Ove akademske godine dvije nove prijave Dekan \u0160vai\u0107 privremeno je suspendirao dvoje djelatnika ADU-a, tj. odlu\u010dio je o privremenom [&hellip;]<\/p>\n","protected":false},"author":2,"featured_media":84933,"comment_status":"closed","ping_status":"closed","sticky":false,"template":"","format":"standard","meta":{"h5ap_radio_sources":[],"footnotes":""},"categories":[1],"tags":[],"class_list":["post-84931","post","type-post","status-publish","format-standard","has-post-thumbnail","hentry","category-bihiregija"],"yoast_head":"<!-- This site is optimized with the Yoast SEO plugin v27.5 - https:\/\/yoast.com\/product\/yoast-seo-wordpress\/ -->\n<title>Seksualno nasilje na Akademiji dramske umjetnosti: Suspendirali dva zaposlenika - RADIO LJUBU\u0160KI<\/title>\n<meta name=\"robots\" content=\"index, follow, max-snippet:-1, max-image-preview:large, max-video-preview:-1\" \/>\n<link rel=\"canonical\" href=\"https:\/\/radioljubuski.ba\/index.php\/2021\/11\/04\/seksualno-nasilje-na-akademiji-dramske-umjetnosti-suspendirali-dva-zaposlenika\/\" \/>\n<meta property=\"og:locale\" content=\"hr_HR\" \/>\n<meta property=\"og:type\" content=\"article\" \/>\n<meta property=\"og:title\" content=\"Seksualno nasilje na Akademiji dramske umjetnosti: Suspendirali dva zaposlenika - RADIO LJUBU\u0160KI\" \/>\n<meta property=\"og:description\" content=\"Nakon \u0161to je u sije\u010dnju 2021. godine stiglo 27 prijava za seksualno uznemiravanje studentica i studenata i udaljen jedan profesor s nastave, novi dekan Akademije dramske umjetnosti, Davor \u0160vai\u0107 suspendirao je jo\u0161 dva djelatnika, javlja 24sata. Ove akademske godine dvije nove prijave Dekan \u0160vai\u0107 privremeno je suspendirao dvoje djelatnika ADU-a, tj. odlu\u010dio je o privremenom [&hellip;]\" \/>\n<meta property=\"og:url\" content=\"https:\/\/radioljubuski.ba\/index.php\/2021\/11\/04\/seksualno-nasilje-na-akademiji-dramske-umjetnosti-suspendirali-dva-zaposlenika\/\" \/>\n<meta property=\"og:site_name\" content=\"RADIO LJUBU\u0160KI\" \/>\n<meta property=\"article:publisher\" content=\"https:\/\/www.facebook.com\/Radiio-Ljubuski-1490835324566332\" \/>\n<meta property=\"article:published_time\" content=\"2021-11-04T13:05:53+00:00\" \/>\n<meta property=\"og:image\" content=\"https:\/\/radioljubuski.ba\/wp-content\/uploads\/2021\/11\/FotoJet-7-696x460-1.jpg\" \/>\n\t<meta property=\"og:image:width\" content=\"696\" \/>\n\t<meta property=\"og:image:height\" content=\"460\" \/>\n\t<meta property=\"og:image:type\" content=\"image\/jpeg\" \/>\n<meta name=\"author\" content=\"Radio Ljubu\u0161ki\" \/>\n<meta name=\"twitter:card\" content=\"summary_large_image\" \/>\n<meta name=\"twitter:creator\" content=\"@radioljubuski\" \/>\n<meta name=\"twitter:site\" content=\"@radioljubuski\" \/>\n<meta name=\"twitter:label1\" content=\"Napisao\/la\" \/>\n\t<meta name=\"twitter:data1\" content=\"Radio Ljubu\u0161ki\" \/>\n\t<meta name=\"twitter:label2\" content=\"Procijenjeno vrijeme \u010ditanja\" \/>\n\t<meta name=\"twitter:data2\" content=\"3 minute\" \/>\n<script type=\"application\/ld+json\" class=\"yoast-schema-graph\">{\"@context\":\"https:\\\/\\\/schema.org\",\"@graph\":[{\"@type\":\"Article\",\"@id\":\"https:\\\/\\\/radioljubuski.ba\\\/index.php\\\/2021\\\/11\\\/04\\\/seksualno-nasilje-na-akademiji-dramske-umjetnosti-suspendirali-dva-zaposlenika\\\/#article\",\"isPartOf\":{\"@id\":\"https:\\\/\\\/radioljubuski.ba\\\/index.php\\\/2021\\\/11\\\/04\\\/seksualno-nasilje-na-akademiji-dramske-umjetnosti-suspendirali-dva-zaposlenika\\\/\"},\"author\":{\"name\":\"Radio Ljubu\u0161ki\",\"@id\":\"https:\\\/\\\/radioljubuski.ba\\\/#\\\/schema\\\/person\\\/19fc700381a780f69665d7956c469e3b\"},\"headline\":\"Seksualno nasilje na Akademiji dramske umjetnosti: Suspendirali dva zaposlenika\",\"datePublished\":\"2021-11-04T13:05:53+00:00\",\"mainEntityOfPage\":{\"@id\":\"https:\\\/\\\/radioljubuski.ba\\\/index.php\\\/2021\\\/11\\\/04\\\/seksualno-nasilje-na-akademiji-dramske-umjetnosti-suspendirali-dva-zaposlenika\\\/\"},\"wordCount\":545,\"publisher\":{\"@id\":\"https:\\\/\\\/radioljubuski.ba\\\/#organization\"},\"image\":{\"@id\":\"https:\\\/\\\/radioljubuski.ba\\\/index.php\\\/2021\\\/11\\\/04\\\/seksualno-nasilje-na-akademiji-dramske-umjetnosti-suspendirali-dva-zaposlenika\\\/#primaryimage\"},\"thumbnailUrl\":\"https:\\\/\\\/radioljubuski.ba\\\/wp-content\\\/uploads\\\/2021\\\/11\\\/FotoJet-7-696x460-1.jpg\",\"articleSection\":[\"BIH i regija\"],\"inLanguage\":\"hr\"},{\"@type\":\"WebPage\",\"@id\":\"https:\\\/\\\/radioljubuski.ba\\\/index.php\\\/2021\\\/11\\\/04\\\/seksualno-nasilje-na-akademiji-dramske-umjetnosti-suspendirali-dva-zaposlenika\\\/\",\"url\":\"https:\\\/\\\/radioljubuski.ba\\\/index.php\\\/2021\\\/11\\\/04\\\/seksualno-nasilje-na-akademiji-dramske-umjetnosti-suspendirali-dva-zaposlenika\\\/\",\"name\":\"Seksualno nasilje na Akademiji dramske umjetnosti: Suspendirali dva zaposlenika - RADIO LJUBU\u0160KI\",\"isPartOf\":{\"@id\":\"https:\\\/\\\/radioljubuski.ba\\\/#website\"},\"primaryImageOfPage\":{\"@id\":\"https:\\\/\\\/radioljubuski.ba\\\/index.php\\\/2021\\\/11\\\/04\\\/seksualno-nasilje-na-akademiji-dramske-umjetnosti-suspendirali-dva-zaposlenika\\\/#primaryimage\"},\"image\":{\"@id\":\"https:\\\/\\\/radioljubuski.ba\\\/index.php\\\/2021\\\/11\\\/04\\\/seksualno-nasilje-na-akademiji-dramske-umjetnosti-suspendirali-dva-zaposlenika\\\/#primaryimage\"},\"thumbnailUrl\":\"https:\\\/\\\/radioljubuski.ba\\\/wp-content\\\/uploads\\\/2021\\\/11\\\/FotoJet-7-696x460-1.jpg\",\"datePublished\":\"2021-11-04T13:05:53+00:00\",\"breadcrumb\":{\"@id\":\"https:\\\/\\\/radioljubuski.ba\\\/index.php\\\/2021\\\/11\\\/04\\\/seksualno-nasilje-na-akademiji-dramske-umjetnosti-suspendirali-dva-zaposlenika\\\/#breadcrumb\"},\"inLanguage\":\"hr\",\"potentialAction\":[{\"@type\":\"ReadAction\",\"target\":[\"https:\\\/\\\/radioljubuski.ba\\\/index.php\\\/2021\\\/11\\\/04\\\/seksualno-nasilje-na-akademiji-dramske-umjetnosti-suspendirali-dva-zaposlenika\\\/\"]}]},{\"@type\":\"ImageObject\",\"inLanguage\":\"hr\",\"@id\":\"https:\\\/\\\/radioljubuski.ba\\\/index.php\\\/2021\\\/11\\\/04\\\/seksualno-nasilje-na-akademiji-dramske-umjetnosti-suspendirali-dva-zaposlenika\\\/#primaryimage\",\"url\":\"https:\\\/\\\/radioljubuski.ba\\\/wp-content\\\/uploads\\\/2021\\\/11\\\/FotoJet-7-696x460-1.jpg\",\"contentUrl\":\"https:\\\/\\\/radioljubuski.ba\\\/wp-content\\\/uploads\\\/2021\\\/11\\\/FotoJet-7-696x460-1.jpg\",\"width\":696,\"height\":460},{\"@type\":\"BreadcrumbList\",\"@id\":\"https:\\\/\\\/radioljubuski.ba\\\/index.php\\\/2021\\\/11\\\/04\\\/seksualno-nasilje-na-akademiji-dramske-umjetnosti-suspendirali-dva-zaposlenika\\\/#breadcrumb\",\"itemListElement\":[{\"@type\":\"ListItem\",\"position\":1,\"name\":\"Po\u010detna stranica\",\"item\":\"https:\\\/\\\/radioljubuski.ba\\\/\"},{\"@type\":\"ListItem\",\"position\":2,\"name\":\"Seksualno nasilje na Akademiji dramske umjetnosti: Suspendirali dva zaposlenika\"}]},{\"@type\":\"WebSite\",\"@id\":\"https:\\\/\\\/radioljubuski.ba\\\/#website\",\"url\":\"https:\\\/\\\/radioljubuski.ba\\\/\",\"name\":\"Radio Ljubu\u0161ki\",\"description\":\"Sun\u010dana frekvencija Hercegovine\",\"publisher\":{\"@id\":\"https:\\\/\\\/radioljubuski.ba\\\/#organization\"},\"potentialAction\":[{\"@type\":\"SearchAction\",\"target\":{\"@type\":\"EntryPoint\",\"urlTemplate\":\"https:\\\/\\\/radioljubuski.ba\\\/?s={search_term_string}\"},\"query-input\":{\"@type\":\"PropertyValueSpecification\",\"valueRequired\":true,\"valueName\":\"search_term_string\"}}],\"inLanguage\":\"hr\"},{\"@type\":\"Organization\",\"@id\":\"https:\\\/\\\/radioljubuski.ba\\\/#organization\",\"name\":\"Radio Ljubu\u0161ki\",\"url\":\"https:\\\/\\\/radioljubuski.ba\\\/\",\"logo\":{\"@type\":\"ImageObject\",\"inLanguage\":\"hr\",\"@id\":\"https:\\\/\\\/radioljubuski.ba\\\/#\\\/schema\\\/logo\\\/image\\\/\",\"url\":\"https:\\\/\\\/radioljubuski.ba\\\/wp-content\\\/uploads\\\/2021\\\/02\\\/cropped-Radio_Ljubuski_logo1.jpg\",\"contentUrl\":\"https:\\\/\\\/radioljubuski.ba\\\/wp-content\\\/uploads\\\/2021\\\/02\\\/cropped-Radio_Ljubuski_logo1.jpg\",\"width\":512,\"height\":512,\"caption\":\"Radio Ljubu\u0161ki\"},\"image\":{\"@id\":\"https:\\\/\\\/radioljubuski.ba\\\/#\\\/schema\\\/logo\\\/image\\\/\"},\"sameAs\":[\"https:\\\/\\\/www.facebook.com\\\/Radiio-Ljubuski-1490835324566332\",\"https:\\\/\\\/x.com\\\/radioljubuski\",\"https:\\\/\\\/hr.linkedin.com\\\/company\\\/radio-ljubuski\",\"https:\\\/\\\/www.youtube.com\\\/channel\\\/UCHYaeO_n0Db3tjNGudGpXyw\"]},{\"@type\":\"Person\",\"@id\":\"https:\\\/\\\/radioljubuski.ba\\\/#\\\/schema\\\/person\\\/19fc700381a780f69665d7956c469e3b\",\"name\":\"Radio Ljubu\u0161ki\"}]}<\/script>\n<!-- \/ Yoast SEO plugin. -->","yoast_head_json":{"title":"Seksualno nasilje na Akademiji dramske umjetnosti: Suspendirali dva zaposlenika - RADIO LJUBU\u0160KI","robots":{"index":"index","follow":"follow","max-snippet":"max-snippet:-1","max-image-preview":"max-image-preview:large","max-video-preview":"max-video-preview:-1"},"canonical":"https:\/\/radioljubuski.ba\/index.php\/2021\/11\/04\/seksualno-nasilje-na-akademiji-dramske-umjetnosti-suspendirali-dva-zaposlenika\/","og_locale":"hr_HR","og_type":"article","og_title":"Seksualno nasilje na Akademiji dramske umjetnosti: Suspendirali dva zaposlenika - RADIO LJUBU\u0160KI","og_description":"Nakon \u0161to je u sije\u010dnju 2021. godine stiglo 27 prijava za seksualno uznemiravanje studentica i studenata i udaljen jedan profesor s nastave, novi dekan Akademije dramske umjetnosti, Davor \u0160vai\u0107 suspendirao je jo\u0161 dva djelatnika, javlja 24sata. Ove akademske godine dvije nove prijave Dekan \u0160vai\u0107 privremeno je suspendirao dvoje djelatnika ADU-a, tj. odlu\u010dio je o privremenom [&hellip;]","og_url":"https:\/\/radioljubuski.ba\/index.php\/2021\/11\/04\/seksualno-nasilje-na-akademiji-dramske-umjetnosti-suspendirali-dva-zaposlenika\/","og_site_name":"RADIO LJUBU\u0160KI","article_publisher":"https:\/\/www.facebook.com\/Radiio-Ljubuski-1490835324566332","article_published_time":"2021-11-04T13:05:53+00:00","og_image":[{"width":696,"height":460,"url":"https:\/\/radioljubuski.ba\/wp-content\/uploads\/2021\/11\/FotoJet-7-696x460-1.jpg","type":"image\/jpeg"}],"author":"Radio Ljubu\u0161ki","twitter_card":"summary_large_image","twitter_creator":"@radioljubuski","twitter_site":"@radioljubuski","twitter_misc":{"Napisao\/la":"Radio Ljubu\u0161ki","Procijenjeno vrijeme \u010ditanja":"3 minute"},"schema":{"@context":"https:\/\/schema.org","@graph":[{"@type":"Article","@id":"https:\/\/radioljubuski.ba\/index.php\/2021\/11\/04\/seksualno-nasilje-na-akademiji-dramske-umjetnosti-suspendirali-dva-zaposlenika\/#article","isPartOf":{"@id":"https:\/\/radioljubuski.ba\/index.php\/2021\/11\/04\/seksualno-nasilje-na-akademiji-dramske-umjetnosti-suspendirali-dva-zaposlenika\/"},"author":{"name":"Radio Ljubu\u0161ki","@id":"https:\/\/radioljubuski.ba\/#\/schema\/person\/19fc700381a780f69665d7956c469e3b"},"headline":"Seksualno nasilje na Akademiji dramske umjetnosti: Suspendirali dva zaposlenika","datePublished":"2021-11-04T13:05:53+00:00","mainEntityOfPage":{"@id":"https:\/\/radioljubuski.ba\/index.php\/2021\/11\/04\/seksualno-nasilje-na-akademiji-dramske-umjetnosti-suspendirali-dva-zaposlenika\/"},"wordCount":545,"publisher":{"@id":"https:\/\/radioljubuski.ba\/#organization"},"image":{"@id":"https:\/\/radioljubuski.ba\/index.php\/2021\/11\/04\/seksualno-nasilje-na-akademiji-dramske-umjetnosti-suspendirali-dva-zaposlenika\/#primaryimage"},"thumbnailUrl":"https:\/\/radioljubuski.ba\/wp-content\/uploads\/2021\/11\/FotoJet-7-696x460-1.jpg","articleSection":["BIH i regija"],"inLanguage":"hr"},{"@type":"WebPage","@id":"https:\/\/radioljubuski.ba\/index.php\/2021\/11\/04\/seksualno-nasilje-na-akademiji-dramske-umjetnosti-suspendirali-dva-zaposlenika\/","url":"https:\/\/radioljubuski.ba\/index.php\/2021\/11\/04\/seksualno-nasilje-na-akademiji-dramske-umjetnosti-suspendirali-dva-zaposlenika\/","name":"Seksualno nasilje na Akademiji dramske umjetnosti: Suspendirali dva zaposlenika - RADIO LJUBU\u0160KI","isPartOf":{"@id":"https:\/\/radioljubuski.ba\/#website"},"primaryImageOfPage":{"@id":"https:\/\/radioljubuski.ba\/index.php\/2021\/11\/04\/seksualno-nasilje-na-akademiji-dramske-umjetnosti-suspendirali-dva-zaposlenika\/#primaryimage"},"image":{"@id":"https:\/\/radioljubuski.ba\/index.php\/2021\/11\/04\/seksualno-nasilje-na-akademiji-dramske-umjetnosti-suspendirali-dva-zaposlenika\/#primaryimage"},"thumbnailUrl":"https:\/\/radioljubuski.ba\/wp-content\/uploads\/2021\/11\/FotoJet-7-696x460-1.jpg","datePublished":"2021-11-04T13:05:53+00:00","breadcrumb":{"@id":"https:\/\/radioljubuski.ba\/index.php\/2021\/11\/04\/seksualno-nasilje-na-akademiji-dramske-umjetnosti-suspendirali-dva-zaposlenika\/#breadcrumb"},"inLanguage":"hr","potentialAction":[{"@type":"ReadAction","target":["https:\/\/radioljubuski.ba\/index.php\/2021\/11\/04\/seksualno-nasilje-na-akademiji-dramske-umjetnosti-suspendirali-dva-zaposlenika\/"]}]},{"@type":"ImageObject","inLanguage":"hr","@id":"https:\/\/radioljubuski.ba\/index.php\/2021\/11\/04\/seksualno-nasilje-na-akademiji-dramske-umjetnosti-suspendirali-dva-zaposlenika\/#primaryimage","url":"https:\/\/radioljubuski.ba\/wp-content\/uploads\/2021\/11\/FotoJet-7-696x460-1.jpg","contentUrl":"https:\/\/radioljubuski.ba\/wp-content\/uploads\/2021\/11\/FotoJet-7-696x460-1.jpg","width":696,"height":460},{"@type":"BreadcrumbList","@id":"https:\/\/radioljubuski.ba\/index.php\/2021\/11\/04\/seksualno-nasilje-na-akademiji-dramske-umjetnosti-suspendirali-dva-zaposlenika\/#breadcrumb","itemListElement":[{"@type":"ListItem","position":1,"name":"Po\u010detna stranica","item":"https:\/\/radioljubuski.ba\/"},{"@type":"ListItem","position":2,"name":"Seksualno nasilje na Akademiji dramske umjetnosti: Suspendirali dva zaposlenika"}]},{"@type":"WebSite","@id":"https:\/\/radioljubuski.ba\/#website","url":"https:\/\/radioljubuski.ba\/","name":"Radio Ljubu\u0161ki","description":"Sun\u010dana frekvencija Hercegovine","publisher":{"@id":"https:\/\/radioljubuski.ba\/#organization"},"potentialAction":[{"@type":"SearchAction","target":{"@type":"EntryPoint","urlTemplate":"https:\/\/radioljubuski.ba\/?s={search_term_string}"},"query-input":{"@type":"PropertyValueSpecification","valueRequired":true,"valueName":"search_term_string"}}],"inLanguage":"hr"},{"@type":"Organization","@id":"https:\/\/radioljubuski.ba\/#organization","name":"Radio Ljubu\u0161ki","url":"https:\/\/radioljubuski.ba\/","logo":{"@type":"ImageObject","inLanguage":"hr","@id":"https:\/\/radioljubuski.ba\/#\/schema\/logo\/image\/","url":"https:\/\/radioljubuski.ba\/wp-content\/uploads\/2021\/02\/cropped-Radio_Ljubuski_logo1.jpg","contentUrl":"https:\/\/radioljubuski.ba\/wp-content\/uploads\/2021\/02\/cropped-Radio_Ljubuski_logo1.jpg","width":512,"height":512,"caption":"Radio Ljubu\u0161ki"},"image":{"@id":"https:\/\/radioljubuski.ba\/#\/schema\/logo\/image\/"},"sameAs":["https:\/\/www.facebook.com\/Radiio-Ljubuski-1490835324566332","https:\/\/x.com\/radioljubuski","https:\/\/hr.linkedin.com\/company\/radio-ljubuski","https:\/\/www.youtube.com\/channel\/UCHYaeO_n0Db3tjNGudGpXyw"]},{"@type":"Person","@id":"https:\/\/radioljubuski.ba\/#\/schema\/person\/19fc700381a780f69665d7956c469e3b","name":"Radio Ljubu\u0161ki"}]}},"_links":{"self":[{"href":"https:\/\/radioljubuski.ba\/index.php\/wp-json\/wp\/v2\/posts\/84931","targetHints":{"allow":["GET"]}}],"collection":[{"href":"https:\/\/radioljubuski.ba\/index.php\/wp-json\/wp\/v2\/posts"}],"about":[{"href":"https:\/\/radioljubuski.ba\/index.php\/wp-json\/wp\/v2\/types\/post"}],"author":[{"embeddable":true,"href":"https:\/\/radioljubuski.ba\/index.php\/wp-json\/wp\/v2\/users\/2"}],"replies":[{"embeddable":true,"href":"https:\/\/radioljubuski.ba\/index.php\/wp-json\/wp\/v2\/comments?post=84931"}],"version-history":[{"count":1,"href":"https:\/\/radioljubuski.ba\/index.php\/wp-json\/wp\/v2\/posts\/84931\/revisions"}],"predecessor-version":[{"id":84934,"href":"https:\/\/radioljubuski.ba\/index.php\/wp-json\/wp\/v2\/posts\/84931\/revisions\/84934"}],"wp:featuredmedia":[{"embeddable":true,"href":"https:\/\/radioljubuski.ba\/index.php\/wp-json\/wp\/v2\/media\/84933"}],"wp:attachment":[{"href":"https:\/\/radioljubuski.ba\/index.php\/wp-json\/wp\/v2\/media?parent=84931"}],"wp:term":[{"taxonomy":"category","embeddable":true,"href":"https:\/\/radioljubuski.ba\/index.php\/wp-json\/wp\/v2\/categories?post=84931"},{"taxonomy":"post_tag","embeddable":true,"href":"https:\/\/radioljubuski.ba\/index.php\/wp-json\/wp\/v2\/tags?post=84931"}],"curies":[{"name":"wp","href":"https:\/\/api.w.org\/{rel}","templated":true}]}}