{"id":84940,"date":"2021-11-04T14:11:57","date_gmt":"2021-11-04T13:11:57","guid":{"rendered":"https:\/\/radioljubuski.ba\/?p=84940"},"modified":"2021-11-04T14:11:57","modified_gmt":"2021-11-04T13:11:57","slug":"glas-poduzetnikaupitna-je-odrzivost-malih-i-srednjih-distributera-benzinskih-postaja","status":"publish","type":"post","link":"https:\/\/radioljubuski.ba\/index.php\/2021\/11\/04\/glas-poduzetnikaupitna-je-odrzivost-malih-i-srednjih-distributera-benzinskih-postaja\/","title":{"rendered":"Glas poduzetnika:Upitna je odr\u017eivost malih i srednjih distributera benzinskih postaja"},"content":{"rendered":"\n<p><strong>Udruga Glas poduzetnika \u017eeli upozoriti na odluku Vlade RH o fiksiranju cijena naftnih derivata budu\u0107i da je tom odlukom direktno ugrozila male i srednje poduzetnike.<\/strong><\/p>\n\n\n\n<p>Naime, ulaskom u EU 2013. godine i liberalizacijom tr\u017ei\u0161ta do\u0161lo je do tr\u017ei\u0161ne utakmice kojom se mar\u017ea od 1,20 \u2013 1,40 kuna u 50% iznosa prelila na kupce, odnosno mar\u017ee distributera su 0,50 \u2013 0,60 kuna po litri jer se ostatak pripadaju\u0107e mar\u017ee vra\u0107a gospodarstvu, te je prema tome okviru Vlada RH donijela odluku o fiksiranju maloprodajne cijene goriva.<\/p>\n\n\n\n<p>U ovome trenutku mali i srednji distributeri zapo\u0161ljavaju 1500 ljudi te \u010dlanovi njihovih obitelji \u017eive od dohotka koji je veoma mizeran ili su \u010dak u gubitku.<\/p>\n\n\n\n<h3 class=\"wp-block-heading\"><strong>Nabavne cijene iz tjedna u tjedan rastu<\/strong><\/h3>\n\n\n\n<p>U nastavku prenosimo priop\u0107enje Udruge Glasa poduzetnika Vladi RH u cijelosti.<\/p>\n\n\n\n<p>Vlada RH smatra kako ograni\u010davanje cijena naftnih derivata nema posljedica za poduzetnike, no ve\u0107ina malih i srednjih distributera ima velike gubitke i \u0161tetu dono\u0161enjem te odluke.<\/p>\n\n\n\n<p>Udruga Glas poduzetnika ovim putem \u017eeli upozoriti na odluku Vlade RH o fiksiranju cijena naftnih derivata budu\u0107i da je tom odlukom direktno ugrozila male i srednje poduzetnike. Naime, ulaskom u EU 2013. godine i liberalizacijom tr\u017ei\u0161ta do\u0161lo je do tr\u017ei\u0161ne utakmice kojom se mar\u017ea od 1,20 \u2013 1,40 kuna u 50% iznosa prelila na kupce, odnosno mar\u017ee distributera su 0,50 \u2013 0,60 kuna po litri jer se ostatak pripadaju\u0107e mar\u017ee vra\u0107a gospodarstvu, te je prema tome okviru Vlada RH donijela odluku o fiksiranju maloprodajne cijene goriva.<\/p>\n\n\n\n<p>U ovome trenutku mali i srednji distributeri zapo\u0161ljavaju 1500 ljudi te \u010dlanovi njihovih obitelji \u017eive od dohotka koji je veoma mizeran ili su \u010dak u gubitku. Problem je taj \u0161to odluka Vlade RH stavlja sve subjekte u velike gubitke, uni\u0161tava financijski imid\u017e pred bankarskim institucijama te zaustavlja bilo kakve daljnje investicije. Prema tome, ako se odluka produlji nakon 15.11., upitna je opstojnost mnogih malih i srednjih poduzetnika.<\/p>\n\n\n\n<p>Tako\u0111er, treba napomenuti kako nabavne cijene iz tjedna u tjedan rastu, a mali i srednji distributeri nisu u mogu\u0107nosti formirati cijenu. Upravo zbog toga, dovedeni su pred gotov \u010din i njihova situacija nije nimalo zadovoljavaju\u0107a.<\/p>\n\n\n\n<h3 class=\"wp-block-heading\"><strong>Veliki distributeri imaju vi\u0161e prostora u mar\u017eama<\/strong><\/h3>\n\n\n\n<p>Mali i srednji poduzetnici prisiljeni su davati ugovorne popuste kupcima od 11 kuna nametnute fiksne cijene odnosno, umjesto da im ostane 0,60 kuna pripadaju\u0107e mar\u017ee iz kojih pla\u0107aju investicije, re\u017eijske tro\u0161kove i pla\u0107e ljudima, oni rade za 0 kuna mar\u017ee ili \u010dak u minus mar\u017eu kod nekih kupaca \u0161to dovodi do toga da kr\u0161e porezni zakon RH.<\/p>\n\n\n\n<p>A ako prekr\u0161e ugovorne obveze prema kupcima, postoji mogu\u0107nost tu\u017ebe istih. Veliki distributeri imaju vi\u0161e prostora u mar\u017eama da izdr\u017ee ovu situaciju makar je va\u017eno napomenuti kako i oni trpe velike gubitke. Prema tome, stavljeni su u veoma nezadovoljavaju\u0107i tr\u017ei\u0161ni polo\u017eaj. Isti\u010demo da nije istina, kao \u0161to Vlada RH tvrdi, da ne postoji \u0161teta, a ni tro\u0161ak zbog ograni\u010davanja cijene goriva, ve\u0107 upravo suprotno, mali i srednji poduzetnici su na rubu propasti. Mnogi se brinu za svoju egzistenciju te ako se ova odluka produlji na jo\u0161 mjesec dana mnogi \u0107e morati staviti klju\u010d u bravu.<\/p>\n\n\n\n<h3 class=\"wp-block-heading\"><strong>Mnoge benzinske postaje \u0107e morati zatvoriti svoja vrata<\/strong><\/h3>\n\n\n\n<p>Na\u0161i \u010dlanovi isti\u010du kako je nametanje poduzetnicima da prodaju po fiksnoj cijeni protuustavno s obzirom na to da nije ponu\u0111ena nikakva kompenzacija za gubitke koji poduzetnici generiraju. Na primjer, jedan manji distributer generira zbog ove situacije mjese\u010dni gubitak izme\u0111u 150 000 i 200 000 kuna.<\/p>\n\n\n\n<p>Na\u017ealost, ako se ne promijeni odluka, mnoge benzinske postaje \u0107e morati zatvoriti svoja vrata budu\u0107i da im je oduzeto pravo na formiranje cijena, te jedino \u0161to im je preostaje da gomilaju gubitke. Kao \u0161to smo ve\u0107 i prije nagla\u0161avali, udruga Glas poduzetnika se zala\u017ee za smanjivanje tro\u0161arina i poreza na gorivo za koje smatramo da su uistinu previsoki i nepotrebni.<\/p>\n\n\n\n<p>Tako\u0111er, zaklju\u010dak EU je da se energetska kriza amortizira smanjivanjem poreza i tro\u0161arina, s obzirom na to da je u jednoj litri goriva dr\u017eava porezno prisutna s otprilike 7,50 kuna. Apsurdno je da se oduzelo 0,60 kuna malim i srednjim distributerima i prakti\u010dki ih dovelo u nemogu\u0107u i neizbje\u017enu situaciju<\/p>\n\n\n\n<h3 class=\"wp-block-heading\"><strong>Ograni\u010denje bilo kakvih cijena na tr\u017ei\u0161tu uvijek zavr\u0161i lo\u0161e<\/strong><\/h3>\n\n\n\n<p>\u201cSvako ograni\u010denje bilo kakvih cijena na tr\u017ei\u0161tu uvijek zavr\u0161i lo\u0161e. Ili dovede do nesta\u0161ica ili do zatvaranja firmi, pogotovo onih malih koje ionako rade sa izuzetno malim mar\u017eama. Pokazuje se na\u017ealost da i ova aktualna vladina politika o ograni\u010denju cijena goriva nije iznimka \u2013 mali i srednji distributeri i trgovci gorivom su na rubu da zatvore svoje firme ukoliko se ograni\u010denje produ\u017ei za jo\u0161 mjesec dana. Nije stoga istina da nema tro\u0161ka, samo ga najvi\u0161e snose oni \u010diji se glas ne \u010duje dovoljno jako. Samo jedan mali distributer gubi oko 200 tisu\u0107a kuna mjese\u010dno. Posljedice i ovih mjesec dana ograni\u010denja cijena osje\u0107ati \u0107e godinama.<\/p>\n\n\n\n<p>Kona\u010dno, mjera ograni\u010denja cijena goriva nije u skladu sa niti jednom politikom niti jedne EU zemlje. \u0160tovi\u0161e, tamo\u0161nje vlade pristale su na rezanje tro\u0161arina i PDV-a na gorivo kako bi na taj na\u010din smanjile pritisak rasta cijena. Jedino se hrvatska vlada hvali pristupom koji je u svakom ekonomskom ud\u017ebeniku uvijek ozna\u010den kao \u2013 proma\u0161eni pristup.\u201d \u2013 rekao je Vuk Vukovi\u0107, \u010dlan ekonomskog savjeta UGP-a.<\/p>\n\n\n\n<p><em>Izvor: narod.hr<\/em><\/p>\n","protected":false},"excerpt":{"rendered":"<p>Udruga Glas poduzetnika \u017eeli upozoriti na odluku Vlade RH o fiksiranju cijena naftnih derivata budu\u0107i da je tom odlukom direktno ugrozila male i srednje poduzetnike. Naime, ulaskom u EU 2013. godine i liberalizacijom tr\u017ei\u0161ta do\u0161lo je do tr\u017ei\u0161ne utakmice kojom se mar\u017ea od 1,20 \u2013 1,40 kuna u 50% iznosa prelila na kupce, odnosno mar\u017ee [&hellip;]<\/p>\n","protected":false},"author":2,"featured_media":0,"comment_status":"closed","ping_status":"closed","sticky":false,"template":"","format":"standard","meta":{"h5ap_radio_sources":[],"footnotes":""},"categories":[1],"tags":[],"class_list":["post-84940","post","type-post","status-publish","format-standard","hentry","category-bihiregija"],"yoast_head":"<!-- This site is optimized with the Yoast SEO plugin v27.5 - https:\/\/yoast.com\/product\/yoast-seo-wordpress\/ -->\n<title>Glas poduzetnika:Upitna je odr\u017eivost malih i srednjih distributera benzinskih postaja - RADIO LJUBU\u0160KI<\/title>\n<meta name=\"robots\" content=\"index, follow, max-snippet:-1, max-image-preview:large, max-video-preview:-1\" \/>\n<link rel=\"canonical\" href=\"https:\/\/radioljubuski.ba\/index.php\/2021\/11\/04\/glas-poduzetnikaupitna-je-odrzivost-malih-i-srednjih-distributera-benzinskih-postaja\/\" \/>\n<meta property=\"og:locale\" content=\"hr_HR\" \/>\n<meta property=\"og:type\" content=\"article\" \/>\n<meta property=\"og:title\" content=\"Glas poduzetnika:Upitna je odr\u017eivost malih i srednjih distributera benzinskih postaja - RADIO LJUBU\u0160KI\" \/>\n<meta property=\"og:description\" content=\"Udruga Glas poduzetnika \u017eeli upozoriti na odluku Vlade RH o fiksiranju cijena naftnih derivata budu\u0107i da je tom odlukom direktno ugrozila male i srednje poduzetnike. Naime, ulaskom u EU 2013. godine i liberalizacijom tr\u017ei\u0161ta do\u0161lo je do tr\u017ei\u0161ne utakmice kojom se mar\u017ea od 1,20 \u2013 1,40 kuna u 50% iznosa prelila na kupce, odnosno mar\u017ee [&hellip;]\" \/>\n<meta property=\"og:url\" content=\"https:\/\/radioljubuski.ba\/index.php\/2021\/11\/04\/glas-poduzetnikaupitna-je-odrzivost-malih-i-srednjih-distributera-benzinskih-postaja\/\" \/>\n<meta property=\"og:site_name\" content=\"RADIO LJUBU\u0160KI\" \/>\n<meta property=\"article:publisher\" content=\"https:\/\/www.facebook.com\/Radiio-Ljubuski-1490835324566332\" \/>\n<meta property=\"article:published_time\" content=\"2021-11-04T13:11:57+00:00\" \/>\n<meta property=\"og:image\" content=\"https:\/\/radioljubuski.ba\/wp-content\/uploads\/2021\/03\/wTrKsuqZ_gorivo.jpg\" \/>\n\t<meta property=\"og:image:width\" content=\"1000\" \/>\n\t<meta property=\"og:image:height\" content=\"625\" \/>\n\t<meta property=\"og:image:type\" content=\"image\/jpeg\" \/>\n<meta name=\"author\" content=\"Radio Ljubu\u0161ki\" \/>\n<meta name=\"twitter:card\" content=\"summary_large_image\" \/>\n<meta name=\"twitter:creator\" content=\"@radioljubuski\" \/>\n<meta name=\"twitter:site\" content=\"@radioljubuski\" \/>\n<meta name=\"twitter:label1\" content=\"Napisao\/la\" \/>\n\t<meta name=\"twitter:data1\" content=\"Radio Ljubu\u0161ki\" \/>\n\t<meta name=\"twitter:label2\" content=\"Procijenjeno vrijeme \u010ditanja\" \/>\n\t<meta name=\"twitter:data2\" content=\"4 minute\" \/>\n<script type=\"application\/ld+json\" class=\"yoast-schema-graph\">{\"@context\":\"https:\\\/\\\/schema.org\",\"@graph\":[{\"@type\":\"Article\",\"@id\":\"https:\\\/\\\/radioljubuski.ba\\\/index.php\\\/2021\\\/11\\\/04\\\/glas-poduzetnikaupitna-je-odrzivost-malih-i-srednjih-distributera-benzinskih-postaja\\\/#article\",\"isPartOf\":{\"@id\":\"https:\\\/\\\/radioljubuski.ba\\\/index.php\\\/2021\\\/11\\\/04\\\/glas-poduzetnikaupitna-je-odrzivost-malih-i-srednjih-distributera-benzinskih-postaja\\\/\"},\"author\":{\"name\":\"Radio Ljubu\u0161ki\",\"@id\":\"https:\\\/\\\/radioljubuski.ba\\\/#\\\/schema\\\/person\\\/19fc700381a780f69665d7956c469e3b\"},\"headline\":\"Glas poduzetnika:Upitna je odr\u017eivost malih i srednjih distributera benzinskih postaja\",\"datePublished\":\"2021-11-04T13:11:57+00:00\",\"mainEntityOfPage\":{\"@id\":\"https:\\\/\\\/radioljubuski.ba\\\/index.php\\\/2021\\\/11\\\/04\\\/glas-poduzetnikaupitna-je-odrzivost-malih-i-srednjih-distributera-benzinskih-postaja\\\/\"},\"wordCount\":929,\"publisher\":{\"@id\":\"https:\\\/\\\/radioljubuski.ba\\\/#organization\"},\"articleSection\":[\"BIH i regija\"],\"inLanguage\":\"hr\"},{\"@type\":\"WebPage\",\"@id\":\"https:\\\/\\\/radioljubuski.ba\\\/index.php\\\/2021\\\/11\\\/04\\\/glas-poduzetnikaupitna-je-odrzivost-malih-i-srednjih-distributera-benzinskih-postaja\\\/\",\"url\":\"https:\\\/\\\/radioljubuski.ba\\\/index.php\\\/2021\\\/11\\\/04\\\/glas-poduzetnikaupitna-je-odrzivost-malih-i-srednjih-distributera-benzinskih-postaja\\\/\",\"name\":\"Glas poduzetnika:Upitna je odr\u017eivost malih i srednjih distributera benzinskih postaja - RADIO LJUBU\u0160KI\",\"isPartOf\":{\"@id\":\"https:\\\/\\\/radioljubuski.ba\\\/#website\"},\"datePublished\":\"2021-11-04T13:11:57+00:00\",\"breadcrumb\":{\"@id\":\"https:\\\/\\\/radioljubuski.ba\\\/index.php\\\/2021\\\/11\\\/04\\\/glas-poduzetnikaupitna-je-odrzivost-malih-i-srednjih-distributera-benzinskih-postaja\\\/#breadcrumb\"},\"inLanguage\":\"hr\",\"potentialAction\":[{\"@type\":\"ReadAction\",\"target\":[\"https:\\\/\\\/radioljubuski.ba\\\/index.php\\\/2021\\\/11\\\/04\\\/glas-poduzetnikaupitna-je-odrzivost-malih-i-srednjih-distributera-benzinskih-postaja\\\/\"]}]},{\"@type\":\"BreadcrumbList\",\"@id\":\"https:\\\/\\\/radioljubuski.ba\\\/index.php\\\/2021\\\/11\\\/04\\\/glas-poduzetnikaupitna-je-odrzivost-malih-i-srednjih-distributera-benzinskih-postaja\\\/#breadcrumb\",\"itemListElement\":[{\"@type\":\"ListItem\",\"position\":1,\"name\":\"Po\u010detna stranica\",\"item\":\"https:\\\/\\\/radioljubuski.ba\\\/\"},{\"@type\":\"ListItem\",\"position\":2,\"name\":\"Glas poduzetnika:Upitna je odr\u017eivost malih i srednjih distributera benzinskih postaja\"}]},{\"@type\":\"WebSite\",\"@id\":\"https:\\\/\\\/radioljubuski.ba\\\/#website\",\"url\":\"https:\\\/\\\/radioljubuski.ba\\\/\",\"name\":\"Radio Ljubu\u0161ki\",\"description\":\"Sun\u010dana frekvencija Hercegovine\",\"publisher\":{\"@id\":\"https:\\\/\\\/radioljubuski.ba\\\/#organization\"},\"potentialAction\":[{\"@type\":\"SearchAction\",\"target\":{\"@type\":\"EntryPoint\",\"urlTemplate\":\"https:\\\/\\\/radioljubuski.ba\\\/?s={search_term_string}\"},\"query-input\":{\"@type\":\"PropertyValueSpecification\",\"valueRequired\":true,\"valueName\":\"search_term_string\"}}],\"inLanguage\":\"hr\"},{\"@type\":\"Organization\",\"@id\":\"https:\\\/\\\/radioljubuski.ba\\\/#organization\",\"name\":\"Radio Ljubu\u0161ki\",\"url\":\"https:\\\/\\\/radioljubuski.ba\\\/\",\"logo\":{\"@type\":\"ImageObject\",\"inLanguage\":\"hr\",\"@id\":\"https:\\\/\\\/radioljubuski.ba\\\/#\\\/schema\\\/logo\\\/image\\\/\",\"url\":\"https:\\\/\\\/radioljubuski.ba\\\/wp-content\\\/uploads\\\/2021\\\/02\\\/cropped-Radio_Ljubuski_logo1.jpg\",\"contentUrl\":\"https:\\\/\\\/radioljubuski.ba\\\/wp-content\\\/uploads\\\/2021\\\/02\\\/cropped-Radio_Ljubuski_logo1.jpg\",\"width\":512,\"height\":512,\"caption\":\"Radio Ljubu\u0161ki\"},\"image\":{\"@id\":\"https:\\\/\\\/radioljubuski.ba\\\/#\\\/schema\\\/logo\\\/image\\\/\"},\"sameAs\":[\"https:\\\/\\\/www.facebook.com\\\/Radiio-Ljubuski-1490835324566332\",\"https:\\\/\\\/x.com\\\/radioljubuski\",\"https:\\\/\\\/hr.linkedin.com\\\/company\\\/radio-ljubuski\",\"https:\\\/\\\/www.youtube.com\\\/channel\\\/UCHYaeO_n0Db3tjNGudGpXyw\"]},{\"@type\":\"Person\",\"@id\":\"https:\\\/\\\/radioljubuski.ba\\\/#\\\/schema\\\/person\\\/19fc700381a780f69665d7956c469e3b\",\"name\":\"Radio Ljubu\u0161ki\"}]}<\/script>\n<!-- \/ Yoast SEO plugin. -->","yoast_head_json":{"title":"Glas poduzetnika:Upitna je odr\u017eivost malih i srednjih distributera benzinskih postaja - RADIO LJUBU\u0160KI","robots":{"index":"index","follow":"follow","max-snippet":"max-snippet:-1","max-image-preview":"max-image-preview:large","max-video-preview":"max-video-preview:-1"},"canonical":"https:\/\/radioljubuski.ba\/index.php\/2021\/11\/04\/glas-poduzetnikaupitna-je-odrzivost-malih-i-srednjih-distributera-benzinskih-postaja\/","og_locale":"hr_HR","og_type":"article","og_title":"Glas poduzetnika:Upitna je odr\u017eivost malih i srednjih distributera benzinskih postaja - RADIO LJUBU\u0160KI","og_description":"Udruga Glas poduzetnika \u017eeli upozoriti na odluku Vlade RH o fiksiranju cijena naftnih derivata budu\u0107i da je tom odlukom direktno ugrozila male i srednje poduzetnike. Naime, ulaskom u EU 2013. godine i liberalizacijom tr\u017ei\u0161ta do\u0161lo je do tr\u017ei\u0161ne utakmice kojom se mar\u017ea od 1,20 \u2013 1,40 kuna u 50% iznosa prelila na kupce, odnosno mar\u017ee [&hellip;]","og_url":"https:\/\/radioljubuski.ba\/index.php\/2021\/11\/04\/glas-poduzetnikaupitna-je-odrzivost-malih-i-srednjih-distributera-benzinskih-postaja\/","og_site_name":"RADIO LJUBU\u0160KI","article_publisher":"https:\/\/www.facebook.com\/Radiio-Ljubuski-1490835324566332","article_published_time":"2021-11-04T13:11:57+00:00","og_image":[{"width":1000,"height":625,"url":"https:\/\/radioljubuski.ba\/wp-content\/uploads\/2021\/03\/wTrKsuqZ_gorivo.jpg","type":"image\/jpeg"}],"author":"Radio Ljubu\u0161ki","twitter_card":"summary_large_image","twitter_creator":"@radioljubuski","twitter_site":"@radioljubuski","twitter_misc":{"Napisao\/la":"Radio Ljubu\u0161ki","Procijenjeno vrijeme \u010ditanja":"4 minute"},"schema":{"@context":"https:\/\/schema.org","@graph":[{"@type":"Article","@id":"https:\/\/radioljubuski.ba\/index.php\/2021\/11\/04\/glas-poduzetnikaupitna-je-odrzivost-malih-i-srednjih-distributera-benzinskih-postaja\/#article","isPartOf":{"@id":"https:\/\/radioljubuski.ba\/index.php\/2021\/11\/04\/glas-poduzetnikaupitna-je-odrzivost-malih-i-srednjih-distributera-benzinskih-postaja\/"},"author":{"name":"Radio Ljubu\u0161ki","@id":"https:\/\/radioljubuski.ba\/#\/schema\/person\/19fc700381a780f69665d7956c469e3b"},"headline":"Glas poduzetnika:Upitna je odr\u017eivost malih i srednjih distributera benzinskih postaja","datePublished":"2021-11-04T13:11:57+00:00","mainEntityOfPage":{"@id":"https:\/\/radioljubuski.ba\/index.php\/2021\/11\/04\/glas-poduzetnikaupitna-je-odrzivost-malih-i-srednjih-distributera-benzinskih-postaja\/"},"wordCount":929,"publisher":{"@id":"https:\/\/radioljubuski.ba\/#organization"},"articleSection":["BIH i regija"],"inLanguage":"hr"},{"@type":"WebPage","@id":"https:\/\/radioljubuski.ba\/index.php\/2021\/11\/04\/glas-poduzetnikaupitna-je-odrzivost-malih-i-srednjih-distributera-benzinskih-postaja\/","url":"https:\/\/radioljubuski.ba\/index.php\/2021\/11\/04\/glas-poduzetnikaupitna-je-odrzivost-malih-i-srednjih-distributera-benzinskih-postaja\/","name":"Glas poduzetnika:Upitna je odr\u017eivost malih i srednjih distributera benzinskih postaja - RADIO LJUBU\u0160KI","isPartOf":{"@id":"https:\/\/radioljubuski.ba\/#website"},"datePublished":"2021-11-04T13:11:57+00:00","breadcrumb":{"@id":"https:\/\/radioljubuski.ba\/index.php\/2021\/11\/04\/glas-poduzetnikaupitna-je-odrzivost-malih-i-srednjih-distributera-benzinskih-postaja\/#breadcrumb"},"inLanguage":"hr","potentialAction":[{"@type":"ReadAction","target":["https:\/\/radioljubuski.ba\/index.php\/2021\/11\/04\/glas-poduzetnikaupitna-je-odrzivost-malih-i-srednjih-distributera-benzinskih-postaja\/"]}]},{"@type":"BreadcrumbList","@id":"https:\/\/radioljubuski.ba\/index.php\/2021\/11\/04\/glas-poduzetnikaupitna-je-odrzivost-malih-i-srednjih-distributera-benzinskih-postaja\/#breadcrumb","itemListElement":[{"@type":"ListItem","position":1,"name":"Po\u010detna stranica","item":"https:\/\/radioljubuski.ba\/"},{"@type":"ListItem","position":2,"name":"Glas poduzetnika:Upitna je odr\u017eivost malih i srednjih distributera benzinskih postaja"}]},{"@type":"WebSite","@id":"https:\/\/radioljubuski.ba\/#website","url":"https:\/\/radioljubuski.ba\/","name":"Radio Ljubu\u0161ki","description":"Sun\u010dana frekvencija Hercegovine","publisher":{"@id":"https:\/\/radioljubuski.ba\/#organization"},"potentialAction":[{"@type":"SearchAction","target":{"@type":"EntryPoint","urlTemplate":"https:\/\/radioljubuski.ba\/?s={search_term_string}"},"query-input":{"@type":"PropertyValueSpecification","valueRequired":true,"valueName":"search_term_string"}}],"inLanguage":"hr"},{"@type":"Organization","@id":"https:\/\/radioljubuski.ba\/#organization","name":"Radio Ljubu\u0161ki","url":"https:\/\/radioljubuski.ba\/","logo":{"@type":"ImageObject","inLanguage":"hr","@id":"https:\/\/radioljubuski.ba\/#\/schema\/logo\/image\/","url":"https:\/\/radioljubuski.ba\/wp-content\/uploads\/2021\/02\/cropped-Radio_Ljubuski_logo1.jpg","contentUrl":"https:\/\/radioljubuski.ba\/wp-content\/uploads\/2021\/02\/cropped-Radio_Ljubuski_logo1.jpg","width":512,"height":512,"caption":"Radio Ljubu\u0161ki"},"image":{"@id":"https:\/\/radioljubuski.ba\/#\/schema\/logo\/image\/"},"sameAs":["https:\/\/www.facebook.com\/Radiio-Ljubuski-1490835324566332","https:\/\/x.com\/radioljubuski","https:\/\/hr.linkedin.com\/company\/radio-ljubuski","https:\/\/www.youtube.com\/channel\/UCHYaeO_n0Db3tjNGudGpXyw"]},{"@type":"Person","@id":"https:\/\/radioljubuski.ba\/#\/schema\/person\/19fc700381a780f69665d7956c469e3b","name":"Radio Ljubu\u0161ki"}]}},"_links":{"self":[{"href":"https:\/\/radioljubuski.ba\/index.php\/wp-json\/wp\/v2\/posts\/84940","targetHints":{"allow":["GET"]}}],"collection":[{"href":"https:\/\/radioljubuski.ba\/index.php\/wp-json\/wp\/v2\/posts"}],"about":[{"href":"https:\/\/radioljubuski.ba\/index.php\/wp-json\/wp\/v2\/types\/post"}],"author":[{"embeddable":true,"href":"https:\/\/radioljubuski.ba\/index.php\/wp-json\/wp\/v2\/users\/2"}],"replies":[{"embeddable":true,"href":"https:\/\/radioljubuski.ba\/index.php\/wp-json\/wp\/v2\/comments?post=84940"}],"version-history":[{"count":1,"href":"https:\/\/radioljubuski.ba\/index.php\/wp-json\/wp\/v2\/posts\/84940\/revisions"}],"predecessor-version":[{"id":84942,"href":"https:\/\/radioljubuski.ba\/index.php\/wp-json\/wp\/v2\/posts\/84940\/revisions\/84942"}],"wp:attachment":[{"href":"https:\/\/radioljubuski.ba\/index.php\/wp-json\/wp\/v2\/media?parent=84940"}],"wp:term":[{"taxonomy":"category","embeddable":true,"href":"https:\/\/radioljubuski.ba\/index.php\/wp-json\/wp\/v2\/categories?post=84940"},{"taxonomy":"post_tag","embeddable":true,"href":"https:\/\/radioljubuski.ba\/index.php\/wp-json\/wp\/v2\/tags?post=84940"}],"curies":[{"name":"wp","href":"https:\/\/api.w.org\/{rel}","templated":true}]}}