{"id":84943,"date":"2021-11-04T14:14:12","date_gmt":"2021-11-04T13:14:12","guid":{"rendered":"https:\/\/radioljubuski.ba\/?p=84943"},"modified":"2021-11-04T14:14:12","modified_gmt":"2021-11-04T13:14:12","slug":"bivsi-bandicev-procelnik-za-financije-tomasevic-je-drama-queen-i-krivo-cita-financijska-izvjesca-sramota","status":"publish","type":"post","link":"https:\/\/radioljubuski.ba\/index.php\/2021\/11\/04\/bivsi-bandicev-procelnik-za-financije-tomasevic-je-drama-queen-i-krivo-cita-financijska-izvjesca-sramota\/","title":{"rendered":"Biv\u0161i Bandi\u0107ev pro\u010delnik za financije: Toma\u0161evi\u0107 je drama-queen i krivo \u010dita financijska izvje\u0161\u0107a, sramota!"},"content":{"rendered":"\n<p><strong>Prema mi\u0161ljenju Slavka Koji\u0107a, potpredsjednika gradske organizacije Stranke rada i solidarnosti, biv\u0161eg pro\u010delnika za financije<\/strong>, te dugogodi\u0161njeg suradnika pokojnog gradona\u010delnika Milana Bandi\u0107a, aktualni gradona\u010delnik Tomislav Toma\u0161evi\u0107, \u010delnik ekstremno lijeve Mo\u017eemo pokazao je financijsku nepismenost govore\u0107i o dugu grada Zagreba.<\/p>\n\n\n\n<h4 class=\"wp-block-heading\"><strong>\u2018Grad Zagreb po zakonu niti mo\u017ee, niti se zadu\u017eio vi\u0161e od 20 posto\u2019<\/strong><\/h4>\n\n\n\n<p>\u2018Jednostavno iza\u0111e za govornicu, nasloni se i ka\u017ee: \u201cA sada jedna ekskluzivna novost, Grad Zagreb je zadu\u017een 100 posto\u201d, ma molim vas, a svi mediji to prenose i ulove se na to. Ponavljam, Grad Zagreb po zakonu niti mo\u017ee, niti se zadu\u017eio vi\u0161e od 20 posto, niti \u0107e se zadu\u017eiti s obzirom na to da suglasnost za to daje Ministarstvo financija\u2019, naglasio je Slavko Koji\u0107, potpredsjednik zagreba\u010dke organizacije stranke BM 365, javlja <a href=\"https:\/\/vijesti.hrt.hr\/hrvatska\/kojic-grad-zagreb-nije-zaduzen-8-milijardi-kuna-izjave-gradonacelnika-skandalozne-3362008\" target=\"_blank\" rel=\"noreferrer noopener\">HRT<\/a>.<\/p>\n\n\n\n<div style=\"width: 640px;\" class=\"wp-video\"><video class=\"wp-video-shortcode\" id=\"video-84943-1\" width=\"640\" height=\"360\" preload=\"metadata\" controls=\"controls\"><source type=\"video\/mp4\" src=\"https:\/\/api.hrt.hr\/media\/ba\/36\/tvd1-ton-kojic-20211103112929.mp4?_=1\" \/><a href=\"https:\/\/api.hrt.hr\/media\/ba\/36\/tvd1-ton-kojic-20211103112929.mp4\">https:\/\/api.hrt.hr\/media\/ba\/36\/tvd1-ton-kojic-20211103112929.mp4<\/a><\/video><\/div>\n\n\n\n\n\n<h4 class=\"wp-block-heading\"><strong>O\u010ditovanje o zadu\u017eenju Grada Zagreba<\/strong><\/h4>\n\n\n\n<p>Iz stranke \u201cBandi\u0107 Milan 365 \u2013 Stranke rada i solidarnosti\u201d u srijedu su najavili o\u010ditovanje o zadu\u017eenju Grada Zagreba, to\u010dnije iznosu koji je pro\u0161li tjedan objavio zagreba\u010dki gradona\u010delnik Tomislav Toma\u0161evi\u0107 govore\u0107i da je dug Zagreba \u2013 8,2 milijarde kuna \u0161to je rezultat toga da je vlast Milana Bandi\u0107a \u2018tro\u0161ila vi\u0161e nego \u0161to je bilo u prora\u010dunu\u2019<\/p>\n\n\n\n<h4 class=\"wp-block-heading\"><strong>Financijska nepismenost<\/strong><\/h4>\n\n\n\n<p>Prema mi\u0161ljenju Slavka Koji\u0107a, potpredsjednika gradske organizacije Stranke rada i solidarnosti te dugogodi\u0161njeg suradnika Bandi\u0107a, Toma\u0161evi\u0107 je izno\u0161enjem tog podatka pokazao financijsku nepismenost, a PR teatralno\u0161\u0107u situaciju htio prikazati dramati\u010dnijom nego \u0161to jest, pi\u0161e <a href=\"https:\/\/www.jutarnji.hr\/vijesti\/hrvatska\/bivsi-bandicev-procelnik-za-financije-tomasevic-je-drama-queen-i-krivo-cita-financijska-izvjesca-sramota-15115637\" target=\"_blank\" rel=\"noreferrer noopener\">Jutarnji list<\/a>.<\/p>\n\n\n\n<h4 class=\"wp-block-heading\"><strong>Toma\u0161evi\u0107eva \u2018drama-queen\u2019 objava<\/strong><\/h4>\n\n\n\n<p>\u2018To nije ekskluziva ili neka nova analiza, kako bi se moglo misliti iz Toma\u0161evi\u0107eve \u2018drama-queen\u2019 objave. Do tih je podataka u tri klika mogao do\u0107i tko god je htio jer su to javni podaci\u2019, navodi Koji\u0107.<\/p>\n\n\n\n<h4 class=\"wp-block-heading\"><strong>8,2 milijarde kuna<\/strong><\/h4>\n\n\n\n<p>Toma\u0161evi\u0107 je na pro\u0161loj sjednici Gradske skup\u0161tine objavio da je konsolidirani dug Grada Zagreba 8,2 milijarde kuna.<\/p>\n\n\n\n<p>Od toga 4,9 milijardi kuna je dug Zagreba\u010dkog holdinga, 2,4 milijarde kuna je dug Grada Zagreba i 0,9 milijardi kuna je dug ZET-a. Toma\u0161evi\u0107 je pritom poru\u010dio da je dug od 8,2 milijarde kuna gotovo jednak prihodima prora\u010duna Grada.<\/p>\n\n\n\n<h4 class=\"wp-block-heading\"><strong>\u2018Neshvatljiva besmislica\u2019<\/strong><\/h4>\n\n\n\n<p>Koji\u0107 smatra da je to \u2018neshvatljiva besmislica\u2019, kako ka\u017ee, i krivo \u010ditanje financijskih izvje\u0161\u0107a. Prema njemu, ne mo\u017ee se uspore\u0111ivati konsolidirani dug od 8,2 milijarde kuna od Grada, ZET-a i Holdinga samo s prihodima prora\u010duna Grada Zagreba, ne uzimaju\u0107i u obzir i prihode Holdinga i ZET-a.<\/p>\n\n\n\n<h4 class=\"wp-block-heading\"><strong>20 posto zagreba\u010dkog prora\u010duna<\/strong><\/h4>\n\n\n\n<p>\u2018Iako je to sistem spojenih posuda, uzme li se samo dugovanje Grada Zagreba, od 2,4 milijarde kuna i usporedi s prora\u010dunom Grada Zagreba od 12 milijardi kuna to ustvari \u010dini 20 posto zagreba\u010dkog prora\u010duna, a onda se ne mo\u017ee govoriti o kr\u0161enju Zakona o prora\u010dunu\u2019, isti\u010de Koji\u0107.<\/p>\n\n\n\n<h4 class=\"wp-block-heading\"><strong>\u2018Sramota\u2019<\/strong><\/h4>\n\n\n\n<p>\u2018Od nekoga je, siromah, \u010duo za neki limit od 20 posto pa je onda, na sebi svojstven na\u010din, i onako kako je on to razumio, uvrstio to u svoj tu\u017eni algoritam. \u0160to na ovu neshvatljivu besmislicu re\u0107i vi\u0161e osim \u2013 sramota!\u2019, ka\u017ee Koji\u0107.<\/p>\n\n\n\n<h4 class=\"wp-block-heading\"><strong>Stagnacija poreznih prihoda<\/strong><\/h4>\n\n\n\n<p>Zaklju\u010duje da financijski problemi Grada Zagreba nisu \u2018dominantno posljedica lo\u0161eg upravljanja prethodne upravlja\u010dke garniture i problem nije dominantno u dugovima i njihovoj visini, ve\u0107 u dugogodi\u0161njoj stagnaciji poreznih prihoda, nastalih rastere\u0107enjem oporezivanja rada\u2019.<\/p>\n\n\n\n<h4 class=\"wp-block-heading\"><strong>Najavljena poskupljenja<\/strong><\/h4>\n\n\n\n<p>Toma\u0161evi\u0107 je, podsjetimo, najavio da bi moglo, s obzirom na velike dugove i te\u0161ku financijsku situaciju, do\u0107i do poskupljenja pojedinih usluga s obzirom na to da pola prihoda Holdinga dolazi od grada, a ne od gra\u0111ana.<\/p>\n\n\n\n<h4 class=\"wp-block-heading\"><strong>Poskupljenje usluge odvoza sme\u0107a<\/strong><\/h4>\n\n\n\n<p>Najavio je da \u0107e Grad u idu\u0107im tjednima prezentirati razli\u010dite odluke o tome kako se planira sanirati cijela situacija, a novi \u010delnik Holdinga Ivan Novakovi\u0107 najavio je da bi jedna od opcija mogla biti poskupljenje usluge odvoza sme\u0107a za one gra\u0111ane koji otpad ne odvajaju.<\/p>\n\n\n\n<p><em>Izvor: narod.hr\/jutarnji.hr<\/em><\/p>\n","protected":false},"excerpt":{"rendered":"<p>Prema mi\u0161ljenju Slavka Koji\u0107a, potpredsjednika gradske organizacije Stranke rada i solidarnosti, biv\u0161eg pro\u010delnika za financije, te dugogodi\u0161njeg suradnika pokojnog gradona\u010delnika Milana Bandi\u0107a, aktualni gradona\u010delnik Tomislav Toma\u0161evi\u0107, \u010delnik ekstremno lijeve Mo\u017eemo pokazao je financijsku nepismenost govore\u0107i o dugu grada Zagreba. \u2018Grad Zagreb po zakonu niti mo\u017ee, niti se zadu\u017eio vi\u0161e od 20 posto\u2019 \u2018Jednostavno iza\u0111e za [&hellip;]<\/p>\n","protected":false},"author":2,"featured_media":84944,"comment_status":"closed","ping_status":"closed","sticky":false,"template":"","format":"standard","meta":{"h5ap_radio_sources":[],"footnotes":""},"categories":[1],"tags":[],"class_list":["post-84943","post","type-post","status-publish","format-standard","has-post-thumbnail","hentry","category-bihiregija"],"yoast_head":"<!-- This site is optimized with the Yoast SEO plugin v27.5 - https:\/\/yoast.com\/product\/yoast-seo-wordpress\/ -->\n<title>Biv\u0161i Bandi\u0107ev pro\u010delnik za financije: Toma\u0161evi\u0107 je drama-queen i krivo \u010dita financijska izvje\u0161\u0107a, sramota! - RADIO LJUBU\u0160KI<\/title>\n<meta name=\"robots\" content=\"index, follow, max-snippet:-1, max-image-preview:large, max-video-preview:-1\" \/>\n<link rel=\"canonical\" href=\"https:\/\/radioljubuski.ba\/index.php\/2021\/11\/04\/bivsi-bandicev-procelnik-za-financije-tomasevic-je-drama-queen-i-krivo-cita-financijska-izvjesca-sramota\/\" \/>\n<meta property=\"og:locale\" content=\"hr_HR\" \/>\n<meta property=\"og:type\" content=\"article\" \/>\n<meta property=\"og:title\" content=\"Biv\u0161i Bandi\u0107ev pro\u010delnik za financije: Toma\u0161evi\u0107 je drama-queen i krivo \u010dita financijska izvje\u0161\u0107a, sramota! - RADIO LJUBU\u0160KI\" \/>\n<meta property=\"og:description\" content=\"Prema mi\u0161ljenju Slavka Koji\u0107a, potpredsjednika gradske organizacije Stranke rada i solidarnosti, biv\u0161eg pro\u010delnika za financije, te dugogodi\u0161njeg suradnika pokojnog gradona\u010delnika Milana Bandi\u0107a, aktualni gradona\u010delnik Tomislav Toma\u0161evi\u0107, \u010delnik ekstremno lijeve Mo\u017eemo pokazao je financijsku nepismenost govore\u0107i o dugu grada Zagreba. \u2018Grad Zagreb po zakonu niti mo\u017ee, niti se zadu\u017eio vi\u0161e od 20 posto\u2019 \u2018Jednostavno iza\u0111e za [&hellip;]\" \/>\n<meta property=\"og:url\" content=\"https:\/\/radioljubuski.ba\/index.php\/2021\/11\/04\/bivsi-bandicev-procelnik-za-financije-tomasevic-je-drama-queen-i-krivo-cita-financijska-izvjesca-sramota\/\" \/>\n<meta property=\"og:site_name\" content=\"RADIO LJUBU\u0160KI\" \/>\n<meta property=\"article:publisher\" content=\"https:\/\/www.facebook.com\/Radiio-Ljubuski-1490835324566332\" \/>\n<meta property=\"article:published_time\" content=\"2021-11-04T13:14:12+00:00\" \/>\n<meta property=\"og:image\" content=\"https:\/\/radioljubuski.ba\/wp-content\/uploads\/2021\/11\/HN20211103256329-696x464-1.jpg\" \/>\n\t<meta property=\"og:image:width\" content=\"696\" \/>\n\t<meta property=\"og:image:height\" content=\"464\" \/>\n\t<meta property=\"og:image:type\" content=\"image\/jpeg\" \/>\n<meta name=\"author\" content=\"Radio Ljubu\u0161ki\" \/>\n<meta name=\"twitter:card\" content=\"summary_large_image\" \/>\n<meta name=\"twitter:creator\" content=\"@radioljubuski\" \/>\n<meta name=\"twitter:site\" content=\"@radioljubuski\" \/>\n<meta name=\"twitter:label1\" content=\"Napisao\/la\" \/>\n\t<meta name=\"twitter:data1\" content=\"Radio Ljubu\u0161ki\" \/>\n\t<meta name=\"twitter:label2\" content=\"Procijenjeno vrijeme \u010ditanja\" \/>\n\t<meta name=\"twitter:data2\" content=\"3 minute\" \/>\n<script type=\"application\/ld+json\" class=\"yoast-schema-graph\">{\"@context\":\"https:\\\/\\\/schema.org\",\"@graph\":[{\"@type\":\"Article\",\"@id\":\"https:\\\/\\\/radioljubuski.ba\\\/index.php\\\/2021\\\/11\\\/04\\\/bivsi-bandicev-procelnik-za-financije-tomasevic-je-drama-queen-i-krivo-cita-financijska-izvjesca-sramota\\\/#article\",\"isPartOf\":{\"@id\":\"https:\\\/\\\/radioljubuski.ba\\\/index.php\\\/2021\\\/11\\\/04\\\/bivsi-bandicev-procelnik-za-financije-tomasevic-je-drama-queen-i-krivo-cita-financijska-izvjesca-sramota\\\/\"},\"author\":{\"name\":\"Radio Ljubu\u0161ki\",\"@id\":\"https:\\\/\\\/radioljubuski.ba\\\/#\\\/schema\\\/person\\\/19fc700381a780f69665d7956c469e3b\"},\"headline\":\"Biv\u0161i Bandi\u0107ev pro\u010delnik za financije: Toma\u0161evi\u0107 je drama-queen i krivo \u010dita financijska izvje\u0161\u0107a, sramota!\",\"datePublished\":\"2021-11-04T13:14:12+00:00\",\"mainEntityOfPage\":{\"@id\":\"https:\\\/\\\/radioljubuski.ba\\\/index.php\\\/2021\\\/11\\\/04\\\/bivsi-bandicev-procelnik-za-financije-tomasevic-je-drama-queen-i-krivo-cita-financijska-izvjesca-sramota\\\/\"},\"wordCount\":691,\"publisher\":{\"@id\":\"https:\\\/\\\/radioljubuski.ba\\\/#organization\"},\"image\":{\"@id\":\"https:\\\/\\\/radioljubuski.ba\\\/index.php\\\/2021\\\/11\\\/04\\\/bivsi-bandicev-procelnik-za-financije-tomasevic-je-drama-queen-i-krivo-cita-financijska-izvjesca-sramota\\\/#primaryimage\"},\"thumbnailUrl\":\"https:\\\/\\\/radioljubuski.ba\\\/wp-content\\\/uploads\\\/2021\\\/11\\\/HN20211103256329-696x464-1.jpg\",\"articleSection\":[\"BIH i regija\"],\"inLanguage\":\"hr\"},{\"@type\":\"WebPage\",\"@id\":\"https:\\\/\\\/radioljubuski.ba\\\/index.php\\\/2021\\\/11\\\/04\\\/bivsi-bandicev-procelnik-za-financije-tomasevic-je-drama-queen-i-krivo-cita-financijska-izvjesca-sramota\\\/\",\"url\":\"https:\\\/\\\/radioljubuski.ba\\\/index.php\\\/2021\\\/11\\\/04\\\/bivsi-bandicev-procelnik-za-financije-tomasevic-je-drama-queen-i-krivo-cita-financijska-izvjesca-sramota\\\/\",\"name\":\"Biv\u0161i Bandi\u0107ev pro\u010delnik za financije: Toma\u0161evi\u0107 je drama-queen i krivo \u010dita financijska izvje\u0161\u0107a, sramota! - RADIO LJUBU\u0160KI\",\"isPartOf\":{\"@id\":\"https:\\\/\\\/radioljubuski.ba\\\/#website\"},\"primaryImageOfPage\":{\"@id\":\"https:\\\/\\\/radioljubuski.ba\\\/index.php\\\/2021\\\/11\\\/04\\\/bivsi-bandicev-procelnik-za-financije-tomasevic-je-drama-queen-i-krivo-cita-financijska-izvjesca-sramota\\\/#primaryimage\"},\"image\":{\"@id\":\"https:\\\/\\\/radioljubuski.ba\\\/index.php\\\/2021\\\/11\\\/04\\\/bivsi-bandicev-procelnik-za-financije-tomasevic-je-drama-queen-i-krivo-cita-financijska-izvjesca-sramota\\\/#primaryimage\"},\"thumbnailUrl\":\"https:\\\/\\\/radioljubuski.ba\\\/wp-content\\\/uploads\\\/2021\\\/11\\\/HN20211103256329-696x464-1.jpg\",\"datePublished\":\"2021-11-04T13:14:12+00:00\",\"breadcrumb\":{\"@id\":\"https:\\\/\\\/radioljubuski.ba\\\/index.php\\\/2021\\\/11\\\/04\\\/bivsi-bandicev-procelnik-za-financije-tomasevic-je-drama-queen-i-krivo-cita-financijska-izvjesca-sramota\\\/#breadcrumb\"},\"inLanguage\":\"hr\",\"potentialAction\":[{\"@type\":\"ReadAction\",\"target\":[\"https:\\\/\\\/radioljubuski.ba\\\/index.php\\\/2021\\\/11\\\/04\\\/bivsi-bandicev-procelnik-za-financije-tomasevic-je-drama-queen-i-krivo-cita-financijska-izvjesca-sramota\\\/\"]}]},{\"@type\":\"ImageObject\",\"inLanguage\":\"hr\",\"@id\":\"https:\\\/\\\/radioljubuski.ba\\\/index.php\\\/2021\\\/11\\\/04\\\/bivsi-bandicev-procelnik-za-financije-tomasevic-je-drama-queen-i-krivo-cita-financijska-izvjesca-sramota\\\/#primaryimage\",\"url\":\"https:\\\/\\\/radioljubuski.ba\\\/wp-content\\\/uploads\\\/2021\\\/11\\\/HN20211103256329-696x464-1.jpg\",\"contentUrl\":\"https:\\\/\\\/radioljubuski.ba\\\/wp-content\\\/uploads\\\/2021\\\/11\\\/HN20211103256329-696x464-1.jpg\",\"width\":696,\"height\":464},{\"@type\":\"BreadcrumbList\",\"@id\":\"https:\\\/\\\/radioljubuski.ba\\\/index.php\\\/2021\\\/11\\\/04\\\/bivsi-bandicev-procelnik-za-financije-tomasevic-je-drama-queen-i-krivo-cita-financijska-izvjesca-sramota\\\/#breadcrumb\",\"itemListElement\":[{\"@type\":\"ListItem\",\"position\":1,\"name\":\"Po\u010detna stranica\",\"item\":\"https:\\\/\\\/radioljubuski.ba\\\/\"},{\"@type\":\"ListItem\",\"position\":2,\"name\":\"Biv\u0161i Bandi\u0107ev pro\u010delnik za financije: Toma\u0161evi\u0107 je drama-queen i krivo \u010dita financijska izvje\u0161\u0107a, sramota!\"}]},{\"@type\":\"WebSite\",\"@id\":\"https:\\\/\\\/radioljubuski.ba\\\/#website\",\"url\":\"https:\\\/\\\/radioljubuski.ba\\\/\",\"name\":\"Radio Ljubu\u0161ki\",\"description\":\"Sun\u010dana frekvencija Hercegovine\",\"publisher\":{\"@id\":\"https:\\\/\\\/radioljubuski.ba\\\/#organization\"},\"potentialAction\":[{\"@type\":\"SearchAction\",\"target\":{\"@type\":\"EntryPoint\",\"urlTemplate\":\"https:\\\/\\\/radioljubuski.ba\\\/?s={search_term_string}\"},\"query-input\":{\"@type\":\"PropertyValueSpecification\",\"valueRequired\":true,\"valueName\":\"search_term_string\"}}],\"inLanguage\":\"hr\"},{\"@type\":\"Organization\",\"@id\":\"https:\\\/\\\/radioljubuski.ba\\\/#organization\",\"name\":\"Radio Ljubu\u0161ki\",\"url\":\"https:\\\/\\\/radioljubuski.ba\\\/\",\"logo\":{\"@type\":\"ImageObject\",\"inLanguage\":\"hr\",\"@id\":\"https:\\\/\\\/radioljubuski.ba\\\/#\\\/schema\\\/logo\\\/image\\\/\",\"url\":\"https:\\\/\\\/radioljubuski.ba\\\/wp-content\\\/uploads\\\/2021\\\/02\\\/cropped-Radio_Ljubuski_logo1.jpg\",\"contentUrl\":\"https:\\\/\\\/radioljubuski.ba\\\/wp-content\\\/uploads\\\/2021\\\/02\\\/cropped-Radio_Ljubuski_logo1.jpg\",\"width\":512,\"height\":512,\"caption\":\"Radio Ljubu\u0161ki\"},\"image\":{\"@id\":\"https:\\\/\\\/radioljubuski.ba\\\/#\\\/schema\\\/logo\\\/image\\\/\"},\"sameAs\":[\"https:\\\/\\\/www.facebook.com\\\/Radiio-Ljubuski-1490835324566332\",\"https:\\\/\\\/x.com\\\/radioljubuski\",\"https:\\\/\\\/hr.linkedin.com\\\/company\\\/radio-ljubuski\",\"https:\\\/\\\/www.youtube.com\\\/channel\\\/UCHYaeO_n0Db3tjNGudGpXyw\"]},{\"@type\":\"Person\",\"@id\":\"https:\\\/\\\/radioljubuski.ba\\\/#\\\/schema\\\/person\\\/19fc700381a780f69665d7956c469e3b\",\"name\":\"Radio Ljubu\u0161ki\"}]}<\/script>\n<!-- \/ Yoast SEO plugin. -->","yoast_head_json":{"title":"Biv\u0161i Bandi\u0107ev pro\u010delnik za financije: Toma\u0161evi\u0107 je drama-queen i krivo \u010dita financijska izvje\u0161\u0107a, sramota! - RADIO LJUBU\u0160KI","robots":{"index":"index","follow":"follow","max-snippet":"max-snippet:-1","max-image-preview":"max-image-preview:large","max-video-preview":"max-video-preview:-1"},"canonical":"https:\/\/radioljubuski.ba\/index.php\/2021\/11\/04\/bivsi-bandicev-procelnik-za-financije-tomasevic-je-drama-queen-i-krivo-cita-financijska-izvjesca-sramota\/","og_locale":"hr_HR","og_type":"article","og_title":"Biv\u0161i Bandi\u0107ev pro\u010delnik za financije: Toma\u0161evi\u0107 je drama-queen i krivo \u010dita financijska izvje\u0161\u0107a, sramota! - RADIO LJUBU\u0160KI","og_description":"Prema mi\u0161ljenju Slavka Koji\u0107a, potpredsjednika gradske organizacije Stranke rada i solidarnosti, biv\u0161eg pro\u010delnika za financije, te dugogodi\u0161njeg suradnika pokojnog gradona\u010delnika Milana Bandi\u0107a, aktualni gradona\u010delnik Tomislav Toma\u0161evi\u0107, \u010delnik ekstremno lijeve Mo\u017eemo pokazao je financijsku nepismenost govore\u0107i o dugu grada Zagreba. \u2018Grad Zagreb po zakonu niti mo\u017ee, niti se zadu\u017eio vi\u0161e od 20 posto\u2019 \u2018Jednostavno iza\u0111e za [&hellip;]","og_url":"https:\/\/radioljubuski.ba\/index.php\/2021\/11\/04\/bivsi-bandicev-procelnik-za-financije-tomasevic-je-drama-queen-i-krivo-cita-financijska-izvjesca-sramota\/","og_site_name":"RADIO LJUBU\u0160KI","article_publisher":"https:\/\/www.facebook.com\/Radiio-Ljubuski-1490835324566332","article_published_time":"2021-11-04T13:14:12+00:00","og_image":[{"width":696,"height":464,"url":"https:\/\/radioljubuski.ba\/wp-content\/uploads\/2021\/11\/HN20211103256329-696x464-1.jpg","type":"image\/jpeg"}],"author":"Radio Ljubu\u0161ki","twitter_card":"summary_large_image","twitter_creator":"@radioljubuski","twitter_site":"@radioljubuski","twitter_misc":{"Napisao\/la":"Radio Ljubu\u0161ki","Procijenjeno vrijeme \u010ditanja":"3 minute"},"schema":{"@context":"https:\/\/schema.org","@graph":[{"@type":"Article","@id":"https:\/\/radioljubuski.ba\/index.php\/2021\/11\/04\/bivsi-bandicev-procelnik-za-financije-tomasevic-je-drama-queen-i-krivo-cita-financijska-izvjesca-sramota\/#article","isPartOf":{"@id":"https:\/\/radioljubuski.ba\/index.php\/2021\/11\/04\/bivsi-bandicev-procelnik-za-financije-tomasevic-je-drama-queen-i-krivo-cita-financijska-izvjesca-sramota\/"},"author":{"name":"Radio Ljubu\u0161ki","@id":"https:\/\/radioljubuski.ba\/#\/schema\/person\/19fc700381a780f69665d7956c469e3b"},"headline":"Biv\u0161i Bandi\u0107ev pro\u010delnik za financije: Toma\u0161evi\u0107 je drama-queen i krivo \u010dita financijska izvje\u0161\u0107a, sramota!","datePublished":"2021-11-04T13:14:12+00:00","mainEntityOfPage":{"@id":"https:\/\/radioljubuski.ba\/index.php\/2021\/11\/04\/bivsi-bandicev-procelnik-za-financije-tomasevic-je-drama-queen-i-krivo-cita-financijska-izvjesca-sramota\/"},"wordCount":691,"publisher":{"@id":"https:\/\/radioljubuski.ba\/#organization"},"image":{"@id":"https:\/\/radioljubuski.ba\/index.php\/2021\/11\/04\/bivsi-bandicev-procelnik-za-financije-tomasevic-je-drama-queen-i-krivo-cita-financijska-izvjesca-sramota\/#primaryimage"},"thumbnailUrl":"https:\/\/radioljubuski.ba\/wp-content\/uploads\/2021\/11\/HN20211103256329-696x464-1.jpg","articleSection":["BIH i regija"],"inLanguage":"hr"},{"@type":"WebPage","@id":"https:\/\/radioljubuski.ba\/index.php\/2021\/11\/04\/bivsi-bandicev-procelnik-za-financije-tomasevic-je-drama-queen-i-krivo-cita-financijska-izvjesca-sramota\/","url":"https:\/\/radioljubuski.ba\/index.php\/2021\/11\/04\/bivsi-bandicev-procelnik-za-financije-tomasevic-je-drama-queen-i-krivo-cita-financijska-izvjesca-sramota\/","name":"Biv\u0161i Bandi\u0107ev pro\u010delnik za financije: Toma\u0161evi\u0107 je drama-queen i krivo \u010dita financijska izvje\u0161\u0107a, sramota! - RADIO LJUBU\u0160KI","isPartOf":{"@id":"https:\/\/radioljubuski.ba\/#website"},"primaryImageOfPage":{"@id":"https:\/\/radioljubuski.ba\/index.php\/2021\/11\/04\/bivsi-bandicev-procelnik-za-financije-tomasevic-je-drama-queen-i-krivo-cita-financijska-izvjesca-sramota\/#primaryimage"},"image":{"@id":"https:\/\/radioljubuski.ba\/index.php\/2021\/11\/04\/bivsi-bandicev-procelnik-za-financije-tomasevic-je-drama-queen-i-krivo-cita-financijska-izvjesca-sramota\/#primaryimage"},"thumbnailUrl":"https:\/\/radioljubuski.ba\/wp-content\/uploads\/2021\/11\/HN20211103256329-696x464-1.jpg","datePublished":"2021-11-04T13:14:12+00:00","breadcrumb":{"@id":"https:\/\/radioljubuski.ba\/index.php\/2021\/11\/04\/bivsi-bandicev-procelnik-za-financije-tomasevic-je-drama-queen-i-krivo-cita-financijska-izvjesca-sramota\/#breadcrumb"},"inLanguage":"hr","potentialAction":[{"@type":"ReadAction","target":["https:\/\/radioljubuski.ba\/index.php\/2021\/11\/04\/bivsi-bandicev-procelnik-za-financije-tomasevic-je-drama-queen-i-krivo-cita-financijska-izvjesca-sramota\/"]}]},{"@type":"ImageObject","inLanguage":"hr","@id":"https:\/\/radioljubuski.ba\/index.php\/2021\/11\/04\/bivsi-bandicev-procelnik-za-financije-tomasevic-je-drama-queen-i-krivo-cita-financijska-izvjesca-sramota\/#primaryimage","url":"https:\/\/radioljubuski.ba\/wp-content\/uploads\/2021\/11\/HN20211103256329-696x464-1.jpg","contentUrl":"https:\/\/radioljubuski.ba\/wp-content\/uploads\/2021\/11\/HN20211103256329-696x464-1.jpg","width":696,"height":464},{"@type":"BreadcrumbList","@id":"https:\/\/radioljubuski.ba\/index.php\/2021\/11\/04\/bivsi-bandicev-procelnik-za-financije-tomasevic-je-drama-queen-i-krivo-cita-financijska-izvjesca-sramota\/#breadcrumb","itemListElement":[{"@type":"ListItem","position":1,"name":"Po\u010detna stranica","item":"https:\/\/radioljubuski.ba\/"},{"@type":"ListItem","position":2,"name":"Biv\u0161i Bandi\u0107ev pro\u010delnik za financije: Toma\u0161evi\u0107 je drama-queen i krivo \u010dita financijska izvje\u0161\u0107a, sramota!"}]},{"@type":"WebSite","@id":"https:\/\/radioljubuski.ba\/#website","url":"https:\/\/radioljubuski.ba\/","name":"Radio Ljubu\u0161ki","description":"Sun\u010dana frekvencija Hercegovine","publisher":{"@id":"https:\/\/radioljubuski.ba\/#organization"},"potentialAction":[{"@type":"SearchAction","target":{"@type":"EntryPoint","urlTemplate":"https:\/\/radioljubuski.ba\/?s={search_term_string}"},"query-input":{"@type":"PropertyValueSpecification","valueRequired":true,"valueName":"search_term_string"}}],"inLanguage":"hr"},{"@type":"Organization","@id":"https:\/\/radioljubuski.ba\/#organization","name":"Radio Ljubu\u0161ki","url":"https:\/\/radioljubuski.ba\/","logo":{"@type":"ImageObject","inLanguage":"hr","@id":"https:\/\/radioljubuski.ba\/#\/schema\/logo\/image\/","url":"https:\/\/radioljubuski.ba\/wp-content\/uploads\/2021\/02\/cropped-Radio_Ljubuski_logo1.jpg","contentUrl":"https:\/\/radioljubuski.ba\/wp-content\/uploads\/2021\/02\/cropped-Radio_Ljubuski_logo1.jpg","width":512,"height":512,"caption":"Radio Ljubu\u0161ki"},"image":{"@id":"https:\/\/radioljubuski.ba\/#\/schema\/logo\/image\/"},"sameAs":["https:\/\/www.facebook.com\/Radiio-Ljubuski-1490835324566332","https:\/\/x.com\/radioljubuski","https:\/\/hr.linkedin.com\/company\/radio-ljubuski","https:\/\/www.youtube.com\/channel\/UCHYaeO_n0Db3tjNGudGpXyw"]},{"@type":"Person","@id":"https:\/\/radioljubuski.ba\/#\/schema\/person\/19fc700381a780f69665d7956c469e3b","name":"Radio Ljubu\u0161ki"}]}},"_links":{"self":[{"href":"https:\/\/radioljubuski.ba\/index.php\/wp-json\/wp\/v2\/posts\/84943","targetHints":{"allow":["GET"]}}],"collection":[{"href":"https:\/\/radioljubuski.ba\/index.php\/wp-json\/wp\/v2\/posts"}],"about":[{"href":"https:\/\/radioljubuski.ba\/index.php\/wp-json\/wp\/v2\/types\/post"}],"author":[{"embeddable":true,"href":"https:\/\/radioljubuski.ba\/index.php\/wp-json\/wp\/v2\/users\/2"}],"replies":[{"embeddable":true,"href":"https:\/\/radioljubuski.ba\/index.php\/wp-json\/wp\/v2\/comments?post=84943"}],"version-history":[{"count":1,"href":"https:\/\/radioljubuski.ba\/index.php\/wp-json\/wp\/v2\/posts\/84943\/revisions"}],"predecessor-version":[{"id":84945,"href":"https:\/\/radioljubuski.ba\/index.php\/wp-json\/wp\/v2\/posts\/84943\/revisions\/84945"}],"wp:featuredmedia":[{"embeddable":true,"href":"https:\/\/radioljubuski.ba\/index.php\/wp-json\/wp\/v2\/media\/84944"}],"wp:attachment":[{"href":"https:\/\/radioljubuski.ba\/index.php\/wp-json\/wp\/v2\/media?parent=84943"}],"wp:term":[{"taxonomy":"category","embeddable":true,"href":"https:\/\/radioljubuski.ba\/index.php\/wp-json\/wp\/v2\/categories?post=84943"},{"taxonomy":"post_tag","embeddable":true,"href":"https:\/\/radioljubuski.ba\/index.php\/wp-json\/wp\/v2\/tags?post=84943"}],"curies":[{"name":"wp","href":"https:\/\/api.w.org\/{rel}","templated":true}]}}