{"id":84946,"date":"2021-11-04T14:18:48","date_gmt":"2021-11-04T13:18:48","guid":{"rendered":"https:\/\/radioljubuski.ba\/?p=84946"},"modified":"2021-11-04T14:18:49","modified_gmt":"2021-11-04T13:18:49","slug":"krznar-pobjeda-nad-nama-rapidu-je-dala-krila-na-nama-je-da-ih-skresemo","status":"publish","type":"post","link":"https:\/\/radioljubuski.ba\/index.php\/2021\/11\/04\/krznar-pobjeda-nad-nama-rapidu-je-dala-krila-na-nama-je-da-ih-skresemo\/","title":{"rendered":"Krznar: Pobjeda nad nama Rapidu je dala krila, na nama je da ih skre\u0161emo"},"content":{"rendered":"\n<p>U \u010detvrtom kolu skupine H Europske lige Dinamo u \u010detvrtak od 21 sat na Maksimiru do\u010dekuje be\u010dki Rapid te ima priliku uzvratiti Austrijancima za nedavni poraz u Be\u010du.&nbsp;<\/p>\n\n\n\n<p>Modri nakon tri kola na kontu imaju pobjedu (Genk u gostima) i dva poraza (West Ham na Maksimiru, Rapid u gostima), pa je pobjeda u \u010detvrtak imperativ ako hrvatski prvak \u017eeli zadr\u017eati ozbiljen ambicije za europsko prolje\u0107e.&nbsp;<\/p>\n\n\n\n<p>Dvoboj su dan prije utakmice (Ju\u010der) najavili trener Dinama <strong>Damir Krznar<\/strong> i <strong>Josip Mi\u0161i\u0107<\/strong>.<\/p>\n\n\n\n<p>&#8211; Pola puta u Europskoj ligi je iza nas. Fokus je uvijek prva sljede\u0107a utakmica. Vjerujem da \u0107emo sutra s Rapidom biti bolji nego u Be\u010du. Ta vjera se temelji na energiji mom\u010dadi i radu u zadnja dva tjedna. Igra\u010di su u dobrom raspolo\u017eenju, a i dva dobra rezultata su iza nas, rekao je u uvodu Krznar.<\/p>\n\n\n\n<iframe loading=\"lazy\" src=\"https:\/\/www.facebook.com\/plugins\/video.php?height=476&#038;href=https%3A%2F%2Fwww.facebook.com%2FHRTsport%2Fvideos%2F235719468548227%2F&#038;show_text=false&#038;width=476&#038;t=0\" width=\"476\" height=\"476\" style=\"border:none;overflow:hidden\" scrolling=\"no\" frameborder=\"0\" allowfullscreen=\"true\" allow=\"autoplay; clipboard-write; encrypted-media; picture-in-picture; web-share\" allowFullScreen=\"true\"><\/iframe>\n\n\n\n<p>&#8211; Sutra\u0161nju utakmicu do\u010dekujemo u jako dobrom raspolo\u017eenju. Na treninzima sve pr\u0161ti od duela i dobrih poteza. Sutra \u0107emo sigurno biti bolji nego u Be\u010du, mo\u017eete o\u010dekivati puno bolji Dinamo, slo\u017eio je Mi\u0161i\u0107.<\/p>\n\n\n\n<iframe loading=\"lazy\" src=\"https:\/\/www.facebook.com\/plugins\/video.php?height=476&#038;href=https%3A%2F%2Fwww.facebook.com%2FHRTsport%2Fvideos%2F1079864599523183%2F&#038;show_text=false&#038;width=476&#038;t=0\" width=\"476\" height=\"476\" style=\"border:none;overflow:hidden\" scrolling=\"no\" frameborder=\"0\" allowfullscreen=\"true\" allow=\"autoplay; clipboard-write; encrypted-media; picture-in-picture; web-share\" allowFullScreen=\"true\"><\/iframe>\n\n\n\n<p>O zdravstvenom kartonu mom\u010dadi Krznar je rekao:<\/p>\n\n\n\n<p>&#8211; Situacija je standarna ve\u0107 neko vrijeme, nema <strong>Juri\u0107a, \u010copa<\/strong> i<strong> Ademija<\/strong>, a bojim se da ne\u0107e biti ni <strong>Dilavera<\/strong>, koji je na antibioticima zbog upale zuba, oko njega \u010dekamo mi\u0161ljenje lije\u010dnika. Svi ostali su zdravi i na raspolaganju.<\/p>\n\n\n\n<p>\u0160to \u0107e sutra to\u010dno biti druga\u010dije kod Dinama u odnosu na Be\u010d?<\/p>\n\n\n\n<p>&#8211; Uz fizi\u010dku komponentu, u kojoj smo bili inferiorni Rapidu, sigurno je bilo i nekih takti\u010dkih odluka koje su dovele do lo\u0161eg rezultata. Posebno tu mislim na na\u0161u zadnju liniju, koja jebila prenisko, sutra \u017eelimo bolju kompaktnost linija, ka\u017ee Krznar.<\/p>\n\n\n\n<p>&#8211; Znamo da smo tamo ba\u0161 podbacili, odigrali dosta lo\u0161e. Ima doza respekta, ali imamo i sngau da poka\u017eemo sutra da smo ipak bolja ekipa od njih, nadovezao se Mi\u0161i\u0107.<\/p>\n\n\n\n<p>Vratio se u formu <strong>Gojak<\/strong>&#8230;<\/p>\n\n\n\n<p>&#8211; Zbog niza izostanaka od po\u010detka sezone neki igra\u010di isplivali su u prvi plan, a neki koji su pali u drugi nisu odustajali ni kad su bili u drugom planu. Zaista imamo 22 do 24 igra\u010da koji mogu odgovoriti svemu, pokazuju to Gojak i<strong> Andri\u0107<\/strong>, ali i ne samo oni, nego i mnogi drugi koji vrijedno rade i \u010dekaju svoju \u0161ansu.&nbsp;<\/p>\n\n\n\n<p>Kakav Rapid o\u010dekuje Krznar sutra?<\/p>\n\n\n\n<p>&#8211; O\u010dekujem sli\u010dan kao i u prvoj utakmici. Malo nagnutu formaciju ulijevo, gdje desno krilo igra skoro tre\u0107eg stopera, ne vjerujem da \u0107e tu puno mijenjati. O\u010dekujem sli\u010dan sustav igre, ali i da \u0107e biti trka\u010dki raspolo\u017eeni, agresivni i radni. Sigurno im je pobjeda nad nama dala krila, na nama je da ih malo skre\u0161emo.<\/p>\n\n\n\n<p>&#8211; Prije utakmice medij isu govorili da su u lo\u0161oj formi, da lo\u0161e stoje, ali mi onda do\u0111emo tamo i vidimo jednu ozbiljnu ekipu, treba se pomu\u010diti za dobar rezultat s njima. Dobri su, ali mislim da smo mi kvalitetniji, moramo to pokazati i do\u0107i do pobjede, nadovezao se Mi\u0161i\u0107.<\/p>\n\n\n\n<p>Je li pritisak jak uo\u010di susreta?<\/p>\n\n\n\n<p>&#8211; Dinamo je pod pritiskom uvijek, u svakoj utakmici \u017eelimo pobjedu. Svakoj utakmici pristupamo na isti na\u010din, ne kao sudbonosnoj ili krucijalnoj. Sigurno je da pobjeda nosi puno, pobjedom otvaramo vrata prolje\u0107u u Europi, \u0161to je na\u0161 cilj. No taj pritisak nas ne\u0107e sputati nego \u0107e nam biti dodatan vjetar u le\u0111a, nada se trener Dinama.<\/p>\n\n\n\n<p>Dodatni vjetar u le\u0111a trebala bi biti i podr\u0161ka s tribina. Do po\u010detka konferencije za medije prodano je oko 4800 ulaznica, a iz kluba o\u010dekuju da \u0107e se u \u010detvrtak na maksimirsim tribinima okupiti oko 10.000 isklju\u010divo Dinamovih navija\u010da, jer je gostima UEFA zabranila prodaju ulaznica njihovim navija\u010dima za ovaj dvoboj. Uz to, su i Bad Blue Boysi najavili spektakularnu koreografiju povodom njihovog 35. ro\u0111endana.<\/p>\n\n\n\n<p>&#8211; Zahvaljujemo BBB-ima i svima ostalima, osje\u0107amo izuzetno veliku podr\u0161ku, na nama je da je opravdamo i uzvratimo istom mjerom, da navija\u010dima u\u010dinimo dolazak i odlazak s utakmica veseljem, komentirao je proslavu Krznar.<\/p>\n\n\n\n<p>Mogu li strastveni i kriti\u010dni navija\u010di izazvati kontraefekt i preveliki pritisak igra\u010dima?<\/p>\n\n\n\n<p>&#8211; Treneri i igra\u010di ne mogu osje\u0107ati nikakav kontraefekt zbog navija\u010da, mi zahvaljujemo i na kritikama i na o\u0161trim rije\u010dima, one su upu\u0107ene da nas probude, nema nikakvih problema, ka\u017ee trener Dinama.<\/p>\n\n\n\n<p>Izvor:hrt.hr<\/p>\n","protected":false},"excerpt":{"rendered":"<p>U \u010detvrtom kolu skupine H Europske lige Dinamo u \u010detvrtak od 21 sat na Maksimiru do\u010dekuje be\u010dki Rapid te ima priliku uzvratiti Austrijancima za nedavni poraz u Be\u010du.&nbsp; Modri nakon tri kola na kontu imaju pobjedu (Genk u gostima) i dva poraza (West Ham na Maksimiru, Rapid u gostima), pa je pobjeda u \u010detvrtak imperativ [&hellip;]<\/p>\n","protected":false},"author":2,"featured_media":84947,"comment_status":"closed","ping_status":"closed","sticky":false,"template":"","format":"standard","meta":{"h5ap_radio_sources":[],"footnotes":""},"categories":[7],"tags":[],"class_list":["post-84946","post","type-post","status-publish","format-standard","has-post-thumbnail","hentry","category-sport"],"yoast_head":"<!-- This site is optimized with the Yoast SEO plugin v27.5 - https:\/\/yoast.com\/product\/yoast-seo-wordpress\/ -->\n<title>Krznar: Pobjeda nad nama Rapidu je dala krila, na nama je da ih skre\u0161emo - RADIO LJUBU\u0160KI<\/title>\n<meta name=\"robots\" content=\"index, follow, max-snippet:-1, max-image-preview:large, max-video-preview:-1\" \/>\n<link rel=\"canonical\" href=\"https:\/\/radioljubuski.ba\/index.php\/2021\/11\/04\/krznar-pobjeda-nad-nama-rapidu-je-dala-krila-na-nama-je-da-ih-skresemo\/\" \/>\n<meta property=\"og:locale\" content=\"hr_HR\" \/>\n<meta property=\"og:type\" content=\"article\" \/>\n<meta property=\"og:title\" content=\"Krznar: Pobjeda nad nama Rapidu je dala krila, na nama je da ih skre\u0161emo - RADIO LJUBU\u0160KI\" \/>\n<meta property=\"og:description\" content=\"U \u010detvrtom kolu skupine H Europske lige Dinamo u \u010detvrtak od 21 sat na Maksimiru do\u010dekuje be\u010dki Rapid te ima priliku uzvratiti Austrijancima za nedavni poraz u Be\u010du.&nbsp; Modri nakon tri kola na kontu imaju pobjedu (Genk u gostima) i dva poraza (West Ham na Maksimiru, Rapid u gostima), pa je pobjeda u \u010detvrtak imperativ [&hellip;]\" \/>\n<meta property=\"og:url\" content=\"https:\/\/radioljubuski.ba\/index.php\/2021\/11\/04\/krznar-pobjeda-nad-nama-rapidu-je-dala-krila-na-nama-je-da-ih-skresemo\/\" \/>\n<meta property=\"og:site_name\" content=\"RADIO LJUBU\u0160KI\" \/>\n<meta property=\"article:publisher\" content=\"https:\/\/www.facebook.com\/Radiio-Ljubuski-1490835324566332\" \/>\n<meta property=\"article:published_time\" content=\"2021-11-04T13:18:48+00:00\" \/>\n<meta property=\"article:modified_time\" content=\"2021-11-04T13:18:49+00:00\" \/>\n<meta property=\"og:image\" content=\"https:\/\/radioljubuski.ba\/wp-content\/uploads\/2021\/11\/PXL_031121_90470912cr-1024x719-1.jpg\" \/>\n\t<meta property=\"og:image:width\" content=\"1024\" \/>\n\t<meta property=\"og:image:height\" content=\"719\" \/>\n\t<meta property=\"og:image:type\" content=\"image\/jpeg\" \/>\n<meta name=\"author\" content=\"Radio Ljubu\u0161ki\" \/>\n<meta name=\"twitter:card\" content=\"summary_large_image\" \/>\n<meta name=\"twitter:creator\" content=\"@radioljubuski\" \/>\n<meta name=\"twitter:site\" content=\"@radioljubuski\" \/>\n<meta name=\"twitter:label1\" content=\"Napisao\/la\" \/>\n\t<meta name=\"twitter:data1\" content=\"Radio Ljubu\u0161ki\" \/>\n\t<meta name=\"twitter:label2\" content=\"Procijenjeno vrijeme \u010ditanja\" \/>\n\t<meta name=\"twitter:data2\" content=\"3 minute\" \/>\n<script type=\"application\/ld+json\" class=\"yoast-schema-graph\">{\"@context\":\"https:\\\/\\\/schema.org\",\"@graph\":[{\"@type\":\"Article\",\"@id\":\"https:\\\/\\\/radioljubuski.ba\\\/index.php\\\/2021\\\/11\\\/04\\\/krznar-pobjeda-nad-nama-rapidu-je-dala-krila-na-nama-je-da-ih-skresemo\\\/#article\",\"isPartOf\":{\"@id\":\"https:\\\/\\\/radioljubuski.ba\\\/index.php\\\/2021\\\/11\\\/04\\\/krznar-pobjeda-nad-nama-rapidu-je-dala-krila-na-nama-je-da-ih-skresemo\\\/\"},\"author\":{\"name\":\"Radio Ljubu\u0161ki\",\"@id\":\"https:\\\/\\\/radioljubuski.ba\\\/#\\\/schema\\\/person\\\/19fc700381a780f69665d7956c469e3b\"},\"headline\":\"Krznar: Pobjeda nad nama Rapidu je dala krila, na nama je da ih skre\u0161emo\",\"datePublished\":\"2021-11-04T13:18:48+00:00\",\"dateModified\":\"2021-11-04T13:18:49+00:00\",\"mainEntityOfPage\":{\"@id\":\"https:\\\/\\\/radioljubuski.ba\\\/index.php\\\/2021\\\/11\\\/04\\\/krznar-pobjeda-nad-nama-rapidu-je-dala-krila-na-nama-je-da-ih-skresemo\\\/\"},\"wordCount\":773,\"publisher\":{\"@id\":\"https:\\\/\\\/radioljubuski.ba\\\/#organization\"},\"image\":{\"@id\":\"https:\\\/\\\/radioljubuski.ba\\\/index.php\\\/2021\\\/11\\\/04\\\/krznar-pobjeda-nad-nama-rapidu-je-dala-krila-na-nama-je-da-ih-skresemo\\\/#primaryimage\"},\"thumbnailUrl\":\"https:\\\/\\\/radioljubuski.ba\\\/wp-content\\\/uploads\\\/2021\\\/11\\\/PXL_031121_90470912cr-1024x719-1.jpg\",\"articleSection\":[\"\u0160port\"],\"inLanguage\":\"hr\"},{\"@type\":\"WebPage\",\"@id\":\"https:\\\/\\\/radioljubuski.ba\\\/index.php\\\/2021\\\/11\\\/04\\\/krznar-pobjeda-nad-nama-rapidu-je-dala-krila-na-nama-je-da-ih-skresemo\\\/\",\"url\":\"https:\\\/\\\/radioljubuski.ba\\\/index.php\\\/2021\\\/11\\\/04\\\/krznar-pobjeda-nad-nama-rapidu-je-dala-krila-na-nama-je-da-ih-skresemo\\\/\",\"name\":\"Krznar: Pobjeda nad nama Rapidu je dala krila, na nama je da ih skre\u0161emo - RADIO LJUBU\u0160KI\",\"isPartOf\":{\"@id\":\"https:\\\/\\\/radioljubuski.ba\\\/#website\"},\"primaryImageOfPage\":{\"@id\":\"https:\\\/\\\/radioljubuski.ba\\\/index.php\\\/2021\\\/11\\\/04\\\/krznar-pobjeda-nad-nama-rapidu-je-dala-krila-na-nama-je-da-ih-skresemo\\\/#primaryimage\"},\"image\":{\"@id\":\"https:\\\/\\\/radioljubuski.ba\\\/index.php\\\/2021\\\/11\\\/04\\\/krznar-pobjeda-nad-nama-rapidu-je-dala-krila-na-nama-je-da-ih-skresemo\\\/#primaryimage\"},\"thumbnailUrl\":\"https:\\\/\\\/radioljubuski.ba\\\/wp-content\\\/uploads\\\/2021\\\/11\\\/PXL_031121_90470912cr-1024x719-1.jpg\",\"datePublished\":\"2021-11-04T13:18:48+00:00\",\"dateModified\":\"2021-11-04T13:18:49+00:00\",\"breadcrumb\":{\"@id\":\"https:\\\/\\\/radioljubuski.ba\\\/index.php\\\/2021\\\/11\\\/04\\\/krznar-pobjeda-nad-nama-rapidu-je-dala-krila-na-nama-je-da-ih-skresemo\\\/#breadcrumb\"},\"inLanguage\":\"hr\",\"potentialAction\":[{\"@type\":\"ReadAction\",\"target\":[\"https:\\\/\\\/radioljubuski.ba\\\/index.php\\\/2021\\\/11\\\/04\\\/krznar-pobjeda-nad-nama-rapidu-je-dala-krila-na-nama-je-da-ih-skresemo\\\/\"]}]},{\"@type\":\"ImageObject\",\"inLanguage\":\"hr\",\"@id\":\"https:\\\/\\\/radioljubuski.ba\\\/index.php\\\/2021\\\/11\\\/04\\\/krznar-pobjeda-nad-nama-rapidu-je-dala-krila-na-nama-je-da-ih-skresemo\\\/#primaryimage\",\"url\":\"https:\\\/\\\/radioljubuski.ba\\\/wp-content\\\/uploads\\\/2021\\\/11\\\/PXL_031121_90470912cr-1024x719-1.jpg\",\"contentUrl\":\"https:\\\/\\\/radioljubuski.ba\\\/wp-content\\\/uploads\\\/2021\\\/11\\\/PXL_031121_90470912cr-1024x719-1.jpg\",\"width\":1024,\"height\":719},{\"@type\":\"BreadcrumbList\",\"@id\":\"https:\\\/\\\/radioljubuski.ba\\\/index.php\\\/2021\\\/11\\\/04\\\/krznar-pobjeda-nad-nama-rapidu-je-dala-krila-na-nama-je-da-ih-skresemo\\\/#breadcrumb\",\"itemListElement\":[{\"@type\":\"ListItem\",\"position\":1,\"name\":\"Po\u010detna stranica\",\"item\":\"https:\\\/\\\/radioljubuski.ba\\\/\"},{\"@type\":\"ListItem\",\"position\":2,\"name\":\"Krznar: Pobjeda nad nama Rapidu je dala krila, na nama je da ih skre\u0161emo\"}]},{\"@type\":\"WebSite\",\"@id\":\"https:\\\/\\\/radioljubuski.ba\\\/#website\",\"url\":\"https:\\\/\\\/radioljubuski.ba\\\/\",\"name\":\"Radio Ljubu\u0161ki\",\"description\":\"Sun\u010dana frekvencija Hercegovine\",\"publisher\":{\"@id\":\"https:\\\/\\\/radioljubuski.ba\\\/#organization\"},\"potentialAction\":[{\"@type\":\"SearchAction\",\"target\":{\"@type\":\"EntryPoint\",\"urlTemplate\":\"https:\\\/\\\/radioljubuski.ba\\\/?s={search_term_string}\"},\"query-input\":{\"@type\":\"PropertyValueSpecification\",\"valueRequired\":true,\"valueName\":\"search_term_string\"}}],\"inLanguage\":\"hr\"},{\"@type\":\"Organization\",\"@id\":\"https:\\\/\\\/radioljubuski.ba\\\/#organization\",\"name\":\"Radio Ljubu\u0161ki\",\"url\":\"https:\\\/\\\/radioljubuski.ba\\\/\",\"logo\":{\"@type\":\"ImageObject\",\"inLanguage\":\"hr\",\"@id\":\"https:\\\/\\\/radioljubuski.ba\\\/#\\\/schema\\\/logo\\\/image\\\/\",\"url\":\"https:\\\/\\\/radioljubuski.ba\\\/wp-content\\\/uploads\\\/2021\\\/02\\\/cropped-Radio_Ljubuski_logo1.jpg\",\"contentUrl\":\"https:\\\/\\\/radioljubuski.ba\\\/wp-content\\\/uploads\\\/2021\\\/02\\\/cropped-Radio_Ljubuski_logo1.jpg\",\"width\":512,\"height\":512,\"caption\":\"Radio Ljubu\u0161ki\"},\"image\":{\"@id\":\"https:\\\/\\\/radioljubuski.ba\\\/#\\\/schema\\\/logo\\\/image\\\/\"},\"sameAs\":[\"https:\\\/\\\/www.facebook.com\\\/Radiio-Ljubuski-1490835324566332\",\"https:\\\/\\\/x.com\\\/radioljubuski\",\"https:\\\/\\\/hr.linkedin.com\\\/company\\\/radio-ljubuski\",\"https:\\\/\\\/www.youtube.com\\\/channel\\\/UCHYaeO_n0Db3tjNGudGpXyw\"]},{\"@type\":\"Person\",\"@id\":\"https:\\\/\\\/radioljubuski.ba\\\/#\\\/schema\\\/person\\\/19fc700381a780f69665d7956c469e3b\",\"name\":\"Radio Ljubu\u0161ki\"}]}<\/script>\n<!-- \/ Yoast SEO plugin. -->","yoast_head_json":{"title":"Krznar: Pobjeda nad nama Rapidu je dala krila, na nama je da ih skre\u0161emo - RADIO LJUBU\u0160KI","robots":{"index":"index","follow":"follow","max-snippet":"max-snippet:-1","max-image-preview":"max-image-preview:large","max-video-preview":"max-video-preview:-1"},"canonical":"https:\/\/radioljubuski.ba\/index.php\/2021\/11\/04\/krznar-pobjeda-nad-nama-rapidu-je-dala-krila-na-nama-je-da-ih-skresemo\/","og_locale":"hr_HR","og_type":"article","og_title":"Krznar: Pobjeda nad nama Rapidu je dala krila, na nama je da ih skre\u0161emo - RADIO LJUBU\u0160KI","og_description":"U \u010detvrtom kolu skupine H Europske lige Dinamo u \u010detvrtak od 21 sat na Maksimiru do\u010dekuje be\u010dki Rapid te ima priliku uzvratiti Austrijancima za nedavni poraz u Be\u010du.&nbsp; Modri nakon tri kola na kontu imaju pobjedu (Genk u gostima) i dva poraza (West Ham na Maksimiru, Rapid u gostima), pa je pobjeda u \u010detvrtak imperativ [&hellip;]","og_url":"https:\/\/radioljubuski.ba\/index.php\/2021\/11\/04\/krznar-pobjeda-nad-nama-rapidu-je-dala-krila-na-nama-je-da-ih-skresemo\/","og_site_name":"RADIO LJUBU\u0160KI","article_publisher":"https:\/\/www.facebook.com\/Radiio-Ljubuski-1490835324566332","article_published_time":"2021-11-04T13:18:48+00:00","article_modified_time":"2021-11-04T13:18:49+00:00","og_image":[{"width":1024,"height":719,"url":"https:\/\/radioljubuski.ba\/wp-content\/uploads\/2021\/11\/PXL_031121_90470912cr-1024x719-1.jpg","type":"image\/jpeg"}],"author":"Radio Ljubu\u0161ki","twitter_card":"summary_large_image","twitter_creator":"@radioljubuski","twitter_site":"@radioljubuski","twitter_misc":{"Napisao\/la":"Radio Ljubu\u0161ki","Procijenjeno vrijeme \u010ditanja":"3 minute"},"schema":{"@context":"https:\/\/schema.org","@graph":[{"@type":"Article","@id":"https:\/\/radioljubuski.ba\/index.php\/2021\/11\/04\/krznar-pobjeda-nad-nama-rapidu-je-dala-krila-na-nama-je-da-ih-skresemo\/#article","isPartOf":{"@id":"https:\/\/radioljubuski.ba\/index.php\/2021\/11\/04\/krznar-pobjeda-nad-nama-rapidu-je-dala-krila-na-nama-je-da-ih-skresemo\/"},"author":{"name":"Radio Ljubu\u0161ki","@id":"https:\/\/radioljubuski.ba\/#\/schema\/person\/19fc700381a780f69665d7956c469e3b"},"headline":"Krznar: Pobjeda nad nama Rapidu je dala krila, na nama je da ih skre\u0161emo","datePublished":"2021-11-04T13:18:48+00:00","dateModified":"2021-11-04T13:18:49+00:00","mainEntityOfPage":{"@id":"https:\/\/radioljubuski.ba\/index.php\/2021\/11\/04\/krznar-pobjeda-nad-nama-rapidu-je-dala-krila-na-nama-je-da-ih-skresemo\/"},"wordCount":773,"publisher":{"@id":"https:\/\/radioljubuski.ba\/#organization"},"image":{"@id":"https:\/\/radioljubuski.ba\/index.php\/2021\/11\/04\/krznar-pobjeda-nad-nama-rapidu-je-dala-krila-na-nama-je-da-ih-skresemo\/#primaryimage"},"thumbnailUrl":"https:\/\/radioljubuski.ba\/wp-content\/uploads\/2021\/11\/PXL_031121_90470912cr-1024x719-1.jpg","articleSection":["\u0160port"],"inLanguage":"hr"},{"@type":"WebPage","@id":"https:\/\/radioljubuski.ba\/index.php\/2021\/11\/04\/krznar-pobjeda-nad-nama-rapidu-je-dala-krila-na-nama-je-da-ih-skresemo\/","url":"https:\/\/radioljubuski.ba\/index.php\/2021\/11\/04\/krznar-pobjeda-nad-nama-rapidu-je-dala-krila-na-nama-je-da-ih-skresemo\/","name":"Krznar: Pobjeda nad nama Rapidu je dala krila, na nama je da ih skre\u0161emo - RADIO LJUBU\u0160KI","isPartOf":{"@id":"https:\/\/radioljubuski.ba\/#website"},"primaryImageOfPage":{"@id":"https:\/\/radioljubuski.ba\/index.php\/2021\/11\/04\/krznar-pobjeda-nad-nama-rapidu-je-dala-krila-na-nama-je-da-ih-skresemo\/#primaryimage"},"image":{"@id":"https:\/\/radioljubuski.ba\/index.php\/2021\/11\/04\/krznar-pobjeda-nad-nama-rapidu-je-dala-krila-na-nama-je-da-ih-skresemo\/#primaryimage"},"thumbnailUrl":"https:\/\/radioljubuski.ba\/wp-content\/uploads\/2021\/11\/PXL_031121_90470912cr-1024x719-1.jpg","datePublished":"2021-11-04T13:18:48+00:00","dateModified":"2021-11-04T13:18:49+00:00","breadcrumb":{"@id":"https:\/\/radioljubuski.ba\/index.php\/2021\/11\/04\/krznar-pobjeda-nad-nama-rapidu-je-dala-krila-na-nama-je-da-ih-skresemo\/#breadcrumb"},"inLanguage":"hr","potentialAction":[{"@type":"ReadAction","target":["https:\/\/radioljubuski.ba\/index.php\/2021\/11\/04\/krznar-pobjeda-nad-nama-rapidu-je-dala-krila-na-nama-je-da-ih-skresemo\/"]}]},{"@type":"ImageObject","inLanguage":"hr","@id":"https:\/\/radioljubuski.ba\/index.php\/2021\/11\/04\/krznar-pobjeda-nad-nama-rapidu-je-dala-krila-na-nama-je-da-ih-skresemo\/#primaryimage","url":"https:\/\/radioljubuski.ba\/wp-content\/uploads\/2021\/11\/PXL_031121_90470912cr-1024x719-1.jpg","contentUrl":"https:\/\/radioljubuski.ba\/wp-content\/uploads\/2021\/11\/PXL_031121_90470912cr-1024x719-1.jpg","width":1024,"height":719},{"@type":"BreadcrumbList","@id":"https:\/\/radioljubuski.ba\/index.php\/2021\/11\/04\/krznar-pobjeda-nad-nama-rapidu-je-dala-krila-na-nama-je-da-ih-skresemo\/#breadcrumb","itemListElement":[{"@type":"ListItem","position":1,"name":"Po\u010detna stranica","item":"https:\/\/radioljubuski.ba\/"},{"@type":"ListItem","position":2,"name":"Krznar: Pobjeda nad nama Rapidu je dala krila, na nama je da ih skre\u0161emo"}]},{"@type":"WebSite","@id":"https:\/\/radioljubuski.ba\/#website","url":"https:\/\/radioljubuski.ba\/","name":"Radio Ljubu\u0161ki","description":"Sun\u010dana frekvencija Hercegovine","publisher":{"@id":"https:\/\/radioljubuski.ba\/#organization"},"potentialAction":[{"@type":"SearchAction","target":{"@type":"EntryPoint","urlTemplate":"https:\/\/radioljubuski.ba\/?s={search_term_string}"},"query-input":{"@type":"PropertyValueSpecification","valueRequired":true,"valueName":"search_term_string"}}],"inLanguage":"hr"},{"@type":"Organization","@id":"https:\/\/radioljubuski.ba\/#organization","name":"Radio Ljubu\u0161ki","url":"https:\/\/radioljubuski.ba\/","logo":{"@type":"ImageObject","inLanguage":"hr","@id":"https:\/\/radioljubuski.ba\/#\/schema\/logo\/image\/","url":"https:\/\/radioljubuski.ba\/wp-content\/uploads\/2021\/02\/cropped-Radio_Ljubuski_logo1.jpg","contentUrl":"https:\/\/radioljubuski.ba\/wp-content\/uploads\/2021\/02\/cropped-Radio_Ljubuski_logo1.jpg","width":512,"height":512,"caption":"Radio Ljubu\u0161ki"},"image":{"@id":"https:\/\/radioljubuski.ba\/#\/schema\/logo\/image\/"},"sameAs":["https:\/\/www.facebook.com\/Radiio-Ljubuski-1490835324566332","https:\/\/x.com\/radioljubuski","https:\/\/hr.linkedin.com\/company\/radio-ljubuski","https:\/\/www.youtube.com\/channel\/UCHYaeO_n0Db3tjNGudGpXyw"]},{"@type":"Person","@id":"https:\/\/radioljubuski.ba\/#\/schema\/person\/19fc700381a780f69665d7956c469e3b","name":"Radio Ljubu\u0161ki"}]}},"_links":{"self":[{"href":"https:\/\/radioljubuski.ba\/index.php\/wp-json\/wp\/v2\/posts\/84946","targetHints":{"allow":["GET"]}}],"collection":[{"href":"https:\/\/radioljubuski.ba\/index.php\/wp-json\/wp\/v2\/posts"}],"about":[{"href":"https:\/\/radioljubuski.ba\/index.php\/wp-json\/wp\/v2\/types\/post"}],"author":[{"embeddable":true,"href":"https:\/\/radioljubuski.ba\/index.php\/wp-json\/wp\/v2\/users\/2"}],"replies":[{"embeddable":true,"href":"https:\/\/radioljubuski.ba\/index.php\/wp-json\/wp\/v2\/comments?post=84946"}],"version-history":[{"count":1,"href":"https:\/\/radioljubuski.ba\/index.php\/wp-json\/wp\/v2\/posts\/84946\/revisions"}],"predecessor-version":[{"id":84948,"href":"https:\/\/radioljubuski.ba\/index.php\/wp-json\/wp\/v2\/posts\/84946\/revisions\/84948"}],"wp:featuredmedia":[{"embeddable":true,"href":"https:\/\/radioljubuski.ba\/index.php\/wp-json\/wp\/v2\/media\/84947"}],"wp:attachment":[{"href":"https:\/\/radioljubuski.ba\/index.php\/wp-json\/wp\/v2\/media?parent=84946"}],"wp:term":[{"taxonomy":"category","embeddable":true,"href":"https:\/\/radioljubuski.ba\/index.php\/wp-json\/wp\/v2\/categories?post=84946"},{"taxonomy":"post_tag","embeddable":true,"href":"https:\/\/radioljubuski.ba\/index.php\/wp-json\/wp\/v2\/tags?post=84946"}],"curies":[{"name":"wp","href":"https:\/\/api.w.org\/{rel}","templated":true}]}}