{"id":84957,"date":"2021-11-04T14:31:15","date_gmt":"2021-11-04T13:31:15","guid":{"rendered":"https:\/\/radioljubuski.ba\/?p=84957"},"modified":"2021-11-04T14:31:16","modified_gmt":"2021-11-04T13:31:16","slug":"dinamo-docekuje-rapid-u-nastavku-borbe-za-proljece-u-europi","status":"publish","type":"post","link":"https:\/\/radioljubuski.ba\/index.php\/2021\/11\/04\/dinamo-docekuje-rapid-u-nastavku-borbe-za-proljece-u-europi\/","title":{"rendered":"Dinamo do\u010dekuje Rapid u nastavku borbe za prolje\u0107e u Europi"},"content":{"rendered":"\n<p>Nogometa\u0161e Dinama u 21 sat na Maksimiru \u010deka dvoboj 4. kola skupine H Europske lige protiv be\u010dkog Rapida.<\/p>\n\n\n\n<p>Pred hrvatskim prvakom imperativ je pobjede, a dodatni vjetar u le\u0111a trebala bi im biti i podr\u0161ka navija\u010da. Iz kluba o\u010dekuju da \u0107e se na maksimirskim tribinama okupiti oko 10.000 isklju\u010divo Dinamovih navija\u010da, jer je gostima UEFA zabranila prodaju ulaznica njihovim navija\u010dima za ovaj dvoboj. Uz to, su i Bad Blue Boysi najavili spektakularnu koreografiju povodom njihovog 35. ro\u0111endana.<\/p>\n\n\n\n<p>Dinamo je prije dva tjedna pora\u017een u Be\u010du (1:2), uz vrlo blijedo izdanje, kakvo se, uvjeren je trener <strong>Damir Krznar,<\/strong> na Maksimiru ne\u0107e ponoviti. Istaknuo je kako pritisak ne\u0107e sputati njegove igra\u010de ve\u0107 da \u0107e im biti dodatni vjetar u le\u0111a.<br><br>Njegove je rije\u010di potvrdio i defenzivni vezni igra\u010d<strong> Josip Mi\u0161i\u0107<\/strong>: &#8211; Utakmicu do\u010dekujemo u jako dobrom raspolo\u017eenju. U svla\u010dionici je jako dobra atmosfera. Na treninzima sve pr\u0161ti od duela i dobrih poteza. Sigurno \u0107emo biti bolji nego u Be\u010du. Mo\u017eete o\u010dekivati puno bolji Dinamo.<\/p>\n\n\n\n<iframe loading=\"lazy\" src=\"https:\/\/www.facebook.com\/plugins\/video.php?height=476&#038;href=https%3A%2F%2Fwww.facebook.com%2FHRTsport%2Fvideos%2F1011201669464455%2F&#038;show_text=false&#038;width=476&#038;t=0\" width=\"476\" height=\"476\" style=\"border:none;overflow:hidden\" scrolling=\"no\" frameborder=\"0\" allowfullscreen=\"true\" allow=\"autoplay; clipboard-write; encrypted-media; picture-in-picture; web-share\" allowFullScreen=\"true\"><\/iframe>\n\n\n\n<p>Dinamo se nalazi na drugome mjestu u skupini s tri boda, ali isto toliko imaju tre\u0107eplasirani Rapid i Genk koji je na \u010detvrtoj poziciji. Vode\u0107i West Ham je s devet bodova ve\u0107 prakti\u010dki osigurao plasman u osminu finala, dok bi Dinamo pobjedom napravio veliki korak k osvajanju drugog mjesta koje tako\u0111er donosi plasman u nokaut fazu natjecanja. S druge strane, ne osvoji li Dinamo ve\u010deras tri boda, ozbiljno \u0107e uzdrmati ambicije u Europi.<br><br>Zbog ozljeda ne\u0107e biti <strong>Ademija<\/strong>, <strong>Juri\u0107a <\/strong>i <strong>\u010copa<\/strong>, a upitan je nastup i <strong>Dilavera<\/strong>.&nbsp;<\/p>\n\n\n\n<p><br><strong>O\u010dekivani sastavi:<\/strong><\/p>\n\n\n\n<p>DINAMO: Livakovi\u0107 &#8211; Ristovski, \u0160utalo, Theophile, Franji\u0107 &#8211; Mi\u0161i\u0107, Gojak &#8211; Ivanu\u0161ec, Petkovi\u0107, Or\u0161i\u0107 &#8211; Andri\u0107<\/p>\n\n\n\n<p>RAPID: Gartler &#8211; Stojkovi\u0107, Hofmann, Wimmer, Ullmann &#8211; Ljubi\u010di\u0107, Grahovac &#8211; Arase, Knasm\u00fcllner, Fountas &#8211; Kara<\/p>\n\n\n\n<p>Izvor:hrt.hr<\/p>\n","protected":false},"excerpt":{"rendered":"<p>Nogometa\u0161e Dinama u 21 sat na Maksimiru \u010deka dvoboj 4. kola skupine H Europske lige protiv be\u010dkog Rapida. Pred hrvatskim prvakom imperativ je pobjede, a dodatni vjetar u le\u0111a trebala bi im biti i podr\u0161ka navija\u010da. Iz kluba o\u010dekuju da \u0107e se na maksimirskim tribinama okupiti oko 10.000 isklju\u010divo Dinamovih navija\u010da, jer je gostima UEFA [&hellip;]<\/p>\n","protected":false},"author":2,"featured_media":84958,"comment_status":"closed","ping_status":"closed","sticky":false,"template":"","format":"standard","meta":{"h5ap_radio_sources":[],"footnotes":""},"categories":[7],"tags":[],"class_list":["post-84957","post","type-post","status-publish","format-standard","has-post-thumbnail","hentry","category-sport"],"yoast_head":"<!-- This site is optimized with the Yoast SEO plugin v27.5 - https:\/\/yoast.com\/product\/yoast-seo-wordpress\/ -->\n<title>Dinamo do\u010dekuje Rapid u nastavku borbe za prolje\u0107e u Europi - RADIO LJUBU\u0160KI<\/title>\n<meta name=\"robots\" content=\"index, follow, max-snippet:-1, max-image-preview:large, max-video-preview:-1\" \/>\n<link rel=\"canonical\" href=\"https:\/\/radioljubuski.ba\/index.php\/2021\/11\/04\/dinamo-docekuje-rapid-u-nastavku-borbe-za-proljece-u-europi\/\" \/>\n<meta property=\"og:locale\" content=\"hr_HR\" \/>\n<meta property=\"og:type\" content=\"article\" \/>\n<meta property=\"og:title\" content=\"Dinamo do\u010dekuje Rapid u nastavku borbe za prolje\u0107e u Europi - RADIO LJUBU\u0160KI\" \/>\n<meta property=\"og:description\" content=\"Nogometa\u0161e Dinama u 21 sat na Maksimiru \u010deka dvoboj 4. kola skupine H Europske lige protiv be\u010dkog Rapida. Pred hrvatskim prvakom imperativ je pobjede, a dodatni vjetar u le\u0111a trebala bi im biti i podr\u0161ka navija\u010da. Iz kluba o\u010dekuju da \u0107e se na maksimirskim tribinama okupiti oko 10.000 isklju\u010divo Dinamovih navija\u010da, jer je gostima UEFA [&hellip;]\" \/>\n<meta property=\"og:url\" content=\"https:\/\/radioljubuski.ba\/index.php\/2021\/11\/04\/dinamo-docekuje-rapid-u-nastavku-borbe-za-proljece-u-europi\/\" \/>\n<meta property=\"og:site_name\" content=\"RADIO LJUBU\u0160KI\" \/>\n<meta property=\"article:publisher\" content=\"https:\/\/www.facebook.com\/Radiio-Ljubuski-1490835324566332\" \/>\n<meta property=\"article:published_time\" content=\"2021-11-04T13:31:15+00:00\" \/>\n<meta property=\"article:modified_time\" content=\"2021-11-04T13:31:16+00:00\" \/>\n<meta property=\"og:image\" content=\"https:\/\/radioljubuski.ba\/wp-content\/uploads\/2021\/11\/22-3.jpg\" \/>\n\t<meta property=\"og:image:width\" content=\"259\" \/>\n\t<meta property=\"og:image:height\" content=\"194\" \/>\n\t<meta property=\"og:image:type\" content=\"image\/jpeg\" \/>\n<meta name=\"author\" content=\"Radio Ljubu\u0161ki\" \/>\n<meta name=\"twitter:card\" content=\"summary_large_image\" \/>\n<meta name=\"twitter:creator\" content=\"@radioljubuski\" \/>\n<meta name=\"twitter:site\" content=\"@radioljubuski\" \/>\n<meta name=\"twitter:label1\" content=\"Napisao\/la\" \/>\n\t<meta name=\"twitter:data1\" content=\"Radio Ljubu\u0161ki\" \/>\n\t<meta name=\"twitter:label2\" content=\"Procijenjeno vrijeme \u010ditanja\" \/>\n\t<meta name=\"twitter:data2\" content=\"2 minute\" \/>\n<script type=\"application\/ld+json\" class=\"yoast-schema-graph\">{\"@context\":\"https:\\\/\\\/schema.org\",\"@graph\":[{\"@type\":\"Article\",\"@id\":\"https:\\\/\\\/radioljubuski.ba\\\/index.php\\\/2021\\\/11\\\/04\\\/dinamo-docekuje-rapid-u-nastavku-borbe-za-proljece-u-europi\\\/#article\",\"isPartOf\":{\"@id\":\"https:\\\/\\\/radioljubuski.ba\\\/index.php\\\/2021\\\/11\\\/04\\\/dinamo-docekuje-rapid-u-nastavku-borbe-za-proljece-u-europi\\\/\"},\"author\":{\"name\":\"Radio Ljubu\u0161ki\",\"@id\":\"https:\\\/\\\/radioljubuski.ba\\\/#\\\/schema\\\/person\\\/19fc700381a780f69665d7956c469e3b\"},\"headline\":\"Dinamo do\u010dekuje Rapid u nastavku borbe za prolje\u0107e u Europi\",\"datePublished\":\"2021-11-04T13:31:15+00:00\",\"dateModified\":\"2021-11-04T13:31:16+00:00\",\"mainEntityOfPage\":{\"@id\":\"https:\\\/\\\/radioljubuski.ba\\\/index.php\\\/2021\\\/11\\\/04\\\/dinamo-docekuje-rapid-u-nastavku-borbe-za-proljece-u-europi\\\/\"},\"wordCount\":332,\"publisher\":{\"@id\":\"https:\\\/\\\/radioljubuski.ba\\\/#organization\"},\"image\":{\"@id\":\"https:\\\/\\\/radioljubuski.ba\\\/index.php\\\/2021\\\/11\\\/04\\\/dinamo-docekuje-rapid-u-nastavku-borbe-za-proljece-u-europi\\\/#primaryimage\"},\"thumbnailUrl\":\"https:\\\/\\\/radioljubuski.ba\\\/wp-content\\\/uploads\\\/2021\\\/11\\\/22-3.jpg\",\"articleSection\":[\"\u0160port\"],\"inLanguage\":\"hr\"},{\"@type\":\"WebPage\",\"@id\":\"https:\\\/\\\/radioljubuski.ba\\\/index.php\\\/2021\\\/11\\\/04\\\/dinamo-docekuje-rapid-u-nastavku-borbe-za-proljece-u-europi\\\/\",\"url\":\"https:\\\/\\\/radioljubuski.ba\\\/index.php\\\/2021\\\/11\\\/04\\\/dinamo-docekuje-rapid-u-nastavku-borbe-za-proljece-u-europi\\\/\",\"name\":\"Dinamo do\u010dekuje Rapid u nastavku borbe za prolje\u0107e u Europi - RADIO LJUBU\u0160KI\",\"isPartOf\":{\"@id\":\"https:\\\/\\\/radioljubuski.ba\\\/#website\"},\"primaryImageOfPage\":{\"@id\":\"https:\\\/\\\/radioljubuski.ba\\\/index.php\\\/2021\\\/11\\\/04\\\/dinamo-docekuje-rapid-u-nastavku-borbe-za-proljece-u-europi\\\/#primaryimage\"},\"image\":{\"@id\":\"https:\\\/\\\/radioljubuski.ba\\\/index.php\\\/2021\\\/11\\\/04\\\/dinamo-docekuje-rapid-u-nastavku-borbe-za-proljece-u-europi\\\/#primaryimage\"},\"thumbnailUrl\":\"https:\\\/\\\/radioljubuski.ba\\\/wp-content\\\/uploads\\\/2021\\\/11\\\/22-3.jpg\",\"datePublished\":\"2021-11-04T13:31:15+00:00\",\"dateModified\":\"2021-11-04T13:31:16+00:00\",\"breadcrumb\":{\"@id\":\"https:\\\/\\\/radioljubuski.ba\\\/index.php\\\/2021\\\/11\\\/04\\\/dinamo-docekuje-rapid-u-nastavku-borbe-za-proljece-u-europi\\\/#breadcrumb\"},\"inLanguage\":\"hr\",\"potentialAction\":[{\"@type\":\"ReadAction\",\"target\":[\"https:\\\/\\\/radioljubuski.ba\\\/index.php\\\/2021\\\/11\\\/04\\\/dinamo-docekuje-rapid-u-nastavku-borbe-za-proljece-u-europi\\\/\"]}]},{\"@type\":\"ImageObject\",\"inLanguage\":\"hr\",\"@id\":\"https:\\\/\\\/radioljubuski.ba\\\/index.php\\\/2021\\\/11\\\/04\\\/dinamo-docekuje-rapid-u-nastavku-borbe-za-proljece-u-europi\\\/#primaryimage\",\"url\":\"https:\\\/\\\/radioljubuski.ba\\\/wp-content\\\/uploads\\\/2021\\\/11\\\/22-3.jpg\",\"contentUrl\":\"https:\\\/\\\/radioljubuski.ba\\\/wp-content\\\/uploads\\\/2021\\\/11\\\/22-3.jpg\",\"width\":259,\"height\":194},{\"@type\":\"BreadcrumbList\",\"@id\":\"https:\\\/\\\/radioljubuski.ba\\\/index.php\\\/2021\\\/11\\\/04\\\/dinamo-docekuje-rapid-u-nastavku-borbe-za-proljece-u-europi\\\/#breadcrumb\",\"itemListElement\":[{\"@type\":\"ListItem\",\"position\":1,\"name\":\"Po\u010detna stranica\",\"item\":\"https:\\\/\\\/radioljubuski.ba\\\/\"},{\"@type\":\"ListItem\",\"position\":2,\"name\":\"Dinamo do\u010dekuje Rapid u nastavku borbe za prolje\u0107e u Europi\"}]},{\"@type\":\"WebSite\",\"@id\":\"https:\\\/\\\/radioljubuski.ba\\\/#website\",\"url\":\"https:\\\/\\\/radioljubuski.ba\\\/\",\"name\":\"Radio Ljubu\u0161ki\",\"description\":\"Sun\u010dana frekvencija Hercegovine\",\"publisher\":{\"@id\":\"https:\\\/\\\/radioljubuski.ba\\\/#organization\"},\"potentialAction\":[{\"@type\":\"SearchAction\",\"target\":{\"@type\":\"EntryPoint\",\"urlTemplate\":\"https:\\\/\\\/radioljubuski.ba\\\/?s={search_term_string}\"},\"query-input\":{\"@type\":\"PropertyValueSpecification\",\"valueRequired\":true,\"valueName\":\"search_term_string\"}}],\"inLanguage\":\"hr\"},{\"@type\":\"Organization\",\"@id\":\"https:\\\/\\\/radioljubuski.ba\\\/#organization\",\"name\":\"Radio Ljubu\u0161ki\",\"url\":\"https:\\\/\\\/radioljubuski.ba\\\/\",\"logo\":{\"@type\":\"ImageObject\",\"inLanguage\":\"hr\",\"@id\":\"https:\\\/\\\/radioljubuski.ba\\\/#\\\/schema\\\/logo\\\/image\\\/\",\"url\":\"https:\\\/\\\/radioljubuski.ba\\\/wp-content\\\/uploads\\\/2021\\\/02\\\/cropped-Radio_Ljubuski_logo1.jpg\",\"contentUrl\":\"https:\\\/\\\/radioljubuski.ba\\\/wp-content\\\/uploads\\\/2021\\\/02\\\/cropped-Radio_Ljubuski_logo1.jpg\",\"width\":512,\"height\":512,\"caption\":\"Radio Ljubu\u0161ki\"},\"image\":{\"@id\":\"https:\\\/\\\/radioljubuski.ba\\\/#\\\/schema\\\/logo\\\/image\\\/\"},\"sameAs\":[\"https:\\\/\\\/www.facebook.com\\\/Radiio-Ljubuski-1490835324566332\",\"https:\\\/\\\/x.com\\\/radioljubuski\",\"https:\\\/\\\/hr.linkedin.com\\\/company\\\/radio-ljubuski\",\"https:\\\/\\\/www.youtube.com\\\/channel\\\/UCHYaeO_n0Db3tjNGudGpXyw\"]},{\"@type\":\"Person\",\"@id\":\"https:\\\/\\\/radioljubuski.ba\\\/#\\\/schema\\\/person\\\/19fc700381a780f69665d7956c469e3b\",\"name\":\"Radio Ljubu\u0161ki\"}]}<\/script>\n<!-- \/ Yoast SEO plugin. -->","yoast_head_json":{"title":"Dinamo do\u010dekuje Rapid u nastavku borbe za prolje\u0107e u Europi - RADIO LJUBU\u0160KI","robots":{"index":"index","follow":"follow","max-snippet":"max-snippet:-1","max-image-preview":"max-image-preview:large","max-video-preview":"max-video-preview:-1"},"canonical":"https:\/\/radioljubuski.ba\/index.php\/2021\/11\/04\/dinamo-docekuje-rapid-u-nastavku-borbe-za-proljece-u-europi\/","og_locale":"hr_HR","og_type":"article","og_title":"Dinamo do\u010dekuje Rapid u nastavku borbe za prolje\u0107e u Europi - RADIO LJUBU\u0160KI","og_description":"Nogometa\u0161e Dinama u 21 sat na Maksimiru \u010deka dvoboj 4. kola skupine H Europske lige protiv be\u010dkog Rapida. Pred hrvatskim prvakom imperativ je pobjede, a dodatni vjetar u le\u0111a trebala bi im biti i podr\u0161ka navija\u010da. Iz kluba o\u010dekuju da \u0107e se na maksimirskim tribinama okupiti oko 10.000 isklju\u010divo Dinamovih navija\u010da, jer je gostima UEFA [&hellip;]","og_url":"https:\/\/radioljubuski.ba\/index.php\/2021\/11\/04\/dinamo-docekuje-rapid-u-nastavku-borbe-za-proljece-u-europi\/","og_site_name":"RADIO LJUBU\u0160KI","article_publisher":"https:\/\/www.facebook.com\/Radiio-Ljubuski-1490835324566332","article_published_time":"2021-11-04T13:31:15+00:00","article_modified_time":"2021-11-04T13:31:16+00:00","og_image":[{"width":259,"height":194,"url":"https:\/\/radioljubuski.ba\/wp-content\/uploads\/2021\/11\/22-3.jpg","type":"image\/jpeg"}],"author":"Radio Ljubu\u0161ki","twitter_card":"summary_large_image","twitter_creator":"@radioljubuski","twitter_site":"@radioljubuski","twitter_misc":{"Napisao\/la":"Radio Ljubu\u0161ki","Procijenjeno vrijeme \u010ditanja":"2 minute"},"schema":{"@context":"https:\/\/schema.org","@graph":[{"@type":"Article","@id":"https:\/\/radioljubuski.ba\/index.php\/2021\/11\/04\/dinamo-docekuje-rapid-u-nastavku-borbe-za-proljece-u-europi\/#article","isPartOf":{"@id":"https:\/\/radioljubuski.ba\/index.php\/2021\/11\/04\/dinamo-docekuje-rapid-u-nastavku-borbe-za-proljece-u-europi\/"},"author":{"name":"Radio Ljubu\u0161ki","@id":"https:\/\/radioljubuski.ba\/#\/schema\/person\/19fc700381a780f69665d7956c469e3b"},"headline":"Dinamo do\u010dekuje Rapid u nastavku borbe za prolje\u0107e u Europi","datePublished":"2021-11-04T13:31:15+00:00","dateModified":"2021-11-04T13:31:16+00:00","mainEntityOfPage":{"@id":"https:\/\/radioljubuski.ba\/index.php\/2021\/11\/04\/dinamo-docekuje-rapid-u-nastavku-borbe-za-proljece-u-europi\/"},"wordCount":332,"publisher":{"@id":"https:\/\/radioljubuski.ba\/#organization"},"image":{"@id":"https:\/\/radioljubuski.ba\/index.php\/2021\/11\/04\/dinamo-docekuje-rapid-u-nastavku-borbe-za-proljece-u-europi\/#primaryimage"},"thumbnailUrl":"https:\/\/radioljubuski.ba\/wp-content\/uploads\/2021\/11\/22-3.jpg","articleSection":["\u0160port"],"inLanguage":"hr"},{"@type":"WebPage","@id":"https:\/\/radioljubuski.ba\/index.php\/2021\/11\/04\/dinamo-docekuje-rapid-u-nastavku-borbe-za-proljece-u-europi\/","url":"https:\/\/radioljubuski.ba\/index.php\/2021\/11\/04\/dinamo-docekuje-rapid-u-nastavku-borbe-za-proljece-u-europi\/","name":"Dinamo do\u010dekuje Rapid u nastavku borbe za prolje\u0107e u Europi - RADIO LJUBU\u0160KI","isPartOf":{"@id":"https:\/\/radioljubuski.ba\/#website"},"primaryImageOfPage":{"@id":"https:\/\/radioljubuski.ba\/index.php\/2021\/11\/04\/dinamo-docekuje-rapid-u-nastavku-borbe-za-proljece-u-europi\/#primaryimage"},"image":{"@id":"https:\/\/radioljubuski.ba\/index.php\/2021\/11\/04\/dinamo-docekuje-rapid-u-nastavku-borbe-za-proljece-u-europi\/#primaryimage"},"thumbnailUrl":"https:\/\/radioljubuski.ba\/wp-content\/uploads\/2021\/11\/22-3.jpg","datePublished":"2021-11-04T13:31:15+00:00","dateModified":"2021-11-04T13:31:16+00:00","breadcrumb":{"@id":"https:\/\/radioljubuski.ba\/index.php\/2021\/11\/04\/dinamo-docekuje-rapid-u-nastavku-borbe-za-proljece-u-europi\/#breadcrumb"},"inLanguage":"hr","potentialAction":[{"@type":"ReadAction","target":["https:\/\/radioljubuski.ba\/index.php\/2021\/11\/04\/dinamo-docekuje-rapid-u-nastavku-borbe-za-proljece-u-europi\/"]}]},{"@type":"ImageObject","inLanguage":"hr","@id":"https:\/\/radioljubuski.ba\/index.php\/2021\/11\/04\/dinamo-docekuje-rapid-u-nastavku-borbe-za-proljece-u-europi\/#primaryimage","url":"https:\/\/radioljubuski.ba\/wp-content\/uploads\/2021\/11\/22-3.jpg","contentUrl":"https:\/\/radioljubuski.ba\/wp-content\/uploads\/2021\/11\/22-3.jpg","width":259,"height":194},{"@type":"BreadcrumbList","@id":"https:\/\/radioljubuski.ba\/index.php\/2021\/11\/04\/dinamo-docekuje-rapid-u-nastavku-borbe-za-proljece-u-europi\/#breadcrumb","itemListElement":[{"@type":"ListItem","position":1,"name":"Po\u010detna stranica","item":"https:\/\/radioljubuski.ba\/"},{"@type":"ListItem","position":2,"name":"Dinamo do\u010dekuje Rapid u nastavku borbe za prolje\u0107e u Europi"}]},{"@type":"WebSite","@id":"https:\/\/radioljubuski.ba\/#website","url":"https:\/\/radioljubuski.ba\/","name":"Radio Ljubu\u0161ki","description":"Sun\u010dana frekvencija Hercegovine","publisher":{"@id":"https:\/\/radioljubuski.ba\/#organization"},"potentialAction":[{"@type":"SearchAction","target":{"@type":"EntryPoint","urlTemplate":"https:\/\/radioljubuski.ba\/?s={search_term_string}"},"query-input":{"@type":"PropertyValueSpecification","valueRequired":true,"valueName":"search_term_string"}}],"inLanguage":"hr"},{"@type":"Organization","@id":"https:\/\/radioljubuski.ba\/#organization","name":"Radio Ljubu\u0161ki","url":"https:\/\/radioljubuski.ba\/","logo":{"@type":"ImageObject","inLanguage":"hr","@id":"https:\/\/radioljubuski.ba\/#\/schema\/logo\/image\/","url":"https:\/\/radioljubuski.ba\/wp-content\/uploads\/2021\/02\/cropped-Radio_Ljubuski_logo1.jpg","contentUrl":"https:\/\/radioljubuski.ba\/wp-content\/uploads\/2021\/02\/cropped-Radio_Ljubuski_logo1.jpg","width":512,"height":512,"caption":"Radio Ljubu\u0161ki"},"image":{"@id":"https:\/\/radioljubuski.ba\/#\/schema\/logo\/image\/"},"sameAs":["https:\/\/www.facebook.com\/Radiio-Ljubuski-1490835324566332","https:\/\/x.com\/radioljubuski","https:\/\/hr.linkedin.com\/company\/radio-ljubuski","https:\/\/www.youtube.com\/channel\/UCHYaeO_n0Db3tjNGudGpXyw"]},{"@type":"Person","@id":"https:\/\/radioljubuski.ba\/#\/schema\/person\/19fc700381a780f69665d7956c469e3b","name":"Radio Ljubu\u0161ki"}]}},"_links":{"self":[{"href":"https:\/\/radioljubuski.ba\/index.php\/wp-json\/wp\/v2\/posts\/84957","targetHints":{"allow":["GET"]}}],"collection":[{"href":"https:\/\/radioljubuski.ba\/index.php\/wp-json\/wp\/v2\/posts"}],"about":[{"href":"https:\/\/radioljubuski.ba\/index.php\/wp-json\/wp\/v2\/types\/post"}],"author":[{"embeddable":true,"href":"https:\/\/radioljubuski.ba\/index.php\/wp-json\/wp\/v2\/users\/2"}],"replies":[{"embeddable":true,"href":"https:\/\/radioljubuski.ba\/index.php\/wp-json\/wp\/v2\/comments?post=84957"}],"version-history":[{"count":1,"href":"https:\/\/radioljubuski.ba\/index.php\/wp-json\/wp\/v2\/posts\/84957\/revisions"}],"predecessor-version":[{"id":84959,"href":"https:\/\/radioljubuski.ba\/index.php\/wp-json\/wp\/v2\/posts\/84957\/revisions\/84959"}],"wp:featuredmedia":[{"embeddable":true,"href":"https:\/\/radioljubuski.ba\/index.php\/wp-json\/wp\/v2\/media\/84958"}],"wp:attachment":[{"href":"https:\/\/radioljubuski.ba\/index.php\/wp-json\/wp\/v2\/media?parent=84957"}],"wp:term":[{"taxonomy":"category","embeddable":true,"href":"https:\/\/radioljubuski.ba\/index.php\/wp-json\/wp\/v2\/categories?post=84957"},{"taxonomy":"post_tag","embeddable":true,"href":"https:\/\/radioljubuski.ba\/index.php\/wp-json\/wp\/v2\/tags?post=84957"}],"curies":[{"name":"wp","href":"https:\/\/api.w.org\/{rel}","templated":true}]}}