{"id":84988,"date":"2021-11-04T14:51:57","date_gmt":"2021-11-04T13:51:57","guid":{"rendered":"https:\/\/radioljubuski.ba\/?p=84988"},"modified":"2021-11-04T14:51:57","modified_gmt":"2021-11-04T13:51:57","slug":"u-citluku-za-mlade-s-poteskocama-u-razvoju-organizirane-sportske-aktivnosti","status":"publish","type":"post","link":"https:\/\/radioljubuski.ba\/index.php\/2021\/11\/04\/u-citluku-za-mlade-s-poteskocama-u-razvoju-organizirane-sportske-aktivnosti\/","title":{"rendered":"U \u010citluku za mlade s pote\u0161ko\u0107ama u razvoju organizirane sportske aktivnosti"},"content":{"rendered":"\n<p>Djeca i mladi s pote\u0161ko\u0107ama u razvoju odnedavno imaju mogu\u0107nost za raznolike sportske aktivnosti u \u010citluku kroz program pod vodstvom kineziologa.<\/p>\n\n\n\n<p>U sportskoj dvorani Osnovne \u0161kole fra Didaka Bunti\u0107a jednom tjedno odr\u017eavaju se prilago\u0111eni treninzi za djecu s pote\u0161ko\u0107ama u razvoju i osobe s invaliditetom, a kako navode iz Op\u0107ine \u010citluk, ovakva aktivnost vi\u0161estruko je korisna za osobe koje se susre\u0107u s brojnim preprekama za bavljenje tjelesnom aktivno\u0161\u0107u.<\/p>\n\n\n\n<p>Sudjelovanje u ovakvim treninzima djeci s pote\u0161ko\u0107ama u razvoju i osobama s invaliditetom pru\u017ea vi\u0161estruku dobit.<\/p>\n\n\n\n<p>Sportska aktivnost pod vodstvom stru\u010dnog kadra omogu\u0107ava im pobolj\u0161anje motori\u010dkih sposobnosti, ali i usporava pogor\u0161anje funkcionalnosti pokreta. Tako\u0111er, kroz program razli\u010ditih sportskih aktivnosti pobolj\u0161ava se njihovo cjelokupno zdravlje, a nije zanemarivo da je sportska aktivnost kvalitetan na\u010din ispunjavanja slobodnog vremena te da je korisna i za njihove obitelji, stoji u priop\u0107enju.<\/p>\n\n\n\n<p>Treninzi u sportskoj dvorani Osnovne \u0161kole fra Didaka Bunti\u0107a odr\u017eavaju se srijedom u vremenu od 17 do 18 sati. Do sada je u njih uklju\u010deno desetak \u010dlanova Udruge &#8220;Susret&#8221;, a u programu pod vodstvom kineziologa mogu sudjelovati i ostala djeca s pote\u0161ko\u0107ama u razvoju.<\/p>\n\n\n\n<p>Izvor:pogled.ba<\/p>\n","protected":false},"excerpt":{"rendered":"<p>Djeca i mladi s pote\u0161ko\u0107ama u razvoju odnedavno imaju mogu\u0107nost za raznolike sportske aktivnosti u \u010citluku kroz program pod vodstvom kineziologa. U sportskoj dvorani Osnovne \u0161kole fra Didaka Bunti\u0107a jednom tjedno odr\u017eavaju se prilago\u0111eni treninzi za djecu s pote\u0161ko\u0107ama u razvoju i osobe s invaliditetom, a kako navode iz Op\u0107ine \u010citluk, ovakva aktivnost vi\u0161estruko je [&hellip;]<\/p>\n","protected":false},"author":2,"featured_media":84989,"comment_status":"closed","ping_status":"closed","sticky":false,"template":"","format":"standard","meta":{"h5ap_radio_sources":[],"footnotes":""},"categories":[1],"tags":[],"class_list":["post-84988","post","type-post","status-publish","format-standard","has-post-thumbnail","hentry","category-bihiregija"],"yoast_head":"<!-- This site is optimized with the Yoast SEO plugin v27.5 - https:\/\/yoast.com\/product\/yoast-seo-wordpress\/ -->\n<title>U \u010citluku za mlade s pote\u0161ko\u0107ama u razvoju organizirane sportske aktivnosti - RADIO LJUBU\u0160KI<\/title>\n<meta name=\"robots\" content=\"index, follow, max-snippet:-1, max-image-preview:large, max-video-preview:-1\" \/>\n<link rel=\"canonical\" href=\"https:\/\/radioljubuski.ba\/index.php\/2021\/11\/04\/u-citluku-za-mlade-s-poteskocama-u-razvoju-organizirane-sportske-aktivnosti\/\" \/>\n<meta property=\"og:locale\" content=\"hr_HR\" \/>\n<meta property=\"og:type\" content=\"article\" \/>\n<meta property=\"og:title\" content=\"U \u010citluku za mlade s pote\u0161ko\u0107ama u razvoju organizirane sportske aktivnosti - RADIO LJUBU\u0160KI\" \/>\n<meta property=\"og:description\" content=\"Djeca i mladi s pote\u0161ko\u0107ama u razvoju odnedavno imaju mogu\u0107nost za raznolike sportske aktivnosti u \u010citluku kroz program pod vodstvom kineziologa. U sportskoj dvorani Osnovne \u0161kole fra Didaka Bunti\u0107a jednom tjedno odr\u017eavaju se prilago\u0111eni treninzi za djecu s pote\u0161ko\u0107ama u razvoju i osobe s invaliditetom, a kako navode iz Op\u0107ine \u010citluk, ovakva aktivnost vi\u0161estruko je [&hellip;]\" \/>\n<meta property=\"og:url\" content=\"https:\/\/radioljubuski.ba\/index.php\/2021\/11\/04\/u-citluku-za-mlade-s-poteskocama-u-razvoju-organizirane-sportske-aktivnosti\/\" \/>\n<meta property=\"og:site_name\" content=\"RADIO LJUBU\u0160KI\" \/>\n<meta property=\"article:publisher\" content=\"https:\/\/www.facebook.com\/Radiio-Ljubuski-1490835324566332\" \/>\n<meta property=\"article:published_time\" content=\"2021-11-04T13:51:57+00:00\" \/>\n<meta property=\"og:image\" content=\"https:\/\/radioljubuski.ba\/wp-content\/uploads\/2021\/11\/3-2021-11-04-11-00-55-citluk.jpg\" \/>\n\t<meta property=\"og:image:width\" content=\"1000\" \/>\n\t<meta property=\"og:image:height\" content=\"625\" \/>\n\t<meta property=\"og:image:type\" content=\"image\/jpeg\" \/>\n<meta name=\"author\" content=\"Radio Ljubu\u0161ki\" \/>\n<meta name=\"twitter:card\" content=\"summary_large_image\" \/>\n<meta name=\"twitter:creator\" content=\"@radioljubuski\" \/>\n<meta name=\"twitter:site\" content=\"@radioljubuski\" \/>\n<meta name=\"twitter:label1\" content=\"Napisao\/la\" \/>\n\t<meta name=\"twitter:data1\" content=\"Radio Ljubu\u0161ki\" \/>\n\t<meta name=\"twitter:label2\" content=\"Procijenjeno vrijeme \u010ditanja\" \/>\n\t<meta name=\"twitter:data2\" content=\"1 minuta\" \/>\n<script type=\"application\/ld+json\" class=\"yoast-schema-graph\">{\"@context\":\"https:\\\/\\\/schema.org\",\"@graph\":[{\"@type\":\"Article\",\"@id\":\"https:\\\/\\\/radioljubuski.ba\\\/index.php\\\/2021\\\/11\\\/04\\\/u-citluku-za-mlade-s-poteskocama-u-razvoju-organizirane-sportske-aktivnosti\\\/#article\",\"isPartOf\":{\"@id\":\"https:\\\/\\\/radioljubuski.ba\\\/index.php\\\/2021\\\/11\\\/04\\\/u-citluku-za-mlade-s-poteskocama-u-razvoju-organizirane-sportske-aktivnosti\\\/\"},\"author\":{\"name\":\"Radio Ljubu\u0161ki\",\"@id\":\"https:\\\/\\\/radioljubuski.ba\\\/#\\\/schema\\\/person\\\/19fc700381a780f69665d7956c469e3b\"},\"headline\":\"U \u010citluku za mlade s pote\u0161ko\u0107ama u razvoju organizirane sportske aktivnosti\",\"datePublished\":\"2021-11-04T13:51:57+00:00\",\"mainEntityOfPage\":{\"@id\":\"https:\\\/\\\/radioljubuski.ba\\\/index.php\\\/2021\\\/11\\\/04\\\/u-citluku-za-mlade-s-poteskocama-u-razvoju-organizirane-sportske-aktivnosti\\\/\"},\"wordCount\":224,\"publisher\":{\"@id\":\"https:\\\/\\\/radioljubuski.ba\\\/#organization\"},\"image\":{\"@id\":\"https:\\\/\\\/radioljubuski.ba\\\/index.php\\\/2021\\\/11\\\/04\\\/u-citluku-za-mlade-s-poteskocama-u-razvoju-organizirane-sportske-aktivnosti\\\/#primaryimage\"},\"thumbnailUrl\":\"https:\\\/\\\/radioljubuski.ba\\\/wp-content\\\/uploads\\\/2021\\\/11\\\/3-2021-11-04-11-00-55-citluk.jpg\",\"articleSection\":[\"BIH i regija\"],\"inLanguage\":\"hr\"},{\"@type\":\"WebPage\",\"@id\":\"https:\\\/\\\/radioljubuski.ba\\\/index.php\\\/2021\\\/11\\\/04\\\/u-citluku-za-mlade-s-poteskocama-u-razvoju-organizirane-sportske-aktivnosti\\\/\",\"url\":\"https:\\\/\\\/radioljubuski.ba\\\/index.php\\\/2021\\\/11\\\/04\\\/u-citluku-za-mlade-s-poteskocama-u-razvoju-organizirane-sportske-aktivnosti\\\/\",\"name\":\"U \u010citluku za mlade s pote\u0161ko\u0107ama u razvoju organizirane sportske aktivnosti - RADIO LJUBU\u0160KI\",\"isPartOf\":{\"@id\":\"https:\\\/\\\/radioljubuski.ba\\\/#website\"},\"primaryImageOfPage\":{\"@id\":\"https:\\\/\\\/radioljubuski.ba\\\/index.php\\\/2021\\\/11\\\/04\\\/u-citluku-za-mlade-s-poteskocama-u-razvoju-organizirane-sportske-aktivnosti\\\/#primaryimage\"},\"image\":{\"@id\":\"https:\\\/\\\/radioljubuski.ba\\\/index.php\\\/2021\\\/11\\\/04\\\/u-citluku-za-mlade-s-poteskocama-u-razvoju-organizirane-sportske-aktivnosti\\\/#primaryimage\"},\"thumbnailUrl\":\"https:\\\/\\\/radioljubuski.ba\\\/wp-content\\\/uploads\\\/2021\\\/11\\\/3-2021-11-04-11-00-55-citluk.jpg\",\"datePublished\":\"2021-11-04T13:51:57+00:00\",\"breadcrumb\":{\"@id\":\"https:\\\/\\\/radioljubuski.ba\\\/index.php\\\/2021\\\/11\\\/04\\\/u-citluku-za-mlade-s-poteskocama-u-razvoju-organizirane-sportske-aktivnosti\\\/#breadcrumb\"},\"inLanguage\":\"hr\",\"potentialAction\":[{\"@type\":\"ReadAction\",\"target\":[\"https:\\\/\\\/radioljubuski.ba\\\/index.php\\\/2021\\\/11\\\/04\\\/u-citluku-za-mlade-s-poteskocama-u-razvoju-organizirane-sportske-aktivnosti\\\/\"]}]},{\"@type\":\"ImageObject\",\"inLanguage\":\"hr\",\"@id\":\"https:\\\/\\\/radioljubuski.ba\\\/index.php\\\/2021\\\/11\\\/04\\\/u-citluku-za-mlade-s-poteskocama-u-razvoju-organizirane-sportske-aktivnosti\\\/#primaryimage\",\"url\":\"https:\\\/\\\/radioljubuski.ba\\\/wp-content\\\/uploads\\\/2021\\\/11\\\/3-2021-11-04-11-00-55-citluk.jpg\",\"contentUrl\":\"https:\\\/\\\/radioljubuski.ba\\\/wp-content\\\/uploads\\\/2021\\\/11\\\/3-2021-11-04-11-00-55-citluk.jpg\",\"width\":1000,\"height\":625},{\"@type\":\"BreadcrumbList\",\"@id\":\"https:\\\/\\\/radioljubuski.ba\\\/index.php\\\/2021\\\/11\\\/04\\\/u-citluku-za-mlade-s-poteskocama-u-razvoju-organizirane-sportske-aktivnosti\\\/#breadcrumb\",\"itemListElement\":[{\"@type\":\"ListItem\",\"position\":1,\"name\":\"Po\u010detna stranica\",\"item\":\"https:\\\/\\\/radioljubuski.ba\\\/\"},{\"@type\":\"ListItem\",\"position\":2,\"name\":\"U \u010citluku za mlade s pote\u0161ko\u0107ama u razvoju organizirane sportske aktivnosti\"}]},{\"@type\":\"WebSite\",\"@id\":\"https:\\\/\\\/radioljubuski.ba\\\/#website\",\"url\":\"https:\\\/\\\/radioljubuski.ba\\\/\",\"name\":\"Radio Ljubu\u0161ki\",\"description\":\"Sun\u010dana frekvencija Hercegovine\",\"publisher\":{\"@id\":\"https:\\\/\\\/radioljubuski.ba\\\/#organization\"},\"potentialAction\":[{\"@type\":\"SearchAction\",\"target\":{\"@type\":\"EntryPoint\",\"urlTemplate\":\"https:\\\/\\\/radioljubuski.ba\\\/?s={search_term_string}\"},\"query-input\":{\"@type\":\"PropertyValueSpecification\",\"valueRequired\":true,\"valueName\":\"search_term_string\"}}],\"inLanguage\":\"hr\"},{\"@type\":\"Organization\",\"@id\":\"https:\\\/\\\/radioljubuski.ba\\\/#organization\",\"name\":\"Radio Ljubu\u0161ki\",\"url\":\"https:\\\/\\\/radioljubuski.ba\\\/\",\"logo\":{\"@type\":\"ImageObject\",\"inLanguage\":\"hr\",\"@id\":\"https:\\\/\\\/radioljubuski.ba\\\/#\\\/schema\\\/logo\\\/image\\\/\",\"url\":\"https:\\\/\\\/radioljubuski.ba\\\/wp-content\\\/uploads\\\/2021\\\/02\\\/cropped-Radio_Ljubuski_logo1.jpg\",\"contentUrl\":\"https:\\\/\\\/radioljubuski.ba\\\/wp-content\\\/uploads\\\/2021\\\/02\\\/cropped-Radio_Ljubuski_logo1.jpg\",\"width\":512,\"height\":512,\"caption\":\"Radio Ljubu\u0161ki\"},\"image\":{\"@id\":\"https:\\\/\\\/radioljubuski.ba\\\/#\\\/schema\\\/logo\\\/image\\\/\"},\"sameAs\":[\"https:\\\/\\\/www.facebook.com\\\/Radiio-Ljubuski-1490835324566332\",\"https:\\\/\\\/x.com\\\/radioljubuski\",\"https:\\\/\\\/hr.linkedin.com\\\/company\\\/radio-ljubuski\",\"https:\\\/\\\/www.youtube.com\\\/channel\\\/UCHYaeO_n0Db3tjNGudGpXyw\"]},{\"@type\":\"Person\",\"@id\":\"https:\\\/\\\/radioljubuski.ba\\\/#\\\/schema\\\/person\\\/19fc700381a780f69665d7956c469e3b\",\"name\":\"Radio Ljubu\u0161ki\"}]}<\/script>\n<!-- \/ Yoast SEO plugin. -->","yoast_head_json":{"title":"U \u010citluku za mlade s pote\u0161ko\u0107ama u razvoju organizirane sportske aktivnosti - RADIO LJUBU\u0160KI","robots":{"index":"index","follow":"follow","max-snippet":"max-snippet:-1","max-image-preview":"max-image-preview:large","max-video-preview":"max-video-preview:-1"},"canonical":"https:\/\/radioljubuski.ba\/index.php\/2021\/11\/04\/u-citluku-za-mlade-s-poteskocama-u-razvoju-organizirane-sportske-aktivnosti\/","og_locale":"hr_HR","og_type":"article","og_title":"U \u010citluku za mlade s pote\u0161ko\u0107ama u razvoju organizirane sportske aktivnosti - RADIO LJUBU\u0160KI","og_description":"Djeca i mladi s pote\u0161ko\u0107ama u razvoju odnedavno imaju mogu\u0107nost za raznolike sportske aktivnosti u \u010citluku kroz program pod vodstvom kineziologa. U sportskoj dvorani Osnovne \u0161kole fra Didaka Bunti\u0107a jednom tjedno odr\u017eavaju se prilago\u0111eni treninzi za djecu s pote\u0161ko\u0107ama u razvoju i osobe s invaliditetom, a kako navode iz Op\u0107ine \u010citluk, ovakva aktivnost vi\u0161estruko je [&hellip;]","og_url":"https:\/\/radioljubuski.ba\/index.php\/2021\/11\/04\/u-citluku-za-mlade-s-poteskocama-u-razvoju-organizirane-sportske-aktivnosti\/","og_site_name":"RADIO LJUBU\u0160KI","article_publisher":"https:\/\/www.facebook.com\/Radiio-Ljubuski-1490835324566332","article_published_time":"2021-11-04T13:51:57+00:00","og_image":[{"width":1000,"height":625,"url":"https:\/\/radioljubuski.ba\/wp-content\/uploads\/2021\/11\/3-2021-11-04-11-00-55-citluk.jpg","type":"image\/jpeg"}],"author":"Radio Ljubu\u0161ki","twitter_card":"summary_large_image","twitter_creator":"@radioljubuski","twitter_site":"@radioljubuski","twitter_misc":{"Napisao\/la":"Radio Ljubu\u0161ki","Procijenjeno vrijeme \u010ditanja":"1 minuta"},"schema":{"@context":"https:\/\/schema.org","@graph":[{"@type":"Article","@id":"https:\/\/radioljubuski.ba\/index.php\/2021\/11\/04\/u-citluku-za-mlade-s-poteskocama-u-razvoju-organizirane-sportske-aktivnosti\/#article","isPartOf":{"@id":"https:\/\/radioljubuski.ba\/index.php\/2021\/11\/04\/u-citluku-za-mlade-s-poteskocama-u-razvoju-organizirane-sportske-aktivnosti\/"},"author":{"name":"Radio Ljubu\u0161ki","@id":"https:\/\/radioljubuski.ba\/#\/schema\/person\/19fc700381a780f69665d7956c469e3b"},"headline":"U \u010citluku za mlade s pote\u0161ko\u0107ama u razvoju organizirane sportske aktivnosti","datePublished":"2021-11-04T13:51:57+00:00","mainEntityOfPage":{"@id":"https:\/\/radioljubuski.ba\/index.php\/2021\/11\/04\/u-citluku-za-mlade-s-poteskocama-u-razvoju-organizirane-sportske-aktivnosti\/"},"wordCount":224,"publisher":{"@id":"https:\/\/radioljubuski.ba\/#organization"},"image":{"@id":"https:\/\/radioljubuski.ba\/index.php\/2021\/11\/04\/u-citluku-za-mlade-s-poteskocama-u-razvoju-organizirane-sportske-aktivnosti\/#primaryimage"},"thumbnailUrl":"https:\/\/radioljubuski.ba\/wp-content\/uploads\/2021\/11\/3-2021-11-04-11-00-55-citluk.jpg","articleSection":["BIH i regija"],"inLanguage":"hr"},{"@type":"WebPage","@id":"https:\/\/radioljubuski.ba\/index.php\/2021\/11\/04\/u-citluku-za-mlade-s-poteskocama-u-razvoju-organizirane-sportske-aktivnosti\/","url":"https:\/\/radioljubuski.ba\/index.php\/2021\/11\/04\/u-citluku-za-mlade-s-poteskocama-u-razvoju-organizirane-sportske-aktivnosti\/","name":"U \u010citluku za mlade s pote\u0161ko\u0107ama u razvoju organizirane sportske aktivnosti - RADIO LJUBU\u0160KI","isPartOf":{"@id":"https:\/\/radioljubuski.ba\/#website"},"primaryImageOfPage":{"@id":"https:\/\/radioljubuski.ba\/index.php\/2021\/11\/04\/u-citluku-za-mlade-s-poteskocama-u-razvoju-organizirane-sportske-aktivnosti\/#primaryimage"},"image":{"@id":"https:\/\/radioljubuski.ba\/index.php\/2021\/11\/04\/u-citluku-za-mlade-s-poteskocama-u-razvoju-organizirane-sportske-aktivnosti\/#primaryimage"},"thumbnailUrl":"https:\/\/radioljubuski.ba\/wp-content\/uploads\/2021\/11\/3-2021-11-04-11-00-55-citluk.jpg","datePublished":"2021-11-04T13:51:57+00:00","breadcrumb":{"@id":"https:\/\/radioljubuski.ba\/index.php\/2021\/11\/04\/u-citluku-za-mlade-s-poteskocama-u-razvoju-organizirane-sportske-aktivnosti\/#breadcrumb"},"inLanguage":"hr","potentialAction":[{"@type":"ReadAction","target":["https:\/\/radioljubuski.ba\/index.php\/2021\/11\/04\/u-citluku-za-mlade-s-poteskocama-u-razvoju-organizirane-sportske-aktivnosti\/"]}]},{"@type":"ImageObject","inLanguage":"hr","@id":"https:\/\/radioljubuski.ba\/index.php\/2021\/11\/04\/u-citluku-za-mlade-s-poteskocama-u-razvoju-organizirane-sportske-aktivnosti\/#primaryimage","url":"https:\/\/radioljubuski.ba\/wp-content\/uploads\/2021\/11\/3-2021-11-04-11-00-55-citluk.jpg","contentUrl":"https:\/\/radioljubuski.ba\/wp-content\/uploads\/2021\/11\/3-2021-11-04-11-00-55-citluk.jpg","width":1000,"height":625},{"@type":"BreadcrumbList","@id":"https:\/\/radioljubuski.ba\/index.php\/2021\/11\/04\/u-citluku-za-mlade-s-poteskocama-u-razvoju-organizirane-sportske-aktivnosti\/#breadcrumb","itemListElement":[{"@type":"ListItem","position":1,"name":"Po\u010detna stranica","item":"https:\/\/radioljubuski.ba\/"},{"@type":"ListItem","position":2,"name":"U \u010citluku za mlade s pote\u0161ko\u0107ama u razvoju organizirane sportske aktivnosti"}]},{"@type":"WebSite","@id":"https:\/\/radioljubuski.ba\/#website","url":"https:\/\/radioljubuski.ba\/","name":"Radio Ljubu\u0161ki","description":"Sun\u010dana frekvencija Hercegovine","publisher":{"@id":"https:\/\/radioljubuski.ba\/#organization"},"potentialAction":[{"@type":"SearchAction","target":{"@type":"EntryPoint","urlTemplate":"https:\/\/radioljubuski.ba\/?s={search_term_string}"},"query-input":{"@type":"PropertyValueSpecification","valueRequired":true,"valueName":"search_term_string"}}],"inLanguage":"hr"},{"@type":"Organization","@id":"https:\/\/radioljubuski.ba\/#organization","name":"Radio Ljubu\u0161ki","url":"https:\/\/radioljubuski.ba\/","logo":{"@type":"ImageObject","inLanguage":"hr","@id":"https:\/\/radioljubuski.ba\/#\/schema\/logo\/image\/","url":"https:\/\/radioljubuski.ba\/wp-content\/uploads\/2021\/02\/cropped-Radio_Ljubuski_logo1.jpg","contentUrl":"https:\/\/radioljubuski.ba\/wp-content\/uploads\/2021\/02\/cropped-Radio_Ljubuski_logo1.jpg","width":512,"height":512,"caption":"Radio Ljubu\u0161ki"},"image":{"@id":"https:\/\/radioljubuski.ba\/#\/schema\/logo\/image\/"},"sameAs":["https:\/\/www.facebook.com\/Radiio-Ljubuski-1490835324566332","https:\/\/x.com\/radioljubuski","https:\/\/hr.linkedin.com\/company\/radio-ljubuski","https:\/\/www.youtube.com\/channel\/UCHYaeO_n0Db3tjNGudGpXyw"]},{"@type":"Person","@id":"https:\/\/radioljubuski.ba\/#\/schema\/person\/19fc700381a780f69665d7956c469e3b","name":"Radio Ljubu\u0161ki"}]}},"_links":{"self":[{"href":"https:\/\/radioljubuski.ba\/index.php\/wp-json\/wp\/v2\/posts\/84988","targetHints":{"allow":["GET"]}}],"collection":[{"href":"https:\/\/radioljubuski.ba\/index.php\/wp-json\/wp\/v2\/posts"}],"about":[{"href":"https:\/\/radioljubuski.ba\/index.php\/wp-json\/wp\/v2\/types\/post"}],"author":[{"embeddable":true,"href":"https:\/\/radioljubuski.ba\/index.php\/wp-json\/wp\/v2\/users\/2"}],"replies":[{"embeddable":true,"href":"https:\/\/radioljubuski.ba\/index.php\/wp-json\/wp\/v2\/comments?post=84988"}],"version-history":[{"count":1,"href":"https:\/\/radioljubuski.ba\/index.php\/wp-json\/wp\/v2\/posts\/84988\/revisions"}],"predecessor-version":[{"id":84990,"href":"https:\/\/radioljubuski.ba\/index.php\/wp-json\/wp\/v2\/posts\/84988\/revisions\/84990"}],"wp:featuredmedia":[{"embeddable":true,"href":"https:\/\/radioljubuski.ba\/index.php\/wp-json\/wp\/v2\/media\/84989"}],"wp:attachment":[{"href":"https:\/\/radioljubuski.ba\/index.php\/wp-json\/wp\/v2\/media?parent=84988"}],"wp:term":[{"taxonomy":"category","embeddable":true,"href":"https:\/\/radioljubuski.ba\/index.php\/wp-json\/wp\/v2\/categories?post=84988"},{"taxonomy":"post_tag","embeddable":true,"href":"https:\/\/radioljubuski.ba\/index.php\/wp-json\/wp\/v2\/tags?post=84988"}],"curies":[{"name":"wp","href":"https:\/\/api.w.org\/{rel}","templated":true}]}}