{"id":84997,"date":"2021-11-04T14:55:57","date_gmt":"2021-11-04T13:55:57","guid":{"rendered":"https:\/\/radioljubuski.ba\/?p=84997"},"modified":"2021-11-04T14:55:57","modified_gmt":"2021-11-04T13:55:57","slug":"nakon-tri-godine-rijeseno-ubojstvo-sarajevskih-policajaca-evo-tko-je-glavni-osumnjiceni","status":"publish","type":"post","link":"https:\/\/radioljubuski.ba\/index.php\/2021\/11\/04\/nakon-tri-godine-rijeseno-ubojstvo-sarajevskih-policajaca-evo-tko-je-glavni-osumnjiceni\/","title":{"rendered":"Nakon tri godine rije\u0161eno ubojstvo sarajevskih policajaca? Evo tko je glavni osumnji\u010deni"},"content":{"rendered":"\n<p>Jedna osoba uhi\u0107ena je u \u010detvrtak u sklopu istrage o ubojstvu dvojice policajaca u Sarajevu po\u010dinjenom jo\u0161 2018. godine, a taj te\u0161ki zlo\u010din do danas nije razja\u0161njen.<\/p>\n\n\n\n<p>Pripadnici Dr\u017eavne agencije za istrage i za\u0161titu (SIPA) su po nalogu tu\u017eiteljstva Sarajevske \u017eupanije tijekom dana obavili pretrage na osam lokacija na podru\u010dju Isto\u010dnog Sarajeva i Pala te pritom uhitili mu\u0161karca kojega se dovodi u vezu s ubojstvom policajaca.<\/p>\n\n\n\n<p>Istra\u017eitelji SIPA-e istodobno su upali i u postaju policije Republike Srpske na Palama tragaju\u0107i za dokazima o mogu\u0107im po\u010diniteljima.<\/p>\n\n\n\n<p>Lokalni mediji prenijeli su kako su agenti SIPA-e zapravo pretra\u017eili ured \u017eene \u010diji je mu\u017e u bijegu, a dovodi ga se u vezu s ubojstvima.<\/p>\n\n\n\n<p><strong>Tko je navodni ubojica?<\/strong><\/p>\n\n\n\n<p><a href=\"https:\/\/www.klix.ba\/vijesti\/bih\/osumnjiceni-za-ubistvo-sarajevskih-policajaca-je-zet-optuzenog-ratnog-zlocinca-pobjegao-u-spaniju\/211104045\" target=\"_blank\" rel=\"noreferrer noopener\">Klix.ba<\/a> javlja da je prvoosumnji\u010deni za ubojstvo Aleksandar Macan, koji je u bijegu, a policija od jutros uhi\u0107uje njegove pomaga\u010de. Macan je zet optu\u017eenog ratnog zlo\u010dinca Milomira Sav\u010di\u0107a, a policija pretresa ku\u0107u i radno mjesto supruge Macana.<\/p>\n\n\n\n<p>Aleksandar Macan nije zate\u010den na svojoj adresi u Isto\u010dnom Sarajevu, a sumnja se da se trenutno nalazi u \u0160panjolskoj, gdje je nedavno pobjegao. Macanov DNK je prona\u0111en na mjestu ubojstva policajaca.<\/p>\n\n\n\n<p>Policajci Adis \u0160ehovi\u0107 i Davor Vujnovi\u0107 ubijeni su u listopadu 2018. u sarajevskom naselju Alipa\u0161ino polje, kada su tijekom redovite ophodnje nai\u0161li na kriminalce koji su poku\u0161avali ukrasti automobil s parkinga.<\/p>\n\n\n\n<p>Lopovi su na policijski automobil pucali iz strojnice. \u0160ehovi\u0107a su odmah ubili, a Vujinovi\u0107 je te\u0161ko ozlije\u0111en te je kasnije preminuo u bolnici.<\/p>\n\n\n\n<p>Istraga o ovom te\u0161kom zlo\u010dinu do sada nije dala posebne rezultate, iako se sumnjalo kako su po\u010dinitelji pripadnici neke od poznatih organiziranih skupina, specijalizirani za kra\u0111e automobila.<\/p>\n\n\n\n<p>Zbog toga su bila uhi\u0107ena trojica pripadnika takvih kriminalnih skupina, no svi su pu\u0161teni iz pritvora jer nije bilo \u010dvrstih dokaza da su povezani s ubojstvima.<\/p>\n\n\n\n<p>Tijekom istrage saslu\u0161ano je vi\u0161e od 300 osoba, no to do sada nije dovelo do otkrivanja po\u010dinitelja.<\/p>\n\n\n\n<p>Prema navodima portala istraga.ba, bliskog policijskim slu\u017ebama u Federaciji BiH, trag koji vodi do po\u010dinitelja zlo\u010dina ukazao se nakon \u0161to su forenzi\u010dari uspjeli provjeriti kontakte u aplikaciji koju su koristili osumnji\u010deni, a navodno je usporedbom DNK uzorka napokon identificiran i vjerojatni ubojica.<\/p>\n\n\n\n<p>SIPA i sarajevsko tu\u017eiteljstvo nisu otkrili nikakve potankosti i samo su potvrdili kako su akcije, provedene u \u010detvrtak, povezane s istragom o ubojstvima policajaca.<\/p>\n\n\n\n<p>Izvor:pogled.ba<\/p>\n","protected":false},"excerpt":{"rendered":"<p>Jedna osoba uhi\u0107ena je u \u010detvrtak u sklopu istrage o ubojstvu dvojice policajaca u Sarajevu po\u010dinjenom jo\u0161 2018. godine, a taj te\u0161ki zlo\u010din do danas nije razja\u0161njen. Pripadnici Dr\u017eavne agencije za istrage i za\u0161titu (SIPA) su po nalogu tu\u017eiteljstva Sarajevske \u017eupanije tijekom dana obavili pretrage na osam lokacija na podru\u010dju Isto\u010dnog Sarajeva i Pala te [&hellip;]<\/p>\n","protected":false},"author":2,"featured_media":84998,"comment_status":"closed","ping_status":"closed","sticky":false,"template":"","format":"standard","meta":{"h5ap_radio_sources":[],"footnotes":""},"categories":[1],"tags":[],"class_list":["post-84997","post","type-post","status-publish","format-standard","has-post-thumbnail","hentry","category-bihiregija"],"yoast_head":"<!-- This site is optimized with the Yoast SEO plugin v27.5 - https:\/\/yoast.com\/product\/yoast-seo-wordpress\/ -->\n<title>Nakon tri godine rije\u0161eno ubojstvo sarajevskih policajaca? Evo tko je glavni osumnji\u010deni - RADIO LJUBU\u0160KI<\/title>\n<meta name=\"robots\" content=\"index, follow, max-snippet:-1, max-image-preview:large, max-video-preview:-1\" \/>\n<link rel=\"canonical\" href=\"https:\/\/radioljubuski.ba\/index.php\/2021\/11\/04\/nakon-tri-godine-rijeseno-ubojstvo-sarajevskih-policajaca-evo-tko-je-glavni-osumnjiceni\/\" \/>\n<meta property=\"og:locale\" content=\"hr_HR\" \/>\n<meta property=\"og:type\" content=\"article\" \/>\n<meta property=\"og:title\" content=\"Nakon tri godine rije\u0161eno ubojstvo sarajevskih policajaca? Evo tko je glavni osumnji\u010deni - RADIO LJUBU\u0160KI\" \/>\n<meta property=\"og:description\" content=\"Jedna osoba uhi\u0107ena je u \u010detvrtak u sklopu istrage o ubojstvu dvojice policajaca u Sarajevu po\u010dinjenom jo\u0161 2018. godine, a taj te\u0161ki zlo\u010din do danas nije razja\u0161njen. Pripadnici Dr\u017eavne agencije za istrage i za\u0161titu (SIPA) su po nalogu tu\u017eiteljstva Sarajevske \u017eupanije tijekom dana obavili pretrage na osam lokacija na podru\u010dju Isto\u010dnog Sarajeva i Pala te [&hellip;]\" \/>\n<meta property=\"og:url\" content=\"https:\/\/radioljubuski.ba\/index.php\/2021\/11\/04\/nakon-tri-godine-rijeseno-ubojstvo-sarajevskih-policajaca-evo-tko-je-glavni-osumnjiceni\/\" \/>\n<meta property=\"og:site_name\" content=\"RADIO LJUBU\u0160KI\" \/>\n<meta property=\"article:publisher\" content=\"https:\/\/www.facebook.com\/Radiio-Ljubuski-1490835324566332\" \/>\n<meta property=\"article:published_time\" content=\"2021-11-04T13:55:57+00:00\" \/>\n<meta property=\"og:image\" content=\"https:\/\/radioljubuski.ba\/wp-content\/uploads\/2021\/11\/2-2021-05-12-10-25-12-sipa.jpg\" \/>\n\t<meta property=\"og:image:width\" content=\"1000\" \/>\n\t<meta property=\"og:image:height\" content=\"625\" \/>\n\t<meta property=\"og:image:type\" content=\"image\/jpeg\" \/>\n<meta name=\"author\" content=\"Radio Ljubu\u0161ki\" \/>\n<meta name=\"twitter:card\" content=\"summary_large_image\" \/>\n<meta name=\"twitter:creator\" content=\"@radioljubuski\" \/>\n<meta name=\"twitter:site\" content=\"@radioljubuski\" \/>\n<meta name=\"twitter:label1\" content=\"Napisao\/la\" \/>\n\t<meta name=\"twitter:data1\" content=\"Radio Ljubu\u0161ki\" \/>\n\t<meta name=\"twitter:label2\" content=\"Procijenjeno vrijeme \u010ditanja\" \/>\n\t<meta name=\"twitter:data2\" content=\"2 minute\" \/>\n<script type=\"application\/ld+json\" class=\"yoast-schema-graph\">{\"@context\":\"https:\\\/\\\/schema.org\",\"@graph\":[{\"@type\":\"Article\",\"@id\":\"https:\\\/\\\/radioljubuski.ba\\\/index.php\\\/2021\\\/11\\\/04\\\/nakon-tri-godine-rijeseno-ubojstvo-sarajevskih-policajaca-evo-tko-je-glavni-osumnjiceni\\\/#article\",\"isPartOf\":{\"@id\":\"https:\\\/\\\/radioljubuski.ba\\\/index.php\\\/2021\\\/11\\\/04\\\/nakon-tri-godine-rijeseno-ubojstvo-sarajevskih-policajaca-evo-tko-je-glavni-osumnjiceni\\\/\"},\"author\":{\"name\":\"Radio Ljubu\u0161ki\",\"@id\":\"https:\\\/\\\/radioljubuski.ba\\\/#\\\/schema\\\/person\\\/19fc700381a780f69665d7956c469e3b\"},\"headline\":\"Nakon tri godine rije\u0161eno ubojstvo sarajevskih policajaca? Evo tko je glavni osumnji\u010deni\",\"datePublished\":\"2021-11-04T13:55:57+00:00\",\"mainEntityOfPage\":{\"@id\":\"https:\\\/\\\/radioljubuski.ba\\\/index.php\\\/2021\\\/11\\\/04\\\/nakon-tri-godine-rijeseno-ubojstvo-sarajevskih-policajaca-evo-tko-je-glavni-osumnjiceni\\\/\"},\"wordCount\":436,\"publisher\":{\"@id\":\"https:\\\/\\\/radioljubuski.ba\\\/#organization\"},\"image\":{\"@id\":\"https:\\\/\\\/radioljubuski.ba\\\/index.php\\\/2021\\\/11\\\/04\\\/nakon-tri-godine-rijeseno-ubojstvo-sarajevskih-policajaca-evo-tko-je-glavni-osumnjiceni\\\/#primaryimage\"},\"thumbnailUrl\":\"https:\\\/\\\/radioljubuski.ba\\\/wp-content\\\/uploads\\\/2021\\\/11\\\/2-2021-05-12-10-25-12-sipa.jpg\",\"articleSection\":[\"BIH i regija\"],\"inLanguage\":\"hr\"},{\"@type\":\"WebPage\",\"@id\":\"https:\\\/\\\/radioljubuski.ba\\\/index.php\\\/2021\\\/11\\\/04\\\/nakon-tri-godine-rijeseno-ubojstvo-sarajevskih-policajaca-evo-tko-je-glavni-osumnjiceni\\\/\",\"url\":\"https:\\\/\\\/radioljubuski.ba\\\/index.php\\\/2021\\\/11\\\/04\\\/nakon-tri-godine-rijeseno-ubojstvo-sarajevskih-policajaca-evo-tko-je-glavni-osumnjiceni\\\/\",\"name\":\"Nakon tri godine rije\u0161eno ubojstvo sarajevskih policajaca? Evo tko je glavni osumnji\u010deni - RADIO LJUBU\u0160KI\",\"isPartOf\":{\"@id\":\"https:\\\/\\\/radioljubuski.ba\\\/#website\"},\"primaryImageOfPage\":{\"@id\":\"https:\\\/\\\/radioljubuski.ba\\\/index.php\\\/2021\\\/11\\\/04\\\/nakon-tri-godine-rijeseno-ubojstvo-sarajevskih-policajaca-evo-tko-je-glavni-osumnjiceni\\\/#primaryimage\"},\"image\":{\"@id\":\"https:\\\/\\\/radioljubuski.ba\\\/index.php\\\/2021\\\/11\\\/04\\\/nakon-tri-godine-rijeseno-ubojstvo-sarajevskih-policajaca-evo-tko-je-glavni-osumnjiceni\\\/#primaryimage\"},\"thumbnailUrl\":\"https:\\\/\\\/radioljubuski.ba\\\/wp-content\\\/uploads\\\/2021\\\/11\\\/2-2021-05-12-10-25-12-sipa.jpg\",\"datePublished\":\"2021-11-04T13:55:57+00:00\",\"breadcrumb\":{\"@id\":\"https:\\\/\\\/radioljubuski.ba\\\/index.php\\\/2021\\\/11\\\/04\\\/nakon-tri-godine-rijeseno-ubojstvo-sarajevskih-policajaca-evo-tko-je-glavni-osumnjiceni\\\/#breadcrumb\"},\"inLanguage\":\"hr\",\"potentialAction\":[{\"@type\":\"ReadAction\",\"target\":[\"https:\\\/\\\/radioljubuski.ba\\\/index.php\\\/2021\\\/11\\\/04\\\/nakon-tri-godine-rijeseno-ubojstvo-sarajevskih-policajaca-evo-tko-je-glavni-osumnjiceni\\\/\"]}]},{\"@type\":\"ImageObject\",\"inLanguage\":\"hr\",\"@id\":\"https:\\\/\\\/radioljubuski.ba\\\/index.php\\\/2021\\\/11\\\/04\\\/nakon-tri-godine-rijeseno-ubojstvo-sarajevskih-policajaca-evo-tko-je-glavni-osumnjiceni\\\/#primaryimage\",\"url\":\"https:\\\/\\\/radioljubuski.ba\\\/wp-content\\\/uploads\\\/2021\\\/11\\\/2-2021-05-12-10-25-12-sipa.jpg\",\"contentUrl\":\"https:\\\/\\\/radioljubuski.ba\\\/wp-content\\\/uploads\\\/2021\\\/11\\\/2-2021-05-12-10-25-12-sipa.jpg\",\"width\":1000,\"height\":625},{\"@type\":\"BreadcrumbList\",\"@id\":\"https:\\\/\\\/radioljubuski.ba\\\/index.php\\\/2021\\\/11\\\/04\\\/nakon-tri-godine-rijeseno-ubojstvo-sarajevskih-policajaca-evo-tko-je-glavni-osumnjiceni\\\/#breadcrumb\",\"itemListElement\":[{\"@type\":\"ListItem\",\"position\":1,\"name\":\"Po\u010detna stranica\",\"item\":\"https:\\\/\\\/radioljubuski.ba\\\/\"},{\"@type\":\"ListItem\",\"position\":2,\"name\":\"Nakon tri godine rije\u0161eno ubojstvo sarajevskih policajaca? Evo tko je glavni osumnji\u010deni\"}]},{\"@type\":\"WebSite\",\"@id\":\"https:\\\/\\\/radioljubuski.ba\\\/#website\",\"url\":\"https:\\\/\\\/radioljubuski.ba\\\/\",\"name\":\"Radio Ljubu\u0161ki\",\"description\":\"Sun\u010dana frekvencija Hercegovine\",\"publisher\":{\"@id\":\"https:\\\/\\\/radioljubuski.ba\\\/#organization\"},\"potentialAction\":[{\"@type\":\"SearchAction\",\"target\":{\"@type\":\"EntryPoint\",\"urlTemplate\":\"https:\\\/\\\/radioljubuski.ba\\\/?s={search_term_string}\"},\"query-input\":{\"@type\":\"PropertyValueSpecification\",\"valueRequired\":true,\"valueName\":\"search_term_string\"}}],\"inLanguage\":\"hr\"},{\"@type\":\"Organization\",\"@id\":\"https:\\\/\\\/radioljubuski.ba\\\/#organization\",\"name\":\"Radio Ljubu\u0161ki\",\"url\":\"https:\\\/\\\/radioljubuski.ba\\\/\",\"logo\":{\"@type\":\"ImageObject\",\"inLanguage\":\"hr\",\"@id\":\"https:\\\/\\\/radioljubuski.ba\\\/#\\\/schema\\\/logo\\\/image\\\/\",\"url\":\"https:\\\/\\\/radioljubuski.ba\\\/wp-content\\\/uploads\\\/2021\\\/02\\\/cropped-Radio_Ljubuski_logo1.jpg\",\"contentUrl\":\"https:\\\/\\\/radioljubuski.ba\\\/wp-content\\\/uploads\\\/2021\\\/02\\\/cropped-Radio_Ljubuski_logo1.jpg\",\"width\":512,\"height\":512,\"caption\":\"Radio Ljubu\u0161ki\"},\"image\":{\"@id\":\"https:\\\/\\\/radioljubuski.ba\\\/#\\\/schema\\\/logo\\\/image\\\/\"},\"sameAs\":[\"https:\\\/\\\/www.facebook.com\\\/Radiio-Ljubuski-1490835324566332\",\"https:\\\/\\\/x.com\\\/radioljubuski\",\"https:\\\/\\\/hr.linkedin.com\\\/company\\\/radio-ljubuski\",\"https:\\\/\\\/www.youtube.com\\\/channel\\\/UCHYaeO_n0Db3tjNGudGpXyw\"]},{\"@type\":\"Person\",\"@id\":\"https:\\\/\\\/radioljubuski.ba\\\/#\\\/schema\\\/person\\\/19fc700381a780f69665d7956c469e3b\",\"name\":\"Radio Ljubu\u0161ki\"}]}<\/script>\n<!-- \/ Yoast SEO plugin. -->","yoast_head_json":{"title":"Nakon tri godine rije\u0161eno ubojstvo sarajevskih policajaca? Evo tko je glavni osumnji\u010deni - RADIO LJUBU\u0160KI","robots":{"index":"index","follow":"follow","max-snippet":"max-snippet:-1","max-image-preview":"max-image-preview:large","max-video-preview":"max-video-preview:-1"},"canonical":"https:\/\/radioljubuski.ba\/index.php\/2021\/11\/04\/nakon-tri-godine-rijeseno-ubojstvo-sarajevskih-policajaca-evo-tko-je-glavni-osumnjiceni\/","og_locale":"hr_HR","og_type":"article","og_title":"Nakon tri godine rije\u0161eno ubojstvo sarajevskih policajaca? Evo tko je glavni osumnji\u010deni - RADIO LJUBU\u0160KI","og_description":"Jedna osoba uhi\u0107ena je u \u010detvrtak u sklopu istrage o ubojstvu dvojice policajaca u Sarajevu po\u010dinjenom jo\u0161 2018. godine, a taj te\u0161ki zlo\u010din do danas nije razja\u0161njen. Pripadnici Dr\u017eavne agencije za istrage i za\u0161titu (SIPA) su po nalogu tu\u017eiteljstva Sarajevske \u017eupanije tijekom dana obavili pretrage na osam lokacija na podru\u010dju Isto\u010dnog Sarajeva i Pala te [&hellip;]","og_url":"https:\/\/radioljubuski.ba\/index.php\/2021\/11\/04\/nakon-tri-godine-rijeseno-ubojstvo-sarajevskih-policajaca-evo-tko-je-glavni-osumnjiceni\/","og_site_name":"RADIO LJUBU\u0160KI","article_publisher":"https:\/\/www.facebook.com\/Radiio-Ljubuski-1490835324566332","article_published_time":"2021-11-04T13:55:57+00:00","og_image":[{"width":1000,"height":625,"url":"https:\/\/radioljubuski.ba\/wp-content\/uploads\/2021\/11\/2-2021-05-12-10-25-12-sipa.jpg","type":"image\/jpeg"}],"author":"Radio Ljubu\u0161ki","twitter_card":"summary_large_image","twitter_creator":"@radioljubuski","twitter_site":"@radioljubuski","twitter_misc":{"Napisao\/la":"Radio Ljubu\u0161ki","Procijenjeno vrijeme \u010ditanja":"2 minute"},"schema":{"@context":"https:\/\/schema.org","@graph":[{"@type":"Article","@id":"https:\/\/radioljubuski.ba\/index.php\/2021\/11\/04\/nakon-tri-godine-rijeseno-ubojstvo-sarajevskih-policajaca-evo-tko-je-glavni-osumnjiceni\/#article","isPartOf":{"@id":"https:\/\/radioljubuski.ba\/index.php\/2021\/11\/04\/nakon-tri-godine-rijeseno-ubojstvo-sarajevskih-policajaca-evo-tko-je-glavni-osumnjiceni\/"},"author":{"name":"Radio Ljubu\u0161ki","@id":"https:\/\/radioljubuski.ba\/#\/schema\/person\/19fc700381a780f69665d7956c469e3b"},"headline":"Nakon tri godine rije\u0161eno ubojstvo sarajevskih policajaca? Evo tko je glavni osumnji\u010deni","datePublished":"2021-11-04T13:55:57+00:00","mainEntityOfPage":{"@id":"https:\/\/radioljubuski.ba\/index.php\/2021\/11\/04\/nakon-tri-godine-rijeseno-ubojstvo-sarajevskih-policajaca-evo-tko-je-glavni-osumnjiceni\/"},"wordCount":436,"publisher":{"@id":"https:\/\/radioljubuski.ba\/#organization"},"image":{"@id":"https:\/\/radioljubuski.ba\/index.php\/2021\/11\/04\/nakon-tri-godine-rijeseno-ubojstvo-sarajevskih-policajaca-evo-tko-je-glavni-osumnjiceni\/#primaryimage"},"thumbnailUrl":"https:\/\/radioljubuski.ba\/wp-content\/uploads\/2021\/11\/2-2021-05-12-10-25-12-sipa.jpg","articleSection":["BIH i regija"],"inLanguage":"hr"},{"@type":"WebPage","@id":"https:\/\/radioljubuski.ba\/index.php\/2021\/11\/04\/nakon-tri-godine-rijeseno-ubojstvo-sarajevskih-policajaca-evo-tko-je-glavni-osumnjiceni\/","url":"https:\/\/radioljubuski.ba\/index.php\/2021\/11\/04\/nakon-tri-godine-rijeseno-ubojstvo-sarajevskih-policajaca-evo-tko-je-glavni-osumnjiceni\/","name":"Nakon tri godine rije\u0161eno ubojstvo sarajevskih policajaca? Evo tko je glavni osumnji\u010deni - RADIO LJUBU\u0160KI","isPartOf":{"@id":"https:\/\/radioljubuski.ba\/#website"},"primaryImageOfPage":{"@id":"https:\/\/radioljubuski.ba\/index.php\/2021\/11\/04\/nakon-tri-godine-rijeseno-ubojstvo-sarajevskih-policajaca-evo-tko-je-glavni-osumnjiceni\/#primaryimage"},"image":{"@id":"https:\/\/radioljubuski.ba\/index.php\/2021\/11\/04\/nakon-tri-godine-rijeseno-ubojstvo-sarajevskih-policajaca-evo-tko-je-glavni-osumnjiceni\/#primaryimage"},"thumbnailUrl":"https:\/\/radioljubuski.ba\/wp-content\/uploads\/2021\/11\/2-2021-05-12-10-25-12-sipa.jpg","datePublished":"2021-11-04T13:55:57+00:00","breadcrumb":{"@id":"https:\/\/radioljubuski.ba\/index.php\/2021\/11\/04\/nakon-tri-godine-rijeseno-ubojstvo-sarajevskih-policajaca-evo-tko-je-glavni-osumnjiceni\/#breadcrumb"},"inLanguage":"hr","potentialAction":[{"@type":"ReadAction","target":["https:\/\/radioljubuski.ba\/index.php\/2021\/11\/04\/nakon-tri-godine-rijeseno-ubojstvo-sarajevskih-policajaca-evo-tko-je-glavni-osumnjiceni\/"]}]},{"@type":"ImageObject","inLanguage":"hr","@id":"https:\/\/radioljubuski.ba\/index.php\/2021\/11\/04\/nakon-tri-godine-rijeseno-ubojstvo-sarajevskih-policajaca-evo-tko-je-glavni-osumnjiceni\/#primaryimage","url":"https:\/\/radioljubuski.ba\/wp-content\/uploads\/2021\/11\/2-2021-05-12-10-25-12-sipa.jpg","contentUrl":"https:\/\/radioljubuski.ba\/wp-content\/uploads\/2021\/11\/2-2021-05-12-10-25-12-sipa.jpg","width":1000,"height":625},{"@type":"BreadcrumbList","@id":"https:\/\/radioljubuski.ba\/index.php\/2021\/11\/04\/nakon-tri-godine-rijeseno-ubojstvo-sarajevskih-policajaca-evo-tko-je-glavni-osumnjiceni\/#breadcrumb","itemListElement":[{"@type":"ListItem","position":1,"name":"Po\u010detna stranica","item":"https:\/\/radioljubuski.ba\/"},{"@type":"ListItem","position":2,"name":"Nakon tri godine rije\u0161eno ubojstvo sarajevskih policajaca? Evo tko je glavni osumnji\u010deni"}]},{"@type":"WebSite","@id":"https:\/\/radioljubuski.ba\/#website","url":"https:\/\/radioljubuski.ba\/","name":"Radio Ljubu\u0161ki","description":"Sun\u010dana frekvencija Hercegovine","publisher":{"@id":"https:\/\/radioljubuski.ba\/#organization"},"potentialAction":[{"@type":"SearchAction","target":{"@type":"EntryPoint","urlTemplate":"https:\/\/radioljubuski.ba\/?s={search_term_string}"},"query-input":{"@type":"PropertyValueSpecification","valueRequired":true,"valueName":"search_term_string"}}],"inLanguage":"hr"},{"@type":"Organization","@id":"https:\/\/radioljubuski.ba\/#organization","name":"Radio Ljubu\u0161ki","url":"https:\/\/radioljubuski.ba\/","logo":{"@type":"ImageObject","inLanguage":"hr","@id":"https:\/\/radioljubuski.ba\/#\/schema\/logo\/image\/","url":"https:\/\/radioljubuski.ba\/wp-content\/uploads\/2021\/02\/cropped-Radio_Ljubuski_logo1.jpg","contentUrl":"https:\/\/radioljubuski.ba\/wp-content\/uploads\/2021\/02\/cropped-Radio_Ljubuski_logo1.jpg","width":512,"height":512,"caption":"Radio Ljubu\u0161ki"},"image":{"@id":"https:\/\/radioljubuski.ba\/#\/schema\/logo\/image\/"},"sameAs":["https:\/\/www.facebook.com\/Radiio-Ljubuski-1490835324566332","https:\/\/x.com\/radioljubuski","https:\/\/hr.linkedin.com\/company\/radio-ljubuski","https:\/\/www.youtube.com\/channel\/UCHYaeO_n0Db3tjNGudGpXyw"]},{"@type":"Person","@id":"https:\/\/radioljubuski.ba\/#\/schema\/person\/19fc700381a780f69665d7956c469e3b","name":"Radio Ljubu\u0161ki"}]}},"_links":{"self":[{"href":"https:\/\/radioljubuski.ba\/index.php\/wp-json\/wp\/v2\/posts\/84997","targetHints":{"allow":["GET"]}}],"collection":[{"href":"https:\/\/radioljubuski.ba\/index.php\/wp-json\/wp\/v2\/posts"}],"about":[{"href":"https:\/\/radioljubuski.ba\/index.php\/wp-json\/wp\/v2\/types\/post"}],"author":[{"embeddable":true,"href":"https:\/\/radioljubuski.ba\/index.php\/wp-json\/wp\/v2\/users\/2"}],"replies":[{"embeddable":true,"href":"https:\/\/radioljubuski.ba\/index.php\/wp-json\/wp\/v2\/comments?post=84997"}],"version-history":[{"count":1,"href":"https:\/\/radioljubuski.ba\/index.php\/wp-json\/wp\/v2\/posts\/84997\/revisions"}],"predecessor-version":[{"id":84999,"href":"https:\/\/radioljubuski.ba\/index.php\/wp-json\/wp\/v2\/posts\/84997\/revisions\/84999"}],"wp:featuredmedia":[{"embeddable":true,"href":"https:\/\/radioljubuski.ba\/index.php\/wp-json\/wp\/v2\/media\/84998"}],"wp:attachment":[{"href":"https:\/\/radioljubuski.ba\/index.php\/wp-json\/wp\/v2\/media?parent=84997"}],"wp:term":[{"taxonomy":"category","embeddable":true,"href":"https:\/\/radioljubuski.ba\/index.php\/wp-json\/wp\/v2\/categories?post=84997"},{"taxonomy":"post_tag","embeddable":true,"href":"https:\/\/radioljubuski.ba\/index.php\/wp-json\/wp\/v2\/tags?post=84997"}],"curies":[{"name":"wp","href":"https:\/\/api.w.org\/{rel}","templated":true}]}}