{"id":85010,"date":"2021-11-04T15:04:02","date_gmt":"2021-11-04T14:04:02","guid":{"rendered":"https:\/\/radioljubuski.ba\/?p=85010"},"modified":"2021-11-04T15:04:03","modified_gmt":"2021-11-04T14:04:03","slug":"produzene-zapovijedi-i-preporuka-kriznog-stozera-fmz","status":"publish","type":"post","link":"https:\/\/radioljubuski.ba\/index.php\/2021\/11\/04\/produzene-zapovijedi-i-preporuka-kriznog-stozera-fmz\/","title":{"rendered":"Produ\u017eene zapovijedi i preporuka Kriznog sto\u017eera FMZ"},"content":{"rendered":"\n<p>Vlada Federacije BiH danas je na sjednici usvojila informaciju Kriznog sto\u017eera Federalnog ministarstva zdravstva o epidemiolo\u0161koj situaciji COVID-19 u FBiH na dan 1.11.2021. godine, s prijedlogom zapovijedi i preporuka.<\/p>\n\n\n\n<p>Vladama \u017eupanija, odnosno \u017eupanijskim sto\u017eerima ministarstava zdravstva nare\u0111eno je uvo\u0111enje restriktivnijih mjera na osnovu procjene epidemiolo\u0161ke situacije u \u017eupaniji, odnosno op\u0107ini, uz redovno obavje\u0161tavanje Kriznog sto\u017eera FMZ-a.<\/p>\n\n\n\n<p>Naredbe i preporuke su donesene s rokom va\u017eenja od 14 dana, ra\u010dunaju\u0107i od 4.11.2021. godine, a Krizni sto\u017eer FMZ je zadu\u017een da, prije isteka ovog roka, sagleda kompletnu epidemiolo\u0161ku situaciju COVID-19 u FBiH i sa\u010dini procjenu rizika, a radi razmatranja mogu\u0107nosti i potrebe izmjene zapovijedi i preporuka, te Vladi FBiH dostavi prijedlog novih.<\/p>\n\n\n\n<p>Krizni sto\u017eer FMZ \u0107e dana\u0161nje zaklju\u010dke, s prilozima, dostaviti \u017eupanijskim ministarstvima zdravstva i njihovim kriznim sto\u017eerima, zdravstvenim ustanovama s podru\u010dja \u017eupanije, klini\u010dkim centrima u FBiH, op\u0107im, \u017eupanijskim i specijalnim bolnicama, Federalnoj i \u017eupanijskim upravama za inspekcijske poslove i \u017eupanijskim upravama policije.<\/p>\n\n\n\n<p>U skladu sa zaklju\u010dkom od 8.1.2021. godine, Vlada FBiH \u0107e izvijestiti Parlament FBiH o epidemiolo\u0161koj situaciji u FBiH i mjerama koje je donijela s ciljem za\u0161tite zdravlja gra\u0111ana i smanjenja rizika za \u0161irenje virusa.<\/p>\n\n\n\n<p>U 43. tjednu, u odnosu na prethodnu, navedeno je u informaciji Kriznog sto\u017eera FMZ-a, zabilje\u017een je rast tjednog indikatora, broj novih potvr\u0111enih slu\u010dajeva ve\u0107i je za 26 posto, a broj smrtnih slu\u010dajeva ve\u0107i je za 27 posto. Prema dostavljenim podacima, od ukupnog broja hospitaliziranih je oko 90 posto necijepljenih.<\/p>\n\n\n\n<p>Federacija FBiH u proteklom izvje\u0161tajnom periodu i dalje bilje\u017ei visok nivo prijenosa virusa u zajednici. Na nivou FBiH tjedna incidenca iznosi 141 slu\u010daj na 100.000 stanovnika i ve\u0107a je za 22 posto nego tjedan ranije, a u posljednjih sedam dana najvi\u0161a je u Sarajevskoj (264,21), Tuzlanskoj (216,49) i Hercegova\u010dko-neretvanskoj \u017eupaniji (203,25).<\/p>\n\n\n\n<p>Procjenjuju\u0107i rizik, Krizni sto\u017eer FMZ-a u informaciji je naveo da se u FBiH u proteklom izvje\u0161tajnom periodu i dalje bilje\u017ei visok nivo prijenosa virusa.<\/p>\n\n\n\n<p>Uzimaju\u0107i u obzir dinamiku distribucije varijanti virusa, spor proces i nedovoljan obuhvat imunizacijom, kao i propuste u kontinuiranom i dosljednom pridr\u017eavanju mjera za prevenciju i kontrolu infekcije, u informaciji je procijenjeno da je prijetnja zdravlju op\u0107e populacije i dalje visoka.<\/p>\n\n\n\n<p>Ina\u010de, do 25. listopada 2021. godine je u Federaciji BiH dato 865.620 doza cjepiva protiv COVID-19, od \u010dega je prvom dozom cijepljeno 465.930, a drugom 399.690 gra\u0111ana, priop\u0107eno je iz Ureda za odnose s javno\u0161\u0107u Vlade FBiH.<\/p>\n\n\n\n<p>Izvor:pogled.ba<\/p>\n","protected":false},"excerpt":{"rendered":"<p>Vlada Federacije BiH danas je na sjednici usvojila informaciju Kriznog sto\u017eera Federalnog ministarstva zdravstva o epidemiolo\u0161koj situaciji COVID-19 u FBiH na dan 1.11.2021. godine, s prijedlogom zapovijedi i preporuka. Vladama \u017eupanija, odnosno \u017eupanijskim sto\u017eerima ministarstava zdravstva nare\u0111eno je uvo\u0111enje restriktivnijih mjera na osnovu procjene epidemiolo\u0161ke situacije u \u017eupaniji, odnosno op\u0107ini, uz redovno obavje\u0161tavanje Kriznog sto\u017eera [&hellip;]<\/p>\n","protected":false},"author":2,"featured_media":50811,"comment_status":"closed","ping_status":"closed","sticky":false,"template":"","format":"standard","meta":{"h5ap_radio_sources":[],"footnotes":""},"categories":[1],"tags":[],"class_list":["post-85010","post","type-post","status-publish","format-standard","has-post-thumbnail","hentry","category-bihiregija"],"yoast_head":"<!-- This site is optimized with the Yoast SEO plugin v27.5 - https:\/\/yoast.com\/product\/yoast-seo-wordpress\/ -->\n<title>Produ\u017eene zapovijedi i preporuka Kriznog sto\u017eera FMZ - RADIO LJUBU\u0160KI<\/title>\n<meta name=\"robots\" content=\"index, follow, max-snippet:-1, max-image-preview:large, max-video-preview:-1\" \/>\n<link rel=\"canonical\" href=\"https:\/\/radioljubuski.ba\/index.php\/2021\/11\/04\/produzene-zapovijedi-i-preporuka-kriznog-stozera-fmz\/\" \/>\n<meta property=\"og:locale\" content=\"hr_HR\" \/>\n<meta property=\"og:type\" content=\"article\" \/>\n<meta property=\"og:title\" content=\"Produ\u017eene zapovijedi i preporuka Kriznog sto\u017eera FMZ - RADIO LJUBU\u0160KI\" \/>\n<meta property=\"og:description\" content=\"Vlada Federacije BiH danas je na sjednici usvojila informaciju Kriznog sto\u017eera Federalnog ministarstva zdravstva o epidemiolo\u0161koj situaciji COVID-19 u FBiH na dan 1.11.2021. godine, s prijedlogom zapovijedi i preporuka. Vladama \u017eupanija, odnosno \u017eupanijskim sto\u017eerima ministarstava zdravstva nare\u0111eno je uvo\u0111enje restriktivnijih mjera na osnovu procjene epidemiolo\u0161ke situacije u \u017eupaniji, odnosno op\u0107ini, uz redovno obavje\u0161tavanje Kriznog sto\u017eera [&hellip;]\" \/>\n<meta property=\"og:url\" content=\"https:\/\/radioljubuski.ba\/index.php\/2021\/11\/04\/produzene-zapovijedi-i-preporuka-kriznog-stozera-fmz\/\" \/>\n<meta property=\"og:site_name\" content=\"RADIO LJUBU\u0160KI\" \/>\n<meta property=\"article:publisher\" content=\"https:\/\/www.facebook.com\/Radiio-Ljubuski-1490835324566332\" \/>\n<meta property=\"article:published_time\" content=\"2021-11-04T14:04:02+00:00\" \/>\n<meta property=\"article:modified_time\" content=\"2021-11-04T14:04:03+00:00\" \/>\n<meta property=\"og:image\" content=\"https:\/\/radioljubuski.ba\/wp-content\/uploads\/2021\/08\/2-2021-07-27-14-29-27-vladafbih16.jpg\" \/>\n\t<meta property=\"og:image:width\" content=\"1000\" \/>\n\t<meta property=\"og:image:height\" content=\"625\" \/>\n\t<meta property=\"og:image:type\" content=\"image\/jpeg\" \/>\n<meta name=\"author\" content=\"Radio Ljubu\u0161ki\" \/>\n<meta name=\"twitter:card\" content=\"summary_large_image\" \/>\n<meta name=\"twitter:creator\" content=\"@radioljubuski\" \/>\n<meta name=\"twitter:site\" content=\"@radioljubuski\" \/>\n<meta name=\"twitter:label1\" content=\"Napisao\/la\" \/>\n\t<meta name=\"twitter:data1\" content=\"Radio Ljubu\u0161ki\" \/>\n\t<meta name=\"twitter:label2\" content=\"Procijenjeno vrijeme \u010ditanja\" \/>\n\t<meta name=\"twitter:data2\" content=\"2 minute\" \/>\n<script type=\"application\/ld+json\" class=\"yoast-schema-graph\">{\"@context\":\"https:\\\/\\\/schema.org\",\"@graph\":[{\"@type\":\"Article\",\"@id\":\"https:\\\/\\\/radioljubuski.ba\\\/index.php\\\/2021\\\/11\\\/04\\\/produzene-zapovijedi-i-preporuka-kriznog-stozera-fmz\\\/#article\",\"isPartOf\":{\"@id\":\"https:\\\/\\\/radioljubuski.ba\\\/index.php\\\/2021\\\/11\\\/04\\\/produzene-zapovijedi-i-preporuka-kriznog-stozera-fmz\\\/\"},\"author\":{\"name\":\"Radio Ljubu\u0161ki\",\"@id\":\"https:\\\/\\\/radioljubuski.ba\\\/#\\\/schema\\\/person\\\/19fc700381a780f69665d7956c469e3b\"},\"headline\":\"Produ\u017eene zapovijedi i preporuka Kriznog sto\u017eera FMZ\",\"datePublished\":\"2021-11-04T14:04:02+00:00\",\"dateModified\":\"2021-11-04T14:04:03+00:00\",\"mainEntityOfPage\":{\"@id\":\"https:\\\/\\\/radioljubuski.ba\\\/index.php\\\/2021\\\/11\\\/04\\\/produzene-zapovijedi-i-preporuka-kriznog-stozera-fmz\\\/\"},\"wordCount\":430,\"publisher\":{\"@id\":\"https:\\\/\\\/radioljubuski.ba\\\/#organization\"},\"image\":{\"@id\":\"https:\\\/\\\/radioljubuski.ba\\\/index.php\\\/2021\\\/11\\\/04\\\/produzene-zapovijedi-i-preporuka-kriznog-stozera-fmz\\\/#primaryimage\"},\"thumbnailUrl\":\"https:\\\/\\\/radioljubuski.ba\\\/wp-content\\\/uploads\\\/2021\\\/08\\\/2-2021-07-27-14-29-27-vladafbih16.jpg\",\"articleSection\":[\"BIH i regija\"],\"inLanguage\":\"hr\"},{\"@type\":\"WebPage\",\"@id\":\"https:\\\/\\\/radioljubuski.ba\\\/index.php\\\/2021\\\/11\\\/04\\\/produzene-zapovijedi-i-preporuka-kriznog-stozera-fmz\\\/\",\"url\":\"https:\\\/\\\/radioljubuski.ba\\\/index.php\\\/2021\\\/11\\\/04\\\/produzene-zapovijedi-i-preporuka-kriznog-stozera-fmz\\\/\",\"name\":\"Produ\u017eene zapovijedi i preporuka Kriznog sto\u017eera FMZ - RADIO LJUBU\u0160KI\",\"isPartOf\":{\"@id\":\"https:\\\/\\\/radioljubuski.ba\\\/#website\"},\"primaryImageOfPage\":{\"@id\":\"https:\\\/\\\/radioljubuski.ba\\\/index.php\\\/2021\\\/11\\\/04\\\/produzene-zapovijedi-i-preporuka-kriznog-stozera-fmz\\\/#primaryimage\"},\"image\":{\"@id\":\"https:\\\/\\\/radioljubuski.ba\\\/index.php\\\/2021\\\/11\\\/04\\\/produzene-zapovijedi-i-preporuka-kriznog-stozera-fmz\\\/#primaryimage\"},\"thumbnailUrl\":\"https:\\\/\\\/radioljubuski.ba\\\/wp-content\\\/uploads\\\/2021\\\/08\\\/2-2021-07-27-14-29-27-vladafbih16.jpg\",\"datePublished\":\"2021-11-04T14:04:02+00:00\",\"dateModified\":\"2021-11-04T14:04:03+00:00\",\"breadcrumb\":{\"@id\":\"https:\\\/\\\/radioljubuski.ba\\\/index.php\\\/2021\\\/11\\\/04\\\/produzene-zapovijedi-i-preporuka-kriznog-stozera-fmz\\\/#breadcrumb\"},\"inLanguage\":\"hr\",\"potentialAction\":[{\"@type\":\"ReadAction\",\"target\":[\"https:\\\/\\\/radioljubuski.ba\\\/index.php\\\/2021\\\/11\\\/04\\\/produzene-zapovijedi-i-preporuka-kriznog-stozera-fmz\\\/\"]}]},{\"@type\":\"ImageObject\",\"inLanguage\":\"hr\",\"@id\":\"https:\\\/\\\/radioljubuski.ba\\\/index.php\\\/2021\\\/11\\\/04\\\/produzene-zapovijedi-i-preporuka-kriznog-stozera-fmz\\\/#primaryimage\",\"url\":\"https:\\\/\\\/radioljubuski.ba\\\/wp-content\\\/uploads\\\/2021\\\/08\\\/2-2021-07-27-14-29-27-vladafbih16.jpg\",\"contentUrl\":\"https:\\\/\\\/radioljubuski.ba\\\/wp-content\\\/uploads\\\/2021\\\/08\\\/2-2021-07-27-14-29-27-vladafbih16.jpg\",\"width\":1000,\"height\":625},{\"@type\":\"BreadcrumbList\",\"@id\":\"https:\\\/\\\/radioljubuski.ba\\\/index.php\\\/2021\\\/11\\\/04\\\/produzene-zapovijedi-i-preporuka-kriznog-stozera-fmz\\\/#breadcrumb\",\"itemListElement\":[{\"@type\":\"ListItem\",\"position\":1,\"name\":\"Po\u010detna stranica\",\"item\":\"https:\\\/\\\/radioljubuski.ba\\\/\"},{\"@type\":\"ListItem\",\"position\":2,\"name\":\"Produ\u017eene zapovijedi i preporuka Kriznog sto\u017eera FMZ\"}]},{\"@type\":\"WebSite\",\"@id\":\"https:\\\/\\\/radioljubuski.ba\\\/#website\",\"url\":\"https:\\\/\\\/radioljubuski.ba\\\/\",\"name\":\"Radio Ljubu\u0161ki\",\"description\":\"Sun\u010dana frekvencija Hercegovine\",\"publisher\":{\"@id\":\"https:\\\/\\\/radioljubuski.ba\\\/#organization\"},\"potentialAction\":[{\"@type\":\"SearchAction\",\"target\":{\"@type\":\"EntryPoint\",\"urlTemplate\":\"https:\\\/\\\/radioljubuski.ba\\\/?s={search_term_string}\"},\"query-input\":{\"@type\":\"PropertyValueSpecification\",\"valueRequired\":true,\"valueName\":\"search_term_string\"}}],\"inLanguage\":\"hr\"},{\"@type\":\"Organization\",\"@id\":\"https:\\\/\\\/radioljubuski.ba\\\/#organization\",\"name\":\"Radio Ljubu\u0161ki\",\"url\":\"https:\\\/\\\/radioljubuski.ba\\\/\",\"logo\":{\"@type\":\"ImageObject\",\"inLanguage\":\"hr\",\"@id\":\"https:\\\/\\\/radioljubuski.ba\\\/#\\\/schema\\\/logo\\\/image\\\/\",\"url\":\"https:\\\/\\\/radioljubuski.ba\\\/wp-content\\\/uploads\\\/2021\\\/02\\\/cropped-Radio_Ljubuski_logo1.jpg\",\"contentUrl\":\"https:\\\/\\\/radioljubuski.ba\\\/wp-content\\\/uploads\\\/2021\\\/02\\\/cropped-Radio_Ljubuski_logo1.jpg\",\"width\":512,\"height\":512,\"caption\":\"Radio Ljubu\u0161ki\"},\"image\":{\"@id\":\"https:\\\/\\\/radioljubuski.ba\\\/#\\\/schema\\\/logo\\\/image\\\/\"},\"sameAs\":[\"https:\\\/\\\/www.facebook.com\\\/Radiio-Ljubuski-1490835324566332\",\"https:\\\/\\\/x.com\\\/radioljubuski\",\"https:\\\/\\\/hr.linkedin.com\\\/company\\\/radio-ljubuski\",\"https:\\\/\\\/www.youtube.com\\\/channel\\\/UCHYaeO_n0Db3tjNGudGpXyw\"]},{\"@type\":\"Person\",\"@id\":\"https:\\\/\\\/radioljubuski.ba\\\/#\\\/schema\\\/person\\\/19fc700381a780f69665d7956c469e3b\",\"name\":\"Radio Ljubu\u0161ki\"}]}<\/script>\n<!-- \/ Yoast SEO plugin. -->","yoast_head_json":{"title":"Produ\u017eene zapovijedi i preporuka Kriznog sto\u017eera FMZ - RADIO LJUBU\u0160KI","robots":{"index":"index","follow":"follow","max-snippet":"max-snippet:-1","max-image-preview":"max-image-preview:large","max-video-preview":"max-video-preview:-1"},"canonical":"https:\/\/radioljubuski.ba\/index.php\/2021\/11\/04\/produzene-zapovijedi-i-preporuka-kriznog-stozera-fmz\/","og_locale":"hr_HR","og_type":"article","og_title":"Produ\u017eene zapovijedi i preporuka Kriznog sto\u017eera FMZ - RADIO LJUBU\u0160KI","og_description":"Vlada Federacije BiH danas je na sjednici usvojila informaciju Kriznog sto\u017eera Federalnog ministarstva zdravstva o epidemiolo\u0161koj situaciji COVID-19 u FBiH na dan 1.11.2021. godine, s prijedlogom zapovijedi i preporuka. Vladama \u017eupanija, odnosno \u017eupanijskim sto\u017eerima ministarstava zdravstva nare\u0111eno je uvo\u0111enje restriktivnijih mjera na osnovu procjene epidemiolo\u0161ke situacije u \u017eupaniji, odnosno op\u0107ini, uz redovno obavje\u0161tavanje Kriznog sto\u017eera [&hellip;]","og_url":"https:\/\/radioljubuski.ba\/index.php\/2021\/11\/04\/produzene-zapovijedi-i-preporuka-kriznog-stozera-fmz\/","og_site_name":"RADIO LJUBU\u0160KI","article_publisher":"https:\/\/www.facebook.com\/Radiio-Ljubuski-1490835324566332","article_published_time":"2021-11-04T14:04:02+00:00","article_modified_time":"2021-11-04T14:04:03+00:00","og_image":[{"width":1000,"height":625,"url":"https:\/\/radioljubuski.ba\/wp-content\/uploads\/2021\/08\/2-2021-07-27-14-29-27-vladafbih16.jpg","type":"image\/jpeg"}],"author":"Radio Ljubu\u0161ki","twitter_card":"summary_large_image","twitter_creator":"@radioljubuski","twitter_site":"@radioljubuski","twitter_misc":{"Napisao\/la":"Radio Ljubu\u0161ki","Procijenjeno vrijeme \u010ditanja":"2 minute"},"schema":{"@context":"https:\/\/schema.org","@graph":[{"@type":"Article","@id":"https:\/\/radioljubuski.ba\/index.php\/2021\/11\/04\/produzene-zapovijedi-i-preporuka-kriznog-stozera-fmz\/#article","isPartOf":{"@id":"https:\/\/radioljubuski.ba\/index.php\/2021\/11\/04\/produzene-zapovijedi-i-preporuka-kriznog-stozera-fmz\/"},"author":{"name":"Radio Ljubu\u0161ki","@id":"https:\/\/radioljubuski.ba\/#\/schema\/person\/19fc700381a780f69665d7956c469e3b"},"headline":"Produ\u017eene zapovijedi i preporuka Kriznog sto\u017eera FMZ","datePublished":"2021-11-04T14:04:02+00:00","dateModified":"2021-11-04T14:04:03+00:00","mainEntityOfPage":{"@id":"https:\/\/radioljubuski.ba\/index.php\/2021\/11\/04\/produzene-zapovijedi-i-preporuka-kriznog-stozera-fmz\/"},"wordCount":430,"publisher":{"@id":"https:\/\/radioljubuski.ba\/#organization"},"image":{"@id":"https:\/\/radioljubuski.ba\/index.php\/2021\/11\/04\/produzene-zapovijedi-i-preporuka-kriznog-stozera-fmz\/#primaryimage"},"thumbnailUrl":"https:\/\/radioljubuski.ba\/wp-content\/uploads\/2021\/08\/2-2021-07-27-14-29-27-vladafbih16.jpg","articleSection":["BIH i regija"],"inLanguage":"hr"},{"@type":"WebPage","@id":"https:\/\/radioljubuski.ba\/index.php\/2021\/11\/04\/produzene-zapovijedi-i-preporuka-kriznog-stozera-fmz\/","url":"https:\/\/radioljubuski.ba\/index.php\/2021\/11\/04\/produzene-zapovijedi-i-preporuka-kriznog-stozera-fmz\/","name":"Produ\u017eene zapovijedi i preporuka Kriznog sto\u017eera FMZ - RADIO LJUBU\u0160KI","isPartOf":{"@id":"https:\/\/radioljubuski.ba\/#website"},"primaryImageOfPage":{"@id":"https:\/\/radioljubuski.ba\/index.php\/2021\/11\/04\/produzene-zapovijedi-i-preporuka-kriznog-stozera-fmz\/#primaryimage"},"image":{"@id":"https:\/\/radioljubuski.ba\/index.php\/2021\/11\/04\/produzene-zapovijedi-i-preporuka-kriznog-stozera-fmz\/#primaryimage"},"thumbnailUrl":"https:\/\/radioljubuski.ba\/wp-content\/uploads\/2021\/08\/2-2021-07-27-14-29-27-vladafbih16.jpg","datePublished":"2021-11-04T14:04:02+00:00","dateModified":"2021-11-04T14:04:03+00:00","breadcrumb":{"@id":"https:\/\/radioljubuski.ba\/index.php\/2021\/11\/04\/produzene-zapovijedi-i-preporuka-kriznog-stozera-fmz\/#breadcrumb"},"inLanguage":"hr","potentialAction":[{"@type":"ReadAction","target":["https:\/\/radioljubuski.ba\/index.php\/2021\/11\/04\/produzene-zapovijedi-i-preporuka-kriznog-stozera-fmz\/"]}]},{"@type":"ImageObject","inLanguage":"hr","@id":"https:\/\/radioljubuski.ba\/index.php\/2021\/11\/04\/produzene-zapovijedi-i-preporuka-kriznog-stozera-fmz\/#primaryimage","url":"https:\/\/radioljubuski.ba\/wp-content\/uploads\/2021\/08\/2-2021-07-27-14-29-27-vladafbih16.jpg","contentUrl":"https:\/\/radioljubuski.ba\/wp-content\/uploads\/2021\/08\/2-2021-07-27-14-29-27-vladafbih16.jpg","width":1000,"height":625},{"@type":"BreadcrumbList","@id":"https:\/\/radioljubuski.ba\/index.php\/2021\/11\/04\/produzene-zapovijedi-i-preporuka-kriznog-stozera-fmz\/#breadcrumb","itemListElement":[{"@type":"ListItem","position":1,"name":"Po\u010detna stranica","item":"https:\/\/radioljubuski.ba\/"},{"@type":"ListItem","position":2,"name":"Produ\u017eene zapovijedi i preporuka Kriznog sto\u017eera FMZ"}]},{"@type":"WebSite","@id":"https:\/\/radioljubuski.ba\/#website","url":"https:\/\/radioljubuski.ba\/","name":"Radio Ljubu\u0161ki","description":"Sun\u010dana frekvencija Hercegovine","publisher":{"@id":"https:\/\/radioljubuski.ba\/#organization"},"potentialAction":[{"@type":"SearchAction","target":{"@type":"EntryPoint","urlTemplate":"https:\/\/radioljubuski.ba\/?s={search_term_string}"},"query-input":{"@type":"PropertyValueSpecification","valueRequired":true,"valueName":"search_term_string"}}],"inLanguage":"hr"},{"@type":"Organization","@id":"https:\/\/radioljubuski.ba\/#organization","name":"Radio Ljubu\u0161ki","url":"https:\/\/radioljubuski.ba\/","logo":{"@type":"ImageObject","inLanguage":"hr","@id":"https:\/\/radioljubuski.ba\/#\/schema\/logo\/image\/","url":"https:\/\/radioljubuski.ba\/wp-content\/uploads\/2021\/02\/cropped-Radio_Ljubuski_logo1.jpg","contentUrl":"https:\/\/radioljubuski.ba\/wp-content\/uploads\/2021\/02\/cropped-Radio_Ljubuski_logo1.jpg","width":512,"height":512,"caption":"Radio Ljubu\u0161ki"},"image":{"@id":"https:\/\/radioljubuski.ba\/#\/schema\/logo\/image\/"},"sameAs":["https:\/\/www.facebook.com\/Radiio-Ljubuski-1490835324566332","https:\/\/x.com\/radioljubuski","https:\/\/hr.linkedin.com\/company\/radio-ljubuski","https:\/\/www.youtube.com\/channel\/UCHYaeO_n0Db3tjNGudGpXyw"]},{"@type":"Person","@id":"https:\/\/radioljubuski.ba\/#\/schema\/person\/19fc700381a780f69665d7956c469e3b","name":"Radio Ljubu\u0161ki"}]}},"_links":{"self":[{"href":"https:\/\/radioljubuski.ba\/index.php\/wp-json\/wp\/v2\/posts\/85010","targetHints":{"allow":["GET"]}}],"collection":[{"href":"https:\/\/radioljubuski.ba\/index.php\/wp-json\/wp\/v2\/posts"}],"about":[{"href":"https:\/\/radioljubuski.ba\/index.php\/wp-json\/wp\/v2\/types\/post"}],"author":[{"embeddable":true,"href":"https:\/\/radioljubuski.ba\/index.php\/wp-json\/wp\/v2\/users\/2"}],"replies":[{"embeddable":true,"href":"https:\/\/radioljubuski.ba\/index.php\/wp-json\/wp\/v2\/comments?post=85010"}],"version-history":[{"count":1,"href":"https:\/\/radioljubuski.ba\/index.php\/wp-json\/wp\/v2\/posts\/85010\/revisions"}],"predecessor-version":[{"id":85011,"href":"https:\/\/radioljubuski.ba\/index.php\/wp-json\/wp\/v2\/posts\/85010\/revisions\/85011"}],"wp:featuredmedia":[{"embeddable":true,"href":"https:\/\/radioljubuski.ba\/index.php\/wp-json\/wp\/v2\/media\/50811"}],"wp:attachment":[{"href":"https:\/\/radioljubuski.ba\/index.php\/wp-json\/wp\/v2\/media?parent=85010"}],"wp:term":[{"taxonomy":"category","embeddable":true,"href":"https:\/\/radioljubuski.ba\/index.php\/wp-json\/wp\/v2\/categories?post=85010"},{"taxonomy":"post_tag","embeddable":true,"href":"https:\/\/radioljubuski.ba\/index.php\/wp-json\/wp\/v2\/tags?post=85010"}],"curies":[{"name":"wp","href":"https:\/\/api.w.org\/{rel}","templated":true}]}}