{"id":85027,"date":"2021-11-04T19:20:13","date_gmt":"2021-11-04T18:20:13","guid":{"rendered":"https:\/\/radioljubuski.ba\/?p=85027"},"modified":"2021-11-04T19:20:14","modified_gmt":"2021-11-04T18:20:14","slug":"dodik-srpska-ce-naci-mehanizam-da-tuzi-schmidta-u-njemackoj-zbog-laznog-predstavljanja","status":"publish","type":"post","link":"https:\/\/radioljubuski.ba\/index.php\/2021\/11\/04\/dodik-srpska-ce-naci-mehanizam-da-tuzi-schmidta-u-njemackoj-zbog-laznog-predstavljanja\/","title":{"rendered":"Dodik: Srpska \u0107e na\u0107i mehanizam da tu\u017ei Schmidta u Njema\u010dkoj zbog la\u017enog predstavljanja"},"content":{"rendered":"\n<p>Republika Srpska \u0107e na\u0107i mehanizam da tu\u017ei Christiana Schmidta za la\u017eno predstavljanje, rekao je srpski \u010dlan Predsjedni\u0161tva BiH Milorad Dodik.<\/p>\n\n\n\n<iframe loading=\"lazy\" title=\"Dodik: Srpska ce na\u0107i mehanizam da tu\u017ei \u0160mita\" width=\"640\" height=\"360\" src=\"https:\/\/www.youtube.com\/embed\/YNbBL-s06To?feature=oembed\" frameborder=\"0\" allow=\"accelerometer; autoplay; clipboard-write; encrypted-media; gyroscope; picture-in-picture; web-share\" referrerpolicy=\"strict-origin-when-cross-origin\" allowfullscreen><\/iframe>\n\n\n\n<p>Republika Srpska \u0107e na\u0107i mehanizam da tu\u017ei Christiana Schmidta za la\u017eno predstavljanje, rekao je srpski \u010dlan Predsjedni\u0161tva BiH Milorad Dodik.<\/p>\n\n\n\n<p>Naglasio je da \u0107e Srpska to poku\u0161ati uraditi u njegovoj zemlji.<\/p>\n\n\n\n<p>\u2013 \u0408u\u010der smo dobili va\u017enu poruku od Vije\u0107a sigurnosti Un-a i to zna\u010di da nema visokog predstavnika \u2013 rekao je Dodik na konferenciji za novinare.<\/p>\n\n\n\n<p>Dodik je, kako prenosi RTRS, naglasio da je Vije\u0107e sigurnosti bio na strani me\u0111unarodnog prava.<\/p>\n\n\n\n<p>\u2013 Bit \u0107e zanimljivo gledati kako \u0107e se pona\u0161ati gospodin Schmidt. Ako nije prepoznat po Rezoluciji Vije\u0107a sigurnosti UN, onda ne mo\u017ee biti prepoznat ni ovdje. \u010cudi me da je \u010dovjek tog politi\u010dkog iskustva sebi na kraju mogao dopustiti ovakvu blama\u017eu \u2013 dodao je Dodik.<\/p>\n\n\n\n<p>On je naglasio da Republika Srpska nije pobijedila u Vije\u0107u sigurnosti UN, nego da je zadovoljna \u0161to je na tom mjestu pobijedila istina.<\/p>\n\n\n\n<p>Naglasio je da \u0107e Srpska to poku\u0161ati uraditi u njegovoj zemlji.<\/p>\n\n\n\n<p>\u2013 \u0408u\u010der smo dobili va\u017enu poruku od Vije\u0107a sigurnosti Un-a i to zna\u010di da nema visokog predstavnika \u2013 rekao je Dodik na konferenciji za novinare.<\/p>\n\n\n\n<p>Dodik je, kako prenosi RTRS, naglasio da je Vije\u0107e sigurnosti bio na strani me\u0111unarodnog prava.<\/p>\n\n\n\n<p>\u2013 Bit \u0107e zanimljivo gledati kako \u0107e se pona\u0161ati gospodin Schmidt. Ako nije prepoznat po Rezoluciji Vije\u0107a sigurnosti UN, onda ne mo\u017ee biti prepoznat ni ovdje. \u010cudi me da je \u010dovjek tog politi\u010dkog iskustva sebi na kraju mogao dopustiti ovakvu blama\u017eu \u2013 dodao je Dodik.<\/p>\n\n\n\n<p>On je naglasio da Republika Srpska nije pobijedila u Vije\u0107u sigurnosti UN, nego da je zadovoljna \u0161to je na tom mjestu pobijedila istina.<\/p>\n\n\n\n<p>\/HMS\/<\/p>\n","protected":false},"excerpt":{"rendered":"<p>Republika Srpska \u0107e na\u0107i mehanizam da tu\u017ei Christiana Schmidta za la\u017eno predstavljanje, rekao je srpski \u010dlan Predsjedni\u0161tva BiH Milorad Dodik. Republika Srpska \u0107e na\u0107i mehanizam da tu\u017ei Christiana Schmidta za la\u017eno predstavljanje, rekao je srpski \u010dlan Predsjedni\u0161tva BiH Milorad Dodik. Naglasio je da \u0107e Srpska to poku\u0161ati uraditi u njegovoj zemlji. \u2013 \u0408u\u010der smo dobili [&hellip;]<\/p>\n","protected":false},"author":2,"featured_media":7092,"comment_status":"closed","ping_status":"closed","sticky":false,"template":"","format":"standard","meta":{"h5ap_radio_sources":[],"footnotes":""},"categories":[1],"tags":[],"class_list":["post-85027","post","type-post","status-publish","format-standard","has-post-thumbnail","hentry","category-bihiregija"],"yoast_head":"<!-- This site is optimized with the Yoast SEO plugin v27.5 - https:\/\/yoast.com\/product\/yoast-seo-wordpress\/ -->\n<title>Dodik: Srpska \u0107e na\u0107i mehanizam da tu\u017ei Schmidta u Njema\u010dkoj zbog la\u017enog predstavljanja - RADIO LJUBU\u0160KI<\/title>\n<meta name=\"robots\" content=\"index, follow, max-snippet:-1, max-image-preview:large, max-video-preview:-1\" \/>\n<link rel=\"canonical\" href=\"https:\/\/radioljubuski.ba\/index.php\/2021\/11\/04\/dodik-srpska-ce-naci-mehanizam-da-tuzi-schmidta-u-njemackoj-zbog-laznog-predstavljanja\/\" \/>\n<meta property=\"og:locale\" content=\"hr_HR\" \/>\n<meta property=\"og:type\" content=\"article\" \/>\n<meta property=\"og:title\" content=\"Dodik: Srpska \u0107e na\u0107i mehanizam da tu\u017ei Schmidta u Njema\u010dkoj zbog la\u017enog predstavljanja - RADIO LJUBU\u0160KI\" \/>\n<meta property=\"og:description\" content=\"Republika Srpska \u0107e na\u0107i mehanizam da tu\u017ei Christiana Schmidta za la\u017eno predstavljanje, rekao je srpski \u010dlan Predsjedni\u0161tva BiH Milorad Dodik. Republika Srpska \u0107e na\u0107i mehanizam da tu\u017ei Christiana Schmidta za la\u017eno predstavljanje, rekao je srpski \u010dlan Predsjedni\u0161tva BiH Milorad Dodik. Naglasio je da \u0107e Srpska to poku\u0161ati uraditi u njegovoj zemlji. \u2013 \u0408u\u010der smo dobili [&hellip;]\" \/>\n<meta property=\"og:url\" content=\"https:\/\/radioljubuski.ba\/index.php\/2021\/11\/04\/dodik-srpska-ce-naci-mehanizam-da-tuzi-schmidta-u-njemackoj-zbog-laznog-predstavljanja\/\" \/>\n<meta property=\"og:site_name\" content=\"RADIO LJUBU\u0160KI\" \/>\n<meta property=\"article:publisher\" content=\"https:\/\/www.facebook.com\/Radiio-Ljubuski-1490835324566332\" \/>\n<meta property=\"article:published_time\" content=\"2021-11-04T18:20:13+00:00\" \/>\n<meta property=\"article:modified_time\" content=\"2021-11-04T18:20:14+00:00\" \/>\n<meta property=\"og:image\" content=\"https:\/\/radioljubuski.ba\/wp-content\/uploads\/2021\/03\/dodik-karta.jpg\" \/>\n\t<meta property=\"og:image:width\" content=\"750\" \/>\n\t<meta property=\"og:image:height\" content=\"500\" \/>\n\t<meta property=\"og:image:type\" content=\"image\/jpeg\" \/>\n<meta name=\"author\" content=\"Radio Ljubu\u0161ki\" \/>\n<meta name=\"twitter:card\" content=\"summary_large_image\" \/>\n<meta name=\"twitter:creator\" content=\"@radioljubuski\" \/>\n<meta name=\"twitter:site\" content=\"@radioljubuski\" \/>\n<meta name=\"twitter:label1\" content=\"Napisao\/la\" \/>\n\t<meta name=\"twitter:data1\" content=\"Radio Ljubu\u0161ki\" \/>\n\t<meta name=\"twitter:label2\" content=\"Procijenjeno vrijeme \u010ditanja\" \/>\n\t<meta name=\"twitter:data2\" content=\"2 minute\" \/>\n<script type=\"application\/ld+json\" class=\"yoast-schema-graph\">{\"@context\":\"https:\\\/\\\/schema.org\",\"@graph\":[{\"@type\":\"Article\",\"@id\":\"https:\\\/\\\/radioljubuski.ba\\\/index.php\\\/2021\\\/11\\\/04\\\/dodik-srpska-ce-naci-mehanizam-da-tuzi-schmidta-u-njemackoj-zbog-laznog-predstavljanja\\\/#article\",\"isPartOf\":{\"@id\":\"https:\\\/\\\/radioljubuski.ba\\\/index.php\\\/2021\\\/11\\\/04\\\/dodik-srpska-ce-naci-mehanizam-da-tuzi-schmidta-u-njemackoj-zbog-laznog-predstavljanja\\\/\"},\"author\":{\"name\":\"Radio Ljubu\u0161ki\",\"@id\":\"https:\\\/\\\/radioljubuski.ba\\\/#\\\/schema\\\/person\\\/19fc700381a780f69665d7956c469e3b\"},\"headline\":\"Dodik: Srpska \u0107e na\u0107i mehanizam da tu\u017ei Schmidta u Njema\u010dkoj zbog la\u017enog predstavljanja\",\"datePublished\":\"2021-11-04T18:20:13+00:00\",\"dateModified\":\"2021-11-04T18:20:14+00:00\",\"mainEntityOfPage\":{\"@id\":\"https:\\\/\\\/radioljubuski.ba\\\/index.php\\\/2021\\\/11\\\/04\\\/dodik-srpska-ce-naci-mehanizam-da-tuzi-schmidta-u-njemackoj-zbog-laznog-predstavljanja\\\/\"},\"wordCount\":330,\"publisher\":{\"@id\":\"https:\\\/\\\/radioljubuski.ba\\\/#organization\"},\"image\":{\"@id\":\"https:\\\/\\\/radioljubuski.ba\\\/index.php\\\/2021\\\/11\\\/04\\\/dodik-srpska-ce-naci-mehanizam-da-tuzi-schmidta-u-njemackoj-zbog-laznog-predstavljanja\\\/#primaryimage\"},\"thumbnailUrl\":\"https:\\\/\\\/radioljubuski.ba\\\/wp-content\\\/uploads\\\/2021\\\/03\\\/dodik-karta.jpg\",\"articleSection\":[\"BIH i regija\"],\"inLanguage\":\"hr\"},{\"@type\":\"WebPage\",\"@id\":\"https:\\\/\\\/radioljubuski.ba\\\/index.php\\\/2021\\\/11\\\/04\\\/dodik-srpska-ce-naci-mehanizam-da-tuzi-schmidta-u-njemackoj-zbog-laznog-predstavljanja\\\/\",\"url\":\"https:\\\/\\\/radioljubuski.ba\\\/index.php\\\/2021\\\/11\\\/04\\\/dodik-srpska-ce-naci-mehanizam-da-tuzi-schmidta-u-njemackoj-zbog-laznog-predstavljanja\\\/\",\"name\":\"Dodik: Srpska \u0107e na\u0107i mehanizam da tu\u017ei Schmidta u Njema\u010dkoj zbog la\u017enog predstavljanja - RADIO LJUBU\u0160KI\",\"isPartOf\":{\"@id\":\"https:\\\/\\\/radioljubuski.ba\\\/#website\"},\"primaryImageOfPage\":{\"@id\":\"https:\\\/\\\/radioljubuski.ba\\\/index.php\\\/2021\\\/11\\\/04\\\/dodik-srpska-ce-naci-mehanizam-da-tuzi-schmidta-u-njemackoj-zbog-laznog-predstavljanja\\\/#primaryimage\"},\"image\":{\"@id\":\"https:\\\/\\\/radioljubuski.ba\\\/index.php\\\/2021\\\/11\\\/04\\\/dodik-srpska-ce-naci-mehanizam-da-tuzi-schmidta-u-njemackoj-zbog-laznog-predstavljanja\\\/#primaryimage\"},\"thumbnailUrl\":\"https:\\\/\\\/radioljubuski.ba\\\/wp-content\\\/uploads\\\/2021\\\/03\\\/dodik-karta.jpg\",\"datePublished\":\"2021-11-04T18:20:13+00:00\",\"dateModified\":\"2021-11-04T18:20:14+00:00\",\"breadcrumb\":{\"@id\":\"https:\\\/\\\/radioljubuski.ba\\\/index.php\\\/2021\\\/11\\\/04\\\/dodik-srpska-ce-naci-mehanizam-da-tuzi-schmidta-u-njemackoj-zbog-laznog-predstavljanja\\\/#breadcrumb\"},\"inLanguage\":\"hr\",\"potentialAction\":[{\"@type\":\"ReadAction\",\"target\":[\"https:\\\/\\\/radioljubuski.ba\\\/index.php\\\/2021\\\/11\\\/04\\\/dodik-srpska-ce-naci-mehanizam-da-tuzi-schmidta-u-njemackoj-zbog-laznog-predstavljanja\\\/\"]}]},{\"@type\":\"ImageObject\",\"inLanguage\":\"hr\",\"@id\":\"https:\\\/\\\/radioljubuski.ba\\\/index.php\\\/2021\\\/11\\\/04\\\/dodik-srpska-ce-naci-mehanizam-da-tuzi-schmidta-u-njemackoj-zbog-laznog-predstavljanja\\\/#primaryimage\",\"url\":\"https:\\\/\\\/radioljubuski.ba\\\/wp-content\\\/uploads\\\/2021\\\/03\\\/dodik-karta.jpg\",\"contentUrl\":\"https:\\\/\\\/radioljubuski.ba\\\/wp-content\\\/uploads\\\/2021\\\/03\\\/dodik-karta.jpg\",\"width\":750,\"height\":500},{\"@type\":\"BreadcrumbList\",\"@id\":\"https:\\\/\\\/radioljubuski.ba\\\/index.php\\\/2021\\\/11\\\/04\\\/dodik-srpska-ce-naci-mehanizam-da-tuzi-schmidta-u-njemackoj-zbog-laznog-predstavljanja\\\/#breadcrumb\",\"itemListElement\":[{\"@type\":\"ListItem\",\"position\":1,\"name\":\"Po\u010detna stranica\",\"item\":\"https:\\\/\\\/radioljubuski.ba\\\/\"},{\"@type\":\"ListItem\",\"position\":2,\"name\":\"Dodik: Srpska \u0107e na\u0107i mehanizam da tu\u017ei Schmidta u Njema\u010dkoj zbog la\u017enog predstavljanja\"}]},{\"@type\":\"WebSite\",\"@id\":\"https:\\\/\\\/radioljubuski.ba\\\/#website\",\"url\":\"https:\\\/\\\/radioljubuski.ba\\\/\",\"name\":\"Radio Ljubu\u0161ki\",\"description\":\"Sun\u010dana frekvencija Hercegovine\",\"publisher\":{\"@id\":\"https:\\\/\\\/radioljubuski.ba\\\/#organization\"},\"potentialAction\":[{\"@type\":\"SearchAction\",\"target\":{\"@type\":\"EntryPoint\",\"urlTemplate\":\"https:\\\/\\\/radioljubuski.ba\\\/?s={search_term_string}\"},\"query-input\":{\"@type\":\"PropertyValueSpecification\",\"valueRequired\":true,\"valueName\":\"search_term_string\"}}],\"inLanguage\":\"hr\"},{\"@type\":\"Organization\",\"@id\":\"https:\\\/\\\/radioljubuski.ba\\\/#organization\",\"name\":\"Radio Ljubu\u0161ki\",\"url\":\"https:\\\/\\\/radioljubuski.ba\\\/\",\"logo\":{\"@type\":\"ImageObject\",\"inLanguage\":\"hr\",\"@id\":\"https:\\\/\\\/radioljubuski.ba\\\/#\\\/schema\\\/logo\\\/image\\\/\",\"url\":\"https:\\\/\\\/radioljubuski.ba\\\/wp-content\\\/uploads\\\/2021\\\/02\\\/cropped-Radio_Ljubuski_logo1.jpg\",\"contentUrl\":\"https:\\\/\\\/radioljubuski.ba\\\/wp-content\\\/uploads\\\/2021\\\/02\\\/cropped-Radio_Ljubuski_logo1.jpg\",\"width\":512,\"height\":512,\"caption\":\"Radio Ljubu\u0161ki\"},\"image\":{\"@id\":\"https:\\\/\\\/radioljubuski.ba\\\/#\\\/schema\\\/logo\\\/image\\\/\"},\"sameAs\":[\"https:\\\/\\\/www.facebook.com\\\/Radiio-Ljubuski-1490835324566332\",\"https:\\\/\\\/x.com\\\/radioljubuski\",\"https:\\\/\\\/hr.linkedin.com\\\/company\\\/radio-ljubuski\",\"https:\\\/\\\/www.youtube.com\\\/channel\\\/UCHYaeO_n0Db3tjNGudGpXyw\"]},{\"@type\":\"Person\",\"@id\":\"https:\\\/\\\/radioljubuski.ba\\\/#\\\/schema\\\/person\\\/19fc700381a780f69665d7956c469e3b\",\"name\":\"Radio Ljubu\u0161ki\"}]}<\/script>\n<!-- \/ Yoast SEO plugin. -->","yoast_head_json":{"title":"Dodik: Srpska \u0107e na\u0107i mehanizam da tu\u017ei Schmidta u Njema\u010dkoj zbog la\u017enog predstavljanja - RADIO LJUBU\u0160KI","robots":{"index":"index","follow":"follow","max-snippet":"max-snippet:-1","max-image-preview":"max-image-preview:large","max-video-preview":"max-video-preview:-1"},"canonical":"https:\/\/radioljubuski.ba\/index.php\/2021\/11\/04\/dodik-srpska-ce-naci-mehanizam-da-tuzi-schmidta-u-njemackoj-zbog-laznog-predstavljanja\/","og_locale":"hr_HR","og_type":"article","og_title":"Dodik: Srpska \u0107e na\u0107i mehanizam da tu\u017ei Schmidta u Njema\u010dkoj zbog la\u017enog predstavljanja - RADIO LJUBU\u0160KI","og_description":"Republika Srpska \u0107e na\u0107i mehanizam da tu\u017ei Christiana Schmidta za la\u017eno predstavljanje, rekao je srpski \u010dlan Predsjedni\u0161tva BiH Milorad Dodik. Republika Srpska \u0107e na\u0107i mehanizam da tu\u017ei Christiana Schmidta za la\u017eno predstavljanje, rekao je srpski \u010dlan Predsjedni\u0161tva BiH Milorad Dodik. Naglasio je da \u0107e Srpska to poku\u0161ati uraditi u njegovoj zemlji. \u2013 \u0408u\u010der smo dobili [&hellip;]","og_url":"https:\/\/radioljubuski.ba\/index.php\/2021\/11\/04\/dodik-srpska-ce-naci-mehanizam-da-tuzi-schmidta-u-njemackoj-zbog-laznog-predstavljanja\/","og_site_name":"RADIO LJUBU\u0160KI","article_publisher":"https:\/\/www.facebook.com\/Radiio-Ljubuski-1490835324566332","article_published_time":"2021-11-04T18:20:13+00:00","article_modified_time":"2021-11-04T18:20:14+00:00","og_image":[{"width":750,"height":500,"url":"https:\/\/radioljubuski.ba\/wp-content\/uploads\/2021\/03\/dodik-karta.jpg","type":"image\/jpeg"}],"author":"Radio Ljubu\u0161ki","twitter_card":"summary_large_image","twitter_creator":"@radioljubuski","twitter_site":"@radioljubuski","twitter_misc":{"Napisao\/la":"Radio Ljubu\u0161ki","Procijenjeno vrijeme \u010ditanja":"2 minute"},"schema":{"@context":"https:\/\/schema.org","@graph":[{"@type":"Article","@id":"https:\/\/radioljubuski.ba\/index.php\/2021\/11\/04\/dodik-srpska-ce-naci-mehanizam-da-tuzi-schmidta-u-njemackoj-zbog-laznog-predstavljanja\/#article","isPartOf":{"@id":"https:\/\/radioljubuski.ba\/index.php\/2021\/11\/04\/dodik-srpska-ce-naci-mehanizam-da-tuzi-schmidta-u-njemackoj-zbog-laznog-predstavljanja\/"},"author":{"name":"Radio Ljubu\u0161ki","@id":"https:\/\/radioljubuski.ba\/#\/schema\/person\/19fc700381a780f69665d7956c469e3b"},"headline":"Dodik: Srpska \u0107e na\u0107i mehanizam da tu\u017ei Schmidta u Njema\u010dkoj zbog la\u017enog predstavljanja","datePublished":"2021-11-04T18:20:13+00:00","dateModified":"2021-11-04T18:20:14+00:00","mainEntityOfPage":{"@id":"https:\/\/radioljubuski.ba\/index.php\/2021\/11\/04\/dodik-srpska-ce-naci-mehanizam-da-tuzi-schmidta-u-njemackoj-zbog-laznog-predstavljanja\/"},"wordCount":330,"publisher":{"@id":"https:\/\/radioljubuski.ba\/#organization"},"image":{"@id":"https:\/\/radioljubuski.ba\/index.php\/2021\/11\/04\/dodik-srpska-ce-naci-mehanizam-da-tuzi-schmidta-u-njemackoj-zbog-laznog-predstavljanja\/#primaryimage"},"thumbnailUrl":"https:\/\/radioljubuski.ba\/wp-content\/uploads\/2021\/03\/dodik-karta.jpg","articleSection":["BIH i regija"],"inLanguage":"hr"},{"@type":"WebPage","@id":"https:\/\/radioljubuski.ba\/index.php\/2021\/11\/04\/dodik-srpska-ce-naci-mehanizam-da-tuzi-schmidta-u-njemackoj-zbog-laznog-predstavljanja\/","url":"https:\/\/radioljubuski.ba\/index.php\/2021\/11\/04\/dodik-srpska-ce-naci-mehanizam-da-tuzi-schmidta-u-njemackoj-zbog-laznog-predstavljanja\/","name":"Dodik: Srpska \u0107e na\u0107i mehanizam da tu\u017ei Schmidta u Njema\u010dkoj zbog la\u017enog predstavljanja - RADIO LJUBU\u0160KI","isPartOf":{"@id":"https:\/\/radioljubuski.ba\/#website"},"primaryImageOfPage":{"@id":"https:\/\/radioljubuski.ba\/index.php\/2021\/11\/04\/dodik-srpska-ce-naci-mehanizam-da-tuzi-schmidta-u-njemackoj-zbog-laznog-predstavljanja\/#primaryimage"},"image":{"@id":"https:\/\/radioljubuski.ba\/index.php\/2021\/11\/04\/dodik-srpska-ce-naci-mehanizam-da-tuzi-schmidta-u-njemackoj-zbog-laznog-predstavljanja\/#primaryimage"},"thumbnailUrl":"https:\/\/radioljubuski.ba\/wp-content\/uploads\/2021\/03\/dodik-karta.jpg","datePublished":"2021-11-04T18:20:13+00:00","dateModified":"2021-11-04T18:20:14+00:00","breadcrumb":{"@id":"https:\/\/radioljubuski.ba\/index.php\/2021\/11\/04\/dodik-srpska-ce-naci-mehanizam-da-tuzi-schmidta-u-njemackoj-zbog-laznog-predstavljanja\/#breadcrumb"},"inLanguage":"hr","potentialAction":[{"@type":"ReadAction","target":["https:\/\/radioljubuski.ba\/index.php\/2021\/11\/04\/dodik-srpska-ce-naci-mehanizam-da-tuzi-schmidta-u-njemackoj-zbog-laznog-predstavljanja\/"]}]},{"@type":"ImageObject","inLanguage":"hr","@id":"https:\/\/radioljubuski.ba\/index.php\/2021\/11\/04\/dodik-srpska-ce-naci-mehanizam-da-tuzi-schmidta-u-njemackoj-zbog-laznog-predstavljanja\/#primaryimage","url":"https:\/\/radioljubuski.ba\/wp-content\/uploads\/2021\/03\/dodik-karta.jpg","contentUrl":"https:\/\/radioljubuski.ba\/wp-content\/uploads\/2021\/03\/dodik-karta.jpg","width":750,"height":500},{"@type":"BreadcrumbList","@id":"https:\/\/radioljubuski.ba\/index.php\/2021\/11\/04\/dodik-srpska-ce-naci-mehanizam-da-tuzi-schmidta-u-njemackoj-zbog-laznog-predstavljanja\/#breadcrumb","itemListElement":[{"@type":"ListItem","position":1,"name":"Po\u010detna stranica","item":"https:\/\/radioljubuski.ba\/"},{"@type":"ListItem","position":2,"name":"Dodik: Srpska \u0107e na\u0107i mehanizam da tu\u017ei Schmidta u Njema\u010dkoj zbog la\u017enog predstavljanja"}]},{"@type":"WebSite","@id":"https:\/\/radioljubuski.ba\/#website","url":"https:\/\/radioljubuski.ba\/","name":"Radio Ljubu\u0161ki","description":"Sun\u010dana frekvencija Hercegovine","publisher":{"@id":"https:\/\/radioljubuski.ba\/#organization"},"potentialAction":[{"@type":"SearchAction","target":{"@type":"EntryPoint","urlTemplate":"https:\/\/radioljubuski.ba\/?s={search_term_string}"},"query-input":{"@type":"PropertyValueSpecification","valueRequired":true,"valueName":"search_term_string"}}],"inLanguage":"hr"},{"@type":"Organization","@id":"https:\/\/radioljubuski.ba\/#organization","name":"Radio Ljubu\u0161ki","url":"https:\/\/radioljubuski.ba\/","logo":{"@type":"ImageObject","inLanguage":"hr","@id":"https:\/\/radioljubuski.ba\/#\/schema\/logo\/image\/","url":"https:\/\/radioljubuski.ba\/wp-content\/uploads\/2021\/02\/cropped-Radio_Ljubuski_logo1.jpg","contentUrl":"https:\/\/radioljubuski.ba\/wp-content\/uploads\/2021\/02\/cropped-Radio_Ljubuski_logo1.jpg","width":512,"height":512,"caption":"Radio Ljubu\u0161ki"},"image":{"@id":"https:\/\/radioljubuski.ba\/#\/schema\/logo\/image\/"},"sameAs":["https:\/\/www.facebook.com\/Radiio-Ljubuski-1490835324566332","https:\/\/x.com\/radioljubuski","https:\/\/hr.linkedin.com\/company\/radio-ljubuski","https:\/\/www.youtube.com\/channel\/UCHYaeO_n0Db3tjNGudGpXyw"]},{"@type":"Person","@id":"https:\/\/radioljubuski.ba\/#\/schema\/person\/19fc700381a780f69665d7956c469e3b","name":"Radio Ljubu\u0161ki"}]}},"_links":{"self":[{"href":"https:\/\/radioljubuski.ba\/index.php\/wp-json\/wp\/v2\/posts\/85027","targetHints":{"allow":["GET"]}}],"collection":[{"href":"https:\/\/radioljubuski.ba\/index.php\/wp-json\/wp\/v2\/posts"}],"about":[{"href":"https:\/\/radioljubuski.ba\/index.php\/wp-json\/wp\/v2\/types\/post"}],"author":[{"embeddable":true,"href":"https:\/\/radioljubuski.ba\/index.php\/wp-json\/wp\/v2\/users\/2"}],"replies":[{"embeddable":true,"href":"https:\/\/radioljubuski.ba\/index.php\/wp-json\/wp\/v2\/comments?post=85027"}],"version-history":[{"count":1,"href":"https:\/\/radioljubuski.ba\/index.php\/wp-json\/wp\/v2\/posts\/85027\/revisions"}],"predecessor-version":[{"id":85028,"href":"https:\/\/radioljubuski.ba\/index.php\/wp-json\/wp\/v2\/posts\/85027\/revisions\/85028"}],"wp:featuredmedia":[{"embeddable":true,"href":"https:\/\/radioljubuski.ba\/index.php\/wp-json\/wp\/v2\/media\/7092"}],"wp:attachment":[{"href":"https:\/\/radioljubuski.ba\/index.php\/wp-json\/wp\/v2\/media?parent=85027"}],"wp:term":[{"taxonomy":"category","embeddable":true,"href":"https:\/\/radioljubuski.ba\/index.php\/wp-json\/wp\/v2\/categories?post=85027"},{"taxonomy":"post_tag","embeddable":true,"href":"https:\/\/radioljubuski.ba\/index.php\/wp-json\/wp\/v2\/tags?post=85027"}],"curies":[{"name":"wp","href":"https:\/\/api.w.org\/{rel}","templated":true}]}}