{"id":85032,"date":"2021-11-04T19:22:30","date_gmt":"2021-11-04T18:22:30","guid":{"rendered":"https:\/\/radioljubuski.ba\/?p=85032"},"modified":"2021-11-04T19:22:31","modified_gmt":"2021-11-04T18:22:31","slug":"milanovic-dodik-predstavlja-srpski-narod-u-bih-schmidtove-prijetnje-djetinjaste","status":"publish","type":"post","link":"https:\/\/radioljubuski.ba\/index.php\/2021\/11\/04\/milanovic-dodik-predstavlja-srpski-narod-u-bih-schmidtove-prijetnje-djetinjaste\/","title":{"rendered":"Milanovi\u0107: Dodik predstavlja srpski narod u BiH, Schmidtove prijetnje djetinjaste"},"content":{"rendered":"\n<p><strong>Predsjednik Hrvatske Zoran Milanovi\u0107 izjavio je danas u Gospi\u0107u da je srpski \u010dlan Predsjedni\u0161tva BiH Milorad Dodik, kako je naveo, \u201cposljednji problem BiH\u201d i netko tko predstavlja srpski narod.<\/strong><\/p>\n\n\n\n<p>On je to rekao komentiraju\u0107i situaciju u BiH u vezi s ju\u010dera\u0161njom sjednicom Vije\u0107a sigurnosti UN i izvje\u0161\u0107em Christiana Schmidta.<\/p>\n\n\n\n<p>\u2013 Dodik je posljednji problem BiH. Kakav je Schmidt? Ne poznajem \u010dovjeka, ali ne\u0107e izbaciti Dodika s tim djetinjastim prijetnjama. Dodik predstavlja srpski narod u BiH \u2013 naglasio je Milanovi\u0107.<\/p>\n\n\n\n<p>Istaknuo je da BiH nije na rubu sukoba i dodao da \u201coni nemaju leba da jedu\u201d i da se samo mogu \u201ckestenima ga\u0111ati\u201d.<\/p>\n\n\n\n<p>\u2013 Dodik je ponekad neobuzdan, ali s njim se dogovorimo za 10 minuta, i to ne o podjeli Bosne, ve\u0107 o ure\u0111enju Bosne \u2013 naveo je Milanovi\u0107.<\/p>\n\n\n\n<p>Nesporazuma \u0107e, kazao je, biti i zato je potrebno vidjeti \u0161to je to \u0161to se mo\u017ee napraviti.<\/p>\n\n\n\n<p>Rekao je i da svaka strana u BiH mora imati nekoga kome vjeruje, a s druge strane nekoga \u201ckome ne ba\u0161 potpuno ne vjeruje\u201d.<\/p>\n\n\n\n<p>\/HMS\/<\/p>\n","protected":false},"excerpt":{"rendered":"<p>Predsjednik Hrvatske Zoran Milanovi\u0107 izjavio je danas u Gospi\u0107u da je srpski \u010dlan Predsjedni\u0161tva BiH Milorad Dodik, kako je naveo, \u201cposljednji problem BiH\u201d i netko tko predstavlja srpski narod. On je to rekao komentiraju\u0107i situaciju u BiH u vezi s ju\u010dera\u0161njom sjednicom Vije\u0107a sigurnosti UN i izvje\u0161\u0107em Christiana Schmidta. \u2013 Dodik je posljednji problem BiH. [&hellip;]<\/p>\n","protected":false},"author":2,"featured_media":6380,"comment_status":"closed","ping_status":"closed","sticky":false,"template":"","format":"standard","meta":{"h5ap_radio_sources":[],"footnotes":""},"categories":[1],"tags":[],"class_list":["post-85032","post","type-post","status-publish","format-standard","has-post-thumbnail","hentry","category-bihiregija"],"yoast_head":"<!-- This site is optimized with the Yoast SEO plugin v27.5 - https:\/\/yoast.com\/product\/yoast-seo-wordpress\/ -->\n<title>Milanovi\u0107: Dodik predstavlja srpski narod u BiH, Schmidtove prijetnje djetinjaste - RADIO LJUBU\u0160KI<\/title>\n<meta name=\"robots\" content=\"index, follow, max-snippet:-1, max-image-preview:large, max-video-preview:-1\" \/>\n<link rel=\"canonical\" href=\"https:\/\/radioljubuski.ba\/index.php\/2021\/11\/04\/milanovic-dodik-predstavlja-srpski-narod-u-bih-schmidtove-prijetnje-djetinjaste\/\" \/>\n<meta property=\"og:locale\" content=\"hr_HR\" \/>\n<meta property=\"og:type\" content=\"article\" \/>\n<meta property=\"og:title\" content=\"Milanovi\u0107: Dodik predstavlja srpski narod u BiH, Schmidtove prijetnje djetinjaste - RADIO LJUBU\u0160KI\" \/>\n<meta property=\"og:description\" content=\"Predsjednik Hrvatske Zoran Milanovi\u0107 izjavio je danas u Gospi\u0107u da je srpski \u010dlan Predsjedni\u0161tva BiH Milorad Dodik, kako je naveo, \u201cposljednji problem BiH\u201d i netko tko predstavlja srpski narod. On je to rekao komentiraju\u0107i situaciju u BiH u vezi s ju\u010dera\u0161njom sjednicom Vije\u0107a sigurnosti UN i izvje\u0161\u0107em Christiana Schmidta. \u2013 Dodik je posljednji problem BiH. [&hellip;]\" \/>\n<meta property=\"og:url\" content=\"https:\/\/radioljubuski.ba\/index.php\/2021\/11\/04\/milanovic-dodik-predstavlja-srpski-narod-u-bih-schmidtove-prijetnje-djetinjaste\/\" \/>\n<meta property=\"og:site_name\" content=\"RADIO LJUBU\u0160KI\" \/>\n<meta property=\"article:publisher\" content=\"https:\/\/www.facebook.com\/Radiio-Ljubuski-1490835324566332\" \/>\n<meta property=\"article:published_time\" content=\"2021-11-04T18:22:30+00:00\" \/>\n<meta property=\"article:modified_time\" content=\"2021-11-04T18:22:31+00:00\" \/>\n<meta property=\"og:image\" content=\"https:\/\/radioljubuski.ba\/wp-content\/uploads\/2021\/03\/PXL_250221_31954323.jpg\" \/>\n\t<meta property=\"og:image:width\" content=\"1600\" \/>\n\t<meta property=\"og:image:height\" content=\"1086\" \/>\n\t<meta property=\"og:image:type\" content=\"image\/jpeg\" \/>\n<meta name=\"author\" content=\"Radio Ljubu\u0161ki\" \/>\n<meta name=\"twitter:card\" content=\"summary_large_image\" \/>\n<meta name=\"twitter:creator\" content=\"@radioljubuski\" \/>\n<meta name=\"twitter:site\" content=\"@radioljubuski\" \/>\n<meta name=\"twitter:label1\" content=\"Napisao\/la\" \/>\n\t<meta name=\"twitter:data1\" content=\"Radio Ljubu\u0161ki\" \/>\n\t<meta name=\"twitter:label2\" content=\"Procijenjeno vrijeme \u010ditanja\" \/>\n\t<meta name=\"twitter:data2\" content=\"1 minuta\" \/>\n<script type=\"application\/ld+json\" class=\"yoast-schema-graph\">{\"@context\":\"https:\\\/\\\/schema.org\",\"@graph\":[{\"@type\":\"Article\",\"@id\":\"https:\\\/\\\/radioljubuski.ba\\\/index.php\\\/2021\\\/11\\\/04\\\/milanovic-dodik-predstavlja-srpski-narod-u-bih-schmidtove-prijetnje-djetinjaste\\\/#article\",\"isPartOf\":{\"@id\":\"https:\\\/\\\/radioljubuski.ba\\\/index.php\\\/2021\\\/11\\\/04\\\/milanovic-dodik-predstavlja-srpski-narod-u-bih-schmidtove-prijetnje-djetinjaste\\\/\"},\"author\":{\"name\":\"Radio Ljubu\u0161ki\",\"@id\":\"https:\\\/\\\/radioljubuski.ba\\\/#\\\/schema\\\/person\\\/19fc700381a780f69665d7956c469e3b\"},\"headline\":\"Milanovi\u0107: Dodik predstavlja srpski narod u BiH, Schmidtove prijetnje djetinjaste\",\"datePublished\":\"2021-11-04T18:22:30+00:00\",\"dateModified\":\"2021-11-04T18:22:31+00:00\",\"mainEntityOfPage\":{\"@id\":\"https:\\\/\\\/radioljubuski.ba\\\/index.php\\\/2021\\\/11\\\/04\\\/milanovic-dodik-predstavlja-srpski-narod-u-bih-schmidtove-prijetnje-djetinjaste\\\/\"},\"wordCount\":187,\"publisher\":{\"@id\":\"https:\\\/\\\/radioljubuski.ba\\\/#organization\"},\"image\":{\"@id\":\"https:\\\/\\\/radioljubuski.ba\\\/index.php\\\/2021\\\/11\\\/04\\\/milanovic-dodik-predstavlja-srpski-narod-u-bih-schmidtove-prijetnje-djetinjaste\\\/#primaryimage\"},\"thumbnailUrl\":\"https:\\\/\\\/radioljubuski.ba\\\/wp-content\\\/uploads\\\/2021\\\/03\\\/PXL_250221_31954323.jpg\",\"articleSection\":[\"BIH i regija\"],\"inLanguage\":\"hr\"},{\"@type\":\"WebPage\",\"@id\":\"https:\\\/\\\/radioljubuski.ba\\\/index.php\\\/2021\\\/11\\\/04\\\/milanovic-dodik-predstavlja-srpski-narod-u-bih-schmidtove-prijetnje-djetinjaste\\\/\",\"url\":\"https:\\\/\\\/radioljubuski.ba\\\/index.php\\\/2021\\\/11\\\/04\\\/milanovic-dodik-predstavlja-srpski-narod-u-bih-schmidtove-prijetnje-djetinjaste\\\/\",\"name\":\"Milanovi\u0107: Dodik predstavlja srpski narod u BiH, Schmidtove prijetnje djetinjaste - RADIO LJUBU\u0160KI\",\"isPartOf\":{\"@id\":\"https:\\\/\\\/radioljubuski.ba\\\/#website\"},\"primaryImageOfPage\":{\"@id\":\"https:\\\/\\\/radioljubuski.ba\\\/index.php\\\/2021\\\/11\\\/04\\\/milanovic-dodik-predstavlja-srpski-narod-u-bih-schmidtove-prijetnje-djetinjaste\\\/#primaryimage\"},\"image\":{\"@id\":\"https:\\\/\\\/radioljubuski.ba\\\/index.php\\\/2021\\\/11\\\/04\\\/milanovic-dodik-predstavlja-srpski-narod-u-bih-schmidtove-prijetnje-djetinjaste\\\/#primaryimage\"},\"thumbnailUrl\":\"https:\\\/\\\/radioljubuski.ba\\\/wp-content\\\/uploads\\\/2021\\\/03\\\/PXL_250221_31954323.jpg\",\"datePublished\":\"2021-11-04T18:22:30+00:00\",\"dateModified\":\"2021-11-04T18:22:31+00:00\",\"breadcrumb\":{\"@id\":\"https:\\\/\\\/radioljubuski.ba\\\/index.php\\\/2021\\\/11\\\/04\\\/milanovic-dodik-predstavlja-srpski-narod-u-bih-schmidtove-prijetnje-djetinjaste\\\/#breadcrumb\"},\"inLanguage\":\"hr\",\"potentialAction\":[{\"@type\":\"ReadAction\",\"target\":[\"https:\\\/\\\/radioljubuski.ba\\\/index.php\\\/2021\\\/11\\\/04\\\/milanovic-dodik-predstavlja-srpski-narod-u-bih-schmidtove-prijetnje-djetinjaste\\\/\"]}]},{\"@type\":\"ImageObject\",\"inLanguage\":\"hr\",\"@id\":\"https:\\\/\\\/radioljubuski.ba\\\/index.php\\\/2021\\\/11\\\/04\\\/milanovic-dodik-predstavlja-srpski-narod-u-bih-schmidtove-prijetnje-djetinjaste\\\/#primaryimage\",\"url\":\"https:\\\/\\\/radioljubuski.ba\\\/wp-content\\\/uploads\\\/2021\\\/03\\\/PXL_250221_31954323.jpg\",\"contentUrl\":\"https:\\\/\\\/radioljubuski.ba\\\/wp-content\\\/uploads\\\/2021\\\/03\\\/PXL_250221_31954323.jpg\",\"width\":1600,\"height\":1086,\"caption\":\"25.02.2021., Zagreb - Predsjednik Zoran Milanovic obratio se medijima nakon sto je obisao izlozbu \\\"Hrvatska svijetu\\\". Photo: Sanjin Strukic\\\/PIXSELL\"},{\"@type\":\"BreadcrumbList\",\"@id\":\"https:\\\/\\\/radioljubuski.ba\\\/index.php\\\/2021\\\/11\\\/04\\\/milanovic-dodik-predstavlja-srpski-narod-u-bih-schmidtove-prijetnje-djetinjaste\\\/#breadcrumb\",\"itemListElement\":[{\"@type\":\"ListItem\",\"position\":1,\"name\":\"Po\u010detna stranica\",\"item\":\"https:\\\/\\\/radioljubuski.ba\\\/\"},{\"@type\":\"ListItem\",\"position\":2,\"name\":\"Milanovi\u0107: Dodik predstavlja srpski narod u BiH, Schmidtove prijetnje djetinjaste\"}]},{\"@type\":\"WebSite\",\"@id\":\"https:\\\/\\\/radioljubuski.ba\\\/#website\",\"url\":\"https:\\\/\\\/radioljubuski.ba\\\/\",\"name\":\"Radio Ljubu\u0161ki\",\"description\":\"Sun\u010dana frekvencija Hercegovine\",\"publisher\":{\"@id\":\"https:\\\/\\\/radioljubuski.ba\\\/#organization\"},\"potentialAction\":[{\"@type\":\"SearchAction\",\"target\":{\"@type\":\"EntryPoint\",\"urlTemplate\":\"https:\\\/\\\/radioljubuski.ba\\\/?s={search_term_string}\"},\"query-input\":{\"@type\":\"PropertyValueSpecification\",\"valueRequired\":true,\"valueName\":\"search_term_string\"}}],\"inLanguage\":\"hr\"},{\"@type\":\"Organization\",\"@id\":\"https:\\\/\\\/radioljubuski.ba\\\/#organization\",\"name\":\"Radio Ljubu\u0161ki\",\"url\":\"https:\\\/\\\/radioljubuski.ba\\\/\",\"logo\":{\"@type\":\"ImageObject\",\"inLanguage\":\"hr\",\"@id\":\"https:\\\/\\\/radioljubuski.ba\\\/#\\\/schema\\\/logo\\\/image\\\/\",\"url\":\"https:\\\/\\\/radioljubuski.ba\\\/wp-content\\\/uploads\\\/2021\\\/02\\\/cropped-Radio_Ljubuski_logo1.jpg\",\"contentUrl\":\"https:\\\/\\\/radioljubuski.ba\\\/wp-content\\\/uploads\\\/2021\\\/02\\\/cropped-Radio_Ljubuski_logo1.jpg\",\"width\":512,\"height\":512,\"caption\":\"Radio Ljubu\u0161ki\"},\"image\":{\"@id\":\"https:\\\/\\\/radioljubuski.ba\\\/#\\\/schema\\\/logo\\\/image\\\/\"},\"sameAs\":[\"https:\\\/\\\/www.facebook.com\\\/Radiio-Ljubuski-1490835324566332\",\"https:\\\/\\\/x.com\\\/radioljubuski\",\"https:\\\/\\\/hr.linkedin.com\\\/company\\\/radio-ljubuski\",\"https:\\\/\\\/www.youtube.com\\\/channel\\\/UCHYaeO_n0Db3tjNGudGpXyw\"]},{\"@type\":\"Person\",\"@id\":\"https:\\\/\\\/radioljubuski.ba\\\/#\\\/schema\\\/person\\\/19fc700381a780f69665d7956c469e3b\",\"name\":\"Radio Ljubu\u0161ki\"}]}<\/script>\n<!-- \/ Yoast SEO plugin. -->","yoast_head_json":{"title":"Milanovi\u0107: Dodik predstavlja srpski narod u BiH, Schmidtove prijetnje djetinjaste - RADIO LJUBU\u0160KI","robots":{"index":"index","follow":"follow","max-snippet":"max-snippet:-1","max-image-preview":"max-image-preview:large","max-video-preview":"max-video-preview:-1"},"canonical":"https:\/\/radioljubuski.ba\/index.php\/2021\/11\/04\/milanovic-dodik-predstavlja-srpski-narod-u-bih-schmidtove-prijetnje-djetinjaste\/","og_locale":"hr_HR","og_type":"article","og_title":"Milanovi\u0107: Dodik predstavlja srpski narod u BiH, Schmidtove prijetnje djetinjaste - RADIO LJUBU\u0160KI","og_description":"Predsjednik Hrvatske Zoran Milanovi\u0107 izjavio je danas u Gospi\u0107u da je srpski \u010dlan Predsjedni\u0161tva BiH Milorad Dodik, kako je naveo, \u201cposljednji problem BiH\u201d i netko tko predstavlja srpski narod. On je to rekao komentiraju\u0107i situaciju u BiH u vezi s ju\u010dera\u0161njom sjednicom Vije\u0107a sigurnosti UN i izvje\u0161\u0107em Christiana Schmidta. \u2013 Dodik je posljednji problem BiH. [&hellip;]","og_url":"https:\/\/radioljubuski.ba\/index.php\/2021\/11\/04\/milanovic-dodik-predstavlja-srpski-narod-u-bih-schmidtove-prijetnje-djetinjaste\/","og_site_name":"RADIO LJUBU\u0160KI","article_publisher":"https:\/\/www.facebook.com\/Radiio-Ljubuski-1490835324566332","article_published_time":"2021-11-04T18:22:30+00:00","article_modified_time":"2021-11-04T18:22:31+00:00","og_image":[{"width":1600,"height":1086,"url":"https:\/\/radioljubuski.ba\/wp-content\/uploads\/2021\/03\/PXL_250221_31954323.jpg","type":"image\/jpeg"}],"author":"Radio Ljubu\u0161ki","twitter_card":"summary_large_image","twitter_creator":"@radioljubuski","twitter_site":"@radioljubuski","twitter_misc":{"Napisao\/la":"Radio Ljubu\u0161ki","Procijenjeno vrijeme \u010ditanja":"1 minuta"},"schema":{"@context":"https:\/\/schema.org","@graph":[{"@type":"Article","@id":"https:\/\/radioljubuski.ba\/index.php\/2021\/11\/04\/milanovic-dodik-predstavlja-srpski-narod-u-bih-schmidtove-prijetnje-djetinjaste\/#article","isPartOf":{"@id":"https:\/\/radioljubuski.ba\/index.php\/2021\/11\/04\/milanovic-dodik-predstavlja-srpski-narod-u-bih-schmidtove-prijetnje-djetinjaste\/"},"author":{"name":"Radio Ljubu\u0161ki","@id":"https:\/\/radioljubuski.ba\/#\/schema\/person\/19fc700381a780f69665d7956c469e3b"},"headline":"Milanovi\u0107: Dodik predstavlja srpski narod u BiH, Schmidtove prijetnje djetinjaste","datePublished":"2021-11-04T18:22:30+00:00","dateModified":"2021-11-04T18:22:31+00:00","mainEntityOfPage":{"@id":"https:\/\/radioljubuski.ba\/index.php\/2021\/11\/04\/milanovic-dodik-predstavlja-srpski-narod-u-bih-schmidtove-prijetnje-djetinjaste\/"},"wordCount":187,"publisher":{"@id":"https:\/\/radioljubuski.ba\/#organization"},"image":{"@id":"https:\/\/radioljubuski.ba\/index.php\/2021\/11\/04\/milanovic-dodik-predstavlja-srpski-narod-u-bih-schmidtove-prijetnje-djetinjaste\/#primaryimage"},"thumbnailUrl":"https:\/\/radioljubuski.ba\/wp-content\/uploads\/2021\/03\/PXL_250221_31954323.jpg","articleSection":["BIH i regija"],"inLanguage":"hr"},{"@type":"WebPage","@id":"https:\/\/radioljubuski.ba\/index.php\/2021\/11\/04\/milanovic-dodik-predstavlja-srpski-narod-u-bih-schmidtove-prijetnje-djetinjaste\/","url":"https:\/\/radioljubuski.ba\/index.php\/2021\/11\/04\/milanovic-dodik-predstavlja-srpski-narod-u-bih-schmidtove-prijetnje-djetinjaste\/","name":"Milanovi\u0107: Dodik predstavlja srpski narod u BiH, Schmidtove prijetnje djetinjaste - RADIO LJUBU\u0160KI","isPartOf":{"@id":"https:\/\/radioljubuski.ba\/#website"},"primaryImageOfPage":{"@id":"https:\/\/radioljubuski.ba\/index.php\/2021\/11\/04\/milanovic-dodik-predstavlja-srpski-narod-u-bih-schmidtove-prijetnje-djetinjaste\/#primaryimage"},"image":{"@id":"https:\/\/radioljubuski.ba\/index.php\/2021\/11\/04\/milanovic-dodik-predstavlja-srpski-narod-u-bih-schmidtove-prijetnje-djetinjaste\/#primaryimage"},"thumbnailUrl":"https:\/\/radioljubuski.ba\/wp-content\/uploads\/2021\/03\/PXL_250221_31954323.jpg","datePublished":"2021-11-04T18:22:30+00:00","dateModified":"2021-11-04T18:22:31+00:00","breadcrumb":{"@id":"https:\/\/radioljubuski.ba\/index.php\/2021\/11\/04\/milanovic-dodik-predstavlja-srpski-narod-u-bih-schmidtove-prijetnje-djetinjaste\/#breadcrumb"},"inLanguage":"hr","potentialAction":[{"@type":"ReadAction","target":["https:\/\/radioljubuski.ba\/index.php\/2021\/11\/04\/milanovic-dodik-predstavlja-srpski-narod-u-bih-schmidtove-prijetnje-djetinjaste\/"]}]},{"@type":"ImageObject","inLanguage":"hr","@id":"https:\/\/radioljubuski.ba\/index.php\/2021\/11\/04\/milanovic-dodik-predstavlja-srpski-narod-u-bih-schmidtove-prijetnje-djetinjaste\/#primaryimage","url":"https:\/\/radioljubuski.ba\/wp-content\/uploads\/2021\/03\/PXL_250221_31954323.jpg","contentUrl":"https:\/\/radioljubuski.ba\/wp-content\/uploads\/2021\/03\/PXL_250221_31954323.jpg","width":1600,"height":1086,"caption":"25.02.2021., Zagreb - Predsjednik Zoran Milanovic obratio se medijima nakon sto je obisao izlozbu \"Hrvatska svijetu\". Photo: Sanjin Strukic\/PIXSELL"},{"@type":"BreadcrumbList","@id":"https:\/\/radioljubuski.ba\/index.php\/2021\/11\/04\/milanovic-dodik-predstavlja-srpski-narod-u-bih-schmidtove-prijetnje-djetinjaste\/#breadcrumb","itemListElement":[{"@type":"ListItem","position":1,"name":"Po\u010detna stranica","item":"https:\/\/radioljubuski.ba\/"},{"@type":"ListItem","position":2,"name":"Milanovi\u0107: Dodik predstavlja srpski narod u BiH, Schmidtove prijetnje djetinjaste"}]},{"@type":"WebSite","@id":"https:\/\/radioljubuski.ba\/#website","url":"https:\/\/radioljubuski.ba\/","name":"Radio Ljubu\u0161ki","description":"Sun\u010dana frekvencija Hercegovine","publisher":{"@id":"https:\/\/radioljubuski.ba\/#organization"},"potentialAction":[{"@type":"SearchAction","target":{"@type":"EntryPoint","urlTemplate":"https:\/\/radioljubuski.ba\/?s={search_term_string}"},"query-input":{"@type":"PropertyValueSpecification","valueRequired":true,"valueName":"search_term_string"}}],"inLanguage":"hr"},{"@type":"Organization","@id":"https:\/\/radioljubuski.ba\/#organization","name":"Radio Ljubu\u0161ki","url":"https:\/\/radioljubuski.ba\/","logo":{"@type":"ImageObject","inLanguage":"hr","@id":"https:\/\/radioljubuski.ba\/#\/schema\/logo\/image\/","url":"https:\/\/radioljubuski.ba\/wp-content\/uploads\/2021\/02\/cropped-Radio_Ljubuski_logo1.jpg","contentUrl":"https:\/\/radioljubuski.ba\/wp-content\/uploads\/2021\/02\/cropped-Radio_Ljubuski_logo1.jpg","width":512,"height":512,"caption":"Radio Ljubu\u0161ki"},"image":{"@id":"https:\/\/radioljubuski.ba\/#\/schema\/logo\/image\/"},"sameAs":["https:\/\/www.facebook.com\/Radiio-Ljubuski-1490835324566332","https:\/\/x.com\/radioljubuski","https:\/\/hr.linkedin.com\/company\/radio-ljubuski","https:\/\/www.youtube.com\/channel\/UCHYaeO_n0Db3tjNGudGpXyw"]},{"@type":"Person","@id":"https:\/\/radioljubuski.ba\/#\/schema\/person\/19fc700381a780f69665d7956c469e3b","name":"Radio Ljubu\u0161ki"}]}},"_links":{"self":[{"href":"https:\/\/radioljubuski.ba\/index.php\/wp-json\/wp\/v2\/posts\/85032","targetHints":{"allow":["GET"]}}],"collection":[{"href":"https:\/\/radioljubuski.ba\/index.php\/wp-json\/wp\/v2\/posts"}],"about":[{"href":"https:\/\/radioljubuski.ba\/index.php\/wp-json\/wp\/v2\/types\/post"}],"author":[{"embeddable":true,"href":"https:\/\/radioljubuski.ba\/index.php\/wp-json\/wp\/v2\/users\/2"}],"replies":[{"embeddable":true,"href":"https:\/\/radioljubuski.ba\/index.php\/wp-json\/wp\/v2\/comments?post=85032"}],"version-history":[{"count":1,"href":"https:\/\/radioljubuski.ba\/index.php\/wp-json\/wp\/v2\/posts\/85032\/revisions"}],"predecessor-version":[{"id":85033,"href":"https:\/\/radioljubuski.ba\/index.php\/wp-json\/wp\/v2\/posts\/85032\/revisions\/85033"}],"wp:featuredmedia":[{"embeddable":true,"href":"https:\/\/radioljubuski.ba\/index.php\/wp-json\/wp\/v2\/media\/6380"}],"wp:attachment":[{"href":"https:\/\/radioljubuski.ba\/index.php\/wp-json\/wp\/v2\/media?parent=85032"}],"wp:term":[{"taxonomy":"category","embeddable":true,"href":"https:\/\/radioljubuski.ba\/index.php\/wp-json\/wp\/v2\/categories?post=85032"},{"taxonomy":"post_tag","embeddable":true,"href":"https:\/\/radioljubuski.ba\/index.php\/wp-json\/wp\/v2\/tags?post=85032"}],"curies":[{"name":"wp","href":"https:\/\/api.w.org\/{rel}","templated":true}]}}