{"id":85034,"date":"2021-11-04T19:23:40","date_gmt":"2021-11-04T18:23:40","guid":{"rendered":"https:\/\/radioljubuski.ba\/?p=85034"},"modified":"2021-11-04T19:23:41","modified_gmt":"2021-11-04T18:23:41","slug":"cubela-sjednica-vijeca-sigurnosti-prekretnica-je-koje-nismo-svjesni-schmidt-je-zrtva-svojih-prethodnika-i-onih-koji-su-mu-pisali-izvjestaj","status":"publish","type":"post","link":"https:\/\/radioljubuski.ba\/index.php\/2021\/11\/04\/cubela-sjednica-vijeca-sigurnosti-prekretnica-je-koje-nismo-svjesni-schmidt-je-zrtva-svojih-prethodnika-i-onih-koji-su-mu-pisali-izvjestaj\/","title":{"rendered":"\u0106ubela: Sjednica Vije\u0107a sigurnosti prekretnica je koje nismo svjesni, Schmidt je \u017ertva svojih prethodnika i onih koji su mu pisali izvje\u0161taj"},"content":{"rendered":"\n<p><strong>-Prije svega, mislim da je ova sjednica Vije\u0107a sigurnosti jedna prekretnica koje jo\u0161 nismo potpuno svjesni, a to je da dosada\u0161nja autoritarna era OHR-a kao kona\u010dnog tuma\u010da svega u BiH prestaje ili je bar zamrznuta do daljnjeg, rekao je asistent na studiju politologije Filozofskog fakulteta Sveu\u010dili\u0161ta u Mostaru, Ivan \u0106ubela, komentiraju\u0107i za Hrvatski Medijski Servis sjednicu Vije\u0107a sigurnosti Ujedinjenih naroda o Bosni i Hercegovini na kojoj Rusija i Kina kao stalne \u010dlanice tog tijela nisu dopustile obra\u0107anje Christiana Schmidta, visokog prdstavnika me\u0111unarodne zajednice u BiH.<\/strong><\/p>\n\n\n\n<p>\u0106ubela dr\u017ei da je situacija u kojoj se sada na\u0161ao Schmidt rezultat djelovanja svih njegovih prethodnika, \u010dije totalne proma\u0161aje, nedemokratske poteze, nametanja, brutalne politi\u010dke sje\u010de i sve neda\u0107e, na neki na\u010din pla\u0107a upravo on.<\/p>\n\n\n\n<p>-Podsje\u0107am, svaka kriza ima svoj korijen \u2013 a korijen aktualne krize nastao je nametanjem Inzkovog zakona, odnosno izmjena i dopuna Kaznenog zakona BiH. Stje\u010de se dojam da je Schmidt, \u010dovjek sa zavidnom politi\u010dkom karijerom, postao kolateralna \u0161teta svojih prethodnika i proma\u0161enih politika zapadnih zemalja. Njega se, imenom i prezimenom, naprosto ne mo\u017ee kriviti, \u0161tovi\u0161e pokazao je najvi\u0161e razumijevanje unutarnjih odnosa od svih ostalih visokih predstavnika skupa, ali institucija koju predstavlja je jedan od direktnih krivaca za najve\u0107u postdaytonsku krizu, kazao \u0106ubela.<\/p>\n\n\n\n<p>Odgovaraju\u0107i na pitanje na koji \u0107e na\u010din ova jednoglasno usvojena rezolucija utjecati na budu\u0107e Schmidtovo djelovanje i ho\u0107e li on mo\u0107i efektivno koristiti bonske ovlasti te kako bi njihovo eventualno kori\u0161tenje bilo do\u010dekano u Republici Srpskoj, \u0106ubela primje\u0107uje jednu jako zanimljivu stvar. Politolog sa Sveu\u010dili\u0161ta u Mostaru upitao se tko doista rukovodi OHR-om \u2013 Schmidt ili aparat koji ga \u010dini?<\/p>\n\n\n\n<p>\u2013 Mislim da si je ovo pitanje upravo Schmidt i postavio jer izvje\u0161taj koji je, istina, on potpisao je potpuni proma\u0161aj i izgleda kao manifest unitaristi\u010dkih perjanica. Prije dva tjedna izvr\u0161eno je ru\u0161enje pravosudnog sustava i svi znaju na kakav na\u010din, a takvo \u0161to se ni u jednom segmentu ne spominje. Tzv. Bonske ovlasti nisu onemogu\u0107ene, nisu nestale, ali smatram da je reperkusija ove sjednice da su one suspendirane \u2013 naprosto ne postoji ni unutar zapadnih zemalja dogovora kako pristupiti, jer se dosada\u0161nji koncept pokazao potpuno proma\u0161enim, a kamoli na razini Vije\u0107a sigurnosti koje imenuje i odobrava Visokog predstavnika. Preduvjeti 5 + 2 kao uvjeti za njegovo zatvaranje su ruku na srce, nemogu\u0107a misija. Zaklju\u010dak je da je ovakav koncept i ovakva agenda djelovanja OHR-a okon\u010dana ili je na izdisaju. Na svjetskoj razini potrebno je prona\u0107i jedan fikcionalan okvir pristupa jer ovako vi\u0161e naprosto ne ide, kazao je \u0106ubela.<\/p>\n\n\n\n<p>Osvr\u0107u\u0107i se na aktualna doga\u0111anja s East Rivera, sugovornik HMS-a smatra da se nema izravnog odra\u017eavanja na poziciju Hrvata u ovome slu\u010daju s OHR-om.<\/p>\n\n\n\n<p>-Stav hrvatskih legitimnih politi\u010dkih predstavnika je tu jasan \u2013 potrebno je napraviti stabilan sustav gdje potreba za OHR-om vi\u0161e ne\u0107e ni postojati. Znamo \u0161to je klju\u010d politi\u010dkih napora za poziciju hrvatskog naroda i u tome smjeru treba nastaviti. Na svjetskoj pozornici napravljen je preokret i postalo je jasno da politika kakvu unitaristi zazivaju, i pre\u0161utno su takvo \u0161to u\u017eivali u vidu potpore nekih zemalja, vi\u0161e ne prolazi jer je neodr\u017eiva, kazao je \u0106ubela.<\/p>\n\n\n\n<p>\/B. G.\/HMS\/<\/p>\n","protected":false},"excerpt":{"rendered":"<p>-Prije svega, mislim da je ova sjednica Vije\u0107a sigurnosti jedna prekretnica koje jo\u0161 nismo potpuno svjesni, a to je da dosada\u0161nja autoritarna era OHR-a kao kona\u010dnog tuma\u010da svega u BiH prestaje ili je bar zamrznuta do daljnjeg, rekao je asistent na studiju politologije Filozofskog fakulteta Sveu\u010dili\u0161ta u Mostaru, Ivan \u0106ubela, komentiraju\u0107i za Hrvatski Medijski Servis [&hellip;]<\/p>\n","protected":false},"author":2,"featured_media":85035,"comment_status":"closed","ping_status":"closed","sticky":false,"template":"","format":"standard","meta":{"h5ap_radio_sources":[],"footnotes":""},"categories":[1],"tags":[],"class_list":["post-85034","post","type-post","status-publish","format-standard","has-post-thumbnail","hentry","category-bihiregija"],"yoast_head":"<!-- This site is optimized with the Yoast SEO plugin v27.5 - https:\/\/yoast.com\/product\/yoast-seo-wordpress\/ -->\n<title>\u0106ubela: Sjednica Vije\u0107a sigurnosti prekretnica je koje nismo svjesni, Schmidt je \u017ertva svojih prethodnika i onih koji su mu pisali izvje\u0161taj - RADIO LJUBU\u0160KI<\/title>\n<meta name=\"robots\" content=\"index, follow, max-snippet:-1, max-image-preview:large, max-video-preview:-1\" \/>\n<link rel=\"canonical\" href=\"https:\/\/radioljubuski.ba\/index.php\/2021\/11\/04\/cubela-sjednica-vijeca-sigurnosti-prekretnica-je-koje-nismo-svjesni-schmidt-je-zrtva-svojih-prethodnika-i-onih-koji-su-mu-pisali-izvjestaj\/\" \/>\n<meta property=\"og:locale\" content=\"hr_HR\" \/>\n<meta property=\"og:type\" content=\"article\" \/>\n<meta property=\"og:title\" content=\"\u0106ubela: Sjednica Vije\u0107a sigurnosti prekretnica je koje nismo svjesni, Schmidt je \u017ertva svojih prethodnika i onih koji su mu pisali izvje\u0161taj - RADIO LJUBU\u0160KI\" \/>\n<meta property=\"og:description\" content=\"-Prije svega, mislim da je ova sjednica Vije\u0107a sigurnosti jedna prekretnica koje jo\u0161 nismo potpuno svjesni, a to je da dosada\u0161nja autoritarna era OHR-a kao kona\u010dnog tuma\u010da svega u BiH prestaje ili je bar zamrznuta do daljnjeg, rekao je asistent na studiju politologije Filozofskog fakulteta Sveu\u010dili\u0161ta u Mostaru, Ivan \u0106ubela, komentiraju\u0107i za Hrvatski Medijski Servis [&hellip;]\" \/>\n<meta property=\"og:url\" content=\"https:\/\/radioljubuski.ba\/index.php\/2021\/11\/04\/cubela-sjednica-vijeca-sigurnosti-prekretnica-je-koje-nismo-svjesni-schmidt-je-zrtva-svojih-prethodnika-i-onih-koji-su-mu-pisali-izvjestaj\/\" \/>\n<meta property=\"og:site_name\" content=\"RADIO LJUBU\u0160KI\" \/>\n<meta property=\"article:publisher\" content=\"https:\/\/www.facebook.com\/Radiio-Ljubuski-1490835324566332\" \/>\n<meta property=\"article:published_time\" content=\"2021-11-04T18:23:40+00:00\" \/>\n<meta property=\"article:modified_time\" content=\"2021-11-04T18:23:41+00:00\" \/>\n<meta property=\"og:image\" content=\"https:\/\/radioljubuski.ba\/wp-content\/uploads\/2021\/11\/ivan-cubela.jpg\" \/>\n\t<meta property=\"og:image:width\" content=\"840\" \/>\n\t<meta property=\"og:image:height\" content=\"470\" \/>\n\t<meta property=\"og:image:type\" content=\"image\/jpeg\" \/>\n<meta name=\"author\" content=\"Radio Ljubu\u0161ki\" \/>\n<meta name=\"twitter:card\" content=\"summary_large_image\" \/>\n<meta name=\"twitter:creator\" content=\"@radioljubuski\" \/>\n<meta name=\"twitter:site\" content=\"@radioljubuski\" \/>\n<meta name=\"twitter:label1\" content=\"Napisao\/la\" \/>\n\t<meta name=\"twitter:data1\" content=\"Radio Ljubu\u0161ki\" \/>\n\t<meta name=\"twitter:label2\" content=\"Procijenjeno vrijeme \u010ditanja\" \/>\n\t<meta name=\"twitter:data2\" content=\"3 minute\" \/>\n<script type=\"application\/ld+json\" class=\"yoast-schema-graph\">{\"@context\":\"https:\\\/\\\/schema.org\",\"@graph\":[{\"@type\":\"Article\",\"@id\":\"https:\\\/\\\/radioljubuski.ba\\\/index.php\\\/2021\\\/11\\\/04\\\/cubela-sjednica-vijeca-sigurnosti-prekretnica-je-koje-nismo-svjesni-schmidt-je-zrtva-svojih-prethodnika-i-onih-koji-su-mu-pisali-izvjestaj\\\/#article\",\"isPartOf\":{\"@id\":\"https:\\\/\\\/radioljubuski.ba\\\/index.php\\\/2021\\\/11\\\/04\\\/cubela-sjednica-vijeca-sigurnosti-prekretnica-je-koje-nismo-svjesni-schmidt-je-zrtva-svojih-prethodnika-i-onih-koji-su-mu-pisali-izvjestaj\\\/\"},\"author\":{\"name\":\"Radio Ljubu\u0161ki\",\"@id\":\"https:\\\/\\\/radioljubuski.ba\\\/#\\\/schema\\\/person\\\/19fc700381a780f69665d7956c469e3b\"},\"headline\":\"\u0106ubela: Sjednica Vije\u0107a sigurnosti prekretnica je koje nismo svjesni, Schmidt je \u017ertva svojih prethodnika i onih koji su mu pisali izvje\u0161taj\",\"datePublished\":\"2021-11-04T18:23:40+00:00\",\"dateModified\":\"2021-11-04T18:23:41+00:00\",\"mainEntityOfPage\":{\"@id\":\"https:\\\/\\\/radioljubuski.ba\\\/index.php\\\/2021\\\/11\\\/04\\\/cubela-sjednica-vijeca-sigurnosti-prekretnica-je-koje-nismo-svjesni-schmidt-je-zrtva-svojih-prethodnika-i-onih-koji-su-mu-pisali-izvjestaj\\\/\"},\"wordCount\":588,\"publisher\":{\"@id\":\"https:\\\/\\\/radioljubuski.ba\\\/#organization\"},\"image\":{\"@id\":\"https:\\\/\\\/radioljubuski.ba\\\/index.php\\\/2021\\\/11\\\/04\\\/cubela-sjednica-vijeca-sigurnosti-prekretnica-je-koje-nismo-svjesni-schmidt-je-zrtva-svojih-prethodnika-i-onih-koji-su-mu-pisali-izvjestaj\\\/#primaryimage\"},\"thumbnailUrl\":\"https:\\\/\\\/radioljubuski.ba\\\/wp-content\\\/uploads\\\/2021\\\/11\\\/ivan-cubela.jpg\",\"articleSection\":[\"BIH i regija\"],\"inLanguage\":\"hr\"},{\"@type\":\"WebPage\",\"@id\":\"https:\\\/\\\/radioljubuski.ba\\\/index.php\\\/2021\\\/11\\\/04\\\/cubela-sjednica-vijeca-sigurnosti-prekretnica-je-koje-nismo-svjesni-schmidt-je-zrtva-svojih-prethodnika-i-onih-koji-su-mu-pisali-izvjestaj\\\/\",\"url\":\"https:\\\/\\\/radioljubuski.ba\\\/index.php\\\/2021\\\/11\\\/04\\\/cubela-sjednica-vijeca-sigurnosti-prekretnica-je-koje-nismo-svjesni-schmidt-je-zrtva-svojih-prethodnika-i-onih-koji-su-mu-pisali-izvjestaj\\\/\",\"name\":\"\u0106ubela: Sjednica Vije\u0107a sigurnosti prekretnica je koje nismo svjesni, Schmidt je \u017ertva svojih prethodnika i onih koji su mu pisali izvje\u0161taj - RADIO LJUBU\u0160KI\",\"isPartOf\":{\"@id\":\"https:\\\/\\\/radioljubuski.ba\\\/#website\"},\"primaryImageOfPage\":{\"@id\":\"https:\\\/\\\/radioljubuski.ba\\\/index.php\\\/2021\\\/11\\\/04\\\/cubela-sjednica-vijeca-sigurnosti-prekretnica-je-koje-nismo-svjesni-schmidt-je-zrtva-svojih-prethodnika-i-onih-koji-su-mu-pisali-izvjestaj\\\/#primaryimage\"},\"image\":{\"@id\":\"https:\\\/\\\/radioljubuski.ba\\\/index.php\\\/2021\\\/11\\\/04\\\/cubela-sjednica-vijeca-sigurnosti-prekretnica-je-koje-nismo-svjesni-schmidt-je-zrtva-svojih-prethodnika-i-onih-koji-su-mu-pisali-izvjestaj\\\/#primaryimage\"},\"thumbnailUrl\":\"https:\\\/\\\/radioljubuski.ba\\\/wp-content\\\/uploads\\\/2021\\\/11\\\/ivan-cubela.jpg\",\"datePublished\":\"2021-11-04T18:23:40+00:00\",\"dateModified\":\"2021-11-04T18:23:41+00:00\",\"breadcrumb\":{\"@id\":\"https:\\\/\\\/radioljubuski.ba\\\/index.php\\\/2021\\\/11\\\/04\\\/cubela-sjednica-vijeca-sigurnosti-prekretnica-je-koje-nismo-svjesni-schmidt-je-zrtva-svojih-prethodnika-i-onih-koji-su-mu-pisali-izvjestaj\\\/#breadcrumb\"},\"inLanguage\":\"hr\",\"potentialAction\":[{\"@type\":\"ReadAction\",\"target\":[\"https:\\\/\\\/radioljubuski.ba\\\/index.php\\\/2021\\\/11\\\/04\\\/cubela-sjednica-vijeca-sigurnosti-prekretnica-je-koje-nismo-svjesni-schmidt-je-zrtva-svojih-prethodnika-i-onih-koji-su-mu-pisali-izvjestaj\\\/\"]}]},{\"@type\":\"ImageObject\",\"inLanguage\":\"hr\",\"@id\":\"https:\\\/\\\/radioljubuski.ba\\\/index.php\\\/2021\\\/11\\\/04\\\/cubela-sjednica-vijeca-sigurnosti-prekretnica-je-koje-nismo-svjesni-schmidt-je-zrtva-svojih-prethodnika-i-onih-koji-su-mu-pisali-izvjestaj\\\/#primaryimage\",\"url\":\"https:\\\/\\\/radioljubuski.ba\\\/wp-content\\\/uploads\\\/2021\\\/11\\\/ivan-cubela.jpg\",\"contentUrl\":\"https:\\\/\\\/radioljubuski.ba\\\/wp-content\\\/uploads\\\/2021\\\/11\\\/ivan-cubela.jpg\",\"width\":840,\"height\":470},{\"@type\":\"BreadcrumbList\",\"@id\":\"https:\\\/\\\/radioljubuski.ba\\\/index.php\\\/2021\\\/11\\\/04\\\/cubela-sjednica-vijeca-sigurnosti-prekretnica-je-koje-nismo-svjesni-schmidt-je-zrtva-svojih-prethodnika-i-onih-koji-su-mu-pisali-izvjestaj\\\/#breadcrumb\",\"itemListElement\":[{\"@type\":\"ListItem\",\"position\":1,\"name\":\"Po\u010detna stranica\",\"item\":\"https:\\\/\\\/radioljubuski.ba\\\/\"},{\"@type\":\"ListItem\",\"position\":2,\"name\":\"\u0106ubela: Sjednica Vije\u0107a sigurnosti prekretnica je koje nismo svjesni, Schmidt je \u017ertva svojih prethodnika i onih koji su mu pisali izvje\u0161taj\"}]},{\"@type\":\"WebSite\",\"@id\":\"https:\\\/\\\/radioljubuski.ba\\\/#website\",\"url\":\"https:\\\/\\\/radioljubuski.ba\\\/\",\"name\":\"Radio Ljubu\u0161ki\",\"description\":\"Sun\u010dana frekvencija Hercegovine\",\"publisher\":{\"@id\":\"https:\\\/\\\/radioljubuski.ba\\\/#organization\"},\"potentialAction\":[{\"@type\":\"SearchAction\",\"target\":{\"@type\":\"EntryPoint\",\"urlTemplate\":\"https:\\\/\\\/radioljubuski.ba\\\/?s={search_term_string}\"},\"query-input\":{\"@type\":\"PropertyValueSpecification\",\"valueRequired\":true,\"valueName\":\"search_term_string\"}}],\"inLanguage\":\"hr\"},{\"@type\":\"Organization\",\"@id\":\"https:\\\/\\\/radioljubuski.ba\\\/#organization\",\"name\":\"Radio Ljubu\u0161ki\",\"url\":\"https:\\\/\\\/radioljubuski.ba\\\/\",\"logo\":{\"@type\":\"ImageObject\",\"inLanguage\":\"hr\",\"@id\":\"https:\\\/\\\/radioljubuski.ba\\\/#\\\/schema\\\/logo\\\/image\\\/\",\"url\":\"https:\\\/\\\/radioljubuski.ba\\\/wp-content\\\/uploads\\\/2021\\\/02\\\/cropped-Radio_Ljubuski_logo1.jpg\",\"contentUrl\":\"https:\\\/\\\/radioljubuski.ba\\\/wp-content\\\/uploads\\\/2021\\\/02\\\/cropped-Radio_Ljubuski_logo1.jpg\",\"width\":512,\"height\":512,\"caption\":\"Radio Ljubu\u0161ki\"},\"image\":{\"@id\":\"https:\\\/\\\/radioljubuski.ba\\\/#\\\/schema\\\/logo\\\/image\\\/\"},\"sameAs\":[\"https:\\\/\\\/www.facebook.com\\\/Radiio-Ljubuski-1490835324566332\",\"https:\\\/\\\/x.com\\\/radioljubuski\",\"https:\\\/\\\/hr.linkedin.com\\\/company\\\/radio-ljubuski\",\"https:\\\/\\\/www.youtube.com\\\/channel\\\/UCHYaeO_n0Db3tjNGudGpXyw\"]},{\"@type\":\"Person\",\"@id\":\"https:\\\/\\\/radioljubuski.ba\\\/#\\\/schema\\\/person\\\/19fc700381a780f69665d7956c469e3b\",\"name\":\"Radio Ljubu\u0161ki\"}]}<\/script>\n<!-- \/ Yoast SEO plugin. -->","yoast_head_json":{"title":"\u0106ubela: Sjednica Vije\u0107a sigurnosti prekretnica je koje nismo svjesni, Schmidt je \u017ertva svojih prethodnika i onih koji su mu pisali izvje\u0161taj - RADIO LJUBU\u0160KI","robots":{"index":"index","follow":"follow","max-snippet":"max-snippet:-1","max-image-preview":"max-image-preview:large","max-video-preview":"max-video-preview:-1"},"canonical":"https:\/\/radioljubuski.ba\/index.php\/2021\/11\/04\/cubela-sjednica-vijeca-sigurnosti-prekretnica-je-koje-nismo-svjesni-schmidt-je-zrtva-svojih-prethodnika-i-onih-koji-su-mu-pisali-izvjestaj\/","og_locale":"hr_HR","og_type":"article","og_title":"\u0106ubela: Sjednica Vije\u0107a sigurnosti prekretnica je koje nismo svjesni, Schmidt je \u017ertva svojih prethodnika i onih koji su mu pisali izvje\u0161taj - RADIO LJUBU\u0160KI","og_description":"-Prije svega, mislim da je ova sjednica Vije\u0107a sigurnosti jedna prekretnica koje jo\u0161 nismo potpuno svjesni, a to je da dosada\u0161nja autoritarna era OHR-a kao kona\u010dnog tuma\u010da svega u BiH prestaje ili je bar zamrznuta do daljnjeg, rekao je asistent na studiju politologije Filozofskog fakulteta Sveu\u010dili\u0161ta u Mostaru, Ivan \u0106ubela, komentiraju\u0107i za Hrvatski Medijski Servis [&hellip;]","og_url":"https:\/\/radioljubuski.ba\/index.php\/2021\/11\/04\/cubela-sjednica-vijeca-sigurnosti-prekretnica-je-koje-nismo-svjesni-schmidt-je-zrtva-svojih-prethodnika-i-onih-koji-su-mu-pisali-izvjestaj\/","og_site_name":"RADIO LJUBU\u0160KI","article_publisher":"https:\/\/www.facebook.com\/Radiio-Ljubuski-1490835324566332","article_published_time":"2021-11-04T18:23:40+00:00","article_modified_time":"2021-11-04T18:23:41+00:00","og_image":[{"width":840,"height":470,"url":"https:\/\/radioljubuski.ba\/wp-content\/uploads\/2021\/11\/ivan-cubela.jpg","type":"image\/jpeg"}],"author":"Radio Ljubu\u0161ki","twitter_card":"summary_large_image","twitter_creator":"@radioljubuski","twitter_site":"@radioljubuski","twitter_misc":{"Napisao\/la":"Radio Ljubu\u0161ki","Procijenjeno vrijeme \u010ditanja":"3 minute"},"schema":{"@context":"https:\/\/schema.org","@graph":[{"@type":"Article","@id":"https:\/\/radioljubuski.ba\/index.php\/2021\/11\/04\/cubela-sjednica-vijeca-sigurnosti-prekretnica-je-koje-nismo-svjesni-schmidt-je-zrtva-svojih-prethodnika-i-onih-koji-su-mu-pisali-izvjestaj\/#article","isPartOf":{"@id":"https:\/\/radioljubuski.ba\/index.php\/2021\/11\/04\/cubela-sjednica-vijeca-sigurnosti-prekretnica-je-koje-nismo-svjesni-schmidt-je-zrtva-svojih-prethodnika-i-onih-koji-su-mu-pisali-izvjestaj\/"},"author":{"name":"Radio Ljubu\u0161ki","@id":"https:\/\/radioljubuski.ba\/#\/schema\/person\/19fc700381a780f69665d7956c469e3b"},"headline":"\u0106ubela: Sjednica Vije\u0107a sigurnosti prekretnica je koje nismo svjesni, Schmidt je \u017ertva svojih prethodnika i onih koji su mu pisali izvje\u0161taj","datePublished":"2021-11-04T18:23:40+00:00","dateModified":"2021-11-04T18:23:41+00:00","mainEntityOfPage":{"@id":"https:\/\/radioljubuski.ba\/index.php\/2021\/11\/04\/cubela-sjednica-vijeca-sigurnosti-prekretnica-je-koje-nismo-svjesni-schmidt-je-zrtva-svojih-prethodnika-i-onih-koji-su-mu-pisali-izvjestaj\/"},"wordCount":588,"publisher":{"@id":"https:\/\/radioljubuski.ba\/#organization"},"image":{"@id":"https:\/\/radioljubuski.ba\/index.php\/2021\/11\/04\/cubela-sjednica-vijeca-sigurnosti-prekretnica-je-koje-nismo-svjesni-schmidt-je-zrtva-svojih-prethodnika-i-onih-koji-su-mu-pisali-izvjestaj\/#primaryimage"},"thumbnailUrl":"https:\/\/radioljubuski.ba\/wp-content\/uploads\/2021\/11\/ivan-cubela.jpg","articleSection":["BIH i regija"],"inLanguage":"hr"},{"@type":"WebPage","@id":"https:\/\/radioljubuski.ba\/index.php\/2021\/11\/04\/cubela-sjednica-vijeca-sigurnosti-prekretnica-je-koje-nismo-svjesni-schmidt-je-zrtva-svojih-prethodnika-i-onih-koji-su-mu-pisali-izvjestaj\/","url":"https:\/\/radioljubuski.ba\/index.php\/2021\/11\/04\/cubela-sjednica-vijeca-sigurnosti-prekretnica-je-koje-nismo-svjesni-schmidt-je-zrtva-svojih-prethodnika-i-onih-koji-su-mu-pisali-izvjestaj\/","name":"\u0106ubela: Sjednica Vije\u0107a sigurnosti prekretnica je koje nismo svjesni, Schmidt je \u017ertva svojih prethodnika i onih koji su mu pisali izvje\u0161taj - RADIO LJUBU\u0160KI","isPartOf":{"@id":"https:\/\/radioljubuski.ba\/#website"},"primaryImageOfPage":{"@id":"https:\/\/radioljubuski.ba\/index.php\/2021\/11\/04\/cubela-sjednica-vijeca-sigurnosti-prekretnica-je-koje-nismo-svjesni-schmidt-je-zrtva-svojih-prethodnika-i-onih-koji-su-mu-pisali-izvjestaj\/#primaryimage"},"image":{"@id":"https:\/\/radioljubuski.ba\/index.php\/2021\/11\/04\/cubela-sjednica-vijeca-sigurnosti-prekretnica-je-koje-nismo-svjesni-schmidt-je-zrtva-svojih-prethodnika-i-onih-koji-su-mu-pisali-izvjestaj\/#primaryimage"},"thumbnailUrl":"https:\/\/radioljubuski.ba\/wp-content\/uploads\/2021\/11\/ivan-cubela.jpg","datePublished":"2021-11-04T18:23:40+00:00","dateModified":"2021-11-04T18:23:41+00:00","breadcrumb":{"@id":"https:\/\/radioljubuski.ba\/index.php\/2021\/11\/04\/cubela-sjednica-vijeca-sigurnosti-prekretnica-je-koje-nismo-svjesni-schmidt-je-zrtva-svojih-prethodnika-i-onih-koji-su-mu-pisali-izvjestaj\/#breadcrumb"},"inLanguage":"hr","potentialAction":[{"@type":"ReadAction","target":["https:\/\/radioljubuski.ba\/index.php\/2021\/11\/04\/cubela-sjednica-vijeca-sigurnosti-prekretnica-je-koje-nismo-svjesni-schmidt-je-zrtva-svojih-prethodnika-i-onih-koji-su-mu-pisali-izvjestaj\/"]}]},{"@type":"ImageObject","inLanguage":"hr","@id":"https:\/\/radioljubuski.ba\/index.php\/2021\/11\/04\/cubela-sjednica-vijeca-sigurnosti-prekretnica-je-koje-nismo-svjesni-schmidt-je-zrtva-svojih-prethodnika-i-onih-koji-su-mu-pisali-izvjestaj\/#primaryimage","url":"https:\/\/radioljubuski.ba\/wp-content\/uploads\/2021\/11\/ivan-cubela.jpg","contentUrl":"https:\/\/radioljubuski.ba\/wp-content\/uploads\/2021\/11\/ivan-cubela.jpg","width":840,"height":470},{"@type":"BreadcrumbList","@id":"https:\/\/radioljubuski.ba\/index.php\/2021\/11\/04\/cubela-sjednica-vijeca-sigurnosti-prekretnica-je-koje-nismo-svjesni-schmidt-je-zrtva-svojih-prethodnika-i-onih-koji-su-mu-pisali-izvjestaj\/#breadcrumb","itemListElement":[{"@type":"ListItem","position":1,"name":"Po\u010detna stranica","item":"https:\/\/radioljubuski.ba\/"},{"@type":"ListItem","position":2,"name":"\u0106ubela: Sjednica Vije\u0107a sigurnosti prekretnica je koje nismo svjesni, Schmidt je \u017ertva svojih prethodnika i onih koji su mu pisali izvje\u0161taj"}]},{"@type":"WebSite","@id":"https:\/\/radioljubuski.ba\/#website","url":"https:\/\/radioljubuski.ba\/","name":"Radio Ljubu\u0161ki","description":"Sun\u010dana frekvencija Hercegovine","publisher":{"@id":"https:\/\/radioljubuski.ba\/#organization"},"potentialAction":[{"@type":"SearchAction","target":{"@type":"EntryPoint","urlTemplate":"https:\/\/radioljubuski.ba\/?s={search_term_string}"},"query-input":{"@type":"PropertyValueSpecification","valueRequired":true,"valueName":"search_term_string"}}],"inLanguage":"hr"},{"@type":"Organization","@id":"https:\/\/radioljubuski.ba\/#organization","name":"Radio Ljubu\u0161ki","url":"https:\/\/radioljubuski.ba\/","logo":{"@type":"ImageObject","inLanguage":"hr","@id":"https:\/\/radioljubuski.ba\/#\/schema\/logo\/image\/","url":"https:\/\/radioljubuski.ba\/wp-content\/uploads\/2021\/02\/cropped-Radio_Ljubuski_logo1.jpg","contentUrl":"https:\/\/radioljubuski.ba\/wp-content\/uploads\/2021\/02\/cropped-Radio_Ljubuski_logo1.jpg","width":512,"height":512,"caption":"Radio Ljubu\u0161ki"},"image":{"@id":"https:\/\/radioljubuski.ba\/#\/schema\/logo\/image\/"},"sameAs":["https:\/\/www.facebook.com\/Radiio-Ljubuski-1490835324566332","https:\/\/x.com\/radioljubuski","https:\/\/hr.linkedin.com\/company\/radio-ljubuski","https:\/\/www.youtube.com\/channel\/UCHYaeO_n0Db3tjNGudGpXyw"]},{"@type":"Person","@id":"https:\/\/radioljubuski.ba\/#\/schema\/person\/19fc700381a780f69665d7956c469e3b","name":"Radio Ljubu\u0161ki"}]}},"_links":{"self":[{"href":"https:\/\/radioljubuski.ba\/index.php\/wp-json\/wp\/v2\/posts\/85034","targetHints":{"allow":["GET"]}}],"collection":[{"href":"https:\/\/radioljubuski.ba\/index.php\/wp-json\/wp\/v2\/posts"}],"about":[{"href":"https:\/\/radioljubuski.ba\/index.php\/wp-json\/wp\/v2\/types\/post"}],"author":[{"embeddable":true,"href":"https:\/\/radioljubuski.ba\/index.php\/wp-json\/wp\/v2\/users\/2"}],"replies":[{"embeddable":true,"href":"https:\/\/radioljubuski.ba\/index.php\/wp-json\/wp\/v2\/comments?post=85034"}],"version-history":[{"count":1,"href":"https:\/\/radioljubuski.ba\/index.php\/wp-json\/wp\/v2\/posts\/85034\/revisions"}],"predecessor-version":[{"id":85036,"href":"https:\/\/radioljubuski.ba\/index.php\/wp-json\/wp\/v2\/posts\/85034\/revisions\/85036"}],"wp:featuredmedia":[{"embeddable":true,"href":"https:\/\/radioljubuski.ba\/index.php\/wp-json\/wp\/v2\/media\/85035"}],"wp:attachment":[{"href":"https:\/\/radioljubuski.ba\/index.php\/wp-json\/wp\/v2\/media?parent=85034"}],"wp:term":[{"taxonomy":"category","embeddable":true,"href":"https:\/\/radioljubuski.ba\/index.php\/wp-json\/wp\/v2\/categories?post=85034"},{"taxonomy":"post_tag","embeddable":true,"href":"https:\/\/radioljubuski.ba\/index.php\/wp-json\/wp\/v2\/tags?post=85034"}],"curies":[{"name":"wp","href":"https:\/\/api.w.org\/{rel}","templated":true}]}}