{"id":85045,"date":"2021-11-04T19:31:21","date_gmt":"2021-11-04T18:31:21","guid":{"rendered":"https:\/\/radioljubuski.ba\/?p=85045"},"modified":"2021-11-04T19:31:21","modified_gmt":"2021-11-04T18:31:21","slug":"novi-projektor-ozivljava-kino-u-sirokom-brijegu","status":"publish","type":"post","link":"https:\/\/radioljubuski.ba\/index.php\/2021\/11\/04\/novi-projektor-ozivljava-kino-u-sirokom-brijegu\/","title":{"rendered":"Novi projektor \u201co\u017eivljava\u201d kino u \u0160irokom Brijegu"},"content":{"rendered":"\n<h5 class=\"wp-block-heading\"><strong>Pro\u0161lo je vi\u0161e godina kada je u \u0161irokobrije\u0161kom kinu \u201cBorak\u201d emitiran neki svjetski hit igrani film.<\/strong><\/h5>\n\n\n\n<p>Tehnolo\u0161ki napredak i digitalizacija u\u010dinili su svoje pa se noviji filmovi<strong>&nbsp;posljednjih \u0161est do sedam godina<\/strong>&nbsp;ne mogu prikazivati u kinu u \u0160irokom Brijegu. A u pro\u0161losti, \u0160irokobrije\u017eani su&nbsp;<strong>imali redovitu publiku<\/strong>&nbsp;koja je rado na velikom platnu gledala najnovije svjetske blockbustere.<\/p>\n\n\n\n<p>Izuzetak su jedino projekcije tijekom Mediteran Film Festivala, a kino dvorana u sredi\u0161tu grada koristi se i z<strong>a razli\u010dite promocije knjiga, javnih tribina, skupova<\/strong>&nbsp;itd. No, da bi kino bilo kino, potrebni su mu filmovi, jer to je ipak njegova glavna svrha.<\/p>\n\n\n\n<p>Od novijih ulaganja u kino dvoranu, vrijedi istaknuti kako su u kinu&nbsp;<strong>zamijenjene stolice<\/strong>. Pa su nekada\u0161nje plave na preklapanje, zamijenile crvene s naslonom. Pa je ostalo jo\u0161 ulo\u017eiti u<strong>&nbsp;kvalitetnu opremu<\/strong>&nbsp;kako bi \u0160irokobrije\u017eani ponovno mogli u\u017eivati u gledanju filmova u svom gradu.<\/p>\n\n\n\n<p>Kako doznaje portal<strong>&nbsp;Jabuka.tv<\/strong>, gradska uprava i JU Hrvatski kulturni dom u sklopu kojega je i Kino Borak rade na o\u017eivljavanju \u0161irokobrije\u0161kog kina.<\/p>\n\n\n\n<p>Na portalu javnih nabava objavljen je natje\u010daj Grada \u0160irokog Brijega, u kojem se navodi kako Grad&nbsp;<strong>kre\u0107e u nabavu novog digitalnog projektora<\/strong>, koji \u0107e omogu\u0107iti projekcije novih filmskih izdanja.<\/p>\n\n\n\n<p>Sve pristigle ponude u Gradskoj upravi otvaraju&nbsp;<strong>u srijedu, 24. studenoga<\/strong>&nbsp;s po\u010detkom 11 sati. A projektor \u0107e se nabaviti od najpovoljnijeg ponu\u0111a\u010da, pi\u0161e Jabuka.tv.<\/p>\n\n\n\n<p>Kako doznajemo iz Gradske uprave, osim novog projektora u neko skorije vrijeme cilj je nabaviti i novo kino platno. A kako se navodi u ovom natje\u010daju, procijenjena vrijednost projektora je<strong>&nbsp;80.000 KM<\/strong>&nbsp;u \u0161to nije ura\u010dunat i PDV.<\/p>\n\n\n\n<p>Te\u0161ko je re\u0107i kada bi to\u010dno \u0161irokobrije\u0161ko kino ponovno trebalo profunkiciorati, s obzirom da se natje\u010dajni postupci oko javnih nabava znaju odu\u017eiti, no kako doznajemo cilj je da to bude u&nbsp;<strong>prvoj polovici idu\u0107e godine.<\/strong><\/p>\n\n\n\n<p>\/HMS\/<\/p>\n","protected":false},"excerpt":{"rendered":"<p>Pro\u0161lo je vi\u0161e godina kada je u \u0161irokobrije\u0161kom kinu \u201cBorak\u201d emitiran neki svjetski hit igrani film. Tehnolo\u0161ki napredak i digitalizacija u\u010dinili su svoje pa se noviji filmovi&nbsp;posljednjih \u0161est do sedam godina&nbsp;ne mogu prikazivati u kinu u \u0160irokom Brijegu. A u pro\u0161losti, \u0160irokobrije\u017eani su&nbsp;imali redovitu publiku&nbsp;koja je rado na velikom platnu gledala najnovije svjetske blockbustere. Izuzetak [&hellip;]<\/p>\n","protected":false},"author":2,"featured_media":85046,"comment_status":"closed","ping_status":"closed","sticky":false,"template":"","format":"standard","meta":{"h5ap_radio_sources":[],"footnotes":""},"categories":[1],"tags":[],"class_list":["post-85045","post","type-post","status-publish","format-standard","has-post-thumbnail","hentry","category-bihiregija"],"yoast_head":"<!-- This site is optimized with the Yoast SEO plugin v27.5 - https:\/\/yoast.com\/product\/yoast-seo-wordpress\/ -->\n<title>Novi projektor \u201co\u017eivljava\u201d kino u \u0160irokom Brijegu - RADIO LJUBU\u0160KI<\/title>\n<meta name=\"robots\" content=\"index, follow, max-snippet:-1, max-image-preview:large, max-video-preview:-1\" \/>\n<link rel=\"canonical\" href=\"https:\/\/radioljubuski.ba\/index.php\/2021\/11\/04\/novi-projektor-ozivljava-kino-u-sirokom-brijegu\/\" \/>\n<meta property=\"og:locale\" content=\"hr_HR\" \/>\n<meta property=\"og:type\" content=\"article\" \/>\n<meta property=\"og:title\" content=\"Novi projektor \u201co\u017eivljava\u201d kino u \u0160irokom Brijegu - RADIO LJUBU\u0160KI\" \/>\n<meta property=\"og:description\" content=\"Pro\u0161lo je vi\u0161e godina kada je u \u0161irokobrije\u0161kom kinu \u201cBorak\u201d emitiran neki svjetski hit igrani film. Tehnolo\u0161ki napredak i digitalizacija u\u010dinili su svoje pa se noviji filmovi&nbsp;posljednjih \u0161est do sedam godina&nbsp;ne mogu prikazivati u kinu u \u0160irokom Brijegu. A u pro\u0161losti, \u0160irokobrije\u017eani su&nbsp;imali redovitu publiku&nbsp;koja je rado na velikom platnu gledala najnovije svjetske blockbustere. Izuzetak [&hellip;]\" \/>\n<meta property=\"og:url\" content=\"https:\/\/radioljubuski.ba\/index.php\/2021\/11\/04\/novi-projektor-ozivljava-kino-u-sirokom-brijegu\/\" \/>\n<meta property=\"og:site_name\" content=\"RADIO LJUBU\u0160KI\" \/>\n<meta property=\"article:publisher\" content=\"https:\/\/www.facebook.com\/Radiio-Ljubuski-1490835324566332\" \/>\n<meta property=\"article:published_time\" content=\"2021-11-04T18:31:21+00:00\" \/>\n<meta property=\"og:image\" content=\"https:\/\/radioljubuski.ba\/wp-content\/uploads\/2021\/11\/kino-borak-810x541-1.jpg\" \/>\n\t<meta property=\"og:image:width\" content=\"810\" \/>\n\t<meta property=\"og:image:height\" content=\"541\" \/>\n\t<meta property=\"og:image:type\" content=\"image\/jpeg\" \/>\n<meta name=\"author\" content=\"Radio Ljubu\u0161ki\" \/>\n<meta name=\"twitter:card\" content=\"summary_large_image\" \/>\n<meta name=\"twitter:creator\" content=\"@radioljubuski\" \/>\n<meta name=\"twitter:site\" content=\"@radioljubuski\" \/>\n<meta name=\"twitter:label1\" content=\"Napisao\/la\" \/>\n\t<meta name=\"twitter:data1\" content=\"Radio Ljubu\u0161ki\" \/>\n\t<meta name=\"twitter:label2\" content=\"Procijenjeno vrijeme \u010ditanja\" \/>\n\t<meta name=\"twitter:data2\" content=\"2 minute\" \/>\n<script type=\"application\/ld+json\" class=\"yoast-schema-graph\">{\"@context\":\"https:\\\/\\\/schema.org\",\"@graph\":[{\"@type\":\"Article\",\"@id\":\"https:\\\/\\\/radioljubuski.ba\\\/index.php\\\/2021\\\/11\\\/04\\\/novi-projektor-ozivljava-kino-u-sirokom-brijegu\\\/#article\",\"isPartOf\":{\"@id\":\"https:\\\/\\\/radioljubuski.ba\\\/index.php\\\/2021\\\/11\\\/04\\\/novi-projektor-ozivljava-kino-u-sirokom-brijegu\\\/\"},\"author\":{\"name\":\"Radio Ljubu\u0161ki\",\"@id\":\"https:\\\/\\\/radioljubuski.ba\\\/#\\\/schema\\\/person\\\/19fc700381a780f69665d7956c469e3b\"},\"headline\":\"Novi projektor \u201co\u017eivljava\u201d kino u \u0160irokom Brijegu\",\"datePublished\":\"2021-11-04T18:31:21+00:00\",\"mainEntityOfPage\":{\"@id\":\"https:\\\/\\\/radioljubuski.ba\\\/index.php\\\/2021\\\/11\\\/04\\\/novi-projektor-ozivljava-kino-u-sirokom-brijegu\\\/\"},\"wordCount\":348,\"publisher\":{\"@id\":\"https:\\\/\\\/radioljubuski.ba\\\/#organization\"},\"image\":{\"@id\":\"https:\\\/\\\/radioljubuski.ba\\\/index.php\\\/2021\\\/11\\\/04\\\/novi-projektor-ozivljava-kino-u-sirokom-brijegu\\\/#primaryimage\"},\"thumbnailUrl\":\"https:\\\/\\\/radioljubuski.ba\\\/wp-content\\\/uploads\\\/2021\\\/11\\\/kino-borak-810x541-1.jpg\",\"articleSection\":[\"BIH i regija\"],\"inLanguage\":\"hr\"},{\"@type\":\"WebPage\",\"@id\":\"https:\\\/\\\/radioljubuski.ba\\\/index.php\\\/2021\\\/11\\\/04\\\/novi-projektor-ozivljava-kino-u-sirokom-brijegu\\\/\",\"url\":\"https:\\\/\\\/radioljubuski.ba\\\/index.php\\\/2021\\\/11\\\/04\\\/novi-projektor-ozivljava-kino-u-sirokom-brijegu\\\/\",\"name\":\"Novi projektor \u201co\u017eivljava\u201d kino u \u0160irokom Brijegu - RADIO LJUBU\u0160KI\",\"isPartOf\":{\"@id\":\"https:\\\/\\\/radioljubuski.ba\\\/#website\"},\"primaryImageOfPage\":{\"@id\":\"https:\\\/\\\/radioljubuski.ba\\\/index.php\\\/2021\\\/11\\\/04\\\/novi-projektor-ozivljava-kino-u-sirokom-brijegu\\\/#primaryimage\"},\"image\":{\"@id\":\"https:\\\/\\\/radioljubuski.ba\\\/index.php\\\/2021\\\/11\\\/04\\\/novi-projektor-ozivljava-kino-u-sirokom-brijegu\\\/#primaryimage\"},\"thumbnailUrl\":\"https:\\\/\\\/radioljubuski.ba\\\/wp-content\\\/uploads\\\/2021\\\/11\\\/kino-borak-810x541-1.jpg\",\"datePublished\":\"2021-11-04T18:31:21+00:00\",\"breadcrumb\":{\"@id\":\"https:\\\/\\\/radioljubuski.ba\\\/index.php\\\/2021\\\/11\\\/04\\\/novi-projektor-ozivljava-kino-u-sirokom-brijegu\\\/#breadcrumb\"},\"inLanguage\":\"hr\",\"potentialAction\":[{\"@type\":\"ReadAction\",\"target\":[\"https:\\\/\\\/radioljubuski.ba\\\/index.php\\\/2021\\\/11\\\/04\\\/novi-projektor-ozivljava-kino-u-sirokom-brijegu\\\/\"]}]},{\"@type\":\"ImageObject\",\"inLanguage\":\"hr\",\"@id\":\"https:\\\/\\\/radioljubuski.ba\\\/index.php\\\/2021\\\/11\\\/04\\\/novi-projektor-ozivljava-kino-u-sirokom-brijegu\\\/#primaryimage\",\"url\":\"https:\\\/\\\/radioljubuski.ba\\\/wp-content\\\/uploads\\\/2021\\\/11\\\/kino-borak-810x541-1.jpg\",\"contentUrl\":\"https:\\\/\\\/radioljubuski.ba\\\/wp-content\\\/uploads\\\/2021\\\/11\\\/kino-borak-810x541-1.jpg\",\"width\":810,\"height\":541},{\"@type\":\"BreadcrumbList\",\"@id\":\"https:\\\/\\\/radioljubuski.ba\\\/index.php\\\/2021\\\/11\\\/04\\\/novi-projektor-ozivljava-kino-u-sirokom-brijegu\\\/#breadcrumb\",\"itemListElement\":[{\"@type\":\"ListItem\",\"position\":1,\"name\":\"Po\u010detna stranica\",\"item\":\"https:\\\/\\\/radioljubuski.ba\\\/\"},{\"@type\":\"ListItem\",\"position\":2,\"name\":\"Novi projektor \u201co\u017eivljava\u201d kino u \u0160irokom Brijegu\"}]},{\"@type\":\"WebSite\",\"@id\":\"https:\\\/\\\/radioljubuski.ba\\\/#website\",\"url\":\"https:\\\/\\\/radioljubuski.ba\\\/\",\"name\":\"Radio Ljubu\u0161ki\",\"description\":\"Sun\u010dana frekvencija Hercegovine\",\"publisher\":{\"@id\":\"https:\\\/\\\/radioljubuski.ba\\\/#organization\"},\"potentialAction\":[{\"@type\":\"SearchAction\",\"target\":{\"@type\":\"EntryPoint\",\"urlTemplate\":\"https:\\\/\\\/radioljubuski.ba\\\/?s={search_term_string}\"},\"query-input\":{\"@type\":\"PropertyValueSpecification\",\"valueRequired\":true,\"valueName\":\"search_term_string\"}}],\"inLanguage\":\"hr\"},{\"@type\":\"Organization\",\"@id\":\"https:\\\/\\\/radioljubuski.ba\\\/#organization\",\"name\":\"Radio Ljubu\u0161ki\",\"url\":\"https:\\\/\\\/radioljubuski.ba\\\/\",\"logo\":{\"@type\":\"ImageObject\",\"inLanguage\":\"hr\",\"@id\":\"https:\\\/\\\/radioljubuski.ba\\\/#\\\/schema\\\/logo\\\/image\\\/\",\"url\":\"https:\\\/\\\/radioljubuski.ba\\\/wp-content\\\/uploads\\\/2021\\\/02\\\/cropped-Radio_Ljubuski_logo1.jpg\",\"contentUrl\":\"https:\\\/\\\/radioljubuski.ba\\\/wp-content\\\/uploads\\\/2021\\\/02\\\/cropped-Radio_Ljubuski_logo1.jpg\",\"width\":512,\"height\":512,\"caption\":\"Radio Ljubu\u0161ki\"},\"image\":{\"@id\":\"https:\\\/\\\/radioljubuski.ba\\\/#\\\/schema\\\/logo\\\/image\\\/\"},\"sameAs\":[\"https:\\\/\\\/www.facebook.com\\\/Radiio-Ljubuski-1490835324566332\",\"https:\\\/\\\/x.com\\\/radioljubuski\",\"https:\\\/\\\/hr.linkedin.com\\\/company\\\/radio-ljubuski\",\"https:\\\/\\\/www.youtube.com\\\/channel\\\/UCHYaeO_n0Db3tjNGudGpXyw\"]},{\"@type\":\"Person\",\"@id\":\"https:\\\/\\\/radioljubuski.ba\\\/#\\\/schema\\\/person\\\/19fc700381a780f69665d7956c469e3b\",\"name\":\"Radio Ljubu\u0161ki\"}]}<\/script>\n<!-- \/ Yoast SEO plugin. -->","yoast_head_json":{"title":"Novi projektor \u201co\u017eivljava\u201d kino u \u0160irokom Brijegu - RADIO LJUBU\u0160KI","robots":{"index":"index","follow":"follow","max-snippet":"max-snippet:-1","max-image-preview":"max-image-preview:large","max-video-preview":"max-video-preview:-1"},"canonical":"https:\/\/radioljubuski.ba\/index.php\/2021\/11\/04\/novi-projektor-ozivljava-kino-u-sirokom-brijegu\/","og_locale":"hr_HR","og_type":"article","og_title":"Novi projektor \u201co\u017eivljava\u201d kino u \u0160irokom Brijegu - RADIO LJUBU\u0160KI","og_description":"Pro\u0161lo je vi\u0161e godina kada je u \u0161irokobrije\u0161kom kinu \u201cBorak\u201d emitiran neki svjetski hit igrani film. Tehnolo\u0161ki napredak i digitalizacija u\u010dinili su svoje pa se noviji filmovi&nbsp;posljednjih \u0161est do sedam godina&nbsp;ne mogu prikazivati u kinu u \u0160irokom Brijegu. A u pro\u0161losti, \u0160irokobrije\u017eani su&nbsp;imali redovitu publiku&nbsp;koja je rado na velikom platnu gledala najnovije svjetske blockbustere. Izuzetak [&hellip;]","og_url":"https:\/\/radioljubuski.ba\/index.php\/2021\/11\/04\/novi-projektor-ozivljava-kino-u-sirokom-brijegu\/","og_site_name":"RADIO LJUBU\u0160KI","article_publisher":"https:\/\/www.facebook.com\/Radiio-Ljubuski-1490835324566332","article_published_time":"2021-11-04T18:31:21+00:00","og_image":[{"width":810,"height":541,"url":"https:\/\/radioljubuski.ba\/wp-content\/uploads\/2021\/11\/kino-borak-810x541-1.jpg","type":"image\/jpeg"}],"author":"Radio Ljubu\u0161ki","twitter_card":"summary_large_image","twitter_creator":"@radioljubuski","twitter_site":"@radioljubuski","twitter_misc":{"Napisao\/la":"Radio Ljubu\u0161ki","Procijenjeno vrijeme \u010ditanja":"2 minute"},"schema":{"@context":"https:\/\/schema.org","@graph":[{"@type":"Article","@id":"https:\/\/radioljubuski.ba\/index.php\/2021\/11\/04\/novi-projektor-ozivljava-kino-u-sirokom-brijegu\/#article","isPartOf":{"@id":"https:\/\/radioljubuski.ba\/index.php\/2021\/11\/04\/novi-projektor-ozivljava-kino-u-sirokom-brijegu\/"},"author":{"name":"Radio Ljubu\u0161ki","@id":"https:\/\/radioljubuski.ba\/#\/schema\/person\/19fc700381a780f69665d7956c469e3b"},"headline":"Novi projektor \u201co\u017eivljava\u201d kino u \u0160irokom Brijegu","datePublished":"2021-11-04T18:31:21+00:00","mainEntityOfPage":{"@id":"https:\/\/radioljubuski.ba\/index.php\/2021\/11\/04\/novi-projektor-ozivljava-kino-u-sirokom-brijegu\/"},"wordCount":348,"publisher":{"@id":"https:\/\/radioljubuski.ba\/#organization"},"image":{"@id":"https:\/\/radioljubuski.ba\/index.php\/2021\/11\/04\/novi-projektor-ozivljava-kino-u-sirokom-brijegu\/#primaryimage"},"thumbnailUrl":"https:\/\/radioljubuski.ba\/wp-content\/uploads\/2021\/11\/kino-borak-810x541-1.jpg","articleSection":["BIH i regija"],"inLanguage":"hr"},{"@type":"WebPage","@id":"https:\/\/radioljubuski.ba\/index.php\/2021\/11\/04\/novi-projektor-ozivljava-kino-u-sirokom-brijegu\/","url":"https:\/\/radioljubuski.ba\/index.php\/2021\/11\/04\/novi-projektor-ozivljava-kino-u-sirokom-brijegu\/","name":"Novi projektor \u201co\u017eivljava\u201d kino u \u0160irokom Brijegu - RADIO LJUBU\u0160KI","isPartOf":{"@id":"https:\/\/radioljubuski.ba\/#website"},"primaryImageOfPage":{"@id":"https:\/\/radioljubuski.ba\/index.php\/2021\/11\/04\/novi-projektor-ozivljava-kino-u-sirokom-brijegu\/#primaryimage"},"image":{"@id":"https:\/\/radioljubuski.ba\/index.php\/2021\/11\/04\/novi-projektor-ozivljava-kino-u-sirokom-brijegu\/#primaryimage"},"thumbnailUrl":"https:\/\/radioljubuski.ba\/wp-content\/uploads\/2021\/11\/kino-borak-810x541-1.jpg","datePublished":"2021-11-04T18:31:21+00:00","breadcrumb":{"@id":"https:\/\/radioljubuski.ba\/index.php\/2021\/11\/04\/novi-projektor-ozivljava-kino-u-sirokom-brijegu\/#breadcrumb"},"inLanguage":"hr","potentialAction":[{"@type":"ReadAction","target":["https:\/\/radioljubuski.ba\/index.php\/2021\/11\/04\/novi-projektor-ozivljava-kino-u-sirokom-brijegu\/"]}]},{"@type":"ImageObject","inLanguage":"hr","@id":"https:\/\/radioljubuski.ba\/index.php\/2021\/11\/04\/novi-projektor-ozivljava-kino-u-sirokom-brijegu\/#primaryimage","url":"https:\/\/radioljubuski.ba\/wp-content\/uploads\/2021\/11\/kino-borak-810x541-1.jpg","contentUrl":"https:\/\/radioljubuski.ba\/wp-content\/uploads\/2021\/11\/kino-borak-810x541-1.jpg","width":810,"height":541},{"@type":"BreadcrumbList","@id":"https:\/\/radioljubuski.ba\/index.php\/2021\/11\/04\/novi-projektor-ozivljava-kino-u-sirokom-brijegu\/#breadcrumb","itemListElement":[{"@type":"ListItem","position":1,"name":"Po\u010detna stranica","item":"https:\/\/radioljubuski.ba\/"},{"@type":"ListItem","position":2,"name":"Novi projektor \u201co\u017eivljava\u201d kino u \u0160irokom Brijegu"}]},{"@type":"WebSite","@id":"https:\/\/radioljubuski.ba\/#website","url":"https:\/\/radioljubuski.ba\/","name":"Radio Ljubu\u0161ki","description":"Sun\u010dana frekvencija Hercegovine","publisher":{"@id":"https:\/\/radioljubuski.ba\/#organization"},"potentialAction":[{"@type":"SearchAction","target":{"@type":"EntryPoint","urlTemplate":"https:\/\/radioljubuski.ba\/?s={search_term_string}"},"query-input":{"@type":"PropertyValueSpecification","valueRequired":true,"valueName":"search_term_string"}}],"inLanguage":"hr"},{"@type":"Organization","@id":"https:\/\/radioljubuski.ba\/#organization","name":"Radio Ljubu\u0161ki","url":"https:\/\/radioljubuski.ba\/","logo":{"@type":"ImageObject","inLanguage":"hr","@id":"https:\/\/radioljubuski.ba\/#\/schema\/logo\/image\/","url":"https:\/\/radioljubuski.ba\/wp-content\/uploads\/2021\/02\/cropped-Radio_Ljubuski_logo1.jpg","contentUrl":"https:\/\/radioljubuski.ba\/wp-content\/uploads\/2021\/02\/cropped-Radio_Ljubuski_logo1.jpg","width":512,"height":512,"caption":"Radio Ljubu\u0161ki"},"image":{"@id":"https:\/\/radioljubuski.ba\/#\/schema\/logo\/image\/"},"sameAs":["https:\/\/www.facebook.com\/Radiio-Ljubuski-1490835324566332","https:\/\/x.com\/radioljubuski","https:\/\/hr.linkedin.com\/company\/radio-ljubuski","https:\/\/www.youtube.com\/channel\/UCHYaeO_n0Db3tjNGudGpXyw"]},{"@type":"Person","@id":"https:\/\/radioljubuski.ba\/#\/schema\/person\/19fc700381a780f69665d7956c469e3b","name":"Radio Ljubu\u0161ki"}]}},"_links":{"self":[{"href":"https:\/\/radioljubuski.ba\/index.php\/wp-json\/wp\/v2\/posts\/85045","targetHints":{"allow":["GET"]}}],"collection":[{"href":"https:\/\/radioljubuski.ba\/index.php\/wp-json\/wp\/v2\/posts"}],"about":[{"href":"https:\/\/radioljubuski.ba\/index.php\/wp-json\/wp\/v2\/types\/post"}],"author":[{"embeddable":true,"href":"https:\/\/radioljubuski.ba\/index.php\/wp-json\/wp\/v2\/users\/2"}],"replies":[{"embeddable":true,"href":"https:\/\/radioljubuski.ba\/index.php\/wp-json\/wp\/v2\/comments?post=85045"}],"version-history":[{"count":1,"href":"https:\/\/radioljubuski.ba\/index.php\/wp-json\/wp\/v2\/posts\/85045\/revisions"}],"predecessor-version":[{"id":85047,"href":"https:\/\/radioljubuski.ba\/index.php\/wp-json\/wp\/v2\/posts\/85045\/revisions\/85047"}],"wp:featuredmedia":[{"embeddable":true,"href":"https:\/\/radioljubuski.ba\/index.php\/wp-json\/wp\/v2\/media\/85046"}],"wp:attachment":[{"href":"https:\/\/radioljubuski.ba\/index.php\/wp-json\/wp\/v2\/media?parent=85045"}],"wp:term":[{"taxonomy":"category","embeddable":true,"href":"https:\/\/radioljubuski.ba\/index.php\/wp-json\/wp\/v2\/categories?post=85045"},{"taxonomy":"post_tag","embeddable":true,"href":"https:\/\/radioljubuski.ba\/index.php\/wp-json\/wp\/v2\/tags?post=85045"}],"curies":[{"name":"wp","href":"https:\/\/api.w.org\/{rel}","templated":true}]}}