{"id":85066,"date":"2021-11-04T19:41:46","date_gmt":"2021-11-04T18:41:46","guid":{"rendered":"https:\/\/radioljubuski.ba\/?p=85066"},"modified":"2021-11-04T19:41:47","modified_gmt":"2021-11-04T18:41:47","slug":"novi-gradonacelnik-za-blaze-mjere-irving-bi-i-necijepljen-mogao-zaigrati","status":"publish","type":"post","link":"https:\/\/radioljubuski.ba\/index.php\/2021\/11\/04\/novi-gradonacelnik-za-blaze-mjere-irving-bi-i-necijepljen-mogao-zaigrati\/","title":{"rendered":"Novi gradona\u010delnik za bla\u017ee mjere, Irving bi i necijepljen mogao zaigrati"},"content":{"rendered":"\n<p><strong>Zvijezda Brooklyn Netsa Kyrie Irving, koji ne nastupa za svoju mom\u010dad jer se odbio cijepiti protiv koronavirusa, mogao bi uskoro ipak biti priklju\u010den ekipi.<\/strong><\/p>\n\n\n\n<p>Naime, iako se preko 90 posto ko\u0161arka\u0161a u NBA ligi cijepilo, sama liga zapravo ne zabranjuje nastup necijepljenima, nego Irving ne mo\u017ee igrati na doma\u0107em parketu zbog njujor\u0161kih gradskih pravila, pa su ga Netsi privremeno udaljili iz mom\u010dadi jer bi propustio vi\u0161e od polovice utakmica.<\/p>\n\n\n\n<p>No novi gradona\u010delnik New Yorka&nbsp;<strong>Eric Adams<\/strong>, koji slu\u017ebeno preuzima du\u017enost 1. sije\u010dnja sljede\u0107e godine, najavio je da \u0107e ozbiljno razmotriti odnos gradskih vlasti prema necijepljenim gradskim i drugim javnim slu\u017ebenicima<\/p>\n\n\n\n<p>Iako se to zasad ne odnosi izravno na NBA ligu i Irvinga, ako javni slu\u017ebenici budu &#8220;mogli pro\u0107i&#8221; bez cjepiva, te\u0161ko da \u0107e gradska uprava mo\u0107i ostati stroga i tvrda prema svima drugima.<\/p>\n\n\n\n<p>Trener Netsa<strong>&nbsp;Steve Nash<\/strong>&nbsp;potvrdio je da \u0107e, ako novi gradona\u010delnik ubla\u017ei mjere, rado vratiti u mom\u010dad Irvinga.<\/p>\n\n\n\n<p>&#8211; Ako se mandat promijeni, bit \u0107e dobrodo\u0161ao natrag, rekao je Nash, ogradiv\u0161i se da u klubu nisu jo\u0161 razgovarali o tome.<\/p>\n\n\n\n<p>Izvor:hrt.hr<\/p>\n","protected":false},"excerpt":{"rendered":"<p>Zvijezda Brooklyn Netsa Kyrie Irving, koji ne nastupa za svoju mom\u010dad jer se odbio cijepiti protiv koronavirusa, mogao bi uskoro ipak biti priklju\u010den ekipi. Naime, iako se preko 90 posto ko\u0161arka\u0161a u NBA ligi cijepilo, sama liga zapravo ne zabranjuje nastup necijepljenima, nego Irving ne mo\u017ee igrati na doma\u0107em parketu zbog njujor\u0161kih gradskih pravila, pa [&hellip;]<\/p>\n","protected":false},"author":2,"featured_media":74930,"comment_status":"closed","ping_status":"closed","sticky":false,"template":"","format":"standard","meta":{"h5ap_radio_sources":[],"footnotes":""},"categories":[7],"tags":[],"class_list":["post-85066","post","type-post","status-publish","format-standard","has-post-thumbnail","hentry","category-sport"],"yoast_head":"<!-- This site is optimized with the Yoast SEO plugin v27.4 - https:\/\/yoast.com\/product\/yoast-seo-wordpress\/ -->\n<title>Novi gradona\u010delnik za bla\u017ee mjere, Irving bi i necijepljen mogao zaigrati - RADIO LJUBU\u0160KI<\/title>\n<meta name=\"robots\" content=\"index, follow, max-snippet:-1, max-image-preview:large, max-video-preview:-1\" \/>\n<link rel=\"canonical\" href=\"https:\/\/radioljubuski.ba\/index.php\/2021\/11\/04\/novi-gradonacelnik-za-blaze-mjere-irving-bi-i-necijepljen-mogao-zaigrati\/\" \/>\n<meta property=\"og:locale\" content=\"hr_HR\" \/>\n<meta property=\"og:type\" content=\"article\" \/>\n<meta property=\"og:title\" content=\"Novi gradona\u010delnik za bla\u017ee mjere, Irving bi i necijepljen mogao zaigrati - RADIO LJUBU\u0160KI\" \/>\n<meta property=\"og:description\" content=\"Zvijezda Brooklyn Netsa Kyrie Irving, koji ne nastupa za svoju mom\u010dad jer se odbio cijepiti protiv koronavirusa, mogao bi uskoro ipak biti priklju\u010den ekipi. Naime, iako se preko 90 posto ko\u0161arka\u0161a u NBA ligi cijepilo, sama liga zapravo ne zabranjuje nastup necijepljenima, nego Irving ne mo\u017ee igrati na doma\u0107em parketu zbog njujor\u0161kih gradskih pravila, pa [&hellip;]\" \/>\n<meta property=\"og:url\" content=\"https:\/\/radioljubuski.ba\/index.php\/2021\/11\/04\/novi-gradonacelnik-za-blaze-mjere-irving-bi-i-necijepljen-mogao-zaigrati\/\" \/>\n<meta property=\"og:site_name\" content=\"RADIO LJUBU\u0160KI\" \/>\n<meta property=\"article:publisher\" content=\"https:\/\/www.facebook.com\/Radiio-Ljubuski-1490835324566332\" \/>\n<meta property=\"article:published_time\" content=\"2021-11-04T18:41:46+00:00\" \/>\n<meta property=\"article:modified_time\" content=\"2021-11-04T18:41:47+00:00\" \/>\n<meta property=\"og:image\" content=\"https:\/\/radioljubuski.ba\/wp-content\/uploads\/2021\/10\/8-2021-10-12-19-07-28-IRVING.jpg\" \/>\n\t<meta property=\"og:image:width\" content=\"1000\" \/>\n\t<meta property=\"og:image:height\" content=\"625\" \/>\n\t<meta property=\"og:image:type\" content=\"image\/jpeg\" \/>\n<meta name=\"author\" content=\"Radio Ljubu\u0161ki\" \/>\n<meta name=\"twitter:card\" content=\"summary_large_image\" \/>\n<meta name=\"twitter:creator\" content=\"@radioljubuski\" \/>\n<meta name=\"twitter:site\" content=\"@radioljubuski\" \/>\n<meta name=\"twitter:label1\" content=\"Napisao\/la\" \/>\n\t<meta name=\"twitter:data1\" content=\"Radio Ljubu\u0161ki\" \/>\n\t<meta name=\"twitter:label2\" content=\"Procijenjeno vrijeme \u010ditanja\" \/>\n\t<meta name=\"twitter:data2\" content=\"1 minuta\" \/>\n<script type=\"application\/ld+json\" class=\"yoast-schema-graph\">{\"@context\":\"https:\\\/\\\/schema.org\",\"@graph\":[{\"@type\":\"Article\",\"@id\":\"https:\\\/\\\/radioljubuski.ba\\\/index.php\\\/2021\\\/11\\\/04\\\/novi-gradonacelnik-za-blaze-mjere-irving-bi-i-necijepljen-mogao-zaigrati\\\/#article\",\"isPartOf\":{\"@id\":\"https:\\\/\\\/radioljubuski.ba\\\/index.php\\\/2021\\\/11\\\/04\\\/novi-gradonacelnik-za-blaze-mjere-irving-bi-i-necijepljen-mogao-zaigrati\\\/\"},\"author\":{\"name\":\"Radio Ljubu\u0161ki\",\"@id\":\"https:\\\/\\\/radioljubuski.ba\\\/#\\\/schema\\\/person\\\/19fc700381a780f69665d7956c469e3b\"},\"headline\":\"Novi gradona\u010delnik za bla\u017ee mjere, Irving bi i necijepljen mogao zaigrati\",\"datePublished\":\"2021-11-04T18:41:46+00:00\",\"dateModified\":\"2021-11-04T18:41:47+00:00\",\"mainEntityOfPage\":{\"@id\":\"https:\\\/\\\/radioljubuski.ba\\\/index.php\\\/2021\\\/11\\\/04\\\/novi-gradonacelnik-za-blaze-mjere-irving-bi-i-necijepljen-mogao-zaigrati\\\/\"},\"wordCount\":214,\"publisher\":{\"@id\":\"https:\\\/\\\/radioljubuski.ba\\\/#organization\"},\"image\":{\"@id\":\"https:\\\/\\\/radioljubuski.ba\\\/index.php\\\/2021\\\/11\\\/04\\\/novi-gradonacelnik-za-blaze-mjere-irving-bi-i-necijepljen-mogao-zaigrati\\\/#primaryimage\"},\"thumbnailUrl\":\"https:\\\/\\\/radioljubuski.ba\\\/wp-content\\\/uploads\\\/2021\\\/10\\\/8-2021-10-12-19-07-28-IRVING.jpg\",\"articleSection\":[\"\u0160port\"],\"inLanguage\":\"hr\"},{\"@type\":\"WebPage\",\"@id\":\"https:\\\/\\\/radioljubuski.ba\\\/index.php\\\/2021\\\/11\\\/04\\\/novi-gradonacelnik-za-blaze-mjere-irving-bi-i-necijepljen-mogao-zaigrati\\\/\",\"url\":\"https:\\\/\\\/radioljubuski.ba\\\/index.php\\\/2021\\\/11\\\/04\\\/novi-gradonacelnik-za-blaze-mjere-irving-bi-i-necijepljen-mogao-zaigrati\\\/\",\"name\":\"Novi gradona\u010delnik za bla\u017ee mjere, Irving bi i necijepljen mogao zaigrati - RADIO LJUBU\u0160KI\",\"isPartOf\":{\"@id\":\"https:\\\/\\\/radioljubuski.ba\\\/#website\"},\"primaryImageOfPage\":{\"@id\":\"https:\\\/\\\/radioljubuski.ba\\\/index.php\\\/2021\\\/11\\\/04\\\/novi-gradonacelnik-za-blaze-mjere-irving-bi-i-necijepljen-mogao-zaigrati\\\/#primaryimage\"},\"image\":{\"@id\":\"https:\\\/\\\/radioljubuski.ba\\\/index.php\\\/2021\\\/11\\\/04\\\/novi-gradonacelnik-za-blaze-mjere-irving-bi-i-necijepljen-mogao-zaigrati\\\/#primaryimage\"},\"thumbnailUrl\":\"https:\\\/\\\/radioljubuski.ba\\\/wp-content\\\/uploads\\\/2021\\\/10\\\/8-2021-10-12-19-07-28-IRVING.jpg\",\"datePublished\":\"2021-11-04T18:41:46+00:00\",\"dateModified\":\"2021-11-04T18:41:47+00:00\",\"breadcrumb\":{\"@id\":\"https:\\\/\\\/radioljubuski.ba\\\/index.php\\\/2021\\\/11\\\/04\\\/novi-gradonacelnik-za-blaze-mjere-irving-bi-i-necijepljen-mogao-zaigrati\\\/#breadcrumb\"},\"inLanguage\":\"hr\",\"potentialAction\":[{\"@type\":\"ReadAction\",\"target\":[\"https:\\\/\\\/radioljubuski.ba\\\/index.php\\\/2021\\\/11\\\/04\\\/novi-gradonacelnik-za-blaze-mjere-irving-bi-i-necijepljen-mogao-zaigrati\\\/\"]}]},{\"@type\":\"ImageObject\",\"inLanguage\":\"hr\",\"@id\":\"https:\\\/\\\/radioljubuski.ba\\\/index.php\\\/2021\\\/11\\\/04\\\/novi-gradonacelnik-za-blaze-mjere-irving-bi-i-necijepljen-mogao-zaigrati\\\/#primaryimage\",\"url\":\"https:\\\/\\\/radioljubuski.ba\\\/wp-content\\\/uploads\\\/2021\\\/10\\\/8-2021-10-12-19-07-28-IRVING.jpg\",\"contentUrl\":\"https:\\\/\\\/radioljubuski.ba\\\/wp-content\\\/uploads\\\/2021\\\/10\\\/8-2021-10-12-19-07-28-IRVING.jpg\",\"width\":1000,\"height\":625},{\"@type\":\"BreadcrumbList\",\"@id\":\"https:\\\/\\\/radioljubuski.ba\\\/index.php\\\/2021\\\/11\\\/04\\\/novi-gradonacelnik-za-blaze-mjere-irving-bi-i-necijepljen-mogao-zaigrati\\\/#breadcrumb\",\"itemListElement\":[{\"@type\":\"ListItem\",\"position\":1,\"name\":\"Po\u010detna stranica\",\"item\":\"https:\\\/\\\/radioljubuski.ba\\\/\"},{\"@type\":\"ListItem\",\"position\":2,\"name\":\"Novi gradona\u010delnik za bla\u017ee mjere, Irving bi i necijepljen mogao zaigrati\"}]},{\"@type\":\"WebSite\",\"@id\":\"https:\\\/\\\/radioljubuski.ba\\\/#website\",\"url\":\"https:\\\/\\\/radioljubuski.ba\\\/\",\"name\":\"Radio Ljubu\u0161ki\",\"description\":\"Sun\u010dana frekvencija Hercegovine\",\"publisher\":{\"@id\":\"https:\\\/\\\/radioljubuski.ba\\\/#organization\"},\"potentialAction\":[{\"@type\":\"SearchAction\",\"target\":{\"@type\":\"EntryPoint\",\"urlTemplate\":\"https:\\\/\\\/radioljubuski.ba\\\/?s={search_term_string}\"},\"query-input\":{\"@type\":\"PropertyValueSpecification\",\"valueRequired\":true,\"valueName\":\"search_term_string\"}}],\"inLanguage\":\"hr\"},{\"@type\":\"Organization\",\"@id\":\"https:\\\/\\\/radioljubuski.ba\\\/#organization\",\"name\":\"Radio Ljubu\u0161ki\",\"url\":\"https:\\\/\\\/radioljubuski.ba\\\/\",\"logo\":{\"@type\":\"ImageObject\",\"inLanguage\":\"hr\",\"@id\":\"https:\\\/\\\/radioljubuski.ba\\\/#\\\/schema\\\/logo\\\/image\\\/\",\"url\":\"https:\\\/\\\/radioljubuski.ba\\\/wp-content\\\/uploads\\\/2021\\\/02\\\/cropped-Radio_Ljubuski_logo1.jpg\",\"contentUrl\":\"https:\\\/\\\/radioljubuski.ba\\\/wp-content\\\/uploads\\\/2021\\\/02\\\/cropped-Radio_Ljubuski_logo1.jpg\",\"width\":512,\"height\":512,\"caption\":\"Radio Ljubu\u0161ki\"},\"image\":{\"@id\":\"https:\\\/\\\/radioljubuski.ba\\\/#\\\/schema\\\/logo\\\/image\\\/\"},\"sameAs\":[\"https:\\\/\\\/www.facebook.com\\\/Radiio-Ljubuski-1490835324566332\",\"https:\\\/\\\/x.com\\\/radioljubuski\",\"https:\\\/\\\/hr.linkedin.com\\\/company\\\/radio-ljubuski\",\"https:\\\/\\\/www.youtube.com\\\/channel\\\/UCHYaeO_n0Db3tjNGudGpXyw\"]},{\"@type\":\"Person\",\"@id\":\"https:\\\/\\\/radioljubuski.ba\\\/#\\\/schema\\\/person\\\/19fc700381a780f69665d7956c469e3b\",\"name\":\"Radio Ljubu\u0161ki\"}]}<\/script>\n<!-- \/ Yoast SEO plugin. -->","yoast_head_json":{"title":"Novi gradona\u010delnik za bla\u017ee mjere, Irving bi i necijepljen mogao zaigrati - RADIO LJUBU\u0160KI","robots":{"index":"index","follow":"follow","max-snippet":"max-snippet:-1","max-image-preview":"max-image-preview:large","max-video-preview":"max-video-preview:-1"},"canonical":"https:\/\/radioljubuski.ba\/index.php\/2021\/11\/04\/novi-gradonacelnik-za-blaze-mjere-irving-bi-i-necijepljen-mogao-zaigrati\/","og_locale":"hr_HR","og_type":"article","og_title":"Novi gradona\u010delnik za bla\u017ee mjere, Irving bi i necijepljen mogao zaigrati - RADIO LJUBU\u0160KI","og_description":"Zvijezda Brooklyn Netsa Kyrie Irving, koji ne nastupa za svoju mom\u010dad jer se odbio cijepiti protiv koronavirusa, mogao bi uskoro ipak biti priklju\u010den ekipi. Naime, iako se preko 90 posto ko\u0161arka\u0161a u NBA ligi cijepilo, sama liga zapravo ne zabranjuje nastup necijepljenima, nego Irving ne mo\u017ee igrati na doma\u0107em parketu zbog njujor\u0161kih gradskih pravila, pa [&hellip;]","og_url":"https:\/\/radioljubuski.ba\/index.php\/2021\/11\/04\/novi-gradonacelnik-za-blaze-mjere-irving-bi-i-necijepljen-mogao-zaigrati\/","og_site_name":"RADIO LJUBU\u0160KI","article_publisher":"https:\/\/www.facebook.com\/Radiio-Ljubuski-1490835324566332","article_published_time":"2021-11-04T18:41:46+00:00","article_modified_time":"2021-11-04T18:41:47+00:00","og_image":[{"width":1000,"height":625,"url":"https:\/\/radioljubuski.ba\/wp-content\/uploads\/2021\/10\/8-2021-10-12-19-07-28-IRVING.jpg","type":"image\/jpeg"}],"author":"Radio Ljubu\u0161ki","twitter_card":"summary_large_image","twitter_creator":"@radioljubuski","twitter_site":"@radioljubuski","twitter_misc":{"Napisao\/la":"Radio Ljubu\u0161ki","Procijenjeno vrijeme \u010ditanja":"1 minuta"},"schema":{"@context":"https:\/\/schema.org","@graph":[{"@type":"Article","@id":"https:\/\/radioljubuski.ba\/index.php\/2021\/11\/04\/novi-gradonacelnik-za-blaze-mjere-irving-bi-i-necijepljen-mogao-zaigrati\/#article","isPartOf":{"@id":"https:\/\/radioljubuski.ba\/index.php\/2021\/11\/04\/novi-gradonacelnik-za-blaze-mjere-irving-bi-i-necijepljen-mogao-zaigrati\/"},"author":{"name":"Radio Ljubu\u0161ki","@id":"https:\/\/radioljubuski.ba\/#\/schema\/person\/19fc700381a780f69665d7956c469e3b"},"headline":"Novi gradona\u010delnik za bla\u017ee mjere, Irving bi i necijepljen mogao zaigrati","datePublished":"2021-11-04T18:41:46+00:00","dateModified":"2021-11-04T18:41:47+00:00","mainEntityOfPage":{"@id":"https:\/\/radioljubuski.ba\/index.php\/2021\/11\/04\/novi-gradonacelnik-za-blaze-mjere-irving-bi-i-necijepljen-mogao-zaigrati\/"},"wordCount":214,"publisher":{"@id":"https:\/\/radioljubuski.ba\/#organization"},"image":{"@id":"https:\/\/radioljubuski.ba\/index.php\/2021\/11\/04\/novi-gradonacelnik-za-blaze-mjere-irving-bi-i-necijepljen-mogao-zaigrati\/#primaryimage"},"thumbnailUrl":"https:\/\/radioljubuski.ba\/wp-content\/uploads\/2021\/10\/8-2021-10-12-19-07-28-IRVING.jpg","articleSection":["\u0160port"],"inLanguage":"hr"},{"@type":"WebPage","@id":"https:\/\/radioljubuski.ba\/index.php\/2021\/11\/04\/novi-gradonacelnik-za-blaze-mjere-irving-bi-i-necijepljen-mogao-zaigrati\/","url":"https:\/\/radioljubuski.ba\/index.php\/2021\/11\/04\/novi-gradonacelnik-za-blaze-mjere-irving-bi-i-necijepljen-mogao-zaigrati\/","name":"Novi gradona\u010delnik za bla\u017ee mjere, Irving bi i necijepljen mogao zaigrati - RADIO LJUBU\u0160KI","isPartOf":{"@id":"https:\/\/radioljubuski.ba\/#website"},"primaryImageOfPage":{"@id":"https:\/\/radioljubuski.ba\/index.php\/2021\/11\/04\/novi-gradonacelnik-za-blaze-mjere-irving-bi-i-necijepljen-mogao-zaigrati\/#primaryimage"},"image":{"@id":"https:\/\/radioljubuski.ba\/index.php\/2021\/11\/04\/novi-gradonacelnik-za-blaze-mjere-irving-bi-i-necijepljen-mogao-zaigrati\/#primaryimage"},"thumbnailUrl":"https:\/\/radioljubuski.ba\/wp-content\/uploads\/2021\/10\/8-2021-10-12-19-07-28-IRVING.jpg","datePublished":"2021-11-04T18:41:46+00:00","dateModified":"2021-11-04T18:41:47+00:00","breadcrumb":{"@id":"https:\/\/radioljubuski.ba\/index.php\/2021\/11\/04\/novi-gradonacelnik-za-blaze-mjere-irving-bi-i-necijepljen-mogao-zaigrati\/#breadcrumb"},"inLanguage":"hr","potentialAction":[{"@type":"ReadAction","target":["https:\/\/radioljubuski.ba\/index.php\/2021\/11\/04\/novi-gradonacelnik-za-blaze-mjere-irving-bi-i-necijepljen-mogao-zaigrati\/"]}]},{"@type":"ImageObject","inLanguage":"hr","@id":"https:\/\/radioljubuski.ba\/index.php\/2021\/11\/04\/novi-gradonacelnik-za-blaze-mjere-irving-bi-i-necijepljen-mogao-zaigrati\/#primaryimage","url":"https:\/\/radioljubuski.ba\/wp-content\/uploads\/2021\/10\/8-2021-10-12-19-07-28-IRVING.jpg","contentUrl":"https:\/\/radioljubuski.ba\/wp-content\/uploads\/2021\/10\/8-2021-10-12-19-07-28-IRVING.jpg","width":1000,"height":625},{"@type":"BreadcrumbList","@id":"https:\/\/radioljubuski.ba\/index.php\/2021\/11\/04\/novi-gradonacelnik-za-blaze-mjere-irving-bi-i-necijepljen-mogao-zaigrati\/#breadcrumb","itemListElement":[{"@type":"ListItem","position":1,"name":"Po\u010detna stranica","item":"https:\/\/radioljubuski.ba\/"},{"@type":"ListItem","position":2,"name":"Novi gradona\u010delnik za bla\u017ee mjere, Irving bi i necijepljen mogao zaigrati"}]},{"@type":"WebSite","@id":"https:\/\/radioljubuski.ba\/#website","url":"https:\/\/radioljubuski.ba\/","name":"Radio Ljubu\u0161ki","description":"Sun\u010dana frekvencija Hercegovine","publisher":{"@id":"https:\/\/radioljubuski.ba\/#organization"},"potentialAction":[{"@type":"SearchAction","target":{"@type":"EntryPoint","urlTemplate":"https:\/\/radioljubuski.ba\/?s={search_term_string}"},"query-input":{"@type":"PropertyValueSpecification","valueRequired":true,"valueName":"search_term_string"}}],"inLanguage":"hr"},{"@type":"Organization","@id":"https:\/\/radioljubuski.ba\/#organization","name":"Radio Ljubu\u0161ki","url":"https:\/\/radioljubuski.ba\/","logo":{"@type":"ImageObject","inLanguage":"hr","@id":"https:\/\/radioljubuski.ba\/#\/schema\/logo\/image\/","url":"https:\/\/radioljubuski.ba\/wp-content\/uploads\/2021\/02\/cropped-Radio_Ljubuski_logo1.jpg","contentUrl":"https:\/\/radioljubuski.ba\/wp-content\/uploads\/2021\/02\/cropped-Radio_Ljubuski_logo1.jpg","width":512,"height":512,"caption":"Radio Ljubu\u0161ki"},"image":{"@id":"https:\/\/radioljubuski.ba\/#\/schema\/logo\/image\/"},"sameAs":["https:\/\/www.facebook.com\/Radiio-Ljubuski-1490835324566332","https:\/\/x.com\/radioljubuski","https:\/\/hr.linkedin.com\/company\/radio-ljubuski","https:\/\/www.youtube.com\/channel\/UCHYaeO_n0Db3tjNGudGpXyw"]},{"@type":"Person","@id":"https:\/\/radioljubuski.ba\/#\/schema\/person\/19fc700381a780f69665d7956c469e3b","name":"Radio Ljubu\u0161ki"}]}},"_links":{"self":[{"href":"https:\/\/radioljubuski.ba\/index.php\/wp-json\/wp\/v2\/posts\/85066","targetHints":{"allow":["GET"]}}],"collection":[{"href":"https:\/\/radioljubuski.ba\/index.php\/wp-json\/wp\/v2\/posts"}],"about":[{"href":"https:\/\/radioljubuski.ba\/index.php\/wp-json\/wp\/v2\/types\/post"}],"author":[{"embeddable":true,"href":"https:\/\/radioljubuski.ba\/index.php\/wp-json\/wp\/v2\/users\/2"}],"replies":[{"embeddable":true,"href":"https:\/\/radioljubuski.ba\/index.php\/wp-json\/wp\/v2\/comments?post=85066"}],"version-history":[{"count":1,"href":"https:\/\/radioljubuski.ba\/index.php\/wp-json\/wp\/v2\/posts\/85066\/revisions"}],"predecessor-version":[{"id":85067,"href":"https:\/\/radioljubuski.ba\/index.php\/wp-json\/wp\/v2\/posts\/85066\/revisions\/85067"}],"wp:featuredmedia":[{"embeddable":true,"href":"https:\/\/radioljubuski.ba\/index.php\/wp-json\/wp\/v2\/media\/74930"}],"wp:attachment":[{"href":"https:\/\/radioljubuski.ba\/index.php\/wp-json\/wp\/v2\/media?parent=85066"}],"wp:term":[{"taxonomy":"category","embeddable":true,"href":"https:\/\/radioljubuski.ba\/index.php\/wp-json\/wp\/v2\/categories?post=85066"},{"taxonomy":"post_tag","embeddable":true,"href":"https:\/\/radioljubuski.ba\/index.php\/wp-json\/wp\/v2\/tags?post=85066"}],"curies":[{"name":"wp","href":"https:\/\/api.w.org\/{rel}","templated":true}]}}