{"id":85084,"date":"2021-11-04T20:37:52","date_gmt":"2021-11-04T19:37:52","guid":{"rendered":"https:\/\/radioljubuski.ba\/?p=85084"},"modified":"2021-11-04T20:37:53","modified_gmt":"2021-11-04T19:37:53","slug":"zena-u-njemackoj-osudena-na-dozivotnu-kaznu-zatvora-zbog-ubojstva-petero-djece","status":"publish","type":"post","link":"https:\/\/radioljubuski.ba\/index.php\/2021\/11\/04\/zena-u-njemackoj-osudena-na-dozivotnu-kaznu-zatvora-zbog-ubojstva-petero-djece\/","title":{"rendered":"\u017dena u Njema\u010dkoj osu\u0111ena na do\u017eivotnu kaznu zatvora zbog ubojstva petero djece"},"content":{"rendered":"\n<p>Christiane K. (28), majka \u0161estero maloljetnika progla\u0161ena je krivom i osu\u0111ena na do\u017eivotnu kaznu zatvora za ubojstvo petero djece u obiteljskoj ku\u0107i u gradu Solingen na zapadu zemlje, javila je njema\u010dka novinska agencija DPA.<\/p>\n\n\n\n<p>Regionalni sud u Wuppertalu ustanovio je posebnu te\u017einu zlo\u010dina u presudi. U ve\u0107ini slu\u010dajeva, isklju\u010dena je mogu\u0107nost ranijeg pu\u0161tanja iz zatvora nakon 15 godina, \u0161to je minimalan period koji lica osu\u0111ena na do\u017eivotnu kaznu moraju provesti u zatvoru u Njema\u010dkoj.<\/p>\n\n\n\n<p>Djeca, Melina, Leoni, Sofi, Timo i Luka, ubijena su u rujnu 2020. godine. Tu\u017eiteljstvo je priop\u0107ilo da je majka prvo drogirala djecu, a zatim ih udavila ili ugu\u0161ila, pi\u0161e DPA.<\/p>\n\n\n\n<p>Ubijena djeca bila su uzrasta od jedne do osam godina, prenio je AP.<\/p>\n\n\n\n<p>Tu\u017eitelji smatraju da je fotografija sa novom partnericom koju je biv\u0161i partner poslao \u017eeni potaknula ubojstva. \u017dena je na poruku odgovorila biv\u0161em partneru da vi\u0161e nikada ne\u0107e vidjeti svoju djecu, navodi njema\u010dka agencija.<\/p>\n\n\n\n<p>Ustanovljeno je da je ona poslala \u0161esto, najstarije dijete kod bake, prije nego \u0161to je ubila ostale. \u017dena je zatim poku\u0161ala da se ubije, isko\u010div\u0161i pred vlak u Dusseldorfu i zadobila je te\u017ee ozljede, ali nije bila \u017eivotno ugro\u017eena.<\/p>\n\n\n\n<p>Izvor:pogled.ba<\/p>\n","protected":false},"excerpt":{"rendered":"<p>Christiane K. (28), majka \u0161estero maloljetnika progla\u0161ena je krivom i osu\u0111ena na do\u017eivotnu kaznu zatvora za ubojstvo petero djece u obiteljskoj ku\u0107i u gradu Solingen na zapadu zemlje, javila je njema\u010dka novinska agencija DPA. Regionalni sud u Wuppertalu ustanovio je posebnu te\u017einu zlo\u010dina u presudi. U ve\u0107ini slu\u010dajeva, isklju\u010dena je mogu\u0107nost ranijeg pu\u0161tanja iz zatvora [&hellip;]<\/p>\n","protected":false},"author":2,"featured_media":85085,"comment_status":"closed","ping_status":"closed","sticky":false,"template":"","format":"standard","meta":{"h5ap_radio_sources":[],"footnotes":""},"categories":[1],"tags":[],"class_list":["post-85084","post","type-post","status-publish","format-standard","has-post-thumbnail","hentry","category-bihiregija"],"yoast_head":"<!-- This site is optimized with the Yoast SEO plugin v27.5 - https:\/\/yoast.com\/product\/yoast-seo-wordpress\/ -->\n<title>\u017dena u Njema\u010dkoj osu\u0111ena na do\u017eivotnu kaznu zatvora zbog ubojstva petero djece - RADIO LJUBU\u0160KI<\/title>\n<meta name=\"robots\" content=\"index, follow, max-snippet:-1, max-image-preview:large, max-video-preview:-1\" \/>\n<link rel=\"canonical\" href=\"https:\/\/radioljubuski.ba\/index.php\/2021\/11\/04\/zena-u-njemackoj-osudena-na-dozivotnu-kaznu-zatvora-zbog-ubojstva-petero-djece\/\" \/>\n<meta property=\"og:locale\" content=\"hr_HR\" \/>\n<meta property=\"og:type\" content=\"article\" \/>\n<meta property=\"og:title\" content=\"\u017dena u Njema\u010dkoj osu\u0111ena na do\u017eivotnu kaznu zatvora zbog ubojstva petero djece - RADIO LJUBU\u0160KI\" \/>\n<meta property=\"og:description\" content=\"Christiane K. (28), majka \u0161estero maloljetnika progla\u0161ena je krivom i osu\u0111ena na do\u017eivotnu kaznu zatvora za ubojstvo petero djece u obiteljskoj ku\u0107i u gradu Solingen na zapadu zemlje, javila je njema\u010dka novinska agencija DPA. Regionalni sud u Wuppertalu ustanovio je posebnu te\u017einu zlo\u010dina u presudi. U ve\u0107ini slu\u010dajeva, isklju\u010dena je mogu\u0107nost ranijeg pu\u0161tanja iz zatvora [&hellip;]\" \/>\n<meta property=\"og:url\" content=\"https:\/\/radioljubuski.ba\/index.php\/2021\/11\/04\/zena-u-njemackoj-osudena-na-dozivotnu-kaznu-zatvora-zbog-ubojstva-petero-djece\/\" \/>\n<meta property=\"og:site_name\" content=\"RADIO LJUBU\u0160KI\" \/>\n<meta property=\"article:publisher\" content=\"https:\/\/www.facebook.com\/Radiio-Ljubuski-1490835324566332\" \/>\n<meta property=\"article:published_time\" content=\"2021-11-04T19:37:52+00:00\" \/>\n<meta property=\"article:modified_time\" content=\"2021-11-04T19:37:53+00:00\" \/>\n<meta property=\"og:image\" content=\"https:\/\/radioljubuski.ba\/wp-content\/uploads\/2021\/11\/f1af30bdd917ff0e64b2.jpeg\" \/>\n\t<meta property=\"og:image:width\" content=\"1280\" \/>\n\t<meta property=\"og:image:height\" content=\"857\" \/>\n\t<meta property=\"og:image:type\" content=\"image\/jpeg\" \/>\n<meta name=\"author\" content=\"Radio Ljubu\u0161ki\" \/>\n<meta name=\"twitter:card\" content=\"summary_large_image\" \/>\n<meta name=\"twitter:creator\" content=\"@radioljubuski\" \/>\n<meta name=\"twitter:site\" content=\"@radioljubuski\" \/>\n<meta name=\"twitter:label1\" content=\"Napisao\/la\" \/>\n\t<meta name=\"twitter:data1\" content=\"Radio Ljubu\u0161ki\" \/>\n\t<meta name=\"twitter:label2\" content=\"Procijenjeno vrijeme \u010ditanja\" \/>\n\t<meta name=\"twitter:data2\" content=\"1 minuta\" \/>\n<script type=\"application\/ld+json\" class=\"yoast-schema-graph\">{\"@context\":\"https:\\\/\\\/schema.org\",\"@graph\":[{\"@type\":\"Article\",\"@id\":\"https:\\\/\\\/radioljubuski.ba\\\/index.php\\\/2021\\\/11\\\/04\\\/zena-u-njemackoj-osudena-na-dozivotnu-kaznu-zatvora-zbog-ubojstva-petero-djece\\\/#article\",\"isPartOf\":{\"@id\":\"https:\\\/\\\/radioljubuski.ba\\\/index.php\\\/2021\\\/11\\\/04\\\/zena-u-njemackoj-osudena-na-dozivotnu-kaznu-zatvora-zbog-ubojstva-petero-djece\\\/\"},\"author\":{\"name\":\"Radio Ljubu\u0161ki\",\"@id\":\"https:\\\/\\\/radioljubuski.ba\\\/#\\\/schema\\\/person\\\/19fc700381a780f69665d7956c469e3b\"},\"headline\":\"\u017dena u Njema\u010dkoj osu\u0111ena na do\u017eivotnu kaznu zatvora zbog ubojstva petero djece\",\"datePublished\":\"2021-11-04T19:37:52+00:00\",\"dateModified\":\"2021-11-04T19:37:53+00:00\",\"mainEntityOfPage\":{\"@id\":\"https:\\\/\\\/radioljubuski.ba\\\/index.php\\\/2021\\\/11\\\/04\\\/zena-u-njemackoj-osudena-na-dozivotnu-kaznu-zatvora-zbog-ubojstva-petero-djece\\\/\"},\"wordCount\":234,\"publisher\":{\"@id\":\"https:\\\/\\\/radioljubuski.ba\\\/#organization\"},\"image\":{\"@id\":\"https:\\\/\\\/radioljubuski.ba\\\/index.php\\\/2021\\\/11\\\/04\\\/zena-u-njemackoj-osudena-na-dozivotnu-kaznu-zatvora-zbog-ubojstva-petero-djece\\\/#primaryimage\"},\"thumbnailUrl\":\"https:\\\/\\\/radioljubuski.ba\\\/wp-content\\\/uploads\\\/2021\\\/11\\\/f1af30bdd917ff0e64b2.jpeg\",\"articleSection\":[\"BIH i regija\"],\"inLanguage\":\"hr\"},{\"@type\":\"WebPage\",\"@id\":\"https:\\\/\\\/radioljubuski.ba\\\/index.php\\\/2021\\\/11\\\/04\\\/zena-u-njemackoj-osudena-na-dozivotnu-kaznu-zatvora-zbog-ubojstva-petero-djece\\\/\",\"url\":\"https:\\\/\\\/radioljubuski.ba\\\/index.php\\\/2021\\\/11\\\/04\\\/zena-u-njemackoj-osudena-na-dozivotnu-kaznu-zatvora-zbog-ubojstva-petero-djece\\\/\",\"name\":\"\u017dena u Njema\u010dkoj osu\u0111ena na do\u017eivotnu kaznu zatvora zbog ubojstva petero djece - RADIO LJUBU\u0160KI\",\"isPartOf\":{\"@id\":\"https:\\\/\\\/radioljubuski.ba\\\/#website\"},\"primaryImageOfPage\":{\"@id\":\"https:\\\/\\\/radioljubuski.ba\\\/index.php\\\/2021\\\/11\\\/04\\\/zena-u-njemackoj-osudena-na-dozivotnu-kaznu-zatvora-zbog-ubojstva-petero-djece\\\/#primaryimage\"},\"image\":{\"@id\":\"https:\\\/\\\/radioljubuski.ba\\\/index.php\\\/2021\\\/11\\\/04\\\/zena-u-njemackoj-osudena-na-dozivotnu-kaznu-zatvora-zbog-ubojstva-petero-djece\\\/#primaryimage\"},\"thumbnailUrl\":\"https:\\\/\\\/radioljubuski.ba\\\/wp-content\\\/uploads\\\/2021\\\/11\\\/f1af30bdd917ff0e64b2.jpeg\",\"datePublished\":\"2021-11-04T19:37:52+00:00\",\"dateModified\":\"2021-11-04T19:37:53+00:00\",\"breadcrumb\":{\"@id\":\"https:\\\/\\\/radioljubuski.ba\\\/index.php\\\/2021\\\/11\\\/04\\\/zena-u-njemackoj-osudena-na-dozivotnu-kaznu-zatvora-zbog-ubojstva-petero-djece\\\/#breadcrumb\"},\"inLanguage\":\"hr\",\"potentialAction\":[{\"@type\":\"ReadAction\",\"target\":[\"https:\\\/\\\/radioljubuski.ba\\\/index.php\\\/2021\\\/11\\\/04\\\/zena-u-njemackoj-osudena-na-dozivotnu-kaznu-zatvora-zbog-ubojstva-petero-djece\\\/\"]}]},{\"@type\":\"ImageObject\",\"inLanguage\":\"hr\",\"@id\":\"https:\\\/\\\/radioljubuski.ba\\\/index.php\\\/2021\\\/11\\\/04\\\/zena-u-njemackoj-osudena-na-dozivotnu-kaznu-zatvora-zbog-ubojstva-petero-djece\\\/#primaryimage\",\"url\":\"https:\\\/\\\/radioljubuski.ba\\\/wp-content\\\/uploads\\\/2021\\\/11\\\/f1af30bdd917ff0e64b2.jpeg\",\"contentUrl\":\"https:\\\/\\\/radioljubuski.ba\\\/wp-content\\\/uploads\\\/2021\\\/11\\\/f1af30bdd917ff0e64b2.jpeg\",\"width\":1280,\"height\":857},{\"@type\":\"BreadcrumbList\",\"@id\":\"https:\\\/\\\/radioljubuski.ba\\\/index.php\\\/2021\\\/11\\\/04\\\/zena-u-njemackoj-osudena-na-dozivotnu-kaznu-zatvora-zbog-ubojstva-petero-djece\\\/#breadcrumb\",\"itemListElement\":[{\"@type\":\"ListItem\",\"position\":1,\"name\":\"Po\u010detna stranica\",\"item\":\"https:\\\/\\\/radioljubuski.ba\\\/\"},{\"@type\":\"ListItem\",\"position\":2,\"name\":\"\u017dena u Njema\u010dkoj osu\u0111ena na do\u017eivotnu kaznu zatvora zbog ubojstva petero djece\"}]},{\"@type\":\"WebSite\",\"@id\":\"https:\\\/\\\/radioljubuski.ba\\\/#website\",\"url\":\"https:\\\/\\\/radioljubuski.ba\\\/\",\"name\":\"Radio Ljubu\u0161ki\",\"description\":\"Sun\u010dana frekvencija Hercegovine\",\"publisher\":{\"@id\":\"https:\\\/\\\/radioljubuski.ba\\\/#organization\"},\"potentialAction\":[{\"@type\":\"SearchAction\",\"target\":{\"@type\":\"EntryPoint\",\"urlTemplate\":\"https:\\\/\\\/radioljubuski.ba\\\/?s={search_term_string}\"},\"query-input\":{\"@type\":\"PropertyValueSpecification\",\"valueRequired\":true,\"valueName\":\"search_term_string\"}}],\"inLanguage\":\"hr\"},{\"@type\":\"Organization\",\"@id\":\"https:\\\/\\\/radioljubuski.ba\\\/#organization\",\"name\":\"Radio Ljubu\u0161ki\",\"url\":\"https:\\\/\\\/radioljubuski.ba\\\/\",\"logo\":{\"@type\":\"ImageObject\",\"inLanguage\":\"hr\",\"@id\":\"https:\\\/\\\/radioljubuski.ba\\\/#\\\/schema\\\/logo\\\/image\\\/\",\"url\":\"https:\\\/\\\/radioljubuski.ba\\\/wp-content\\\/uploads\\\/2021\\\/02\\\/cropped-Radio_Ljubuski_logo1.jpg\",\"contentUrl\":\"https:\\\/\\\/radioljubuski.ba\\\/wp-content\\\/uploads\\\/2021\\\/02\\\/cropped-Radio_Ljubuski_logo1.jpg\",\"width\":512,\"height\":512,\"caption\":\"Radio Ljubu\u0161ki\"},\"image\":{\"@id\":\"https:\\\/\\\/radioljubuski.ba\\\/#\\\/schema\\\/logo\\\/image\\\/\"},\"sameAs\":[\"https:\\\/\\\/www.facebook.com\\\/Radiio-Ljubuski-1490835324566332\",\"https:\\\/\\\/x.com\\\/radioljubuski\",\"https:\\\/\\\/hr.linkedin.com\\\/company\\\/radio-ljubuski\",\"https:\\\/\\\/www.youtube.com\\\/channel\\\/UCHYaeO_n0Db3tjNGudGpXyw\"]},{\"@type\":\"Person\",\"@id\":\"https:\\\/\\\/radioljubuski.ba\\\/#\\\/schema\\\/person\\\/19fc700381a780f69665d7956c469e3b\",\"name\":\"Radio Ljubu\u0161ki\"}]}<\/script>\n<!-- \/ Yoast SEO plugin. -->","yoast_head_json":{"title":"\u017dena u Njema\u010dkoj osu\u0111ena na do\u017eivotnu kaznu zatvora zbog ubojstva petero djece - RADIO LJUBU\u0160KI","robots":{"index":"index","follow":"follow","max-snippet":"max-snippet:-1","max-image-preview":"max-image-preview:large","max-video-preview":"max-video-preview:-1"},"canonical":"https:\/\/radioljubuski.ba\/index.php\/2021\/11\/04\/zena-u-njemackoj-osudena-na-dozivotnu-kaznu-zatvora-zbog-ubojstva-petero-djece\/","og_locale":"hr_HR","og_type":"article","og_title":"\u017dena u Njema\u010dkoj osu\u0111ena na do\u017eivotnu kaznu zatvora zbog ubojstva petero djece - RADIO LJUBU\u0160KI","og_description":"Christiane K. (28), majka \u0161estero maloljetnika progla\u0161ena je krivom i osu\u0111ena na do\u017eivotnu kaznu zatvora za ubojstvo petero djece u obiteljskoj ku\u0107i u gradu Solingen na zapadu zemlje, javila je njema\u010dka novinska agencija DPA. Regionalni sud u Wuppertalu ustanovio je posebnu te\u017einu zlo\u010dina u presudi. U ve\u0107ini slu\u010dajeva, isklju\u010dena je mogu\u0107nost ranijeg pu\u0161tanja iz zatvora [&hellip;]","og_url":"https:\/\/radioljubuski.ba\/index.php\/2021\/11\/04\/zena-u-njemackoj-osudena-na-dozivotnu-kaznu-zatvora-zbog-ubojstva-petero-djece\/","og_site_name":"RADIO LJUBU\u0160KI","article_publisher":"https:\/\/www.facebook.com\/Radiio-Ljubuski-1490835324566332","article_published_time":"2021-11-04T19:37:52+00:00","article_modified_time":"2021-11-04T19:37:53+00:00","og_image":[{"width":1280,"height":857,"url":"https:\/\/radioljubuski.ba\/wp-content\/uploads\/2021\/11\/f1af30bdd917ff0e64b2.jpeg","type":"image\/jpeg"}],"author":"Radio Ljubu\u0161ki","twitter_card":"summary_large_image","twitter_creator":"@radioljubuski","twitter_site":"@radioljubuski","twitter_misc":{"Napisao\/la":"Radio Ljubu\u0161ki","Procijenjeno vrijeme \u010ditanja":"1 minuta"},"schema":{"@context":"https:\/\/schema.org","@graph":[{"@type":"Article","@id":"https:\/\/radioljubuski.ba\/index.php\/2021\/11\/04\/zena-u-njemackoj-osudena-na-dozivotnu-kaznu-zatvora-zbog-ubojstva-petero-djece\/#article","isPartOf":{"@id":"https:\/\/radioljubuski.ba\/index.php\/2021\/11\/04\/zena-u-njemackoj-osudena-na-dozivotnu-kaznu-zatvora-zbog-ubojstva-petero-djece\/"},"author":{"name":"Radio Ljubu\u0161ki","@id":"https:\/\/radioljubuski.ba\/#\/schema\/person\/19fc700381a780f69665d7956c469e3b"},"headline":"\u017dena u Njema\u010dkoj osu\u0111ena na do\u017eivotnu kaznu zatvora zbog ubojstva petero djece","datePublished":"2021-11-04T19:37:52+00:00","dateModified":"2021-11-04T19:37:53+00:00","mainEntityOfPage":{"@id":"https:\/\/radioljubuski.ba\/index.php\/2021\/11\/04\/zena-u-njemackoj-osudena-na-dozivotnu-kaznu-zatvora-zbog-ubojstva-petero-djece\/"},"wordCount":234,"publisher":{"@id":"https:\/\/radioljubuski.ba\/#organization"},"image":{"@id":"https:\/\/radioljubuski.ba\/index.php\/2021\/11\/04\/zena-u-njemackoj-osudena-na-dozivotnu-kaznu-zatvora-zbog-ubojstva-petero-djece\/#primaryimage"},"thumbnailUrl":"https:\/\/radioljubuski.ba\/wp-content\/uploads\/2021\/11\/f1af30bdd917ff0e64b2.jpeg","articleSection":["BIH i regija"],"inLanguage":"hr"},{"@type":"WebPage","@id":"https:\/\/radioljubuski.ba\/index.php\/2021\/11\/04\/zena-u-njemackoj-osudena-na-dozivotnu-kaznu-zatvora-zbog-ubojstva-petero-djece\/","url":"https:\/\/radioljubuski.ba\/index.php\/2021\/11\/04\/zena-u-njemackoj-osudena-na-dozivotnu-kaznu-zatvora-zbog-ubojstva-petero-djece\/","name":"\u017dena u Njema\u010dkoj osu\u0111ena na do\u017eivotnu kaznu zatvora zbog ubojstva petero djece - RADIO LJUBU\u0160KI","isPartOf":{"@id":"https:\/\/radioljubuski.ba\/#website"},"primaryImageOfPage":{"@id":"https:\/\/radioljubuski.ba\/index.php\/2021\/11\/04\/zena-u-njemackoj-osudena-na-dozivotnu-kaznu-zatvora-zbog-ubojstva-petero-djece\/#primaryimage"},"image":{"@id":"https:\/\/radioljubuski.ba\/index.php\/2021\/11\/04\/zena-u-njemackoj-osudena-na-dozivotnu-kaznu-zatvora-zbog-ubojstva-petero-djece\/#primaryimage"},"thumbnailUrl":"https:\/\/radioljubuski.ba\/wp-content\/uploads\/2021\/11\/f1af30bdd917ff0e64b2.jpeg","datePublished":"2021-11-04T19:37:52+00:00","dateModified":"2021-11-04T19:37:53+00:00","breadcrumb":{"@id":"https:\/\/radioljubuski.ba\/index.php\/2021\/11\/04\/zena-u-njemackoj-osudena-na-dozivotnu-kaznu-zatvora-zbog-ubojstva-petero-djece\/#breadcrumb"},"inLanguage":"hr","potentialAction":[{"@type":"ReadAction","target":["https:\/\/radioljubuski.ba\/index.php\/2021\/11\/04\/zena-u-njemackoj-osudena-na-dozivotnu-kaznu-zatvora-zbog-ubojstva-petero-djece\/"]}]},{"@type":"ImageObject","inLanguage":"hr","@id":"https:\/\/radioljubuski.ba\/index.php\/2021\/11\/04\/zena-u-njemackoj-osudena-na-dozivotnu-kaznu-zatvora-zbog-ubojstva-petero-djece\/#primaryimage","url":"https:\/\/radioljubuski.ba\/wp-content\/uploads\/2021\/11\/f1af30bdd917ff0e64b2.jpeg","contentUrl":"https:\/\/radioljubuski.ba\/wp-content\/uploads\/2021\/11\/f1af30bdd917ff0e64b2.jpeg","width":1280,"height":857},{"@type":"BreadcrumbList","@id":"https:\/\/radioljubuski.ba\/index.php\/2021\/11\/04\/zena-u-njemackoj-osudena-na-dozivotnu-kaznu-zatvora-zbog-ubojstva-petero-djece\/#breadcrumb","itemListElement":[{"@type":"ListItem","position":1,"name":"Po\u010detna stranica","item":"https:\/\/radioljubuski.ba\/"},{"@type":"ListItem","position":2,"name":"\u017dena u Njema\u010dkoj osu\u0111ena na do\u017eivotnu kaznu zatvora zbog ubojstva petero djece"}]},{"@type":"WebSite","@id":"https:\/\/radioljubuski.ba\/#website","url":"https:\/\/radioljubuski.ba\/","name":"Radio Ljubu\u0161ki","description":"Sun\u010dana frekvencija Hercegovine","publisher":{"@id":"https:\/\/radioljubuski.ba\/#organization"},"potentialAction":[{"@type":"SearchAction","target":{"@type":"EntryPoint","urlTemplate":"https:\/\/radioljubuski.ba\/?s={search_term_string}"},"query-input":{"@type":"PropertyValueSpecification","valueRequired":true,"valueName":"search_term_string"}}],"inLanguage":"hr"},{"@type":"Organization","@id":"https:\/\/radioljubuski.ba\/#organization","name":"Radio Ljubu\u0161ki","url":"https:\/\/radioljubuski.ba\/","logo":{"@type":"ImageObject","inLanguage":"hr","@id":"https:\/\/radioljubuski.ba\/#\/schema\/logo\/image\/","url":"https:\/\/radioljubuski.ba\/wp-content\/uploads\/2021\/02\/cropped-Radio_Ljubuski_logo1.jpg","contentUrl":"https:\/\/radioljubuski.ba\/wp-content\/uploads\/2021\/02\/cropped-Radio_Ljubuski_logo1.jpg","width":512,"height":512,"caption":"Radio Ljubu\u0161ki"},"image":{"@id":"https:\/\/radioljubuski.ba\/#\/schema\/logo\/image\/"},"sameAs":["https:\/\/www.facebook.com\/Radiio-Ljubuski-1490835324566332","https:\/\/x.com\/radioljubuski","https:\/\/hr.linkedin.com\/company\/radio-ljubuski","https:\/\/www.youtube.com\/channel\/UCHYaeO_n0Db3tjNGudGpXyw"]},{"@type":"Person","@id":"https:\/\/radioljubuski.ba\/#\/schema\/person\/19fc700381a780f69665d7956c469e3b","name":"Radio Ljubu\u0161ki"}]}},"_links":{"self":[{"href":"https:\/\/radioljubuski.ba\/index.php\/wp-json\/wp\/v2\/posts\/85084","targetHints":{"allow":["GET"]}}],"collection":[{"href":"https:\/\/radioljubuski.ba\/index.php\/wp-json\/wp\/v2\/posts"}],"about":[{"href":"https:\/\/radioljubuski.ba\/index.php\/wp-json\/wp\/v2\/types\/post"}],"author":[{"embeddable":true,"href":"https:\/\/radioljubuski.ba\/index.php\/wp-json\/wp\/v2\/users\/2"}],"replies":[{"embeddable":true,"href":"https:\/\/radioljubuski.ba\/index.php\/wp-json\/wp\/v2\/comments?post=85084"}],"version-history":[{"count":1,"href":"https:\/\/radioljubuski.ba\/index.php\/wp-json\/wp\/v2\/posts\/85084\/revisions"}],"predecessor-version":[{"id":85086,"href":"https:\/\/radioljubuski.ba\/index.php\/wp-json\/wp\/v2\/posts\/85084\/revisions\/85086"}],"wp:featuredmedia":[{"embeddable":true,"href":"https:\/\/radioljubuski.ba\/index.php\/wp-json\/wp\/v2\/media\/85085"}],"wp:attachment":[{"href":"https:\/\/radioljubuski.ba\/index.php\/wp-json\/wp\/v2\/media?parent=85084"}],"wp:term":[{"taxonomy":"category","embeddable":true,"href":"https:\/\/radioljubuski.ba\/index.php\/wp-json\/wp\/v2\/categories?post=85084"},{"taxonomy":"post_tag","embeddable":true,"href":"https:\/\/radioljubuski.ba\/index.php\/wp-json\/wp\/v2\/tags?post=85084"}],"curies":[{"name":"wp","href":"https:\/\/api.w.org\/{rel}","templated":true}]}}