{"id":85087,"date":"2021-11-04T20:45:42","date_gmt":"2021-11-04T19:45:42","guid":{"rendered":"https:\/\/radioljubuski.ba\/?p=85087"},"modified":"2021-11-04T20:45:44","modified_gmt":"2021-11-04T19:45:44","slug":"cakovec-lijecnici-spasili-bebu-od-5-mjeseci-umirala-je-pred-nama-od-upale-pluca","status":"publish","type":"post","link":"https:\/\/radioljubuski.ba\/index.php\/2021\/11\/04\/cakovec-lijecnici-spasili-bebu-od-5-mjeseci-umirala-je-pred-nama-od-upale-pluca\/","title":{"rendered":"\u010cakovec: Lije\u010dnici spasili bebu od 5 mjeseci: Umirala je pred nama od upale plu\u0107a"},"content":{"rendered":"\n<p>Ravnatelj \u017dupanijske bolnice \u010cakovec Igor \u0160egovi\u0107 rekao je danas u razgovoru s novinarkom&nbsp;<a href=\"https:\/\/hr.n1info.com\/video\/n1-info\/lijecnici-spasili-bebu-od-5-mjeseci-umirala-je-pred-nama-od-upale-pluca-2\/\" target=\"_blank\" rel=\"noreferrer noopener\">N1 Televizije<\/a>&nbsp;kako su lije\u010dnici u toj bolnici u subotu o\u017eivljavali bebu s te\u0161kom upalom plu\u0107a i pozitivnu na covid.<\/p>\n\n\n\n<p>&#8220;Sve je vi\u0161e djece koja boluju od covida, u vrti\u0107ima, u \u0161kolama, jako nas \u017ealosti \u0161to ta djeca imaju sve te\u017eu klini\u010dku sliku&#8221;, ka\u017ee \u0160egovi\u0107.<\/p>\n\n\n\n<p>&#8220;Dijete od 5 mjeseci u proteklom de\u017eurstvu doslovno je umiralo pred nama od upale plu\u0107a izazvane covidom. Zahvaljuju\u0107i dobroj intervenciji, dobrim lijekovima, dijete smo spasili, dijete je sada dobro, ali kad to vidite onda znate da cjepivo i pridr\u017eavanje epidemiolo\u0161kih mjera ima smisla i da ne smijemo do\u0107i do te razine da nam dijete mo\u017ee umrijeti od covida&#8221;, govori.<\/p>\n\n\n\n<p>\u0160egovi\u0107 ka\u017ee da bolnica mo\u017ee izdr\u017eati jo\u0161 tjedan ili dva, ako se trend rasta broja zara\u017eenih nastavi.<\/p>\n\n\n\n<p>On ka\u017ee kako u \u010dakove\u010dkoj bolnici nemaju problema s odbijanjem testiranja me\u0111u djelatnicima bolnice te da rade i vi\u0161e nego \u0161to mogu.<\/p>\n\n\n\n<p>&#8220;I dalje sve funkcionira&#8221;, ka\u017ee \u0160egovi\u0107.<\/p>\n\n\n\n<p>&#8220;Ju\u010der smo imali sastanak s glavnim covid-koordinatorom, ne znamo koliko dugo \u0107emo mo\u0107i odr\u017eati tu razinu skrbi&#8221;, govori dodaju\u0107i da ne ovisi sve o bolnici, nego i o pridr\u017eavanju mjera.<\/p>\n\n\n\n<p>&#8220;Od 50 hospitaliziranih, 36 ih nije cijepljeno. Cijepljenje stvarno ima u\u010dinka i mi u bolnici to vidimo&#8221;, govori.<\/p>\n\n\n\n<p>\u0160egovi\u0107 ka\u017ee kako je u bolnici trenutno 50 covid-pozitivnih pacijenata \u010dije su slike umjereno te\u0161ke do te\u0161ke te da ve\u0107ina njih zahtijeva neki oblik respiratorne potpore.<\/p>\n\n\n\n<p>&#8220;Situacija nikako nije dobra&#8221;, ka\u017ee. Dodaje kako od 14 cijepljenih pacijenata mo\u017ee za ve\u0107inu re\u0107i za\u0161to cjepivo nije bilo u\u010dinkovito: neki imaju bolesti zbog kojih se cjepivo ne mo\u017ee &#8220;primiti&#8221;, a neki uzimaju lijekove koji poni\u0161tavaju djelovanje cjepiva.<\/p>\n\n\n\n<p>Izvor:pogled.ba<\/p>\n","protected":false},"excerpt":{"rendered":"<p>Ravnatelj \u017dupanijske bolnice \u010cakovec Igor \u0160egovi\u0107 rekao je danas u razgovoru s novinarkom&nbsp;N1 Televizije&nbsp;kako su lije\u010dnici u toj bolnici u subotu o\u017eivljavali bebu s te\u0161kom upalom plu\u0107a i pozitivnu na covid. &#8220;Sve je vi\u0161e djece koja boluju od covida, u vrti\u0107ima, u \u0161kolama, jako nas \u017ealosti \u0161to ta djeca imaju sve te\u017eu klini\u010dku sliku&#8221;, ka\u017ee [&hellip;]<\/p>\n","protected":false},"author":2,"featured_media":85088,"comment_status":"closed","ping_status":"closed","sticky":false,"template":"","format":"standard","meta":{"h5ap_radio_sources":[],"footnotes":""},"categories":[1],"tags":[],"class_list":["post-85087","post","type-post","status-publish","format-standard","has-post-thumbnail","hentry","category-bihiregija"],"yoast_head":"<!-- This site is optimized with the Yoast SEO plugin v27.5 - https:\/\/yoast.com\/product\/yoast-seo-wordpress\/ -->\n<title>\u010cakovec: Lije\u010dnici spasili bebu od 5 mjeseci: Umirala je pred nama od upale plu\u0107a - RADIO LJUBU\u0160KI<\/title>\n<meta name=\"robots\" content=\"index, follow, max-snippet:-1, max-image-preview:large, max-video-preview:-1\" \/>\n<link rel=\"canonical\" href=\"https:\/\/radioljubuski.ba\/index.php\/2021\/11\/04\/cakovec-lijecnici-spasili-bebu-od-5-mjeseci-umirala-je-pred-nama-od-upale-pluca\/\" \/>\n<meta property=\"og:locale\" content=\"hr_HR\" \/>\n<meta property=\"og:type\" content=\"article\" \/>\n<meta property=\"og:title\" content=\"\u010cakovec: Lije\u010dnici spasili bebu od 5 mjeseci: Umirala je pred nama od upale plu\u0107a - RADIO LJUBU\u0160KI\" \/>\n<meta property=\"og:description\" content=\"Ravnatelj \u017dupanijske bolnice \u010cakovec Igor \u0160egovi\u0107 rekao je danas u razgovoru s novinarkom&nbsp;N1 Televizije&nbsp;kako su lije\u010dnici u toj bolnici u subotu o\u017eivljavali bebu s te\u0161kom upalom plu\u0107a i pozitivnu na covid. &#8220;Sve je vi\u0161e djece koja boluju od covida, u vrti\u0107ima, u \u0161kolama, jako nas \u017ealosti \u0161to ta djeca imaju sve te\u017eu klini\u010dku sliku&#8221;, ka\u017ee [&hellip;]\" \/>\n<meta property=\"og:url\" content=\"https:\/\/radioljubuski.ba\/index.php\/2021\/11\/04\/cakovec-lijecnici-spasili-bebu-od-5-mjeseci-umirala-je-pred-nama-od-upale-pluca\/\" \/>\n<meta property=\"og:site_name\" content=\"RADIO LJUBU\u0160KI\" \/>\n<meta property=\"article:publisher\" content=\"https:\/\/www.facebook.com\/Radiio-Ljubuski-1490835324566332\" \/>\n<meta property=\"article:published_time\" content=\"2021-11-04T19:45:42+00:00\" \/>\n<meta property=\"article:modified_time\" content=\"2021-11-04T19:45:44+00:00\" \/>\n<meta property=\"og:image\" content=\"https:\/\/radioljubuski.ba\/wp-content\/uploads\/2021\/11\/8-2021-10-11-17-20-29-BOLNICA-HODNIK.jpg\" \/>\n\t<meta property=\"og:image:width\" content=\"1000\" \/>\n\t<meta property=\"og:image:height\" content=\"625\" \/>\n\t<meta property=\"og:image:type\" content=\"image\/jpeg\" \/>\n<meta name=\"author\" content=\"Radio Ljubu\u0161ki\" \/>\n<meta name=\"twitter:card\" content=\"summary_large_image\" \/>\n<meta name=\"twitter:creator\" content=\"@radioljubuski\" \/>\n<meta name=\"twitter:site\" content=\"@radioljubuski\" \/>\n<meta name=\"twitter:label1\" content=\"Napisao\/la\" \/>\n\t<meta name=\"twitter:data1\" content=\"Radio Ljubu\u0161ki\" \/>\n\t<meta name=\"twitter:label2\" content=\"Procijenjeno vrijeme \u010ditanja\" \/>\n\t<meta name=\"twitter:data2\" content=\"2 minute\" \/>\n<script type=\"application\/ld+json\" class=\"yoast-schema-graph\">{\"@context\":\"https:\\\/\\\/schema.org\",\"@graph\":[{\"@type\":\"Article\",\"@id\":\"https:\\\/\\\/radioljubuski.ba\\\/index.php\\\/2021\\\/11\\\/04\\\/cakovec-lijecnici-spasili-bebu-od-5-mjeseci-umirala-je-pred-nama-od-upale-pluca\\\/#article\",\"isPartOf\":{\"@id\":\"https:\\\/\\\/radioljubuski.ba\\\/index.php\\\/2021\\\/11\\\/04\\\/cakovec-lijecnici-spasili-bebu-od-5-mjeseci-umirala-je-pred-nama-od-upale-pluca\\\/\"},\"author\":{\"name\":\"Radio Ljubu\u0161ki\",\"@id\":\"https:\\\/\\\/radioljubuski.ba\\\/#\\\/schema\\\/person\\\/19fc700381a780f69665d7956c469e3b\"},\"headline\":\"\u010cakovec: Lije\u010dnici spasili bebu od 5 mjeseci: Umirala je pred nama od upale plu\u0107a\",\"datePublished\":\"2021-11-04T19:45:42+00:00\",\"dateModified\":\"2021-11-04T19:45:44+00:00\",\"mainEntityOfPage\":{\"@id\":\"https:\\\/\\\/radioljubuski.ba\\\/index.php\\\/2021\\\/11\\\/04\\\/cakovec-lijecnici-spasili-bebu-od-5-mjeseci-umirala-je-pred-nama-od-upale-pluca\\\/\"},\"wordCount\":332,\"publisher\":{\"@id\":\"https:\\\/\\\/radioljubuski.ba\\\/#organization\"},\"image\":{\"@id\":\"https:\\\/\\\/radioljubuski.ba\\\/index.php\\\/2021\\\/11\\\/04\\\/cakovec-lijecnici-spasili-bebu-od-5-mjeseci-umirala-je-pred-nama-od-upale-pluca\\\/#primaryimage\"},\"thumbnailUrl\":\"https:\\\/\\\/radioljubuski.ba\\\/wp-content\\\/uploads\\\/2021\\\/11\\\/8-2021-10-11-17-20-29-BOLNICA-HODNIK.jpg\",\"articleSection\":[\"BIH i regija\"],\"inLanguage\":\"hr\"},{\"@type\":\"WebPage\",\"@id\":\"https:\\\/\\\/radioljubuski.ba\\\/index.php\\\/2021\\\/11\\\/04\\\/cakovec-lijecnici-spasili-bebu-od-5-mjeseci-umirala-je-pred-nama-od-upale-pluca\\\/\",\"url\":\"https:\\\/\\\/radioljubuski.ba\\\/index.php\\\/2021\\\/11\\\/04\\\/cakovec-lijecnici-spasili-bebu-od-5-mjeseci-umirala-je-pred-nama-od-upale-pluca\\\/\",\"name\":\"\u010cakovec: Lije\u010dnici spasili bebu od 5 mjeseci: Umirala je pred nama od upale plu\u0107a - RADIO LJUBU\u0160KI\",\"isPartOf\":{\"@id\":\"https:\\\/\\\/radioljubuski.ba\\\/#website\"},\"primaryImageOfPage\":{\"@id\":\"https:\\\/\\\/radioljubuski.ba\\\/index.php\\\/2021\\\/11\\\/04\\\/cakovec-lijecnici-spasili-bebu-od-5-mjeseci-umirala-je-pred-nama-od-upale-pluca\\\/#primaryimage\"},\"image\":{\"@id\":\"https:\\\/\\\/radioljubuski.ba\\\/index.php\\\/2021\\\/11\\\/04\\\/cakovec-lijecnici-spasili-bebu-od-5-mjeseci-umirala-je-pred-nama-od-upale-pluca\\\/#primaryimage\"},\"thumbnailUrl\":\"https:\\\/\\\/radioljubuski.ba\\\/wp-content\\\/uploads\\\/2021\\\/11\\\/8-2021-10-11-17-20-29-BOLNICA-HODNIK.jpg\",\"datePublished\":\"2021-11-04T19:45:42+00:00\",\"dateModified\":\"2021-11-04T19:45:44+00:00\",\"breadcrumb\":{\"@id\":\"https:\\\/\\\/radioljubuski.ba\\\/index.php\\\/2021\\\/11\\\/04\\\/cakovec-lijecnici-spasili-bebu-od-5-mjeseci-umirala-je-pred-nama-od-upale-pluca\\\/#breadcrumb\"},\"inLanguage\":\"hr\",\"potentialAction\":[{\"@type\":\"ReadAction\",\"target\":[\"https:\\\/\\\/radioljubuski.ba\\\/index.php\\\/2021\\\/11\\\/04\\\/cakovec-lijecnici-spasili-bebu-od-5-mjeseci-umirala-je-pred-nama-od-upale-pluca\\\/\"]}]},{\"@type\":\"ImageObject\",\"inLanguage\":\"hr\",\"@id\":\"https:\\\/\\\/radioljubuski.ba\\\/index.php\\\/2021\\\/11\\\/04\\\/cakovec-lijecnici-spasili-bebu-od-5-mjeseci-umirala-je-pred-nama-od-upale-pluca\\\/#primaryimage\",\"url\":\"https:\\\/\\\/radioljubuski.ba\\\/wp-content\\\/uploads\\\/2021\\\/11\\\/8-2021-10-11-17-20-29-BOLNICA-HODNIK.jpg\",\"contentUrl\":\"https:\\\/\\\/radioljubuski.ba\\\/wp-content\\\/uploads\\\/2021\\\/11\\\/8-2021-10-11-17-20-29-BOLNICA-HODNIK.jpg\",\"width\":1000,\"height\":625},{\"@type\":\"BreadcrumbList\",\"@id\":\"https:\\\/\\\/radioljubuski.ba\\\/index.php\\\/2021\\\/11\\\/04\\\/cakovec-lijecnici-spasili-bebu-od-5-mjeseci-umirala-je-pred-nama-od-upale-pluca\\\/#breadcrumb\",\"itemListElement\":[{\"@type\":\"ListItem\",\"position\":1,\"name\":\"Po\u010detna stranica\",\"item\":\"https:\\\/\\\/radioljubuski.ba\\\/\"},{\"@type\":\"ListItem\",\"position\":2,\"name\":\"\u010cakovec: Lije\u010dnici spasili bebu od 5 mjeseci: Umirala je pred nama od upale plu\u0107a\"}]},{\"@type\":\"WebSite\",\"@id\":\"https:\\\/\\\/radioljubuski.ba\\\/#website\",\"url\":\"https:\\\/\\\/radioljubuski.ba\\\/\",\"name\":\"Radio Ljubu\u0161ki\",\"description\":\"Sun\u010dana frekvencija Hercegovine\",\"publisher\":{\"@id\":\"https:\\\/\\\/radioljubuski.ba\\\/#organization\"},\"potentialAction\":[{\"@type\":\"SearchAction\",\"target\":{\"@type\":\"EntryPoint\",\"urlTemplate\":\"https:\\\/\\\/radioljubuski.ba\\\/?s={search_term_string}\"},\"query-input\":{\"@type\":\"PropertyValueSpecification\",\"valueRequired\":true,\"valueName\":\"search_term_string\"}}],\"inLanguage\":\"hr\"},{\"@type\":\"Organization\",\"@id\":\"https:\\\/\\\/radioljubuski.ba\\\/#organization\",\"name\":\"Radio Ljubu\u0161ki\",\"url\":\"https:\\\/\\\/radioljubuski.ba\\\/\",\"logo\":{\"@type\":\"ImageObject\",\"inLanguage\":\"hr\",\"@id\":\"https:\\\/\\\/radioljubuski.ba\\\/#\\\/schema\\\/logo\\\/image\\\/\",\"url\":\"https:\\\/\\\/radioljubuski.ba\\\/wp-content\\\/uploads\\\/2021\\\/02\\\/cropped-Radio_Ljubuski_logo1.jpg\",\"contentUrl\":\"https:\\\/\\\/radioljubuski.ba\\\/wp-content\\\/uploads\\\/2021\\\/02\\\/cropped-Radio_Ljubuski_logo1.jpg\",\"width\":512,\"height\":512,\"caption\":\"Radio Ljubu\u0161ki\"},\"image\":{\"@id\":\"https:\\\/\\\/radioljubuski.ba\\\/#\\\/schema\\\/logo\\\/image\\\/\"},\"sameAs\":[\"https:\\\/\\\/www.facebook.com\\\/Radiio-Ljubuski-1490835324566332\",\"https:\\\/\\\/x.com\\\/radioljubuski\",\"https:\\\/\\\/hr.linkedin.com\\\/company\\\/radio-ljubuski\",\"https:\\\/\\\/www.youtube.com\\\/channel\\\/UCHYaeO_n0Db3tjNGudGpXyw\"]},{\"@type\":\"Person\",\"@id\":\"https:\\\/\\\/radioljubuski.ba\\\/#\\\/schema\\\/person\\\/19fc700381a780f69665d7956c469e3b\",\"name\":\"Radio Ljubu\u0161ki\"}]}<\/script>\n<!-- \/ Yoast SEO plugin. -->","yoast_head_json":{"title":"\u010cakovec: Lije\u010dnici spasili bebu od 5 mjeseci: Umirala je pred nama od upale plu\u0107a - RADIO LJUBU\u0160KI","robots":{"index":"index","follow":"follow","max-snippet":"max-snippet:-1","max-image-preview":"max-image-preview:large","max-video-preview":"max-video-preview:-1"},"canonical":"https:\/\/radioljubuski.ba\/index.php\/2021\/11\/04\/cakovec-lijecnici-spasili-bebu-od-5-mjeseci-umirala-je-pred-nama-od-upale-pluca\/","og_locale":"hr_HR","og_type":"article","og_title":"\u010cakovec: Lije\u010dnici spasili bebu od 5 mjeseci: Umirala je pred nama od upale plu\u0107a - RADIO LJUBU\u0160KI","og_description":"Ravnatelj \u017dupanijske bolnice \u010cakovec Igor \u0160egovi\u0107 rekao je danas u razgovoru s novinarkom&nbsp;N1 Televizije&nbsp;kako su lije\u010dnici u toj bolnici u subotu o\u017eivljavali bebu s te\u0161kom upalom plu\u0107a i pozitivnu na covid. &#8220;Sve je vi\u0161e djece koja boluju od covida, u vrti\u0107ima, u \u0161kolama, jako nas \u017ealosti \u0161to ta djeca imaju sve te\u017eu klini\u010dku sliku&#8221;, ka\u017ee [&hellip;]","og_url":"https:\/\/radioljubuski.ba\/index.php\/2021\/11\/04\/cakovec-lijecnici-spasili-bebu-od-5-mjeseci-umirala-je-pred-nama-od-upale-pluca\/","og_site_name":"RADIO LJUBU\u0160KI","article_publisher":"https:\/\/www.facebook.com\/Radiio-Ljubuski-1490835324566332","article_published_time":"2021-11-04T19:45:42+00:00","article_modified_time":"2021-11-04T19:45:44+00:00","og_image":[{"width":1000,"height":625,"url":"https:\/\/radioljubuski.ba\/wp-content\/uploads\/2021\/11\/8-2021-10-11-17-20-29-BOLNICA-HODNIK.jpg","type":"image\/jpeg"}],"author":"Radio Ljubu\u0161ki","twitter_card":"summary_large_image","twitter_creator":"@radioljubuski","twitter_site":"@radioljubuski","twitter_misc":{"Napisao\/la":"Radio Ljubu\u0161ki","Procijenjeno vrijeme \u010ditanja":"2 minute"},"schema":{"@context":"https:\/\/schema.org","@graph":[{"@type":"Article","@id":"https:\/\/radioljubuski.ba\/index.php\/2021\/11\/04\/cakovec-lijecnici-spasili-bebu-od-5-mjeseci-umirala-je-pred-nama-od-upale-pluca\/#article","isPartOf":{"@id":"https:\/\/radioljubuski.ba\/index.php\/2021\/11\/04\/cakovec-lijecnici-spasili-bebu-od-5-mjeseci-umirala-je-pred-nama-od-upale-pluca\/"},"author":{"name":"Radio Ljubu\u0161ki","@id":"https:\/\/radioljubuski.ba\/#\/schema\/person\/19fc700381a780f69665d7956c469e3b"},"headline":"\u010cakovec: Lije\u010dnici spasili bebu od 5 mjeseci: Umirala je pred nama od upale plu\u0107a","datePublished":"2021-11-04T19:45:42+00:00","dateModified":"2021-11-04T19:45:44+00:00","mainEntityOfPage":{"@id":"https:\/\/radioljubuski.ba\/index.php\/2021\/11\/04\/cakovec-lijecnici-spasili-bebu-od-5-mjeseci-umirala-je-pred-nama-od-upale-pluca\/"},"wordCount":332,"publisher":{"@id":"https:\/\/radioljubuski.ba\/#organization"},"image":{"@id":"https:\/\/radioljubuski.ba\/index.php\/2021\/11\/04\/cakovec-lijecnici-spasili-bebu-od-5-mjeseci-umirala-je-pred-nama-od-upale-pluca\/#primaryimage"},"thumbnailUrl":"https:\/\/radioljubuski.ba\/wp-content\/uploads\/2021\/11\/8-2021-10-11-17-20-29-BOLNICA-HODNIK.jpg","articleSection":["BIH i regija"],"inLanguage":"hr"},{"@type":"WebPage","@id":"https:\/\/radioljubuski.ba\/index.php\/2021\/11\/04\/cakovec-lijecnici-spasili-bebu-od-5-mjeseci-umirala-je-pred-nama-od-upale-pluca\/","url":"https:\/\/radioljubuski.ba\/index.php\/2021\/11\/04\/cakovec-lijecnici-spasili-bebu-od-5-mjeseci-umirala-je-pred-nama-od-upale-pluca\/","name":"\u010cakovec: Lije\u010dnici spasili bebu od 5 mjeseci: Umirala je pred nama od upale plu\u0107a - RADIO LJUBU\u0160KI","isPartOf":{"@id":"https:\/\/radioljubuski.ba\/#website"},"primaryImageOfPage":{"@id":"https:\/\/radioljubuski.ba\/index.php\/2021\/11\/04\/cakovec-lijecnici-spasili-bebu-od-5-mjeseci-umirala-je-pred-nama-od-upale-pluca\/#primaryimage"},"image":{"@id":"https:\/\/radioljubuski.ba\/index.php\/2021\/11\/04\/cakovec-lijecnici-spasili-bebu-od-5-mjeseci-umirala-je-pred-nama-od-upale-pluca\/#primaryimage"},"thumbnailUrl":"https:\/\/radioljubuski.ba\/wp-content\/uploads\/2021\/11\/8-2021-10-11-17-20-29-BOLNICA-HODNIK.jpg","datePublished":"2021-11-04T19:45:42+00:00","dateModified":"2021-11-04T19:45:44+00:00","breadcrumb":{"@id":"https:\/\/radioljubuski.ba\/index.php\/2021\/11\/04\/cakovec-lijecnici-spasili-bebu-od-5-mjeseci-umirala-je-pred-nama-od-upale-pluca\/#breadcrumb"},"inLanguage":"hr","potentialAction":[{"@type":"ReadAction","target":["https:\/\/radioljubuski.ba\/index.php\/2021\/11\/04\/cakovec-lijecnici-spasili-bebu-od-5-mjeseci-umirala-je-pred-nama-od-upale-pluca\/"]}]},{"@type":"ImageObject","inLanguage":"hr","@id":"https:\/\/radioljubuski.ba\/index.php\/2021\/11\/04\/cakovec-lijecnici-spasili-bebu-od-5-mjeseci-umirala-je-pred-nama-od-upale-pluca\/#primaryimage","url":"https:\/\/radioljubuski.ba\/wp-content\/uploads\/2021\/11\/8-2021-10-11-17-20-29-BOLNICA-HODNIK.jpg","contentUrl":"https:\/\/radioljubuski.ba\/wp-content\/uploads\/2021\/11\/8-2021-10-11-17-20-29-BOLNICA-HODNIK.jpg","width":1000,"height":625},{"@type":"BreadcrumbList","@id":"https:\/\/radioljubuski.ba\/index.php\/2021\/11\/04\/cakovec-lijecnici-spasili-bebu-od-5-mjeseci-umirala-je-pred-nama-od-upale-pluca\/#breadcrumb","itemListElement":[{"@type":"ListItem","position":1,"name":"Po\u010detna stranica","item":"https:\/\/radioljubuski.ba\/"},{"@type":"ListItem","position":2,"name":"\u010cakovec: Lije\u010dnici spasili bebu od 5 mjeseci: Umirala je pred nama od upale plu\u0107a"}]},{"@type":"WebSite","@id":"https:\/\/radioljubuski.ba\/#website","url":"https:\/\/radioljubuski.ba\/","name":"Radio Ljubu\u0161ki","description":"Sun\u010dana frekvencija Hercegovine","publisher":{"@id":"https:\/\/radioljubuski.ba\/#organization"},"potentialAction":[{"@type":"SearchAction","target":{"@type":"EntryPoint","urlTemplate":"https:\/\/radioljubuski.ba\/?s={search_term_string}"},"query-input":{"@type":"PropertyValueSpecification","valueRequired":true,"valueName":"search_term_string"}}],"inLanguage":"hr"},{"@type":"Organization","@id":"https:\/\/radioljubuski.ba\/#organization","name":"Radio Ljubu\u0161ki","url":"https:\/\/radioljubuski.ba\/","logo":{"@type":"ImageObject","inLanguage":"hr","@id":"https:\/\/radioljubuski.ba\/#\/schema\/logo\/image\/","url":"https:\/\/radioljubuski.ba\/wp-content\/uploads\/2021\/02\/cropped-Radio_Ljubuski_logo1.jpg","contentUrl":"https:\/\/radioljubuski.ba\/wp-content\/uploads\/2021\/02\/cropped-Radio_Ljubuski_logo1.jpg","width":512,"height":512,"caption":"Radio Ljubu\u0161ki"},"image":{"@id":"https:\/\/radioljubuski.ba\/#\/schema\/logo\/image\/"},"sameAs":["https:\/\/www.facebook.com\/Radiio-Ljubuski-1490835324566332","https:\/\/x.com\/radioljubuski","https:\/\/hr.linkedin.com\/company\/radio-ljubuski","https:\/\/www.youtube.com\/channel\/UCHYaeO_n0Db3tjNGudGpXyw"]},{"@type":"Person","@id":"https:\/\/radioljubuski.ba\/#\/schema\/person\/19fc700381a780f69665d7956c469e3b","name":"Radio Ljubu\u0161ki"}]}},"_links":{"self":[{"href":"https:\/\/radioljubuski.ba\/index.php\/wp-json\/wp\/v2\/posts\/85087","targetHints":{"allow":["GET"]}}],"collection":[{"href":"https:\/\/radioljubuski.ba\/index.php\/wp-json\/wp\/v2\/posts"}],"about":[{"href":"https:\/\/radioljubuski.ba\/index.php\/wp-json\/wp\/v2\/types\/post"}],"author":[{"embeddable":true,"href":"https:\/\/radioljubuski.ba\/index.php\/wp-json\/wp\/v2\/users\/2"}],"replies":[{"embeddable":true,"href":"https:\/\/radioljubuski.ba\/index.php\/wp-json\/wp\/v2\/comments?post=85087"}],"version-history":[{"count":1,"href":"https:\/\/radioljubuski.ba\/index.php\/wp-json\/wp\/v2\/posts\/85087\/revisions"}],"predecessor-version":[{"id":85089,"href":"https:\/\/radioljubuski.ba\/index.php\/wp-json\/wp\/v2\/posts\/85087\/revisions\/85089"}],"wp:featuredmedia":[{"embeddable":true,"href":"https:\/\/radioljubuski.ba\/index.php\/wp-json\/wp\/v2\/media\/85088"}],"wp:attachment":[{"href":"https:\/\/radioljubuski.ba\/index.php\/wp-json\/wp\/v2\/media?parent=85087"}],"wp:term":[{"taxonomy":"category","embeddable":true,"href":"https:\/\/radioljubuski.ba\/index.php\/wp-json\/wp\/v2\/categories?post=85087"},{"taxonomy":"post_tag","embeddable":true,"href":"https:\/\/radioljubuski.ba\/index.php\/wp-json\/wp\/v2\/tags?post=85087"}],"curies":[{"name":"wp","href":"https:\/\/api.w.org\/{rel}","templated":true}]}}