{"id":85105,"date":"2021-11-04T21:19:53","date_gmt":"2021-11-04T20:19:53","guid":{"rendered":"https:\/\/radioljubuski.ba\/?p=85105"},"modified":"2021-11-04T21:19:54","modified_gmt":"2021-11-04T20:19:54","slug":"dikic-ovaj-val-ce-trajati-puno-duze-i-vjerojatno-ce-se-spojiti-s-petim-na-zimu","status":"publish","type":"post","link":"https:\/\/radioljubuski.ba\/index.php\/2021\/11\/04\/dikic-ovaj-val-ce-trajati-puno-duze-i-vjerojatno-ce-se-spojiti-s-petim-na-zimu\/","title":{"rendered":"\u0110iki\u0107: Ovaj val \u0107e trajati puno du\u017ee i vjerojatno \u0107e se spojiti s petim na zimu"},"content":{"rendered":"\n<p>Hrvatska danas bilje\u017ei najve\u0107i broj novozara\u017eenih koronavirusom od po\u010detka pandemije. U posljednja 24 sata &#8211; \u010dak je 6.310 novih slu\u010dajeva, a udio pozitivnih u testiranima iznosi gotovo 44 posto. O nadolaze\u0107em 5. valu, opasnijoj delta varijanti, cijepljenju trudnica i djece te \u0161to se jo\u0161 treba u\u010diniti da se epidemija obuzda za portal&nbsp;<a href=\"https:\/\/vijesti.hrt.hr\/hrvatska\/dikic-za-portal-hrt-a-ovaj-val-ce-trajati-puno-duze-i-vjerojatno-ce-se-spojiti-i-s-petim-valom-na-zimu-3370972\">HRT-a<\/a>&nbsp;govori prof. dr. sc. Ivan \u0110iki\u0107, molekularni biolog sa Sveu\u010dili\u0161ta Goethe.<\/p>\n\n\n\n<p>&#8211; O\u010digledno je da dosada\u0161nje odluke Sto\u017eera nisu bile dostatne i da su izgubili kontrolu nad virusom. \u010cudi me da Sto\u017eer i Vlada nisu nau\u010dili ni\u0161ta od pro\u0161le godine. Imamo 60% opasniju delta varijantu virusa od pro\u0161logodi\u0161nje varijante, a pona\u0161amo se kao da smo ve\u0107 odavno pobijedili virus u Hrvatskoj, smatra prof. Ivan \u0110iki\u0107.&nbsp;<\/p>\n\n\n\n<p>Je li nam namjera pu\u0161tanje ovakvog \u0161irenja virusa u populaciji?<\/p>\n\n\n\n<p>&#8211; Vlada mo\u017ee donijeti bilo kakvu odluku, ali treba biti iskrena prema gra\u0111anima i re\u0107i \u0161to je glavni cilj Vlade: o\u010duvanje zdravlja i gospodarstva ili pu\u0161tanje virusa u \u0161irenju u populaciji. To ima svoje posljedice kojima danas svjedo\u010dimo, dodaje prof. \u0110iki\u0107. Posebno zabrinjava, upozorava &#8211; &#8220;stanje rizi\u010dnih populacija koje jo\u0161 nisu dovoljno za\u0161ti\u0107ene cijepljenjem. Na\u017ealost, ovaj val \u0107e sada trajati puno du\u017ee i vjerojatno \u0107e se spojiti i na peti val koji o\u010dekujemo tijekom zime&#8221;.<\/p>\n\n\n\n<p>Pove\u0107ati broj cijepljenih, bez okupljanja u zatvorenom, COVID potvrde<\/p>\n\n\n\n<p>Da bi se stanje popravilo prof. \u0110iki\u0107 smatra da bi trebalo \u0161to br\u017ee pove\u0107avati broj cijepljenih, sprije\u010diti okupljanja u zatvorenim prostorijama, pridr\u017eavati se odr\u017eavanja distance i no\u0161enja maski. Tako\u0111er, trebalo bi uvesti \u0161ire kori\u0161tenje COVID potvrdi, poticati rad od ku\u0107e, dati podr\u0161ku zdravstvenim radnicima te iskreno komunicirati prema gra\u0111anima, dodaje.<\/p>\n\n\n\n<p>&#8211; Povjerenje gra\u0111ana se mo\u017ee dobiti jedino ukoliko Vlada, a posebno premijer Andrej Plenkovi\u0107 poka\u017ee malo vi\u0161e samo kritike i suosje\u0107ajnosti &#8211; da se po\u010dne odgovornije pona\u0161ati prema ovoj bolesti, naglasio je \u0110iki\u0107.<\/p>\n\n\n\n<p>Cijepiti sve generacije svim odobrenim cjepivima<\/p>\n\n\n\n<p>Sve je vi\u0161e mladih s te\u0161kom klini\u010dkom slikom. Na pitanje &#8216;Treba li cijepiti djecu od 5 do 11 godine? odgovara: Mislim da je izrazito va\u017eno cijepiti sve generacije s cjepivima koja su odobrena.<\/p>\n\n\n\n<p>&#8211; Za djecu od 5-11 godina su nedavno odobrena cjepiva i stoga je preporu\u010deno za\u0161tititi i djecu. Nemojmo nikada zaboraviti da su rizici ove bolesti jako veliki posebno post-COVID ili kroni\u010dne COVID bolesti koje zahva\u0107aju i djecu, posebno \u017eiv\u010dani sustav. Podaci o preko 10 milijuna cijepljene djece od 11-15 godina pokazuju da je za\u0161tita djece zna\u010dajna kao i njihovih obitelji, a ne\u017eeljene posljedice su izrazito male, poru\u010duje prof. \u0110iki\u0107.<\/p>\n\n\n\n<p>I djeca i trudnice se trebaju cijepiti&nbsp;<\/p>\n\n\n\n<p>&#8211; Prema preporukama i podacima koje imamo do sada, trudno\u0107a nije kontraindikacija cijepljenju. Sve ove zbunjuju\u0107e poruke koje smo nedavno \u010duli od \u010dlanice Sto\u017eera zbunjuju javnost i nisu utemeljene na to\u010dnim znanstvenim podacima. Sli\u010dne zbunjuju\u0107e poruke smo slu\u0161ali o tome tko i kada treba dobiti dodatnu dozu &#8216;booster&#8217; dozu cjepiva, smatra Ivan \u0110iki\u0107.<\/p>\n\n\n\n<p>Izvor:hrt.hr<\/p>\n","protected":false},"excerpt":{"rendered":"<p>Hrvatska danas bilje\u017ei najve\u0107i broj novozara\u017eenih koronavirusom od po\u010detka pandemije. U posljednja 24 sata &#8211; \u010dak je 6.310 novih slu\u010dajeva, a udio pozitivnih u testiranima iznosi gotovo 44 posto. O nadolaze\u0107em 5. valu, opasnijoj delta varijanti, cijepljenju trudnica i djece te \u0161to se jo\u0161 treba u\u010diniti da se epidemija obuzda za portal&nbsp;HRT-a&nbsp;govori prof. dr. sc. [&hellip;]<\/p>\n","protected":false},"author":2,"featured_media":42108,"comment_status":"closed","ping_status":"closed","sticky":false,"template":"","format":"standard","meta":{"h5ap_radio_sources":[],"footnotes":""},"categories":[1],"tags":[],"class_list":["post-85105","post","type-post","status-publish","format-standard","has-post-thumbnail","hentry","category-bihiregija"],"yoast_head":"<!-- This site is optimized with the Yoast SEO plugin v27.5 - https:\/\/yoast.com\/product\/yoast-seo-wordpress\/ -->\n<title>\u0110iki\u0107: Ovaj val \u0107e trajati puno du\u017ee i vjerojatno \u0107e se spojiti s petim na zimu - RADIO LJUBU\u0160KI<\/title>\n<meta name=\"robots\" content=\"index, follow, max-snippet:-1, max-image-preview:large, max-video-preview:-1\" \/>\n<link rel=\"canonical\" href=\"https:\/\/radioljubuski.ba\/index.php\/2021\/11\/04\/dikic-ovaj-val-ce-trajati-puno-duze-i-vjerojatno-ce-se-spojiti-s-petim-na-zimu\/\" \/>\n<meta property=\"og:locale\" content=\"hr_HR\" \/>\n<meta property=\"og:type\" content=\"article\" \/>\n<meta property=\"og:title\" content=\"\u0110iki\u0107: Ovaj val \u0107e trajati puno du\u017ee i vjerojatno \u0107e se spojiti s petim na zimu - RADIO LJUBU\u0160KI\" \/>\n<meta property=\"og:description\" content=\"Hrvatska danas bilje\u017ei najve\u0107i broj novozara\u017eenih koronavirusom od po\u010detka pandemije. U posljednja 24 sata &#8211; \u010dak je 6.310 novih slu\u010dajeva, a udio pozitivnih u testiranima iznosi gotovo 44 posto. O nadolaze\u0107em 5. valu, opasnijoj delta varijanti, cijepljenju trudnica i djece te \u0161to se jo\u0161 treba u\u010diniti da se epidemija obuzda za portal&nbsp;HRT-a&nbsp;govori prof. dr. sc. [&hellip;]\" \/>\n<meta property=\"og:url\" content=\"https:\/\/radioljubuski.ba\/index.php\/2021\/11\/04\/dikic-ovaj-val-ce-trajati-puno-duze-i-vjerojatno-ce-se-spojiti-s-petim-na-zimu\/\" \/>\n<meta property=\"og:site_name\" content=\"RADIO LJUBU\u0160KI\" \/>\n<meta property=\"article:publisher\" content=\"https:\/\/www.facebook.com\/Radiio-Ljubuski-1490835324566332\" \/>\n<meta property=\"article:published_time\" content=\"2021-11-04T20:19:53+00:00\" \/>\n<meta property=\"article:modified_time\" content=\"2021-11-04T20:19:54+00:00\" \/>\n<meta property=\"og:image\" content=\"https:\/\/radioljubuski.ba\/wp-content\/uploads\/2021\/07\/2Vi654bx_djikic_ivan8_130219.jpg\" \/>\n\t<meta property=\"og:image:width\" content=\"1000\" \/>\n\t<meta property=\"og:image:height\" content=\"625\" \/>\n\t<meta property=\"og:image:type\" content=\"image\/jpeg\" \/>\n<meta name=\"author\" content=\"Radio Ljubu\u0161ki\" \/>\n<meta name=\"twitter:card\" content=\"summary_large_image\" \/>\n<meta name=\"twitter:creator\" content=\"@radioljubuski\" \/>\n<meta name=\"twitter:site\" content=\"@radioljubuski\" \/>\n<meta name=\"twitter:label1\" content=\"Napisao\/la\" \/>\n\t<meta name=\"twitter:data1\" content=\"Radio Ljubu\u0161ki\" \/>\n\t<meta name=\"twitter:label2\" content=\"Procijenjeno vrijeme \u010ditanja\" \/>\n\t<meta name=\"twitter:data2\" content=\"2 minute\" \/>\n<script type=\"application\/ld+json\" class=\"yoast-schema-graph\">{\"@context\":\"https:\\\/\\\/schema.org\",\"@graph\":[{\"@type\":\"Article\",\"@id\":\"https:\\\/\\\/radioljubuski.ba\\\/index.php\\\/2021\\\/11\\\/04\\\/dikic-ovaj-val-ce-trajati-puno-duze-i-vjerojatno-ce-se-spojiti-s-petim-na-zimu\\\/#article\",\"isPartOf\":{\"@id\":\"https:\\\/\\\/radioljubuski.ba\\\/index.php\\\/2021\\\/11\\\/04\\\/dikic-ovaj-val-ce-trajati-puno-duze-i-vjerojatno-ce-se-spojiti-s-petim-na-zimu\\\/\"},\"author\":{\"name\":\"Radio Ljubu\u0161ki\",\"@id\":\"https:\\\/\\\/radioljubuski.ba\\\/#\\\/schema\\\/person\\\/19fc700381a780f69665d7956c469e3b\"},\"headline\":\"\u0110iki\u0107: Ovaj val \u0107e trajati puno du\u017ee i vjerojatno \u0107e se spojiti s petim na zimu\",\"datePublished\":\"2021-11-04T20:19:53+00:00\",\"dateModified\":\"2021-11-04T20:19:54+00:00\",\"mainEntityOfPage\":{\"@id\":\"https:\\\/\\\/radioljubuski.ba\\\/index.php\\\/2021\\\/11\\\/04\\\/dikic-ovaj-val-ce-trajati-puno-duze-i-vjerojatno-ce-se-spojiti-s-petim-na-zimu\\\/\"},\"wordCount\":550,\"publisher\":{\"@id\":\"https:\\\/\\\/radioljubuski.ba\\\/#organization\"},\"image\":{\"@id\":\"https:\\\/\\\/radioljubuski.ba\\\/index.php\\\/2021\\\/11\\\/04\\\/dikic-ovaj-val-ce-trajati-puno-duze-i-vjerojatno-ce-se-spojiti-s-petim-na-zimu\\\/#primaryimage\"},\"thumbnailUrl\":\"https:\\\/\\\/radioljubuski.ba\\\/wp-content\\\/uploads\\\/2021\\\/07\\\/2Vi654bx_djikic_ivan8_130219.jpg\",\"articleSection\":[\"BIH i regija\"],\"inLanguage\":\"hr\"},{\"@type\":\"WebPage\",\"@id\":\"https:\\\/\\\/radioljubuski.ba\\\/index.php\\\/2021\\\/11\\\/04\\\/dikic-ovaj-val-ce-trajati-puno-duze-i-vjerojatno-ce-se-spojiti-s-petim-na-zimu\\\/\",\"url\":\"https:\\\/\\\/radioljubuski.ba\\\/index.php\\\/2021\\\/11\\\/04\\\/dikic-ovaj-val-ce-trajati-puno-duze-i-vjerojatno-ce-se-spojiti-s-petim-na-zimu\\\/\",\"name\":\"\u0110iki\u0107: Ovaj val \u0107e trajati puno du\u017ee i vjerojatno \u0107e se spojiti s petim na zimu - RADIO LJUBU\u0160KI\",\"isPartOf\":{\"@id\":\"https:\\\/\\\/radioljubuski.ba\\\/#website\"},\"primaryImageOfPage\":{\"@id\":\"https:\\\/\\\/radioljubuski.ba\\\/index.php\\\/2021\\\/11\\\/04\\\/dikic-ovaj-val-ce-trajati-puno-duze-i-vjerojatno-ce-se-spojiti-s-petim-na-zimu\\\/#primaryimage\"},\"image\":{\"@id\":\"https:\\\/\\\/radioljubuski.ba\\\/index.php\\\/2021\\\/11\\\/04\\\/dikic-ovaj-val-ce-trajati-puno-duze-i-vjerojatno-ce-se-spojiti-s-petim-na-zimu\\\/#primaryimage\"},\"thumbnailUrl\":\"https:\\\/\\\/radioljubuski.ba\\\/wp-content\\\/uploads\\\/2021\\\/07\\\/2Vi654bx_djikic_ivan8_130219.jpg\",\"datePublished\":\"2021-11-04T20:19:53+00:00\",\"dateModified\":\"2021-11-04T20:19:54+00:00\",\"breadcrumb\":{\"@id\":\"https:\\\/\\\/radioljubuski.ba\\\/index.php\\\/2021\\\/11\\\/04\\\/dikic-ovaj-val-ce-trajati-puno-duze-i-vjerojatno-ce-se-spojiti-s-petim-na-zimu\\\/#breadcrumb\"},\"inLanguage\":\"hr\",\"potentialAction\":[{\"@type\":\"ReadAction\",\"target\":[\"https:\\\/\\\/radioljubuski.ba\\\/index.php\\\/2021\\\/11\\\/04\\\/dikic-ovaj-val-ce-trajati-puno-duze-i-vjerojatno-ce-se-spojiti-s-petim-na-zimu\\\/\"]}]},{\"@type\":\"ImageObject\",\"inLanguage\":\"hr\",\"@id\":\"https:\\\/\\\/radioljubuski.ba\\\/index.php\\\/2021\\\/11\\\/04\\\/dikic-ovaj-val-ce-trajati-puno-duze-i-vjerojatno-ce-se-spojiti-s-petim-na-zimu\\\/#primaryimage\",\"url\":\"https:\\\/\\\/radioljubuski.ba\\\/wp-content\\\/uploads\\\/2021\\\/07\\\/2Vi654bx_djikic_ivan8_130219.jpg\",\"contentUrl\":\"https:\\\/\\\/radioljubuski.ba\\\/wp-content\\\/uploads\\\/2021\\\/07\\\/2Vi654bx_djikic_ivan8_130219.jpg\",\"width\":1000,\"height\":625},{\"@type\":\"BreadcrumbList\",\"@id\":\"https:\\\/\\\/radioljubuski.ba\\\/index.php\\\/2021\\\/11\\\/04\\\/dikic-ovaj-val-ce-trajati-puno-duze-i-vjerojatno-ce-se-spojiti-s-petim-na-zimu\\\/#breadcrumb\",\"itemListElement\":[{\"@type\":\"ListItem\",\"position\":1,\"name\":\"Po\u010detna stranica\",\"item\":\"https:\\\/\\\/radioljubuski.ba\\\/\"},{\"@type\":\"ListItem\",\"position\":2,\"name\":\"\u0110iki\u0107: Ovaj val \u0107e trajati puno du\u017ee i vjerojatno \u0107e se spojiti s petim na zimu\"}]},{\"@type\":\"WebSite\",\"@id\":\"https:\\\/\\\/radioljubuski.ba\\\/#website\",\"url\":\"https:\\\/\\\/radioljubuski.ba\\\/\",\"name\":\"Radio Ljubu\u0161ki\",\"description\":\"Sun\u010dana frekvencija Hercegovine\",\"publisher\":{\"@id\":\"https:\\\/\\\/radioljubuski.ba\\\/#organization\"},\"potentialAction\":[{\"@type\":\"SearchAction\",\"target\":{\"@type\":\"EntryPoint\",\"urlTemplate\":\"https:\\\/\\\/radioljubuski.ba\\\/?s={search_term_string}\"},\"query-input\":{\"@type\":\"PropertyValueSpecification\",\"valueRequired\":true,\"valueName\":\"search_term_string\"}}],\"inLanguage\":\"hr\"},{\"@type\":\"Organization\",\"@id\":\"https:\\\/\\\/radioljubuski.ba\\\/#organization\",\"name\":\"Radio Ljubu\u0161ki\",\"url\":\"https:\\\/\\\/radioljubuski.ba\\\/\",\"logo\":{\"@type\":\"ImageObject\",\"inLanguage\":\"hr\",\"@id\":\"https:\\\/\\\/radioljubuski.ba\\\/#\\\/schema\\\/logo\\\/image\\\/\",\"url\":\"https:\\\/\\\/radioljubuski.ba\\\/wp-content\\\/uploads\\\/2021\\\/02\\\/cropped-Radio_Ljubuski_logo1.jpg\",\"contentUrl\":\"https:\\\/\\\/radioljubuski.ba\\\/wp-content\\\/uploads\\\/2021\\\/02\\\/cropped-Radio_Ljubuski_logo1.jpg\",\"width\":512,\"height\":512,\"caption\":\"Radio Ljubu\u0161ki\"},\"image\":{\"@id\":\"https:\\\/\\\/radioljubuski.ba\\\/#\\\/schema\\\/logo\\\/image\\\/\"},\"sameAs\":[\"https:\\\/\\\/www.facebook.com\\\/Radiio-Ljubuski-1490835324566332\",\"https:\\\/\\\/x.com\\\/radioljubuski\",\"https:\\\/\\\/hr.linkedin.com\\\/company\\\/radio-ljubuski\",\"https:\\\/\\\/www.youtube.com\\\/channel\\\/UCHYaeO_n0Db3tjNGudGpXyw\"]},{\"@type\":\"Person\",\"@id\":\"https:\\\/\\\/radioljubuski.ba\\\/#\\\/schema\\\/person\\\/19fc700381a780f69665d7956c469e3b\",\"name\":\"Radio Ljubu\u0161ki\"}]}<\/script>\n<!-- \/ Yoast SEO plugin. -->","yoast_head_json":{"title":"\u0110iki\u0107: Ovaj val \u0107e trajati puno du\u017ee i vjerojatno \u0107e se spojiti s petim na zimu - RADIO LJUBU\u0160KI","robots":{"index":"index","follow":"follow","max-snippet":"max-snippet:-1","max-image-preview":"max-image-preview:large","max-video-preview":"max-video-preview:-1"},"canonical":"https:\/\/radioljubuski.ba\/index.php\/2021\/11\/04\/dikic-ovaj-val-ce-trajati-puno-duze-i-vjerojatno-ce-se-spojiti-s-petim-na-zimu\/","og_locale":"hr_HR","og_type":"article","og_title":"\u0110iki\u0107: Ovaj val \u0107e trajati puno du\u017ee i vjerojatno \u0107e se spojiti s petim na zimu - RADIO LJUBU\u0160KI","og_description":"Hrvatska danas bilje\u017ei najve\u0107i broj novozara\u017eenih koronavirusom od po\u010detka pandemije. U posljednja 24 sata &#8211; \u010dak je 6.310 novih slu\u010dajeva, a udio pozitivnih u testiranima iznosi gotovo 44 posto. O nadolaze\u0107em 5. valu, opasnijoj delta varijanti, cijepljenju trudnica i djece te \u0161to se jo\u0161 treba u\u010diniti da se epidemija obuzda za portal&nbsp;HRT-a&nbsp;govori prof. dr. sc. [&hellip;]","og_url":"https:\/\/radioljubuski.ba\/index.php\/2021\/11\/04\/dikic-ovaj-val-ce-trajati-puno-duze-i-vjerojatno-ce-se-spojiti-s-petim-na-zimu\/","og_site_name":"RADIO LJUBU\u0160KI","article_publisher":"https:\/\/www.facebook.com\/Radiio-Ljubuski-1490835324566332","article_published_time":"2021-11-04T20:19:53+00:00","article_modified_time":"2021-11-04T20:19:54+00:00","og_image":[{"width":1000,"height":625,"url":"https:\/\/radioljubuski.ba\/wp-content\/uploads\/2021\/07\/2Vi654bx_djikic_ivan8_130219.jpg","type":"image\/jpeg"}],"author":"Radio Ljubu\u0161ki","twitter_card":"summary_large_image","twitter_creator":"@radioljubuski","twitter_site":"@radioljubuski","twitter_misc":{"Napisao\/la":"Radio Ljubu\u0161ki","Procijenjeno vrijeme \u010ditanja":"2 minute"},"schema":{"@context":"https:\/\/schema.org","@graph":[{"@type":"Article","@id":"https:\/\/radioljubuski.ba\/index.php\/2021\/11\/04\/dikic-ovaj-val-ce-trajati-puno-duze-i-vjerojatno-ce-se-spojiti-s-petim-na-zimu\/#article","isPartOf":{"@id":"https:\/\/radioljubuski.ba\/index.php\/2021\/11\/04\/dikic-ovaj-val-ce-trajati-puno-duze-i-vjerojatno-ce-se-spojiti-s-petim-na-zimu\/"},"author":{"name":"Radio Ljubu\u0161ki","@id":"https:\/\/radioljubuski.ba\/#\/schema\/person\/19fc700381a780f69665d7956c469e3b"},"headline":"\u0110iki\u0107: Ovaj val \u0107e trajati puno du\u017ee i vjerojatno \u0107e se spojiti s petim na zimu","datePublished":"2021-11-04T20:19:53+00:00","dateModified":"2021-11-04T20:19:54+00:00","mainEntityOfPage":{"@id":"https:\/\/radioljubuski.ba\/index.php\/2021\/11\/04\/dikic-ovaj-val-ce-trajati-puno-duze-i-vjerojatno-ce-se-spojiti-s-petim-na-zimu\/"},"wordCount":550,"publisher":{"@id":"https:\/\/radioljubuski.ba\/#organization"},"image":{"@id":"https:\/\/radioljubuski.ba\/index.php\/2021\/11\/04\/dikic-ovaj-val-ce-trajati-puno-duze-i-vjerojatno-ce-se-spojiti-s-petim-na-zimu\/#primaryimage"},"thumbnailUrl":"https:\/\/radioljubuski.ba\/wp-content\/uploads\/2021\/07\/2Vi654bx_djikic_ivan8_130219.jpg","articleSection":["BIH i regija"],"inLanguage":"hr"},{"@type":"WebPage","@id":"https:\/\/radioljubuski.ba\/index.php\/2021\/11\/04\/dikic-ovaj-val-ce-trajati-puno-duze-i-vjerojatno-ce-se-spojiti-s-petim-na-zimu\/","url":"https:\/\/radioljubuski.ba\/index.php\/2021\/11\/04\/dikic-ovaj-val-ce-trajati-puno-duze-i-vjerojatno-ce-se-spojiti-s-petim-na-zimu\/","name":"\u0110iki\u0107: Ovaj val \u0107e trajati puno du\u017ee i vjerojatno \u0107e se spojiti s petim na zimu - RADIO LJUBU\u0160KI","isPartOf":{"@id":"https:\/\/radioljubuski.ba\/#website"},"primaryImageOfPage":{"@id":"https:\/\/radioljubuski.ba\/index.php\/2021\/11\/04\/dikic-ovaj-val-ce-trajati-puno-duze-i-vjerojatno-ce-se-spojiti-s-petim-na-zimu\/#primaryimage"},"image":{"@id":"https:\/\/radioljubuski.ba\/index.php\/2021\/11\/04\/dikic-ovaj-val-ce-trajati-puno-duze-i-vjerojatno-ce-se-spojiti-s-petim-na-zimu\/#primaryimage"},"thumbnailUrl":"https:\/\/radioljubuski.ba\/wp-content\/uploads\/2021\/07\/2Vi654bx_djikic_ivan8_130219.jpg","datePublished":"2021-11-04T20:19:53+00:00","dateModified":"2021-11-04T20:19:54+00:00","breadcrumb":{"@id":"https:\/\/radioljubuski.ba\/index.php\/2021\/11\/04\/dikic-ovaj-val-ce-trajati-puno-duze-i-vjerojatno-ce-se-spojiti-s-petim-na-zimu\/#breadcrumb"},"inLanguage":"hr","potentialAction":[{"@type":"ReadAction","target":["https:\/\/radioljubuski.ba\/index.php\/2021\/11\/04\/dikic-ovaj-val-ce-trajati-puno-duze-i-vjerojatno-ce-se-spojiti-s-petim-na-zimu\/"]}]},{"@type":"ImageObject","inLanguage":"hr","@id":"https:\/\/radioljubuski.ba\/index.php\/2021\/11\/04\/dikic-ovaj-val-ce-trajati-puno-duze-i-vjerojatno-ce-se-spojiti-s-petim-na-zimu\/#primaryimage","url":"https:\/\/radioljubuski.ba\/wp-content\/uploads\/2021\/07\/2Vi654bx_djikic_ivan8_130219.jpg","contentUrl":"https:\/\/radioljubuski.ba\/wp-content\/uploads\/2021\/07\/2Vi654bx_djikic_ivan8_130219.jpg","width":1000,"height":625},{"@type":"BreadcrumbList","@id":"https:\/\/radioljubuski.ba\/index.php\/2021\/11\/04\/dikic-ovaj-val-ce-trajati-puno-duze-i-vjerojatno-ce-se-spojiti-s-petim-na-zimu\/#breadcrumb","itemListElement":[{"@type":"ListItem","position":1,"name":"Po\u010detna stranica","item":"https:\/\/radioljubuski.ba\/"},{"@type":"ListItem","position":2,"name":"\u0110iki\u0107: Ovaj val \u0107e trajati puno du\u017ee i vjerojatno \u0107e se spojiti s petim na zimu"}]},{"@type":"WebSite","@id":"https:\/\/radioljubuski.ba\/#website","url":"https:\/\/radioljubuski.ba\/","name":"Radio Ljubu\u0161ki","description":"Sun\u010dana frekvencija Hercegovine","publisher":{"@id":"https:\/\/radioljubuski.ba\/#organization"},"potentialAction":[{"@type":"SearchAction","target":{"@type":"EntryPoint","urlTemplate":"https:\/\/radioljubuski.ba\/?s={search_term_string}"},"query-input":{"@type":"PropertyValueSpecification","valueRequired":true,"valueName":"search_term_string"}}],"inLanguage":"hr"},{"@type":"Organization","@id":"https:\/\/radioljubuski.ba\/#organization","name":"Radio Ljubu\u0161ki","url":"https:\/\/radioljubuski.ba\/","logo":{"@type":"ImageObject","inLanguage":"hr","@id":"https:\/\/radioljubuski.ba\/#\/schema\/logo\/image\/","url":"https:\/\/radioljubuski.ba\/wp-content\/uploads\/2021\/02\/cropped-Radio_Ljubuski_logo1.jpg","contentUrl":"https:\/\/radioljubuski.ba\/wp-content\/uploads\/2021\/02\/cropped-Radio_Ljubuski_logo1.jpg","width":512,"height":512,"caption":"Radio Ljubu\u0161ki"},"image":{"@id":"https:\/\/radioljubuski.ba\/#\/schema\/logo\/image\/"},"sameAs":["https:\/\/www.facebook.com\/Radiio-Ljubuski-1490835324566332","https:\/\/x.com\/radioljubuski","https:\/\/hr.linkedin.com\/company\/radio-ljubuski","https:\/\/www.youtube.com\/channel\/UCHYaeO_n0Db3tjNGudGpXyw"]},{"@type":"Person","@id":"https:\/\/radioljubuski.ba\/#\/schema\/person\/19fc700381a780f69665d7956c469e3b","name":"Radio Ljubu\u0161ki"}]}},"_links":{"self":[{"href":"https:\/\/radioljubuski.ba\/index.php\/wp-json\/wp\/v2\/posts\/85105","targetHints":{"allow":["GET"]}}],"collection":[{"href":"https:\/\/radioljubuski.ba\/index.php\/wp-json\/wp\/v2\/posts"}],"about":[{"href":"https:\/\/radioljubuski.ba\/index.php\/wp-json\/wp\/v2\/types\/post"}],"author":[{"embeddable":true,"href":"https:\/\/radioljubuski.ba\/index.php\/wp-json\/wp\/v2\/users\/2"}],"replies":[{"embeddable":true,"href":"https:\/\/radioljubuski.ba\/index.php\/wp-json\/wp\/v2\/comments?post=85105"}],"version-history":[{"count":1,"href":"https:\/\/radioljubuski.ba\/index.php\/wp-json\/wp\/v2\/posts\/85105\/revisions"}],"predecessor-version":[{"id":85106,"href":"https:\/\/radioljubuski.ba\/index.php\/wp-json\/wp\/v2\/posts\/85105\/revisions\/85106"}],"wp:featuredmedia":[{"embeddable":true,"href":"https:\/\/radioljubuski.ba\/index.php\/wp-json\/wp\/v2\/media\/42108"}],"wp:attachment":[{"href":"https:\/\/radioljubuski.ba\/index.php\/wp-json\/wp\/v2\/media?parent=85105"}],"wp:term":[{"taxonomy":"category","embeddable":true,"href":"https:\/\/radioljubuski.ba\/index.php\/wp-json\/wp\/v2\/categories?post=85105"},{"taxonomy":"post_tag","embeddable":true,"href":"https:\/\/radioljubuski.ba\/index.php\/wp-json\/wp\/v2\/tags?post=85105"}],"curies":[{"name":"wp","href":"https:\/\/api.w.org\/{rel}","templated":true}]}}