{"id":85107,"date":"2021-11-04T21:21:10","date_gmt":"2021-11-04T20:21:10","guid":{"rendered":"https:\/\/radioljubuski.ba\/?p=85107"},"modified":"2021-11-04T21:21:12","modified_gmt":"2021-11-04T20:21:12","slug":"lijepa-prica-u-bugojnu-domar-spasio-ucenicu-od-tragedije","status":"publish","type":"post","link":"https:\/\/radioljubuski.ba\/index.php\/2021\/11\/04\/lijepa-prica-u-bugojnu-domar-spasio-ucenicu-od-tragedije\/","title":{"rendered":"Lijepa pri\u010da u Bugojnu: Domar spasio u\u010denicu od tragedije"},"content":{"rendered":"\n<p>Domar Tre\u0107e osnovne \u0161kole Bugojno, Senad \u010cehaja jutros prilikom dolaska na posao imao je jako potresnu scenu.<\/p>\n\n\n\n<p>Naime, ugledao je dijete u opasnosti na koje se zamalo obru\u0161io lim sa nadstre\u0161ice na ulazu u \u0161kolu koji je vjetar potrgao, pi\u0161e&nbsp;<a href=\"https:\/\/www.bugojno-danas.info\/bugojanac-spasio-ucenicu-od-tragedije\/\" target=\"_blank\" rel=\"noreferrer noopener\">Bugojno.info.<\/a><\/p>\n\n\n\n<p>Lim je klizio i krenuo padati prema djevoj\u010dici, u\u010denici tre\u0107eg razreda.<\/p>\n\n\n\n<p>\u010cehaja je naglo pomjerio djevoj\u010dicu, a lim je pao pored njih. Udario se u glavu prilikom pada.<\/p>\n\n\n\n<p>Samo njegovom brzom reakcijom izbjegnuta je velika tragedija.&nbsp;<\/p>\n\n\n\n<p>Podsjetimo, Federalni hidrometeorolo\u0161ki zavod jo\u0161 ju\u010der je izdao crveno upozorenje zbog obilnih padalina, olujnog vjetra i pojave klizi\u0161ta.<\/p>\n\n\n\n<p>Intenzivne padaline bit \u0107e u Hercegovini, te jugozapadnim i centralnim podru\u010djima, a olujni vjetar u cijeloj BiH.<\/p>\n\n\n\n<p>Na snazi je crveni meteoalarm u pet gradova BiH &#8211; Livno, Sarajevo, Mostar, Trebinje, Fo\u010da.<\/p>\n\n\n\n<p>Izvor:bugojno danas<\/p>\n","protected":false},"excerpt":{"rendered":"<p>Domar Tre\u0107e osnovne \u0161kole Bugojno, Senad \u010cehaja jutros prilikom dolaska na posao imao je jako potresnu scenu. Naime, ugledao je dijete u opasnosti na koje se zamalo obru\u0161io lim sa nadstre\u0161ice na ulazu u \u0161kolu koji je vjetar potrgao, pi\u0161e&nbsp;Bugojno.info. Lim je klizio i krenuo padati prema djevoj\u010dici, u\u010denici tre\u0107eg razreda. \u010cehaja je naglo pomjerio [&hellip;]<\/p>\n","protected":false},"author":2,"featured_media":0,"comment_status":"closed","ping_status":"closed","sticky":false,"template":"","format":"standard","meta":{"h5ap_radio_sources":[],"footnotes":""},"categories":[1],"tags":[],"class_list":["post-85107","post","type-post","status-publish","format-standard","hentry","category-bihiregija"],"yoast_head":"<!-- This site is optimized with the Yoast SEO plugin v27.5 - https:\/\/yoast.com\/product\/yoast-seo-wordpress\/ -->\n<title>Lijepa pri\u010da u Bugojnu: Domar spasio u\u010denicu od tragedije - RADIO LJUBU\u0160KI<\/title>\n<meta name=\"robots\" content=\"index, follow, max-snippet:-1, max-image-preview:large, max-video-preview:-1\" \/>\n<link rel=\"canonical\" href=\"https:\/\/radioljubuski.ba\/index.php\/2021\/11\/04\/lijepa-prica-u-bugojnu-domar-spasio-ucenicu-od-tragedije\/\" \/>\n<meta property=\"og:locale\" content=\"hr_HR\" \/>\n<meta property=\"og:type\" content=\"article\" \/>\n<meta property=\"og:title\" content=\"Lijepa pri\u010da u Bugojnu: Domar spasio u\u010denicu od tragedije - RADIO LJUBU\u0160KI\" \/>\n<meta property=\"og:description\" content=\"Domar Tre\u0107e osnovne \u0161kole Bugojno, Senad \u010cehaja jutros prilikom dolaska na posao imao je jako potresnu scenu. Naime, ugledao je dijete u opasnosti na koje se zamalo obru\u0161io lim sa nadstre\u0161ice na ulazu u \u0161kolu koji je vjetar potrgao, pi\u0161e&nbsp;Bugojno.info. Lim je klizio i krenuo padati prema djevoj\u010dici, u\u010denici tre\u0107eg razreda. \u010cehaja je naglo pomjerio [&hellip;]\" \/>\n<meta property=\"og:url\" content=\"https:\/\/radioljubuski.ba\/index.php\/2021\/11\/04\/lijepa-prica-u-bugojnu-domar-spasio-ucenicu-od-tragedije\/\" \/>\n<meta property=\"og:site_name\" content=\"RADIO LJUBU\u0160KI\" \/>\n<meta property=\"article:publisher\" content=\"https:\/\/www.facebook.com\/Radiio-Ljubuski-1490835324566332\" \/>\n<meta property=\"article:published_time\" content=\"2021-11-04T20:21:10+00:00\" \/>\n<meta property=\"article:modified_time\" content=\"2021-11-04T20:21:12+00:00\" \/>\n<meta property=\"og:image\" content=\"https:\/\/radioljubuski.ba\/wp-content\/uploads\/2021\/11\/8-2021-11-04-13-08-02-bugojno_skola_nesreca_Prsc_01.jpg\" \/>\n\t<meta property=\"og:image:width\" content=\"1000\" \/>\n\t<meta property=\"og:image:height\" content=\"625\" \/>\n\t<meta property=\"og:image:type\" content=\"image\/jpeg\" \/>\n<meta name=\"author\" content=\"Radio Ljubu\u0161ki\" \/>\n<meta name=\"twitter:card\" content=\"summary_large_image\" \/>\n<meta name=\"twitter:creator\" content=\"@radioljubuski\" \/>\n<meta name=\"twitter:site\" content=\"@radioljubuski\" \/>\n<meta name=\"twitter:label1\" content=\"Napisao\/la\" \/>\n\t<meta name=\"twitter:data1\" content=\"Radio Ljubu\u0161ki\" \/>\n\t<meta name=\"twitter:label2\" content=\"Procijenjeno vrijeme \u010ditanja\" \/>\n\t<meta name=\"twitter:data2\" content=\"1 minuta\" \/>\n<script type=\"application\/ld+json\" class=\"yoast-schema-graph\">{\"@context\":\"https:\\\/\\\/schema.org\",\"@graph\":[{\"@type\":\"Article\",\"@id\":\"https:\\\/\\\/radioljubuski.ba\\\/index.php\\\/2021\\\/11\\\/04\\\/lijepa-prica-u-bugojnu-domar-spasio-ucenicu-od-tragedije\\\/#article\",\"isPartOf\":{\"@id\":\"https:\\\/\\\/radioljubuski.ba\\\/index.php\\\/2021\\\/11\\\/04\\\/lijepa-prica-u-bugojnu-domar-spasio-ucenicu-od-tragedije\\\/\"},\"author\":{\"name\":\"Radio Ljubu\u0161ki\",\"@id\":\"https:\\\/\\\/radioljubuski.ba\\\/#\\\/schema\\\/person\\\/19fc700381a780f69665d7956c469e3b\"},\"headline\":\"Lijepa pri\u010da u Bugojnu: Domar spasio u\u010denicu od tragedije\",\"datePublished\":\"2021-11-04T20:21:10+00:00\",\"dateModified\":\"2021-11-04T20:21:12+00:00\",\"mainEntityOfPage\":{\"@id\":\"https:\\\/\\\/radioljubuski.ba\\\/index.php\\\/2021\\\/11\\\/04\\\/lijepa-prica-u-bugojnu-domar-spasio-ucenicu-od-tragedije\\\/\"},\"wordCount\":157,\"publisher\":{\"@id\":\"https:\\\/\\\/radioljubuski.ba\\\/#organization\"},\"articleSection\":[\"BIH i regija\"],\"inLanguage\":\"hr\"},{\"@type\":\"WebPage\",\"@id\":\"https:\\\/\\\/radioljubuski.ba\\\/index.php\\\/2021\\\/11\\\/04\\\/lijepa-prica-u-bugojnu-domar-spasio-ucenicu-od-tragedije\\\/\",\"url\":\"https:\\\/\\\/radioljubuski.ba\\\/index.php\\\/2021\\\/11\\\/04\\\/lijepa-prica-u-bugojnu-domar-spasio-ucenicu-od-tragedije\\\/\",\"name\":\"Lijepa pri\u010da u Bugojnu: Domar spasio u\u010denicu od tragedije - RADIO LJUBU\u0160KI\",\"isPartOf\":{\"@id\":\"https:\\\/\\\/radioljubuski.ba\\\/#website\"},\"datePublished\":\"2021-11-04T20:21:10+00:00\",\"dateModified\":\"2021-11-04T20:21:12+00:00\",\"breadcrumb\":{\"@id\":\"https:\\\/\\\/radioljubuski.ba\\\/index.php\\\/2021\\\/11\\\/04\\\/lijepa-prica-u-bugojnu-domar-spasio-ucenicu-od-tragedije\\\/#breadcrumb\"},\"inLanguage\":\"hr\",\"potentialAction\":[{\"@type\":\"ReadAction\",\"target\":[\"https:\\\/\\\/radioljubuski.ba\\\/index.php\\\/2021\\\/11\\\/04\\\/lijepa-prica-u-bugojnu-domar-spasio-ucenicu-od-tragedije\\\/\"]}]},{\"@type\":\"BreadcrumbList\",\"@id\":\"https:\\\/\\\/radioljubuski.ba\\\/index.php\\\/2021\\\/11\\\/04\\\/lijepa-prica-u-bugojnu-domar-spasio-ucenicu-od-tragedije\\\/#breadcrumb\",\"itemListElement\":[{\"@type\":\"ListItem\",\"position\":1,\"name\":\"Po\u010detna stranica\",\"item\":\"https:\\\/\\\/radioljubuski.ba\\\/\"},{\"@type\":\"ListItem\",\"position\":2,\"name\":\"Lijepa pri\u010da u Bugojnu: Domar spasio u\u010denicu od tragedije\"}]},{\"@type\":\"WebSite\",\"@id\":\"https:\\\/\\\/radioljubuski.ba\\\/#website\",\"url\":\"https:\\\/\\\/radioljubuski.ba\\\/\",\"name\":\"Radio Ljubu\u0161ki\",\"description\":\"Sun\u010dana frekvencija Hercegovine\",\"publisher\":{\"@id\":\"https:\\\/\\\/radioljubuski.ba\\\/#organization\"},\"potentialAction\":[{\"@type\":\"SearchAction\",\"target\":{\"@type\":\"EntryPoint\",\"urlTemplate\":\"https:\\\/\\\/radioljubuski.ba\\\/?s={search_term_string}\"},\"query-input\":{\"@type\":\"PropertyValueSpecification\",\"valueRequired\":true,\"valueName\":\"search_term_string\"}}],\"inLanguage\":\"hr\"},{\"@type\":\"Organization\",\"@id\":\"https:\\\/\\\/radioljubuski.ba\\\/#organization\",\"name\":\"Radio Ljubu\u0161ki\",\"url\":\"https:\\\/\\\/radioljubuski.ba\\\/\",\"logo\":{\"@type\":\"ImageObject\",\"inLanguage\":\"hr\",\"@id\":\"https:\\\/\\\/radioljubuski.ba\\\/#\\\/schema\\\/logo\\\/image\\\/\",\"url\":\"https:\\\/\\\/radioljubuski.ba\\\/wp-content\\\/uploads\\\/2021\\\/02\\\/cropped-Radio_Ljubuski_logo1.jpg\",\"contentUrl\":\"https:\\\/\\\/radioljubuski.ba\\\/wp-content\\\/uploads\\\/2021\\\/02\\\/cropped-Radio_Ljubuski_logo1.jpg\",\"width\":512,\"height\":512,\"caption\":\"Radio Ljubu\u0161ki\"},\"image\":{\"@id\":\"https:\\\/\\\/radioljubuski.ba\\\/#\\\/schema\\\/logo\\\/image\\\/\"},\"sameAs\":[\"https:\\\/\\\/www.facebook.com\\\/Radiio-Ljubuski-1490835324566332\",\"https:\\\/\\\/x.com\\\/radioljubuski\",\"https:\\\/\\\/hr.linkedin.com\\\/company\\\/radio-ljubuski\",\"https:\\\/\\\/www.youtube.com\\\/channel\\\/UCHYaeO_n0Db3tjNGudGpXyw\"]},{\"@type\":\"Person\",\"@id\":\"https:\\\/\\\/radioljubuski.ba\\\/#\\\/schema\\\/person\\\/19fc700381a780f69665d7956c469e3b\",\"name\":\"Radio Ljubu\u0161ki\"}]}<\/script>\n<!-- \/ Yoast SEO plugin. -->","yoast_head_json":{"title":"Lijepa pri\u010da u Bugojnu: Domar spasio u\u010denicu od tragedije - RADIO LJUBU\u0160KI","robots":{"index":"index","follow":"follow","max-snippet":"max-snippet:-1","max-image-preview":"max-image-preview:large","max-video-preview":"max-video-preview:-1"},"canonical":"https:\/\/radioljubuski.ba\/index.php\/2021\/11\/04\/lijepa-prica-u-bugojnu-domar-spasio-ucenicu-od-tragedije\/","og_locale":"hr_HR","og_type":"article","og_title":"Lijepa pri\u010da u Bugojnu: Domar spasio u\u010denicu od tragedije - RADIO LJUBU\u0160KI","og_description":"Domar Tre\u0107e osnovne \u0161kole Bugojno, Senad \u010cehaja jutros prilikom dolaska na posao imao je jako potresnu scenu. Naime, ugledao je dijete u opasnosti na koje se zamalo obru\u0161io lim sa nadstre\u0161ice na ulazu u \u0161kolu koji je vjetar potrgao, pi\u0161e&nbsp;Bugojno.info. Lim je klizio i krenuo padati prema djevoj\u010dici, u\u010denici tre\u0107eg razreda. \u010cehaja je naglo pomjerio [&hellip;]","og_url":"https:\/\/radioljubuski.ba\/index.php\/2021\/11\/04\/lijepa-prica-u-bugojnu-domar-spasio-ucenicu-od-tragedije\/","og_site_name":"RADIO LJUBU\u0160KI","article_publisher":"https:\/\/www.facebook.com\/Radiio-Ljubuski-1490835324566332","article_published_time":"2021-11-04T20:21:10+00:00","article_modified_time":"2021-11-04T20:21:12+00:00","og_image":[{"width":1000,"height":625,"url":"https:\/\/radioljubuski.ba\/wp-content\/uploads\/2021\/11\/8-2021-11-04-13-08-02-bugojno_skola_nesreca_Prsc_01.jpg","type":"image\/jpeg"}],"author":"Radio Ljubu\u0161ki","twitter_card":"summary_large_image","twitter_creator":"@radioljubuski","twitter_site":"@radioljubuski","twitter_misc":{"Napisao\/la":"Radio Ljubu\u0161ki","Procijenjeno vrijeme \u010ditanja":"1 minuta"},"schema":{"@context":"https:\/\/schema.org","@graph":[{"@type":"Article","@id":"https:\/\/radioljubuski.ba\/index.php\/2021\/11\/04\/lijepa-prica-u-bugojnu-domar-spasio-ucenicu-od-tragedije\/#article","isPartOf":{"@id":"https:\/\/radioljubuski.ba\/index.php\/2021\/11\/04\/lijepa-prica-u-bugojnu-domar-spasio-ucenicu-od-tragedije\/"},"author":{"name":"Radio Ljubu\u0161ki","@id":"https:\/\/radioljubuski.ba\/#\/schema\/person\/19fc700381a780f69665d7956c469e3b"},"headline":"Lijepa pri\u010da u Bugojnu: Domar spasio u\u010denicu od tragedije","datePublished":"2021-11-04T20:21:10+00:00","dateModified":"2021-11-04T20:21:12+00:00","mainEntityOfPage":{"@id":"https:\/\/radioljubuski.ba\/index.php\/2021\/11\/04\/lijepa-prica-u-bugojnu-domar-spasio-ucenicu-od-tragedije\/"},"wordCount":157,"publisher":{"@id":"https:\/\/radioljubuski.ba\/#organization"},"articleSection":["BIH i regija"],"inLanguage":"hr"},{"@type":"WebPage","@id":"https:\/\/radioljubuski.ba\/index.php\/2021\/11\/04\/lijepa-prica-u-bugojnu-domar-spasio-ucenicu-od-tragedije\/","url":"https:\/\/radioljubuski.ba\/index.php\/2021\/11\/04\/lijepa-prica-u-bugojnu-domar-spasio-ucenicu-od-tragedije\/","name":"Lijepa pri\u010da u Bugojnu: Domar spasio u\u010denicu od tragedije - RADIO LJUBU\u0160KI","isPartOf":{"@id":"https:\/\/radioljubuski.ba\/#website"},"datePublished":"2021-11-04T20:21:10+00:00","dateModified":"2021-11-04T20:21:12+00:00","breadcrumb":{"@id":"https:\/\/radioljubuski.ba\/index.php\/2021\/11\/04\/lijepa-prica-u-bugojnu-domar-spasio-ucenicu-od-tragedije\/#breadcrumb"},"inLanguage":"hr","potentialAction":[{"@type":"ReadAction","target":["https:\/\/radioljubuski.ba\/index.php\/2021\/11\/04\/lijepa-prica-u-bugojnu-domar-spasio-ucenicu-od-tragedije\/"]}]},{"@type":"BreadcrumbList","@id":"https:\/\/radioljubuski.ba\/index.php\/2021\/11\/04\/lijepa-prica-u-bugojnu-domar-spasio-ucenicu-od-tragedije\/#breadcrumb","itemListElement":[{"@type":"ListItem","position":1,"name":"Po\u010detna stranica","item":"https:\/\/radioljubuski.ba\/"},{"@type":"ListItem","position":2,"name":"Lijepa pri\u010da u Bugojnu: Domar spasio u\u010denicu od tragedije"}]},{"@type":"WebSite","@id":"https:\/\/radioljubuski.ba\/#website","url":"https:\/\/radioljubuski.ba\/","name":"Radio Ljubu\u0161ki","description":"Sun\u010dana frekvencija Hercegovine","publisher":{"@id":"https:\/\/radioljubuski.ba\/#organization"},"potentialAction":[{"@type":"SearchAction","target":{"@type":"EntryPoint","urlTemplate":"https:\/\/radioljubuski.ba\/?s={search_term_string}"},"query-input":{"@type":"PropertyValueSpecification","valueRequired":true,"valueName":"search_term_string"}}],"inLanguage":"hr"},{"@type":"Organization","@id":"https:\/\/radioljubuski.ba\/#organization","name":"Radio Ljubu\u0161ki","url":"https:\/\/radioljubuski.ba\/","logo":{"@type":"ImageObject","inLanguage":"hr","@id":"https:\/\/radioljubuski.ba\/#\/schema\/logo\/image\/","url":"https:\/\/radioljubuski.ba\/wp-content\/uploads\/2021\/02\/cropped-Radio_Ljubuski_logo1.jpg","contentUrl":"https:\/\/radioljubuski.ba\/wp-content\/uploads\/2021\/02\/cropped-Radio_Ljubuski_logo1.jpg","width":512,"height":512,"caption":"Radio Ljubu\u0161ki"},"image":{"@id":"https:\/\/radioljubuski.ba\/#\/schema\/logo\/image\/"},"sameAs":["https:\/\/www.facebook.com\/Radiio-Ljubuski-1490835324566332","https:\/\/x.com\/radioljubuski","https:\/\/hr.linkedin.com\/company\/radio-ljubuski","https:\/\/www.youtube.com\/channel\/UCHYaeO_n0Db3tjNGudGpXyw"]},{"@type":"Person","@id":"https:\/\/radioljubuski.ba\/#\/schema\/person\/19fc700381a780f69665d7956c469e3b","name":"Radio Ljubu\u0161ki"}]}},"_links":{"self":[{"href":"https:\/\/radioljubuski.ba\/index.php\/wp-json\/wp\/v2\/posts\/85107","targetHints":{"allow":["GET"]}}],"collection":[{"href":"https:\/\/radioljubuski.ba\/index.php\/wp-json\/wp\/v2\/posts"}],"about":[{"href":"https:\/\/radioljubuski.ba\/index.php\/wp-json\/wp\/v2\/types\/post"}],"author":[{"embeddable":true,"href":"https:\/\/radioljubuski.ba\/index.php\/wp-json\/wp\/v2\/users\/2"}],"replies":[{"embeddable":true,"href":"https:\/\/radioljubuski.ba\/index.php\/wp-json\/wp\/v2\/comments?post=85107"}],"version-history":[{"count":1,"href":"https:\/\/radioljubuski.ba\/index.php\/wp-json\/wp\/v2\/posts\/85107\/revisions"}],"predecessor-version":[{"id":85109,"href":"https:\/\/radioljubuski.ba\/index.php\/wp-json\/wp\/v2\/posts\/85107\/revisions\/85109"}],"wp:attachment":[{"href":"https:\/\/radioljubuski.ba\/index.php\/wp-json\/wp\/v2\/media?parent=85107"}],"wp:term":[{"taxonomy":"category","embeddable":true,"href":"https:\/\/radioljubuski.ba\/index.php\/wp-json\/wp\/v2\/categories?post=85107"},{"taxonomy":"post_tag","embeddable":true,"href":"https:\/\/radioljubuski.ba\/index.php\/wp-json\/wp\/v2\/tags?post=85107"}],"curies":[{"name":"wp","href":"https:\/\/api.w.org\/{rel}","templated":true}]}}