{"id":85118,"date":"2021-11-05T08:51:56","date_gmt":"2021-11-05T07:51:56","guid":{"rendered":"https:\/\/radioljubuski.ba\/?p=85118"},"modified":"2021-11-05T08:51:58","modified_gmt":"2021-11-05T07:51:58","slug":"iz-udruge-pcelara-kadulja-ljubuski-pozivaju-prijavite-plan-proizvodnje-da-bi-mogli-dobiti-federalne-poticaje","status":"publish","type":"post","link":"https:\/\/radioljubuski.ba\/index.php\/2021\/11\/05\/iz-udruge-pcelara-kadulja-ljubuski-pozivaju-prijavite-plan-proizvodnje-da-bi-mogli-dobiti-federalne-poticaje\/","title":{"rendered":"Iz udruge p\u010delara Kadulja Ljubu\u0161ki pozivaju: Prijavite plan proizvodnje da bi mogli dobiti federalne poticaje"},"content":{"rendered":"\n<p>Udruga p\u010delara Kadulja Ljubu\u0161ki pozvala je sve \u010dlanove udruge da prijave plan proizvodnje kako bi mogli ostvariti poticaje s federalne razine.<\/p>\n\n\n\n<p>Podsjetimo, svi poljoprivredni proizvo\u0111a\u010di, koji \u017eele ostvariti poticaj za 2022. godinu sa federalne razine, trebaju prijaviti Plan animalne i biljne proizvodnje do 15. studenog 2021.godine.<\/p>\n\n\n\n<p>Potrebno je popuniti obrazac PPP u \u017dupanijskom Zavodu za poljoprivredu u Ljubu\u0161kom ili \u0160irokom Brijegu, te Ministarstvu gospodarstva u Posu\u0161ju.<\/p>\n\n\n\n<p>Za sve informacije vezane uz nov\u010dane potpore u poljoprivredi i poljoprivrednoj proizvodnji mo\u017eete se obratiti na kontakt telefon Zavoda za poljoprivredu \u017dZH:<\/p>\n\n\n\n<p>\u0160iroki Brijeg&nbsp;&nbsp; 039\/ 702-494<\/p>\n\n\n\n<p>Ljubu\u0161ki&nbsp;&nbsp;&nbsp;&nbsp;&nbsp; 039\/ 831-063<\/p>\n","protected":false},"excerpt":{"rendered":"<p>Udruga p\u010delara Kadulja Ljubu\u0161ki pozvala je sve \u010dlanove udruge da prijave plan proizvodnje kako bi mogli ostvariti poticaje s federalne razine. Podsjetimo, svi poljoprivredni proizvo\u0111a\u010di, koji \u017eele ostvariti poticaj za 2022. godinu sa federalne razine, trebaju prijaviti Plan animalne i biljne proizvodnje do 15. studenog 2021.godine. Potrebno je popuniti obrazac PPP u \u017dupanijskom Zavodu za [&hellip;]<\/p>\n","protected":false},"author":2,"featured_media":85119,"comment_status":"closed","ping_status":"closed","sticky":false,"template":"","format":"standard","meta":{"h5ap_radio_sources":[],"footnotes":""},"categories":[3],"tags":[],"class_list":["post-85118","post","type-post","status-publish","format-standard","has-post-thumbnail","hentry","category-ljubuski"],"yoast_head":"<!-- This site is optimized with the Yoast SEO plugin v27.5 - https:\/\/yoast.com\/product\/yoast-seo-wordpress\/ -->\n<title>Iz udruge p\u010delara Kadulja Ljubu\u0161ki pozivaju: Prijavite plan proizvodnje da bi mogli dobiti federalne poticaje - RADIO LJUBU\u0160KI<\/title>\n<meta name=\"robots\" content=\"index, follow, max-snippet:-1, max-image-preview:large, max-video-preview:-1\" \/>\n<link rel=\"canonical\" href=\"https:\/\/radioljubuski.ba\/index.php\/2021\/11\/05\/iz-udruge-pcelara-kadulja-ljubuski-pozivaju-prijavite-plan-proizvodnje-da-bi-mogli-dobiti-federalne-poticaje\/\" \/>\n<meta property=\"og:locale\" content=\"hr_HR\" \/>\n<meta property=\"og:type\" content=\"article\" \/>\n<meta property=\"og:title\" content=\"Iz udruge p\u010delara Kadulja Ljubu\u0161ki pozivaju: Prijavite plan proizvodnje da bi mogli dobiti federalne poticaje - RADIO LJUBU\u0160KI\" \/>\n<meta property=\"og:description\" content=\"Udruga p\u010delara Kadulja Ljubu\u0161ki pozvala je sve \u010dlanove udruge da prijave plan proizvodnje kako bi mogli ostvariti poticaje s federalne razine. Podsjetimo, svi poljoprivredni proizvo\u0111a\u010di, koji \u017eele ostvariti poticaj za 2022. godinu sa federalne razine, trebaju prijaviti Plan animalne i biljne proizvodnje do 15. studenog 2021.godine. Potrebno je popuniti obrazac PPP u \u017dupanijskom Zavodu za [&hellip;]\" \/>\n<meta property=\"og:url\" content=\"https:\/\/radioljubuski.ba\/index.php\/2021\/11\/05\/iz-udruge-pcelara-kadulja-ljubuski-pozivaju-prijavite-plan-proizvodnje-da-bi-mogli-dobiti-federalne-poticaje\/\" \/>\n<meta property=\"og:site_name\" content=\"RADIO LJUBU\u0160KI\" \/>\n<meta property=\"article:publisher\" content=\"https:\/\/www.facebook.com\/Radiio-Ljubuski-1490835324566332\" \/>\n<meta property=\"article:published_time\" content=\"2021-11-05T07:51:56+00:00\" \/>\n<meta property=\"article:modified_time\" content=\"2021-11-05T07:51:58+00:00\" \/>\n<meta property=\"og:image\" content=\"https:\/\/radioljubuski.ba\/wp-content\/uploads\/2021\/11\/pcelari.jpg\" \/>\n\t<meta property=\"og:image:width\" content=\"1279\" \/>\n\t<meta property=\"og:image:height\" content=\"865\" \/>\n\t<meta property=\"og:image:type\" content=\"image\/jpeg\" \/>\n<meta name=\"author\" content=\"Radio Ljubu\u0161ki\" \/>\n<meta name=\"twitter:card\" content=\"summary_large_image\" \/>\n<meta name=\"twitter:creator\" content=\"@radioljubuski\" \/>\n<meta name=\"twitter:site\" content=\"@radioljubuski\" \/>\n<meta name=\"twitter:label1\" content=\"Napisao\/la\" \/>\n\t<meta name=\"twitter:data1\" content=\"Radio Ljubu\u0161ki\" \/>\n\t<meta name=\"twitter:label2\" content=\"Procijenjeno vrijeme \u010ditanja\" \/>\n\t<meta name=\"twitter:data2\" content=\"1 minuta\" \/>\n<script type=\"application\/ld+json\" class=\"yoast-schema-graph\">{\"@context\":\"https:\\\/\\\/schema.org\",\"@graph\":[{\"@type\":\"Article\",\"@id\":\"https:\\\/\\\/radioljubuski.ba\\\/index.php\\\/2021\\\/11\\\/05\\\/iz-udruge-pcelara-kadulja-ljubuski-pozivaju-prijavite-plan-proizvodnje-da-bi-mogli-dobiti-federalne-poticaje\\\/#article\",\"isPartOf\":{\"@id\":\"https:\\\/\\\/radioljubuski.ba\\\/index.php\\\/2021\\\/11\\\/05\\\/iz-udruge-pcelara-kadulja-ljubuski-pozivaju-prijavite-plan-proizvodnje-da-bi-mogli-dobiti-federalne-poticaje\\\/\"},\"author\":{\"name\":\"Radio Ljubu\u0161ki\",\"@id\":\"https:\\\/\\\/radioljubuski.ba\\\/#\\\/schema\\\/person\\\/19fc700381a780f69665d7956c469e3b\"},\"headline\":\"Iz udruge p\u010delara Kadulja Ljubu\u0161ki pozivaju: Prijavite plan proizvodnje da bi mogli dobiti federalne poticaje\",\"datePublished\":\"2021-11-05T07:51:56+00:00\",\"dateModified\":\"2021-11-05T07:51:58+00:00\",\"mainEntityOfPage\":{\"@id\":\"https:\\\/\\\/radioljubuski.ba\\\/index.php\\\/2021\\\/11\\\/05\\\/iz-udruge-pcelara-kadulja-ljubuski-pozivaju-prijavite-plan-proizvodnje-da-bi-mogli-dobiti-federalne-poticaje\\\/\"},\"wordCount\":124,\"publisher\":{\"@id\":\"https:\\\/\\\/radioljubuski.ba\\\/#organization\"},\"image\":{\"@id\":\"https:\\\/\\\/radioljubuski.ba\\\/index.php\\\/2021\\\/11\\\/05\\\/iz-udruge-pcelara-kadulja-ljubuski-pozivaju-prijavite-plan-proizvodnje-da-bi-mogli-dobiti-federalne-poticaje\\\/#primaryimage\"},\"thumbnailUrl\":\"https:\\\/\\\/radioljubuski.ba\\\/wp-content\\\/uploads\\\/2021\\\/11\\\/pcelari.jpg\",\"articleSection\":[\"Ljubu\u0161ki\"],\"inLanguage\":\"hr\"},{\"@type\":\"WebPage\",\"@id\":\"https:\\\/\\\/radioljubuski.ba\\\/index.php\\\/2021\\\/11\\\/05\\\/iz-udruge-pcelara-kadulja-ljubuski-pozivaju-prijavite-plan-proizvodnje-da-bi-mogli-dobiti-federalne-poticaje\\\/\",\"url\":\"https:\\\/\\\/radioljubuski.ba\\\/index.php\\\/2021\\\/11\\\/05\\\/iz-udruge-pcelara-kadulja-ljubuski-pozivaju-prijavite-plan-proizvodnje-da-bi-mogli-dobiti-federalne-poticaje\\\/\",\"name\":\"Iz udruge p\u010delara Kadulja Ljubu\u0161ki pozivaju: Prijavite plan proizvodnje da bi mogli dobiti federalne poticaje - RADIO LJUBU\u0160KI\",\"isPartOf\":{\"@id\":\"https:\\\/\\\/radioljubuski.ba\\\/#website\"},\"primaryImageOfPage\":{\"@id\":\"https:\\\/\\\/radioljubuski.ba\\\/index.php\\\/2021\\\/11\\\/05\\\/iz-udruge-pcelara-kadulja-ljubuski-pozivaju-prijavite-plan-proizvodnje-da-bi-mogli-dobiti-federalne-poticaje\\\/#primaryimage\"},\"image\":{\"@id\":\"https:\\\/\\\/radioljubuski.ba\\\/index.php\\\/2021\\\/11\\\/05\\\/iz-udruge-pcelara-kadulja-ljubuski-pozivaju-prijavite-plan-proizvodnje-da-bi-mogli-dobiti-federalne-poticaje\\\/#primaryimage\"},\"thumbnailUrl\":\"https:\\\/\\\/radioljubuski.ba\\\/wp-content\\\/uploads\\\/2021\\\/11\\\/pcelari.jpg\",\"datePublished\":\"2021-11-05T07:51:56+00:00\",\"dateModified\":\"2021-11-05T07:51:58+00:00\",\"breadcrumb\":{\"@id\":\"https:\\\/\\\/radioljubuski.ba\\\/index.php\\\/2021\\\/11\\\/05\\\/iz-udruge-pcelara-kadulja-ljubuski-pozivaju-prijavite-plan-proizvodnje-da-bi-mogli-dobiti-federalne-poticaje\\\/#breadcrumb\"},\"inLanguage\":\"hr\",\"potentialAction\":[{\"@type\":\"ReadAction\",\"target\":[\"https:\\\/\\\/radioljubuski.ba\\\/index.php\\\/2021\\\/11\\\/05\\\/iz-udruge-pcelara-kadulja-ljubuski-pozivaju-prijavite-plan-proizvodnje-da-bi-mogli-dobiti-federalne-poticaje\\\/\"]}]},{\"@type\":\"ImageObject\",\"inLanguage\":\"hr\",\"@id\":\"https:\\\/\\\/radioljubuski.ba\\\/index.php\\\/2021\\\/11\\\/05\\\/iz-udruge-pcelara-kadulja-ljubuski-pozivaju-prijavite-plan-proizvodnje-da-bi-mogli-dobiti-federalne-poticaje\\\/#primaryimage\",\"url\":\"https:\\\/\\\/radioljubuski.ba\\\/wp-content\\\/uploads\\\/2021\\\/11\\\/pcelari.jpg\",\"contentUrl\":\"https:\\\/\\\/radioljubuski.ba\\\/wp-content\\\/uploads\\\/2021\\\/11\\\/pcelari.jpg\",\"width\":1279,\"height\":865},{\"@type\":\"BreadcrumbList\",\"@id\":\"https:\\\/\\\/radioljubuski.ba\\\/index.php\\\/2021\\\/11\\\/05\\\/iz-udruge-pcelara-kadulja-ljubuski-pozivaju-prijavite-plan-proizvodnje-da-bi-mogli-dobiti-federalne-poticaje\\\/#breadcrumb\",\"itemListElement\":[{\"@type\":\"ListItem\",\"position\":1,\"name\":\"Po\u010detna stranica\",\"item\":\"https:\\\/\\\/radioljubuski.ba\\\/\"},{\"@type\":\"ListItem\",\"position\":2,\"name\":\"Iz udruge p\u010delara Kadulja Ljubu\u0161ki pozivaju: Prijavite plan proizvodnje da bi mogli dobiti federalne poticaje\"}]},{\"@type\":\"WebSite\",\"@id\":\"https:\\\/\\\/radioljubuski.ba\\\/#website\",\"url\":\"https:\\\/\\\/radioljubuski.ba\\\/\",\"name\":\"Radio Ljubu\u0161ki\",\"description\":\"Sun\u010dana frekvencija Hercegovine\",\"publisher\":{\"@id\":\"https:\\\/\\\/radioljubuski.ba\\\/#organization\"},\"potentialAction\":[{\"@type\":\"SearchAction\",\"target\":{\"@type\":\"EntryPoint\",\"urlTemplate\":\"https:\\\/\\\/radioljubuski.ba\\\/?s={search_term_string}\"},\"query-input\":{\"@type\":\"PropertyValueSpecification\",\"valueRequired\":true,\"valueName\":\"search_term_string\"}}],\"inLanguage\":\"hr\"},{\"@type\":\"Organization\",\"@id\":\"https:\\\/\\\/radioljubuski.ba\\\/#organization\",\"name\":\"Radio Ljubu\u0161ki\",\"url\":\"https:\\\/\\\/radioljubuski.ba\\\/\",\"logo\":{\"@type\":\"ImageObject\",\"inLanguage\":\"hr\",\"@id\":\"https:\\\/\\\/radioljubuski.ba\\\/#\\\/schema\\\/logo\\\/image\\\/\",\"url\":\"https:\\\/\\\/radioljubuski.ba\\\/wp-content\\\/uploads\\\/2021\\\/02\\\/cropped-Radio_Ljubuski_logo1.jpg\",\"contentUrl\":\"https:\\\/\\\/radioljubuski.ba\\\/wp-content\\\/uploads\\\/2021\\\/02\\\/cropped-Radio_Ljubuski_logo1.jpg\",\"width\":512,\"height\":512,\"caption\":\"Radio Ljubu\u0161ki\"},\"image\":{\"@id\":\"https:\\\/\\\/radioljubuski.ba\\\/#\\\/schema\\\/logo\\\/image\\\/\"},\"sameAs\":[\"https:\\\/\\\/www.facebook.com\\\/Radiio-Ljubuski-1490835324566332\",\"https:\\\/\\\/x.com\\\/radioljubuski\",\"https:\\\/\\\/hr.linkedin.com\\\/company\\\/radio-ljubuski\",\"https:\\\/\\\/www.youtube.com\\\/channel\\\/UCHYaeO_n0Db3tjNGudGpXyw\"]},{\"@type\":\"Person\",\"@id\":\"https:\\\/\\\/radioljubuski.ba\\\/#\\\/schema\\\/person\\\/19fc700381a780f69665d7956c469e3b\",\"name\":\"Radio Ljubu\u0161ki\"}]}<\/script>\n<!-- \/ Yoast SEO plugin. -->","yoast_head_json":{"title":"Iz udruge p\u010delara Kadulja Ljubu\u0161ki pozivaju: Prijavite plan proizvodnje da bi mogli dobiti federalne poticaje - RADIO LJUBU\u0160KI","robots":{"index":"index","follow":"follow","max-snippet":"max-snippet:-1","max-image-preview":"max-image-preview:large","max-video-preview":"max-video-preview:-1"},"canonical":"https:\/\/radioljubuski.ba\/index.php\/2021\/11\/05\/iz-udruge-pcelara-kadulja-ljubuski-pozivaju-prijavite-plan-proizvodnje-da-bi-mogli-dobiti-federalne-poticaje\/","og_locale":"hr_HR","og_type":"article","og_title":"Iz udruge p\u010delara Kadulja Ljubu\u0161ki pozivaju: Prijavite plan proizvodnje da bi mogli dobiti federalne poticaje - RADIO LJUBU\u0160KI","og_description":"Udruga p\u010delara Kadulja Ljubu\u0161ki pozvala je sve \u010dlanove udruge da prijave plan proizvodnje kako bi mogli ostvariti poticaje s federalne razine. Podsjetimo, svi poljoprivredni proizvo\u0111a\u010di, koji \u017eele ostvariti poticaj za 2022. godinu sa federalne razine, trebaju prijaviti Plan animalne i biljne proizvodnje do 15. studenog 2021.godine. Potrebno je popuniti obrazac PPP u \u017dupanijskom Zavodu za [&hellip;]","og_url":"https:\/\/radioljubuski.ba\/index.php\/2021\/11\/05\/iz-udruge-pcelara-kadulja-ljubuski-pozivaju-prijavite-plan-proizvodnje-da-bi-mogli-dobiti-federalne-poticaje\/","og_site_name":"RADIO LJUBU\u0160KI","article_publisher":"https:\/\/www.facebook.com\/Radiio-Ljubuski-1490835324566332","article_published_time":"2021-11-05T07:51:56+00:00","article_modified_time":"2021-11-05T07:51:58+00:00","og_image":[{"width":1279,"height":865,"url":"https:\/\/radioljubuski.ba\/wp-content\/uploads\/2021\/11\/pcelari.jpg","type":"image\/jpeg"}],"author":"Radio Ljubu\u0161ki","twitter_card":"summary_large_image","twitter_creator":"@radioljubuski","twitter_site":"@radioljubuski","twitter_misc":{"Napisao\/la":"Radio Ljubu\u0161ki","Procijenjeno vrijeme \u010ditanja":"1 minuta"},"schema":{"@context":"https:\/\/schema.org","@graph":[{"@type":"Article","@id":"https:\/\/radioljubuski.ba\/index.php\/2021\/11\/05\/iz-udruge-pcelara-kadulja-ljubuski-pozivaju-prijavite-plan-proizvodnje-da-bi-mogli-dobiti-federalne-poticaje\/#article","isPartOf":{"@id":"https:\/\/radioljubuski.ba\/index.php\/2021\/11\/05\/iz-udruge-pcelara-kadulja-ljubuski-pozivaju-prijavite-plan-proizvodnje-da-bi-mogli-dobiti-federalne-poticaje\/"},"author":{"name":"Radio Ljubu\u0161ki","@id":"https:\/\/radioljubuski.ba\/#\/schema\/person\/19fc700381a780f69665d7956c469e3b"},"headline":"Iz udruge p\u010delara Kadulja Ljubu\u0161ki pozivaju: Prijavite plan proizvodnje da bi mogli dobiti federalne poticaje","datePublished":"2021-11-05T07:51:56+00:00","dateModified":"2021-11-05T07:51:58+00:00","mainEntityOfPage":{"@id":"https:\/\/radioljubuski.ba\/index.php\/2021\/11\/05\/iz-udruge-pcelara-kadulja-ljubuski-pozivaju-prijavite-plan-proizvodnje-da-bi-mogli-dobiti-federalne-poticaje\/"},"wordCount":124,"publisher":{"@id":"https:\/\/radioljubuski.ba\/#organization"},"image":{"@id":"https:\/\/radioljubuski.ba\/index.php\/2021\/11\/05\/iz-udruge-pcelara-kadulja-ljubuski-pozivaju-prijavite-plan-proizvodnje-da-bi-mogli-dobiti-federalne-poticaje\/#primaryimage"},"thumbnailUrl":"https:\/\/radioljubuski.ba\/wp-content\/uploads\/2021\/11\/pcelari.jpg","articleSection":["Ljubu\u0161ki"],"inLanguage":"hr"},{"@type":"WebPage","@id":"https:\/\/radioljubuski.ba\/index.php\/2021\/11\/05\/iz-udruge-pcelara-kadulja-ljubuski-pozivaju-prijavite-plan-proizvodnje-da-bi-mogli-dobiti-federalne-poticaje\/","url":"https:\/\/radioljubuski.ba\/index.php\/2021\/11\/05\/iz-udruge-pcelara-kadulja-ljubuski-pozivaju-prijavite-plan-proizvodnje-da-bi-mogli-dobiti-federalne-poticaje\/","name":"Iz udruge p\u010delara Kadulja Ljubu\u0161ki pozivaju: Prijavite plan proizvodnje da bi mogli dobiti federalne poticaje - RADIO LJUBU\u0160KI","isPartOf":{"@id":"https:\/\/radioljubuski.ba\/#website"},"primaryImageOfPage":{"@id":"https:\/\/radioljubuski.ba\/index.php\/2021\/11\/05\/iz-udruge-pcelara-kadulja-ljubuski-pozivaju-prijavite-plan-proizvodnje-da-bi-mogli-dobiti-federalne-poticaje\/#primaryimage"},"image":{"@id":"https:\/\/radioljubuski.ba\/index.php\/2021\/11\/05\/iz-udruge-pcelara-kadulja-ljubuski-pozivaju-prijavite-plan-proizvodnje-da-bi-mogli-dobiti-federalne-poticaje\/#primaryimage"},"thumbnailUrl":"https:\/\/radioljubuski.ba\/wp-content\/uploads\/2021\/11\/pcelari.jpg","datePublished":"2021-11-05T07:51:56+00:00","dateModified":"2021-11-05T07:51:58+00:00","breadcrumb":{"@id":"https:\/\/radioljubuski.ba\/index.php\/2021\/11\/05\/iz-udruge-pcelara-kadulja-ljubuski-pozivaju-prijavite-plan-proizvodnje-da-bi-mogli-dobiti-federalne-poticaje\/#breadcrumb"},"inLanguage":"hr","potentialAction":[{"@type":"ReadAction","target":["https:\/\/radioljubuski.ba\/index.php\/2021\/11\/05\/iz-udruge-pcelara-kadulja-ljubuski-pozivaju-prijavite-plan-proizvodnje-da-bi-mogli-dobiti-federalne-poticaje\/"]}]},{"@type":"ImageObject","inLanguage":"hr","@id":"https:\/\/radioljubuski.ba\/index.php\/2021\/11\/05\/iz-udruge-pcelara-kadulja-ljubuski-pozivaju-prijavite-plan-proizvodnje-da-bi-mogli-dobiti-federalne-poticaje\/#primaryimage","url":"https:\/\/radioljubuski.ba\/wp-content\/uploads\/2021\/11\/pcelari.jpg","contentUrl":"https:\/\/radioljubuski.ba\/wp-content\/uploads\/2021\/11\/pcelari.jpg","width":1279,"height":865},{"@type":"BreadcrumbList","@id":"https:\/\/radioljubuski.ba\/index.php\/2021\/11\/05\/iz-udruge-pcelara-kadulja-ljubuski-pozivaju-prijavite-plan-proizvodnje-da-bi-mogli-dobiti-federalne-poticaje\/#breadcrumb","itemListElement":[{"@type":"ListItem","position":1,"name":"Po\u010detna stranica","item":"https:\/\/radioljubuski.ba\/"},{"@type":"ListItem","position":2,"name":"Iz udruge p\u010delara Kadulja Ljubu\u0161ki pozivaju: Prijavite plan proizvodnje da bi mogli dobiti federalne poticaje"}]},{"@type":"WebSite","@id":"https:\/\/radioljubuski.ba\/#website","url":"https:\/\/radioljubuski.ba\/","name":"Radio Ljubu\u0161ki","description":"Sun\u010dana frekvencija Hercegovine","publisher":{"@id":"https:\/\/radioljubuski.ba\/#organization"},"potentialAction":[{"@type":"SearchAction","target":{"@type":"EntryPoint","urlTemplate":"https:\/\/radioljubuski.ba\/?s={search_term_string}"},"query-input":{"@type":"PropertyValueSpecification","valueRequired":true,"valueName":"search_term_string"}}],"inLanguage":"hr"},{"@type":"Organization","@id":"https:\/\/radioljubuski.ba\/#organization","name":"Radio Ljubu\u0161ki","url":"https:\/\/radioljubuski.ba\/","logo":{"@type":"ImageObject","inLanguage":"hr","@id":"https:\/\/radioljubuski.ba\/#\/schema\/logo\/image\/","url":"https:\/\/radioljubuski.ba\/wp-content\/uploads\/2021\/02\/cropped-Radio_Ljubuski_logo1.jpg","contentUrl":"https:\/\/radioljubuski.ba\/wp-content\/uploads\/2021\/02\/cropped-Radio_Ljubuski_logo1.jpg","width":512,"height":512,"caption":"Radio Ljubu\u0161ki"},"image":{"@id":"https:\/\/radioljubuski.ba\/#\/schema\/logo\/image\/"},"sameAs":["https:\/\/www.facebook.com\/Radiio-Ljubuski-1490835324566332","https:\/\/x.com\/radioljubuski","https:\/\/hr.linkedin.com\/company\/radio-ljubuski","https:\/\/www.youtube.com\/channel\/UCHYaeO_n0Db3tjNGudGpXyw"]},{"@type":"Person","@id":"https:\/\/radioljubuski.ba\/#\/schema\/person\/19fc700381a780f69665d7956c469e3b","name":"Radio Ljubu\u0161ki"}]}},"_links":{"self":[{"href":"https:\/\/radioljubuski.ba\/index.php\/wp-json\/wp\/v2\/posts\/85118","targetHints":{"allow":["GET"]}}],"collection":[{"href":"https:\/\/radioljubuski.ba\/index.php\/wp-json\/wp\/v2\/posts"}],"about":[{"href":"https:\/\/radioljubuski.ba\/index.php\/wp-json\/wp\/v2\/types\/post"}],"author":[{"embeddable":true,"href":"https:\/\/radioljubuski.ba\/index.php\/wp-json\/wp\/v2\/users\/2"}],"replies":[{"embeddable":true,"href":"https:\/\/radioljubuski.ba\/index.php\/wp-json\/wp\/v2\/comments?post=85118"}],"version-history":[{"count":1,"href":"https:\/\/radioljubuski.ba\/index.php\/wp-json\/wp\/v2\/posts\/85118\/revisions"}],"predecessor-version":[{"id":85120,"href":"https:\/\/radioljubuski.ba\/index.php\/wp-json\/wp\/v2\/posts\/85118\/revisions\/85120"}],"wp:featuredmedia":[{"embeddable":true,"href":"https:\/\/radioljubuski.ba\/index.php\/wp-json\/wp\/v2\/media\/85119"}],"wp:attachment":[{"href":"https:\/\/radioljubuski.ba\/index.php\/wp-json\/wp\/v2\/media?parent=85118"}],"wp:term":[{"taxonomy":"category","embeddable":true,"href":"https:\/\/radioljubuski.ba\/index.php\/wp-json\/wp\/v2\/categories?post=85118"},{"taxonomy":"post_tag","embeddable":true,"href":"https:\/\/radioljubuski.ba\/index.php\/wp-json\/wp\/v2\/tags?post=85118"}],"curies":[{"name":"wp","href":"https:\/\/api.w.org\/{rel}","templated":true}]}}