{"id":85133,"date":"2021-11-05T09:37:16","date_gmt":"2021-11-05T08:37:16","guid":{"rendered":"https:\/\/radioljubuski.ba\/?p=85133"},"modified":"2021-11-05T09:57:18","modified_gmt":"2021-11-05T08:57:18","slug":"centar-za-gradansku-suradnju-opcine-gradovi-moraju-osigurati-nesmetan-rad-i-funkcioniranje-mjesnih-zajednica","status":"publish","type":"post","link":"https:\/\/radioljubuski.ba\/index.php\/2021\/11\/05\/centar-za-gradansku-suradnju-opcine-gradovi-moraju-osigurati-nesmetan-rad-i-funkcioniranje-mjesnih-zajednica\/","title":{"rendered":"Centar za gra\u0111ansku suradnju: Op\u0107ine\/gradovi moraju osigurati nesmetan rad i funkcioniranje mjesnih zajednica"},"content":{"rendered":"\n<p>Centar za gra\u0111ansku suradnju iz Livna je u prethodnom periodu odr\u017eao sastanke u 12 op\u0107ina\/gradova: Stolac, \u010capljina, Ljubu\u0161ki, Grude, \u0160iroki Brijeg, Posu\u0161je, Tomislavgrad, Kupres, Livno, Glamo\u010d, Bosansko Grahovo i Drvar.<\/p>\n\n\n\n<p>Na sastancima su sudjelovali gra\u0111ani\/ke, predstavnici mjesnih zajednica i lokalnih organizacija civilnog dru\u0161tva i predstavnici op\u0107inskih\/gradskih uprava. Teme sastanaka su bile pobolj\u0161anje statusa i financiranje mjesnih zajednica koje su zakonom propisan mehanizma participacije gra\u0111ana u procesima dono\u0161enja odluka i politika.<\/p>\n\n\n\n<p>Kroz dugogodi\u0161nji rad na terenu i suradnju s mjesnim zajednicama, Centar za gra\u0111ansku suradnju kontinuirano radi na pobolj\u0161anju polo\u017eaja i statusa mjesnih zajednica kroz sastanke, edukacije, javne pozive za opremanje ureda i za realizaciju projekata MZ, kao i izradom preporuka koje bi u kona\u010dnici pomogle, pobolj\u0161ale i osna\u017eile rad mjesnih zajednica.<br>Rezultat navedenih preporuka su nacrti tri dokumenata koji propisuju bolju komunikaciju izme\u0111u op\u0107inskih\/gradskih uprava i mjesnih zajednica, ure\u0111uju na\u010dine financiranja rada organa mjesnih zajednica i uklju\u010divanje projekata mjesnih zajednica u plan kapitalnih investicija.<br>Navedeni nacrti dokumenata su uz savjetovanje i revidiranje predstavnika mjesnih zajednica i udruga, usugla\u0161eni i upu\u0107eni na adrese donositelja odluka kako bi se o njima raspravljalo, a usvajanjem i provedbom ovih dokumenata, polo\u017eaj i status mjesnih zajednica u jedinicama lokale samouprave znatno bi bio pobolj\u0161an te bi mjesne zajednice dobile poticaj za daljnji rad, aktiviranje i unaprje\u0111enje \u017eivota stanovnika u zajednici.<br>Tako\u0111er, na sastancima je tema bila i problematika u radu mjesnih zajednica koja se uglavnom ve\u017ee za nedostatak financijskih sredstava za kontinuiran rad i funkcioniranje mjesnih zajednica, provedbu projekata koji su od interesa za lokalno stanovni\u0161tvo kao i nedostatak dvosmjerne komunikacije i podr\u0161ke od strane vladaju\u0107ih struktura.<\/p>\n\n\n\n<p>Potrebno je posebno istaknuti problem ne provo\u0111enja izbora za Vije\u0107a mjesnih zajednica u Gradu Livnu, Op\u0107ini Glamo\u010d, Op\u0107ini Kupres i Op\u0107ini Stolac. Pozitivan primjer je Op\u0107ina Bosansko Grahovo koja je raspisala i provela izbore za Vije\u0107a mjesnih zajednica nakon skoro deset godina. U ostalim Op\u0107inama\/Gradovima obuhva\u0107enim projektom, izbori za Vije\u0107a mjesnih zajednica se provode kontinuirano, svake 4 godine, kako je propisano zakonom.<\/p>\n\n\n\n<p>Sastanci su realizirani u okviru projekta \u201eParticipacija gra\u0111ana u lokalnoj samoupravi\u201c koji Centar za gra\u0111ansku suradnju provodi uz podr\u0161ku Nacionalne zaklade za demokraciju (NED).<\/p>\n\n\n\n<figure class=\"wp-block-gallery columns-3 is-cropped wp-block-gallery-1 is-layout-flex wp-block-gallery-is-layout-flex\"><ul class=\"blocks-gallery-grid\"><li class=\"blocks-gallery-item\"><figure><img loading=\"lazy\" decoding=\"async\" width=\"1024\" height=\"768\" src=\"https:\/\/radioljubuski.ba\/wp-content\/uploads\/2021\/11\/Bosansko-Grahovo-sastanak-15.10.-1024x768.jpg\" alt=\"\" data-id=\"85134\" data-full-url=\"https:\/\/radioljubuski.ba\/wp-content\/uploads\/2021\/11\/Bosansko-Grahovo-sastanak-15.10.-scaled.jpg\" data-link=\"https:\/\/radioljubuski.ba\/?attachment_id=85134\" class=\"wp-image-85134\" srcset=\"https:\/\/radioljubuski.ba\/wp-content\/uploads\/2021\/11\/Bosansko-Grahovo-sastanak-15.10.-1024x768.jpg 1024w, https:\/\/radioljubuski.ba\/wp-content\/uploads\/2021\/11\/Bosansko-Grahovo-sastanak-15.10.-300x225.jpg 300w, https:\/\/radioljubuski.ba\/wp-content\/uploads\/2021\/11\/Bosansko-Grahovo-sastanak-15.10.-768x576.jpg 768w, https:\/\/radioljubuski.ba\/wp-content\/uploads\/2021\/11\/Bosansko-Grahovo-sastanak-15.10.-1536x1152.jpg 1536w, https:\/\/radioljubuski.ba\/wp-content\/uploads\/2021\/11\/Bosansko-Grahovo-sastanak-15.10.-2048x1536.jpg 2048w, https:\/\/radioljubuski.ba\/wp-content\/uploads\/2021\/11\/Bosansko-Grahovo-sastanak-15.10.-16x12.jpg 16w\" sizes=\"auto, (max-width: 1024px) 100vw, 1024px\" \/><\/figure><\/li><li class=\"blocks-gallery-item\"><figure><img loading=\"lazy\" decoding=\"async\" width=\"1024\" height=\"768\" src=\"https:\/\/radioljubuski.ba\/wp-content\/uploads\/2021\/11\/Capljina-sastanak-28.10.-1024x768.jpg\" alt=\"\" data-id=\"85135\" data-full-url=\"https:\/\/radioljubuski.ba\/wp-content\/uploads\/2021\/11\/Capljina-sastanak-28.10.-scaled.jpg\" data-link=\"https:\/\/radioljubuski.ba\/?attachment_id=85135\" class=\"wp-image-85135\" srcset=\"https:\/\/radioljubuski.ba\/wp-content\/uploads\/2021\/11\/Capljina-sastanak-28.10.-1024x768.jpg 1024w, https:\/\/radioljubuski.ba\/wp-content\/uploads\/2021\/11\/Capljina-sastanak-28.10.-300x225.jpg 300w, https:\/\/radioljubuski.ba\/wp-content\/uploads\/2021\/11\/Capljina-sastanak-28.10.-768x576.jpg 768w, https:\/\/radioljubuski.ba\/wp-content\/uploads\/2021\/11\/Capljina-sastanak-28.10.-1536x1152.jpg 1536w, https:\/\/radioljubuski.ba\/wp-content\/uploads\/2021\/11\/Capljina-sastanak-28.10.-2048x1536.jpg 2048w, https:\/\/radioljubuski.ba\/wp-content\/uploads\/2021\/11\/Capljina-sastanak-28.10.-16x12.jpg 16w\" sizes=\"auto, (max-width: 1024px) 100vw, 1024px\" \/><\/figure><\/li><li class=\"blocks-gallery-item\"><figure><img loading=\"lazy\" decoding=\"async\" width=\"1024\" height=\"768\" src=\"https:\/\/radioljubuski.ba\/wp-content\/uploads\/2021\/11\/Stolac-sastanak-28.10.-1024x768.jpg\" alt=\"\" data-id=\"85136\" data-full-url=\"https:\/\/radioljubuski.ba\/wp-content\/uploads\/2021\/11\/Stolac-sastanak-28.10.-scaled.jpg\" data-link=\"https:\/\/radioljubuski.ba\/?attachment_id=85136\" class=\"wp-image-85136\" srcset=\"https:\/\/radioljubuski.ba\/wp-content\/uploads\/2021\/11\/Stolac-sastanak-28.10.-1024x768.jpg 1024w, https:\/\/radioljubuski.ba\/wp-content\/uploads\/2021\/11\/Stolac-sastanak-28.10.-300x225.jpg 300w, https:\/\/radioljubuski.ba\/wp-content\/uploads\/2021\/11\/Stolac-sastanak-28.10.-768x576.jpg 768w, https:\/\/radioljubuski.ba\/wp-content\/uploads\/2021\/11\/Stolac-sastanak-28.10.-1536x1152.jpg 1536w, https:\/\/radioljubuski.ba\/wp-content\/uploads\/2021\/11\/Stolac-sastanak-28.10.-2048x1536.jpg 2048w, https:\/\/radioljubuski.ba\/wp-content\/uploads\/2021\/11\/Stolac-sastanak-28.10.-16x12.jpg 16w\" sizes=\"auto, (max-width: 1024px) 100vw, 1024px\" \/><\/figure><\/li><li class=\"blocks-gallery-item\"><figure><img loading=\"lazy\" decoding=\"async\" width=\"1024\" height=\"768\" src=\"https:\/\/radioljubuski.ba\/wp-content\/uploads\/2021\/11\/Siroki-Brijeg-sastanak-26.10.-1024x768.jpg\" alt=\"\" data-id=\"85137\" data-full-url=\"https:\/\/radioljubuski.ba\/wp-content\/uploads\/2021\/11\/Siroki-Brijeg-sastanak-26.10.-scaled.jpg\" data-link=\"https:\/\/radioljubuski.ba\/?attachment_id=85137\" class=\"wp-image-85137\" srcset=\"https:\/\/radioljubuski.ba\/wp-content\/uploads\/2021\/11\/Siroki-Brijeg-sastanak-26.10.-1024x768.jpg 1024w, https:\/\/radioljubuski.ba\/wp-content\/uploads\/2021\/11\/Siroki-Brijeg-sastanak-26.10.-300x225.jpg 300w, https:\/\/radioljubuski.ba\/wp-content\/uploads\/2021\/11\/Siroki-Brijeg-sastanak-26.10.-768x576.jpg 768w, https:\/\/radioljubuski.ba\/wp-content\/uploads\/2021\/11\/Siroki-Brijeg-sastanak-26.10.-1536x1152.jpg 1536w, https:\/\/radioljubuski.ba\/wp-content\/uploads\/2021\/11\/Siroki-Brijeg-sastanak-26.10.-2048x1536.jpg 2048w, https:\/\/radioljubuski.ba\/wp-content\/uploads\/2021\/11\/Siroki-Brijeg-sastanak-26.10.-16x12.jpg 16w\" sizes=\"auto, (max-width: 1024px) 100vw, 1024px\" \/><\/figure><\/li><\/ul><\/figure>\n","protected":false},"excerpt":{"rendered":"<p>Centar za gra\u0111ansku suradnju iz Livna je u prethodnom periodu odr\u017eao sastanke u 12 op\u0107ina\/gradova: Stolac, \u010capljina, Ljubu\u0161ki, Grude, \u0160iroki Brijeg, Posu\u0161je, Tomislavgrad, Kupres, Livno, Glamo\u010d, Bosansko Grahovo i Drvar. Na sastancima su sudjelovali gra\u0111ani\/ke, predstavnici mjesnih zajednica i lokalnih organizacija civilnog dru\u0161tva i predstavnici op\u0107inskih\/gradskih uprava. Teme sastanaka su bile pobolj\u0161anje statusa i financiranje [&hellip;]<\/p>\n","protected":false},"author":2,"featured_media":85134,"comment_status":"closed","ping_status":"closed","sticky":false,"template":"","format":"standard","meta":{"h5ap_radio_sources":[],"footnotes":""},"categories":[1],"tags":[],"class_list":["post-85133","post","type-post","status-publish","format-standard","has-post-thumbnail","hentry","category-bihiregija"],"yoast_head":"<!-- This site is optimized with the Yoast SEO plugin v27.5 - https:\/\/yoast.com\/product\/yoast-seo-wordpress\/ -->\n<title>Centar za gra\u0111ansku suradnju: Op\u0107ine\/gradovi moraju osigurati nesmetan rad i funkcioniranje mjesnih zajednica - RADIO LJUBU\u0160KI<\/title>\n<meta name=\"robots\" content=\"index, follow, max-snippet:-1, max-image-preview:large, max-video-preview:-1\" \/>\n<link rel=\"canonical\" href=\"https:\/\/radioljubuski.ba\/index.php\/2021\/11\/05\/centar-za-gradansku-suradnju-opcine-gradovi-moraju-osigurati-nesmetan-rad-i-funkcioniranje-mjesnih-zajednica\/\" \/>\n<meta property=\"og:locale\" content=\"hr_HR\" \/>\n<meta property=\"og:type\" content=\"article\" \/>\n<meta property=\"og:title\" content=\"Centar za gra\u0111ansku suradnju: Op\u0107ine\/gradovi moraju osigurati nesmetan rad i funkcioniranje mjesnih zajednica - RADIO LJUBU\u0160KI\" \/>\n<meta property=\"og:description\" content=\"Centar za gra\u0111ansku suradnju iz Livna je u prethodnom periodu odr\u017eao sastanke u 12 op\u0107ina\/gradova: Stolac, \u010capljina, Ljubu\u0161ki, Grude, \u0160iroki Brijeg, Posu\u0161je, Tomislavgrad, Kupres, Livno, Glamo\u010d, Bosansko Grahovo i Drvar. Na sastancima su sudjelovali gra\u0111ani\/ke, predstavnici mjesnih zajednica i lokalnih organizacija civilnog dru\u0161tva i predstavnici op\u0107inskih\/gradskih uprava. Teme sastanaka su bile pobolj\u0161anje statusa i financiranje [&hellip;]\" \/>\n<meta property=\"og:url\" content=\"https:\/\/radioljubuski.ba\/index.php\/2021\/11\/05\/centar-za-gradansku-suradnju-opcine-gradovi-moraju-osigurati-nesmetan-rad-i-funkcioniranje-mjesnih-zajednica\/\" \/>\n<meta property=\"og:site_name\" content=\"RADIO LJUBU\u0160KI\" \/>\n<meta property=\"article:publisher\" content=\"https:\/\/www.facebook.com\/Radiio-Ljubuski-1490835324566332\" \/>\n<meta property=\"article:published_time\" content=\"2021-11-05T08:37:16+00:00\" \/>\n<meta property=\"article:modified_time\" content=\"2021-11-05T08:57:18+00:00\" \/>\n<meta property=\"og:image\" content=\"https:\/\/radioljubuski.ba\/wp-content\/uploads\/2021\/11\/Bosansko-Grahovo-sastanak-15.10.-scaled.jpg\" \/>\n\t<meta property=\"og:image:width\" content=\"2560\" \/>\n\t<meta property=\"og:image:height\" content=\"1920\" \/>\n\t<meta property=\"og:image:type\" content=\"image\/jpeg\" \/>\n<meta name=\"author\" content=\"Radio Ljubu\u0161ki\" \/>\n<meta name=\"twitter:card\" content=\"summary_large_image\" \/>\n<meta name=\"twitter:creator\" content=\"@radioljubuski\" \/>\n<meta name=\"twitter:site\" content=\"@radioljubuski\" \/>\n<meta name=\"twitter:label1\" content=\"Napisao\/la\" \/>\n\t<meta name=\"twitter:data1\" content=\"Radio Ljubu\u0161ki\" \/>\n\t<meta name=\"twitter:label2\" content=\"Procijenjeno vrijeme \u010ditanja\" \/>\n\t<meta name=\"twitter:data2\" content=\"3 minute\" \/>\n<script type=\"application\/ld+json\" class=\"yoast-schema-graph\">{\"@context\":\"https:\\\/\\\/schema.org\",\"@graph\":[{\"@type\":\"Article\",\"@id\":\"https:\\\/\\\/radioljubuski.ba\\\/index.php\\\/2021\\\/11\\\/05\\\/centar-za-gradansku-suradnju-opcine-gradovi-moraju-osigurati-nesmetan-rad-i-funkcioniranje-mjesnih-zajednica\\\/#article\",\"isPartOf\":{\"@id\":\"https:\\\/\\\/radioljubuski.ba\\\/index.php\\\/2021\\\/11\\\/05\\\/centar-za-gradansku-suradnju-opcine-gradovi-moraju-osigurati-nesmetan-rad-i-funkcioniranje-mjesnih-zajednica\\\/\"},\"author\":{\"name\":\"Radio Ljubu\u0161ki\",\"@id\":\"https:\\\/\\\/radioljubuski.ba\\\/#\\\/schema\\\/person\\\/19fc700381a780f69665d7956c469e3b\"},\"headline\":\"Centar za gra\u0111ansku suradnju: Op\u0107ine\\\/gradovi moraju osigurati nesmetan rad i funkcioniranje mjesnih zajednica\",\"datePublished\":\"2021-11-05T08:37:16+00:00\",\"dateModified\":\"2021-11-05T08:57:18+00:00\",\"mainEntityOfPage\":{\"@id\":\"https:\\\/\\\/radioljubuski.ba\\\/index.php\\\/2021\\\/11\\\/05\\\/centar-za-gradansku-suradnju-opcine-gradovi-moraju-osigurati-nesmetan-rad-i-funkcioniranje-mjesnih-zajednica\\\/\"},\"wordCount\":413,\"publisher\":{\"@id\":\"https:\\\/\\\/radioljubuski.ba\\\/#organization\"},\"image\":{\"@id\":\"https:\\\/\\\/radioljubuski.ba\\\/index.php\\\/2021\\\/11\\\/05\\\/centar-za-gradansku-suradnju-opcine-gradovi-moraju-osigurati-nesmetan-rad-i-funkcioniranje-mjesnih-zajednica\\\/#primaryimage\"},\"thumbnailUrl\":\"https:\\\/\\\/radioljubuski.ba\\\/wp-content\\\/uploads\\\/2021\\\/11\\\/Bosansko-Grahovo-sastanak-15.10.-scaled.jpg\",\"articleSection\":[\"BIH i regija\"],\"inLanguage\":\"hr\"},{\"@type\":\"WebPage\",\"@id\":\"https:\\\/\\\/radioljubuski.ba\\\/index.php\\\/2021\\\/11\\\/05\\\/centar-za-gradansku-suradnju-opcine-gradovi-moraju-osigurati-nesmetan-rad-i-funkcioniranje-mjesnih-zajednica\\\/\",\"url\":\"https:\\\/\\\/radioljubuski.ba\\\/index.php\\\/2021\\\/11\\\/05\\\/centar-za-gradansku-suradnju-opcine-gradovi-moraju-osigurati-nesmetan-rad-i-funkcioniranje-mjesnih-zajednica\\\/\",\"name\":\"Centar za gra\u0111ansku suradnju: Op\u0107ine\\\/gradovi moraju osigurati nesmetan rad i funkcioniranje mjesnih zajednica - RADIO LJUBU\u0160KI\",\"isPartOf\":{\"@id\":\"https:\\\/\\\/radioljubuski.ba\\\/#website\"},\"primaryImageOfPage\":{\"@id\":\"https:\\\/\\\/radioljubuski.ba\\\/index.php\\\/2021\\\/11\\\/05\\\/centar-za-gradansku-suradnju-opcine-gradovi-moraju-osigurati-nesmetan-rad-i-funkcioniranje-mjesnih-zajednica\\\/#primaryimage\"},\"image\":{\"@id\":\"https:\\\/\\\/radioljubuski.ba\\\/index.php\\\/2021\\\/11\\\/05\\\/centar-za-gradansku-suradnju-opcine-gradovi-moraju-osigurati-nesmetan-rad-i-funkcioniranje-mjesnih-zajednica\\\/#primaryimage\"},\"thumbnailUrl\":\"https:\\\/\\\/radioljubuski.ba\\\/wp-content\\\/uploads\\\/2021\\\/11\\\/Bosansko-Grahovo-sastanak-15.10.-scaled.jpg\",\"datePublished\":\"2021-11-05T08:37:16+00:00\",\"dateModified\":\"2021-11-05T08:57:18+00:00\",\"breadcrumb\":{\"@id\":\"https:\\\/\\\/radioljubuski.ba\\\/index.php\\\/2021\\\/11\\\/05\\\/centar-za-gradansku-suradnju-opcine-gradovi-moraju-osigurati-nesmetan-rad-i-funkcioniranje-mjesnih-zajednica\\\/#breadcrumb\"},\"inLanguage\":\"hr\",\"potentialAction\":[{\"@type\":\"ReadAction\",\"target\":[\"https:\\\/\\\/radioljubuski.ba\\\/index.php\\\/2021\\\/11\\\/05\\\/centar-za-gradansku-suradnju-opcine-gradovi-moraju-osigurati-nesmetan-rad-i-funkcioniranje-mjesnih-zajednica\\\/\"]}]},{\"@type\":\"ImageObject\",\"inLanguage\":\"hr\",\"@id\":\"https:\\\/\\\/radioljubuski.ba\\\/index.php\\\/2021\\\/11\\\/05\\\/centar-za-gradansku-suradnju-opcine-gradovi-moraju-osigurati-nesmetan-rad-i-funkcioniranje-mjesnih-zajednica\\\/#primaryimage\",\"url\":\"https:\\\/\\\/radioljubuski.ba\\\/wp-content\\\/uploads\\\/2021\\\/11\\\/Bosansko-Grahovo-sastanak-15.10.-scaled.jpg\",\"contentUrl\":\"https:\\\/\\\/radioljubuski.ba\\\/wp-content\\\/uploads\\\/2021\\\/11\\\/Bosansko-Grahovo-sastanak-15.10.-scaled.jpg\",\"width\":2560,\"height\":1920},{\"@type\":\"BreadcrumbList\",\"@id\":\"https:\\\/\\\/radioljubuski.ba\\\/index.php\\\/2021\\\/11\\\/05\\\/centar-za-gradansku-suradnju-opcine-gradovi-moraju-osigurati-nesmetan-rad-i-funkcioniranje-mjesnih-zajednica\\\/#breadcrumb\",\"itemListElement\":[{\"@type\":\"ListItem\",\"position\":1,\"name\":\"Po\u010detna stranica\",\"item\":\"https:\\\/\\\/radioljubuski.ba\\\/\"},{\"@type\":\"ListItem\",\"position\":2,\"name\":\"Centar za gra\u0111ansku suradnju: Op\u0107ine\\\/gradovi moraju osigurati nesmetan rad i funkcioniranje mjesnih zajednica\"}]},{\"@type\":\"WebSite\",\"@id\":\"https:\\\/\\\/radioljubuski.ba\\\/#website\",\"url\":\"https:\\\/\\\/radioljubuski.ba\\\/\",\"name\":\"Radio Ljubu\u0161ki\",\"description\":\"Sun\u010dana frekvencija Hercegovine\",\"publisher\":{\"@id\":\"https:\\\/\\\/radioljubuski.ba\\\/#organization\"},\"potentialAction\":[{\"@type\":\"SearchAction\",\"target\":{\"@type\":\"EntryPoint\",\"urlTemplate\":\"https:\\\/\\\/radioljubuski.ba\\\/?s={search_term_string}\"},\"query-input\":{\"@type\":\"PropertyValueSpecification\",\"valueRequired\":true,\"valueName\":\"search_term_string\"}}],\"inLanguage\":\"hr\"},{\"@type\":\"Organization\",\"@id\":\"https:\\\/\\\/radioljubuski.ba\\\/#organization\",\"name\":\"Radio Ljubu\u0161ki\",\"url\":\"https:\\\/\\\/radioljubuski.ba\\\/\",\"logo\":{\"@type\":\"ImageObject\",\"inLanguage\":\"hr\",\"@id\":\"https:\\\/\\\/radioljubuski.ba\\\/#\\\/schema\\\/logo\\\/image\\\/\",\"url\":\"https:\\\/\\\/radioljubuski.ba\\\/wp-content\\\/uploads\\\/2021\\\/02\\\/cropped-Radio_Ljubuski_logo1.jpg\",\"contentUrl\":\"https:\\\/\\\/radioljubuski.ba\\\/wp-content\\\/uploads\\\/2021\\\/02\\\/cropped-Radio_Ljubuski_logo1.jpg\",\"width\":512,\"height\":512,\"caption\":\"Radio Ljubu\u0161ki\"},\"image\":{\"@id\":\"https:\\\/\\\/radioljubuski.ba\\\/#\\\/schema\\\/logo\\\/image\\\/\"},\"sameAs\":[\"https:\\\/\\\/www.facebook.com\\\/Radiio-Ljubuski-1490835324566332\",\"https:\\\/\\\/x.com\\\/radioljubuski\",\"https:\\\/\\\/hr.linkedin.com\\\/company\\\/radio-ljubuski\",\"https:\\\/\\\/www.youtube.com\\\/channel\\\/UCHYaeO_n0Db3tjNGudGpXyw\"]},{\"@type\":\"Person\",\"@id\":\"https:\\\/\\\/radioljubuski.ba\\\/#\\\/schema\\\/person\\\/19fc700381a780f69665d7956c469e3b\",\"name\":\"Radio Ljubu\u0161ki\"}]}<\/script>\n<!-- \/ Yoast SEO plugin. -->","yoast_head_json":{"title":"Centar za gra\u0111ansku suradnju: Op\u0107ine\/gradovi moraju osigurati nesmetan rad i funkcioniranje mjesnih zajednica - RADIO LJUBU\u0160KI","robots":{"index":"index","follow":"follow","max-snippet":"max-snippet:-1","max-image-preview":"max-image-preview:large","max-video-preview":"max-video-preview:-1"},"canonical":"https:\/\/radioljubuski.ba\/index.php\/2021\/11\/05\/centar-za-gradansku-suradnju-opcine-gradovi-moraju-osigurati-nesmetan-rad-i-funkcioniranje-mjesnih-zajednica\/","og_locale":"hr_HR","og_type":"article","og_title":"Centar za gra\u0111ansku suradnju: Op\u0107ine\/gradovi moraju osigurati nesmetan rad i funkcioniranje mjesnih zajednica - RADIO LJUBU\u0160KI","og_description":"Centar za gra\u0111ansku suradnju iz Livna je u prethodnom periodu odr\u017eao sastanke u 12 op\u0107ina\/gradova: Stolac, \u010capljina, Ljubu\u0161ki, Grude, \u0160iroki Brijeg, Posu\u0161je, Tomislavgrad, Kupres, Livno, Glamo\u010d, Bosansko Grahovo i Drvar. Na sastancima su sudjelovali gra\u0111ani\/ke, predstavnici mjesnih zajednica i lokalnih organizacija civilnog dru\u0161tva i predstavnici op\u0107inskih\/gradskih uprava. Teme sastanaka su bile pobolj\u0161anje statusa i financiranje [&hellip;]","og_url":"https:\/\/radioljubuski.ba\/index.php\/2021\/11\/05\/centar-za-gradansku-suradnju-opcine-gradovi-moraju-osigurati-nesmetan-rad-i-funkcioniranje-mjesnih-zajednica\/","og_site_name":"RADIO LJUBU\u0160KI","article_publisher":"https:\/\/www.facebook.com\/Radiio-Ljubuski-1490835324566332","article_published_time":"2021-11-05T08:37:16+00:00","article_modified_time":"2021-11-05T08:57:18+00:00","og_image":[{"width":2560,"height":1920,"url":"https:\/\/radioljubuski.ba\/wp-content\/uploads\/2021\/11\/Bosansko-Grahovo-sastanak-15.10.-scaled.jpg","type":"image\/jpeg"}],"author":"Radio Ljubu\u0161ki","twitter_card":"summary_large_image","twitter_creator":"@radioljubuski","twitter_site":"@radioljubuski","twitter_misc":{"Napisao\/la":"Radio Ljubu\u0161ki","Procijenjeno vrijeme \u010ditanja":"3 minute"},"schema":{"@context":"https:\/\/schema.org","@graph":[{"@type":"Article","@id":"https:\/\/radioljubuski.ba\/index.php\/2021\/11\/05\/centar-za-gradansku-suradnju-opcine-gradovi-moraju-osigurati-nesmetan-rad-i-funkcioniranje-mjesnih-zajednica\/#article","isPartOf":{"@id":"https:\/\/radioljubuski.ba\/index.php\/2021\/11\/05\/centar-za-gradansku-suradnju-opcine-gradovi-moraju-osigurati-nesmetan-rad-i-funkcioniranje-mjesnih-zajednica\/"},"author":{"name":"Radio Ljubu\u0161ki","@id":"https:\/\/radioljubuski.ba\/#\/schema\/person\/19fc700381a780f69665d7956c469e3b"},"headline":"Centar za gra\u0111ansku suradnju: Op\u0107ine\/gradovi moraju osigurati nesmetan rad i funkcioniranje mjesnih zajednica","datePublished":"2021-11-05T08:37:16+00:00","dateModified":"2021-11-05T08:57:18+00:00","mainEntityOfPage":{"@id":"https:\/\/radioljubuski.ba\/index.php\/2021\/11\/05\/centar-za-gradansku-suradnju-opcine-gradovi-moraju-osigurati-nesmetan-rad-i-funkcioniranje-mjesnih-zajednica\/"},"wordCount":413,"publisher":{"@id":"https:\/\/radioljubuski.ba\/#organization"},"image":{"@id":"https:\/\/radioljubuski.ba\/index.php\/2021\/11\/05\/centar-za-gradansku-suradnju-opcine-gradovi-moraju-osigurati-nesmetan-rad-i-funkcioniranje-mjesnih-zajednica\/#primaryimage"},"thumbnailUrl":"https:\/\/radioljubuski.ba\/wp-content\/uploads\/2021\/11\/Bosansko-Grahovo-sastanak-15.10.-scaled.jpg","articleSection":["BIH i regija"],"inLanguage":"hr"},{"@type":"WebPage","@id":"https:\/\/radioljubuski.ba\/index.php\/2021\/11\/05\/centar-za-gradansku-suradnju-opcine-gradovi-moraju-osigurati-nesmetan-rad-i-funkcioniranje-mjesnih-zajednica\/","url":"https:\/\/radioljubuski.ba\/index.php\/2021\/11\/05\/centar-za-gradansku-suradnju-opcine-gradovi-moraju-osigurati-nesmetan-rad-i-funkcioniranje-mjesnih-zajednica\/","name":"Centar za gra\u0111ansku suradnju: Op\u0107ine\/gradovi moraju osigurati nesmetan rad i funkcioniranje mjesnih zajednica - RADIO LJUBU\u0160KI","isPartOf":{"@id":"https:\/\/radioljubuski.ba\/#website"},"primaryImageOfPage":{"@id":"https:\/\/radioljubuski.ba\/index.php\/2021\/11\/05\/centar-za-gradansku-suradnju-opcine-gradovi-moraju-osigurati-nesmetan-rad-i-funkcioniranje-mjesnih-zajednica\/#primaryimage"},"image":{"@id":"https:\/\/radioljubuski.ba\/index.php\/2021\/11\/05\/centar-za-gradansku-suradnju-opcine-gradovi-moraju-osigurati-nesmetan-rad-i-funkcioniranje-mjesnih-zajednica\/#primaryimage"},"thumbnailUrl":"https:\/\/radioljubuski.ba\/wp-content\/uploads\/2021\/11\/Bosansko-Grahovo-sastanak-15.10.-scaled.jpg","datePublished":"2021-11-05T08:37:16+00:00","dateModified":"2021-11-05T08:57:18+00:00","breadcrumb":{"@id":"https:\/\/radioljubuski.ba\/index.php\/2021\/11\/05\/centar-za-gradansku-suradnju-opcine-gradovi-moraju-osigurati-nesmetan-rad-i-funkcioniranje-mjesnih-zajednica\/#breadcrumb"},"inLanguage":"hr","potentialAction":[{"@type":"ReadAction","target":["https:\/\/radioljubuski.ba\/index.php\/2021\/11\/05\/centar-za-gradansku-suradnju-opcine-gradovi-moraju-osigurati-nesmetan-rad-i-funkcioniranje-mjesnih-zajednica\/"]}]},{"@type":"ImageObject","inLanguage":"hr","@id":"https:\/\/radioljubuski.ba\/index.php\/2021\/11\/05\/centar-za-gradansku-suradnju-opcine-gradovi-moraju-osigurati-nesmetan-rad-i-funkcioniranje-mjesnih-zajednica\/#primaryimage","url":"https:\/\/radioljubuski.ba\/wp-content\/uploads\/2021\/11\/Bosansko-Grahovo-sastanak-15.10.-scaled.jpg","contentUrl":"https:\/\/radioljubuski.ba\/wp-content\/uploads\/2021\/11\/Bosansko-Grahovo-sastanak-15.10.-scaled.jpg","width":2560,"height":1920},{"@type":"BreadcrumbList","@id":"https:\/\/radioljubuski.ba\/index.php\/2021\/11\/05\/centar-za-gradansku-suradnju-opcine-gradovi-moraju-osigurati-nesmetan-rad-i-funkcioniranje-mjesnih-zajednica\/#breadcrumb","itemListElement":[{"@type":"ListItem","position":1,"name":"Po\u010detna stranica","item":"https:\/\/radioljubuski.ba\/"},{"@type":"ListItem","position":2,"name":"Centar za gra\u0111ansku suradnju: Op\u0107ine\/gradovi moraju osigurati nesmetan rad i funkcioniranje mjesnih zajednica"}]},{"@type":"WebSite","@id":"https:\/\/radioljubuski.ba\/#website","url":"https:\/\/radioljubuski.ba\/","name":"Radio Ljubu\u0161ki","description":"Sun\u010dana frekvencija Hercegovine","publisher":{"@id":"https:\/\/radioljubuski.ba\/#organization"},"potentialAction":[{"@type":"SearchAction","target":{"@type":"EntryPoint","urlTemplate":"https:\/\/radioljubuski.ba\/?s={search_term_string}"},"query-input":{"@type":"PropertyValueSpecification","valueRequired":true,"valueName":"search_term_string"}}],"inLanguage":"hr"},{"@type":"Organization","@id":"https:\/\/radioljubuski.ba\/#organization","name":"Radio Ljubu\u0161ki","url":"https:\/\/radioljubuski.ba\/","logo":{"@type":"ImageObject","inLanguage":"hr","@id":"https:\/\/radioljubuski.ba\/#\/schema\/logo\/image\/","url":"https:\/\/radioljubuski.ba\/wp-content\/uploads\/2021\/02\/cropped-Radio_Ljubuski_logo1.jpg","contentUrl":"https:\/\/radioljubuski.ba\/wp-content\/uploads\/2021\/02\/cropped-Radio_Ljubuski_logo1.jpg","width":512,"height":512,"caption":"Radio Ljubu\u0161ki"},"image":{"@id":"https:\/\/radioljubuski.ba\/#\/schema\/logo\/image\/"},"sameAs":["https:\/\/www.facebook.com\/Radiio-Ljubuski-1490835324566332","https:\/\/x.com\/radioljubuski","https:\/\/hr.linkedin.com\/company\/radio-ljubuski","https:\/\/www.youtube.com\/channel\/UCHYaeO_n0Db3tjNGudGpXyw"]},{"@type":"Person","@id":"https:\/\/radioljubuski.ba\/#\/schema\/person\/19fc700381a780f69665d7956c469e3b","name":"Radio Ljubu\u0161ki"}]}},"_links":{"self":[{"href":"https:\/\/radioljubuski.ba\/index.php\/wp-json\/wp\/v2\/posts\/85133","targetHints":{"allow":["GET"]}}],"collection":[{"href":"https:\/\/radioljubuski.ba\/index.php\/wp-json\/wp\/v2\/posts"}],"about":[{"href":"https:\/\/radioljubuski.ba\/index.php\/wp-json\/wp\/v2\/types\/post"}],"author":[{"embeddable":true,"href":"https:\/\/radioljubuski.ba\/index.php\/wp-json\/wp\/v2\/users\/2"}],"replies":[{"embeddable":true,"href":"https:\/\/radioljubuski.ba\/index.php\/wp-json\/wp\/v2\/comments?post=85133"}],"version-history":[{"count":1,"href":"https:\/\/radioljubuski.ba\/index.php\/wp-json\/wp\/v2\/posts\/85133\/revisions"}],"predecessor-version":[{"id":85138,"href":"https:\/\/radioljubuski.ba\/index.php\/wp-json\/wp\/v2\/posts\/85133\/revisions\/85138"}],"wp:featuredmedia":[{"embeddable":true,"href":"https:\/\/radioljubuski.ba\/index.php\/wp-json\/wp\/v2\/media\/85134"}],"wp:attachment":[{"href":"https:\/\/radioljubuski.ba\/index.php\/wp-json\/wp\/v2\/media?parent=85133"}],"wp:term":[{"taxonomy":"category","embeddable":true,"href":"https:\/\/radioljubuski.ba\/index.php\/wp-json\/wp\/v2\/categories?post=85133"},{"taxonomy":"post_tag","embeddable":true,"href":"https:\/\/radioljubuski.ba\/index.php\/wp-json\/wp\/v2\/tags?post=85133"}],"curies":[{"name":"wp","href":"https:\/\/api.w.org\/{rel}","templated":true}]}}