{"id":85148,"date":"2021-11-05T11:13:32","date_gmt":"2021-11-05T10:13:32","guid":{"rendered":"https:\/\/radioljubuski.ba\/?p=85148"},"modified":"2021-11-05T11:13:33","modified_gmt":"2021-11-05T10:13:33","slug":"cnn-uvrstio-mostar-na-popis-najljepsih-malih-gradova-u-europi","status":"publish","type":"post","link":"https:\/\/radioljubuski.ba\/index.php\/2021\/11\/05\/cnn-uvrstio-mostar-na-popis-najljepsih-malih-gradova-u-europi\/","title":{"rendered":"CNN uvrstio Mostar na popis najljep\u0161ih malih gradova u Europi"},"content":{"rendered":"\n<p><strong>CNN je objavio listu najljep\u0161ih malih gradova u Europi na kojoj se na\u0161ao i hercegova\u010dki dragulj Mostar. Na presti\u017enom popisu na\u0161li su jo\u0161 dva grada iz biv\u0161e Jugoslavije, hrvatska Kor\u010dula i slovena\u010dki Piran.<\/strong><\/p>\n\n\n\n<p>Mostarski Stari most, pi\u0161e CNN, koji su izgradili Osmanlije u 16. stolje\u0107u, dugo se smatrao jednim od najboljih primjera balkanske islamske arhitekture. Uzdignut visoko preko rijeke Neretve, to je jedna od najpoznatijih znamenitosti na Balkanu, a tradicionalno lokalno stanovni\u0161tvo ska\u010de s mosta. Danas je to stanica na Svjetskoj seriji Red Bull Cliff Diving.<\/p>\n\n\n\n<p>\u2013 Most su sru\u0161ile hrvatske snage u studenom 1993. tijekom rata u Bosni i Hercegovini, neto\u010dno navodi CNN i dodaje; -Rekonstruirani most izgra\u0111en je 2004. godine, a Mostar je danas omiljeno odredi\u0161te u Bosni i Hercegovini i popularan jednodnevni izlet iz Dubrovnika, pi\u0161e CNN.<\/p>\n\n\n\n<p>Tako\u0111er, u dijelu tekst o Kor\u010duli navodi se da kad otok, koje mirno sjedi u Jadranskom moru, jednostavno nije dovoljan, tu je Kor\u010dula, koja se izdvaja od istoimenog otoka na malenom poluotoku.<\/p>\n\n\n\n<p>\u2013 Mje\u0161tani ka\u017eu da je ovdje ro\u0111en avanturist Marco Polo, Mle\u010dani to osporavaju. Bilo kako bilo, to je grad svjetske klase, s blistavim bijelim ulicama i zgradama isklesanim od lokalnog kamena, vodom gotovo posvuda i prekrasnim zgradama koje su ostavili Mle\u010dani, koji su ovdje stolje\u0107ima vladali \u2013 pi\u0161e na CNN-u.<\/p>\n\n\n\n<p>Lista gradova<\/p>\n\n\n\n<p>Lista najljep\u0161ih malih gradova Europe sadr\u017ei jo\u0161 gradove Giethoorn (Nizozemska), Guimaraes (Portugal), Roscoff (Francuska), Anghiari i Mazara del Vallo (Italija), Nafplio (Gr\u010dka), Clovelly (Ujedinjeno Kraljevstvo) i Dinkelsbuhl (Njema\u010dka), Kenmare (Irska), Reine (Norve\u0161ka), Regencos (\u0160panjolska) i Tarnow (Poljska).<\/p>\n\n\n\n<p>\/HMS\/<\/p>\n","protected":false},"excerpt":{"rendered":"<p>CNN je objavio listu najljep\u0161ih malih gradova u Europi na kojoj se na\u0161ao i hercegova\u010dki dragulj Mostar. Na presti\u017enom popisu na\u0161li su jo\u0161 dva grada iz biv\u0161e Jugoslavije, hrvatska Kor\u010dula i slovena\u010dki Piran. Mostarski Stari most, pi\u0161e CNN, koji su izgradili Osmanlije u 16. stolje\u0107u, dugo se smatrao jednim od najboljih primjera balkanske islamske arhitekture. [&hellip;]<\/p>\n","protected":false},"author":2,"featured_media":85149,"comment_status":"closed","ping_status":"closed","sticky":false,"template":"","format":"standard","meta":{"h5ap_radio_sources":[],"footnotes":""},"categories":[1],"tags":[],"class_list":["post-85148","post","type-post","status-publish","format-standard","has-post-thumbnail","hentry","category-bihiregija"],"yoast_head":"<!-- This site is optimized with the Yoast SEO plugin v27.5 - https:\/\/yoast.com\/product\/yoast-seo-wordpress\/ -->\n<title>CNN uvrstio Mostar na popis najljep\u0161ih malih gradova u Europi - RADIO LJUBU\u0160KI<\/title>\n<meta name=\"robots\" content=\"index, follow, max-snippet:-1, max-image-preview:large, max-video-preview:-1\" \/>\n<link rel=\"canonical\" href=\"https:\/\/radioljubuski.ba\/index.php\/2021\/11\/05\/cnn-uvrstio-mostar-na-popis-najljepsih-malih-gradova-u-europi\/\" \/>\n<meta property=\"og:locale\" content=\"hr_HR\" \/>\n<meta property=\"og:type\" content=\"article\" \/>\n<meta property=\"og:title\" content=\"CNN uvrstio Mostar na popis najljep\u0161ih malih gradova u Europi - RADIO LJUBU\u0160KI\" \/>\n<meta property=\"og:description\" content=\"CNN je objavio listu najljep\u0161ih malih gradova u Europi na kojoj se na\u0161ao i hercegova\u010dki dragulj Mostar. Na presti\u017enom popisu na\u0161li su jo\u0161 dva grada iz biv\u0161e Jugoslavije, hrvatska Kor\u010dula i slovena\u010dki Piran. Mostarski Stari most, pi\u0161e CNN, koji su izgradili Osmanlije u 16. stolje\u0107u, dugo se smatrao jednim od najboljih primjera balkanske islamske arhitekture. [&hellip;]\" \/>\n<meta property=\"og:url\" content=\"https:\/\/radioljubuski.ba\/index.php\/2021\/11\/05\/cnn-uvrstio-mostar-na-popis-najljepsih-malih-gradova-u-europi\/\" \/>\n<meta property=\"og:site_name\" content=\"RADIO LJUBU\u0160KI\" \/>\n<meta property=\"article:publisher\" content=\"https:\/\/www.facebook.com\/Radiio-Ljubuski-1490835324566332\" \/>\n<meta property=\"article:published_time\" content=\"2021-11-05T10:13:32+00:00\" \/>\n<meta property=\"article:modified_time\" content=\"2021-11-05T10:13:33+00:00\" \/>\n<meta property=\"og:image\" content=\"https:\/\/radioljubuski.ba\/wp-content\/uploads\/2021\/11\/mostar-stari-most.jpg\" \/>\n\t<meta property=\"og:image:width\" content=\"1920\" \/>\n\t<meta property=\"og:image:height\" content=\"1080\" \/>\n\t<meta property=\"og:image:type\" content=\"image\/jpeg\" \/>\n<meta name=\"author\" content=\"Radio Ljubu\u0161ki\" \/>\n<meta name=\"twitter:card\" content=\"summary_large_image\" \/>\n<meta name=\"twitter:creator\" content=\"@radioljubuski\" \/>\n<meta name=\"twitter:site\" content=\"@radioljubuski\" \/>\n<meta name=\"twitter:label1\" content=\"Napisao\/la\" \/>\n\t<meta name=\"twitter:data1\" content=\"Radio Ljubu\u0161ki\" \/>\n\t<meta name=\"twitter:label2\" content=\"Procijenjeno vrijeme \u010ditanja\" \/>\n\t<meta name=\"twitter:data2\" content=\"2 minute\" \/>\n<script type=\"application\/ld+json\" class=\"yoast-schema-graph\">{\"@context\":\"https:\\\/\\\/schema.org\",\"@graph\":[{\"@type\":\"Article\",\"@id\":\"https:\\\/\\\/radioljubuski.ba\\\/index.php\\\/2021\\\/11\\\/05\\\/cnn-uvrstio-mostar-na-popis-najljepsih-malih-gradova-u-europi\\\/#article\",\"isPartOf\":{\"@id\":\"https:\\\/\\\/radioljubuski.ba\\\/index.php\\\/2021\\\/11\\\/05\\\/cnn-uvrstio-mostar-na-popis-najljepsih-malih-gradova-u-europi\\\/\"},\"author\":{\"name\":\"Radio Ljubu\u0161ki\",\"@id\":\"https:\\\/\\\/radioljubuski.ba\\\/#\\\/schema\\\/person\\\/19fc700381a780f69665d7956c469e3b\"},\"headline\":\"CNN uvrstio Mostar na popis najljep\u0161ih malih gradova u Europi\",\"datePublished\":\"2021-11-05T10:13:32+00:00\",\"dateModified\":\"2021-11-05T10:13:33+00:00\",\"mainEntityOfPage\":{\"@id\":\"https:\\\/\\\/radioljubuski.ba\\\/index.php\\\/2021\\\/11\\\/05\\\/cnn-uvrstio-mostar-na-popis-najljepsih-malih-gradova-u-europi\\\/\"},\"wordCount\":289,\"publisher\":{\"@id\":\"https:\\\/\\\/radioljubuski.ba\\\/#organization\"},\"image\":{\"@id\":\"https:\\\/\\\/radioljubuski.ba\\\/index.php\\\/2021\\\/11\\\/05\\\/cnn-uvrstio-mostar-na-popis-najljepsih-malih-gradova-u-europi\\\/#primaryimage\"},\"thumbnailUrl\":\"https:\\\/\\\/radioljubuski.ba\\\/wp-content\\\/uploads\\\/2021\\\/11\\\/mostar-stari-most.jpg\",\"articleSection\":[\"BIH i regija\"],\"inLanguage\":\"hr\"},{\"@type\":\"WebPage\",\"@id\":\"https:\\\/\\\/radioljubuski.ba\\\/index.php\\\/2021\\\/11\\\/05\\\/cnn-uvrstio-mostar-na-popis-najljepsih-malih-gradova-u-europi\\\/\",\"url\":\"https:\\\/\\\/radioljubuski.ba\\\/index.php\\\/2021\\\/11\\\/05\\\/cnn-uvrstio-mostar-na-popis-najljepsih-malih-gradova-u-europi\\\/\",\"name\":\"CNN uvrstio Mostar na popis najljep\u0161ih malih gradova u Europi - RADIO LJUBU\u0160KI\",\"isPartOf\":{\"@id\":\"https:\\\/\\\/radioljubuski.ba\\\/#website\"},\"primaryImageOfPage\":{\"@id\":\"https:\\\/\\\/radioljubuski.ba\\\/index.php\\\/2021\\\/11\\\/05\\\/cnn-uvrstio-mostar-na-popis-najljepsih-malih-gradova-u-europi\\\/#primaryimage\"},\"image\":{\"@id\":\"https:\\\/\\\/radioljubuski.ba\\\/index.php\\\/2021\\\/11\\\/05\\\/cnn-uvrstio-mostar-na-popis-najljepsih-malih-gradova-u-europi\\\/#primaryimage\"},\"thumbnailUrl\":\"https:\\\/\\\/radioljubuski.ba\\\/wp-content\\\/uploads\\\/2021\\\/11\\\/mostar-stari-most.jpg\",\"datePublished\":\"2021-11-05T10:13:32+00:00\",\"dateModified\":\"2021-11-05T10:13:33+00:00\",\"breadcrumb\":{\"@id\":\"https:\\\/\\\/radioljubuski.ba\\\/index.php\\\/2021\\\/11\\\/05\\\/cnn-uvrstio-mostar-na-popis-najljepsih-malih-gradova-u-europi\\\/#breadcrumb\"},\"inLanguage\":\"hr\",\"potentialAction\":[{\"@type\":\"ReadAction\",\"target\":[\"https:\\\/\\\/radioljubuski.ba\\\/index.php\\\/2021\\\/11\\\/05\\\/cnn-uvrstio-mostar-na-popis-najljepsih-malih-gradova-u-europi\\\/\"]}]},{\"@type\":\"ImageObject\",\"inLanguage\":\"hr\",\"@id\":\"https:\\\/\\\/radioljubuski.ba\\\/index.php\\\/2021\\\/11\\\/05\\\/cnn-uvrstio-mostar-na-popis-najljepsih-malih-gradova-u-europi\\\/#primaryimage\",\"url\":\"https:\\\/\\\/radioljubuski.ba\\\/wp-content\\\/uploads\\\/2021\\\/11\\\/mostar-stari-most.jpg\",\"contentUrl\":\"https:\\\/\\\/radioljubuski.ba\\\/wp-content\\\/uploads\\\/2021\\\/11\\\/mostar-stari-most.jpg\",\"width\":1920,\"height\":1080},{\"@type\":\"BreadcrumbList\",\"@id\":\"https:\\\/\\\/radioljubuski.ba\\\/index.php\\\/2021\\\/11\\\/05\\\/cnn-uvrstio-mostar-na-popis-najljepsih-malih-gradova-u-europi\\\/#breadcrumb\",\"itemListElement\":[{\"@type\":\"ListItem\",\"position\":1,\"name\":\"Po\u010detna stranica\",\"item\":\"https:\\\/\\\/radioljubuski.ba\\\/\"},{\"@type\":\"ListItem\",\"position\":2,\"name\":\"CNN uvrstio Mostar na popis najljep\u0161ih malih gradova u Europi\"}]},{\"@type\":\"WebSite\",\"@id\":\"https:\\\/\\\/radioljubuski.ba\\\/#website\",\"url\":\"https:\\\/\\\/radioljubuski.ba\\\/\",\"name\":\"Radio Ljubu\u0161ki\",\"description\":\"Sun\u010dana frekvencija Hercegovine\",\"publisher\":{\"@id\":\"https:\\\/\\\/radioljubuski.ba\\\/#organization\"},\"potentialAction\":[{\"@type\":\"SearchAction\",\"target\":{\"@type\":\"EntryPoint\",\"urlTemplate\":\"https:\\\/\\\/radioljubuski.ba\\\/?s={search_term_string}\"},\"query-input\":{\"@type\":\"PropertyValueSpecification\",\"valueRequired\":true,\"valueName\":\"search_term_string\"}}],\"inLanguage\":\"hr\"},{\"@type\":\"Organization\",\"@id\":\"https:\\\/\\\/radioljubuski.ba\\\/#organization\",\"name\":\"Radio Ljubu\u0161ki\",\"url\":\"https:\\\/\\\/radioljubuski.ba\\\/\",\"logo\":{\"@type\":\"ImageObject\",\"inLanguage\":\"hr\",\"@id\":\"https:\\\/\\\/radioljubuski.ba\\\/#\\\/schema\\\/logo\\\/image\\\/\",\"url\":\"https:\\\/\\\/radioljubuski.ba\\\/wp-content\\\/uploads\\\/2021\\\/02\\\/cropped-Radio_Ljubuski_logo1.jpg\",\"contentUrl\":\"https:\\\/\\\/radioljubuski.ba\\\/wp-content\\\/uploads\\\/2021\\\/02\\\/cropped-Radio_Ljubuski_logo1.jpg\",\"width\":512,\"height\":512,\"caption\":\"Radio Ljubu\u0161ki\"},\"image\":{\"@id\":\"https:\\\/\\\/radioljubuski.ba\\\/#\\\/schema\\\/logo\\\/image\\\/\"},\"sameAs\":[\"https:\\\/\\\/www.facebook.com\\\/Radiio-Ljubuski-1490835324566332\",\"https:\\\/\\\/x.com\\\/radioljubuski\",\"https:\\\/\\\/hr.linkedin.com\\\/company\\\/radio-ljubuski\",\"https:\\\/\\\/www.youtube.com\\\/channel\\\/UCHYaeO_n0Db3tjNGudGpXyw\"]},{\"@type\":\"Person\",\"@id\":\"https:\\\/\\\/radioljubuski.ba\\\/#\\\/schema\\\/person\\\/19fc700381a780f69665d7956c469e3b\",\"name\":\"Radio Ljubu\u0161ki\"}]}<\/script>\n<!-- \/ Yoast SEO plugin. -->","yoast_head_json":{"title":"CNN uvrstio Mostar na popis najljep\u0161ih malih gradova u Europi - RADIO LJUBU\u0160KI","robots":{"index":"index","follow":"follow","max-snippet":"max-snippet:-1","max-image-preview":"max-image-preview:large","max-video-preview":"max-video-preview:-1"},"canonical":"https:\/\/radioljubuski.ba\/index.php\/2021\/11\/05\/cnn-uvrstio-mostar-na-popis-najljepsih-malih-gradova-u-europi\/","og_locale":"hr_HR","og_type":"article","og_title":"CNN uvrstio Mostar na popis najljep\u0161ih malih gradova u Europi - RADIO LJUBU\u0160KI","og_description":"CNN je objavio listu najljep\u0161ih malih gradova u Europi na kojoj se na\u0161ao i hercegova\u010dki dragulj Mostar. Na presti\u017enom popisu na\u0161li su jo\u0161 dva grada iz biv\u0161e Jugoslavije, hrvatska Kor\u010dula i slovena\u010dki Piran. Mostarski Stari most, pi\u0161e CNN, koji su izgradili Osmanlije u 16. stolje\u0107u, dugo se smatrao jednim od najboljih primjera balkanske islamske arhitekture. [&hellip;]","og_url":"https:\/\/radioljubuski.ba\/index.php\/2021\/11\/05\/cnn-uvrstio-mostar-na-popis-najljepsih-malih-gradova-u-europi\/","og_site_name":"RADIO LJUBU\u0160KI","article_publisher":"https:\/\/www.facebook.com\/Radiio-Ljubuski-1490835324566332","article_published_time":"2021-11-05T10:13:32+00:00","article_modified_time":"2021-11-05T10:13:33+00:00","og_image":[{"width":1920,"height":1080,"url":"https:\/\/radioljubuski.ba\/wp-content\/uploads\/2021\/11\/mostar-stari-most.jpg","type":"image\/jpeg"}],"author":"Radio Ljubu\u0161ki","twitter_card":"summary_large_image","twitter_creator":"@radioljubuski","twitter_site":"@radioljubuski","twitter_misc":{"Napisao\/la":"Radio Ljubu\u0161ki","Procijenjeno vrijeme \u010ditanja":"2 minute"},"schema":{"@context":"https:\/\/schema.org","@graph":[{"@type":"Article","@id":"https:\/\/radioljubuski.ba\/index.php\/2021\/11\/05\/cnn-uvrstio-mostar-na-popis-najljepsih-malih-gradova-u-europi\/#article","isPartOf":{"@id":"https:\/\/radioljubuski.ba\/index.php\/2021\/11\/05\/cnn-uvrstio-mostar-na-popis-najljepsih-malih-gradova-u-europi\/"},"author":{"name":"Radio Ljubu\u0161ki","@id":"https:\/\/radioljubuski.ba\/#\/schema\/person\/19fc700381a780f69665d7956c469e3b"},"headline":"CNN uvrstio Mostar na popis najljep\u0161ih malih gradova u Europi","datePublished":"2021-11-05T10:13:32+00:00","dateModified":"2021-11-05T10:13:33+00:00","mainEntityOfPage":{"@id":"https:\/\/radioljubuski.ba\/index.php\/2021\/11\/05\/cnn-uvrstio-mostar-na-popis-najljepsih-malih-gradova-u-europi\/"},"wordCount":289,"publisher":{"@id":"https:\/\/radioljubuski.ba\/#organization"},"image":{"@id":"https:\/\/radioljubuski.ba\/index.php\/2021\/11\/05\/cnn-uvrstio-mostar-na-popis-najljepsih-malih-gradova-u-europi\/#primaryimage"},"thumbnailUrl":"https:\/\/radioljubuski.ba\/wp-content\/uploads\/2021\/11\/mostar-stari-most.jpg","articleSection":["BIH i regija"],"inLanguage":"hr"},{"@type":"WebPage","@id":"https:\/\/radioljubuski.ba\/index.php\/2021\/11\/05\/cnn-uvrstio-mostar-na-popis-najljepsih-malih-gradova-u-europi\/","url":"https:\/\/radioljubuski.ba\/index.php\/2021\/11\/05\/cnn-uvrstio-mostar-na-popis-najljepsih-malih-gradova-u-europi\/","name":"CNN uvrstio Mostar na popis najljep\u0161ih malih gradova u Europi - RADIO LJUBU\u0160KI","isPartOf":{"@id":"https:\/\/radioljubuski.ba\/#website"},"primaryImageOfPage":{"@id":"https:\/\/radioljubuski.ba\/index.php\/2021\/11\/05\/cnn-uvrstio-mostar-na-popis-najljepsih-malih-gradova-u-europi\/#primaryimage"},"image":{"@id":"https:\/\/radioljubuski.ba\/index.php\/2021\/11\/05\/cnn-uvrstio-mostar-na-popis-najljepsih-malih-gradova-u-europi\/#primaryimage"},"thumbnailUrl":"https:\/\/radioljubuski.ba\/wp-content\/uploads\/2021\/11\/mostar-stari-most.jpg","datePublished":"2021-11-05T10:13:32+00:00","dateModified":"2021-11-05T10:13:33+00:00","breadcrumb":{"@id":"https:\/\/radioljubuski.ba\/index.php\/2021\/11\/05\/cnn-uvrstio-mostar-na-popis-najljepsih-malih-gradova-u-europi\/#breadcrumb"},"inLanguage":"hr","potentialAction":[{"@type":"ReadAction","target":["https:\/\/radioljubuski.ba\/index.php\/2021\/11\/05\/cnn-uvrstio-mostar-na-popis-najljepsih-malih-gradova-u-europi\/"]}]},{"@type":"ImageObject","inLanguage":"hr","@id":"https:\/\/radioljubuski.ba\/index.php\/2021\/11\/05\/cnn-uvrstio-mostar-na-popis-najljepsih-malih-gradova-u-europi\/#primaryimage","url":"https:\/\/radioljubuski.ba\/wp-content\/uploads\/2021\/11\/mostar-stari-most.jpg","contentUrl":"https:\/\/radioljubuski.ba\/wp-content\/uploads\/2021\/11\/mostar-stari-most.jpg","width":1920,"height":1080},{"@type":"BreadcrumbList","@id":"https:\/\/radioljubuski.ba\/index.php\/2021\/11\/05\/cnn-uvrstio-mostar-na-popis-najljepsih-malih-gradova-u-europi\/#breadcrumb","itemListElement":[{"@type":"ListItem","position":1,"name":"Po\u010detna stranica","item":"https:\/\/radioljubuski.ba\/"},{"@type":"ListItem","position":2,"name":"CNN uvrstio Mostar na popis najljep\u0161ih malih gradova u Europi"}]},{"@type":"WebSite","@id":"https:\/\/radioljubuski.ba\/#website","url":"https:\/\/radioljubuski.ba\/","name":"Radio Ljubu\u0161ki","description":"Sun\u010dana frekvencija Hercegovine","publisher":{"@id":"https:\/\/radioljubuski.ba\/#organization"},"potentialAction":[{"@type":"SearchAction","target":{"@type":"EntryPoint","urlTemplate":"https:\/\/radioljubuski.ba\/?s={search_term_string}"},"query-input":{"@type":"PropertyValueSpecification","valueRequired":true,"valueName":"search_term_string"}}],"inLanguage":"hr"},{"@type":"Organization","@id":"https:\/\/radioljubuski.ba\/#organization","name":"Radio Ljubu\u0161ki","url":"https:\/\/radioljubuski.ba\/","logo":{"@type":"ImageObject","inLanguage":"hr","@id":"https:\/\/radioljubuski.ba\/#\/schema\/logo\/image\/","url":"https:\/\/radioljubuski.ba\/wp-content\/uploads\/2021\/02\/cropped-Radio_Ljubuski_logo1.jpg","contentUrl":"https:\/\/radioljubuski.ba\/wp-content\/uploads\/2021\/02\/cropped-Radio_Ljubuski_logo1.jpg","width":512,"height":512,"caption":"Radio Ljubu\u0161ki"},"image":{"@id":"https:\/\/radioljubuski.ba\/#\/schema\/logo\/image\/"},"sameAs":["https:\/\/www.facebook.com\/Radiio-Ljubuski-1490835324566332","https:\/\/x.com\/radioljubuski","https:\/\/hr.linkedin.com\/company\/radio-ljubuski","https:\/\/www.youtube.com\/channel\/UCHYaeO_n0Db3tjNGudGpXyw"]},{"@type":"Person","@id":"https:\/\/radioljubuski.ba\/#\/schema\/person\/19fc700381a780f69665d7956c469e3b","name":"Radio Ljubu\u0161ki"}]}},"_links":{"self":[{"href":"https:\/\/radioljubuski.ba\/index.php\/wp-json\/wp\/v2\/posts\/85148","targetHints":{"allow":["GET"]}}],"collection":[{"href":"https:\/\/radioljubuski.ba\/index.php\/wp-json\/wp\/v2\/posts"}],"about":[{"href":"https:\/\/radioljubuski.ba\/index.php\/wp-json\/wp\/v2\/types\/post"}],"author":[{"embeddable":true,"href":"https:\/\/radioljubuski.ba\/index.php\/wp-json\/wp\/v2\/users\/2"}],"replies":[{"embeddable":true,"href":"https:\/\/radioljubuski.ba\/index.php\/wp-json\/wp\/v2\/comments?post=85148"}],"version-history":[{"count":1,"href":"https:\/\/radioljubuski.ba\/index.php\/wp-json\/wp\/v2\/posts\/85148\/revisions"}],"predecessor-version":[{"id":85150,"href":"https:\/\/radioljubuski.ba\/index.php\/wp-json\/wp\/v2\/posts\/85148\/revisions\/85150"}],"wp:featuredmedia":[{"embeddable":true,"href":"https:\/\/radioljubuski.ba\/index.php\/wp-json\/wp\/v2\/media\/85149"}],"wp:attachment":[{"href":"https:\/\/radioljubuski.ba\/index.php\/wp-json\/wp\/v2\/media?parent=85148"}],"wp:term":[{"taxonomy":"category","embeddable":true,"href":"https:\/\/radioljubuski.ba\/index.php\/wp-json\/wp\/v2\/categories?post=85148"},{"taxonomy":"post_tag","embeddable":true,"href":"https:\/\/radioljubuski.ba\/index.php\/wp-json\/wp\/v2\/tags?post=85148"}],"curies":[{"name":"wp","href":"https:\/\/api.w.org\/{rel}","templated":true}]}}