{"id":85151,"date":"2021-11-05T11:15:05","date_gmt":"2021-11-05T10:15:05","guid":{"rendered":"https:\/\/radioljubuski.ba\/?p=85151"},"modified":"2021-11-05T11:15:06","modified_gmt":"2021-11-05T10:15:06","slug":"trnka-javnost-omamljena-sve-gradane-dici-na-noge-i-svijetu-reci-dosta-je","status":"publish","type":"post","link":"https:\/\/radioljubuski.ba\/index.php\/2021\/11\/05\/trnka-javnost-omamljena-sve-gradane-dici-na-noge-i-svijetu-reci-dosta-je\/","title":{"rendered":"Trnka: Javnost omamljena, sve gra\u0111ane di\u0107i na noge i svijetu re\u0107i \u201cDosta je!\u201d"},"content":{"rendered":"\n<p><strong>Profesor ustavnog prava dr. Kasim Trnka, komentiraju\u0107i odluke Vije\u0107a sigurnosti UN-a o BiH, kazao je da je i dalje mnogo nepoznanica u vezi s usugla\u0161enim tekstom rezolucije o BiH, o kojem je ju\u010der raspravljano u New Yorku.<\/strong><\/p>\n\n\n\n<p><strong>Lo\u0161a poruka<\/strong><\/p>\n\n\n\n<p>Trnka je mi\u0161ljenja da je ovo neki \u201eveliki dogovor Rusije i SAD\u201c.<\/p>\n\n\n\n<p>\u2013 Ne vjerujem da bi Amerikanci pristali na ovakvo poni\u017eenje, da izostane obra\u0107anje visokog predstavnika, iza kojeg stoje oni i sve dr\u017eave Europe. Da su zadovoljni ostankom EUFOR-a, ali na mandat od godinu. Mislim da je ovo jedna lo\u0161a poruka za Bosnu i Hercegovinu \u2013 ka\u017ee Trnka za \u201cAvaz\u201d.<\/p>\n\n\n\n<p>Nagla\u0161ava da nakon ovoga \u0161to se dogodilo u Vije\u0107u sigurnosti UN-a sada treba tra\u017eiti alternativu da bi se zaustavio Milorad Dodik sa svojim prijedlozima o raspadu BiH.<\/p>\n\n\n\n<p>\u2013 Ono \u0161to se dogodilo, budu\u0107i da se Rusiji pridru\u017eila i Kina, jeste da je sada taj blok postao vrlo jak. Me\u0111utim, ne znam \u0161to je Amerika uradila, kakav dil su napravili da se izravna odnos snaga. O\u010digledno je da se odnosi izme\u0111u velikih sila stalno mijenjaju \u2013 isti\u010de Trnka.<\/p>\n\n\n\n<p>Trnka ka\u017ee da se vi\u0161e ne mo\u017ee \u0161utjeti i da se mora re\u0107i svijetu \u201cdosta\u201d.<\/p>\n\n\n\n<p>\u2013 Moramo, kao prvo, di\u0107i sve gra\u0111ane na noge i svjetskoj javnosti re\u0107i da ne mo\u017ee ovo vi\u0161e ovako. Da pravite truhle kompromise kroz va\u0161e pregovara\u010de, a ne primjenjuje standarde koji va\u017ee u njihovim zemljama. Uvijek je ne\u0161to napola i suprotno od toga i uvijek su neka i\u0161\u010dekivanja \u2013 bit \u0107e vam kasnije bolje \u2013 dodaje Trnka.<\/p>\n\n\n\n<p><strong>Javnost omamljena<\/strong><\/p>\n\n\n\n<p>\u2013 Na\u0161a javnost kao da je omamljena, \u0161uti i gleda. Svi nekako nijemo gledaju \u0161ta Dodik radi i kako provodi rusko-beogradsku politiku u BiH. Svi se moramo probuditi. I gra\u0111ansko dru\u0161tvo i mediji. Jer svi vidimo \u0161to se radi \u2013 isti\u010de Trnka.<\/p>\n\n\n\n<p>\/HMS\/<\/p>\n","protected":false},"excerpt":{"rendered":"<p>Profesor ustavnog prava dr. Kasim Trnka, komentiraju\u0107i odluke Vije\u0107a sigurnosti UN-a o BiH, kazao je da je i dalje mnogo nepoznanica u vezi s usugla\u0161enim tekstom rezolucije o BiH, o kojem je ju\u010der raspravljano u New Yorku. Lo\u0161a poruka Trnka je mi\u0161ljenja da je ovo neki \u201eveliki dogovor Rusije i SAD\u201c. \u2013 Ne vjerujem da [&hellip;]<\/p>\n","protected":false},"author":2,"featured_media":85152,"comment_status":"closed","ping_status":"closed","sticky":false,"template":"","format":"standard","meta":{"h5ap_radio_sources":[],"footnotes":""},"categories":[1],"tags":[],"class_list":["post-85151","post","type-post","status-publish","format-standard","has-post-thumbnail","hentry","category-bihiregija"],"yoast_head":"<!-- This site is optimized with the Yoast SEO plugin v27.5 - https:\/\/yoast.com\/product\/yoast-seo-wordpress\/ -->\n<title>Trnka: Javnost omamljena, sve gra\u0111ane di\u0107i na noge i svijetu re\u0107i \u201cDosta je!\u201d - RADIO LJUBU\u0160KI<\/title>\n<meta name=\"robots\" content=\"index, follow, max-snippet:-1, max-image-preview:large, max-video-preview:-1\" \/>\n<link rel=\"canonical\" href=\"https:\/\/radioljubuski.ba\/index.php\/2021\/11\/05\/trnka-javnost-omamljena-sve-gradane-dici-na-noge-i-svijetu-reci-dosta-je\/\" \/>\n<meta property=\"og:locale\" content=\"hr_HR\" \/>\n<meta property=\"og:type\" content=\"article\" \/>\n<meta property=\"og:title\" content=\"Trnka: Javnost omamljena, sve gra\u0111ane di\u0107i na noge i svijetu re\u0107i \u201cDosta je!\u201d - RADIO LJUBU\u0160KI\" \/>\n<meta property=\"og:description\" content=\"Profesor ustavnog prava dr. Kasim Trnka, komentiraju\u0107i odluke Vije\u0107a sigurnosti UN-a o BiH, kazao je da je i dalje mnogo nepoznanica u vezi s usugla\u0161enim tekstom rezolucije o BiH, o kojem je ju\u010der raspravljano u New Yorku. Lo\u0161a poruka Trnka je mi\u0161ljenja da je ovo neki \u201eveliki dogovor Rusije i SAD\u201c. \u2013 Ne vjerujem da [&hellip;]\" \/>\n<meta property=\"og:url\" content=\"https:\/\/radioljubuski.ba\/index.php\/2021\/11\/05\/trnka-javnost-omamljena-sve-gradane-dici-na-noge-i-svijetu-reci-dosta-je\/\" \/>\n<meta property=\"og:site_name\" content=\"RADIO LJUBU\u0160KI\" \/>\n<meta property=\"article:publisher\" content=\"https:\/\/www.facebook.com\/Radiio-Ljubuski-1490835324566332\" \/>\n<meta property=\"article:published_time\" content=\"2021-11-05T10:15:05+00:00\" \/>\n<meta property=\"article:modified_time\" content=\"2021-11-05T10:15:06+00:00\" \/>\n<meta property=\"og:image\" content=\"https:\/\/radioljubuski.ba\/wp-content\/uploads\/2021\/11\/trnka.jpg\" \/>\n\t<meta property=\"og:image:width\" content=\"750\" \/>\n\t<meta property=\"og:image:height\" content=\"465\" \/>\n\t<meta property=\"og:image:type\" content=\"image\/jpeg\" \/>\n<meta name=\"author\" content=\"Radio Ljubu\u0161ki\" \/>\n<meta name=\"twitter:card\" content=\"summary_large_image\" \/>\n<meta name=\"twitter:creator\" content=\"@radioljubuski\" \/>\n<meta name=\"twitter:site\" content=\"@radioljubuski\" \/>\n<meta name=\"twitter:label1\" content=\"Napisao\/la\" \/>\n\t<meta name=\"twitter:data1\" content=\"Radio Ljubu\u0161ki\" \/>\n\t<meta name=\"twitter:label2\" content=\"Procijenjeno vrijeme \u010ditanja\" \/>\n\t<meta name=\"twitter:data2\" content=\"2 minute\" \/>\n<script type=\"application\/ld+json\" class=\"yoast-schema-graph\">{\"@context\":\"https:\\\/\\\/schema.org\",\"@graph\":[{\"@type\":\"Article\",\"@id\":\"https:\\\/\\\/radioljubuski.ba\\\/index.php\\\/2021\\\/11\\\/05\\\/trnka-javnost-omamljena-sve-gradane-dici-na-noge-i-svijetu-reci-dosta-je\\\/#article\",\"isPartOf\":{\"@id\":\"https:\\\/\\\/radioljubuski.ba\\\/index.php\\\/2021\\\/11\\\/05\\\/trnka-javnost-omamljena-sve-gradane-dici-na-noge-i-svijetu-reci-dosta-je\\\/\"},\"author\":{\"name\":\"Radio Ljubu\u0161ki\",\"@id\":\"https:\\\/\\\/radioljubuski.ba\\\/#\\\/schema\\\/person\\\/19fc700381a780f69665d7956c469e3b\"},\"headline\":\"Trnka: Javnost omamljena, sve gra\u0111ane di\u0107i na noge i svijetu re\u0107i \u201cDosta je!\u201d\",\"datePublished\":\"2021-11-05T10:15:05+00:00\",\"dateModified\":\"2021-11-05T10:15:06+00:00\",\"mainEntityOfPage\":{\"@id\":\"https:\\\/\\\/radioljubuski.ba\\\/index.php\\\/2021\\\/11\\\/05\\\/trnka-javnost-omamljena-sve-gradane-dici-na-noge-i-svijetu-reci-dosta-je\\\/\"},\"wordCount\":339,\"publisher\":{\"@id\":\"https:\\\/\\\/radioljubuski.ba\\\/#organization\"},\"image\":{\"@id\":\"https:\\\/\\\/radioljubuski.ba\\\/index.php\\\/2021\\\/11\\\/05\\\/trnka-javnost-omamljena-sve-gradane-dici-na-noge-i-svijetu-reci-dosta-je\\\/#primaryimage\"},\"thumbnailUrl\":\"https:\\\/\\\/radioljubuski.ba\\\/wp-content\\\/uploads\\\/2021\\\/11\\\/trnka.jpg\",\"articleSection\":[\"BIH i regija\"],\"inLanguage\":\"hr\"},{\"@type\":\"WebPage\",\"@id\":\"https:\\\/\\\/radioljubuski.ba\\\/index.php\\\/2021\\\/11\\\/05\\\/trnka-javnost-omamljena-sve-gradane-dici-na-noge-i-svijetu-reci-dosta-je\\\/\",\"url\":\"https:\\\/\\\/radioljubuski.ba\\\/index.php\\\/2021\\\/11\\\/05\\\/trnka-javnost-omamljena-sve-gradane-dici-na-noge-i-svijetu-reci-dosta-je\\\/\",\"name\":\"Trnka: Javnost omamljena, sve gra\u0111ane di\u0107i na noge i svijetu re\u0107i \u201cDosta je!\u201d - RADIO LJUBU\u0160KI\",\"isPartOf\":{\"@id\":\"https:\\\/\\\/radioljubuski.ba\\\/#website\"},\"primaryImageOfPage\":{\"@id\":\"https:\\\/\\\/radioljubuski.ba\\\/index.php\\\/2021\\\/11\\\/05\\\/trnka-javnost-omamljena-sve-gradane-dici-na-noge-i-svijetu-reci-dosta-je\\\/#primaryimage\"},\"image\":{\"@id\":\"https:\\\/\\\/radioljubuski.ba\\\/index.php\\\/2021\\\/11\\\/05\\\/trnka-javnost-omamljena-sve-gradane-dici-na-noge-i-svijetu-reci-dosta-je\\\/#primaryimage\"},\"thumbnailUrl\":\"https:\\\/\\\/radioljubuski.ba\\\/wp-content\\\/uploads\\\/2021\\\/11\\\/trnka.jpg\",\"datePublished\":\"2021-11-05T10:15:05+00:00\",\"dateModified\":\"2021-11-05T10:15:06+00:00\",\"breadcrumb\":{\"@id\":\"https:\\\/\\\/radioljubuski.ba\\\/index.php\\\/2021\\\/11\\\/05\\\/trnka-javnost-omamljena-sve-gradane-dici-na-noge-i-svijetu-reci-dosta-je\\\/#breadcrumb\"},\"inLanguage\":\"hr\",\"potentialAction\":[{\"@type\":\"ReadAction\",\"target\":[\"https:\\\/\\\/radioljubuski.ba\\\/index.php\\\/2021\\\/11\\\/05\\\/trnka-javnost-omamljena-sve-gradane-dici-na-noge-i-svijetu-reci-dosta-je\\\/\"]}]},{\"@type\":\"ImageObject\",\"inLanguage\":\"hr\",\"@id\":\"https:\\\/\\\/radioljubuski.ba\\\/index.php\\\/2021\\\/11\\\/05\\\/trnka-javnost-omamljena-sve-gradane-dici-na-noge-i-svijetu-reci-dosta-je\\\/#primaryimage\",\"url\":\"https:\\\/\\\/radioljubuski.ba\\\/wp-content\\\/uploads\\\/2021\\\/11\\\/trnka.jpg\",\"contentUrl\":\"https:\\\/\\\/radioljubuski.ba\\\/wp-content\\\/uploads\\\/2021\\\/11\\\/trnka.jpg\",\"width\":750,\"height\":465},{\"@type\":\"BreadcrumbList\",\"@id\":\"https:\\\/\\\/radioljubuski.ba\\\/index.php\\\/2021\\\/11\\\/05\\\/trnka-javnost-omamljena-sve-gradane-dici-na-noge-i-svijetu-reci-dosta-je\\\/#breadcrumb\",\"itemListElement\":[{\"@type\":\"ListItem\",\"position\":1,\"name\":\"Po\u010detna stranica\",\"item\":\"https:\\\/\\\/radioljubuski.ba\\\/\"},{\"@type\":\"ListItem\",\"position\":2,\"name\":\"Trnka: Javnost omamljena, sve gra\u0111ane di\u0107i na noge i svijetu re\u0107i \u201cDosta je!\u201d\"}]},{\"@type\":\"WebSite\",\"@id\":\"https:\\\/\\\/radioljubuski.ba\\\/#website\",\"url\":\"https:\\\/\\\/radioljubuski.ba\\\/\",\"name\":\"Radio Ljubu\u0161ki\",\"description\":\"Sun\u010dana frekvencija Hercegovine\",\"publisher\":{\"@id\":\"https:\\\/\\\/radioljubuski.ba\\\/#organization\"},\"potentialAction\":[{\"@type\":\"SearchAction\",\"target\":{\"@type\":\"EntryPoint\",\"urlTemplate\":\"https:\\\/\\\/radioljubuski.ba\\\/?s={search_term_string}\"},\"query-input\":{\"@type\":\"PropertyValueSpecification\",\"valueRequired\":true,\"valueName\":\"search_term_string\"}}],\"inLanguage\":\"hr\"},{\"@type\":\"Organization\",\"@id\":\"https:\\\/\\\/radioljubuski.ba\\\/#organization\",\"name\":\"Radio Ljubu\u0161ki\",\"url\":\"https:\\\/\\\/radioljubuski.ba\\\/\",\"logo\":{\"@type\":\"ImageObject\",\"inLanguage\":\"hr\",\"@id\":\"https:\\\/\\\/radioljubuski.ba\\\/#\\\/schema\\\/logo\\\/image\\\/\",\"url\":\"https:\\\/\\\/radioljubuski.ba\\\/wp-content\\\/uploads\\\/2021\\\/02\\\/cropped-Radio_Ljubuski_logo1.jpg\",\"contentUrl\":\"https:\\\/\\\/radioljubuski.ba\\\/wp-content\\\/uploads\\\/2021\\\/02\\\/cropped-Radio_Ljubuski_logo1.jpg\",\"width\":512,\"height\":512,\"caption\":\"Radio Ljubu\u0161ki\"},\"image\":{\"@id\":\"https:\\\/\\\/radioljubuski.ba\\\/#\\\/schema\\\/logo\\\/image\\\/\"},\"sameAs\":[\"https:\\\/\\\/www.facebook.com\\\/Radiio-Ljubuski-1490835324566332\",\"https:\\\/\\\/x.com\\\/radioljubuski\",\"https:\\\/\\\/hr.linkedin.com\\\/company\\\/radio-ljubuski\",\"https:\\\/\\\/www.youtube.com\\\/channel\\\/UCHYaeO_n0Db3tjNGudGpXyw\"]},{\"@type\":\"Person\",\"@id\":\"https:\\\/\\\/radioljubuski.ba\\\/#\\\/schema\\\/person\\\/19fc700381a780f69665d7956c469e3b\",\"name\":\"Radio Ljubu\u0161ki\"}]}<\/script>\n<!-- \/ Yoast SEO plugin. -->","yoast_head_json":{"title":"Trnka: Javnost omamljena, sve gra\u0111ane di\u0107i na noge i svijetu re\u0107i \u201cDosta je!\u201d - RADIO LJUBU\u0160KI","robots":{"index":"index","follow":"follow","max-snippet":"max-snippet:-1","max-image-preview":"max-image-preview:large","max-video-preview":"max-video-preview:-1"},"canonical":"https:\/\/radioljubuski.ba\/index.php\/2021\/11\/05\/trnka-javnost-omamljena-sve-gradane-dici-na-noge-i-svijetu-reci-dosta-je\/","og_locale":"hr_HR","og_type":"article","og_title":"Trnka: Javnost omamljena, sve gra\u0111ane di\u0107i na noge i svijetu re\u0107i \u201cDosta je!\u201d - RADIO LJUBU\u0160KI","og_description":"Profesor ustavnog prava dr. Kasim Trnka, komentiraju\u0107i odluke Vije\u0107a sigurnosti UN-a o BiH, kazao je da je i dalje mnogo nepoznanica u vezi s usugla\u0161enim tekstom rezolucije o BiH, o kojem je ju\u010der raspravljano u New Yorku. Lo\u0161a poruka Trnka je mi\u0161ljenja da je ovo neki \u201eveliki dogovor Rusije i SAD\u201c. \u2013 Ne vjerujem da [&hellip;]","og_url":"https:\/\/radioljubuski.ba\/index.php\/2021\/11\/05\/trnka-javnost-omamljena-sve-gradane-dici-na-noge-i-svijetu-reci-dosta-je\/","og_site_name":"RADIO LJUBU\u0160KI","article_publisher":"https:\/\/www.facebook.com\/Radiio-Ljubuski-1490835324566332","article_published_time":"2021-11-05T10:15:05+00:00","article_modified_time":"2021-11-05T10:15:06+00:00","og_image":[{"width":750,"height":465,"url":"https:\/\/radioljubuski.ba\/wp-content\/uploads\/2021\/11\/trnka.jpg","type":"image\/jpeg"}],"author":"Radio Ljubu\u0161ki","twitter_card":"summary_large_image","twitter_creator":"@radioljubuski","twitter_site":"@radioljubuski","twitter_misc":{"Napisao\/la":"Radio Ljubu\u0161ki","Procijenjeno vrijeme \u010ditanja":"2 minute"},"schema":{"@context":"https:\/\/schema.org","@graph":[{"@type":"Article","@id":"https:\/\/radioljubuski.ba\/index.php\/2021\/11\/05\/trnka-javnost-omamljena-sve-gradane-dici-na-noge-i-svijetu-reci-dosta-je\/#article","isPartOf":{"@id":"https:\/\/radioljubuski.ba\/index.php\/2021\/11\/05\/trnka-javnost-omamljena-sve-gradane-dici-na-noge-i-svijetu-reci-dosta-je\/"},"author":{"name":"Radio Ljubu\u0161ki","@id":"https:\/\/radioljubuski.ba\/#\/schema\/person\/19fc700381a780f69665d7956c469e3b"},"headline":"Trnka: Javnost omamljena, sve gra\u0111ane di\u0107i na noge i svijetu re\u0107i \u201cDosta je!\u201d","datePublished":"2021-11-05T10:15:05+00:00","dateModified":"2021-11-05T10:15:06+00:00","mainEntityOfPage":{"@id":"https:\/\/radioljubuski.ba\/index.php\/2021\/11\/05\/trnka-javnost-omamljena-sve-gradane-dici-na-noge-i-svijetu-reci-dosta-je\/"},"wordCount":339,"publisher":{"@id":"https:\/\/radioljubuski.ba\/#organization"},"image":{"@id":"https:\/\/radioljubuski.ba\/index.php\/2021\/11\/05\/trnka-javnost-omamljena-sve-gradane-dici-na-noge-i-svijetu-reci-dosta-je\/#primaryimage"},"thumbnailUrl":"https:\/\/radioljubuski.ba\/wp-content\/uploads\/2021\/11\/trnka.jpg","articleSection":["BIH i regija"],"inLanguage":"hr"},{"@type":"WebPage","@id":"https:\/\/radioljubuski.ba\/index.php\/2021\/11\/05\/trnka-javnost-omamljena-sve-gradane-dici-na-noge-i-svijetu-reci-dosta-je\/","url":"https:\/\/radioljubuski.ba\/index.php\/2021\/11\/05\/trnka-javnost-omamljena-sve-gradane-dici-na-noge-i-svijetu-reci-dosta-je\/","name":"Trnka: Javnost omamljena, sve gra\u0111ane di\u0107i na noge i svijetu re\u0107i \u201cDosta je!\u201d - RADIO LJUBU\u0160KI","isPartOf":{"@id":"https:\/\/radioljubuski.ba\/#website"},"primaryImageOfPage":{"@id":"https:\/\/radioljubuski.ba\/index.php\/2021\/11\/05\/trnka-javnost-omamljena-sve-gradane-dici-na-noge-i-svijetu-reci-dosta-je\/#primaryimage"},"image":{"@id":"https:\/\/radioljubuski.ba\/index.php\/2021\/11\/05\/trnka-javnost-omamljena-sve-gradane-dici-na-noge-i-svijetu-reci-dosta-je\/#primaryimage"},"thumbnailUrl":"https:\/\/radioljubuski.ba\/wp-content\/uploads\/2021\/11\/trnka.jpg","datePublished":"2021-11-05T10:15:05+00:00","dateModified":"2021-11-05T10:15:06+00:00","breadcrumb":{"@id":"https:\/\/radioljubuski.ba\/index.php\/2021\/11\/05\/trnka-javnost-omamljena-sve-gradane-dici-na-noge-i-svijetu-reci-dosta-je\/#breadcrumb"},"inLanguage":"hr","potentialAction":[{"@type":"ReadAction","target":["https:\/\/radioljubuski.ba\/index.php\/2021\/11\/05\/trnka-javnost-omamljena-sve-gradane-dici-na-noge-i-svijetu-reci-dosta-je\/"]}]},{"@type":"ImageObject","inLanguage":"hr","@id":"https:\/\/radioljubuski.ba\/index.php\/2021\/11\/05\/trnka-javnost-omamljena-sve-gradane-dici-na-noge-i-svijetu-reci-dosta-je\/#primaryimage","url":"https:\/\/radioljubuski.ba\/wp-content\/uploads\/2021\/11\/trnka.jpg","contentUrl":"https:\/\/radioljubuski.ba\/wp-content\/uploads\/2021\/11\/trnka.jpg","width":750,"height":465},{"@type":"BreadcrumbList","@id":"https:\/\/radioljubuski.ba\/index.php\/2021\/11\/05\/trnka-javnost-omamljena-sve-gradane-dici-na-noge-i-svijetu-reci-dosta-je\/#breadcrumb","itemListElement":[{"@type":"ListItem","position":1,"name":"Po\u010detna stranica","item":"https:\/\/radioljubuski.ba\/"},{"@type":"ListItem","position":2,"name":"Trnka: Javnost omamljena, sve gra\u0111ane di\u0107i na noge i svijetu re\u0107i \u201cDosta je!\u201d"}]},{"@type":"WebSite","@id":"https:\/\/radioljubuski.ba\/#website","url":"https:\/\/radioljubuski.ba\/","name":"Radio Ljubu\u0161ki","description":"Sun\u010dana frekvencija Hercegovine","publisher":{"@id":"https:\/\/radioljubuski.ba\/#organization"},"potentialAction":[{"@type":"SearchAction","target":{"@type":"EntryPoint","urlTemplate":"https:\/\/radioljubuski.ba\/?s={search_term_string}"},"query-input":{"@type":"PropertyValueSpecification","valueRequired":true,"valueName":"search_term_string"}}],"inLanguage":"hr"},{"@type":"Organization","@id":"https:\/\/radioljubuski.ba\/#organization","name":"Radio Ljubu\u0161ki","url":"https:\/\/radioljubuski.ba\/","logo":{"@type":"ImageObject","inLanguage":"hr","@id":"https:\/\/radioljubuski.ba\/#\/schema\/logo\/image\/","url":"https:\/\/radioljubuski.ba\/wp-content\/uploads\/2021\/02\/cropped-Radio_Ljubuski_logo1.jpg","contentUrl":"https:\/\/radioljubuski.ba\/wp-content\/uploads\/2021\/02\/cropped-Radio_Ljubuski_logo1.jpg","width":512,"height":512,"caption":"Radio Ljubu\u0161ki"},"image":{"@id":"https:\/\/radioljubuski.ba\/#\/schema\/logo\/image\/"},"sameAs":["https:\/\/www.facebook.com\/Radiio-Ljubuski-1490835324566332","https:\/\/x.com\/radioljubuski","https:\/\/hr.linkedin.com\/company\/radio-ljubuski","https:\/\/www.youtube.com\/channel\/UCHYaeO_n0Db3tjNGudGpXyw"]},{"@type":"Person","@id":"https:\/\/radioljubuski.ba\/#\/schema\/person\/19fc700381a780f69665d7956c469e3b","name":"Radio Ljubu\u0161ki"}]}},"_links":{"self":[{"href":"https:\/\/radioljubuski.ba\/index.php\/wp-json\/wp\/v2\/posts\/85151","targetHints":{"allow":["GET"]}}],"collection":[{"href":"https:\/\/radioljubuski.ba\/index.php\/wp-json\/wp\/v2\/posts"}],"about":[{"href":"https:\/\/radioljubuski.ba\/index.php\/wp-json\/wp\/v2\/types\/post"}],"author":[{"embeddable":true,"href":"https:\/\/radioljubuski.ba\/index.php\/wp-json\/wp\/v2\/users\/2"}],"replies":[{"embeddable":true,"href":"https:\/\/radioljubuski.ba\/index.php\/wp-json\/wp\/v2\/comments?post=85151"}],"version-history":[{"count":1,"href":"https:\/\/radioljubuski.ba\/index.php\/wp-json\/wp\/v2\/posts\/85151\/revisions"}],"predecessor-version":[{"id":85153,"href":"https:\/\/radioljubuski.ba\/index.php\/wp-json\/wp\/v2\/posts\/85151\/revisions\/85153"}],"wp:featuredmedia":[{"embeddable":true,"href":"https:\/\/radioljubuski.ba\/index.php\/wp-json\/wp\/v2\/media\/85152"}],"wp:attachment":[{"href":"https:\/\/radioljubuski.ba\/index.php\/wp-json\/wp\/v2\/media?parent=85151"}],"wp:term":[{"taxonomy":"category","embeddable":true,"href":"https:\/\/radioljubuski.ba\/index.php\/wp-json\/wp\/v2\/categories?post=85151"},{"taxonomy":"post_tag","embeddable":true,"href":"https:\/\/radioljubuski.ba\/index.php\/wp-json\/wp\/v2\/tags?post=85151"}],"curies":[{"name":"wp","href":"https:\/\/api.w.org\/{rel}","templated":true}]}}