{"id":85163,"date":"2021-11-05T11:23:18","date_gmt":"2021-11-05T10:23:18","guid":{"rendered":"https:\/\/radioljubuski.ba\/?p=85163"},"modified":"2021-11-05T11:23:20","modified_gmt":"2021-11-05T10:23:20","slug":"probijen-tunel-zenica-na-poddionici-ponirak-vraca-dug-3-360-metara","status":"publish","type":"post","link":"https:\/\/radioljubuski.ba\/index.php\/2021\/11\/05\/probijen-tunel-zenica-na-poddionici-ponirak-vraca-dug-3-360-metara\/","title":{"rendered":"Probijen tunel Zenica na poddionici Ponirak \u2013 Vraca, dug 3.360 metara"},"content":{"rendered":"\n<p><strong>Na poddionici Ponirak \u2013 Vraca danas je probijena desna cijev tunela Zenica, tunela koji je sa svojih 3.360 metara trenutno najdu\u017ei iskopani tunel na autocesti Koridora Vc u Bosni i Hercegovini, prenosi Hrvatski Medijski Servis.<\/strong><\/p>\n\n\n\n<p>Trasa autoceste poddionica Ponirak \u2013 Vraca je dio dionice Popriku\u0161e \u2013 Zenica sjever (Donja Gra\u010danica) koja se na sjeveru nastavlja na poddionicu Vranduk \u2013 Ponirak (u izgradnji) i na jugu na poddionicu Tunel Zenica \u2013 Donja Gra\u010danica (zavr\u0161eni radovi).<\/p>\n\n\n\n<iframe loading=\"lazy\" title=\"Probijen tunel Zenica\" width=\"640\" height=\"360\" src=\"https:\/\/www.youtube.com\/embed\/6sz0SHKg4Y8?feature=oembed\" frameborder=\"0\" allow=\"accelerometer; autoplay; clipboard-write; encrypted-media; gyroscope; picture-in-picture; web-share\" referrerpolicy=\"strict-origin-when-cross-origin\" allowfullscreen><\/iframe>\n\n\n\n<p>Ugovor o izgradnji autoceste na Koridoru Vc dionice Popriku\u0161e \u2013 Zenica sjever (Donja Gra\u010danica), poddionica Ponirak \u2013 Vraca potpisan je 1. kolovoza 2019. godine, a radovi su po\u010deli 9. prosinca 2019. godine.<\/p>\n\n\n\n<p>U 2020. godini ura\u0111ena je izmjena i dopuna glavnog projekta \u0161to je rezultiralo izmjenom tehni\u010dkog opisa odnosno promjenom du\u017eine tunela na 3.360 metara sa 2.475 metara.<\/p>\n\n\n\n<figure class=\"wp-block-image\"><img decoding=\"async\" src=\"https:\/\/hms.ba\/wp-content\/uploads\/2021\/11\/ponirak-vraca.jpg\" alt=\"\" class=\"wp-image-434108\"\/><\/figure>\n\n\n\n<p>Izvo\u0111a\u010d radova na izgradnji tunela Zenica je kompanija Euroasfalt iz Sarajeva, a osim navedene kompanije u gra\u0111enju tunela sudjelovala je i kompanija Cengiz Insaat iz Turske, koja je izvela iskop, primarnu podgradu i sekundarnu oblogu na du\u017eini od 870 metara u obje tunelske cijevi, sa ju\u017ene strane tunela.<\/p>\n\n\n\n<p>Vrijednost ugovora za izgradnju poddionice Ponirak \u2013 Vraca je 69.508.325,70 EUR-a sa PDV-om, a sredstva su osigurana putem Europske investicijske banke (EIB) u visini od 50 milijuna eura i bespovratnim sredstvima Europske unije u visini od 19 milijuna eura koja su osigurana u okviru Agende za povezivanje preko Investicijskog okvira za Zapadni Balkan (WBIF).<\/p>\n\n\n\n<figure class=\"wp-block-image\"><img decoding=\"async\" src=\"https:\/\/hms.ba\/wp-content\/uploads\/2021\/11\/tunel-Zenica1-2.jpg\" alt=\"\" class=\"wp-image-434106\"\/><\/figure>\n\n\n\n<p>Tunel Zenica se izvodi kao dvocijevni tunel. Prolazi ispod planine Vepar i imat \u0107e devet prolaza za pje\u0161ake, dva prolaza za motorna vozila i dvije zaustavne ni\u0161e i njegovim zavr\u0161etkom i pu\u0161tanjem u promet put izme\u0111u Zenice i \u017dep\u010da bit \u0107e kra\u0107i za pet kilometara.<\/p>\n\n\n\n<p>Iskop i podgra\u0111ivanje tunela su izvedeni standardnom metodom NATM (Nova austrijska tunelska metoda). Iskop je vr\u0161en u heterogenoj stijenskoj masi (tzv. Fli\u0161), pri \u010demu su obje tunelske cijevi prolazile kroz razli\u010dita stanja materijala, od slabijih stijena gdje je primijenjen strojni iskop do veoma \u010dvrstih stijena gdje su primijenjene tehnike miniranja \u201edrill and blast\u201c.<\/p>\n\n\n\n<figure class=\"wp-block-image\"><img decoding=\"async\" src=\"https:\/\/hms.ba\/wp-content\/uploads\/2021\/11\/tunel-zenica3.jpg\" alt=\"\" class=\"wp-image-434104\"\/><\/figure>\n\n\n\n<p>Dodatni izazov je bio iskop i podgra\u0111ivanje tunela uz ve\u0107e ili manje dotoke podzemnih voda, koje su zabilje\u017eene na vi\u0161e od 30% du\u017eine tunela. S tim u vezi je cijelim tijekom izvo\u0111enja radova bila veoma va\u017ena privremena i stalna odvodnja tunela, da se nesmetano organizira napredovanje radova i transport kroz tunel.<\/p>\n\n\n\n<p>Tijekom izvo\u0111enja radova, do sada nije zabilje\u017eena niti jedna incidentna situacija i ve\u0107a ozlijeda radnika ili materijalna \u0161teta, \u0161to je va\u017ean i zna\u010dajan uspjeh za sve sudionike u gra\u0111enju ovog tunela, obzirom na njegovu du\u017einu, kompleksnost i izazove pri gra\u0111enju.<\/p>\n\n\n\n<p>\/HMS\/<\/p>\n","protected":false},"excerpt":{"rendered":"<p>Na poddionici Ponirak \u2013 Vraca danas je probijena desna cijev tunela Zenica, tunela koji je sa svojih 3.360 metara trenutno najdu\u017ei iskopani tunel na autocesti Koridora Vc u Bosni i Hercegovini, prenosi Hrvatski Medijski Servis. Trasa autoceste poddionica Ponirak \u2013 Vraca je dio dionice Popriku\u0161e \u2013 Zenica sjever (Donja Gra\u010danica) koja se na sjeveru nastavlja [&hellip;]<\/p>\n","protected":false},"author":2,"featured_media":85164,"comment_status":"closed","ping_status":"closed","sticky":false,"template":"","format":"standard","meta":{"h5ap_radio_sources":[],"footnotes":""},"categories":[1],"tags":[],"class_list":["post-85163","post","type-post","status-publish","format-standard","has-post-thumbnail","hentry","category-bihiregija"],"yoast_head":"<!-- This site is optimized with the Yoast SEO plugin v27.5 - https:\/\/yoast.com\/product\/yoast-seo-wordpress\/ -->\n<title>Probijen tunel Zenica na poddionici Ponirak \u2013 Vraca, dug 3.360 metara - RADIO LJUBU\u0160KI<\/title>\n<meta name=\"robots\" content=\"index, follow, max-snippet:-1, max-image-preview:large, max-video-preview:-1\" \/>\n<link rel=\"canonical\" href=\"https:\/\/radioljubuski.ba\/index.php\/2021\/11\/05\/probijen-tunel-zenica-na-poddionici-ponirak-vraca-dug-3-360-metara\/\" \/>\n<meta property=\"og:locale\" content=\"hr_HR\" \/>\n<meta property=\"og:type\" content=\"article\" \/>\n<meta property=\"og:title\" content=\"Probijen tunel Zenica na poddionici Ponirak \u2013 Vraca, dug 3.360 metara - RADIO LJUBU\u0160KI\" \/>\n<meta property=\"og:description\" content=\"Na poddionici Ponirak \u2013 Vraca danas je probijena desna cijev tunela Zenica, tunela koji je sa svojih 3.360 metara trenutno najdu\u017ei iskopani tunel na autocesti Koridora Vc u Bosni i Hercegovini, prenosi Hrvatski Medijski Servis. Trasa autoceste poddionica Ponirak \u2013 Vraca je dio dionice Popriku\u0161e \u2013 Zenica sjever (Donja Gra\u010danica) koja se na sjeveru nastavlja [&hellip;]\" \/>\n<meta property=\"og:url\" content=\"https:\/\/radioljubuski.ba\/index.php\/2021\/11\/05\/probijen-tunel-zenica-na-poddionici-ponirak-vraca-dug-3-360-metara\/\" \/>\n<meta property=\"og:site_name\" content=\"RADIO LJUBU\u0160KI\" \/>\n<meta property=\"article:publisher\" content=\"https:\/\/www.facebook.com\/Radiio-Ljubuski-1490835324566332\" \/>\n<meta property=\"article:published_time\" content=\"2021-11-05T10:23:18+00:00\" \/>\n<meta property=\"article:modified_time\" content=\"2021-11-05T10:23:20+00:00\" \/>\n<meta property=\"og:image\" content=\"https:\/\/radioljubuski.ba\/wp-content\/uploads\/2021\/11\/o_100629_1024.jpg\" \/>\n\t<meta property=\"og:image:width\" content=\"1024\" \/>\n\t<meta property=\"og:image:height\" content=\"576\" \/>\n\t<meta property=\"og:image:type\" content=\"image\/jpeg\" \/>\n<meta name=\"author\" content=\"Radio Ljubu\u0161ki\" \/>\n<meta name=\"twitter:card\" content=\"summary_large_image\" \/>\n<meta name=\"twitter:creator\" content=\"@radioljubuski\" \/>\n<meta name=\"twitter:site\" content=\"@radioljubuski\" \/>\n<meta name=\"twitter:label1\" content=\"Napisao\/la\" \/>\n\t<meta name=\"twitter:data1\" content=\"Radio Ljubu\u0161ki\" \/>\n\t<meta name=\"twitter:label2\" content=\"Procijenjeno vrijeme \u010ditanja\" \/>\n\t<meta name=\"twitter:data2\" content=\"3 minute\" \/>\n<script type=\"application\/ld+json\" class=\"yoast-schema-graph\">{\"@context\":\"https:\\\/\\\/schema.org\",\"@graph\":[{\"@type\":\"Article\",\"@id\":\"https:\\\/\\\/radioljubuski.ba\\\/index.php\\\/2021\\\/11\\\/05\\\/probijen-tunel-zenica-na-poddionici-ponirak-vraca-dug-3-360-metara\\\/#article\",\"isPartOf\":{\"@id\":\"https:\\\/\\\/radioljubuski.ba\\\/index.php\\\/2021\\\/11\\\/05\\\/probijen-tunel-zenica-na-poddionici-ponirak-vraca-dug-3-360-metara\\\/\"},\"author\":{\"name\":\"Radio Ljubu\u0161ki\",\"@id\":\"https:\\\/\\\/radioljubuski.ba\\\/#\\\/schema\\\/person\\\/19fc700381a780f69665d7956c469e3b\"},\"headline\":\"Probijen tunel Zenica na poddionici Ponirak \u2013 Vraca, dug 3.360 metara\",\"datePublished\":\"2021-11-05T10:23:18+00:00\",\"dateModified\":\"2021-11-05T10:23:20+00:00\",\"mainEntityOfPage\":{\"@id\":\"https:\\\/\\\/radioljubuski.ba\\\/index.php\\\/2021\\\/11\\\/05\\\/probijen-tunel-zenica-na-poddionici-ponirak-vraca-dug-3-360-metara\\\/\"},\"wordCount\":461,\"publisher\":{\"@id\":\"https:\\\/\\\/radioljubuski.ba\\\/#organization\"},\"image\":{\"@id\":\"https:\\\/\\\/radioljubuski.ba\\\/index.php\\\/2021\\\/11\\\/05\\\/probijen-tunel-zenica-na-poddionici-ponirak-vraca-dug-3-360-metara\\\/#primaryimage\"},\"thumbnailUrl\":\"https:\\\/\\\/radioljubuski.ba\\\/wp-content\\\/uploads\\\/2021\\\/11\\\/o_100629_1024.jpg\",\"articleSection\":[\"BIH i regija\"],\"inLanguage\":\"hr\"},{\"@type\":\"WebPage\",\"@id\":\"https:\\\/\\\/radioljubuski.ba\\\/index.php\\\/2021\\\/11\\\/05\\\/probijen-tunel-zenica-na-poddionici-ponirak-vraca-dug-3-360-metara\\\/\",\"url\":\"https:\\\/\\\/radioljubuski.ba\\\/index.php\\\/2021\\\/11\\\/05\\\/probijen-tunel-zenica-na-poddionici-ponirak-vraca-dug-3-360-metara\\\/\",\"name\":\"Probijen tunel Zenica na poddionici Ponirak \u2013 Vraca, dug 3.360 metara - RADIO LJUBU\u0160KI\",\"isPartOf\":{\"@id\":\"https:\\\/\\\/radioljubuski.ba\\\/#website\"},\"primaryImageOfPage\":{\"@id\":\"https:\\\/\\\/radioljubuski.ba\\\/index.php\\\/2021\\\/11\\\/05\\\/probijen-tunel-zenica-na-poddionici-ponirak-vraca-dug-3-360-metara\\\/#primaryimage\"},\"image\":{\"@id\":\"https:\\\/\\\/radioljubuski.ba\\\/index.php\\\/2021\\\/11\\\/05\\\/probijen-tunel-zenica-na-poddionici-ponirak-vraca-dug-3-360-metara\\\/#primaryimage\"},\"thumbnailUrl\":\"https:\\\/\\\/radioljubuski.ba\\\/wp-content\\\/uploads\\\/2021\\\/11\\\/o_100629_1024.jpg\",\"datePublished\":\"2021-11-05T10:23:18+00:00\",\"dateModified\":\"2021-11-05T10:23:20+00:00\",\"breadcrumb\":{\"@id\":\"https:\\\/\\\/radioljubuski.ba\\\/index.php\\\/2021\\\/11\\\/05\\\/probijen-tunel-zenica-na-poddionici-ponirak-vraca-dug-3-360-metara\\\/#breadcrumb\"},\"inLanguage\":\"hr\",\"potentialAction\":[{\"@type\":\"ReadAction\",\"target\":[\"https:\\\/\\\/radioljubuski.ba\\\/index.php\\\/2021\\\/11\\\/05\\\/probijen-tunel-zenica-na-poddionici-ponirak-vraca-dug-3-360-metara\\\/\"]}]},{\"@type\":\"ImageObject\",\"inLanguage\":\"hr\",\"@id\":\"https:\\\/\\\/radioljubuski.ba\\\/index.php\\\/2021\\\/11\\\/05\\\/probijen-tunel-zenica-na-poddionici-ponirak-vraca-dug-3-360-metara\\\/#primaryimage\",\"url\":\"https:\\\/\\\/radioljubuski.ba\\\/wp-content\\\/uploads\\\/2021\\\/11\\\/o_100629_1024.jpg\",\"contentUrl\":\"https:\\\/\\\/radioljubuski.ba\\\/wp-content\\\/uploads\\\/2021\\\/11\\\/o_100629_1024.jpg\",\"width\":1024,\"height\":576},{\"@type\":\"BreadcrumbList\",\"@id\":\"https:\\\/\\\/radioljubuski.ba\\\/index.php\\\/2021\\\/11\\\/05\\\/probijen-tunel-zenica-na-poddionici-ponirak-vraca-dug-3-360-metara\\\/#breadcrumb\",\"itemListElement\":[{\"@type\":\"ListItem\",\"position\":1,\"name\":\"Po\u010detna stranica\",\"item\":\"https:\\\/\\\/radioljubuski.ba\\\/\"},{\"@type\":\"ListItem\",\"position\":2,\"name\":\"Probijen tunel Zenica na poddionici Ponirak \u2013 Vraca, dug 3.360 metara\"}]},{\"@type\":\"WebSite\",\"@id\":\"https:\\\/\\\/radioljubuski.ba\\\/#website\",\"url\":\"https:\\\/\\\/radioljubuski.ba\\\/\",\"name\":\"Radio Ljubu\u0161ki\",\"description\":\"Sun\u010dana frekvencija Hercegovine\",\"publisher\":{\"@id\":\"https:\\\/\\\/radioljubuski.ba\\\/#organization\"},\"potentialAction\":[{\"@type\":\"SearchAction\",\"target\":{\"@type\":\"EntryPoint\",\"urlTemplate\":\"https:\\\/\\\/radioljubuski.ba\\\/?s={search_term_string}\"},\"query-input\":{\"@type\":\"PropertyValueSpecification\",\"valueRequired\":true,\"valueName\":\"search_term_string\"}}],\"inLanguage\":\"hr\"},{\"@type\":\"Organization\",\"@id\":\"https:\\\/\\\/radioljubuski.ba\\\/#organization\",\"name\":\"Radio Ljubu\u0161ki\",\"url\":\"https:\\\/\\\/radioljubuski.ba\\\/\",\"logo\":{\"@type\":\"ImageObject\",\"inLanguage\":\"hr\",\"@id\":\"https:\\\/\\\/radioljubuski.ba\\\/#\\\/schema\\\/logo\\\/image\\\/\",\"url\":\"https:\\\/\\\/radioljubuski.ba\\\/wp-content\\\/uploads\\\/2021\\\/02\\\/cropped-Radio_Ljubuski_logo1.jpg\",\"contentUrl\":\"https:\\\/\\\/radioljubuski.ba\\\/wp-content\\\/uploads\\\/2021\\\/02\\\/cropped-Radio_Ljubuski_logo1.jpg\",\"width\":512,\"height\":512,\"caption\":\"Radio Ljubu\u0161ki\"},\"image\":{\"@id\":\"https:\\\/\\\/radioljubuski.ba\\\/#\\\/schema\\\/logo\\\/image\\\/\"},\"sameAs\":[\"https:\\\/\\\/www.facebook.com\\\/Radiio-Ljubuski-1490835324566332\",\"https:\\\/\\\/x.com\\\/radioljubuski\",\"https:\\\/\\\/hr.linkedin.com\\\/company\\\/radio-ljubuski\",\"https:\\\/\\\/www.youtube.com\\\/channel\\\/UCHYaeO_n0Db3tjNGudGpXyw\"]},{\"@type\":\"Person\",\"@id\":\"https:\\\/\\\/radioljubuski.ba\\\/#\\\/schema\\\/person\\\/19fc700381a780f69665d7956c469e3b\",\"name\":\"Radio Ljubu\u0161ki\"}]}<\/script>\n<!-- \/ Yoast SEO plugin. -->","yoast_head_json":{"title":"Probijen tunel Zenica na poddionici Ponirak \u2013 Vraca, dug 3.360 metara - RADIO LJUBU\u0160KI","robots":{"index":"index","follow":"follow","max-snippet":"max-snippet:-1","max-image-preview":"max-image-preview:large","max-video-preview":"max-video-preview:-1"},"canonical":"https:\/\/radioljubuski.ba\/index.php\/2021\/11\/05\/probijen-tunel-zenica-na-poddionici-ponirak-vraca-dug-3-360-metara\/","og_locale":"hr_HR","og_type":"article","og_title":"Probijen tunel Zenica na poddionici Ponirak \u2013 Vraca, dug 3.360 metara - RADIO LJUBU\u0160KI","og_description":"Na poddionici Ponirak \u2013 Vraca danas je probijena desna cijev tunela Zenica, tunela koji je sa svojih 3.360 metara trenutno najdu\u017ei iskopani tunel na autocesti Koridora Vc u Bosni i Hercegovini, prenosi Hrvatski Medijski Servis. Trasa autoceste poddionica Ponirak \u2013 Vraca je dio dionice Popriku\u0161e \u2013 Zenica sjever (Donja Gra\u010danica) koja se na sjeveru nastavlja [&hellip;]","og_url":"https:\/\/radioljubuski.ba\/index.php\/2021\/11\/05\/probijen-tunel-zenica-na-poddionici-ponirak-vraca-dug-3-360-metara\/","og_site_name":"RADIO LJUBU\u0160KI","article_publisher":"https:\/\/www.facebook.com\/Radiio-Ljubuski-1490835324566332","article_published_time":"2021-11-05T10:23:18+00:00","article_modified_time":"2021-11-05T10:23:20+00:00","og_image":[{"width":1024,"height":576,"url":"https:\/\/radioljubuski.ba\/wp-content\/uploads\/2021\/11\/o_100629_1024.jpg","type":"image\/jpeg"}],"author":"Radio Ljubu\u0161ki","twitter_card":"summary_large_image","twitter_creator":"@radioljubuski","twitter_site":"@radioljubuski","twitter_misc":{"Napisao\/la":"Radio Ljubu\u0161ki","Procijenjeno vrijeme \u010ditanja":"3 minute"},"schema":{"@context":"https:\/\/schema.org","@graph":[{"@type":"Article","@id":"https:\/\/radioljubuski.ba\/index.php\/2021\/11\/05\/probijen-tunel-zenica-na-poddionici-ponirak-vraca-dug-3-360-metara\/#article","isPartOf":{"@id":"https:\/\/radioljubuski.ba\/index.php\/2021\/11\/05\/probijen-tunel-zenica-na-poddionici-ponirak-vraca-dug-3-360-metara\/"},"author":{"name":"Radio Ljubu\u0161ki","@id":"https:\/\/radioljubuski.ba\/#\/schema\/person\/19fc700381a780f69665d7956c469e3b"},"headline":"Probijen tunel Zenica na poddionici Ponirak \u2013 Vraca, dug 3.360 metara","datePublished":"2021-11-05T10:23:18+00:00","dateModified":"2021-11-05T10:23:20+00:00","mainEntityOfPage":{"@id":"https:\/\/radioljubuski.ba\/index.php\/2021\/11\/05\/probijen-tunel-zenica-na-poddionici-ponirak-vraca-dug-3-360-metara\/"},"wordCount":461,"publisher":{"@id":"https:\/\/radioljubuski.ba\/#organization"},"image":{"@id":"https:\/\/radioljubuski.ba\/index.php\/2021\/11\/05\/probijen-tunel-zenica-na-poddionici-ponirak-vraca-dug-3-360-metara\/#primaryimage"},"thumbnailUrl":"https:\/\/radioljubuski.ba\/wp-content\/uploads\/2021\/11\/o_100629_1024.jpg","articleSection":["BIH i regija"],"inLanguage":"hr"},{"@type":"WebPage","@id":"https:\/\/radioljubuski.ba\/index.php\/2021\/11\/05\/probijen-tunel-zenica-na-poddionici-ponirak-vraca-dug-3-360-metara\/","url":"https:\/\/radioljubuski.ba\/index.php\/2021\/11\/05\/probijen-tunel-zenica-na-poddionici-ponirak-vraca-dug-3-360-metara\/","name":"Probijen tunel Zenica na poddionici Ponirak \u2013 Vraca, dug 3.360 metara - RADIO LJUBU\u0160KI","isPartOf":{"@id":"https:\/\/radioljubuski.ba\/#website"},"primaryImageOfPage":{"@id":"https:\/\/radioljubuski.ba\/index.php\/2021\/11\/05\/probijen-tunel-zenica-na-poddionici-ponirak-vraca-dug-3-360-metara\/#primaryimage"},"image":{"@id":"https:\/\/radioljubuski.ba\/index.php\/2021\/11\/05\/probijen-tunel-zenica-na-poddionici-ponirak-vraca-dug-3-360-metara\/#primaryimage"},"thumbnailUrl":"https:\/\/radioljubuski.ba\/wp-content\/uploads\/2021\/11\/o_100629_1024.jpg","datePublished":"2021-11-05T10:23:18+00:00","dateModified":"2021-11-05T10:23:20+00:00","breadcrumb":{"@id":"https:\/\/radioljubuski.ba\/index.php\/2021\/11\/05\/probijen-tunel-zenica-na-poddionici-ponirak-vraca-dug-3-360-metara\/#breadcrumb"},"inLanguage":"hr","potentialAction":[{"@type":"ReadAction","target":["https:\/\/radioljubuski.ba\/index.php\/2021\/11\/05\/probijen-tunel-zenica-na-poddionici-ponirak-vraca-dug-3-360-metara\/"]}]},{"@type":"ImageObject","inLanguage":"hr","@id":"https:\/\/radioljubuski.ba\/index.php\/2021\/11\/05\/probijen-tunel-zenica-na-poddionici-ponirak-vraca-dug-3-360-metara\/#primaryimage","url":"https:\/\/radioljubuski.ba\/wp-content\/uploads\/2021\/11\/o_100629_1024.jpg","contentUrl":"https:\/\/radioljubuski.ba\/wp-content\/uploads\/2021\/11\/o_100629_1024.jpg","width":1024,"height":576},{"@type":"BreadcrumbList","@id":"https:\/\/radioljubuski.ba\/index.php\/2021\/11\/05\/probijen-tunel-zenica-na-poddionici-ponirak-vraca-dug-3-360-metara\/#breadcrumb","itemListElement":[{"@type":"ListItem","position":1,"name":"Po\u010detna stranica","item":"https:\/\/radioljubuski.ba\/"},{"@type":"ListItem","position":2,"name":"Probijen tunel Zenica na poddionici Ponirak \u2013 Vraca, dug 3.360 metara"}]},{"@type":"WebSite","@id":"https:\/\/radioljubuski.ba\/#website","url":"https:\/\/radioljubuski.ba\/","name":"Radio Ljubu\u0161ki","description":"Sun\u010dana frekvencija Hercegovine","publisher":{"@id":"https:\/\/radioljubuski.ba\/#organization"},"potentialAction":[{"@type":"SearchAction","target":{"@type":"EntryPoint","urlTemplate":"https:\/\/radioljubuski.ba\/?s={search_term_string}"},"query-input":{"@type":"PropertyValueSpecification","valueRequired":true,"valueName":"search_term_string"}}],"inLanguage":"hr"},{"@type":"Organization","@id":"https:\/\/radioljubuski.ba\/#organization","name":"Radio Ljubu\u0161ki","url":"https:\/\/radioljubuski.ba\/","logo":{"@type":"ImageObject","inLanguage":"hr","@id":"https:\/\/radioljubuski.ba\/#\/schema\/logo\/image\/","url":"https:\/\/radioljubuski.ba\/wp-content\/uploads\/2021\/02\/cropped-Radio_Ljubuski_logo1.jpg","contentUrl":"https:\/\/radioljubuski.ba\/wp-content\/uploads\/2021\/02\/cropped-Radio_Ljubuski_logo1.jpg","width":512,"height":512,"caption":"Radio Ljubu\u0161ki"},"image":{"@id":"https:\/\/radioljubuski.ba\/#\/schema\/logo\/image\/"},"sameAs":["https:\/\/www.facebook.com\/Radiio-Ljubuski-1490835324566332","https:\/\/x.com\/radioljubuski","https:\/\/hr.linkedin.com\/company\/radio-ljubuski","https:\/\/www.youtube.com\/channel\/UCHYaeO_n0Db3tjNGudGpXyw"]},{"@type":"Person","@id":"https:\/\/radioljubuski.ba\/#\/schema\/person\/19fc700381a780f69665d7956c469e3b","name":"Radio Ljubu\u0161ki"}]}},"_links":{"self":[{"href":"https:\/\/radioljubuski.ba\/index.php\/wp-json\/wp\/v2\/posts\/85163","targetHints":{"allow":["GET"]}}],"collection":[{"href":"https:\/\/radioljubuski.ba\/index.php\/wp-json\/wp\/v2\/posts"}],"about":[{"href":"https:\/\/radioljubuski.ba\/index.php\/wp-json\/wp\/v2\/types\/post"}],"author":[{"embeddable":true,"href":"https:\/\/radioljubuski.ba\/index.php\/wp-json\/wp\/v2\/users\/2"}],"replies":[{"embeddable":true,"href":"https:\/\/radioljubuski.ba\/index.php\/wp-json\/wp\/v2\/comments?post=85163"}],"version-history":[{"count":1,"href":"https:\/\/radioljubuski.ba\/index.php\/wp-json\/wp\/v2\/posts\/85163\/revisions"}],"predecessor-version":[{"id":85165,"href":"https:\/\/radioljubuski.ba\/index.php\/wp-json\/wp\/v2\/posts\/85163\/revisions\/85165"}],"wp:featuredmedia":[{"embeddable":true,"href":"https:\/\/radioljubuski.ba\/index.php\/wp-json\/wp\/v2\/media\/85164"}],"wp:attachment":[{"href":"https:\/\/radioljubuski.ba\/index.php\/wp-json\/wp\/v2\/media?parent=85163"}],"wp:term":[{"taxonomy":"category","embeddable":true,"href":"https:\/\/radioljubuski.ba\/index.php\/wp-json\/wp\/v2\/categories?post=85163"},{"taxonomy":"post_tag","embeddable":true,"href":"https:\/\/radioljubuski.ba\/index.php\/wp-json\/wp\/v2\/tags?post=85163"}],"curies":[{"name":"wp","href":"https:\/\/api.w.org\/{rel}","templated":true}]}}