{"id":85168,"date":"2021-11-05T11:25:26","date_gmt":"2021-11-05T10:25:26","guid":{"rendered":"https:\/\/radioljubuski.ba\/?p=85168"},"modified":"2021-11-05T11:25:27","modified_gmt":"2021-11-05T10:25:27","slug":"vodostaj-neretve-u-konjicu-najveci-otkako-postoje-mjerenja","status":"publish","type":"post","link":"https:\/\/radioljubuski.ba\/index.php\/2021\/11\/05\/vodostaj-neretve-u-konjicu-najveci-otkako-postoje-mjerenja\/","title":{"rendered":"Vodostaj Neretve u Konjicu najve\u0107i otkako postoje mjerenja"},"content":{"rendered":"\n<p><strong>Vodostaj rijeke Neretve na mjernoj stanici Glavati\u010devo jutros u 01:30 sati iznosio je 514 centimetara, \u0161to je najve\u0107i vodostaj u dosada\u0161njim mjerenjima!<\/strong><\/p>\n\n\n\n<p>To je jutros potvr\u0111eno iz Operativnog centra Civilne za\u0161tite Hercegova\u010dko-neretvanske \u017eupanije.<\/p>\n\n\n\n<p>Ote\u017eano prometovanje magistralnom cestom Konjic-Mostar.<\/p>\n\n\n\n<p>Kako su naveli, vodostaj rijeke Neretve na mjernoj stanici Konjic u 04:00 sati iznosio je 530 cm,\u0161to je najve\u0107i vodostaj zabilje\u017een u dosada\u0161njim mjerenjima.<\/p>\n\n\n\n<p>Stanje u Konjicu i u Jablanici je dramati\u010dno. U Konjicu se rijeka Neretva izlila na lokacijama Tu\u0161\u0107ica, Ora\u0161je i u centru grada ispod novog mosta.<\/p>\n\n\n\n<p>Od 02:15 sati u prekidu je regionalni put R-435 Konjic-Glavati\u010devo u naselju Tu\u0161\u0107ica.<\/p>\n\n\n\n<p>Radnici civilne za\u0161tite i vatrogasci cijelu no\u0107 su pratili vodostaje rijeka i radili na otklanjanju posljedica od poplava.<\/p>\n\n\n\n<p>U 04:40 sati preko MUP-a stigla obavijest od mje\u0161tana sela Hotovlje da je uslijed obilnih ki\u0161nih padalina u selu do\u0161lo do aktiviranja klizi\u0161ta koje ugro\u017eava porodi\u010dne ku\u0107e. Mje\u0161tani su smje\u0161teni u lokalnu d\u017eamiju. Selo je ostalo i bez napajanja elektri\u010dnom energijom.<\/p>\n\n\n\n<p>Ote\u017eano je prometovanje magistralnom cestom Konjic-Mostar.<\/p>\n\n\n\n<p>\/HMS\/<\/p>\n","protected":false},"excerpt":{"rendered":"<p>Vodostaj rijeke Neretve na mjernoj stanici Glavati\u010devo jutros u 01:30 sati iznosio je 514 centimetara, \u0161to je najve\u0107i vodostaj u dosada\u0161njim mjerenjima! To je jutros potvr\u0111eno iz Operativnog centra Civilne za\u0161tite Hercegova\u010dko-neretvanske \u017eupanije. Ote\u017eano prometovanje magistralnom cestom Konjic-Mostar. Kako su naveli, vodostaj rijeke Neretve na mjernoj stanici Konjic u 04:00 sati iznosio je 530 cm,\u0161to [&hellip;]<\/p>\n","protected":false},"author":2,"featured_media":85169,"comment_status":"closed","ping_status":"closed","sticky":false,"template":"","format":"standard","meta":{"h5ap_radio_sources":[],"footnotes":""},"categories":[1],"tags":[],"class_list":["post-85168","post","type-post","status-publish","format-standard","has-post-thumbnail","hentry","category-bihiregija"],"yoast_head":"<!-- This site is optimized with the Yoast SEO plugin v27.4 - https:\/\/yoast.com\/product\/yoast-seo-wordpress\/ -->\n<title>Vodostaj Neretve u Konjicu najve\u0107i otkako postoje mjerenja - RADIO LJUBU\u0160KI<\/title>\n<meta name=\"robots\" content=\"index, follow, max-snippet:-1, max-image-preview:large, max-video-preview:-1\" \/>\n<link rel=\"canonical\" href=\"https:\/\/radioljubuski.ba\/index.php\/2021\/11\/05\/vodostaj-neretve-u-konjicu-najveci-otkako-postoje-mjerenja\/\" \/>\n<meta property=\"og:locale\" content=\"hr_HR\" \/>\n<meta property=\"og:type\" content=\"article\" \/>\n<meta property=\"og:title\" content=\"Vodostaj Neretve u Konjicu najve\u0107i otkako postoje mjerenja - RADIO LJUBU\u0160KI\" \/>\n<meta property=\"og:description\" content=\"Vodostaj rijeke Neretve na mjernoj stanici Glavati\u010devo jutros u 01:30 sati iznosio je 514 centimetara, \u0161to je najve\u0107i vodostaj u dosada\u0161njim mjerenjima! To je jutros potvr\u0111eno iz Operativnog centra Civilne za\u0161tite Hercegova\u010dko-neretvanske \u017eupanije. Ote\u017eano prometovanje magistralnom cestom Konjic-Mostar. Kako su naveli, vodostaj rijeke Neretve na mjernoj stanici Konjic u 04:00 sati iznosio je 530 cm,\u0161to [&hellip;]\" \/>\n<meta property=\"og:url\" content=\"https:\/\/radioljubuski.ba\/index.php\/2021\/11\/05\/vodostaj-neretve-u-konjicu-najveci-otkako-postoje-mjerenja\/\" \/>\n<meta property=\"og:site_name\" content=\"RADIO LJUBU\u0160KI\" \/>\n<meta property=\"article:publisher\" content=\"https:\/\/www.facebook.com\/Radiio-Ljubuski-1490835324566332\" \/>\n<meta property=\"article:published_time\" content=\"2021-11-05T10:25:26+00:00\" \/>\n<meta property=\"article:modified_time\" content=\"2021-11-05T10:25:27+00:00\" \/>\n<meta property=\"og:image\" content=\"https:\/\/radioljubuski.ba\/wp-content\/uploads\/2021\/11\/873x400-2-1.jpg\" \/>\n\t<meta property=\"og:image:width\" content=\"750\" \/>\n\t<meta property=\"og:image:height\" content=\"465\" \/>\n\t<meta property=\"og:image:type\" content=\"image\/jpeg\" \/>\n<meta name=\"author\" content=\"Radio Ljubu\u0161ki\" \/>\n<meta name=\"twitter:card\" content=\"summary_large_image\" \/>\n<meta name=\"twitter:creator\" content=\"@radioljubuski\" \/>\n<meta name=\"twitter:site\" content=\"@radioljubuski\" \/>\n<meta name=\"twitter:label1\" content=\"Napisao\/la\" \/>\n\t<meta name=\"twitter:data1\" content=\"Radio Ljubu\u0161ki\" \/>\n\t<meta name=\"twitter:label2\" content=\"Procijenjeno vrijeme \u010ditanja\" \/>\n\t<meta name=\"twitter:data2\" content=\"1 minuta\" \/>\n<script type=\"application\/ld+json\" class=\"yoast-schema-graph\">{\"@context\":\"https:\\\/\\\/schema.org\",\"@graph\":[{\"@type\":\"Article\",\"@id\":\"https:\\\/\\\/radioljubuski.ba\\\/index.php\\\/2021\\\/11\\\/05\\\/vodostaj-neretve-u-konjicu-najveci-otkako-postoje-mjerenja\\\/#article\",\"isPartOf\":{\"@id\":\"https:\\\/\\\/radioljubuski.ba\\\/index.php\\\/2021\\\/11\\\/05\\\/vodostaj-neretve-u-konjicu-najveci-otkako-postoje-mjerenja\\\/\"},\"author\":{\"name\":\"Radio Ljubu\u0161ki\",\"@id\":\"https:\\\/\\\/radioljubuski.ba\\\/#\\\/schema\\\/person\\\/19fc700381a780f69665d7956c469e3b\"},\"headline\":\"Vodostaj Neretve u Konjicu najve\u0107i otkako postoje mjerenja\",\"datePublished\":\"2021-11-05T10:25:26+00:00\",\"dateModified\":\"2021-11-05T10:25:27+00:00\",\"mainEntityOfPage\":{\"@id\":\"https:\\\/\\\/radioljubuski.ba\\\/index.php\\\/2021\\\/11\\\/05\\\/vodostaj-neretve-u-konjicu-najveci-otkako-postoje-mjerenja\\\/\"},\"wordCount\":198,\"publisher\":{\"@id\":\"https:\\\/\\\/radioljubuski.ba\\\/#organization\"},\"image\":{\"@id\":\"https:\\\/\\\/radioljubuski.ba\\\/index.php\\\/2021\\\/11\\\/05\\\/vodostaj-neretve-u-konjicu-najveci-otkako-postoje-mjerenja\\\/#primaryimage\"},\"thumbnailUrl\":\"https:\\\/\\\/radioljubuski.ba\\\/wp-content\\\/uploads\\\/2021\\\/11\\\/873x400-2-1.jpg\",\"articleSection\":[\"BIH i regija\"],\"inLanguage\":\"hr\"},{\"@type\":\"WebPage\",\"@id\":\"https:\\\/\\\/radioljubuski.ba\\\/index.php\\\/2021\\\/11\\\/05\\\/vodostaj-neretve-u-konjicu-najveci-otkako-postoje-mjerenja\\\/\",\"url\":\"https:\\\/\\\/radioljubuski.ba\\\/index.php\\\/2021\\\/11\\\/05\\\/vodostaj-neretve-u-konjicu-najveci-otkako-postoje-mjerenja\\\/\",\"name\":\"Vodostaj Neretve u Konjicu najve\u0107i otkako postoje mjerenja - RADIO LJUBU\u0160KI\",\"isPartOf\":{\"@id\":\"https:\\\/\\\/radioljubuski.ba\\\/#website\"},\"primaryImageOfPage\":{\"@id\":\"https:\\\/\\\/radioljubuski.ba\\\/index.php\\\/2021\\\/11\\\/05\\\/vodostaj-neretve-u-konjicu-najveci-otkako-postoje-mjerenja\\\/#primaryimage\"},\"image\":{\"@id\":\"https:\\\/\\\/radioljubuski.ba\\\/index.php\\\/2021\\\/11\\\/05\\\/vodostaj-neretve-u-konjicu-najveci-otkako-postoje-mjerenja\\\/#primaryimage\"},\"thumbnailUrl\":\"https:\\\/\\\/radioljubuski.ba\\\/wp-content\\\/uploads\\\/2021\\\/11\\\/873x400-2-1.jpg\",\"datePublished\":\"2021-11-05T10:25:26+00:00\",\"dateModified\":\"2021-11-05T10:25:27+00:00\",\"breadcrumb\":{\"@id\":\"https:\\\/\\\/radioljubuski.ba\\\/index.php\\\/2021\\\/11\\\/05\\\/vodostaj-neretve-u-konjicu-najveci-otkako-postoje-mjerenja\\\/#breadcrumb\"},\"inLanguage\":\"hr\",\"potentialAction\":[{\"@type\":\"ReadAction\",\"target\":[\"https:\\\/\\\/radioljubuski.ba\\\/index.php\\\/2021\\\/11\\\/05\\\/vodostaj-neretve-u-konjicu-najveci-otkako-postoje-mjerenja\\\/\"]}]},{\"@type\":\"ImageObject\",\"inLanguage\":\"hr\",\"@id\":\"https:\\\/\\\/radioljubuski.ba\\\/index.php\\\/2021\\\/11\\\/05\\\/vodostaj-neretve-u-konjicu-najveci-otkako-postoje-mjerenja\\\/#primaryimage\",\"url\":\"https:\\\/\\\/radioljubuski.ba\\\/wp-content\\\/uploads\\\/2021\\\/11\\\/873x400-2-1.jpg\",\"contentUrl\":\"https:\\\/\\\/radioljubuski.ba\\\/wp-content\\\/uploads\\\/2021\\\/11\\\/873x400-2-1.jpg\",\"width\":750,\"height\":465},{\"@type\":\"BreadcrumbList\",\"@id\":\"https:\\\/\\\/radioljubuski.ba\\\/index.php\\\/2021\\\/11\\\/05\\\/vodostaj-neretve-u-konjicu-najveci-otkako-postoje-mjerenja\\\/#breadcrumb\",\"itemListElement\":[{\"@type\":\"ListItem\",\"position\":1,\"name\":\"Po\u010detna stranica\",\"item\":\"https:\\\/\\\/radioljubuski.ba\\\/\"},{\"@type\":\"ListItem\",\"position\":2,\"name\":\"Vodostaj Neretve u Konjicu najve\u0107i otkako postoje mjerenja\"}]},{\"@type\":\"WebSite\",\"@id\":\"https:\\\/\\\/radioljubuski.ba\\\/#website\",\"url\":\"https:\\\/\\\/radioljubuski.ba\\\/\",\"name\":\"Radio Ljubu\u0161ki\",\"description\":\"Sun\u010dana frekvencija Hercegovine\",\"publisher\":{\"@id\":\"https:\\\/\\\/radioljubuski.ba\\\/#organization\"},\"potentialAction\":[{\"@type\":\"SearchAction\",\"target\":{\"@type\":\"EntryPoint\",\"urlTemplate\":\"https:\\\/\\\/radioljubuski.ba\\\/?s={search_term_string}\"},\"query-input\":{\"@type\":\"PropertyValueSpecification\",\"valueRequired\":true,\"valueName\":\"search_term_string\"}}],\"inLanguage\":\"hr\"},{\"@type\":\"Organization\",\"@id\":\"https:\\\/\\\/radioljubuski.ba\\\/#organization\",\"name\":\"Radio Ljubu\u0161ki\",\"url\":\"https:\\\/\\\/radioljubuski.ba\\\/\",\"logo\":{\"@type\":\"ImageObject\",\"inLanguage\":\"hr\",\"@id\":\"https:\\\/\\\/radioljubuski.ba\\\/#\\\/schema\\\/logo\\\/image\\\/\",\"url\":\"https:\\\/\\\/radioljubuski.ba\\\/wp-content\\\/uploads\\\/2021\\\/02\\\/cropped-Radio_Ljubuski_logo1.jpg\",\"contentUrl\":\"https:\\\/\\\/radioljubuski.ba\\\/wp-content\\\/uploads\\\/2021\\\/02\\\/cropped-Radio_Ljubuski_logo1.jpg\",\"width\":512,\"height\":512,\"caption\":\"Radio Ljubu\u0161ki\"},\"image\":{\"@id\":\"https:\\\/\\\/radioljubuski.ba\\\/#\\\/schema\\\/logo\\\/image\\\/\"},\"sameAs\":[\"https:\\\/\\\/www.facebook.com\\\/Radiio-Ljubuski-1490835324566332\",\"https:\\\/\\\/x.com\\\/radioljubuski\",\"https:\\\/\\\/hr.linkedin.com\\\/company\\\/radio-ljubuski\",\"https:\\\/\\\/www.youtube.com\\\/channel\\\/UCHYaeO_n0Db3tjNGudGpXyw\"]},{\"@type\":\"Person\",\"@id\":\"https:\\\/\\\/radioljubuski.ba\\\/#\\\/schema\\\/person\\\/19fc700381a780f69665d7956c469e3b\",\"name\":\"Radio Ljubu\u0161ki\"}]}<\/script>\n<!-- \/ Yoast SEO plugin. -->","yoast_head_json":{"title":"Vodostaj Neretve u Konjicu najve\u0107i otkako postoje mjerenja - RADIO LJUBU\u0160KI","robots":{"index":"index","follow":"follow","max-snippet":"max-snippet:-1","max-image-preview":"max-image-preview:large","max-video-preview":"max-video-preview:-1"},"canonical":"https:\/\/radioljubuski.ba\/index.php\/2021\/11\/05\/vodostaj-neretve-u-konjicu-najveci-otkako-postoje-mjerenja\/","og_locale":"hr_HR","og_type":"article","og_title":"Vodostaj Neretve u Konjicu najve\u0107i otkako postoje mjerenja - RADIO LJUBU\u0160KI","og_description":"Vodostaj rijeke Neretve na mjernoj stanici Glavati\u010devo jutros u 01:30 sati iznosio je 514 centimetara, \u0161to je najve\u0107i vodostaj u dosada\u0161njim mjerenjima! To je jutros potvr\u0111eno iz Operativnog centra Civilne za\u0161tite Hercegova\u010dko-neretvanske \u017eupanije. Ote\u017eano prometovanje magistralnom cestom Konjic-Mostar. Kako su naveli, vodostaj rijeke Neretve na mjernoj stanici Konjic u 04:00 sati iznosio je 530 cm,\u0161to [&hellip;]","og_url":"https:\/\/radioljubuski.ba\/index.php\/2021\/11\/05\/vodostaj-neretve-u-konjicu-najveci-otkako-postoje-mjerenja\/","og_site_name":"RADIO LJUBU\u0160KI","article_publisher":"https:\/\/www.facebook.com\/Radiio-Ljubuski-1490835324566332","article_published_time":"2021-11-05T10:25:26+00:00","article_modified_time":"2021-11-05T10:25:27+00:00","og_image":[{"width":750,"height":465,"url":"https:\/\/radioljubuski.ba\/wp-content\/uploads\/2021\/11\/873x400-2-1.jpg","type":"image\/jpeg"}],"author":"Radio Ljubu\u0161ki","twitter_card":"summary_large_image","twitter_creator":"@radioljubuski","twitter_site":"@radioljubuski","twitter_misc":{"Napisao\/la":"Radio Ljubu\u0161ki","Procijenjeno vrijeme \u010ditanja":"1 minuta"},"schema":{"@context":"https:\/\/schema.org","@graph":[{"@type":"Article","@id":"https:\/\/radioljubuski.ba\/index.php\/2021\/11\/05\/vodostaj-neretve-u-konjicu-najveci-otkako-postoje-mjerenja\/#article","isPartOf":{"@id":"https:\/\/radioljubuski.ba\/index.php\/2021\/11\/05\/vodostaj-neretve-u-konjicu-najveci-otkako-postoje-mjerenja\/"},"author":{"name":"Radio Ljubu\u0161ki","@id":"https:\/\/radioljubuski.ba\/#\/schema\/person\/19fc700381a780f69665d7956c469e3b"},"headline":"Vodostaj Neretve u Konjicu najve\u0107i otkako postoje mjerenja","datePublished":"2021-11-05T10:25:26+00:00","dateModified":"2021-11-05T10:25:27+00:00","mainEntityOfPage":{"@id":"https:\/\/radioljubuski.ba\/index.php\/2021\/11\/05\/vodostaj-neretve-u-konjicu-najveci-otkako-postoje-mjerenja\/"},"wordCount":198,"publisher":{"@id":"https:\/\/radioljubuski.ba\/#organization"},"image":{"@id":"https:\/\/radioljubuski.ba\/index.php\/2021\/11\/05\/vodostaj-neretve-u-konjicu-najveci-otkako-postoje-mjerenja\/#primaryimage"},"thumbnailUrl":"https:\/\/radioljubuski.ba\/wp-content\/uploads\/2021\/11\/873x400-2-1.jpg","articleSection":["BIH i regija"],"inLanguage":"hr"},{"@type":"WebPage","@id":"https:\/\/radioljubuski.ba\/index.php\/2021\/11\/05\/vodostaj-neretve-u-konjicu-najveci-otkako-postoje-mjerenja\/","url":"https:\/\/radioljubuski.ba\/index.php\/2021\/11\/05\/vodostaj-neretve-u-konjicu-najveci-otkako-postoje-mjerenja\/","name":"Vodostaj Neretve u Konjicu najve\u0107i otkako postoje mjerenja - RADIO LJUBU\u0160KI","isPartOf":{"@id":"https:\/\/radioljubuski.ba\/#website"},"primaryImageOfPage":{"@id":"https:\/\/radioljubuski.ba\/index.php\/2021\/11\/05\/vodostaj-neretve-u-konjicu-najveci-otkako-postoje-mjerenja\/#primaryimage"},"image":{"@id":"https:\/\/radioljubuski.ba\/index.php\/2021\/11\/05\/vodostaj-neretve-u-konjicu-najveci-otkako-postoje-mjerenja\/#primaryimage"},"thumbnailUrl":"https:\/\/radioljubuski.ba\/wp-content\/uploads\/2021\/11\/873x400-2-1.jpg","datePublished":"2021-11-05T10:25:26+00:00","dateModified":"2021-11-05T10:25:27+00:00","breadcrumb":{"@id":"https:\/\/radioljubuski.ba\/index.php\/2021\/11\/05\/vodostaj-neretve-u-konjicu-najveci-otkako-postoje-mjerenja\/#breadcrumb"},"inLanguage":"hr","potentialAction":[{"@type":"ReadAction","target":["https:\/\/radioljubuski.ba\/index.php\/2021\/11\/05\/vodostaj-neretve-u-konjicu-najveci-otkako-postoje-mjerenja\/"]}]},{"@type":"ImageObject","inLanguage":"hr","@id":"https:\/\/radioljubuski.ba\/index.php\/2021\/11\/05\/vodostaj-neretve-u-konjicu-najveci-otkako-postoje-mjerenja\/#primaryimage","url":"https:\/\/radioljubuski.ba\/wp-content\/uploads\/2021\/11\/873x400-2-1.jpg","contentUrl":"https:\/\/radioljubuski.ba\/wp-content\/uploads\/2021\/11\/873x400-2-1.jpg","width":750,"height":465},{"@type":"BreadcrumbList","@id":"https:\/\/radioljubuski.ba\/index.php\/2021\/11\/05\/vodostaj-neretve-u-konjicu-najveci-otkako-postoje-mjerenja\/#breadcrumb","itemListElement":[{"@type":"ListItem","position":1,"name":"Po\u010detna stranica","item":"https:\/\/radioljubuski.ba\/"},{"@type":"ListItem","position":2,"name":"Vodostaj Neretve u Konjicu najve\u0107i otkako postoje mjerenja"}]},{"@type":"WebSite","@id":"https:\/\/radioljubuski.ba\/#website","url":"https:\/\/radioljubuski.ba\/","name":"Radio Ljubu\u0161ki","description":"Sun\u010dana frekvencija Hercegovine","publisher":{"@id":"https:\/\/radioljubuski.ba\/#organization"},"potentialAction":[{"@type":"SearchAction","target":{"@type":"EntryPoint","urlTemplate":"https:\/\/radioljubuski.ba\/?s={search_term_string}"},"query-input":{"@type":"PropertyValueSpecification","valueRequired":true,"valueName":"search_term_string"}}],"inLanguage":"hr"},{"@type":"Organization","@id":"https:\/\/radioljubuski.ba\/#organization","name":"Radio Ljubu\u0161ki","url":"https:\/\/radioljubuski.ba\/","logo":{"@type":"ImageObject","inLanguage":"hr","@id":"https:\/\/radioljubuski.ba\/#\/schema\/logo\/image\/","url":"https:\/\/radioljubuski.ba\/wp-content\/uploads\/2021\/02\/cropped-Radio_Ljubuski_logo1.jpg","contentUrl":"https:\/\/radioljubuski.ba\/wp-content\/uploads\/2021\/02\/cropped-Radio_Ljubuski_logo1.jpg","width":512,"height":512,"caption":"Radio Ljubu\u0161ki"},"image":{"@id":"https:\/\/radioljubuski.ba\/#\/schema\/logo\/image\/"},"sameAs":["https:\/\/www.facebook.com\/Radiio-Ljubuski-1490835324566332","https:\/\/x.com\/radioljubuski","https:\/\/hr.linkedin.com\/company\/radio-ljubuski","https:\/\/www.youtube.com\/channel\/UCHYaeO_n0Db3tjNGudGpXyw"]},{"@type":"Person","@id":"https:\/\/radioljubuski.ba\/#\/schema\/person\/19fc700381a780f69665d7956c469e3b","name":"Radio Ljubu\u0161ki"}]}},"_links":{"self":[{"href":"https:\/\/radioljubuski.ba\/index.php\/wp-json\/wp\/v2\/posts\/85168","targetHints":{"allow":["GET"]}}],"collection":[{"href":"https:\/\/radioljubuski.ba\/index.php\/wp-json\/wp\/v2\/posts"}],"about":[{"href":"https:\/\/radioljubuski.ba\/index.php\/wp-json\/wp\/v2\/types\/post"}],"author":[{"embeddable":true,"href":"https:\/\/radioljubuski.ba\/index.php\/wp-json\/wp\/v2\/users\/2"}],"replies":[{"embeddable":true,"href":"https:\/\/radioljubuski.ba\/index.php\/wp-json\/wp\/v2\/comments?post=85168"}],"version-history":[{"count":1,"href":"https:\/\/radioljubuski.ba\/index.php\/wp-json\/wp\/v2\/posts\/85168\/revisions"}],"predecessor-version":[{"id":85170,"href":"https:\/\/radioljubuski.ba\/index.php\/wp-json\/wp\/v2\/posts\/85168\/revisions\/85170"}],"wp:featuredmedia":[{"embeddable":true,"href":"https:\/\/radioljubuski.ba\/index.php\/wp-json\/wp\/v2\/media\/85169"}],"wp:attachment":[{"href":"https:\/\/radioljubuski.ba\/index.php\/wp-json\/wp\/v2\/media?parent=85168"}],"wp:term":[{"taxonomy":"category","embeddable":true,"href":"https:\/\/radioljubuski.ba\/index.php\/wp-json\/wp\/v2\/categories?post=85168"},{"taxonomy":"post_tag","embeddable":true,"href":"https:\/\/radioljubuski.ba\/index.php\/wp-json\/wp\/v2\/tags?post=85168"}],"curies":[{"name":"wp","href":"https:\/\/api.w.org\/{rel}","templated":true}]}}