{"id":85179,"date":"2021-11-05T11:31:48","date_gmt":"2021-11-05T10:31:48","guid":{"rendered":"https:\/\/radioljubuski.ba\/?p=85179"},"modified":"2021-11-05T11:31:49","modified_gmt":"2021-11-05T10:31:49","slug":"hss-bih-sprijecite-prijenos-nadleznosti-ne-moze-sarajevo-upravljati-blidinjem","status":"publish","type":"post","link":"https:\/\/radioljubuski.ba\/index.php\/2021\/11\/05\/hss-bih-sprijecite-prijenos-nadleznosti-ne-moze-sarajevo-upravljati-blidinjem\/","title":{"rendered":"HSS BiH: \u201cSprije\u010dite prijenos nadle\u017enosti, ne mo\u017ee Sarajevo upravljati Blidinjem\u201d"},"content":{"rendered":"\n<p><strong>Hrvatska selja\u010dka stranka BIH oglasila se priop\u0107enjem za javnost u kojem poziva na zaustavljanje prijenosa nadle\u017enosti na Federaciju BiH uz poruku da Sarajevo ne mo\u017ee upravljati Blidinjem.<\/strong><\/p>\n\n\n\n<p>-U petak (05. studenog) u posu\u0161koj kinodvorani \u0107e se odr\u017eati \u201esastanak\u201d. \u201eSastanak\u201d su na zahtjev Federalnog ministarstva okoli\u0161a i turizma poslu\u0161no zakazali vladaju\u0107i u op\u0107ini Posu\u0161je, priop\u0107eno je.<\/p>\n\n\n\n<p>U HSS-u se pitaju gdje su nestale pri\u010de kako su Hrvati preglasani u Vladi Federacije i kako Hrvata gotovo vi\u0161e i nema u ministarstvima u kojima ministar nije legitimni predstavnik Hrvata? Ali o tome \u0107e, ka\u017eu, drugom prigodom.<\/p>\n\n\n\n<p>-Uglavnom, \u201eZahtjev\u201d za \u201eSastankom\u201d su na\u0161i legitimni op\u0107inski du\u017enosnici prihvatili iako dolazi upravo iz takvog ministarstva. Tema \u201eSastanka\u201d je Blidinje, to\u010dnije progla\u0161enje parka prirode Blidinje \u2013 nacionalnim parkom u BiH, priop\u0107eno je.<\/p>\n\n\n\n<p>Dodaju da ni\u0161ta oko progla\u0161enja parka prirode \u2013 nacionalnim parkom ne bi bilo sporno, da se ne radi o, kako navode, \u010distom prijenosu i ovako oskudnih nadle\u017enosti \u017eupanija, op\u0107ina i gradova na federalnu razinu.<\/p>\n\n\n\n<p>-Kada je 30. travnja 1995. Vlada HR HB donijela Odluku o progla\u0161enju parka prirode Blidinje, vjerujemo kako im ni u primislima nije bilo kako \u0107e jednoga dana oni \u0161to dolaze poslije njih to dragovoljno prepustiti Sarajevu. Kako bi stvar bila gora, nitko od nadle\u017enih u ovom slu\u010daju nije razgovarao s lokalnom zajednicom niti s op\u0107inama koje gravitiraju tom podru\u010dju, a kamo li ih je pitao za mi\u0161ljenje. Sukladno trenuta\u010dnoj sarajevskoj politici za mi\u0161ljenje nisu pitane ni \u017eupanije, tj. nadle\u017ena \u017eupanijska ministarstva, priop\u0107eno je.<\/p>\n\n\n\n<p>Posebno spornim HSS vidi to \u0161to granice NP Blidinje kroz prednacrt zakona nisu jasno definirane.<\/p>\n\n\n\n<p>-Naravno, ni tu nije kraj politi\u010dkom bezobrazluku sarajevske \u010dar\u0161ije jer u samom prednacrtu Zakona o nacionalnom parku Blidinje granice istoga nisu precizno navedene, te stoji kako \u0107e njih svojim aktom utvrditi Vlada Federacije. Prevedeno to zna\u010di da Fadil Novali\u0107 i Vlada Federacije mogu donijeti Akt kako su granice Nacionalnog Parka ne samo do Bosiljne, nego iste mogu odrediti i do GP \u201eOsoje\u201d, te nakon toga odlu\u010divati smije li i tko u tim granicama graditi, saditi krumpir, \u010duvati stoku ili kositi travu, priop\u0107eno je.<\/p>\n\n\n\n<p>U HSS.u ka\u017eu da svi argumenti zagovornika predaje Blidinja Sarajevu, po\u010dinju i zavr\u0161avaju sa \u201e Dobit \u0107emo 700 000 KM godi\u0161nje za pla\u0107e od Sarajeva\u201d.<\/p>\n\n\n\n<p>-HSS je stava kako Blidinje posu\u0161kom narodu vrijedi puno vi\u0161e od 700 000 KM godi\u0161nje za zaposlene u nacionalnom parku, gdje \u0107e ponovo Sarajevo odlu\u010divati tko \u0107e biti zaposlen, jer \u017eupanije i op\u0107ine ne\u0107e vi\u0161e imati nadle\u017enosti, priop\u0107eno je te se dodaje:<\/p>\n\n\n\n<p>-HSS poziva sve posu\u0161ke politi\u010dke subjekte koji su pozvani na \u201eSastanak\u201d da kao i HSS budu protiv predaje nadle\u017enosti i prodaje teritorija krvlju obranjenog za 700 000 KM godi\u0161nje, a koje \u0107e i\u0107i u tko zna \u010dije d\u017eepove, jer glas \u201eZa\u201d nije glas za nacionalni park nego nacionalna izdaja, priop\u0107eno je iz HSS-a.<\/p>\n\n\n\n<p>\/HMS\/<\/p>\n","protected":false},"excerpt":{"rendered":"<p>Hrvatska selja\u010dka stranka BIH oglasila se priop\u0107enjem za javnost u kojem poziva na zaustavljanje prijenosa nadle\u017enosti na Federaciju BiH uz poruku da Sarajevo ne mo\u017ee upravljati Blidinjem. -U petak (05. studenog) u posu\u0161koj kinodvorani \u0107e se odr\u017eati \u201esastanak\u201d. \u201eSastanak\u201d su na zahtjev Federalnog ministarstva okoli\u0161a i turizma poslu\u0161no zakazali vladaju\u0107i u op\u0107ini Posu\u0161je, priop\u0107eno je. [&hellip;]<\/p>\n","protected":false},"author":2,"featured_media":85180,"comment_status":"closed","ping_status":"closed","sticky":false,"template":"","format":"standard","meta":{"h5ap_radio_sources":[],"footnotes":""},"categories":[1],"tags":[],"class_list":["post-85179","post","type-post","status-publish","format-standard","has-post-thumbnail","hentry","category-bihiregija"],"yoast_head":"<!-- This site is optimized with the Yoast SEO plugin v27.5 - https:\/\/yoast.com\/product\/yoast-seo-wordpress\/ -->\n<title>HSS BiH: \u201cSprije\u010dite prijenos nadle\u017enosti, ne mo\u017ee Sarajevo upravljati Blidinjem\u201d - RADIO LJUBU\u0160KI<\/title>\n<meta name=\"robots\" content=\"index, follow, max-snippet:-1, max-image-preview:large, max-video-preview:-1\" \/>\n<link rel=\"canonical\" href=\"https:\/\/radioljubuski.ba\/index.php\/2021\/11\/05\/hss-bih-sprijecite-prijenos-nadleznosti-ne-moze-sarajevo-upravljati-blidinjem\/\" \/>\n<meta property=\"og:locale\" content=\"hr_HR\" \/>\n<meta property=\"og:type\" content=\"article\" \/>\n<meta property=\"og:title\" content=\"HSS BiH: \u201cSprije\u010dite prijenos nadle\u017enosti, ne mo\u017ee Sarajevo upravljati Blidinjem\u201d - RADIO LJUBU\u0160KI\" \/>\n<meta property=\"og:description\" content=\"Hrvatska selja\u010dka stranka BIH oglasila se priop\u0107enjem za javnost u kojem poziva na zaustavljanje prijenosa nadle\u017enosti na Federaciju BiH uz poruku da Sarajevo ne mo\u017ee upravljati Blidinjem. -U petak (05. studenog) u posu\u0161koj kinodvorani \u0107e se odr\u017eati \u201esastanak\u201d. \u201eSastanak\u201d su na zahtjev Federalnog ministarstva okoli\u0161a i turizma poslu\u0161no zakazali vladaju\u0107i u op\u0107ini Posu\u0161je, priop\u0107eno je. [&hellip;]\" \/>\n<meta property=\"og:url\" content=\"https:\/\/radioljubuski.ba\/index.php\/2021\/11\/05\/hss-bih-sprijecite-prijenos-nadleznosti-ne-moze-sarajevo-upravljati-blidinjem\/\" \/>\n<meta property=\"og:site_name\" content=\"RADIO LJUBU\u0160KI\" \/>\n<meta property=\"article:publisher\" content=\"https:\/\/www.facebook.com\/Radiio-Ljubuski-1490835324566332\" \/>\n<meta property=\"article:published_time\" content=\"2021-11-05T10:31:48+00:00\" \/>\n<meta property=\"article:modified_time\" content=\"2021-11-05T10:31:49+00:00\" \/>\n<meta property=\"og:image\" content=\"https:\/\/radioljubuski.ba\/wp-content\/uploads\/2021\/11\/Park-prirode-Blidinje-snijeg.jpg\" \/>\n\t<meta property=\"og:image:width\" content=\"700\" \/>\n\t<meta property=\"og:image:height\" content=\"402\" \/>\n\t<meta property=\"og:image:type\" content=\"image\/jpeg\" \/>\n<meta name=\"author\" content=\"Radio Ljubu\u0161ki\" \/>\n<meta name=\"twitter:card\" content=\"summary_large_image\" \/>\n<meta name=\"twitter:creator\" content=\"@radioljubuski\" \/>\n<meta name=\"twitter:site\" content=\"@radioljubuski\" \/>\n<meta name=\"twitter:label1\" content=\"Napisao\/la\" \/>\n\t<meta name=\"twitter:data1\" content=\"Radio Ljubu\u0161ki\" \/>\n\t<meta name=\"twitter:label2\" content=\"Procijenjeno vrijeme \u010ditanja\" \/>\n\t<meta name=\"twitter:data2\" content=\"3 minute\" \/>\n<script type=\"application\/ld+json\" class=\"yoast-schema-graph\">{\"@context\":\"https:\\\/\\\/schema.org\",\"@graph\":[{\"@type\":\"Article\",\"@id\":\"https:\\\/\\\/radioljubuski.ba\\\/index.php\\\/2021\\\/11\\\/05\\\/hss-bih-sprijecite-prijenos-nadleznosti-ne-moze-sarajevo-upravljati-blidinjem\\\/#article\",\"isPartOf\":{\"@id\":\"https:\\\/\\\/radioljubuski.ba\\\/index.php\\\/2021\\\/11\\\/05\\\/hss-bih-sprijecite-prijenos-nadleznosti-ne-moze-sarajevo-upravljati-blidinjem\\\/\"},\"author\":{\"name\":\"Radio Ljubu\u0161ki\",\"@id\":\"https:\\\/\\\/radioljubuski.ba\\\/#\\\/schema\\\/person\\\/19fc700381a780f69665d7956c469e3b\"},\"headline\":\"HSS BiH: \u201cSprije\u010dite prijenos nadle\u017enosti, ne mo\u017ee Sarajevo upravljati Blidinjem\u201d\",\"datePublished\":\"2021-11-05T10:31:48+00:00\",\"dateModified\":\"2021-11-05T10:31:49+00:00\",\"mainEntityOfPage\":{\"@id\":\"https:\\\/\\\/radioljubuski.ba\\\/index.php\\\/2021\\\/11\\\/05\\\/hss-bih-sprijecite-prijenos-nadleznosti-ne-moze-sarajevo-upravljati-blidinjem\\\/\"},\"wordCount\":524,\"publisher\":{\"@id\":\"https:\\\/\\\/radioljubuski.ba\\\/#organization\"},\"image\":{\"@id\":\"https:\\\/\\\/radioljubuski.ba\\\/index.php\\\/2021\\\/11\\\/05\\\/hss-bih-sprijecite-prijenos-nadleznosti-ne-moze-sarajevo-upravljati-blidinjem\\\/#primaryimage\"},\"thumbnailUrl\":\"https:\\\/\\\/radioljubuski.ba\\\/wp-content\\\/uploads\\\/2021\\\/11\\\/Park-prirode-Blidinje-snijeg.jpg\",\"articleSection\":[\"BIH i regija\"],\"inLanguage\":\"hr\"},{\"@type\":\"WebPage\",\"@id\":\"https:\\\/\\\/radioljubuski.ba\\\/index.php\\\/2021\\\/11\\\/05\\\/hss-bih-sprijecite-prijenos-nadleznosti-ne-moze-sarajevo-upravljati-blidinjem\\\/\",\"url\":\"https:\\\/\\\/radioljubuski.ba\\\/index.php\\\/2021\\\/11\\\/05\\\/hss-bih-sprijecite-prijenos-nadleznosti-ne-moze-sarajevo-upravljati-blidinjem\\\/\",\"name\":\"HSS BiH: \u201cSprije\u010dite prijenos nadle\u017enosti, ne mo\u017ee Sarajevo upravljati Blidinjem\u201d - RADIO LJUBU\u0160KI\",\"isPartOf\":{\"@id\":\"https:\\\/\\\/radioljubuski.ba\\\/#website\"},\"primaryImageOfPage\":{\"@id\":\"https:\\\/\\\/radioljubuski.ba\\\/index.php\\\/2021\\\/11\\\/05\\\/hss-bih-sprijecite-prijenos-nadleznosti-ne-moze-sarajevo-upravljati-blidinjem\\\/#primaryimage\"},\"image\":{\"@id\":\"https:\\\/\\\/radioljubuski.ba\\\/index.php\\\/2021\\\/11\\\/05\\\/hss-bih-sprijecite-prijenos-nadleznosti-ne-moze-sarajevo-upravljati-blidinjem\\\/#primaryimage\"},\"thumbnailUrl\":\"https:\\\/\\\/radioljubuski.ba\\\/wp-content\\\/uploads\\\/2021\\\/11\\\/Park-prirode-Blidinje-snijeg.jpg\",\"datePublished\":\"2021-11-05T10:31:48+00:00\",\"dateModified\":\"2021-11-05T10:31:49+00:00\",\"breadcrumb\":{\"@id\":\"https:\\\/\\\/radioljubuski.ba\\\/index.php\\\/2021\\\/11\\\/05\\\/hss-bih-sprijecite-prijenos-nadleznosti-ne-moze-sarajevo-upravljati-blidinjem\\\/#breadcrumb\"},\"inLanguage\":\"hr\",\"potentialAction\":[{\"@type\":\"ReadAction\",\"target\":[\"https:\\\/\\\/radioljubuski.ba\\\/index.php\\\/2021\\\/11\\\/05\\\/hss-bih-sprijecite-prijenos-nadleznosti-ne-moze-sarajevo-upravljati-blidinjem\\\/\"]}]},{\"@type\":\"ImageObject\",\"inLanguage\":\"hr\",\"@id\":\"https:\\\/\\\/radioljubuski.ba\\\/index.php\\\/2021\\\/11\\\/05\\\/hss-bih-sprijecite-prijenos-nadleznosti-ne-moze-sarajevo-upravljati-blidinjem\\\/#primaryimage\",\"url\":\"https:\\\/\\\/radioljubuski.ba\\\/wp-content\\\/uploads\\\/2021\\\/11\\\/Park-prirode-Blidinje-snijeg.jpg\",\"contentUrl\":\"https:\\\/\\\/radioljubuski.ba\\\/wp-content\\\/uploads\\\/2021\\\/11\\\/Park-prirode-Blidinje-snijeg.jpg\",\"width\":700,\"height\":402},{\"@type\":\"BreadcrumbList\",\"@id\":\"https:\\\/\\\/radioljubuski.ba\\\/index.php\\\/2021\\\/11\\\/05\\\/hss-bih-sprijecite-prijenos-nadleznosti-ne-moze-sarajevo-upravljati-blidinjem\\\/#breadcrumb\",\"itemListElement\":[{\"@type\":\"ListItem\",\"position\":1,\"name\":\"Po\u010detna stranica\",\"item\":\"https:\\\/\\\/radioljubuski.ba\\\/\"},{\"@type\":\"ListItem\",\"position\":2,\"name\":\"HSS BiH: \u201cSprije\u010dite prijenos nadle\u017enosti, ne mo\u017ee Sarajevo upravljati Blidinjem\u201d\"}]},{\"@type\":\"WebSite\",\"@id\":\"https:\\\/\\\/radioljubuski.ba\\\/#website\",\"url\":\"https:\\\/\\\/radioljubuski.ba\\\/\",\"name\":\"Radio Ljubu\u0161ki\",\"description\":\"Sun\u010dana frekvencija Hercegovine\",\"publisher\":{\"@id\":\"https:\\\/\\\/radioljubuski.ba\\\/#organization\"},\"potentialAction\":[{\"@type\":\"SearchAction\",\"target\":{\"@type\":\"EntryPoint\",\"urlTemplate\":\"https:\\\/\\\/radioljubuski.ba\\\/?s={search_term_string}\"},\"query-input\":{\"@type\":\"PropertyValueSpecification\",\"valueRequired\":true,\"valueName\":\"search_term_string\"}}],\"inLanguage\":\"hr\"},{\"@type\":\"Organization\",\"@id\":\"https:\\\/\\\/radioljubuski.ba\\\/#organization\",\"name\":\"Radio Ljubu\u0161ki\",\"url\":\"https:\\\/\\\/radioljubuski.ba\\\/\",\"logo\":{\"@type\":\"ImageObject\",\"inLanguage\":\"hr\",\"@id\":\"https:\\\/\\\/radioljubuski.ba\\\/#\\\/schema\\\/logo\\\/image\\\/\",\"url\":\"https:\\\/\\\/radioljubuski.ba\\\/wp-content\\\/uploads\\\/2021\\\/02\\\/cropped-Radio_Ljubuski_logo1.jpg\",\"contentUrl\":\"https:\\\/\\\/radioljubuski.ba\\\/wp-content\\\/uploads\\\/2021\\\/02\\\/cropped-Radio_Ljubuski_logo1.jpg\",\"width\":512,\"height\":512,\"caption\":\"Radio Ljubu\u0161ki\"},\"image\":{\"@id\":\"https:\\\/\\\/radioljubuski.ba\\\/#\\\/schema\\\/logo\\\/image\\\/\"},\"sameAs\":[\"https:\\\/\\\/www.facebook.com\\\/Radiio-Ljubuski-1490835324566332\",\"https:\\\/\\\/x.com\\\/radioljubuski\",\"https:\\\/\\\/hr.linkedin.com\\\/company\\\/radio-ljubuski\",\"https:\\\/\\\/www.youtube.com\\\/channel\\\/UCHYaeO_n0Db3tjNGudGpXyw\"]},{\"@type\":\"Person\",\"@id\":\"https:\\\/\\\/radioljubuski.ba\\\/#\\\/schema\\\/person\\\/19fc700381a780f69665d7956c469e3b\",\"name\":\"Radio Ljubu\u0161ki\"}]}<\/script>\n<!-- \/ Yoast SEO plugin. -->","yoast_head_json":{"title":"HSS BiH: \u201cSprije\u010dite prijenos nadle\u017enosti, ne mo\u017ee Sarajevo upravljati Blidinjem\u201d - RADIO LJUBU\u0160KI","robots":{"index":"index","follow":"follow","max-snippet":"max-snippet:-1","max-image-preview":"max-image-preview:large","max-video-preview":"max-video-preview:-1"},"canonical":"https:\/\/radioljubuski.ba\/index.php\/2021\/11\/05\/hss-bih-sprijecite-prijenos-nadleznosti-ne-moze-sarajevo-upravljati-blidinjem\/","og_locale":"hr_HR","og_type":"article","og_title":"HSS BiH: \u201cSprije\u010dite prijenos nadle\u017enosti, ne mo\u017ee Sarajevo upravljati Blidinjem\u201d - RADIO LJUBU\u0160KI","og_description":"Hrvatska selja\u010dka stranka BIH oglasila se priop\u0107enjem za javnost u kojem poziva na zaustavljanje prijenosa nadle\u017enosti na Federaciju BiH uz poruku da Sarajevo ne mo\u017ee upravljati Blidinjem. -U petak (05. studenog) u posu\u0161koj kinodvorani \u0107e se odr\u017eati \u201esastanak\u201d. \u201eSastanak\u201d su na zahtjev Federalnog ministarstva okoli\u0161a i turizma poslu\u0161no zakazali vladaju\u0107i u op\u0107ini Posu\u0161je, priop\u0107eno je. [&hellip;]","og_url":"https:\/\/radioljubuski.ba\/index.php\/2021\/11\/05\/hss-bih-sprijecite-prijenos-nadleznosti-ne-moze-sarajevo-upravljati-blidinjem\/","og_site_name":"RADIO LJUBU\u0160KI","article_publisher":"https:\/\/www.facebook.com\/Radiio-Ljubuski-1490835324566332","article_published_time":"2021-11-05T10:31:48+00:00","article_modified_time":"2021-11-05T10:31:49+00:00","og_image":[{"width":700,"height":402,"url":"https:\/\/radioljubuski.ba\/wp-content\/uploads\/2021\/11\/Park-prirode-Blidinje-snijeg.jpg","type":"image\/jpeg"}],"author":"Radio Ljubu\u0161ki","twitter_card":"summary_large_image","twitter_creator":"@radioljubuski","twitter_site":"@radioljubuski","twitter_misc":{"Napisao\/la":"Radio Ljubu\u0161ki","Procijenjeno vrijeme \u010ditanja":"3 minute"},"schema":{"@context":"https:\/\/schema.org","@graph":[{"@type":"Article","@id":"https:\/\/radioljubuski.ba\/index.php\/2021\/11\/05\/hss-bih-sprijecite-prijenos-nadleznosti-ne-moze-sarajevo-upravljati-blidinjem\/#article","isPartOf":{"@id":"https:\/\/radioljubuski.ba\/index.php\/2021\/11\/05\/hss-bih-sprijecite-prijenos-nadleznosti-ne-moze-sarajevo-upravljati-blidinjem\/"},"author":{"name":"Radio Ljubu\u0161ki","@id":"https:\/\/radioljubuski.ba\/#\/schema\/person\/19fc700381a780f69665d7956c469e3b"},"headline":"HSS BiH: \u201cSprije\u010dite prijenos nadle\u017enosti, ne mo\u017ee Sarajevo upravljati Blidinjem\u201d","datePublished":"2021-11-05T10:31:48+00:00","dateModified":"2021-11-05T10:31:49+00:00","mainEntityOfPage":{"@id":"https:\/\/radioljubuski.ba\/index.php\/2021\/11\/05\/hss-bih-sprijecite-prijenos-nadleznosti-ne-moze-sarajevo-upravljati-blidinjem\/"},"wordCount":524,"publisher":{"@id":"https:\/\/radioljubuski.ba\/#organization"},"image":{"@id":"https:\/\/radioljubuski.ba\/index.php\/2021\/11\/05\/hss-bih-sprijecite-prijenos-nadleznosti-ne-moze-sarajevo-upravljati-blidinjem\/#primaryimage"},"thumbnailUrl":"https:\/\/radioljubuski.ba\/wp-content\/uploads\/2021\/11\/Park-prirode-Blidinje-snijeg.jpg","articleSection":["BIH i regija"],"inLanguage":"hr"},{"@type":"WebPage","@id":"https:\/\/radioljubuski.ba\/index.php\/2021\/11\/05\/hss-bih-sprijecite-prijenos-nadleznosti-ne-moze-sarajevo-upravljati-blidinjem\/","url":"https:\/\/radioljubuski.ba\/index.php\/2021\/11\/05\/hss-bih-sprijecite-prijenos-nadleznosti-ne-moze-sarajevo-upravljati-blidinjem\/","name":"HSS BiH: \u201cSprije\u010dite prijenos nadle\u017enosti, ne mo\u017ee Sarajevo upravljati Blidinjem\u201d - RADIO LJUBU\u0160KI","isPartOf":{"@id":"https:\/\/radioljubuski.ba\/#website"},"primaryImageOfPage":{"@id":"https:\/\/radioljubuski.ba\/index.php\/2021\/11\/05\/hss-bih-sprijecite-prijenos-nadleznosti-ne-moze-sarajevo-upravljati-blidinjem\/#primaryimage"},"image":{"@id":"https:\/\/radioljubuski.ba\/index.php\/2021\/11\/05\/hss-bih-sprijecite-prijenos-nadleznosti-ne-moze-sarajevo-upravljati-blidinjem\/#primaryimage"},"thumbnailUrl":"https:\/\/radioljubuski.ba\/wp-content\/uploads\/2021\/11\/Park-prirode-Blidinje-snijeg.jpg","datePublished":"2021-11-05T10:31:48+00:00","dateModified":"2021-11-05T10:31:49+00:00","breadcrumb":{"@id":"https:\/\/radioljubuski.ba\/index.php\/2021\/11\/05\/hss-bih-sprijecite-prijenos-nadleznosti-ne-moze-sarajevo-upravljati-blidinjem\/#breadcrumb"},"inLanguage":"hr","potentialAction":[{"@type":"ReadAction","target":["https:\/\/radioljubuski.ba\/index.php\/2021\/11\/05\/hss-bih-sprijecite-prijenos-nadleznosti-ne-moze-sarajevo-upravljati-blidinjem\/"]}]},{"@type":"ImageObject","inLanguage":"hr","@id":"https:\/\/radioljubuski.ba\/index.php\/2021\/11\/05\/hss-bih-sprijecite-prijenos-nadleznosti-ne-moze-sarajevo-upravljati-blidinjem\/#primaryimage","url":"https:\/\/radioljubuski.ba\/wp-content\/uploads\/2021\/11\/Park-prirode-Blidinje-snijeg.jpg","contentUrl":"https:\/\/radioljubuski.ba\/wp-content\/uploads\/2021\/11\/Park-prirode-Blidinje-snijeg.jpg","width":700,"height":402},{"@type":"BreadcrumbList","@id":"https:\/\/radioljubuski.ba\/index.php\/2021\/11\/05\/hss-bih-sprijecite-prijenos-nadleznosti-ne-moze-sarajevo-upravljati-blidinjem\/#breadcrumb","itemListElement":[{"@type":"ListItem","position":1,"name":"Po\u010detna stranica","item":"https:\/\/radioljubuski.ba\/"},{"@type":"ListItem","position":2,"name":"HSS BiH: \u201cSprije\u010dite prijenos nadle\u017enosti, ne mo\u017ee Sarajevo upravljati Blidinjem\u201d"}]},{"@type":"WebSite","@id":"https:\/\/radioljubuski.ba\/#website","url":"https:\/\/radioljubuski.ba\/","name":"Radio Ljubu\u0161ki","description":"Sun\u010dana frekvencija Hercegovine","publisher":{"@id":"https:\/\/radioljubuski.ba\/#organization"},"potentialAction":[{"@type":"SearchAction","target":{"@type":"EntryPoint","urlTemplate":"https:\/\/radioljubuski.ba\/?s={search_term_string}"},"query-input":{"@type":"PropertyValueSpecification","valueRequired":true,"valueName":"search_term_string"}}],"inLanguage":"hr"},{"@type":"Organization","@id":"https:\/\/radioljubuski.ba\/#organization","name":"Radio Ljubu\u0161ki","url":"https:\/\/radioljubuski.ba\/","logo":{"@type":"ImageObject","inLanguage":"hr","@id":"https:\/\/radioljubuski.ba\/#\/schema\/logo\/image\/","url":"https:\/\/radioljubuski.ba\/wp-content\/uploads\/2021\/02\/cropped-Radio_Ljubuski_logo1.jpg","contentUrl":"https:\/\/radioljubuski.ba\/wp-content\/uploads\/2021\/02\/cropped-Radio_Ljubuski_logo1.jpg","width":512,"height":512,"caption":"Radio Ljubu\u0161ki"},"image":{"@id":"https:\/\/radioljubuski.ba\/#\/schema\/logo\/image\/"},"sameAs":["https:\/\/www.facebook.com\/Radiio-Ljubuski-1490835324566332","https:\/\/x.com\/radioljubuski","https:\/\/hr.linkedin.com\/company\/radio-ljubuski","https:\/\/www.youtube.com\/channel\/UCHYaeO_n0Db3tjNGudGpXyw"]},{"@type":"Person","@id":"https:\/\/radioljubuski.ba\/#\/schema\/person\/19fc700381a780f69665d7956c469e3b","name":"Radio Ljubu\u0161ki"}]}},"_links":{"self":[{"href":"https:\/\/radioljubuski.ba\/index.php\/wp-json\/wp\/v2\/posts\/85179","targetHints":{"allow":["GET"]}}],"collection":[{"href":"https:\/\/radioljubuski.ba\/index.php\/wp-json\/wp\/v2\/posts"}],"about":[{"href":"https:\/\/radioljubuski.ba\/index.php\/wp-json\/wp\/v2\/types\/post"}],"author":[{"embeddable":true,"href":"https:\/\/radioljubuski.ba\/index.php\/wp-json\/wp\/v2\/users\/2"}],"replies":[{"embeddable":true,"href":"https:\/\/radioljubuski.ba\/index.php\/wp-json\/wp\/v2\/comments?post=85179"}],"version-history":[{"count":1,"href":"https:\/\/radioljubuski.ba\/index.php\/wp-json\/wp\/v2\/posts\/85179\/revisions"}],"predecessor-version":[{"id":85181,"href":"https:\/\/radioljubuski.ba\/index.php\/wp-json\/wp\/v2\/posts\/85179\/revisions\/85181"}],"wp:featuredmedia":[{"embeddable":true,"href":"https:\/\/radioljubuski.ba\/index.php\/wp-json\/wp\/v2\/media\/85180"}],"wp:attachment":[{"href":"https:\/\/radioljubuski.ba\/index.php\/wp-json\/wp\/v2\/media?parent=85179"}],"wp:term":[{"taxonomy":"category","embeddable":true,"href":"https:\/\/radioljubuski.ba\/index.php\/wp-json\/wp\/v2\/categories?post=85179"},{"taxonomy":"post_tag","embeddable":true,"href":"https:\/\/radioljubuski.ba\/index.php\/wp-json\/wp\/v2\/tags?post=85179"}],"curies":[{"name":"wp","href":"https:\/\/api.w.org\/{rel}","templated":true}]}}