{"id":85182,"date":"2021-11-05T11:43:58","date_gmt":"2021-11-05T10:43:58","guid":{"rendered":"https:\/\/radioljubuski.ba\/?p=85182"},"modified":"2021-11-05T11:43:58","modified_gmt":"2021-11-05T10:43:58","slug":"razigrani-dinamo-nadigrao-rapid-u-raspjevanom-maksimiru","status":"publish","type":"post","link":"https:\/\/radioljubuski.ba\/index.php\/2021\/11\/05\/razigrani-dinamo-nadigrao-rapid-u-raspjevanom-maksimiru\/","title":{"rendered":"Razigrani Dinamo nadigrao Rapid u raspjevanom Maksimiru"},"content":{"rendered":"\n<p>U susretu 4. kola H skupine Europske lige Dinamo je na stadionu Maksimir pred 7.800 gledatelja pobijedio Rapid sa 3-1 vrativ\u0161i se na drugo mjesto ljestvice.<\/p>\n\n\n\n<p>Dinamo je ovom pobjedom uzvratio austrijskom sastavu za poraz u Be\u010du (1:2) u pro\u0161lom kolu, ali i napravio va\u017ean korak prema osvajanju jedne od prve dvije pozicije u skupini.<br><br>Rapid je poveo ve\u0107 u osmoj minuti golom <strong>Christopha Knasmullnera<\/strong>, no Modri su do kraja poluvremena okrenuli rezultat golovima <strong>Brune Petkovi\u0107a<\/strong> (13) i <strong>Komnena Andri\u0107a<\/strong> (34). Pobjedu Dinama potvrdio je<strong> Josip \u0160utalo<\/strong> (83).<\/p>\n\n\n\n<blockquote class=\"twitter-tweet\"><p lang=\"und\" dir=\"ltr\">FT | 90&#39;+4 Dinamo &#8211; Rapid 3:1 (Petkovi\u0107, Andri\u0107, \u0160utalo) \u26bd\ufe0f\ud83d\ude0e\ud83d\udcaa\ud83c\udffb\ud83d\udc99\ud83d\udd25\ud83d\udd25\ud83d\udd25\ud83d\udd25 <a href=\"https:\/\/twitter.com\/hashtag\/dinamozagreb?src=hash&amp;ref_src=twsrc%5Etfw\">#dinamozagreb<\/a> <a href=\"https:\/\/twitter.com\/hashtag\/UEL?src=hash&amp;ref_src=twsrc%5Etfw\">#UEL<\/a><br><br>BRAVOOOO PLAVIIII! \ud83d\ude0e\ud83d\udcaa\ud83c\udffb\ud83d\udd25\ud83d\udc99\ud83d\ude01<br><br>\ud83d\udcf7 Pixsell <a href=\"https:\/\/twitter.com\/EuropaLeague?ref_src=twsrc%5Etfw\">@EuropaLeague<\/a> <a href=\"https:\/\/t.co\/AHAiipy89Z\">pic.twitter.com\/AHAiipy89Z<\/a><\/p>&mdash; GNK Dinamo (@gnkdinamo) <a href=\"https:\/\/twitter.com\/gnkdinamo\/status\/1456379452787728396?ref_src=twsrc%5Etfw\">November 4, 2021<\/a><\/blockquote> <script async src=\"https:\/\/platform.twitter.com\/widgets.js\" charset=\"utf-8\"><\/script> \n\n\n\n<p>Modri su natjecanje u skupini otvorili porazom od West Hama (0:2) nakon \u010dega su na gostovanju porazili Genk sa 3:0, a zatim je uslijedio poraz u Be\u010du od Rapida (1:2). S druge strane, Rapid je upisao dva po\u010detna poraza (Genk 0:1, West Ham 0:2), da bi u pro\u0161lom kolu bio bolji od hrvatskog prvaka.<\/p>\n\n\n\n<p>U odnosu na utakmicu u Be\u010du, <strong>Damir Krznar<\/strong> je napravio tri promjene. Iz sastava su ispali <strong>Ristovski<\/strong>, <strong>Lauritsen <\/strong>i <strong>Menalo<\/strong>, a priliku dobili \u0160utalo, <strong>Moharrami <\/strong>i Andri\u0107. Petkovi\u0107 se vratio na poziciju &#8216;desetke&#8217;, a mjesto u napadu zauzeo je Andri\u0107.<br><br>Rapid, koji je stigao u Zagreb sa \u0161est uzastopnih utakmica bez poraza, imao je dosta problema s ozljedama pa <strong>Dietmar K\u00fchbauer<\/strong> nije mogao ra\u010dunati na nekoliko standardnih prvotimaca.<\/p>\n\n\n\n<p>Po\u010delo je \u0161okantno. Rapid je poveo ve\u0107 u osmoj minuti susreta, a pogodak je postigao Christoph Knasmullner. <strong>Franji\u0107 <\/strong>je &#8220;zaspao&#8221; u obrani, ostav\u0161i nekoliko metara iza ostatka obrane Dinama i tako upropastio zale\u0111e. <strong>Ljubi\u010di\u0107 <\/strong>je sjajno uposlio Knasm\u00fcllnera koji je iza\u0161ao ispred <strong>Livakovi\u0107a <\/strong>i zabio za 1:0.<\/p>\n\n\n\n<p>No, radost gostiju kratko je trajala. Samo pet minuta kasnije Petkovi\u0107 je izjedna\u010dio. Odli\u010dno je po lijevoj strani pro\u0161ao <strong>Mislav Or\u0161i\u0107<\/strong> ubaciv\u0161i na drugu stativu gdje je Petkovi\u0107 glavom zabio za izjedna\u010denje.<br><br>Dinamo je okrenuo rezultat u 34. minuti. Bila je to fantasti\u010dna akcija u tri poteza. Petkovi\u0107 je majstorski proigrao Bartola Franji\u0107a koji je odmah odigrao u \u0161esnaesterac, a loptu je primio Andri\u0107 zabiv\u0161i za 2:1.<br><br>Nekoliko trenutaka nakon Andri\u0107evog gola, Bad Blue Boysi su obilje\u017eili 35. ro\u0111endan impresivnim transparentom. U posljednjim trenucima prvog dijela Rapid je umalo izjedna\u010dio, no Kara je na uba\u010daj glavom pucao pored gola.<\/p>\n\n\n\n<p>Prvo uzbu\u0111enje u nastavku susreta vidjeli smo u 65. minuti kada je Or\u0161i\u0107 iz slobodnog udarca sa 20-tak metara pogodio vratnicu. U 80. minuti Rapid je bio korak do izjedna\u010denja. <strong>Schick<\/strong> je ubacio, <strong>Kitagawa <\/strong>pucao, a Livakovi\u0107 sjajno obranio.<br><br>Dinamo je pobjedu potvrdio u 83. minuti. Bulat je ubacio, a \u0160utalo glavom zabio za 3:1. U posljednjim trenucima susreta korak do gola bio je i Menalo koji je iz sjajne situacije pogodio vratnicu.<\/p>\n\n\n\n<p>U ranije odigranom susretu iz ove skupine Genk i West Ham su odigrali 2:2. Nakon tri uzastopne pobjede, West Ham je &#8220;prosuo&#8221; prve bodove u Europskoj ligi, ali i dalje vodi u skupini H s deset bodova. Dinamo je drugi sa \u0161est bodova, tre\u0107i Genk ima \u010detiri, a Rapid je posljednji s tri boda.&nbsp;<br><br>U idu\u0107em kolu, 25. studenoga sastaju se Dinamo &#8211; Genk, te Rapid &#8211; West Ham, a natjecanje u skupini zavr\u0161ava 9. prosinca kada su na rasporedu susreti West Ham &#8211; Dinamo, te Genk &#8211; Rapid.<br><br>Podsjetimo, pobjednici skupina idu izravno u osminu finala, dok \u0107e drugoplasirani razigravati za osminu finala i to protiv osam tre\u0107eplasiranih iz Lige prvaka. Tre\u0107i iz svake skupine Europske lige nastavlja sezonu u Konferencijskoj ligi, gdje \u0107e igrati playoff za osminu finala protiv drugih iz skupina KL-a.<\/p>\n\n\n\n<p><strong>DINAMO &#8211; RAPID 3-1<\/strong>ZAGREB. Stadion Maksimir &#8211; 7.800 gledatelja; Sudac: John Beaton (\u0160kotska);<br>Strijelci: 0-1 Knasm\u00fcllner (8), 1-1 Petkovi\u0107 (13), 2-1 Andri\u0107 (34), 3-1 \u0160utalo (83)<br><br>\u017duti kartoni: Theophile-Catherine<br>Crveni kartoni: &#8211;<br><br>DINAMO: Livakovi\u0107 &#8211; Moharrami (od 89. Ristovski), \u0160utalo, Theophile, Franji\u0107 &#8211; Mi\u0161i\u0107 &#8211; Ivanu\u0161ec (od 73. Menalo), Gojak, Petkovi\u0107, Or\u0161i\u0107 (od 89. \u0160piki\u0107) &#8211; Andri\u0107 (od 79. Bulat)<br><br>RAPID: Gartler &#8211; Aiwu, Hofmann, Moormann (od 21. Querfeld), Ullmann &#8211; Grahovac (od 82. Bo\u0161njak), Ljubi\u010di\u0107 &#8211; Arase (od 46. Schick), Knasm\u00fcllner, Gr\u00fcll (od 69. Ballo) &#8211; Kara (od 70. Kitagawa)<\/p>\n\n\n\n<iframe loading=\"lazy\" src=\"https:\/\/www.facebook.com\/plugins\/post.php?href=https%3A%2F%2Fwww.facebook.com%2Fdinamo%2Fposts%2F6474684585938585&#038;show_text=true&#038;width=500\" width=\"500\" height=\"751\" style=\"border:none;overflow:hidden\" scrolling=\"no\" frameborder=\"0\" allowfullscreen=\"true\" allow=\"autoplay; clipboard-write; encrypted-media; picture-in-picture; web-share\"><\/iframe>\n\n\n\n<h4 class=\"wp-block-heading\">KRAAAAJ! DINAMO JE POBIJEDIO RAPID 3:1!<\/h4>\n\n\n\n<h4 class=\"wp-block-heading\">90&#8242; \u010cetiri minute nadoknade u Maksimiru<\/h4>\n\n\n\n<h4 class=\"wp-block-heading\">89&#8242; Izlaze Moharrami i Or\u0161i\u0107, ulaze Ristovski i \u0160piki\u0107<\/h4>\n\n\n\n<h4 class=\"wp-block-heading\">83&#8242; GOOOOOOOOL! DINAMO VODI 3:1! \u0160utalo odvodi Modre na dva gola prednosti!<\/h4>\n\n\n\n<h4 class=\"wp-block-heading\">81&#8242; Izmjena kod Rapida, umjesto Grahovca u igri je Bo\u0161njak<\/h4>\n\n\n\n<h4 class=\"wp-block-heading\">80&#8242; Kakva sre\u0107a sada za Dinamo! Veliku priliku imao je Rapid, ali poku\u0161aj Kitagawe obranio je Livakovi\u0107<\/h4>\n\n\n\n<h4 class=\"wp-block-heading\">79&#8242; Evo jo\u0161 jedne promjene u redovima Modrih, uz veliki pljesak s tribina, izlazi strijelac Komnen Andri\u0107, umjesto njega u igri je Marko Bulat<\/h4>\n\n\n\n<h4 class=\"wp-block-heading\">73&#8242; Trener Dinama Krznar odlu\u010duje osvje\u017eiti mom\u010dad, teren napu\u0161ta Luka Ivanu\u0161ec, ulazi njegov imenjak Menalo<\/h4>\n\n\n\n<h4 class=\"wp-block-heading\">70&#8242; Ne prestaje pjesma navija\u010da Dinama<\/h4>\n\n\n\n<h4 class=\"wp-block-heading\">69&#8242; Trener Rapida tra\u017ei rje\u0161enja za zavr\u0161nicu, odlu\u010duje se na dvije izmjene, izlaze Kara i Gr\u00fcll, ulaze Kitagawa i Ballo<\/h4>\n\n\n\n<h4 class=\"wp-block-heading\">68&#8242; Zaprijetili su sada Austrijanci, ali na vrijeme je krenuo Livakovi\u0107, a bio je tu i Theophile-Catherine<\/h4>\n\n\n\n<h4 class=\"wp-block-heading\">63&#8242; Kakva bomba Or\u0161i\u0107a, ali umjesto gola zatresao je vratnicu!<\/h4>\n\n\n\n<h4 class=\"wp-block-heading\">61&#8242; Prilika za Dinamo za pove\u0107anje vodstva, ali Franji\u0107ev poku\u0161aj blokirao je Querfeld koji brzo nakon toga radi prekr\u0161aj na Andri\u0107u, slobodan udarac je za Modre<\/h4>\n\n\n\n<h4 class=\"wp-block-heading\">54&#8242; Dinamo je puno agresivniji i \u010dvr\u0161\u0107i nego u susretu u Be\u010du, ba\u0161 kao \u0161to je trener Krznar najavljivao<\/h4>\n\n\n\n<h4 class=\"wp-block-heading\">46&#8242; Po\u010delo je drugo poluvrijeme! U Dinamovim redovima nema promjena, a trener Rapida K\u00fchbauer u svla\u010dionici je ostavio Arasea, u igri je Schick<\/h4>\n\n\n\n<h4 class=\"wp-block-heading\">KRAJ PRVOG POLUVREMENA!<\/h4>\n\n\n\n<h4 class=\"wp-block-heading\">45&#8242; Igrat \u0107e se dvije minute su\u010deve nadoknade<\/h4>\n\n\n\n<h4 class=\"wp-block-heading\">44&#8242; Prvi \u017euti karton na utakmici, dobio ga je Dinamov brani\u010d Theophile-Catherine zbog prekr\u0161aja na Kari<\/h4>\n\n\n\n<h4 class=\"wp-block-heading\">36&#8242; Minutu kasnije od planiranog zbog postignutog pogotka po\u010delo je razvijanje velikog Dinamovog transparenta za 35. ro\u0111endan BBB-a!<\/h4>\n\n\n\n<h4 class=\"wp-block-heading\">34&#8242; GOOOOOOL!!!! DINAMO JE PREOKRENUO I POVEO 2:1! Petkovi\u0107 prema Franji\u0107u koji u sredini pronalazi strijelca Andri\u0107a!<\/h4>\n\n\n\n<h4 class=\"wp-block-heading\">32&#8242; Prvi udarac iz kuta na utakmici, izveo ga je Or\u0161i\u0107, bilo je jako blizu, umalo je zabio iz kornera kao nedavno u Hrvatskom kupu<\/h4>\n\n\n\n<h4 class=\"wp-block-heading\">21&#8242; Prva promjena na utakmici, brani\u010d Rapida Moormann ne\u0107e mo\u0107i nastaviti utakmicu, umjesto njega u igri je Querfeld<\/h4>\n\n\n\n<h4 class=\"wp-block-heading\">17&#8242; Glavama su se sudarili Aiwu i Moormann, ima tu i krvi<\/h4>\n\n\n\n<h4 class=\"wp-block-heading\">12&#8242; GOOOOOL! DINAMO JE IZJEDNA\u010cIO! Samo \u010detiri minute nakon primljenog gola Modri se vra\u0107aju! Strijelac Bruno Petkovi\u0107, a glavni pokreta\u010d sjajne akcije bio je Mislav Or\u0161i\u0107!<\/h4>\n\n\n\n<h4 class=\"wp-block-heading\">8&#8242; RAPID \u0160OKIRAO MAKSIMIR! Knasm\u00fcllner je zabio za vodstvo gostiju iz Be\u010da<\/h4>\n\n\n\n<h4 class=\"wp-block-heading\">5&#8242; Prekr\u0161aj Arasea, Franji\u0107 je dobio po nogama, ali sve \u0107e biti u redu. Modri imaju glasnu podr\u0161ku s tribina, ori se pjesma BBB-a koji slave 35. ro\u0111endan<\/h4>\n\n\n\n<h4 class=\"wp-block-heading\">1&#8242; Glavni sudac utakmice \u0160kot John Beaton dao je znak za po\u010detak utakmice! U prvom dana\u0161njem susretu skupine H Genk i West Ham su odigrali 2:2.<\/h4>\n\n\n\n<p>Objavljeni su po\u010detni sastavi:<br><br>DINAMO: Livakovi\u0107, Moharrami, Theophile-Catherine, \u0160utalo, Franji\u0107, Mi\u0161i\u0107, Gojak, Ivanu\u0161ec, Petkovi\u0107, Or\u0161i\u0107, Andri\u0107<br><br>RAPID: Gartler, Ullmann, Moormann, Hofmann, Aiwu, Ljubi\u010di\u0107, Grahovac, Gr\u00fcll, Knasm\u00fcllner, Arase, Kara<\/p>\n\n\n\n<p>Izvor:hrt.hr<\/p>\n","protected":false},"excerpt":{"rendered":"<p>U susretu 4. kola H skupine Europske lige Dinamo je na stadionu Maksimir pred 7.800 gledatelja pobijedio Rapid sa 3-1 vrativ\u0161i se na drugo mjesto ljestvice. Dinamo je ovom pobjedom uzvratio austrijskom sastavu za poraz u Be\u010du (1:2) u pro\u0161lom kolu, ali i napravio va\u017ean korak prema osvajanju jedne od prve dvije pozicije u skupini. [&hellip;]<\/p>\n","protected":false},"author":2,"featured_media":85183,"comment_status":"closed","ping_status":"closed","sticky":false,"template":"","format":"standard","meta":{"h5ap_radio_sources":[],"footnotes":""},"categories":[7],"tags":[],"class_list":["post-85182","post","type-post","status-publish","format-standard","has-post-thumbnail","hentry","category-sport"],"yoast_head":"<!-- This site is optimized with the Yoast SEO plugin v27.5 - https:\/\/yoast.com\/product\/yoast-seo-wordpress\/ -->\n<title>Razigrani Dinamo nadigrao Rapid u raspjevanom Maksimiru - RADIO LJUBU\u0160KI<\/title>\n<meta name=\"robots\" content=\"index, follow, max-snippet:-1, max-image-preview:large, max-video-preview:-1\" \/>\n<link rel=\"canonical\" href=\"https:\/\/radioljubuski.ba\/index.php\/2021\/11\/05\/razigrani-dinamo-nadigrao-rapid-u-raspjevanom-maksimiru\/\" \/>\n<meta property=\"og:locale\" content=\"hr_HR\" \/>\n<meta property=\"og:type\" content=\"article\" \/>\n<meta property=\"og:title\" content=\"Razigrani Dinamo nadigrao Rapid u raspjevanom Maksimiru - RADIO LJUBU\u0160KI\" \/>\n<meta property=\"og:description\" content=\"U susretu 4. kola H skupine Europske lige Dinamo je na stadionu Maksimir pred 7.800 gledatelja pobijedio Rapid sa 3-1 vrativ\u0161i se na drugo mjesto ljestvice. Dinamo je ovom pobjedom uzvratio austrijskom sastavu za poraz u Be\u010du (1:2) u pro\u0161lom kolu, ali i napravio va\u017ean korak prema osvajanju jedne od prve dvije pozicije u skupini. [&hellip;]\" \/>\n<meta property=\"og:url\" content=\"https:\/\/radioljubuski.ba\/index.php\/2021\/11\/05\/razigrani-dinamo-nadigrao-rapid-u-raspjevanom-maksimiru\/\" \/>\n<meta property=\"og:site_name\" content=\"RADIO LJUBU\u0160KI\" \/>\n<meta property=\"article:publisher\" content=\"https:\/\/www.facebook.com\/Radiio-Ljubuski-1490835324566332\" \/>\n<meta property=\"article:published_time\" content=\"2021-11-05T10:43:58+00:00\" \/>\n<meta property=\"og:image\" content=\"https:\/\/radioljubuski.ba\/wp-content\/uploads\/2021\/11\/740x438-slavlje-dinama-20211104202144.jpg\" \/>\n\t<meta property=\"og:image:width\" content=\"740\" \/>\n\t<meta property=\"og:image:height\" content=\"438\" \/>\n\t<meta property=\"og:image:type\" content=\"image\/jpeg\" \/>\n<meta name=\"author\" content=\"Radio Ljubu\u0161ki\" \/>\n<meta name=\"twitter:card\" content=\"summary_large_image\" \/>\n<meta name=\"twitter:creator\" content=\"@radioljubuski\" \/>\n<meta name=\"twitter:site\" content=\"@radioljubuski\" \/>\n<meta name=\"twitter:label1\" content=\"Napisao\/la\" \/>\n\t<meta name=\"twitter:data1\" content=\"Radio Ljubu\u0161ki\" \/>\n\t<meta name=\"twitter:label2\" content=\"Procijenjeno vrijeme \u010ditanja\" \/>\n\t<meta name=\"twitter:data2\" content=\"5 minuta\" \/>\n<script type=\"application\/ld+json\" class=\"yoast-schema-graph\">{\"@context\":\"https:\\\/\\\/schema.org\",\"@graph\":[{\"@type\":\"Article\",\"@id\":\"https:\\\/\\\/radioljubuski.ba\\\/index.php\\\/2021\\\/11\\\/05\\\/razigrani-dinamo-nadigrao-rapid-u-raspjevanom-maksimiru\\\/#article\",\"isPartOf\":{\"@id\":\"https:\\\/\\\/radioljubuski.ba\\\/index.php\\\/2021\\\/11\\\/05\\\/razigrani-dinamo-nadigrao-rapid-u-raspjevanom-maksimiru\\\/\"},\"author\":{\"name\":\"Radio Ljubu\u0161ki\",\"@id\":\"https:\\\/\\\/radioljubuski.ba\\\/#\\\/schema\\\/person\\\/19fc700381a780f69665d7956c469e3b\"},\"headline\":\"Razigrani Dinamo nadigrao Rapid u raspjevanom Maksimiru\",\"datePublished\":\"2021-11-05T10:43:58+00:00\",\"mainEntityOfPage\":{\"@id\":\"https:\\\/\\\/radioljubuski.ba\\\/index.php\\\/2021\\\/11\\\/05\\\/razigrani-dinamo-nadigrao-rapid-u-raspjevanom-maksimiru\\\/\"},\"wordCount\":1181,\"publisher\":{\"@id\":\"https:\\\/\\\/radioljubuski.ba\\\/#organization\"},\"image\":{\"@id\":\"https:\\\/\\\/radioljubuski.ba\\\/index.php\\\/2021\\\/11\\\/05\\\/razigrani-dinamo-nadigrao-rapid-u-raspjevanom-maksimiru\\\/#primaryimage\"},\"thumbnailUrl\":\"https:\\\/\\\/radioljubuski.ba\\\/wp-content\\\/uploads\\\/2021\\\/11\\\/740x438-slavlje-dinama-20211104202144.jpg\",\"articleSection\":[\"\u0160port\"],\"inLanguage\":\"hr\"},{\"@type\":\"WebPage\",\"@id\":\"https:\\\/\\\/radioljubuski.ba\\\/index.php\\\/2021\\\/11\\\/05\\\/razigrani-dinamo-nadigrao-rapid-u-raspjevanom-maksimiru\\\/\",\"url\":\"https:\\\/\\\/radioljubuski.ba\\\/index.php\\\/2021\\\/11\\\/05\\\/razigrani-dinamo-nadigrao-rapid-u-raspjevanom-maksimiru\\\/\",\"name\":\"Razigrani Dinamo nadigrao Rapid u raspjevanom Maksimiru - RADIO LJUBU\u0160KI\",\"isPartOf\":{\"@id\":\"https:\\\/\\\/radioljubuski.ba\\\/#website\"},\"primaryImageOfPage\":{\"@id\":\"https:\\\/\\\/radioljubuski.ba\\\/index.php\\\/2021\\\/11\\\/05\\\/razigrani-dinamo-nadigrao-rapid-u-raspjevanom-maksimiru\\\/#primaryimage\"},\"image\":{\"@id\":\"https:\\\/\\\/radioljubuski.ba\\\/index.php\\\/2021\\\/11\\\/05\\\/razigrani-dinamo-nadigrao-rapid-u-raspjevanom-maksimiru\\\/#primaryimage\"},\"thumbnailUrl\":\"https:\\\/\\\/radioljubuski.ba\\\/wp-content\\\/uploads\\\/2021\\\/11\\\/740x438-slavlje-dinama-20211104202144.jpg\",\"datePublished\":\"2021-11-05T10:43:58+00:00\",\"breadcrumb\":{\"@id\":\"https:\\\/\\\/radioljubuski.ba\\\/index.php\\\/2021\\\/11\\\/05\\\/razigrani-dinamo-nadigrao-rapid-u-raspjevanom-maksimiru\\\/#breadcrumb\"},\"inLanguage\":\"hr\",\"potentialAction\":[{\"@type\":\"ReadAction\",\"target\":[\"https:\\\/\\\/radioljubuski.ba\\\/index.php\\\/2021\\\/11\\\/05\\\/razigrani-dinamo-nadigrao-rapid-u-raspjevanom-maksimiru\\\/\"]}]},{\"@type\":\"ImageObject\",\"inLanguage\":\"hr\",\"@id\":\"https:\\\/\\\/radioljubuski.ba\\\/index.php\\\/2021\\\/11\\\/05\\\/razigrani-dinamo-nadigrao-rapid-u-raspjevanom-maksimiru\\\/#primaryimage\",\"url\":\"https:\\\/\\\/radioljubuski.ba\\\/wp-content\\\/uploads\\\/2021\\\/11\\\/740x438-slavlje-dinama-20211104202144.jpg\",\"contentUrl\":\"https:\\\/\\\/radioljubuski.ba\\\/wp-content\\\/uploads\\\/2021\\\/11\\\/740x438-slavlje-dinama-20211104202144.jpg\",\"width\":740,\"height\":438},{\"@type\":\"BreadcrumbList\",\"@id\":\"https:\\\/\\\/radioljubuski.ba\\\/index.php\\\/2021\\\/11\\\/05\\\/razigrani-dinamo-nadigrao-rapid-u-raspjevanom-maksimiru\\\/#breadcrumb\",\"itemListElement\":[{\"@type\":\"ListItem\",\"position\":1,\"name\":\"Po\u010detna stranica\",\"item\":\"https:\\\/\\\/radioljubuski.ba\\\/\"},{\"@type\":\"ListItem\",\"position\":2,\"name\":\"Razigrani Dinamo nadigrao Rapid u raspjevanom Maksimiru\"}]},{\"@type\":\"WebSite\",\"@id\":\"https:\\\/\\\/radioljubuski.ba\\\/#website\",\"url\":\"https:\\\/\\\/radioljubuski.ba\\\/\",\"name\":\"Radio Ljubu\u0161ki\",\"description\":\"Sun\u010dana frekvencija Hercegovine\",\"publisher\":{\"@id\":\"https:\\\/\\\/radioljubuski.ba\\\/#organization\"},\"potentialAction\":[{\"@type\":\"SearchAction\",\"target\":{\"@type\":\"EntryPoint\",\"urlTemplate\":\"https:\\\/\\\/radioljubuski.ba\\\/?s={search_term_string}\"},\"query-input\":{\"@type\":\"PropertyValueSpecification\",\"valueRequired\":true,\"valueName\":\"search_term_string\"}}],\"inLanguage\":\"hr\"},{\"@type\":\"Organization\",\"@id\":\"https:\\\/\\\/radioljubuski.ba\\\/#organization\",\"name\":\"Radio Ljubu\u0161ki\",\"url\":\"https:\\\/\\\/radioljubuski.ba\\\/\",\"logo\":{\"@type\":\"ImageObject\",\"inLanguage\":\"hr\",\"@id\":\"https:\\\/\\\/radioljubuski.ba\\\/#\\\/schema\\\/logo\\\/image\\\/\",\"url\":\"https:\\\/\\\/radioljubuski.ba\\\/wp-content\\\/uploads\\\/2021\\\/02\\\/cropped-Radio_Ljubuski_logo1.jpg\",\"contentUrl\":\"https:\\\/\\\/radioljubuski.ba\\\/wp-content\\\/uploads\\\/2021\\\/02\\\/cropped-Radio_Ljubuski_logo1.jpg\",\"width\":512,\"height\":512,\"caption\":\"Radio Ljubu\u0161ki\"},\"image\":{\"@id\":\"https:\\\/\\\/radioljubuski.ba\\\/#\\\/schema\\\/logo\\\/image\\\/\"},\"sameAs\":[\"https:\\\/\\\/www.facebook.com\\\/Radiio-Ljubuski-1490835324566332\",\"https:\\\/\\\/x.com\\\/radioljubuski\",\"https:\\\/\\\/hr.linkedin.com\\\/company\\\/radio-ljubuski\",\"https:\\\/\\\/www.youtube.com\\\/channel\\\/UCHYaeO_n0Db3tjNGudGpXyw\"]},{\"@type\":\"Person\",\"@id\":\"https:\\\/\\\/radioljubuski.ba\\\/#\\\/schema\\\/person\\\/19fc700381a780f69665d7956c469e3b\",\"name\":\"Radio Ljubu\u0161ki\"}]}<\/script>\n<!-- \/ Yoast SEO plugin. -->","yoast_head_json":{"title":"Razigrani Dinamo nadigrao Rapid u raspjevanom Maksimiru - RADIO LJUBU\u0160KI","robots":{"index":"index","follow":"follow","max-snippet":"max-snippet:-1","max-image-preview":"max-image-preview:large","max-video-preview":"max-video-preview:-1"},"canonical":"https:\/\/radioljubuski.ba\/index.php\/2021\/11\/05\/razigrani-dinamo-nadigrao-rapid-u-raspjevanom-maksimiru\/","og_locale":"hr_HR","og_type":"article","og_title":"Razigrani Dinamo nadigrao Rapid u raspjevanom Maksimiru - RADIO LJUBU\u0160KI","og_description":"U susretu 4. kola H skupine Europske lige Dinamo je na stadionu Maksimir pred 7.800 gledatelja pobijedio Rapid sa 3-1 vrativ\u0161i se na drugo mjesto ljestvice. Dinamo je ovom pobjedom uzvratio austrijskom sastavu za poraz u Be\u010du (1:2) u pro\u0161lom kolu, ali i napravio va\u017ean korak prema osvajanju jedne od prve dvije pozicije u skupini. [&hellip;]","og_url":"https:\/\/radioljubuski.ba\/index.php\/2021\/11\/05\/razigrani-dinamo-nadigrao-rapid-u-raspjevanom-maksimiru\/","og_site_name":"RADIO LJUBU\u0160KI","article_publisher":"https:\/\/www.facebook.com\/Radiio-Ljubuski-1490835324566332","article_published_time":"2021-11-05T10:43:58+00:00","og_image":[{"width":740,"height":438,"url":"https:\/\/radioljubuski.ba\/wp-content\/uploads\/2021\/11\/740x438-slavlje-dinama-20211104202144.jpg","type":"image\/jpeg"}],"author":"Radio Ljubu\u0161ki","twitter_card":"summary_large_image","twitter_creator":"@radioljubuski","twitter_site":"@radioljubuski","twitter_misc":{"Napisao\/la":"Radio Ljubu\u0161ki","Procijenjeno vrijeme \u010ditanja":"5 minuta"},"schema":{"@context":"https:\/\/schema.org","@graph":[{"@type":"Article","@id":"https:\/\/radioljubuski.ba\/index.php\/2021\/11\/05\/razigrani-dinamo-nadigrao-rapid-u-raspjevanom-maksimiru\/#article","isPartOf":{"@id":"https:\/\/radioljubuski.ba\/index.php\/2021\/11\/05\/razigrani-dinamo-nadigrao-rapid-u-raspjevanom-maksimiru\/"},"author":{"name":"Radio Ljubu\u0161ki","@id":"https:\/\/radioljubuski.ba\/#\/schema\/person\/19fc700381a780f69665d7956c469e3b"},"headline":"Razigrani Dinamo nadigrao Rapid u raspjevanom Maksimiru","datePublished":"2021-11-05T10:43:58+00:00","mainEntityOfPage":{"@id":"https:\/\/radioljubuski.ba\/index.php\/2021\/11\/05\/razigrani-dinamo-nadigrao-rapid-u-raspjevanom-maksimiru\/"},"wordCount":1181,"publisher":{"@id":"https:\/\/radioljubuski.ba\/#organization"},"image":{"@id":"https:\/\/radioljubuski.ba\/index.php\/2021\/11\/05\/razigrani-dinamo-nadigrao-rapid-u-raspjevanom-maksimiru\/#primaryimage"},"thumbnailUrl":"https:\/\/radioljubuski.ba\/wp-content\/uploads\/2021\/11\/740x438-slavlje-dinama-20211104202144.jpg","articleSection":["\u0160port"],"inLanguage":"hr"},{"@type":"WebPage","@id":"https:\/\/radioljubuski.ba\/index.php\/2021\/11\/05\/razigrani-dinamo-nadigrao-rapid-u-raspjevanom-maksimiru\/","url":"https:\/\/radioljubuski.ba\/index.php\/2021\/11\/05\/razigrani-dinamo-nadigrao-rapid-u-raspjevanom-maksimiru\/","name":"Razigrani Dinamo nadigrao Rapid u raspjevanom Maksimiru - RADIO LJUBU\u0160KI","isPartOf":{"@id":"https:\/\/radioljubuski.ba\/#website"},"primaryImageOfPage":{"@id":"https:\/\/radioljubuski.ba\/index.php\/2021\/11\/05\/razigrani-dinamo-nadigrao-rapid-u-raspjevanom-maksimiru\/#primaryimage"},"image":{"@id":"https:\/\/radioljubuski.ba\/index.php\/2021\/11\/05\/razigrani-dinamo-nadigrao-rapid-u-raspjevanom-maksimiru\/#primaryimage"},"thumbnailUrl":"https:\/\/radioljubuski.ba\/wp-content\/uploads\/2021\/11\/740x438-slavlje-dinama-20211104202144.jpg","datePublished":"2021-11-05T10:43:58+00:00","breadcrumb":{"@id":"https:\/\/radioljubuski.ba\/index.php\/2021\/11\/05\/razigrani-dinamo-nadigrao-rapid-u-raspjevanom-maksimiru\/#breadcrumb"},"inLanguage":"hr","potentialAction":[{"@type":"ReadAction","target":["https:\/\/radioljubuski.ba\/index.php\/2021\/11\/05\/razigrani-dinamo-nadigrao-rapid-u-raspjevanom-maksimiru\/"]}]},{"@type":"ImageObject","inLanguage":"hr","@id":"https:\/\/radioljubuski.ba\/index.php\/2021\/11\/05\/razigrani-dinamo-nadigrao-rapid-u-raspjevanom-maksimiru\/#primaryimage","url":"https:\/\/radioljubuski.ba\/wp-content\/uploads\/2021\/11\/740x438-slavlje-dinama-20211104202144.jpg","contentUrl":"https:\/\/radioljubuski.ba\/wp-content\/uploads\/2021\/11\/740x438-slavlje-dinama-20211104202144.jpg","width":740,"height":438},{"@type":"BreadcrumbList","@id":"https:\/\/radioljubuski.ba\/index.php\/2021\/11\/05\/razigrani-dinamo-nadigrao-rapid-u-raspjevanom-maksimiru\/#breadcrumb","itemListElement":[{"@type":"ListItem","position":1,"name":"Po\u010detna stranica","item":"https:\/\/radioljubuski.ba\/"},{"@type":"ListItem","position":2,"name":"Razigrani Dinamo nadigrao Rapid u raspjevanom Maksimiru"}]},{"@type":"WebSite","@id":"https:\/\/radioljubuski.ba\/#website","url":"https:\/\/radioljubuski.ba\/","name":"Radio Ljubu\u0161ki","description":"Sun\u010dana frekvencija Hercegovine","publisher":{"@id":"https:\/\/radioljubuski.ba\/#organization"},"potentialAction":[{"@type":"SearchAction","target":{"@type":"EntryPoint","urlTemplate":"https:\/\/radioljubuski.ba\/?s={search_term_string}"},"query-input":{"@type":"PropertyValueSpecification","valueRequired":true,"valueName":"search_term_string"}}],"inLanguage":"hr"},{"@type":"Organization","@id":"https:\/\/radioljubuski.ba\/#organization","name":"Radio Ljubu\u0161ki","url":"https:\/\/radioljubuski.ba\/","logo":{"@type":"ImageObject","inLanguage":"hr","@id":"https:\/\/radioljubuski.ba\/#\/schema\/logo\/image\/","url":"https:\/\/radioljubuski.ba\/wp-content\/uploads\/2021\/02\/cropped-Radio_Ljubuski_logo1.jpg","contentUrl":"https:\/\/radioljubuski.ba\/wp-content\/uploads\/2021\/02\/cropped-Radio_Ljubuski_logo1.jpg","width":512,"height":512,"caption":"Radio Ljubu\u0161ki"},"image":{"@id":"https:\/\/radioljubuski.ba\/#\/schema\/logo\/image\/"},"sameAs":["https:\/\/www.facebook.com\/Radiio-Ljubuski-1490835324566332","https:\/\/x.com\/radioljubuski","https:\/\/hr.linkedin.com\/company\/radio-ljubuski","https:\/\/www.youtube.com\/channel\/UCHYaeO_n0Db3tjNGudGpXyw"]},{"@type":"Person","@id":"https:\/\/radioljubuski.ba\/#\/schema\/person\/19fc700381a780f69665d7956c469e3b","name":"Radio Ljubu\u0161ki"}]}},"_links":{"self":[{"href":"https:\/\/radioljubuski.ba\/index.php\/wp-json\/wp\/v2\/posts\/85182","targetHints":{"allow":["GET"]}}],"collection":[{"href":"https:\/\/radioljubuski.ba\/index.php\/wp-json\/wp\/v2\/posts"}],"about":[{"href":"https:\/\/radioljubuski.ba\/index.php\/wp-json\/wp\/v2\/types\/post"}],"author":[{"embeddable":true,"href":"https:\/\/radioljubuski.ba\/index.php\/wp-json\/wp\/v2\/users\/2"}],"replies":[{"embeddable":true,"href":"https:\/\/radioljubuski.ba\/index.php\/wp-json\/wp\/v2\/comments?post=85182"}],"version-history":[{"count":1,"href":"https:\/\/radioljubuski.ba\/index.php\/wp-json\/wp\/v2\/posts\/85182\/revisions"}],"predecessor-version":[{"id":85184,"href":"https:\/\/radioljubuski.ba\/index.php\/wp-json\/wp\/v2\/posts\/85182\/revisions\/85184"}],"wp:featuredmedia":[{"embeddable":true,"href":"https:\/\/radioljubuski.ba\/index.php\/wp-json\/wp\/v2\/media\/85183"}],"wp:attachment":[{"href":"https:\/\/radioljubuski.ba\/index.php\/wp-json\/wp\/v2\/media?parent=85182"}],"wp:term":[{"taxonomy":"category","embeddable":true,"href":"https:\/\/radioljubuski.ba\/index.php\/wp-json\/wp\/v2\/categories?post=85182"},{"taxonomy":"post_tag","embeddable":true,"href":"https:\/\/radioljubuski.ba\/index.php\/wp-json\/wp\/v2\/tags?post=85182"}],"curies":[{"name":"wp","href":"https:\/\/api.w.org\/{rel}","templated":true}]}}