{"id":85248,"date":"2021-11-05T14:18:33","date_gmt":"2021-11-05T13:18:33","guid":{"rendered":"https:\/\/radioljubuski.ba\/?p=85248"},"modified":"2021-11-05T14:18:34","modified_gmt":"2021-11-05T13:18:34","slug":"u-federaciji-bih-potvrdeni-prvi-slucajevi-sezonske-gripe","status":"publish","type":"post","link":"https:\/\/radioljubuski.ba\/index.php\/2021\/11\/05\/u-federaciji-bih-potvrdeni-prvi-slucajevi-sezonske-gripe\/","title":{"rendered":"U Federaciji BiH potvr\u0111eni prvi slu\u010dajevi sezonske gripe"},"content":{"rendered":"\n<p>U referalnom laboratoriju KCUS-a potvr\u0111eni su prvi slu\u010dajevi sezonske gripe. U pitanju su dva uzorka pozitivna na virus gripe tip A, podtip A(H3). Oba uzorka su iz Zeni\u010dko-dobojske \u017eupanije.<\/p>\n\n\n\n<p>Kako je priop\u0107eno iz Zavoda za javno zdravstvo FBiH, nadzor nad gripom u Federaciji BiH je, kao i svake sezone, zapo\u010deo u desetom mjesecu (40. tjedan). &nbsp;<\/p>\n\n\n\n<p>Aktivnost gripe je niska u Europskoj regiji, sa sporadi\u010dno detektiranim virusima gripe, dominanto A(H3). Zavod za javno zdravstvo Federacije je za ovu sezonu osigurao 7.200 doza cjepiva protiv gripe za cijepljenje zdravstvenih djelatnika, koja \u0107e po\u010detkom idu\u0107eg tjedna biti distribuirana na teren.<\/p>\n\n\n\n<p>Izvor:pogled.ba<\/p>\n","protected":false},"excerpt":{"rendered":"<p>U referalnom laboratoriju KCUS-a potvr\u0111eni su prvi slu\u010dajevi sezonske gripe. U pitanju su dva uzorka pozitivna na virus gripe tip A, podtip A(H3). Oba uzorka su iz Zeni\u010dko-dobojske \u017eupanije. Kako je priop\u0107eno iz Zavoda za javno zdravstvo FBiH, nadzor nad gripom u Federaciji BiH je, kao i svake sezone, zapo\u010deo u desetom mjesecu (40. tjedan). [&hellip;]<\/p>\n","protected":false},"author":2,"featured_media":85249,"comment_status":"closed","ping_status":"closed","sticky":false,"template":"","format":"standard","meta":{"h5ap_radio_sources":[],"footnotes":""},"categories":[1],"tags":[],"class_list":["post-85248","post","type-post","status-publish","format-standard","has-post-thumbnail","hentry","category-bihiregija"],"yoast_head":"<!-- This site is optimized with the Yoast SEO plugin v27.5 - https:\/\/yoast.com\/product\/yoast-seo-wordpress\/ -->\n<title>U Federaciji BiH potvr\u0111eni prvi slu\u010dajevi sezonske gripe - RADIO LJUBU\u0160KI<\/title>\n<meta name=\"robots\" content=\"index, follow, max-snippet:-1, max-image-preview:large, max-video-preview:-1\" \/>\n<link rel=\"canonical\" href=\"https:\/\/radioljubuski.ba\/index.php\/2021\/11\/05\/u-federaciji-bih-potvrdeni-prvi-slucajevi-sezonske-gripe\/\" \/>\n<meta property=\"og:locale\" content=\"hr_HR\" \/>\n<meta property=\"og:type\" content=\"article\" \/>\n<meta property=\"og:title\" content=\"U Federaciji BiH potvr\u0111eni prvi slu\u010dajevi sezonske gripe - RADIO LJUBU\u0160KI\" \/>\n<meta property=\"og:description\" content=\"U referalnom laboratoriju KCUS-a potvr\u0111eni su prvi slu\u010dajevi sezonske gripe. U pitanju su dva uzorka pozitivna na virus gripe tip A, podtip A(H3). Oba uzorka su iz Zeni\u010dko-dobojske \u017eupanije. Kako je priop\u0107eno iz Zavoda za javno zdravstvo FBiH, nadzor nad gripom u Federaciji BiH je, kao i svake sezone, zapo\u010deo u desetom mjesecu (40. tjedan). [&hellip;]\" \/>\n<meta property=\"og:url\" content=\"https:\/\/radioljubuski.ba\/index.php\/2021\/11\/05\/u-federaciji-bih-potvrdeni-prvi-slucajevi-sezonske-gripe\/\" \/>\n<meta property=\"og:site_name\" content=\"RADIO LJUBU\u0160KI\" \/>\n<meta property=\"article:publisher\" content=\"https:\/\/www.facebook.com\/Radiio-Ljubuski-1490835324566332\" \/>\n<meta property=\"article:published_time\" content=\"2021-11-05T13:18:33+00:00\" \/>\n<meta property=\"article:modified_time\" content=\"2021-11-05T13:18:34+00:00\" \/>\n<meta property=\"og:image\" content=\"https:\/\/radioljubuski.ba\/wp-content\/uploads\/2021\/11\/jJk4HFS3_gripa.jpg\" \/>\n\t<meta property=\"og:image:width\" content=\"1000\" \/>\n\t<meta property=\"og:image:height\" content=\"625\" \/>\n\t<meta property=\"og:image:type\" content=\"image\/jpeg\" \/>\n<meta name=\"author\" content=\"Radio Ljubu\u0161ki\" \/>\n<meta name=\"twitter:card\" content=\"summary_large_image\" \/>\n<meta name=\"twitter:creator\" content=\"@radioljubuski\" \/>\n<meta name=\"twitter:site\" content=\"@radioljubuski\" \/>\n<meta name=\"twitter:label1\" content=\"Napisao\/la\" \/>\n\t<meta name=\"twitter:data1\" content=\"Radio Ljubu\u0161ki\" \/>\n\t<meta name=\"twitter:label2\" content=\"Procijenjeno vrijeme \u010ditanja\" \/>\n\t<meta name=\"twitter:data2\" content=\"1 minuta\" \/>\n<script type=\"application\/ld+json\" class=\"yoast-schema-graph\">{\"@context\":\"https:\\\/\\\/schema.org\",\"@graph\":[{\"@type\":\"Article\",\"@id\":\"https:\\\/\\\/radioljubuski.ba\\\/index.php\\\/2021\\\/11\\\/05\\\/u-federaciji-bih-potvrdeni-prvi-slucajevi-sezonske-gripe\\\/#article\",\"isPartOf\":{\"@id\":\"https:\\\/\\\/radioljubuski.ba\\\/index.php\\\/2021\\\/11\\\/05\\\/u-federaciji-bih-potvrdeni-prvi-slucajevi-sezonske-gripe\\\/\"},\"author\":{\"name\":\"Radio Ljubu\u0161ki\",\"@id\":\"https:\\\/\\\/radioljubuski.ba\\\/#\\\/schema\\\/person\\\/19fc700381a780f69665d7956c469e3b\"},\"headline\":\"U Federaciji BiH potvr\u0111eni prvi slu\u010dajevi sezonske gripe\",\"datePublished\":\"2021-11-05T13:18:33+00:00\",\"dateModified\":\"2021-11-05T13:18:34+00:00\",\"mainEntityOfPage\":{\"@id\":\"https:\\\/\\\/radioljubuski.ba\\\/index.php\\\/2021\\\/11\\\/05\\\/u-federaciji-bih-potvrdeni-prvi-slucajevi-sezonske-gripe\\\/\"},\"wordCount\":119,\"publisher\":{\"@id\":\"https:\\\/\\\/radioljubuski.ba\\\/#organization\"},\"image\":{\"@id\":\"https:\\\/\\\/radioljubuski.ba\\\/index.php\\\/2021\\\/11\\\/05\\\/u-federaciji-bih-potvrdeni-prvi-slucajevi-sezonske-gripe\\\/#primaryimage\"},\"thumbnailUrl\":\"https:\\\/\\\/radioljubuski.ba\\\/wp-content\\\/uploads\\\/2021\\\/11\\\/jJk4HFS3_gripa.jpg\",\"articleSection\":[\"BIH i regija\"],\"inLanguage\":\"hr\"},{\"@type\":\"WebPage\",\"@id\":\"https:\\\/\\\/radioljubuski.ba\\\/index.php\\\/2021\\\/11\\\/05\\\/u-federaciji-bih-potvrdeni-prvi-slucajevi-sezonske-gripe\\\/\",\"url\":\"https:\\\/\\\/radioljubuski.ba\\\/index.php\\\/2021\\\/11\\\/05\\\/u-federaciji-bih-potvrdeni-prvi-slucajevi-sezonske-gripe\\\/\",\"name\":\"U Federaciji BiH potvr\u0111eni prvi slu\u010dajevi sezonske gripe - RADIO LJUBU\u0160KI\",\"isPartOf\":{\"@id\":\"https:\\\/\\\/radioljubuski.ba\\\/#website\"},\"primaryImageOfPage\":{\"@id\":\"https:\\\/\\\/radioljubuski.ba\\\/index.php\\\/2021\\\/11\\\/05\\\/u-federaciji-bih-potvrdeni-prvi-slucajevi-sezonske-gripe\\\/#primaryimage\"},\"image\":{\"@id\":\"https:\\\/\\\/radioljubuski.ba\\\/index.php\\\/2021\\\/11\\\/05\\\/u-federaciji-bih-potvrdeni-prvi-slucajevi-sezonske-gripe\\\/#primaryimage\"},\"thumbnailUrl\":\"https:\\\/\\\/radioljubuski.ba\\\/wp-content\\\/uploads\\\/2021\\\/11\\\/jJk4HFS3_gripa.jpg\",\"datePublished\":\"2021-11-05T13:18:33+00:00\",\"dateModified\":\"2021-11-05T13:18:34+00:00\",\"breadcrumb\":{\"@id\":\"https:\\\/\\\/radioljubuski.ba\\\/index.php\\\/2021\\\/11\\\/05\\\/u-federaciji-bih-potvrdeni-prvi-slucajevi-sezonske-gripe\\\/#breadcrumb\"},\"inLanguage\":\"hr\",\"potentialAction\":[{\"@type\":\"ReadAction\",\"target\":[\"https:\\\/\\\/radioljubuski.ba\\\/index.php\\\/2021\\\/11\\\/05\\\/u-federaciji-bih-potvrdeni-prvi-slucajevi-sezonske-gripe\\\/\"]}]},{\"@type\":\"ImageObject\",\"inLanguage\":\"hr\",\"@id\":\"https:\\\/\\\/radioljubuski.ba\\\/index.php\\\/2021\\\/11\\\/05\\\/u-federaciji-bih-potvrdeni-prvi-slucajevi-sezonske-gripe\\\/#primaryimage\",\"url\":\"https:\\\/\\\/radioljubuski.ba\\\/wp-content\\\/uploads\\\/2021\\\/11\\\/jJk4HFS3_gripa.jpg\",\"contentUrl\":\"https:\\\/\\\/radioljubuski.ba\\\/wp-content\\\/uploads\\\/2021\\\/11\\\/jJk4HFS3_gripa.jpg\",\"width\":1000,\"height\":625},{\"@type\":\"BreadcrumbList\",\"@id\":\"https:\\\/\\\/radioljubuski.ba\\\/index.php\\\/2021\\\/11\\\/05\\\/u-federaciji-bih-potvrdeni-prvi-slucajevi-sezonske-gripe\\\/#breadcrumb\",\"itemListElement\":[{\"@type\":\"ListItem\",\"position\":1,\"name\":\"Po\u010detna stranica\",\"item\":\"https:\\\/\\\/radioljubuski.ba\\\/\"},{\"@type\":\"ListItem\",\"position\":2,\"name\":\"U Federaciji BiH potvr\u0111eni prvi slu\u010dajevi sezonske gripe\"}]},{\"@type\":\"WebSite\",\"@id\":\"https:\\\/\\\/radioljubuski.ba\\\/#website\",\"url\":\"https:\\\/\\\/radioljubuski.ba\\\/\",\"name\":\"Radio Ljubu\u0161ki\",\"description\":\"Sun\u010dana frekvencija Hercegovine\",\"publisher\":{\"@id\":\"https:\\\/\\\/radioljubuski.ba\\\/#organization\"},\"potentialAction\":[{\"@type\":\"SearchAction\",\"target\":{\"@type\":\"EntryPoint\",\"urlTemplate\":\"https:\\\/\\\/radioljubuski.ba\\\/?s={search_term_string}\"},\"query-input\":{\"@type\":\"PropertyValueSpecification\",\"valueRequired\":true,\"valueName\":\"search_term_string\"}}],\"inLanguage\":\"hr\"},{\"@type\":\"Organization\",\"@id\":\"https:\\\/\\\/radioljubuski.ba\\\/#organization\",\"name\":\"Radio Ljubu\u0161ki\",\"url\":\"https:\\\/\\\/radioljubuski.ba\\\/\",\"logo\":{\"@type\":\"ImageObject\",\"inLanguage\":\"hr\",\"@id\":\"https:\\\/\\\/radioljubuski.ba\\\/#\\\/schema\\\/logo\\\/image\\\/\",\"url\":\"https:\\\/\\\/radioljubuski.ba\\\/wp-content\\\/uploads\\\/2021\\\/02\\\/cropped-Radio_Ljubuski_logo1.jpg\",\"contentUrl\":\"https:\\\/\\\/radioljubuski.ba\\\/wp-content\\\/uploads\\\/2021\\\/02\\\/cropped-Radio_Ljubuski_logo1.jpg\",\"width\":512,\"height\":512,\"caption\":\"Radio Ljubu\u0161ki\"},\"image\":{\"@id\":\"https:\\\/\\\/radioljubuski.ba\\\/#\\\/schema\\\/logo\\\/image\\\/\"},\"sameAs\":[\"https:\\\/\\\/www.facebook.com\\\/Radiio-Ljubuski-1490835324566332\",\"https:\\\/\\\/x.com\\\/radioljubuski\",\"https:\\\/\\\/hr.linkedin.com\\\/company\\\/radio-ljubuski\",\"https:\\\/\\\/www.youtube.com\\\/channel\\\/UCHYaeO_n0Db3tjNGudGpXyw\"]},{\"@type\":\"Person\",\"@id\":\"https:\\\/\\\/radioljubuski.ba\\\/#\\\/schema\\\/person\\\/19fc700381a780f69665d7956c469e3b\",\"name\":\"Radio Ljubu\u0161ki\"}]}<\/script>\n<!-- \/ Yoast SEO plugin. -->","yoast_head_json":{"title":"U Federaciji BiH potvr\u0111eni prvi slu\u010dajevi sezonske gripe - RADIO LJUBU\u0160KI","robots":{"index":"index","follow":"follow","max-snippet":"max-snippet:-1","max-image-preview":"max-image-preview:large","max-video-preview":"max-video-preview:-1"},"canonical":"https:\/\/radioljubuski.ba\/index.php\/2021\/11\/05\/u-federaciji-bih-potvrdeni-prvi-slucajevi-sezonske-gripe\/","og_locale":"hr_HR","og_type":"article","og_title":"U Federaciji BiH potvr\u0111eni prvi slu\u010dajevi sezonske gripe - RADIO LJUBU\u0160KI","og_description":"U referalnom laboratoriju KCUS-a potvr\u0111eni su prvi slu\u010dajevi sezonske gripe. U pitanju su dva uzorka pozitivna na virus gripe tip A, podtip A(H3). Oba uzorka su iz Zeni\u010dko-dobojske \u017eupanije. Kako je priop\u0107eno iz Zavoda za javno zdravstvo FBiH, nadzor nad gripom u Federaciji BiH je, kao i svake sezone, zapo\u010deo u desetom mjesecu (40. tjedan). [&hellip;]","og_url":"https:\/\/radioljubuski.ba\/index.php\/2021\/11\/05\/u-federaciji-bih-potvrdeni-prvi-slucajevi-sezonske-gripe\/","og_site_name":"RADIO LJUBU\u0160KI","article_publisher":"https:\/\/www.facebook.com\/Radiio-Ljubuski-1490835324566332","article_published_time":"2021-11-05T13:18:33+00:00","article_modified_time":"2021-11-05T13:18:34+00:00","og_image":[{"width":1000,"height":625,"url":"https:\/\/radioljubuski.ba\/wp-content\/uploads\/2021\/11\/jJk4HFS3_gripa.jpg","type":"image\/jpeg"}],"author":"Radio Ljubu\u0161ki","twitter_card":"summary_large_image","twitter_creator":"@radioljubuski","twitter_site":"@radioljubuski","twitter_misc":{"Napisao\/la":"Radio Ljubu\u0161ki","Procijenjeno vrijeme \u010ditanja":"1 minuta"},"schema":{"@context":"https:\/\/schema.org","@graph":[{"@type":"Article","@id":"https:\/\/radioljubuski.ba\/index.php\/2021\/11\/05\/u-federaciji-bih-potvrdeni-prvi-slucajevi-sezonske-gripe\/#article","isPartOf":{"@id":"https:\/\/radioljubuski.ba\/index.php\/2021\/11\/05\/u-federaciji-bih-potvrdeni-prvi-slucajevi-sezonske-gripe\/"},"author":{"name":"Radio Ljubu\u0161ki","@id":"https:\/\/radioljubuski.ba\/#\/schema\/person\/19fc700381a780f69665d7956c469e3b"},"headline":"U Federaciji BiH potvr\u0111eni prvi slu\u010dajevi sezonske gripe","datePublished":"2021-11-05T13:18:33+00:00","dateModified":"2021-11-05T13:18:34+00:00","mainEntityOfPage":{"@id":"https:\/\/radioljubuski.ba\/index.php\/2021\/11\/05\/u-federaciji-bih-potvrdeni-prvi-slucajevi-sezonske-gripe\/"},"wordCount":119,"publisher":{"@id":"https:\/\/radioljubuski.ba\/#organization"},"image":{"@id":"https:\/\/radioljubuski.ba\/index.php\/2021\/11\/05\/u-federaciji-bih-potvrdeni-prvi-slucajevi-sezonske-gripe\/#primaryimage"},"thumbnailUrl":"https:\/\/radioljubuski.ba\/wp-content\/uploads\/2021\/11\/jJk4HFS3_gripa.jpg","articleSection":["BIH i regija"],"inLanguage":"hr"},{"@type":"WebPage","@id":"https:\/\/radioljubuski.ba\/index.php\/2021\/11\/05\/u-federaciji-bih-potvrdeni-prvi-slucajevi-sezonske-gripe\/","url":"https:\/\/radioljubuski.ba\/index.php\/2021\/11\/05\/u-federaciji-bih-potvrdeni-prvi-slucajevi-sezonske-gripe\/","name":"U Federaciji BiH potvr\u0111eni prvi slu\u010dajevi sezonske gripe - RADIO LJUBU\u0160KI","isPartOf":{"@id":"https:\/\/radioljubuski.ba\/#website"},"primaryImageOfPage":{"@id":"https:\/\/radioljubuski.ba\/index.php\/2021\/11\/05\/u-federaciji-bih-potvrdeni-prvi-slucajevi-sezonske-gripe\/#primaryimage"},"image":{"@id":"https:\/\/radioljubuski.ba\/index.php\/2021\/11\/05\/u-federaciji-bih-potvrdeni-prvi-slucajevi-sezonske-gripe\/#primaryimage"},"thumbnailUrl":"https:\/\/radioljubuski.ba\/wp-content\/uploads\/2021\/11\/jJk4HFS3_gripa.jpg","datePublished":"2021-11-05T13:18:33+00:00","dateModified":"2021-11-05T13:18:34+00:00","breadcrumb":{"@id":"https:\/\/radioljubuski.ba\/index.php\/2021\/11\/05\/u-federaciji-bih-potvrdeni-prvi-slucajevi-sezonske-gripe\/#breadcrumb"},"inLanguage":"hr","potentialAction":[{"@type":"ReadAction","target":["https:\/\/radioljubuski.ba\/index.php\/2021\/11\/05\/u-federaciji-bih-potvrdeni-prvi-slucajevi-sezonske-gripe\/"]}]},{"@type":"ImageObject","inLanguage":"hr","@id":"https:\/\/radioljubuski.ba\/index.php\/2021\/11\/05\/u-federaciji-bih-potvrdeni-prvi-slucajevi-sezonske-gripe\/#primaryimage","url":"https:\/\/radioljubuski.ba\/wp-content\/uploads\/2021\/11\/jJk4HFS3_gripa.jpg","contentUrl":"https:\/\/radioljubuski.ba\/wp-content\/uploads\/2021\/11\/jJk4HFS3_gripa.jpg","width":1000,"height":625},{"@type":"BreadcrumbList","@id":"https:\/\/radioljubuski.ba\/index.php\/2021\/11\/05\/u-federaciji-bih-potvrdeni-prvi-slucajevi-sezonske-gripe\/#breadcrumb","itemListElement":[{"@type":"ListItem","position":1,"name":"Po\u010detna stranica","item":"https:\/\/radioljubuski.ba\/"},{"@type":"ListItem","position":2,"name":"U Federaciji BiH potvr\u0111eni prvi slu\u010dajevi sezonske gripe"}]},{"@type":"WebSite","@id":"https:\/\/radioljubuski.ba\/#website","url":"https:\/\/radioljubuski.ba\/","name":"Radio Ljubu\u0161ki","description":"Sun\u010dana frekvencija Hercegovine","publisher":{"@id":"https:\/\/radioljubuski.ba\/#organization"},"potentialAction":[{"@type":"SearchAction","target":{"@type":"EntryPoint","urlTemplate":"https:\/\/radioljubuski.ba\/?s={search_term_string}"},"query-input":{"@type":"PropertyValueSpecification","valueRequired":true,"valueName":"search_term_string"}}],"inLanguage":"hr"},{"@type":"Organization","@id":"https:\/\/radioljubuski.ba\/#organization","name":"Radio Ljubu\u0161ki","url":"https:\/\/radioljubuski.ba\/","logo":{"@type":"ImageObject","inLanguage":"hr","@id":"https:\/\/radioljubuski.ba\/#\/schema\/logo\/image\/","url":"https:\/\/radioljubuski.ba\/wp-content\/uploads\/2021\/02\/cropped-Radio_Ljubuski_logo1.jpg","contentUrl":"https:\/\/radioljubuski.ba\/wp-content\/uploads\/2021\/02\/cropped-Radio_Ljubuski_logo1.jpg","width":512,"height":512,"caption":"Radio Ljubu\u0161ki"},"image":{"@id":"https:\/\/radioljubuski.ba\/#\/schema\/logo\/image\/"},"sameAs":["https:\/\/www.facebook.com\/Radiio-Ljubuski-1490835324566332","https:\/\/x.com\/radioljubuski","https:\/\/hr.linkedin.com\/company\/radio-ljubuski","https:\/\/www.youtube.com\/channel\/UCHYaeO_n0Db3tjNGudGpXyw"]},{"@type":"Person","@id":"https:\/\/radioljubuski.ba\/#\/schema\/person\/19fc700381a780f69665d7956c469e3b","name":"Radio Ljubu\u0161ki"}]}},"_links":{"self":[{"href":"https:\/\/radioljubuski.ba\/index.php\/wp-json\/wp\/v2\/posts\/85248","targetHints":{"allow":["GET"]}}],"collection":[{"href":"https:\/\/radioljubuski.ba\/index.php\/wp-json\/wp\/v2\/posts"}],"about":[{"href":"https:\/\/radioljubuski.ba\/index.php\/wp-json\/wp\/v2\/types\/post"}],"author":[{"embeddable":true,"href":"https:\/\/radioljubuski.ba\/index.php\/wp-json\/wp\/v2\/users\/2"}],"replies":[{"embeddable":true,"href":"https:\/\/radioljubuski.ba\/index.php\/wp-json\/wp\/v2\/comments?post=85248"}],"version-history":[{"count":1,"href":"https:\/\/radioljubuski.ba\/index.php\/wp-json\/wp\/v2\/posts\/85248\/revisions"}],"predecessor-version":[{"id":85250,"href":"https:\/\/radioljubuski.ba\/index.php\/wp-json\/wp\/v2\/posts\/85248\/revisions\/85250"}],"wp:featuredmedia":[{"embeddable":true,"href":"https:\/\/radioljubuski.ba\/index.php\/wp-json\/wp\/v2\/media\/85249"}],"wp:attachment":[{"href":"https:\/\/radioljubuski.ba\/index.php\/wp-json\/wp\/v2\/media?parent=85248"}],"wp:term":[{"taxonomy":"category","embeddable":true,"href":"https:\/\/radioljubuski.ba\/index.php\/wp-json\/wp\/v2\/categories?post=85248"},{"taxonomy":"post_tag","embeddable":true,"href":"https:\/\/radioljubuski.ba\/index.php\/wp-json\/wp\/v2\/tags?post=85248"}],"curies":[{"name":"wp","href":"https:\/\/api.w.org\/{rel}","templated":true}]}}