{"id":85251,"date":"2021-11-05T14:19:39","date_gmt":"2021-11-05T13:19:39","guid":{"rendered":"https:\/\/radioljubuski.ba\/?p=85251"},"modified":"2021-11-05T14:19:39","modified_gmt":"2021-11-05T13:19:39","slug":"upucen-apel-stanovnicima-f-bih-cijepite-se-jer-boljeg-nacina-borbe-protiv-covid-19-nemamo","status":"publish","type":"post","link":"https:\/\/radioljubuski.ba\/index.php\/2021\/11\/05\/upucen-apel-stanovnicima-f-bih-cijepite-se-jer-boljeg-nacina-borbe-protiv-covid-19-nemamo\/","title":{"rendered":"Upu\u0107en apel stanovnicima F BiH: Cijepite se jer boljeg na\u010dina borbe protiv Covid-19 nemamo"},"content":{"rendered":"\n<p>Dom naroda Parlamenta Federacije BiH na 14. redovitoj sjednici &nbsp;koja je s radom zapo\u010dela danas, &nbsp;uz ostalo, primio je k znanju nekoliko Informacija o epidemiolo\u0161koj situaciji &nbsp;Covid-19 u Federaciji BiH s prijedlogom naredbi Kriznog sto\u017eera Federalnog ministarstva zdravstva. Uz konstataciju da je BiH i dalje vode\u0107a u Europu po broju smrtnih slu\u010dajeva, &nbsp;dok je prema postotku cijepljenih &nbsp;na samome dnu, najvi\u0161e rasprave izazvalo je pitanje cijepljenja. \u201ePrije nekoliko mjeseci u ovom Parlamentu raspravljalo se o tomu da nemamo dovoljno cjepiva. Cjepiva sada ima dovoljno, dosta je toga i propalo, a mi i dalje imamo nizak postotak cijepljenih, tek oko 25 posto stanovnika primilo je obje doze\u201c, istaknuo je Ivo Tadi\u0107, predsjednik Kluba Hrvata. &nbsp;<\/p>\n\n\n\n<p>U kontekstu pove\u0107anja broja cijepljenih iz Doma naroda upu\u0107en je apel stanovnicima ovog entiteta za masovnijom imunizacijom. \u201eApeliram na stanovnike u Federaciji BiH da se cijepe jer to je i dalje naju\u010dinkovitiji na\u010din borbe protiv zaraze Covid-19 i boljeg nemamo. Na taj na\u010din spa\u0161avamo i ljudske \u017eivote ali i sprije\u010davamo cijeli niz negativnih pojava koje prate epidemiju\u201c, poru\u010dio je Tomislav Martinovi\u0107, predsjedatelj Doma naroda Parlamenta Federacije BiH. &nbsp;<\/p>\n\n\n\n<p>Martinovi\u0107evu konstataciju potvrdili su i podatci Zavoda za javno zdravstvo Federacije BiH koje je izaslanicima prenijela epidemiologinja Mia Bla\u017eevi\u0107. \u201eOd 518 pacijenata, koliko ih je trenuta\u010dno u bolnicama u FBiH zbog zaraze Covid-19, samo njih 10,4 posto su cijepljeno je s obje doze\u201c, kazala je Bla\u017eevi\u0107 &nbsp;te najavila skori &nbsp;sastanak stru\u010dnog savjetodavnog tijela &nbsp;koje \u0107e vjerovatno odobriti cijepljenje i tre\u0107om dozom odre\u0111enih skupina pacijenata me\u0111u kojima su i &nbsp;hemodijalizni te onkolo\u0161ki.<\/p>\n\n\n\n<p><br>Izaslanici u Domu naroda Parlamenta Federacije BiH usvojili su i nekoliko zakonskih rje\u0161enja. Me\u0111u ostalim i Prijedlog zakona o izmjenama i dopuni Zakona &nbsp;o Jedinstvenom sustavu registracije, kontrole i naplate doprinosa, &nbsp;Prijedlog zakona o dopuni Zakona o prostornom planiranju i kori\u0161tenju zemlji\u0161ta na razini Federacije BiH kao i Prijedlog zakona o reprezentativnosti sindikata i udru\u017eenja poslodavaca. &nbsp;<\/p>\n\n\n\n<p>U formi nacrta, potporu izaslanika dobio je Zakon o ustanovama socijalne za\u0161tite Federacije BiH dok je potpora Nacrtu zakona o izmjenama i dopunama Zakona o radu kao i Nacrtu zakona o dopunama Zakona o vije\u0107u zaposlenika izostala.Dom naroda u dana\u0161njem zasjedanju usvojio je i Odluku o usvajanju Programa razvoja za\u0161tite i spa\u0161avanja ljudi i materijalnih dobara od prirodnih nesre\u0107a u Federaciji BiH za razdoblje od 2021. do 2028. godine. &nbsp; &nbsp; &nbsp;<\/p>\n\n\n\n<p>Izaslanik Damir D\u017eeba uputio je pitanje predsjedniku Vlade F BiH Fadilu Novali\u0107u, a odnosi se na provedbu Odluke Ustavnog suda BiH iz 2006. godine i &nbsp;uskla\u0111ivanje Zakona o grbu i zastavi F BiH s Ustavom BiH. &nbsp;\u201eNavedenom presudom Ustavnog suda BiH utvr\u0111eno je da \u010dlanci &nbsp;1. i 2. Zakona o grbu i zastavi Federacije BiH nisu u skladu s \u010dlankom II\/4. Ustava BiH kao i Me\u0111unarodnom konvencijom o ukidanju svih oblika rasne diskriminacije iz Aneksa I na Ustav BiH. &nbsp;Tada je nalo\u017eeno da se u roku od \u0161est mjeseci od dana objave ove odluke u Slu\u017ebenom glasniku BiH usuglase \u010dlanci 1 i 2. Zakona o grbu i zastavi Federacije BiH &nbsp;sa Ustavom BiH\u201c, podsjetio je izaslanik D\u017eeba.<\/p>\n\n\n\n<p>\u201ePitam Fadila Novali\u0107a, predsjednika Vlade FBiH, \u0161to je u\u010dinjeno i \u0161to je poduzeo kako bi se provela Odluka Ustavnog suda BiH te usuglasio Zakon o grbu i zastavi Federacije s Ustavom FBiH uz obrazlo\u017eenje da je od presude Ustavnog suda pro\u0161lo 15 godina\u201c, naveo je u svojemu pitanju izaslanik D\u017eeba. &nbsp;<\/p>\n\n\n\n<p>Jedno &nbsp;od pitanja izaslanika Kluba Hrvata odnosilo se na aktualno \u201ezveckanje oru\u017ejem\u201c, a predsjedniku Vlade F BiH, a postavila ga je izaslanica Zdenka D\u017eambas. \u201eBudu\u0107i da Vlada Federacije BiH postavlja Nadzorne odbore kao i upravu poduze\u0107a namjenske proizvodnje \u010diji je ve\u0107inski vlasnik te, temeljem toga, &nbsp;ima informacije o vrsti proizvodnje, koli\u010dini, prodaji i izvozu proizvedenog, kao i financijske dokumente te ostale podatke o poslovanju navedenih poduze\u0107a, tra\u017eim da mi &nbsp;Vlada Federacije BiH dostavi informacije o svim poduze\u0107ima namjenske industrije \u010diji je ve\u0107inski vlasnik za posljednje obra\u010dunsko razdoblje te da mi se uz pomo\u0107 resornog federalnog ministra, &nbsp;dostave i podatci o pouze\u0107ima koja se bave namjenskom industrijom, a u privatnom su vlasni\u0161tvu\u201c, stoji u pitanju izaslanice D\u017eambas.<\/p>\n\n\n\n<p>Postavljeno pitanje obrazlo\u017eila je \u010dinjenicom da u posljednje vrijeme putem medija pojedini politi\u010dari &nbsp;informiraju javnost kako BiH ima tenkove, svoju pu\u0161ku, dronove te razne druge vrste lakog i te\u0161kog oru\u017eja i oru\u0111a. \u201ePravo je javnosti da ima takve informacije, ali je isto tako pravo i nas u Parlamentu Federacije BiH da imamo to\u010dnu i provjerenu informaciju o ovoj vrsti proizvodnje, posebno imaju\u0107i u vidu aktualni politi\u010dki trenutak u BiH i Federaciji BiH\u201c, istaknula je izaslanica D\u017eambas te podsjetila kako dolazi iz Novog Travnika koji je u biv\u0161oj dr\u017eavi prepoznatljiv po namjenskoj industriji \u010diji je rad nakon rata obavijen velom tajne.<\/p>\n\n\n\n<p>Izaslanik Tomislav Mandi\u0107 uputio je nekoliko pitanja JP \u201eAutocesta\u201c Federacije BiH, a odnose se na proceduru odabira izvo\u0111a\u010da radova na izgradnji tunela Kvanj, uklju\u010duju\u0107i i odluku direktora poduze\u0107a o smjeni Povjerenstva za evaluaciju ponuda &nbsp;te po saznanjima koje je iznio, sumnjivog odabira ponuda. \u201eJe li cilj zaustaviti gradnju autoceste kroz Hercegovinu ili &nbsp;brojanje krvnih zrnaca\u201c, zapitao se Mandi\u0107. Za\u0161to &nbsp;povratnika u srednjobosanske op\u0107ine Jajce i Dobreti\u0107i nema me\u0111u korisnicima projekta obnove i povratka &nbsp;Ministarstva raseljenih osoba i izbjeglica F BiH. \u201e\u017eeli li se na ovaj na\u010din ostaviti pustim ovaj kraj\u201c, upitao je izaslanik Marko Saraf.<\/p>\n\n\n\n<p>Pored pitanja, izaslanici u Klubu Hrvata uputili su i nekoliko inicijativa. Damir Juri\u0161i\u0107, uputio je inivcijativu za osnivanjem podru\u017enice Fonda za profesionalnu rehabilitaciju i zapo\u0161ljavanje osoba s invaliditetom u Federacije BiH u Hercegovini kako bi se ovoj kategoriji stanovnika s podru\u010dja Hercegovine olak\u0161alo ostvarivanje njihovih prava jer sjedi\u0161te Fonda koje je u Sarajevu za neke od njih &nbsp;udaljeno je i do 200 km.<\/p>\n\n\n\n<p>Izvor:pogled.ba<\/p>\n","protected":false},"excerpt":{"rendered":"<p>Dom naroda Parlamenta Federacije BiH na 14. redovitoj sjednici &nbsp;koja je s radom zapo\u010dela danas, &nbsp;uz ostalo, primio je k znanju nekoliko Informacija o epidemiolo\u0161koj situaciji &nbsp;Covid-19 u Federaciji BiH s prijedlogom naredbi Kriznog sto\u017eera Federalnog ministarstva zdravstva. Uz konstataciju da je BiH i dalje vode\u0107a u Europu po broju smrtnih slu\u010dajeva, &nbsp;dok je prema [&hellip;]<\/p>\n","protected":false},"author":2,"featured_media":85252,"comment_status":"closed","ping_status":"closed","sticky":false,"template":"","format":"standard","meta":{"h5ap_radio_sources":[],"footnotes":""},"categories":[1],"tags":[],"class_list":["post-85251","post","type-post","status-publish","format-standard","has-post-thumbnail","hentry","category-bihiregija"],"yoast_head":"<!-- This site is optimized with the Yoast SEO plugin v27.5 - https:\/\/yoast.com\/product\/yoast-seo-wordpress\/ -->\n<title>Upu\u0107en apel stanovnicima F BiH: Cijepite se jer boljeg na\u010dina borbe protiv Covid-19 nemamo - RADIO LJUBU\u0160KI<\/title>\n<meta name=\"robots\" content=\"index, follow, max-snippet:-1, max-image-preview:large, max-video-preview:-1\" \/>\n<link rel=\"canonical\" href=\"https:\/\/radioljubuski.ba\/index.php\/2021\/11\/05\/upucen-apel-stanovnicima-f-bih-cijepite-se-jer-boljeg-nacina-borbe-protiv-covid-19-nemamo\/\" \/>\n<meta property=\"og:locale\" content=\"hr_HR\" \/>\n<meta property=\"og:type\" content=\"article\" \/>\n<meta property=\"og:title\" content=\"Upu\u0107en apel stanovnicima F BiH: Cijepite se jer boljeg na\u010dina borbe protiv Covid-19 nemamo - RADIO LJUBU\u0160KI\" \/>\n<meta property=\"og:description\" content=\"Dom naroda Parlamenta Federacije BiH na 14. redovitoj sjednici &nbsp;koja je s radom zapo\u010dela danas, &nbsp;uz ostalo, primio je k znanju nekoliko Informacija o epidemiolo\u0161koj situaciji &nbsp;Covid-19 u Federaciji BiH s prijedlogom naredbi Kriznog sto\u017eera Federalnog ministarstva zdravstva. Uz konstataciju da je BiH i dalje vode\u0107a u Europu po broju smrtnih slu\u010dajeva, &nbsp;dok je prema [&hellip;]\" \/>\n<meta property=\"og:url\" content=\"https:\/\/radioljubuski.ba\/index.php\/2021\/11\/05\/upucen-apel-stanovnicima-f-bih-cijepite-se-jer-boljeg-nacina-borbe-protiv-covid-19-nemamo\/\" \/>\n<meta property=\"og:site_name\" content=\"RADIO LJUBU\u0160KI\" \/>\n<meta property=\"article:publisher\" content=\"https:\/\/www.facebook.com\/Radiio-Ljubuski-1490835324566332\" \/>\n<meta property=\"article:published_time\" content=\"2021-11-05T13:19:39+00:00\" \/>\n<meta property=\"og:image\" content=\"https:\/\/radioljubuski.ba\/wp-content\/uploads\/2021\/11\/9-2021-11-04-17-43-48-20211104_121419.jpg\" \/>\n\t<meta property=\"og:image:width\" content=\"1000\" \/>\n\t<meta property=\"og:image:height\" content=\"625\" \/>\n\t<meta property=\"og:image:type\" content=\"image\/jpeg\" \/>\n<meta name=\"author\" content=\"Radio Ljubu\u0161ki\" \/>\n<meta name=\"twitter:card\" content=\"summary_large_image\" \/>\n<meta name=\"twitter:creator\" content=\"@radioljubuski\" \/>\n<meta name=\"twitter:site\" content=\"@radioljubuski\" \/>\n<meta name=\"twitter:label1\" content=\"Napisao\/la\" \/>\n\t<meta name=\"twitter:data1\" content=\"Radio Ljubu\u0161ki\" \/>\n\t<meta name=\"twitter:label2\" content=\"Procijenjeno vrijeme \u010ditanja\" \/>\n\t<meta name=\"twitter:data2\" content=\"5 minuta\" \/>\n<script type=\"application\/ld+json\" class=\"yoast-schema-graph\">{\"@context\":\"https:\\\/\\\/schema.org\",\"@graph\":[{\"@type\":\"Article\",\"@id\":\"https:\\\/\\\/radioljubuski.ba\\\/index.php\\\/2021\\\/11\\\/05\\\/upucen-apel-stanovnicima-f-bih-cijepite-se-jer-boljeg-nacina-borbe-protiv-covid-19-nemamo\\\/#article\",\"isPartOf\":{\"@id\":\"https:\\\/\\\/radioljubuski.ba\\\/index.php\\\/2021\\\/11\\\/05\\\/upucen-apel-stanovnicima-f-bih-cijepite-se-jer-boljeg-nacina-borbe-protiv-covid-19-nemamo\\\/\"},\"author\":{\"name\":\"Radio Ljubu\u0161ki\",\"@id\":\"https:\\\/\\\/radioljubuski.ba\\\/#\\\/schema\\\/person\\\/19fc700381a780f69665d7956c469e3b\"},\"headline\":\"Upu\u0107en apel stanovnicima F BiH: Cijepite se jer boljeg na\u010dina borbe protiv Covid-19 nemamo\",\"datePublished\":\"2021-11-05T13:19:39+00:00\",\"mainEntityOfPage\":{\"@id\":\"https:\\\/\\\/radioljubuski.ba\\\/index.php\\\/2021\\\/11\\\/05\\\/upucen-apel-stanovnicima-f-bih-cijepite-se-jer-boljeg-nacina-borbe-protiv-covid-19-nemamo\\\/\"},\"wordCount\":1046,\"publisher\":{\"@id\":\"https:\\\/\\\/radioljubuski.ba\\\/#organization\"},\"image\":{\"@id\":\"https:\\\/\\\/radioljubuski.ba\\\/index.php\\\/2021\\\/11\\\/05\\\/upucen-apel-stanovnicima-f-bih-cijepite-se-jer-boljeg-nacina-borbe-protiv-covid-19-nemamo\\\/#primaryimage\"},\"thumbnailUrl\":\"https:\\\/\\\/radioljubuski.ba\\\/wp-content\\\/uploads\\\/2021\\\/11\\\/9-2021-11-04-17-43-48-20211104_121419.jpg\",\"articleSection\":[\"BIH i regija\"],\"inLanguage\":\"hr\"},{\"@type\":\"WebPage\",\"@id\":\"https:\\\/\\\/radioljubuski.ba\\\/index.php\\\/2021\\\/11\\\/05\\\/upucen-apel-stanovnicima-f-bih-cijepite-se-jer-boljeg-nacina-borbe-protiv-covid-19-nemamo\\\/\",\"url\":\"https:\\\/\\\/radioljubuski.ba\\\/index.php\\\/2021\\\/11\\\/05\\\/upucen-apel-stanovnicima-f-bih-cijepite-se-jer-boljeg-nacina-borbe-protiv-covid-19-nemamo\\\/\",\"name\":\"Upu\u0107en apel stanovnicima F BiH: Cijepite se jer boljeg na\u010dina borbe protiv Covid-19 nemamo - RADIO LJUBU\u0160KI\",\"isPartOf\":{\"@id\":\"https:\\\/\\\/radioljubuski.ba\\\/#website\"},\"primaryImageOfPage\":{\"@id\":\"https:\\\/\\\/radioljubuski.ba\\\/index.php\\\/2021\\\/11\\\/05\\\/upucen-apel-stanovnicima-f-bih-cijepite-se-jer-boljeg-nacina-borbe-protiv-covid-19-nemamo\\\/#primaryimage\"},\"image\":{\"@id\":\"https:\\\/\\\/radioljubuski.ba\\\/index.php\\\/2021\\\/11\\\/05\\\/upucen-apel-stanovnicima-f-bih-cijepite-se-jer-boljeg-nacina-borbe-protiv-covid-19-nemamo\\\/#primaryimage\"},\"thumbnailUrl\":\"https:\\\/\\\/radioljubuski.ba\\\/wp-content\\\/uploads\\\/2021\\\/11\\\/9-2021-11-04-17-43-48-20211104_121419.jpg\",\"datePublished\":\"2021-11-05T13:19:39+00:00\",\"breadcrumb\":{\"@id\":\"https:\\\/\\\/radioljubuski.ba\\\/index.php\\\/2021\\\/11\\\/05\\\/upucen-apel-stanovnicima-f-bih-cijepite-se-jer-boljeg-nacina-borbe-protiv-covid-19-nemamo\\\/#breadcrumb\"},\"inLanguage\":\"hr\",\"potentialAction\":[{\"@type\":\"ReadAction\",\"target\":[\"https:\\\/\\\/radioljubuski.ba\\\/index.php\\\/2021\\\/11\\\/05\\\/upucen-apel-stanovnicima-f-bih-cijepite-se-jer-boljeg-nacina-borbe-protiv-covid-19-nemamo\\\/\"]}]},{\"@type\":\"ImageObject\",\"inLanguage\":\"hr\",\"@id\":\"https:\\\/\\\/radioljubuski.ba\\\/index.php\\\/2021\\\/11\\\/05\\\/upucen-apel-stanovnicima-f-bih-cijepite-se-jer-boljeg-nacina-borbe-protiv-covid-19-nemamo\\\/#primaryimage\",\"url\":\"https:\\\/\\\/radioljubuski.ba\\\/wp-content\\\/uploads\\\/2021\\\/11\\\/9-2021-11-04-17-43-48-20211104_121419.jpg\",\"contentUrl\":\"https:\\\/\\\/radioljubuski.ba\\\/wp-content\\\/uploads\\\/2021\\\/11\\\/9-2021-11-04-17-43-48-20211104_121419.jpg\",\"width\":1000,\"height\":625},{\"@type\":\"BreadcrumbList\",\"@id\":\"https:\\\/\\\/radioljubuski.ba\\\/index.php\\\/2021\\\/11\\\/05\\\/upucen-apel-stanovnicima-f-bih-cijepite-se-jer-boljeg-nacina-borbe-protiv-covid-19-nemamo\\\/#breadcrumb\",\"itemListElement\":[{\"@type\":\"ListItem\",\"position\":1,\"name\":\"Po\u010detna stranica\",\"item\":\"https:\\\/\\\/radioljubuski.ba\\\/\"},{\"@type\":\"ListItem\",\"position\":2,\"name\":\"Upu\u0107en apel stanovnicima F BiH: Cijepite se jer boljeg na\u010dina borbe protiv Covid-19 nemamo\"}]},{\"@type\":\"WebSite\",\"@id\":\"https:\\\/\\\/radioljubuski.ba\\\/#website\",\"url\":\"https:\\\/\\\/radioljubuski.ba\\\/\",\"name\":\"Radio Ljubu\u0161ki\",\"description\":\"Sun\u010dana frekvencija Hercegovine\",\"publisher\":{\"@id\":\"https:\\\/\\\/radioljubuski.ba\\\/#organization\"},\"potentialAction\":[{\"@type\":\"SearchAction\",\"target\":{\"@type\":\"EntryPoint\",\"urlTemplate\":\"https:\\\/\\\/radioljubuski.ba\\\/?s={search_term_string}\"},\"query-input\":{\"@type\":\"PropertyValueSpecification\",\"valueRequired\":true,\"valueName\":\"search_term_string\"}}],\"inLanguage\":\"hr\"},{\"@type\":\"Organization\",\"@id\":\"https:\\\/\\\/radioljubuski.ba\\\/#organization\",\"name\":\"Radio Ljubu\u0161ki\",\"url\":\"https:\\\/\\\/radioljubuski.ba\\\/\",\"logo\":{\"@type\":\"ImageObject\",\"inLanguage\":\"hr\",\"@id\":\"https:\\\/\\\/radioljubuski.ba\\\/#\\\/schema\\\/logo\\\/image\\\/\",\"url\":\"https:\\\/\\\/radioljubuski.ba\\\/wp-content\\\/uploads\\\/2021\\\/02\\\/cropped-Radio_Ljubuski_logo1.jpg\",\"contentUrl\":\"https:\\\/\\\/radioljubuski.ba\\\/wp-content\\\/uploads\\\/2021\\\/02\\\/cropped-Radio_Ljubuski_logo1.jpg\",\"width\":512,\"height\":512,\"caption\":\"Radio Ljubu\u0161ki\"},\"image\":{\"@id\":\"https:\\\/\\\/radioljubuski.ba\\\/#\\\/schema\\\/logo\\\/image\\\/\"},\"sameAs\":[\"https:\\\/\\\/www.facebook.com\\\/Radiio-Ljubuski-1490835324566332\",\"https:\\\/\\\/x.com\\\/radioljubuski\",\"https:\\\/\\\/hr.linkedin.com\\\/company\\\/radio-ljubuski\",\"https:\\\/\\\/www.youtube.com\\\/channel\\\/UCHYaeO_n0Db3tjNGudGpXyw\"]},{\"@type\":\"Person\",\"@id\":\"https:\\\/\\\/radioljubuski.ba\\\/#\\\/schema\\\/person\\\/19fc700381a780f69665d7956c469e3b\",\"name\":\"Radio Ljubu\u0161ki\"}]}<\/script>\n<!-- \/ Yoast SEO plugin. -->","yoast_head_json":{"title":"Upu\u0107en apel stanovnicima F BiH: Cijepite se jer boljeg na\u010dina borbe protiv Covid-19 nemamo - RADIO LJUBU\u0160KI","robots":{"index":"index","follow":"follow","max-snippet":"max-snippet:-1","max-image-preview":"max-image-preview:large","max-video-preview":"max-video-preview:-1"},"canonical":"https:\/\/radioljubuski.ba\/index.php\/2021\/11\/05\/upucen-apel-stanovnicima-f-bih-cijepite-se-jer-boljeg-nacina-borbe-protiv-covid-19-nemamo\/","og_locale":"hr_HR","og_type":"article","og_title":"Upu\u0107en apel stanovnicima F BiH: Cijepite se jer boljeg na\u010dina borbe protiv Covid-19 nemamo - RADIO LJUBU\u0160KI","og_description":"Dom naroda Parlamenta Federacije BiH na 14. redovitoj sjednici &nbsp;koja je s radom zapo\u010dela danas, &nbsp;uz ostalo, primio je k znanju nekoliko Informacija o epidemiolo\u0161koj situaciji &nbsp;Covid-19 u Federaciji BiH s prijedlogom naredbi Kriznog sto\u017eera Federalnog ministarstva zdravstva. Uz konstataciju da je BiH i dalje vode\u0107a u Europu po broju smrtnih slu\u010dajeva, &nbsp;dok je prema [&hellip;]","og_url":"https:\/\/radioljubuski.ba\/index.php\/2021\/11\/05\/upucen-apel-stanovnicima-f-bih-cijepite-se-jer-boljeg-nacina-borbe-protiv-covid-19-nemamo\/","og_site_name":"RADIO LJUBU\u0160KI","article_publisher":"https:\/\/www.facebook.com\/Radiio-Ljubuski-1490835324566332","article_published_time":"2021-11-05T13:19:39+00:00","og_image":[{"width":1000,"height":625,"url":"https:\/\/radioljubuski.ba\/wp-content\/uploads\/2021\/11\/9-2021-11-04-17-43-48-20211104_121419.jpg","type":"image\/jpeg"}],"author":"Radio Ljubu\u0161ki","twitter_card":"summary_large_image","twitter_creator":"@radioljubuski","twitter_site":"@radioljubuski","twitter_misc":{"Napisao\/la":"Radio Ljubu\u0161ki","Procijenjeno vrijeme \u010ditanja":"5 minuta"},"schema":{"@context":"https:\/\/schema.org","@graph":[{"@type":"Article","@id":"https:\/\/radioljubuski.ba\/index.php\/2021\/11\/05\/upucen-apel-stanovnicima-f-bih-cijepite-se-jer-boljeg-nacina-borbe-protiv-covid-19-nemamo\/#article","isPartOf":{"@id":"https:\/\/radioljubuski.ba\/index.php\/2021\/11\/05\/upucen-apel-stanovnicima-f-bih-cijepite-se-jer-boljeg-nacina-borbe-protiv-covid-19-nemamo\/"},"author":{"name":"Radio Ljubu\u0161ki","@id":"https:\/\/radioljubuski.ba\/#\/schema\/person\/19fc700381a780f69665d7956c469e3b"},"headline":"Upu\u0107en apel stanovnicima F BiH: Cijepite se jer boljeg na\u010dina borbe protiv Covid-19 nemamo","datePublished":"2021-11-05T13:19:39+00:00","mainEntityOfPage":{"@id":"https:\/\/radioljubuski.ba\/index.php\/2021\/11\/05\/upucen-apel-stanovnicima-f-bih-cijepite-se-jer-boljeg-nacina-borbe-protiv-covid-19-nemamo\/"},"wordCount":1046,"publisher":{"@id":"https:\/\/radioljubuski.ba\/#organization"},"image":{"@id":"https:\/\/radioljubuski.ba\/index.php\/2021\/11\/05\/upucen-apel-stanovnicima-f-bih-cijepite-se-jer-boljeg-nacina-borbe-protiv-covid-19-nemamo\/#primaryimage"},"thumbnailUrl":"https:\/\/radioljubuski.ba\/wp-content\/uploads\/2021\/11\/9-2021-11-04-17-43-48-20211104_121419.jpg","articleSection":["BIH i regija"],"inLanguage":"hr"},{"@type":"WebPage","@id":"https:\/\/radioljubuski.ba\/index.php\/2021\/11\/05\/upucen-apel-stanovnicima-f-bih-cijepite-se-jer-boljeg-nacina-borbe-protiv-covid-19-nemamo\/","url":"https:\/\/radioljubuski.ba\/index.php\/2021\/11\/05\/upucen-apel-stanovnicima-f-bih-cijepite-se-jer-boljeg-nacina-borbe-protiv-covid-19-nemamo\/","name":"Upu\u0107en apel stanovnicima F BiH: Cijepite se jer boljeg na\u010dina borbe protiv Covid-19 nemamo - RADIO LJUBU\u0160KI","isPartOf":{"@id":"https:\/\/radioljubuski.ba\/#website"},"primaryImageOfPage":{"@id":"https:\/\/radioljubuski.ba\/index.php\/2021\/11\/05\/upucen-apel-stanovnicima-f-bih-cijepite-se-jer-boljeg-nacina-borbe-protiv-covid-19-nemamo\/#primaryimage"},"image":{"@id":"https:\/\/radioljubuski.ba\/index.php\/2021\/11\/05\/upucen-apel-stanovnicima-f-bih-cijepite-se-jer-boljeg-nacina-borbe-protiv-covid-19-nemamo\/#primaryimage"},"thumbnailUrl":"https:\/\/radioljubuski.ba\/wp-content\/uploads\/2021\/11\/9-2021-11-04-17-43-48-20211104_121419.jpg","datePublished":"2021-11-05T13:19:39+00:00","breadcrumb":{"@id":"https:\/\/radioljubuski.ba\/index.php\/2021\/11\/05\/upucen-apel-stanovnicima-f-bih-cijepite-se-jer-boljeg-nacina-borbe-protiv-covid-19-nemamo\/#breadcrumb"},"inLanguage":"hr","potentialAction":[{"@type":"ReadAction","target":["https:\/\/radioljubuski.ba\/index.php\/2021\/11\/05\/upucen-apel-stanovnicima-f-bih-cijepite-se-jer-boljeg-nacina-borbe-protiv-covid-19-nemamo\/"]}]},{"@type":"ImageObject","inLanguage":"hr","@id":"https:\/\/radioljubuski.ba\/index.php\/2021\/11\/05\/upucen-apel-stanovnicima-f-bih-cijepite-se-jer-boljeg-nacina-borbe-protiv-covid-19-nemamo\/#primaryimage","url":"https:\/\/radioljubuski.ba\/wp-content\/uploads\/2021\/11\/9-2021-11-04-17-43-48-20211104_121419.jpg","contentUrl":"https:\/\/radioljubuski.ba\/wp-content\/uploads\/2021\/11\/9-2021-11-04-17-43-48-20211104_121419.jpg","width":1000,"height":625},{"@type":"BreadcrumbList","@id":"https:\/\/radioljubuski.ba\/index.php\/2021\/11\/05\/upucen-apel-stanovnicima-f-bih-cijepite-se-jer-boljeg-nacina-borbe-protiv-covid-19-nemamo\/#breadcrumb","itemListElement":[{"@type":"ListItem","position":1,"name":"Po\u010detna stranica","item":"https:\/\/radioljubuski.ba\/"},{"@type":"ListItem","position":2,"name":"Upu\u0107en apel stanovnicima F BiH: Cijepite se jer boljeg na\u010dina borbe protiv Covid-19 nemamo"}]},{"@type":"WebSite","@id":"https:\/\/radioljubuski.ba\/#website","url":"https:\/\/radioljubuski.ba\/","name":"Radio Ljubu\u0161ki","description":"Sun\u010dana frekvencija Hercegovine","publisher":{"@id":"https:\/\/radioljubuski.ba\/#organization"},"potentialAction":[{"@type":"SearchAction","target":{"@type":"EntryPoint","urlTemplate":"https:\/\/radioljubuski.ba\/?s={search_term_string}"},"query-input":{"@type":"PropertyValueSpecification","valueRequired":true,"valueName":"search_term_string"}}],"inLanguage":"hr"},{"@type":"Organization","@id":"https:\/\/radioljubuski.ba\/#organization","name":"Radio Ljubu\u0161ki","url":"https:\/\/radioljubuski.ba\/","logo":{"@type":"ImageObject","inLanguage":"hr","@id":"https:\/\/radioljubuski.ba\/#\/schema\/logo\/image\/","url":"https:\/\/radioljubuski.ba\/wp-content\/uploads\/2021\/02\/cropped-Radio_Ljubuski_logo1.jpg","contentUrl":"https:\/\/radioljubuski.ba\/wp-content\/uploads\/2021\/02\/cropped-Radio_Ljubuski_logo1.jpg","width":512,"height":512,"caption":"Radio Ljubu\u0161ki"},"image":{"@id":"https:\/\/radioljubuski.ba\/#\/schema\/logo\/image\/"},"sameAs":["https:\/\/www.facebook.com\/Radiio-Ljubuski-1490835324566332","https:\/\/x.com\/radioljubuski","https:\/\/hr.linkedin.com\/company\/radio-ljubuski","https:\/\/www.youtube.com\/channel\/UCHYaeO_n0Db3tjNGudGpXyw"]},{"@type":"Person","@id":"https:\/\/radioljubuski.ba\/#\/schema\/person\/19fc700381a780f69665d7956c469e3b","name":"Radio Ljubu\u0161ki"}]}},"_links":{"self":[{"href":"https:\/\/radioljubuski.ba\/index.php\/wp-json\/wp\/v2\/posts\/85251","targetHints":{"allow":["GET"]}}],"collection":[{"href":"https:\/\/radioljubuski.ba\/index.php\/wp-json\/wp\/v2\/posts"}],"about":[{"href":"https:\/\/radioljubuski.ba\/index.php\/wp-json\/wp\/v2\/types\/post"}],"author":[{"embeddable":true,"href":"https:\/\/radioljubuski.ba\/index.php\/wp-json\/wp\/v2\/users\/2"}],"replies":[{"embeddable":true,"href":"https:\/\/radioljubuski.ba\/index.php\/wp-json\/wp\/v2\/comments?post=85251"}],"version-history":[{"count":1,"href":"https:\/\/radioljubuski.ba\/index.php\/wp-json\/wp\/v2\/posts\/85251\/revisions"}],"predecessor-version":[{"id":85253,"href":"https:\/\/radioljubuski.ba\/index.php\/wp-json\/wp\/v2\/posts\/85251\/revisions\/85253"}],"wp:featuredmedia":[{"embeddable":true,"href":"https:\/\/radioljubuski.ba\/index.php\/wp-json\/wp\/v2\/media\/85252"}],"wp:attachment":[{"href":"https:\/\/radioljubuski.ba\/index.php\/wp-json\/wp\/v2\/media?parent=85251"}],"wp:term":[{"taxonomy":"category","embeddable":true,"href":"https:\/\/radioljubuski.ba\/index.php\/wp-json\/wp\/v2\/categories?post=85251"},{"taxonomy":"post_tag","embeddable":true,"href":"https:\/\/radioljubuski.ba\/index.php\/wp-json\/wp\/v2\/tags?post=85251"}],"curies":[{"name":"wp","href":"https:\/\/api.w.org\/{rel}","templated":true}]}}