{"id":85266,"date":"2021-11-05T14:26:24","date_gmt":"2021-11-05T13:26:24","guid":{"rendered":"https:\/\/radioljubuski.ba\/?p=85266"},"modified":"2021-11-05T14:26:25","modified_gmt":"2021-11-05T13:26:25","slug":"covid-propusnice-u-srbiji-obavezne-od-20-sati-produzen-skolski-jesenski-raspust","status":"publish","type":"post","link":"https:\/\/radioljubuski.ba\/index.php\/2021\/11\/05\/covid-propusnice-u-srbiji-obavezne-od-20-sati-produzen-skolski-jesenski-raspust\/","title":{"rendered":"Covid propusnice u Srbiji obavezne od 20 sati, produ\u017een \u0161kolski jesenski raspust"},"content":{"rendered":"\n<p>Na sjednici srbijanskog Kriznog sto\u017eera odr\u017eanoj u odlu\u010deno je da se jesenski \u0161kolski raspust u Srbiji produ\u017ei, a da covid propusnice budu obavezne od 20 sati u ugostiteljskim objektima, kockarnicama i kladionicama.<\/p>\n\n\n\n<p>Jesenski \u0161kolski raspust, prema odluci Kriznog sto\u017eera, trajat \u0107e od 6. do 14. studenoga, a druga odluka odnosi se na produ\u017eenje vremenske valjanosti covid propusnica i njihovo pro\u0161irenje, pa \u0107e one sada biti potrebne od 20 sati u svim ugostiteljskim objektima koji \u0107e mo\u0107i raditi 24 sata, ali i u kockarnicama i kladionicama, kazala je ministrica Darija Kisi\u0107 Tepav\u010devi\u0107 u svom obra\u0107anju novinarima.<\/p>\n\n\n\n<p>Na sjednici Kriznog sto\u017eera osim o mjerama, raspravljalo se i o rezultatima cijepljenja i analizirala se epidemiolo\u0161ke situacija.<\/p>\n\n\n\n<p>&#8211; Epidemiolo\u0161ka situacija u ovom trenutku prili\u010dno je nepovoljna. Posljednjih tjedana bilje\u017eimo pad u\u010destalosti obolijevanja, me\u0111utim brojke su i dalje iznimno velike. Ono \u0161to je jako bitno je da izme\u0111u 50 i 60 na\u0161ih sugra\u0111ana izgubi bitku s ovom bolesti &#8211; kazala je Kisi\u0107 Tepav\u010devi\u0107.<\/p>\n\n\n\n<p>Ministrica je priop\u0107ila da je vi\u0161e od tri milijuna gra\u0111ana dobilo makar jednu dozu cjepiva, \u0161to je po njezinim rije\u010dima, veliki uspeh ali nije dovoljno.<\/p>\n\n\n\n<p>Ona je iznijela podatak da je 56 posto punoljetnih gra\u0111ana Srbije cijepljeno, ali da je u uzrastu od 18 do 30 godina to samo svaki \u010detvrti, te je apelirala na sve mlade ljude da pomognu u borbi s epidemijom tako \u0161to \u0107e primiti cjepivo.<\/p>\n\n\n\n<p>&#8211; Pokazalo se nakon milijuna primljenih doza da su ova cjepiva sigurna i prakti\u010dno nismo imali ozbiljne ne\u017eeljene efekte koji bi zahtijevali hospitalizaciju, prakti\u010dno su sve bile lokalne reakcije uobi\u010dajene za sva cjepiva &#8211; kazala je ministrica.<\/p>\n\n\n\n<p>Naglasila je da je uvo\u0111enje covid propusnica na ona mjesta gdje je velika vjerojatnost preno\u0161enja virusa i gdje se po pravilu okupljaju mla\u0111e osobe, iako ograni\u010deno, dovelo do zna\u010dajnog efekta na pove\u0107anje u\u010destalosti cijepljenja prvom dozom i da je u skladu s tim odlu\u010deno da se pro\u0161iri vremenski period njenog va\u017eenja za ugostiteljske objekte od 20 sati, s tim \u0161to \u0107e svi ugostiteljski objekti mo\u0107i raditi 24 sata, a ova mjera pro\u0161irena je i na kockarnice.<\/p>\n\n\n\n<p>Izvor:pogled.ba<\/p>\n","protected":false},"excerpt":{"rendered":"<p>Na sjednici srbijanskog Kriznog sto\u017eera odr\u017eanoj u odlu\u010deno je da se jesenski \u0161kolski raspust u Srbiji produ\u017ei, a da covid propusnice budu obavezne od 20 sati u ugostiteljskim objektima, kockarnicama i kladionicama. Jesenski \u0161kolski raspust, prema odluci Kriznog sto\u017eera, trajat \u0107e od 6. do 14. studenoga, a druga odluka odnosi se na produ\u017eenje vremenske valjanosti [&hellip;]<\/p>\n","protected":false},"author":2,"featured_media":0,"comment_status":"closed","ping_status":"closed","sticky":false,"template":"","format":"standard","meta":{"h5ap_radio_sources":[],"footnotes":""},"categories":[1],"tags":[],"class_list":["post-85266","post","type-post","status-publish","format-standard","hentry","category-bihiregija"],"yoast_head":"<!-- This site is optimized with the Yoast SEO plugin v27.4 - https:\/\/yoast.com\/product\/yoast-seo-wordpress\/ -->\n<title>Covid propusnice u Srbiji obavezne od 20 sati, produ\u017een \u0161kolski jesenski raspust - RADIO LJUBU\u0160KI<\/title>\n<meta name=\"robots\" content=\"index, follow, max-snippet:-1, max-image-preview:large, max-video-preview:-1\" \/>\n<link rel=\"canonical\" href=\"https:\/\/radioljubuski.ba\/index.php\/2021\/11\/05\/covid-propusnice-u-srbiji-obavezne-od-20-sati-produzen-skolski-jesenski-raspust\/\" \/>\n<meta property=\"og:locale\" content=\"hr_HR\" \/>\n<meta property=\"og:type\" content=\"article\" \/>\n<meta property=\"og:title\" content=\"Covid propusnice u Srbiji obavezne od 20 sati, produ\u017een \u0161kolski jesenski raspust - RADIO LJUBU\u0160KI\" \/>\n<meta property=\"og:description\" content=\"Na sjednici srbijanskog Kriznog sto\u017eera odr\u017eanoj u odlu\u010deno je da se jesenski \u0161kolski raspust u Srbiji produ\u017ei, a da covid propusnice budu obavezne od 20 sati u ugostiteljskim objektima, kockarnicama i kladionicama. Jesenski \u0161kolski raspust, prema odluci Kriznog sto\u017eera, trajat \u0107e od 6. do 14. studenoga, a druga odluka odnosi se na produ\u017eenje vremenske valjanosti [&hellip;]\" \/>\n<meta property=\"og:url\" content=\"https:\/\/radioljubuski.ba\/index.php\/2021\/11\/05\/covid-propusnice-u-srbiji-obavezne-od-20-sati-produzen-skolski-jesenski-raspust\/\" \/>\n<meta property=\"og:site_name\" content=\"RADIO LJUBU\u0160KI\" \/>\n<meta property=\"article:publisher\" content=\"https:\/\/www.facebook.com\/Radiio-Ljubuski-1490835324566332\" \/>\n<meta property=\"article:published_time\" content=\"2021-11-05T13:26:24+00:00\" \/>\n<meta property=\"article:modified_time\" content=\"2021-11-05T13:26:25+00:00\" \/>\n<meta property=\"og:image\" content=\"https:\/\/radioljubuski.ba\/wp-content\/uploads\/2021\/11\/8-2021-09-11-18-08-53-SRBIJA-NOI-SAD-1.jpg\" \/>\n\t<meta property=\"og:image:width\" content=\"1000\" \/>\n\t<meta property=\"og:image:height\" content=\"625\" \/>\n\t<meta property=\"og:image:type\" content=\"image\/jpeg\" \/>\n<meta name=\"author\" content=\"Radio Ljubu\u0161ki\" \/>\n<meta name=\"twitter:card\" content=\"summary_large_image\" \/>\n<meta name=\"twitter:creator\" content=\"@radioljubuski\" \/>\n<meta name=\"twitter:site\" content=\"@radioljubuski\" \/>\n<meta name=\"twitter:label1\" content=\"Napisao\/la\" \/>\n\t<meta name=\"twitter:data1\" content=\"Radio Ljubu\u0161ki\" \/>\n\t<meta name=\"twitter:label2\" content=\"Procijenjeno vrijeme \u010ditanja\" \/>\n\t<meta name=\"twitter:data2\" content=\"2 minute\" \/>\n<script type=\"application\/ld+json\" class=\"yoast-schema-graph\">{\"@context\":\"https:\\\/\\\/schema.org\",\"@graph\":[{\"@type\":\"Article\",\"@id\":\"https:\\\/\\\/radioljubuski.ba\\\/index.php\\\/2021\\\/11\\\/05\\\/covid-propusnice-u-srbiji-obavezne-od-20-sati-produzen-skolski-jesenski-raspust\\\/#article\",\"isPartOf\":{\"@id\":\"https:\\\/\\\/radioljubuski.ba\\\/index.php\\\/2021\\\/11\\\/05\\\/covid-propusnice-u-srbiji-obavezne-od-20-sati-produzen-skolski-jesenski-raspust\\\/\"},\"author\":{\"name\":\"Radio Ljubu\u0161ki\",\"@id\":\"https:\\\/\\\/radioljubuski.ba\\\/#\\\/schema\\\/person\\\/19fc700381a780f69665d7956c469e3b\"},\"headline\":\"Covid propusnice u Srbiji obavezne od 20 sati, produ\u017een \u0161kolski jesenski raspust\",\"datePublished\":\"2021-11-05T13:26:24+00:00\",\"dateModified\":\"2021-11-05T13:26:25+00:00\",\"mainEntityOfPage\":{\"@id\":\"https:\\\/\\\/radioljubuski.ba\\\/index.php\\\/2021\\\/11\\\/05\\\/covid-propusnice-u-srbiji-obavezne-od-20-sati-produzen-skolski-jesenski-raspust\\\/\"},\"wordCount\":385,\"publisher\":{\"@id\":\"https:\\\/\\\/radioljubuski.ba\\\/#organization\"},\"articleSection\":[\"BIH i regija\"],\"inLanguage\":\"hr\"},{\"@type\":\"WebPage\",\"@id\":\"https:\\\/\\\/radioljubuski.ba\\\/index.php\\\/2021\\\/11\\\/05\\\/covid-propusnice-u-srbiji-obavezne-od-20-sati-produzen-skolski-jesenski-raspust\\\/\",\"url\":\"https:\\\/\\\/radioljubuski.ba\\\/index.php\\\/2021\\\/11\\\/05\\\/covid-propusnice-u-srbiji-obavezne-od-20-sati-produzen-skolski-jesenski-raspust\\\/\",\"name\":\"Covid propusnice u Srbiji obavezne od 20 sati, produ\u017een \u0161kolski jesenski raspust - RADIO LJUBU\u0160KI\",\"isPartOf\":{\"@id\":\"https:\\\/\\\/radioljubuski.ba\\\/#website\"},\"datePublished\":\"2021-11-05T13:26:24+00:00\",\"dateModified\":\"2021-11-05T13:26:25+00:00\",\"breadcrumb\":{\"@id\":\"https:\\\/\\\/radioljubuski.ba\\\/index.php\\\/2021\\\/11\\\/05\\\/covid-propusnice-u-srbiji-obavezne-od-20-sati-produzen-skolski-jesenski-raspust\\\/#breadcrumb\"},\"inLanguage\":\"hr\",\"potentialAction\":[{\"@type\":\"ReadAction\",\"target\":[\"https:\\\/\\\/radioljubuski.ba\\\/index.php\\\/2021\\\/11\\\/05\\\/covid-propusnice-u-srbiji-obavezne-od-20-sati-produzen-skolski-jesenski-raspust\\\/\"]}]},{\"@type\":\"BreadcrumbList\",\"@id\":\"https:\\\/\\\/radioljubuski.ba\\\/index.php\\\/2021\\\/11\\\/05\\\/covid-propusnice-u-srbiji-obavezne-od-20-sati-produzen-skolski-jesenski-raspust\\\/#breadcrumb\",\"itemListElement\":[{\"@type\":\"ListItem\",\"position\":1,\"name\":\"Po\u010detna stranica\",\"item\":\"https:\\\/\\\/radioljubuski.ba\\\/\"},{\"@type\":\"ListItem\",\"position\":2,\"name\":\"Covid propusnice u Srbiji obavezne od 20 sati, produ\u017een \u0161kolski jesenski raspust\"}]},{\"@type\":\"WebSite\",\"@id\":\"https:\\\/\\\/radioljubuski.ba\\\/#website\",\"url\":\"https:\\\/\\\/radioljubuski.ba\\\/\",\"name\":\"Radio Ljubu\u0161ki\",\"description\":\"Sun\u010dana frekvencija Hercegovine\",\"publisher\":{\"@id\":\"https:\\\/\\\/radioljubuski.ba\\\/#organization\"},\"potentialAction\":[{\"@type\":\"SearchAction\",\"target\":{\"@type\":\"EntryPoint\",\"urlTemplate\":\"https:\\\/\\\/radioljubuski.ba\\\/?s={search_term_string}\"},\"query-input\":{\"@type\":\"PropertyValueSpecification\",\"valueRequired\":true,\"valueName\":\"search_term_string\"}}],\"inLanguage\":\"hr\"},{\"@type\":\"Organization\",\"@id\":\"https:\\\/\\\/radioljubuski.ba\\\/#organization\",\"name\":\"Radio Ljubu\u0161ki\",\"url\":\"https:\\\/\\\/radioljubuski.ba\\\/\",\"logo\":{\"@type\":\"ImageObject\",\"inLanguage\":\"hr\",\"@id\":\"https:\\\/\\\/radioljubuski.ba\\\/#\\\/schema\\\/logo\\\/image\\\/\",\"url\":\"https:\\\/\\\/radioljubuski.ba\\\/wp-content\\\/uploads\\\/2021\\\/02\\\/cropped-Radio_Ljubuski_logo1.jpg\",\"contentUrl\":\"https:\\\/\\\/radioljubuski.ba\\\/wp-content\\\/uploads\\\/2021\\\/02\\\/cropped-Radio_Ljubuski_logo1.jpg\",\"width\":512,\"height\":512,\"caption\":\"Radio Ljubu\u0161ki\"},\"image\":{\"@id\":\"https:\\\/\\\/radioljubuski.ba\\\/#\\\/schema\\\/logo\\\/image\\\/\"},\"sameAs\":[\"https:\\\/\\\/www.facebook.com\\\/Radiio-Ljubuski-1490835324566332\",\"https:\\\/\\\/x.com\\\/radioljubuski\",\"https:\\\/\\\/hr.linkedin.com\\\/company\\\/radio-ljubuski\",\"https:\\\/\\\/www.youtube.com\\\/channel\\\/UCHYaeO_n0Db3tjNGudGpXyw\"]},{\"@type\":\"Person\",\"@id\":\"https:\\\/\\\/radioljubuski.ba\\\/#\\\/schema\\\/person\\\/19fc700381a780f69665d7956c469e3b\",\"name\":\"Radio Ljubu\u0161ki\"}]}<\/script>\n<!-- \/ Yoast SEO plugin. -->","yoast_head_json":{"title":"Covid propusnice u Srbiji obavezne od 20 sati, produ\u017een \u0161kolski jesenski raspust - RADIO LJUBU\u0160KI","robots":{"index":"index","follow":"follow","max-snippet":"max-snippet:-1","max-image-preview":"max-image-preview:large","max-video-preview":"max-video-preview:-1"},"canonical":"https:\/\/radioljubuski.ba\/index.php\/2021\/11\/05\/covid-propusnice-u-srbiji-obavezne-od-20-sati-produzen-skolski-jesenski-raspust\/","og_locale":"hr_HR","og_type":"article","og_title":"Covid propusnice u Srbiji obavezne od 20 sati, produ\u017een \u0161kolski jesenski raspust - RADIO LJUBU\u0160KI","og_description":"Na sjednici srbijanskog Kriznog sto\u017eera odr\u017eanoj u odlu\u010deno je da se jesenski \u0161kolski raspust u Srbiji produ\u017ei, a da covid propusnice budu obavezne od 20 sati u ugostiteljskim objektima, kockarnicama i kladionicama. Jesenski \u0161kolski raspust, prema odluci Kriznog sto\u017eera, trajat \u0107e od 6. do 14. studenoga, a druga odluka odnosi se na produ\u017eenje vremenske valjanosti [&hellip;]","og_url":"https:\/\/radioljubuski.ba\/index.php\/2021\/11\/05\/covid-propusnice-u-srbiji-obavezne-od-20-sati-produzen-skolski-jesenski-raspust\/","og_site_name":"RADIO LJUBU\u0160KI","article_publisher":"https:\/\/www.facebook.com\/Radiio-Ljubuski-1490835324566332","article_published_time":"2021-11-05T13:26:24+00:00","article_modified_time":"2021-11-05T13:26:25+00:00","og_image":[{"width":1000,"height":625,"url":"https:\/\/radioljubuski.ba\/wp-content\/uploads\/2021\/11\/8-2021-09-11-18-08-53-SRBIJA-NOI-SAD-1.jpg","type":"image\/jpeg"}],"author":"Radio Ljubu\u0161ki","twitter_card":"summary_large_image","twitter_creator":"@radioljubuski","twitter_site":"@radioljubuski","twitter_misc":{"Napisao\/la":"Radio Ljubu\u0161ki","Procijenjeno vrijeme \u010ditanja":"2 minute"},"schema":{"@context":"https:\/\/schema.org","@graph":[{"@type":"Article","@id":"https:\/\/radioljubuski.ba\/index.php\/2021\/11\/05\/covid-propusnice-u-srbiji-obavezne-od-20-sati-produzen-skolski-jesenski-raspust\/#article","isPartOf":{"@id":"https:\/\/radioljubuski.ba\/index.php\/2021\/11\/05\/covid-propusnice-u-srbiji-obavezne-od-20-sati-produzen-skolski-jesenski-raspust\/"},"author":{"name":"Radio Ljubu\u0161ki","@id":"https:\/\/radioljubuski.ba\/#\/schema\/person\/19fc700381a780f69665d7956c469e3b"},"headline":"Covid propusnice u Srbiji obavezne od 20 sati, produ\u017een \u0161kolski jesenski raspust","datePublished":"2021-11-05T13:26:24+00:00","dateModified":"2021-11-05T13:26:25+00:00","mainEntityOfPage":{"@id":"https:\/\/radioljubuski.ba\/index.php\/2021\/11\/05\/covid-propusnice-u-srbiji-obavezne-od-20-sati-produzen-skolski-jesenski-raspust\/"},"wordCount":385,"publisher":{"@id":"https:\/\/radioljubuski.ba\/#organization"},"articleSection":["BIH i regija"],"inLanguage":"hr"},{"@type":"WebPage","@id":"https:\/\/radioljubuski.ba\/index.php\/2021\/11\/05\/covid-propusnice-u-srbiji-obavezne-od-20-sati-produzen-skolski-jesenski-raspust\/","url":"https:\/\/radioljubuski.ba\/index.php\/2021\/11\/05\/covid-propusnice-u-srbiji-obavezne-od-20-sati-produzen-skolski-jesenski-raspust\/","name":"Covid propusnice u Srbiji obavezne od 20 sati, produ\u017een \u0161kolski jesenski raspust - RADIO LJUBU\u0160KI","isPartOf":{"@id":"https:\/\/radioljubuski.ba\/#website"},"datePublished":"2021-11-05T13:26:24+00:00","dateModified":"2021-11-05T13:26:25+00:00","breadcrumb":{"@id":"https:\/\/radioljubuski.ba\/index.php\/2021\/11\/05\/covid-propusnice-u-srbiji-obavezne-od-20-sati-produzen-skolski-jesenski-raspust\/#breadcrumb"},"inLanguage":"hr","potentialAction":[{"@type":"ReadAction","target":["https:\/\/radioljubuski.ba\/index.php\/2021\/11\/05\/covid-propusnice-u-srbiji-obavezne-od-20-sati-produzen-skolski-jesenski-raspust\/"]}]},{"@type":"BreadcrumbList","@id":"https:\/\/radioljubuski.ba\/index.php\/2021\/11\/05\/covid-propusnice-u-srbiji-obavezne-od-20-sati-produzen-skolski-jesenski-raspust\/#breadcrumb","itemListElement":[{"@type":"ListItem","position":1,"name":"Po\u010detna stranica","item":"https:\/\/radioljubuski.ba\/"},{"@type":"ListItem","position":2,"name":"Covid propusnice u Srbiji obavezne od 20 sati, produ\u017een \u0161kolski jesenski raspust"}]},{"@type":"WebSite","@id":"https:\/\/radioljubuski.ba\/#website","url":"https:\/\/radioljubuski.ba\/","name":"Radio Ljubu\u0161ki","description":"Sun\u010dana frekvencija Hercegovine","publisher":{"@id":"https:\/\/radioljubuski.ba\/#organization"},"potentialAction":[{"@type":"SearchAction","target":{"@type":"EntryPoint","urlTemplate":"https:\/\/radioljubuski.ba\/?s={search_term_string}"},"query-input":{"@type":"PropertyValueSpecification","valueRequired":true,"valueName":"search_term_string"}}],"inLanguage":"hr"},{"@type":"Organization","@id":"https:\/\/radioljubuski.ba\/#organization","name":"Radio Ljubu\u0161ki","url":"https:\/\/radioljubuski.ba\/","logo":{"@type":"ImageObject","inLanguage":"hr","@id":"https:\/\/radioljubuski.ba\/#\/schema\/logo\/image\/","url":"https:\/\/radioljubuski.ba\/wp-content\/uploads\/2021\/02\/cropped-Radio_Ljubuski_logo1.jpg","contentUrl":"https:\/\/radioljubuski.ba\/wp-content\/uploads\/2021\/02\/cropped-Radio_Ljubuski_logo1.jpg","width":512,"height":512,"caption":"Radio Ljubu\u0161ki"},"image":{"@id":"https:\/\/radioljubuski.ba\/#\/schema\/logo\/image\/"},"sameAs":["https:\/\/www.facebook.com\/Radiio-Ljubuski-1490835324566332","https:\/\/x.com\/radioljubuski","https:\/\/hr.linkedin.com\/company\/radio-ljubuski","https:\/\/www.youtube.com\/channel\/UCHYaeO_n0Db3tjNGudGpXyw"]},{"@type":"Person","@id":"https:\/\/radioljubuski.ba\/#\/schema\/person\/19fc700381a780f69665d7956c469e3b","name":"Radio Ljubu\u0161ki"}]}},"_links":{"self":[{"href":"https:\/\/radioljubuski.ba\/index.php\/wp-json\/wp\/v2\/posts\/85266","targetHints":{"allow":["GET"]}}],"collection":[{"href":"https:\/\/radioljubuski.ba\/index.php\/wp-json\/wp\/v2\/posts"}],"about":[{"href":"https:\/\/radioljubuski.ba\/index.php\/wp-json\/wp\/v2\/types\/post"}],"author":[{"embeddable":true,"href":"https:\/\/radioljubuski.ba\/index.php\/wp-json\/wp\/v2\/users\/2"}],"replies":[{"embeddable":true,"href":"https:\/\/radioljubuski.ba\/index.php\/wp-json\/wp\/v2\/comments?post=85266"}],"version-history":[{"count":1,"href":"https:\/\/radioljubuski.ba\/index.php\/wp-json\/wp\/v2\/posts\/85266\/revisions"}],"predecessor-version":[{"id":85268,"href":"https:\/\/radioljubuski.ba\/index.php\/wp-json\/wp\/v2\/posts\/85266\/revisions\/85268"}],"wp:attachment":[{"href":"https:\/\/radioljubuski.ba\/index.php\/wp-json\/wp\/v2\/media?parent=85266"}],"wp:term":[{"taxonomy":"category","embeddable":true,"href":"https:\/\/radioljubuski.ba\/index.php\/wp-json\/wp\/v2\/categories?post=85266"},{"taxonomy":"post_tag","embeddable":true,"href":"https:\/\/radioljubuski.ba\/index.php\/wp-json\/wp\/v2\/tags?post=85266"}],"curies":[{"name":"wp","href":"https:\/\/api.w.org\/{rel}","templated":true}]}}