{"id":85280,"date":"2021-11-05T14:33:57","date_gmt":"2021-11-05T13:33:57","guid":{"rendered":"https:\/\/radioljubuski.ba\/?p=85280"},"modified":"2021-11-05T14:33:58","modified_gmt":"2021-11-05T13:33:58","slug":"matthew-mcconaughey-ce-se-kandidirati-za-guvernera","status":"publish","type":"post","link":"https:\/\/radioljubuski.ba\/index.php\/2021\/11\/05\/matthew-mcconaughey-ce-se-kandidirati-za-guvernera\/","title":{"rendered":"Matthew McConaughey \u0107e se kandidirati za guvernera?"},"content":{"rendered":"\n<p>Filmska zvijezda Matthew McConaughey jo\u0161 od prolje\u0107a javno govori da bi se, kao neovisni kandidat mogao natjecati za guvernera Teksasa, ali nikako da se o tomu kategori\u010dki izjasni.<\/p>\n\n\n\n<p>&#8211; Gledajte, to se ozbiljno razmatra. Mogu\u0107e je!, kazao je McConaughey (52) u intervjuu za AFP putem Zooma.<\/p>\n\n\n\n<p>McConaughey je ro\u0111eni Teksa\u0161anin, \u017eivi u dr\u017eavnome glavnom gradu Austinu i ondje je vrlo popularan.<\/p>\n\n\n\n<p>&#8211; Ja sam agresivni centrist. Ne zato jer je to siva zona i mjesto kompromisa. Mislim da takav potez danas zahtijeva odva\u017enost, to je zona otpadnika, rekao je.<\/p>\n\n\n\n<p>McConaugheyjeve politi\u010dke ambicije izazvale su pomutnju u liberalnim krugovima, posebno me\u0111u onima koji su ogor\u010deni na konzervativnog teksa\u0161kog guvernera Grega Abbotta zbog najrestriktivnijeg zakona o poba\u010daju u Sjedinjenim Dr\u017eavama.<\/p>\n\n\n\n<p>Po nedavnoj anketi teksa\u0161kog sveu\u010dili\u0161ta, oskarovac McConaughey bi u utrci protiv Abbotta pro\u0161ao mnogo bolje nego potencijalni demokratski izaziva\u010d Beto O&#8217;Rourke.<\/p>\n\n\n\n<p>No ne \u010dini se da je McConaughey, koji je odrastao u religioznoj obitelji u gradi\u0107u u ruralnom Teksasu, posebno odu\u0161evljen ni demokratima ni republikancima.<\/p>\n\n\n\n<p>&#8211; Svaka stranka za sebe tvrdi da je ba\u0161 ona utjelovljenje demokracije, ali su\u0161tinski \u010desto ne govori ni\u0161ta, ka\u017ee glumac. dodaju\u0107i: &#8220;Ponekad morate i\u0107i lijevo, ponekad desno. Ima ljudi na takozvanoj ljevici i na takozvanoj desnici koji su u odre\u0111enom trenutku bolji za odre\u0111eni posao&#8221;.<\/p>\n\n\n\n<p>\u017deli li se natjecati za najvi\u0161i polo\u017eaj u Teksasu, McConaughey \u0107e odluku morati donijeti do 13. prosinca kad istje\u010de rok za predaju prijave.<\/p>\n\n\n\n<p>U me\u0111uvremenu on i dalje glumi i vodi svoju zakladu za pomo\u0107 srednjo\u0161kolcima, a njegova odluka na kraju \u0107e se svesti na pitanje gdje mo\u017ee biti najkorisniji.<\/p>\n\n\n\n<p>&#8211; Ne bojim se rizika, ali moram sebi doista postaviti to pitanje i sam na njega odgovoriti, poru\u010dio je.<\/p>\n\n\n\n<p>Izvor:pogled.ba<\/p>\n","protected":false},"excerpt":{"rendered":"<p>Filmska zvijezda Matthew McConaughey jo\u0161 od prolje\u0107a javno govori da bi se, kao neovisni kandidat mogao natjecati za guvernera Teksasa, ali nikako da se o tomu kategori\u010dki izjasni. &#8211; Gledajte, to se ozbiljno razmatra. Mogu\u0107e je!, kazao je McConaughey (52) u intervjuu za AFP putem Zooma. McConaughey je ro\u0111eni Teksa\u0161anin, \u017eivi u dr\u017eavnome glavnom gradu [&hellip;]<\/p>\n","protected":false},"author":2,"featured_media":85281,"comment_status":"closed","ping_status":"closed","sticky":false,"template":"","format":"standard","meta":{"h5ap_radio_sources":[],"footnotes":""},"categories":[1],"tags":[],"class_list":["post-85280","post","type-post","status-publish","format-standard","has-post-thumbnail","hentry","category-bihiregija"],"yoast_head":"<!-- This site is optimized with the Yoast SEO plugin v27.5 - https:\/\/yoast.com\/product\/yoast-seo-wordpress\/ -->\n<title>Matthew McConaughey \u0107e se kandidirati za guvernera? - RADIO LJUBU\u0160KI<\/title>\n<meta name=\"robots\" content=\"index, follow, max-snippet:-1, max-image-preview:large, max-video-preview:-1\" \/>\n<link rel=\"canonical\" href=\"https:\/\/radioljubuski.ba\/index.php\/2021\/11\/05\/matthew-mcconaughey-ce-se-kandidirati-za-guvernera\/\" \/>\n<meta property=\"og:locale\" content=\"hr_HR\" \/>\n<meta property=\"og:type\" content=\"article\" \/>\n<meta property=\"og:title\" content=\"Matthew McConaughey \u0107e se kandidirati za guvernera? - RADIO LJUBU\u0160KI\" \/>\n<meta property=\"og:description\" content=\"Filmska zvijezda Matthew McConaughey jo\u0161 od prolje\u0107a javno govori da bi se, kao neovisni kandidat mogao natjecati za guvernera Teksasa, ali nikako da se o tomu kategori\u010dki izjasni. &#8211; Gledajte, to se ozbiljno razmatra. Mogu\u0107e je!, kazao je McConaughey (52) u intervjuu za AFP putem Zooma. McConaughey je ro\u0111eni Teksa\u0161anin, \u017eivi u dr\u017eavnome glavnom gradu [&hellip;]\" \/>\n<meta property=\"og:url\" content=\"https:\/\/radioljubuski.ba\/index.php\/2021\/11\/05\/matthew-mcconaughey-ce-se-kandidirati-za-guvernera\/\" \/>\n<meta property=\"og:site_name\" content=\"RADIO LJUBU\u0160KI\" \/>\n<meta property=\"article:publisher\" content=\"https:\/\/www.facebook.com\/Radiio-Ljubuski-1490835324566332\" \/>\n<meta property=\"article:published_time\" content=\"2021-11-05T13:33:57+00:00\" \/>\n<meta property=\"article:modified_time\" content=\"2021-11-05T13:33:58+00:00\" \/>\n<meta property=\"og:image\" content=\"https:\/\/radioljubuski.ba\/wp-content\/uploads\/2021\/11\/2-2021-11-05-08-15-05-McConaughey.jpg\" \/>\n\t<meta property=\"og:image:width\" content=\"1000\" \/>\n\t<meta property=\"og:image:height\" content=\"625\" \/>\n\t<meta property=\"og:image:type\" content=\"image\/jpeg\" \/>\n<meta name=\"author\" content=\"Radio Ljubu\u0161ki\" \/>\n<meta name=\"twitter:card\" content=\"summary_large_image\" \/>\n<meta name=\"twitter:creator\" content=\"@radioljubuski\" \/>\n<meta name=\"twitter:site\" content=\"@radioljubuski\" \/>\n<meta name=\"twitter:label1\" content=\"Napisao\/la\" \/>\n\t<meta name=\"twitter:data1\" content=\"Radio Ljubu\u0161ki\" \/>\n\t<meta name=\"twitter:label2\" content=\"Procijenjeno vrijeme \u010ditanja\" \/>\n\t<meta name=\"twitter:data2\" content=\"2 minute\" \/>\n<script type=\"application\/ld+json\" class=\"yoast-schema-graph\">{\"@context\":\"https:\\\/\\\/schema.org\",\"@graph\":[{\"@type\":\"Article\",\"@id\":\"https:\\\/\\\/radioljubuski.ba\\\/index.php\\\/2021\\\/11\\\/05\\\/matthew-mcconaughey-ce-se-kandidirati-za-guvernera\\\/#article\",\"isPartOf\":{\"@id\":\"https:\\\/\\\/radioljubuski.ba\\\/index.php\\\/2021\\\/11\\\/05\\\/matthew-mcconaughey-ce-se-kandidirati-za-guvernera\\\/\"},\"author\":{\"name\":\"Radio Ljubu\u0161ki\",\"@id\":\"https:\\\/\\\/radioljubuski.ba\\\/#\\\/schema\\\/person\\\/19fc700381a780f69665d7956c469e3b\"},\"headline\":\"Matthew McConaughey \u0107e se kandidirati za guvernera?\",\"datePublished\":\"2021-11-05T13:33:57+00:00\",\"dateModified\":\"2021-11-05T13:33:58+00:00\",\"mainEntityOfPage\":{\"@id\":\"https:\\\/\\\/radioljubuski.ba\\\/index.php\\\/2021\\\/11\\\/05\\\/matthew-mcconaughey-ce-se-kandidirati-za-guvernera\\\/\"},\"wordCount\":319,\"publisher\":{\"@id\":\"https:\\\/\\\/radioljubuski.ba\\\/#organization\"},\"image\":{\"@id\":\"https:\\\/\\\/radioljubuski.ba\\\/index.php\\\/2021\\\/11\\\/05\\\/matthew-mcconaughey-ce-se-kandidirati-za-guvernera\\\/#primaryimage\"},\"thumbnailUrl\":\"https:\\\/\\\/radioljubuski.ba\\\/wp-content\\\/uploads\\\/2021\\\/11\\\/2-2021-11-05-08-15-05-McConaughey.jpg\",\"articleSection\":[\"BIH i regija\"],\"inLanguage\":\"hr\"},{\"@type\":\"WebPage\",\"@id\":\"https:\\\/\\\/radioljubuski.ba\\\/index.php\\\/2021\\\/11\\\/05\\\/matthew-mcconaughey-ce-se-kandidirati-za-guvernera\\\/\",\"url\":\"https:\\\/\\\/radioljubuski.ba\\\/index.php\\\/2021\\\/11\\\/05\\\/matthew-mcconaughey-ce-se-kandidirati-za-guvernera\\\/\",\"name\":\"Matthew McConaughey \u0107e se kandidirati za guvernera? - RADIO LJUBU\u0160KI\",\"isPartOf\":{\"@id\":\"https:\\\/\\\/radioljubuski.ba\\\/#website\"},\"primaryImageOfPage\":{\"@id\":\"https:\\\/\\\/radioljubuski.ba\\\/index.php\\\/2021\\\/11\\\/05\\\/matthew-mcconaughey-ce-se-kandidirati-za-guvernera\\\/#primaryimage\"},\"image\":{\"@id\":\"https:\\\/\\\/radioljubuski.ba\\\/index.php\\\/2021\\\/11\\\/05\\\/matthew-mcconaughey-ce-se-kandidirati-za-guvernera\\\/#primaryimage\"},\"thumbnailUrl\":\"https:\\\/\\\/radioljubuski.ba\\\/wp-content\\\/uploads\\\/2021\\\/11\\\/2-2021-11-05-08-15-05-McConaughey.jpg\",\"datePublished\":\"2021-11-05T13:33:57+00:00\",\"dateModified\":\"2021-11-05T13:33:58+00:00\",\"breadcrumb\":{\"@id\":\"https:\\\/\\\/radioljubuski.ba\\\/index.php\\\/2021\\\/11\\\/05\\\/matthew-mcconaughey-ce-se-kandidirati-za-guvernera\\\/#breadcrumb\"},\"inLanguage\":\"hr\",\"potentialAction\":[{\"@type\":\"ReadAction\",\"target\":[\"https:\\\/\\\/radioljubuski.ba\\\/index.php\\\/2021\\\/11\\\/05\\\/matthew-mcconaughey-ce-se-kandidirati-za-guvernera\\\/\"]}]},{\"@type\":\"ImageObject\",\"inLanguage\":\"hr\",\"@id\":\"https:\\\/\\\/radioljubuski.ba\\\/index.php\\\/2021\\\/11\\\/05\\\/matthew-mcconaughey-ce-se-kandidirati-za-guvernera\\\/#primaryimage\",\"url\":\"https:\\\/\\\/radioljubuski.ba\\\/wp-content\\\/uploads\\\/2021\\\/11\\\/2-2021-11-05-08-15-05-McConaughey.jpg\",\"contentUrl\":\"https:\\\/\\\/radioljubuski.ba\\\/wp-content\\\/uploads\\\/2021\\\/11\\\/2-2021-11-05-08-15-05-McConaughey.jpg\",\"width\":1000,\"height\":625},{\"@type\":\"BreadcrumbList\",\"@id\":\"https:\\\/\\\/radioljubuski.ba\\\/index.php\\\/2021\\\/11\\\/05\\\/matthew-mcconaughey-ce-se-kandidirati-za-guvernera\\\/#breadcrumb\",\"itemListElement\":[{\"@type\":\"ListItem\",\"position\":1,\"name\":\"Po\u010detna stranica\",\"item\":\"https:\\\/\\\/radioljubuski.ba\\\/\"},{\"@type\":\"ListItem\",\"position\":2,\"name\":\"Matthew McConaughey \u0107e se kandidirati za guvernera?\"}]},{\"@type\":\"WebSite\",\"@id\":\"https:\\\/\\\/radioljubuski.ba\\\/#website\",\"url\":\"https:\\\/\\\/radioljubuski.ba\\\/\",\"name\":\"Radio Ljubu\u0161ki\",\"description\":\"Sun\u010dana frekvencija Hercegovine\",\"publisher\":{\"@id\":\"https:\\\/\\\/radioljubuski.ba\\\/#organization\"},\"potentialAction\":[{\"@type\":\"SearchAction\",\"target\":{\"@type\":\"EntryPoint\",\"urlTemplate\":\"https:\\\/\\\/radioljubuski.ba\\\/?s={search_term_string}\"},\"query-input\":{\"@type\":\"PropertyValueSpecification\",\"valueRequired\":true,\"valueName\":\"search_term_string\"}}],\"inLanguage\":\"hr\"},{\"@type\":\"Organization\",\"@id\":\"https:\\\/\\\/radioljubuski.ba\\\/#organization\",\"name\":\"Radio Ljubu\u0161ki\",\"url\":\"https:\\\/\\\/radioljubuski.ba\\\/\",\"logo\":{\"@type\":\"ImageObject\",\"inLanguage\":\"hr\",\"@id\":\"https:\\\/\\\/radioljubuski.ba\\\/#\\\/schema\\\/logo\\\/image\\\/\",\"url\":\"https:\\\/\\\/radioljubuski.ba\\\/wp-content\\\/uploads\\\/2021\\\/02\\\/cropped-Radio_Ljubuski_logo1.jpg\",\"contentUrl\":\"https:\\\/\\\/radioljubuski.ba\\\/wp-content\\\/uploads\\\/2021\\\/02\\\/cropped-Radio_Ljubuski_logo1.jpg\",\"width\":512,\"height\":512,\"caption\":\"Radio Ljubu\u0161ki\"},\"image\":{\"@id\":\"https:\\\/\\\/radioljubuski.ba\\\/#\\\/schema\\\/logo\\\/image\\\/\"},\"sameAs\":[\"https:\\\/\\\/www.facebook.com\\\/Radiio-Ljubuski-1490835324566332\",\"https:\\\/\\\/x.com\\\/radioljubuski\",\"https:\\\/\\\/hr.linkedin.com\\\/company\\\/radio-ljubuski\",\"https:\\\/\\\/www.youtube.com\\\/channel\\\/UCHYaeO_n0Db3tjNGudGpXyw\"]},{\"@type\":\"Person\",\"@id\":\"https:\\\/\\\/radioljubuski.ba\\\/#\\\/schema\\\/person\\\/19fc700381a780f69665d7956c469e3b\",\"name\":\"Radio Ljubu\u0161ki\"}]}<\/script>\n<!-- \/ Yoast SEO plugin. -->","yoast_head_json":{"title":"Matthew McConaughey \u0107e se kandidirati za guvernera? - RADIO LJUBU\u0160KI","robots":{"index":"index","follow":"follow","max-snippet":"max-snippet:-1","max-image-preview":"max-image-preview:large","max-video-preview":"max-video-preview:-1"},"canonical":"https:\/\/radioljubuski.ba\/index.php\/2021\/11\/05\/matthew-mcconaughey-ce-se-kandidirati-za-guvernera\/","og_locale":"hr_HR","og_type":"article","og_title":"Matthew McConaughey \u0107e se kandidirati za guvernera? - RADIO LJUBU\u0160KI","og_description":"Filmska zvijezda Matthew McConaughey jo\u0161 od prolje\u0107a javno govori da bi se, kao neovisni kandidat mogao natjecati za guvernera Teksasa, ali nikako da se o tomu kategori\u010dki izjasni. &#8211; Gledajte, to se ozbiljno razmatra. Mogu\u0107e je!, kazao je McConaughey (52) u intervjuu za AFP putem Zooma. McConaughey je ro\u0111eni Teksa\u0161anin, \u017eivi u dr\u017eavnome glavnom gradu [&hellip;]","og_url":"https:\/\/radioljubuski.ba\/index.php\/2021\/11\/05\/matthew-mcconaughey-ce-se-kandidirati-za-guvernera\/","og_site_name":"RADIO LJUBU\u0160KI","article_publisher":"https:\/\/www.facebook.com\/Radiio-Ljubuski-1490835324566332","article_published_time":"2021-11-05T13:33:57+00:00","article_modified_time":"2021-11-05T13:33:58+00:00","og_image":[{"width":1000,"height":625,"url":"https:\/\/radioljubuski.ba\/wp-content\/uploads\/2021\/11\/2-2021-11-05-08-15-05-McConaughey.jpg","type":"image\/jpeg"}],"author":"Radio Ljubu\u0161ki","twitter_card":"summary_large_image","twitter_creator":"@radioljubuski","twitter_site":"@radioljubuski","twitter_misc":{"Napisao\/la":"Radio Ljubu\u0161ki","Procijenjeno vrijeme \u010ditanja":"2 minute"},"schema":{"@context":"https:\/\/schema.org","@graph":[{"@type":"Article","@id":"https:\/\/radioljubuski.ba\/index.php\/2021\/11\/05\/matthew-mcconaughey-ce-se-kandidirati-za-guvernera\/#article","isPartOf":{"@id":"https:\/\/radioljubuski.ba\/index.php\/2021\/11\/05\/matthew-mcconaughey-ce-se-kandidirati-za-guvernera\/"},"author":{"name":"Radio Ljubu\u0161ki","@id":"https:\/\/radioljubuski.ba\/#\/schema\/person\/19fc700381a780f69665d7956c469e3b"},"headline":"Matthew McConaughey \u0107e se kandidirati za guvernera?","datePublished":"2021-11-05T13:33:57+00:00","dateModified":"2021-11-05T13:33:58+00:00","mainEntityOfPage":{"@id":"https:\/\/radioljubuski.ba\/index.php\/2021\/11\/05\/matthew-mcconaughey-ce-se-kandidirati-za-guvernera\/"},"wordCount":319,"publisher":{"@id":"https:\/\/radioljubuski.ba\/#organization"},"image":{"@id":"https:\/\/radioljubuski.ba\/index.php\/2021\/11\/05\/matthew-mcconaughey-ce-se-kandidirati-za-guvernera\/#primaryimage"},"thumbnailUrl":"https:\/\/radioljubuski.ba\/wp-content\/uploads\/2021\/11\/2-2021-11-05-08-15-05-McConaughey.jpg","articleSection":["BIH i regija"],"inLanguage":"hr"},{"@type":"WebPage","@id":"https:\/\/radioljubuski.ba\/index.php\/2021\/11\/05\/matthew-mcconaughey-ce-se-kandidirati-za-guvernera\/","url":"https:\/\/radioljubuski.ba\/index.php\/2021\/11\/05\/matthew-mcconaughey-ce-se-kandidirati-za-guvernera\/","name":"Matthew McConaughey \u0107e se kandidirati za guvernera? - RADIO LJUBU\u0160KI","isPartOf":{"@id":"https:\/\/radioljubuski.ba\/#website"},"primaryImageOfPage":{"@id":"https:\/\/radioljubuski.ba\/index.php\/2021\/11\/05\/matthew-mcconaughey-ce-se-kandidirati-za-guvernera\/#primaryimage"},"image":{"@id":"https:\/\/radioljubuski.ba\/index.php\/2021\/11\/05\/matthew-mcconaughey-ce-se-kandidirati-za-guvernera\/#primaryimage"},"thumbnailUrl":"https:\/\/radioljubuski.ba\/wp-content\/uploads\/2021\/11\/2-2021-11-05-08-15-05-McConaughey.jpg","datePublished":"2021-11-05T13:33:57+00:00","dateModified":"2021-11-05T13:33:58+00:00","breadcrumb":{"@id":"https:\/\/radioljubuski.ba\/index.php\/2021\/11\/05\/matthew-mcconaughey-ce-se-kandidirati-za-guvernera\/#breadcrumb"},"inLanguage":"hr","potentialAction":[{"@type":"ReadAction","target":["https:\/\/radioljubuski.ba\/index.php\/2021\/11\/05\/matthew-mcconaughey-ce-se-kandidirati-za-guvernera\/"]}]},{"@type":"ImageObject","inLanguage":"hr","@id":"https:\/\/radioljubuski.ba\/index.php\/2021\/11\/05\/matthew-mcconaughey-ce-se-kandidirati-za-guvernera\/#primaryimage","url":"https:\/\/radioljubuski.ba\/wp-content\/uploads\/2021\/11\/2-2021-11-05-08-15-05-McConaughey.jpg","contentUrl":"https:\/\/radioljubuski.ba\/wp-content\/uploads\/2021\/11\/2-2021-11-05-08-15-05-McConaughey.jpg","width":1000,"height":625},{"@type":"BreadcrumbList","@id":"https:\/\/radioljubuski.ba\/index.php\/2021\/11\/05\/matthew-mcconaughey-ce-se-kandidirati-za-guvernera\/#breadcrumb","itemListElement":[{"@type":"ListItem","position":1,"name":"Po\u010detna stranica","item":"https:\/\/radioljubuski.ba\/"},{"@type":"ListItem","position":2,"name":"Matthew McConaughey \u0107e se kandidirati za guvernera?"}]},{"@type":"WebSite","@id":"https:\/\/radioljubuski.ba\/#website","url":"https:\/\/radioljubuski.ba\/","name":"Radio Ljubu\u0161ki","description":"Sun\u010dana frekvencija Hercegovine","publisher":{"@id":"https:\/\/radioljubuski.ba\/#organization"},"potentialAction":[{"@type":"SearchAction","target":{"@type":"EntryPoint","urlTemplate":"https:\/\/radioljubuski.ba\/?s={search_term_string}"},"query-input":{"@type":"PropertyValueSpecification","valueRequired":true,"valueName":"search_term_string"}}],"inLanguage":"hr"},{"@type":"Organization","@id":"https:\/\/radioljubuski.ba\/#organization","name":"Radio Ljubu\u0161ki","url":"https:\/\/radioljubuski.ba\/","logo":{"@type":"ImageObject","inLanguage":"hr","@id":"https:\/\/radioljubuski.ba\/#\/schema\/logo\/image\/","url":"https:\/\/radioljubuski.ba\/wp-content\/uploads\/2021\/02\/cropped-Radio_Ljubuski_logo1.jpg","contentUrl":"https:\/\/radioljubuski.ba\/wp-content\/uploads\/2021\/02\/cropped-Radio_Ljubuski_logo1.jpg","width":512,"height":512,"caption":"Radio Ljubu\u0161ki"},"image":{"@id":"https:\/\/radioljubuski.ba\/#\/schema\/logo\/image\/"},"sameAs":["https:\/\/www.facebook.com\/Radiio-Ljubuski-1490835324566332","https:\/\/x.com\/radioljubuski","https:\/\/hr.linkedin.com\/company\/radio-ljubuski","https:\/\/www.youtube.com\/channel\/UCHYaeO_n0Db3tjNGudGpXyw"]},{"@type":"Person","@id":"https:\/\/radioljubuski.ba\/#\/schema\/person\/19fc700381a780f69665d7956c469e3b","name":"Radio Ljubu\u0161ki"}]}},"_links":{"self":[{"href":"https:\/\/radioljubuski.ba\/index.php\/wp-json\/wp\/v2\/posts\/85280","targetHints":{"allow":["GET"]}}],"collection":[{"href":"https:\/\/radioljubuski.ba\/index.php\/wp-json\/wp\/v2\/posts"}],"about":[{"href":"https:\/\/radioljubuski.ba\/index.php\/wp-json\/wp\/v2\/types\/post"}],"author":[{"embeddable":true,"href":"https:\/\/radioljubuski.ba\/index.php\/wp-json\/wp\/v2\/users\/2"}],"replies":[{"embeddable":true,"href":"https:\/\/radioljubuski.ba\/index.php\/wp-json\/wp\/v2\/comments?post=85280"}],"version-history":[{"count":1,"href":"https:\/\/radioljubuski.ba\/index.php\/wp-json\/wp\/v2\/posts\/85280\/revisions"}],"predecessor-version":[{"id":85282,"href":"https:\/\/radioljubuski.ba\/index.php\/wp-json\/wp\/v2\/posts\/85280\/revisions\/85282"}],"wp:featuredmedia":[{"embeddable":true,"href":"https:\/\/radioljubuski.ba\/index.php\/wp-json\/wp\/v2\/media\/85281"}],"wp:attachment":[{"href":"https:\/\/radioljubuski.ba\/index.php\/wp-json\/wp\/v2\/media?parent=85280"}],"wp:term":[{"taxonomy":"category","embeddable":true,"href":"https:\/\/radioljubuski.ba\/index.php\/wp-json\/wp\/v2\/categories?post=85280"},{"taxonomy":"post_tag","embeddable":true,"href":"https:\/\/radioljubuski.ba\/index.php\/wp-json\/wp\/v2\/tags?post=85280"}],"curies":[{"name":"wp","href":"https:\/\/api.w.org\/{rel}","templated":true}]}}