{"id":85303,"date":"2021-11-05T14:45:15","date_gmt":"2021-11-05T13:45:15","guid":{"rendered":"https:\/\/radioljubuski.ba\/?p=85303"},"modified":"2021-11-06T23:55:04","modified_gmt":"2021-11-06T22:55:04","slug":"nakon-40-godina-abba-se-vratila-s-novim-albumom-voyage","status":"publish","type":"post","link":"https:\/\/radioljubuski.ba\/index.php\/2021\/11\/05\/nakon-40-godina-abba-se-vratila-s-novim-albumom-voyage\/","title":{"rendered":"Nakon 40 godina ABBA se vratila s novim albumom Voyage"},"content":{"rendered":"\n<p>\u0160vedska pop senzacija, grupa ABBA u petak je objavila novi album &#8220;Voyage&#8221;, gotovo 40 godina nakon \u0161to su se njezini \u010dlanovi razi\u0161li, a digitalni koncert odr\u017eat \u0107e se u svibnju u Londonu.<\/p>\n\n\n\n<p>Agnetha, Bjorn, Benny i Anni-Frid, \u0161to \u010dini akronim ABBA, jo\u0161 od razlaza 1982. ili godinu dana od njihova zadnjeg albuma \u201cThe Visitors\u201d, nisu objavili nijednu novu pjesmu.<\/p>\n\n\n\n<p>\u201cVoyage\u201d je objavljen na internetskim stranicama grupe u \u010detvrtak u pono\u0107 u raznim vremenskim zonama, na radost dugogodi\u0161njih obo\u017eavatelja iz cijelog svijeta.<\/p>\n\n\n\n<p>Nakon vi\u0161egodi\u0161njeg naga\u0111anja i nekoliko neuspjelih nagovje\u0161taja, grupa je u rujnu kona\u010dno najavila ponovno okupljanje i novi album te objavila singlove \u201cI still have faith in you\u201d i \u201cDon\u2019t shut me down\u201d.<\/p>\n\n\n\n<p>No uz album \u201cVoyage\u201d s 10 pjesama grupa \u0107e predstaviti i digitalne avatare, nazvane \u201cABBAtars\u201d, na koncertu u Londonu u svibnju.<\/p>\n\n\n\n<p>\u201cABBAtari\u201d su stvoreni tehnologijom snimanja pokreta, sli\u010dnom onoj koja se koristila za stvaranje Golluma u seriji filmova \u201cGospodar prstenova\u201d i prikazat \u0107e \u010dlanove benda onako kako su izgledali 1979. godine.<\/p>\n\n\n\n<p>Hologrami su proizvod vi\u0161egodi\u0161njeg projekta, osmi\u0161ljenog u partnerstvu s tvrtkom za specijalne efekte tvorca \u201cRatova zvijezda\u201d Georgea Lucasa.<\/p>\n\n\n\n<p>Vi\u0161e puta odga\u0111ani zbog tehni\u010dkih pote\u0161ko\u0107a, a zatim i zbog pandemije covida-19, kona\u010dno \u0107e biti predstavljeni u svibnju. Grupa je najprije osmislila ideju o avatarima, a zatim je uslijedio rad na glazbi.<\/p>\n\n\n\n<p>Godine 2018. grupa je potvrdila naga\u0111anja o povratku, no informacije o glazbi zadr\u017eane su u tajnosti.<\/p>\n\n\n\n<p>\u201cNajprije smo imali samo dvije pjesme, a onda smo rekli: \u2018Pa mo\u017eda bismo ih trebali napraviti jo\u0161 nekoliko\u2019, \u0161to ka\u017eete na to, cure, a one su odgovorile potvrdno\u201d, ispripovijedao je Benny Andersson (74) nakon \u0161to je album najavljen. \u201cA potom sam ih upitao za\u0161to ne bismo napravili cijeli album\u201d, dodao je.<\/p>\n\n\n\n<p>On i Bjorn Ulvaeus (76) posljednjih tjedana promoviraju album, a svoje kolegice i biv\u0161e supruge, 71-godi\u0161nju Agnethu Faltskog i Anni-Frid Lyngstad (75) odlu\u010dili su po\u0161tedjeti poslova promocije albuma.<\/p>\n\n\n\n<iframe loading=\"lazy\" title=\"When You Danced With Me\" width=\"640\" height=\"480\" src=\"https:\/\/www.youtube.com\/embed\/Y8c5vWdhfpw?list=PLxA687tYuMWiaZm97zAKxm6AGNVEWBm9F\" frameborder=\"0\" allow=\"accelerometer; autoplay; clipboard-write; encrypted-media; gyroscope; picture-in-picture; web-share\" referrerpolicy=\"strict-origin-when-cross-origin\" allowfullscreen><\/iframe>\n\n\n\n<p>Izvor:pogled.ba<\/p>\n","protected":false},"excerpt":{"rendered":"<p>\u0160vedska pop senzacija, grupa ABBA u petak je objavila novi album &#8220;Voyage&#8221;, gotovo 40 godina nakon \u0161to su se njezini \u010dlanovi razi\u0161li, a digitalni koncert odr\u017eat \u0107e se u svibnju u Londonu. Agnetha, Bjorn, Benny i Anni-Frid, \u0161to \u010dini akronim ABBA, jo\u0161 od razlaza 1982. ili godinu dana od njihova zadnjeg albuma \u201cThe Visitors\u201d, nisu [&hellip;]<\/p>\n","protected":false},"author":2,"featured_media":85304,"comment_status":"closed","ping_status":"closed","sticky":false,"template":"","format":"standard","meta":{"h5ap_radio_sources":[],"footnotes":""},"categories":[1],"tags":[],"class_list":["post-85303","post","type-post","status-publish","format-standard","has-post-thumbnail","hentry","category-bihiregija"],"yoast_head":"<!-- This site is optimized with the Yoast SEO plugin v27.5 - https:\/\/yoast.com\/product\/yoast-seo-wordpress\/ -->\n<title>Nakon 40 godina ABBA se vratila s novim albumom Voyage - RADIO LJUBU\u0160KI<\/title>\n<meta name=\"robots\" content=\"index, follow, max-snippet:-1, max-image-preview:large, max-video-preview:-1\" \/>\n<link rel=\"canonical\" href=\"https:\/\/radioljubuski.ba\/index.php\/2021\/11\/05\/nakon-40-godina-abba-se-vratila-s-novim-albumom-voyage\/\" \/>\n<meta property=\"og:locale\" content=\"hr_HR\" \/>\n<meta property=\"og:type\" content=\"article\" \/>\n<meta property=\"og:title\" content=\"Nakon 40 godina ABBA se vratila s novim albumom Voyage - RADIO LJUBU\u0160KI\" \/>\n<meta property=\"og:description\" content=\"\u0160vedska pop senzacija, grupa ABBA u petak je objavila novi album &#8220;Voyage&#8221;, gotovo 40 godina nakon \u0161to su se njezini \u010dlanovi razi\u0161li, a digitalni koncert odr\u017eat \u0107e se u svibnju u Londonu. Agnetha, Bjorn, Benny i Anni-Frid, \u0161to \u010dini akronim ABBA, jo\u0161 od razlaza 1982. ili godinu dana od njihova zadnjeg albuma \u201cThe Visitors\u201d, nisu [&hellip;]\" \/>\n<meta property=\"og:url\" content=\"https:\/\/radioljubuski.ba\/index.php\/2021\/11\/05\/nakon-40-godina-abba-se-vratila-s-novim-albumom-voyage\/\" \/>\n<meta property=\"og:site_name\" content=\"RADIO LJUBU\u0160KI\" \/>\n<meta property=\"article:publisher\" content=\"https:\/\/www.facebook.com\/Radiio-Ljubuski-1490835324566332\" \/>\n<meta property=\"article:published_time\" content=\"2021-11-05T13:45:15+00:00\" \/>\n<meta property=\"article:modified_time\" content=\"2021-11-06T22:55:04+00:00\" \/>\n<meta property=\"og:image\" content=\"https:\/\/radioljubuski.ba\/wp-content\/uploads\/2021\/11\/8-2021-11-05-10-28-13-ABBA.jpg\" \/>\n\t<meta property=\"og:image:width\" content=\"1000\" \/>\n\t<meta property=\"og:image:height\" content=\"625\" \/>\n\t<meta property=\"og:image:type\" content=\"image\/jpeg\" \/>\n<meta name=\"author\" content=\"Radio Ljubu\u0161ki\" \/>\n<meta name=\"twitter:card\" content=\"summary_large_image\" \/>\n<meta name=\"twitter:creator\" content=\"@radioljubuski\" \/>\n<meta name=\"twitter:site\" content=\"@radioljubuski\" \/>\n<meta name=\"twitter:label1\" content=\"Napisao\/la\" \/>\n\t<meta name=\"twitter:data1\" content=\"Radio Ljubu\u0161ki\" \/>\n\t<meta name=\"twitter:label2\" content=\"Procijenjeno vrijeme \u010ditanja\" \/>\n\t<meta name=\"twitter:data2\" content=\"2 minute\" \/>\n<script type=\"application\/ld+json\" class=\"yoast-schema-graph\">{\"@context\":\"https:\\\/\\\/schema.org\",\"@graph\":[{\"@type\":\"Article\",\"@id\":\"https:\\\/\\\/radioljubuski.ba\\\/index.php\\\/2021\\\/11\\\/05\\\/nakon-40-godina-abba-se-vratila-s-novim-albumom-voyage\\\/#article\",\"isPartOf\":{\"@id\":\"https:\\\/\\\/radioljubuski.ba\\\/index.php\\\/2021\\\/11\\\/05\\\/nakon-40-godina-abba-se-vratila-s-novim-albumom-voyage\\\/\"},\"author\":{\"name\":\"Radio Ljubu\u0161ki\",\"@id\":\"https:\\\/\\\/radioljubuski.ba\\\/#\\\/schema\\\/person\\\/19fc700381a780f69665d7956c469e3b\"},\"headline\":\"Nakon 40 godina ABBA se vratila s novim albumom Voyage\",\"datePublished\":\"2021-11-05T13:45:15+00:00\",\"dateModified\":\"2021-11-06T22:55:04+00:00\",\"mainEntityOfPage\":{\"@id\":\"https:\\\/\\\/radioljubuski.ba\\\/index.php\\\/2021\\\/11\\\/05\\\/nakon-40-godina-abba-se-vratila-s-novim-albumom-voyage\\\/\"},\"wordCount\":357,\"publisher\":{\"@id\":\"https:\\\/\\\/radioljubuski.ba\\\/#organization\"},\"image\":{\"@id\":\"https:\\\/\\\/radioljubuski.ba\\\/index.php\\\/2021\\\/11\\\/05\\\/nakon-40-godina-abba-se-vratila-s-novim-albumom-voyage\\\/#primaryimage\"},\"thumbnailUrl\":\"https:\\\/\\\/radioljubuski.ba\\\/wp-content\\\/uploads\\\/2021\\\/11\\\/8-2021-11-05-10-28-13-ABBA.jpg\",\"articleSection\":[\"BIH i regija\"],\"inLanguage\":\"hr\"},{\"@type\":\"WebPage\",\"@id\":\"https:\\\/\\\/radioljubuski.ba\\\/index.php\\\/2021\\\/11\\\/05\\\/nakon-40-godina-abba-se-vratila-s-novim-albumom-voyage\\\/\",\"url\":\"https:\\\/\\\/radioljubuski.ba\\\/index.php\\\/2021\\\/11\\\/05\\\/nakon-40-godina-abba-se-vratila-s-novim-albumom-voyage\\\/\",\"name\":\"Nakon 40 godina ABBA se vratila s novim albumom Voyage - RADIO LJUBU\u0160KI\",\"isPartOf\":{\"@id\":\"https:\\\/\\\/radioljubuski.ba\\\/#website\"},\"primaryImageOfPage\":{\"@id\":\"https:\\\/\\\/radioljubuski.ba\\\/index.php\\\/2021\\\/11\\\/05\\\/nakon-40-godina-abba-se-vratila-s-novim-albumom-voyage\\\/#primaryimage\"},\"image\":{\"@id\":\"https:\\\/\\\/radioljubuski.ba\\\/index.php\\\/2021\\\/11\\\/05\\\/nakon-40-godina-abba-se-vratila-s-novim-albumom-voyage\\\/#primaryimage\"},\"thumbnailUrl\":\"https:\\\/\\\/radioljubuski.ba\\\/wp-content\\\/uploads\\\/2021\\\/11\\\/8-2021-11-05-10-28-13-ABBA.jpg\",\"datePublished\":\"2021-11-05T13:45:15+00:00\",\"dateModified\":\"2021-11-06T22:55:04+00:00\",\"breadcrumb\":{\"@id\":\"https:\\\/\\\/radioljubuski.ba\\\/index.php\\\/2021\\\/11\\\/05\\\/nakon-40-godina-abba-se-vratila-s-novim-albumom-voyage\\\/#breadcrumb\"},\"inLanguage\":\"hr\",\"potentialAction\":[{\"@type\":\"ReadAction\",\"target\":[\"https:\\\/\\\/radioljubuski.ba\\\/index.php\\\/2021\\\/11\\\/05\\\/nakon-40-godina-abba-se-vratila-s-novim-albumom-voyage\\\/\"]}]},{\"@type\":\"ImageObject\",\"inLanguage\":\"hr\",\"@id\":\"https:\\\/\\\/radioljubuski.ba\\\/index.php\\\/2021\\\/11\\\/05\\\/nakon-40-godina-abba-se-vratila-s-novim-albumom-voyage\\\/#primaryimage\",\"url\":\"https:\\\/\\\/radioljubuski.ba\\\/wp-content\\\/uploads\\\/2021\\\/11\\\/8-2021-11-05-10-28-13-ABBA.jpg\",\"contentUrl\":\"https:\\\/\\\/radioljubuski.ba\\\/wp-content\\\/uploads\\\/2021\\\/11\\\/8-2021-11-05-10-28-13-ABBA.jpg\",\"width\":1000,\"height\":625},{\"@type\":\"BreadcrumbList\",\"@id\":\"https:\\\/\\\/radioljubuski.ba\\\/index.php\\\/2021\\\/11\\\/05\\\/nakon-40-godina-abba-se-vratila-s-novim-albumom-voyage\\\/#breadcrumb\",\"itemListElement\":[{\"@type\":\"ListItem\",\"position\":1,\"name\":\"Po\u010detna stranica\",\"item\":\"https:\\\/\\\/radioljubuski.ba\\\/\"},{\"@type\":\"ListItem\",\"position\":2,\"name\":\"Nakon 40 godina ABBA se vratila s novim albumom Voyage\"}]},{\"@type\":\"WebSite\",\"@id\":\"https:\\\/\\\/radioljubuski.ba\\\/#website\",\"url\":\"https:\\\/\\\/radioljubuski.ba\\\/\",\"name\":\"Radio Ljubu\u0161ki\",\"description\":\"Sun\u010dana frekvencija Hercegovine\",\"publisher\":{\"@id\":\"https:\\\/\\\/radioljubuski.ba\\\/#organization\"},\"potentialAction\":[{\"@type\":\"SearchAction\",\"target\":{\"@type\":\"EntryPoint\",\"urlTemplate\":\"https:\\\/\\\/radioljubuski.ba\\\/?s={search_term_string}\"},\"query-input\":{\"@type\":\"PropertyValueSpecification\",\"valueRequired\":true,\"valueName\":\"search_term_string\"}}],\"inLanguage\":\"hr\"},{\"@type\":\"Organization\",\"@id\":\"https:\\\/\\\/radioljubuski.ba\\\/#organization\",\"name\":\"Radio Ljubu\u0161ki\",\"url\":\"https:\\\/\\\/radioljubuski.ba\\\/\",\"logo\":{\"@type\":\"ImageObject\",\"inLanguage\":\"hr\",\"@id\":\"https:\\\/\\\/radioljubuski.ba\\\/#\\\/schema\\\/logo\\\/image\\\/\",\"url\":\"https:\\\/\\\/radioljubuski.ba\\\/wp-content\\\/uploads\\\/2021\\\/02\\\/cropped-Radio_Ljubuski_logo1.jpg\",\"contentUrl\":\"https:\\\/\\\/radioljubuski.ba\\\/wp-content\\\/uploads\\\/2021\\\/02\\\/cropped-Radio_Ljubuski_logo1.jpg\",\"width\":512,\"height\":512,\"caption\":\"Radio Ljubu\u0161ki\"},\"image\":{\"@id\":\"https:\\\/\\\/radioljubuski.ba\\\/#\\\/schema\\\/logo\\\/image\\\/\"},\"sameAs\":[\"https:\\\/\\\/www.facebook.com\\\/Radiio-Ljubuski-1490835324566332\",\"https:\\\/\\\/x.com\\\/radioljubuski\",\"https:\\\/\\\/hr.linkedin.com\\\/company\\\/radio-ljubuski\",\"https:\\\/\\\/www.youtube.com\\\/channel\\\/UCHYaeO_n0Db3tjNGudGpXyw\"]},{\"@type\":\"Person\",\"@id\":\"https:\\\/\\\/radioljubuski.ba\\\/#\\\/schema\\\/person\\\/19fc700381a780f69665d7956c469e3b\",\"name\":\"Radio Ljubu\u0161ki\"}]}<\/script>\n<!-- \/ Yoast SEO plugin. -->","yoast_head_json":{"title":"Nakon 40 godina ABBA se vratila s novim albumom Voyage - RADIO LJUBU\u0160KI","robots":{"index":"index","follow":"follow","max-snippet":"max-snippet:-1","max-image-preview":"max-image-preview:large","max-video-preview":"max-video-preview:-1"},"canonical":"https:\/\/radioljubuski.ba\/index.php\/2021\/11\/05\/nakon-40-godina-abba-se-vratila-s-novim-albumom-voyage\/","og_locale":"hr_HR","og_type":"article","og_title":"Nakon 40 godina ABBA se vratila s novim albumom Voyage - RADIO LJUBU\u0160KI","og_description":"\u0160vedska pop senzacija, grupa ABBA u petak je objavila novi album &#8220;Voyage&#8221;, gotovo 40 godina nakon \u0161to su se njezini \u010dlanovi razi\u0161li, a digitalni koncert odr\u017eat \u0107e se u svibnju u Londonu. Agnetha, Bjorn, Benny i Anni-Frid, \u0161to \u010dini akronim ABBA, jo\u0161 od razlaza 1982. ili godinu dana od njihova zadnjeg albuma \u201cThe Visitors\u201d, nisu [&hellip;]","og_url":"https:\/\/radioljubuski.ba\/index.php\/2021\/11\/05\/nakon-40-godina-abba-se-vratila-s-novim-albumom-voyage\/","og_site_name":"RADIO LJUBU\u0160KI","article_publisher":"https:\/\/www.facebook.com\/Radiio-Ljubuski-1490835324566332","article_published_time":"2021-11-05T13:45:15+00:00","article_modified_time":"2021-11-06T22:55:04+00:00","og_image":[{"width":1000,"height":625,"url":"https:\/\/radioljubuski.ba\/wp-content\/uploads\/2021\/11\/8-2021-11-05-10-28-13-ABBA.jpg","type":"image\/jpeg"}],"author":"Radio Ljubu\u0161ki","twitter_card":"summary_large_image","twitter_creator":"@radioljubuski","twitter_site":"@radioljubuski","twitter_misc":{"Napisao\/la":"Radio Ljubu\u0161ki","Procijenjeno vrijeme \u010ditanja":"2 minute"},"schema":{"@context":"https:\/\/schema.org","@graph":[{"@type":"Article","@id":"https:\/\/radioljubuski.ba\/index.php\/2021\/11\/05\/nakon-40-godina-abba-se-vratila-s-novim-albumom-voyage\/#article","isPartOf":{"@id":"https:\/\/radioljubuski.ba\/index.php\/2021\/11\/05\/nakon-40-godina-abba-se-vratila-s-novim-albumom-voyage\/"},"author":{"name":"Radio Ljubu\u0161ki","@id":"https:\/\/radioljubuski.ba\/#\/schema\/person\/19fc700381a780f69665d7956c469e3b"},"headline":"Nakon 40 godina ABBA se vratila s novim albumom Voyage","datePublished":"2021-11-05T13:45:15+00:00","dateModified":"2021-11-06T22:55:04+00:00","mainEntityOfPage":{"@id":"https:\/\/radioljubuski.ba\/index.php\/2021\/11\/05\/nakon-40-godina-abba-se-vratila-s-novim-albumom-voyage\/"},"wordCount":357,"publisher":{"@id":"https:\/\/radioljubuski.ba\/#organization"},"image":{"@id":"https:\/\/radioljubuski.ba\/index.php\/2021\/11\/05\/nakon-40-godina-abba-se-vratila-s-novim-albumom-voyage\/#primaryimage"},"thumbnailUrl":"https:\/\/radioljubuski.ba\/wp-content\/uploads\/2021\/11\/8-2021-11-05-10-28-13-ABBA.jpg","articleSection":["BIH i regija"],"inLanguage":"hr"},{"@type":"WebPage","@id":"https:\/\/radioljubuski.ba\/index.php\/2021\/11\/05\/nakon-40-godina-abba-se-vratila-s-novim-albumom-voyage\/","url":"https:\/\/radioljubuski.ba\/index.php\/2021\/11\/05\/nakon-40-godina-abba-se-vratila-s-novim-albumom-voyage\/","name":"Nakon 40 godina ABBA se vratila s novim albumom Voyage - RADIO LJUBU\u0160KI","isPartOf":{"@id":"https:\/\/radioljubuski.ba\/#website"},"primaryImageOfPage":{"@id":"https:\/\/radioljubuski.ba\/index.php\/2021\/11\/05\/nakon-40-godina-abba-se-vratila-s-novim-albumom-voyage\/#primaryimage"},"image":{"@id":"https:\/\/radioljubuski.ba\/index.php\/2021\/11\/05\/nakon-40-godina-abba-se-vratila-s-novim-albumom-voyage\/#primaryimage"},"thumbnailUrl":"https:\/\/radioljubuski.ba\/wp-content\/uploads\/2021\/11\/8-2021-11-05-10-28-13-ABBA.jpg","datePublished":"2021-11-05T13:45:15+00:00","dateModified":"2021-11-06T22:55:04+00:00","breadcrumb":{"@id":"https:\/\/radioljubuski.ba\/index.php\/2021\/11\/05\/nakon-40-godina-abba-se-vratila-s-novim-albumom-voyage\/#breadcrumb"},"inLanguage":"hr","potentialAction":[{"@type":"ReadAction","target":["https:\/\/radioljubuski.ba\/index.php\/2021\/11\/05\/nakon-40-godina-abba-se-vratila-s-novim-albumom-voyage\/"]}]},{"@type":"ImageObject","inLanguage":"hr","@id":"https:\/\/radioljubuski.ba\/index.php\/2021\/11\/05\/nakon-40-godina-abba-se-vratila-s-novim-albumom-voyage\/#primaryimage","url":"https:\/\/radioljubuski.ba\/wp-content\/uploads\/2021\/11\/8-2021-11-05-10-28-13-ABBA.jpg","contentUrl":"https:\/\/radioljubuski.ba\/wp-content\/uploads\/2021\/11\/8-2021-11-05-10-28-13-ABBA.jpg","width":1000,"height":625},{"@type":"BreadcrumbList","@id":"https:\/\/radioljubuski.ba\/index.php\/2021\/11\/05\/nakon-40-godina-abba-se-vratila-s-novim-albumom-voyage\/#breadcrumb","itemListElement":[{"@type":"ListItem","position":1,"name":"Po\u010detna stranica","item":"https:\/\/radioljubuski.ba\/"},{"@type":"ListItem","position":2,"name":"Nakon 40 godina ABBA se vratila s novim albumom Voyage"}]},{"@type":"WebSite","@id":"https:\/\/radioljubuski.ba\/#website","url":"https:\/\/radioljubuski.ba\/","name":"Radio Ljubu\u0161ki","description":"Sun\u010dana frekvencija Hercegovine","publisher":{"@id":"https:\/\/radioljubuski.ba\/#organization"},"potentialAction":[{"@type":"SearchAction","target":{"@type":"EntryPoint","urlTemplate":"https:\/\/radioljubuski.ba\/?s={search_term_string}"},"query-input":{"@type":"PropertyValueSpecification","valueRequired":true,"valueName":"search_term_string"}}],"inLanguage":"hr"},{"@type":"Organization","@id":"https:\/\/radioljubuski.ba\/#organization","name":"Radio Ljubu\u0161ki","url":"https:\/\/radioljubuski.ba\/","logo":{"@type":"ImageObject","inLanguage":"hr","@id":"https:\/\/radioljubuski.ba\/#\/schema\/logo\/image\/","url":"https:\/\/radioljubuski.ba\/wp-content\/uploads\/2021\/02\/cropped-Radio_Ljubuski_logo1.jpg","contentUrl":"https:\/\/radioljubuski.ba\/wp-content\/uploads\/2021\/02\/cropped-Radio_Ljubuski_logo1.jpg","width":512,"height":512,"caption":"Radio Ljubu\u0161ki"},"image":{"@id":"https:\/\/radioljubuski.ba\/#\/schema\/logo\/image\/"},"sameAs":["https:\/\/www.facebook.com\/Radiio-Ljubuski-1490835324566332","https:\/\/x.com\/radioljubuski","https:\/\/hr.linkedin.com\/company\/radio-ljubuski","https:\/\/www.youtube.com\/channel\/UCHYaeO_n0Db3tjNGudGpXyw"]},{"@type":"Person","@id":"https:\/\/radioljubuski.ba\/#\/schema\/person\/19fc700381a780f69665d7956c469e3b","name":"Radio Ljubu\u0161ki"}]}},"_links":{"self":[{"href":"https:\/\/radioljubuski.ba\/index.php\/wp-json\/wp\/v2\/posts\/85303","targetHints":{"allow":["GET"]}}],"collection":[{"href":"https:\/\/radioljubuski.ba\/index.php\/wp-json\/wp\/v2\/posts"}],"about":[{"href":"https:\/\/radioljubuski.ba\/index.php\/wp-json\/wp\/v2\/types\/post"}],"author":[{"embeddable":true,"href":"https:\/\/radioljubuski.ba\/index.php\/wp-json\/wp\/v2\/users\/2"}],"replies":[{"embeddable":true,"href":"https:\/\/radioljubuski.ba\/index.php\/wp-json\/wp\/v2\/comments?post=85303"}],"version-history":[{"count":2,"href":"https:\/\/radioljubuski.ba\/index.php\/wp-json\/wp\/v2\/posts\/85303\/revisions"}],"predecessor-version":[{"id":85985,"href":"https:\/\/radioljubuski.ba\/index.php\/wp-json\/wp\/v2\/posts\/85303\/revisions\/85985"}],"wp:featuredmedia":[{"embeddable":true,"href":"https:\/\/radioljubuski.ba\/index.php\/wp-json\/wp\/v2\/media\/85304"}],"wp:attachment":[{"href":"https:\/\/radioljubuski.ba\/index.php\/wp-json\/wp\/v2\/media?parent=85303"}],"wp:term":[{"taxonomy":"category","embeddable":true,"href":"https:\/\/radioljubuski.ba\/index.php\/wp-json\/wp\/v2\/categories?post=85303"},{"taxonomy":"post_tag","embeddable":true,"href":"https:\/\/radioljubuski.ba\/index.php\/wp-json\/wp\/v2\/tags?post=85303"}],"curies":[{"name":"wp","href":"https:\/\/api.w.org\/{rel}","templated":true}]}}