{"id":85315,"date":"2021-11-05T14:50:56","date_gmt":"2021-11-05T13:50:56","guid":{"rendered":"https:\/\/radioljubuski.ba\/?p=85315"},"modified":"2021-11-05T14:50:57","modified_gmt":"2021-11-05T13:50:57","slug":"ovo-ne-pamte-ni-stariji-mjestani-trnova-poplavljeno-100-kuca-bujice-odnijele-puteve-ugusilo-se-130-ovaca","status":"publish","type":"post","link":"https:\/\/radioljubuski.ba\/index.php\/2021\/11\/05\/ovo-ne-pamte-ni-stariji-mjestani-trnova-poplavljeno-100-kuca-bujice-odnijele-puteve-ugusilo-se-130-ovaca\/","title":{"rendered":"Ovo ne pamte ni stariji mje\u0161tani Trnova: Poplavljeno 100 ku\u0107a, bujice odnijele puteve, ugu\u0161ilo se 130 ovaca"},"content":{"rendered":"\n<p>Krizni sto\u017eer op\u0107ine Trnovo proglasio je jutros izvanrednu situaciju zbog nezapam\u0107enih poplava koje su uslijed obilnih padalina zadesile ovu op\u0161tinu, izjavio je na\u010delnik Trnova Dragomir Gagovi\u0107.<\/p>\n\n\n\n<p>Gagovi\u0107 je rekao da je veliki dio Trnova poplavljen i da je voda u\u0161la u oko 100 ku\u0107a.<\/p>\n\n\n\n<p>&#8220;Nije bilo ljudskih \u017ertava, ali je kod jednog doma\u0107ina voda ugu\u0161ila 130 ovaca jer nisu mogli otvoriti vrata staje preko koje je nai\u0161ao buji\u010dni val&#8221;, dodao je Gagovi\u0107.<\/p>\n\n\n\n<p>Prema njegovim rije\u010dima, Trnovo je ju\u010der predve\u010der zahvatilo nevrijeme sa obilnim padalinama, koje su se poja\u010davale tako da su se ve\u0107 oko 22.30 sata&nbsp; buji\u010dni potoci koji se ulivaju u rijeku \u017deljeznicu izlili jer nisu vi\u0161e mogli prihvatiti svu vodu.<\/p>\n\n\n\n<p>Gagovi\u0107 je podsjetio da je Trnovo odsje\u010deno jer je magistralni put ka Sarajevu u prekidu i naveo da su bujice odnijele i dijelove lokalnih puteva.<\/p>\n\n\n\n<p>&#8220;Mo\u017ee terenskim vozilima da se do\u0111e preko dijela federalnog Trnova, ali je i na tom putu stanje na 2-3 mjesta kriti\u010dno&#8221;, naglasio je Gagovi\u0107.<\/p>\n\n\n\n<p>On je dodao da mjesnoj zajednici Kijevo nema pristupa jer je putna komunikacija s obje strane neprohodna.<\/p>\n\n\n\n<p>&#8220;Jezero kraj brane Bogati\u0107 je poravnato sa putem, tako da nije mogu\u0107e ni iz smjera Trnova pri\u0107i Kijevu&#8221;, objasnio je Gagovi\u0107.<\/p>\n\n\n\n<p>Prema njegovim rije\u010dima, Civilna za\u0161tita radi na osposobljavanju putnog pravca Isto\u010dno Sarajevo &#8211; Trnovo iz smjera Krupca, gdje ima i odrona.<\/p>\n\n\n\n<p>Na\u010delnik Trnova precizirao je da se odlukom op\u0107inskog Kriznog sto\u017eera o progla\u0161enju izvanrednog stanja obustavlja nastava u mjesnoj osnovnoj \u0161koli.<\/p>\n\n\n\n<p>&#8220;Nalo\u017eeno je anga\u017eiranje sve raspolo\u017eive mehanizacije komunalnog poduze\u0107a i privatnih poduze\u0107a, a timovi Republi\u010dke uprave civilne za\u0161tite Srpske sa svojom opremom ve\u0107 rade na ispumpavanju vode iz poplavljenih objekata&#8221;, rekao je Gagovi\u0107.<\/p>\n\n\n\n<p>On je dodao da je opskrba elektri\u010dnom energijom uredna, ali da se stanovni\u0161tvu savjetuje da prokuha vodu za pi\u0107e ili da koristi fla\u0161iranu.<\/p>\n\n\n\n<p>&#8220;Zalihe vode u prodavnicama su ograni\u010dene, ali \u010dim putna komunikacija ka Isto\u010dnom Sarajevu bude prohodna, op\u0107ina \u0107e se potruditi da osigura&nbsp; dovoljne koli\u010dine vode za pi\u0107e&#8221;, rekao je Gagovi\u0107.<\/p>\n\n\n\n<p>Gagovi\u0107 je naveo da ki\u0161a pada i dalje, slabijim intenzitetom i izrazio nadu da je najgore pro\u0161lo.<\/p>\n\n\n\n<p>&#8220;Ovo je nezapam\u0107eno, \u017eitelji Trnova stariji od 80 godina svjedo\u010de da se ovakvo nevrijeme nikada nije dogodilo&#8221;, naveo je Gagovi\u0107 i najavio da \u0107e, kada se voda povu\u010de, biti formirana komisija koja \u0107e raditi na utvr\u0111ivanju \u0161tete.&nbsp;<\/p>\n\n\n\n<p>Izvor:pogled.ba<\/p>\n","protected":false},"excerpt":{"rendered":"<p>Krizni sto\u017eer op\u0107ine Trnovo proglasio je jutros izvanrednu situaciju zbog nezapam\u0107enih poplava koje su uslijed obilnih padalina zadesile ovu op\u0161tinu, izjavio je na\u010delnik Trnova Dragomir Gagovi\u0107. Gagovi\u0107 je rekao da je veliki dio Trnova poplavljen i da je voda u\u0161la u oko 100 ku\u0107a. &#8220;Nije bilo ljudskih \u017ertava, ali je kod jednog doma\u0107ina voda ugu\u0161ila [&hellip;]<\/p>\n","protected":false},"author":2,"featured_media":85316,"comment_status":"closed","ping_status":"closed","sticky":false,"template":"","format":"standard","meta":{"h5ap_radio_sources":[],"footnotes":""},"categories":[1],"tags":[],"class_list":["post-85315","post","type-post","status-publish","format-standard","has-post-thumbnail","hentry","category-bihiregija"],"yoast_head":"<!-- This site is optimized with the Yoast SEO plugin v27.5 - https:\/\/yoast.com\/product\/yoast-seo-wordpress\/ -->\n<title>Ovo ne pamte ni stariji mje\u0161tani Trnova: Poplavljeno 100 ku\u0107a, bujice odnijele puteve, ugu\u0161ilo se 130 ovaca - RADIO LJUBU\u0160KI<\/title>\n<meta name=\"robots\" content=\"index, follow, max-snippet:-1, max-image-preview:large, max-video-preview:-1\" \/>\n<link rel=\"canonical\" href=\"https:\/\/radioljubuski.ba\/index.php\/2021\/11\/05\/ovo-ne-pamte-ni-stariji-mjestani-trnova-poplavljeno-100-kuca-bujice-odnijele-puteve-ugusilo-se-130-ovaca\/\" \/>\n<meta property=\"og:locale\" content=\"hr_HR\" \/>\n<meta property=\"og:type\" content=\"article\" \/>\n<meta property=\"og:title\" content=\"Ovo ne pamte ni stariji mje\u0161tani Trnova: Poplavljeno 100 ku\u0107a, bujice odnijele puteve, ugu\u0161ilo se 130 ovaca - RADIO LJUBU\u0160KI\" \/>\n<meta property=\"og:description\" content=\"Krizni sto\u017eer op\u0107ine Trnovo proglasio je jutros izvanrednu situaciju zbog nezapam\u0107enih poplava koje su uslijed obilnih padalina zadesile ovu op\u0161tinu, izjavio je na\u010delnik Trnova Dragomir Gagovi\u0107. Gagovi\u0107 je rekao da je veliki dio Trnova poplavljen i da je voda u\u0161la u oko 100 ku\u0107a. &#8220;Nije bilo ljudskih \u017ertava, ali je kod jednog doma\u0107ina voda ugu\u0161ila [&hellip;]\" \/>\n<meta property=\"og:url\" content=\"https:\/\/radioljubuski.ba\/index.php\/2021\/11\/05\/ovo-ne-pamte-ni-stariji-mjestani-trnova-poplavljeno-100-kuca-bujice-odnijele-puteve-ugusilo-se-130-ovaca\/\" \/>\n<meta property=\"og:site_name\" content=\"RADIO LJUBU\u0160KI\" \/>\n<meta property=\"article:publisher\" content=\"https:\/\/www.facebook.com\/Radiio-Ljubuski-1490835324566332\" \/>\n<meta property=\"article:published_time\" content=\"2021-11-05T13:50:56+00:00\" \/>\n<meta property=\"article:modified_time\" content=\"2021-11-05T13:50:57+00:00\" \/>\n<meta property=\"og:image\" content=\"https:\/\/radioljubuski.ba\/wp-content\/uploads\/2021\/11\/8-2021-11-05-11-34-37-TRNOVO.jpg\" \/>\n\t<meta property=\"og:image:width\" content=\"1000\" \/>\n\t<meta property=\"og:image:height\" content=\"625\" \/>\n\t<meta property=\"og:image:type\" content=\"image\/jpeg\" \/>\n<meta name=\"author\" content=\"Radio Ljubu\u0161ki\" \/>\n<meta name=\"twitter:card\" content=\"summary_large_image\" \/>\n<meta name=\"twitter:creator\" content=\"@radioljubuski\" \/>\n<meta name=\"twitter:site\" content=\"@radioljubuski\" \/>\n<meta name=\"twitter:label1\" content=\"Napisao\/la\" \/>\n\t<meta name=\"twitter:data1\" content=\"Radio Ljubu\u0161ki\" \/>\n\t<meta name=\"twitter:label2\" content=\"Procijenjeno vrijeme \u010ditanja\" \/>\n\t<meta name=\"twitter:data2\" content=\"2 minute\" \/>\n<script type=\"application\/ld+json\" class=\"yoast-schema-graph\">{\"@context\":\"https:\\\/\\\/schema.org\",\"@graph\":[{\"@type\":\"Article\",\"@id\":\"https:\\\/\\\/radioljubuski.ba\\\/index.php\\\/2021\\\/11\\\/05\\\/ovo-ne-pamte-ni-stariji-mjestani-trnova-poplavljeno-100-kuca-bujice-odnijele-puteve-ugusilo-se-130-ovaca\\\/#article\",\"isPartOf\":{\"@id\":\"https:\\\/\\\/radioljubuski.ba\\\/index.php\\\/2021\\\/11\\\/05\\\/ovo-ne-pamte-ni-stariji-mjestani-trnova-poplavljeno-100-kuca-bujice-odnijele-puteve-ugusilo-se-130-ovaca\\\/\"},\"author\":{\"name\":\"Radio Ljubu\u0161ki\",\"@id\":\"https:\\\/\\\/radioljubuski.ba\\\/#\\\/schema\\\/person\\\/19fc700381a780f69665d7956c469e3b\"},\"headline\":\"Ovo ne pamte ni stariji mje\u0161tani Trnova: Poplavljeno 100 ku\u0107a, bujice odnijele puteve, ugu\u0161ilo se 130 ovaca\",\"datePublished\":\"2021-11-05T13:50:56+00:00\",\"dateModified\":\"2021-11-05T13:50:57+00:00\",\"mainEntityOfPage\":{\"@id\":\"https:\\\/\\\/radioljubuski.ba\\\/index.php\\\/2021\\\/11\\\/05\\\/ovo-ne-pamte-ni-stariji-mjestani-trnova-poplavljeno-100-kuca-bujice-odnijele-puteve-ugusilo-se-130-ovaca\\\/\"},\"wordCount\":450,\"publisher\":{\"@id\":\"https:\\\/\\\/radioljubuski.ba\\\/#organization\"},\"image\":{\"@id\":\"https:\\\/\\\/radioljubuski.ba\\\/index.php\\\/2021\\\/11\\\/05\\\/ovo-ne-pamte-ni-stariji-mjestani-trnova-poplavljeno-100-kuca-bujice-odnijele-puteve-ugusilo-se-130-ovaca\\\/#primaryimage\"},\"thumbnailUrl\":\"https:\\\/\\\/radioljubuski.ba\\\/wp-content\\\/uploads\\\/2021\\\/11\\\/8-2021-11-05-11-34-37-TRNOVO.jpg\",\"articleSection\":[\"BIH i regija\"],\"inLanguage\":\"hr\"},{\"@type\":\"WebPage\",\"@id\":\"https:\\\/\\\/radioljubuski.ba\\\/index.php\\\/2021\\\/11\\\/05\\\/ovo-ne-pamte-ni-stariji-mjestani-trnova-poplavljeno-100-kuca-bujice-odnijele-puteve-ugusilo-se-130-ovaca\\\/\",\"url\":\"https:\\\/\\\/radioljubuski.ba\\\/index.php\\\/2021\\\/11\\\/05\\\/ovo-ne-pamte-ni-stariji-mjestani-trnova-poplavljeno-100-kuca-bujice-odnijele-puteve-ugusilo-se-130-ovaca\\\/\",\"name\":\"Ovo ne pamte ni stariji mje\u0161tani Trnova: Poplavljeno 100 ku\u0107a, bujice odnijele puteve, ugu\u0161ilo se 130 ovaca - RADIO LJUBU\u0160KI\",\"isPartOf\":{\"@id\":\"https:\\\/\\\/radioljubuski.ba\\\/#website\"},\"primaryImageOfPage\":{\"@id\":\"https:\\\/\\\/radioljubuski.ba\\\/index.php\\\/2021\\\/11\\\/05\\\/ovo-ne-pamte-ni-stariji-mjestani-trnova-poplavljeno-100-kuca-bujice-odnijele-puteve-ugusilo-se-130-ovaca\\\/#primaryimage\"},\"image\":{\"@id\":\"https:\\\/\\\/radioljubuski.ba\\\/index.php\\\/2021\\\/11\\\/05\\\/ovo-ne-pamte-ni-stariji-mjestani-trnova-poplavljeno-100-kuca-bujice-odnijele-puteve-ugusilo-se-130-ovaca\\\/#primaryimage\"},\"thumbnailUrl\":\"https:\\\/\\\/radioljubuski.ba\\\/wp-content\\\/uploads\\\/2021\\\/11\\\/8-2021-11-05-11-34-37-TRNOVO.jpg\",\"datePublished\":\"2021-11-05T13:50:56+00:00\",\"dateModified\":\"2021-11-05T13:50:57+00:00\",\"breadcrumb\":{\"@id\":\"https:\\\/\\\/radioljubuski.ba\\\/index.php\\\/2021\\\/11\\\/05\\\/ovo-ne-pamte-ni-stariji-mjestani-trnova-poplavljeno-100-kuca-bujice-odnijele-puteve-ugusilo-se-130-ovaca\\\/#breadcrumb\"},\"inLanguage\":\"hr\",\"potentialAction\":[{\"@type\":\"ReadAction\",\"target\":[\"https:\\\/\\\/radioljubuski.ba\\\/index.php\\\/2021\\\/11\\\/05\\\/ovo-ne-pamte-ni-stariji-mjestani-trnova-poplavljeno-100-kuca-bujice-odnijele-puteve-ugusilo-se-130-ovaca\\\/\"]}]},{\"@type\":\"ImageObject\",\"inLanguage\":\"hr\",\"@id\":\"https:\\\/\\\/radioljubuski.ba\\\/index.php\\\/2021\\\/11\\\/05\\\/ovo-ne-pamte-ni-stariji-mjestani-trnova-poplavljeno-100-kuca-bujice-odnijele-puteve-ugusilo-se-130-ovaca\\\/#primaryimage\",\"url\":\"https:\\\/\\\/radioljubuski.ba\\\/wp-content\\\/uploads\\\/2021\\\/11\\\/8-2021-11-05-11-34-37-TRNOVO.jpg\",\"contentUrl\":\"https:\\\/\\\/radioljubuski.ba\\\/wp-content\\\/uploads\\\/2021\\\/11\\\/8-2021-11-05-11-34-37-TRNOVO.jpg\",\"width\":1000,\"height\":625},{\"@type\":\"BreadcrumbList\",\"@id\":\"https:\\\/\\\/radioljubuski.ba\\\/index.php\\\/2021\\\/11\\\/05\\\/ovo-ne-pamte-ni-stariji-mjestani-trnova-poplavljeno-100-kuca-bujice-odnijele-puteve-ugusilo-se-130-ovaca\\\/#breadcrumb\",\"itemListElement\":[{\"@type\":\"ListItem\",\"position\":1,\"name\":\"Po\u010detna stranica\",\"item\":\"https:\\\/\\\/radioljubuski.ba\\\/\"},{\"@type\":\"ListItem\",\"position\":2,\"name\":\"Ovo ne pamte ni stariji mje\u0161tani Trnova: Poplavljeno 100 ku\u0107a, bujice odnijele puteve, ugu\u0161ilo se 130 ovaca\"}]},{\"@type\":\"WebSite\",\"@id\":\"https:\\\/\\\/radioljubuski.ba\\\/#website\",\"url\":\"https:\\\/\\\/radioljubuski.ba\\\/\",\"name\":\"Radio Ljubu\u0161ki\",\"description\":\"Sun\u010dana frekvencija Hercegovine\",\"publisher\":{\"@id\":\"https:\\\/\\\/radioljubuski.ba\\\/#organization\"},\"potentialAction\":[{\"@type\":\"SearchAction\",\"target\":{\"@type\":\"EntryPoint\",\"urlTemplate\":\"https:\\\/\\\/radioljubuski.ba\\\/?s={search_term_string}\"},\"query-input\":{\"@type\":\"PropertyValueSpecification\",\"valueRequired\":true,\"valueName\":\"search_term_string\"}}],\"inLanguage\":\"hr\"},{\"@type\":\"Organization\",\"@id\":\"https:\\\/\\\/radioljubuski.ba\\\/#organization\",\"name\":\"Radio Ljubu\u0161ki\",\"url\":\"https:\\\/\\\/radioljubuski.ba\\\/\",\"logo\":{\"@type\":\"ImageObject\",\"inLanguage\":\"hr\",\"@id\":\"https:\\\/\\\/radioljubuski.ba\\\/#\\\/schema\\\/logo\\\/image\\\/\",\"url\":\"https:\\\/\\\/radioljubuski.ba\\\/wp-content\\\/uploads\\\/2021\\\/02\\\/cropped-Radio_Ljubuski_logo1.jpg\",\"contentUrl\":\"https:\\\/\\\/radioljubuski.ba\\\/wp-content\\\/uploads\\\/2021\\\/02\\\/cropped-Radio_Ljubuski_logo1.jpg\",\"width\":512,\"height\":512,\"caption\":\"Radio Ljubu\u0161ki\"},\"image\":{\"@id\":\"https:\\\/\\\/radioljubuski.ba\\\/#\\\/schema\\\/logo\\\/image\\\/\"},\"sameAs\":[\"https:\\\/\\\/www.facebook.com\\\/Radiio-Ljubuski-1490835324566332\",\"https:\\\/\\\/x.com\\\/radioljubuski\",\"https:\\\/\\\/hr.linkedin.com\\\/company\\\/radio-ljubuski\",\"https:\\\/\\\/www.youtube.com\\\/channel\\\/UCHYaeO_n0Db3tjNGudGpXyw\"]},{\"@type\":\"Person\",\"@id\":\"https:\\\/\\\/radioljubuski.ba\\\/#\\\/schema\\\/person\\\/19fc700381a780f69665d7956c469e3b\",\"name\":\"Radio Ljubu\u0161ki\"}]}<\/script>\n<!-- \/ Yoast SEO plugin. -->","yoast_head_json":{"title":"Ovo ne pamte ni stariji mje\u0161tani Trnova: Poplavljeno 100 ku\u0107a, bujice odnijele puteve, ugu\u0161ilo se 130 ovaca - RADIO LJUBU\u0160KI","robots":{"index":"index","follow":"follow","max-snippet":"max-snippet:-1","max-image-preview":"max-image-preview:large","max-video-preview":"max-video-preview:-1"},"canonical":"https:\/\/radioljubuski.ba\/index.php\/2021\/11\/05\/ovo-ne-pamte-ni-stariji-mjestani-trnova-poplavljeno-100-kuca-bujice-odnijele-puteve-ugusilo-se-130-ovaca\/","og_locale":"hr_HR","og_type":"article","og_title":"Ovo ne pamte ni stariji mje\u0161tani Trnova: Poplavljeno 100 ku\u0107a, bujice odnijele puteve, ugu\u0161ilo se 130 ovaca - RADIO LJUBU\u0160KI","og_description":"Krizni sto\u017eer op\u0107ine Trnovo proglasio je jutros izvanrednu situaciju zbog nezapam\u0107enih poplava koje su uslijed obilnih padalina zadesile ovu op\u0161tinu, izjavio je na\u010delnik Trnova Dragomir Gagovi\u0107. Gagovi\u0107 je rekao da je veliki dio Trnova poplavljen i da je voda u\u0161la u oko 100 ku\u0107a. &#8220;Nije bilo ljudskih \u017ertava, ali je kod jednog doma\u0107ina voda ugu\u0161ila [&hellip;]","og_url":"https:\/\/radioljubuski.ba\/index.php\/2021\/11\/05\/ovo-ne-pamte-ni-stariji-mjestani-trnova-poplavljeno-100-kuca-bujice-odnijele-puteve-ugusilo-se-130-ovaca\/","og_site_name":"RADIO LJUBU\u0160KI","article_publisher":"https:\/\/www.facebook.com\/Radiio-Ljubuski-1490835324566332","article_published_time":"2021-11-05T13:50:56+00:00","article_modified_time":"2021-11-05T13:50:57+00:00","og_image":[{"width":1000,"height":625,"url":"https:\/\/radioljubuski.ba\/wp-content\/uploads\/2021\/11\/8-2021-11-05-11-34-37-TRNOVO.jpg","type":"image\/jpeg"}],"author":"Radio Ljubu\u0161ki","twitter_card":"summary_large_image","twitter_creator":"@radioljubuski","twitter_site":"@radioljubuski","twitter_misc":{"Napisao\/la":"Radio Ljubu\u0161ki","Procijenjeno vrijeme \u010ditanja":"2 minute"},"schema":{"@context":"https:\/\/schema.org","@graph":[{"@type":"Article","@id":"https:\/\/radioljubuski.ba\/index.php\/2021\/11\/05\/ovo-ne-pamte-ni-stariji-mjestani-trnova-poplavljeno-100-kuca-bujice-odnijele-puteve-ugusilo-se-130-ovaca\/#article","isPartOf":{"@id":"https:\/\/radioljubuski.ba\/index.php\/2021\/11\/05\/ovo-ne-pamte-ni-stariji-mjestani-trnova-poplavljeno-100-kuca-bujice-odnijele-puteve-ugusilo-se-130-ovaca\/"},"author":{"name":"Radio Ljubu\u0161ki","@id":"https:\/\/radioljubuski.ba\/#\/schema\/person\/19fc700381a780f69665d7956c469e3b"},"headline":"Ovo ne pamte ni stariji mje\u0161tani Trnova: Poplavljeno 100 ku\u0107a, bujice odnijele puteve, ugu\u0161ilo se 130 ovaca","datePublished":"2021-11-05T13:50:56+00:00","dateModified":"2021-11-05T13:50:57+00:00","mainEntityOfPage":{"@id":"https:\/\/radioljubuski.ba\/index.php\/2021\/11\/05\/ovo-ne-pamte-ni-stariji-mjestani-trnova-poplavljeno-100-kuca-bujice-odnijele-puteve-ugusilo-se-130-ovaca\/"},"wordCount":450,"publisher":{"@id":"https:\/\/radioljubuski.ba\/#organization"},"image":{"@id":"https:\/\/radioljubuski.ba\/index.php\/2021\/11\/05\/ovo-ne-pamte-ni-stariji-mjestani-trnova-poplavljeno-100-kuca-bujice-odnijele-puteve-ugusilo-se-130-ovaca\/#primaryimage"},"thumbnailUrl":"https:\/\/radioljubuski.ba\/wp-content\/uploads\/2021\/11\/8-2021-11-05-11-34-37-TRNOVO.jpg","articleSection":["BIH i regija"],"inLanguage":"hr"},{"@type":"WebPage","@id":"https:\/\/radioljubuski.ba\/index.php\/2021\/11\/05\/ovo-ne-pamte-ni-stariji-mjestani-trnova-poplavljeno-100-kuca-bujice-odnijele-puteve-ugusilo-se-130-ovaca\/","url":"https:\/\/radioljubuski.ba\/index.php\/2021\/11\/05\/ovo-ne-pamte-ni-stariji-mjestani-trnova-poplavljeno-100-kuca-bujice-odnijele-puteve-ugusilo-se-130-ovaca\/","name":"Ovo ne pamte ni stariji mje\u0161tani Trnova: Poplavljeno 100 ku\u0107a, bujice odnijele puteve, ugu\u0161ilo se 130 ovaca - RADIO LJUBU\u0160KI","isPartOf":{"@id":"https:\/\/radioljubuski.ba\/#website"},"primaryImageOfPage":{"@id":"https:\/\/radioljubuski.ba\/index.php\/2021\/11\/05\/ovo-ne-pamte-ni-stariji-mjestani-trnova-poplavljeno-100-kuca-bujice-odnijele-puteve-ugusilo-se-130-ovaca\/#primaryimage"},"image":{"@id":"https:\/\/radioljubuski.ba\/index.php\/2021\/11\/05\/ovo-ne-pamte-ni-stariji-mjestani-trnova-poplavljeno-100-kuca-bujice-odnijele-puteve-ugusilo-se-130-ovaca\/#primaryimage"},"thumbnailUrl":"https:\/\/radioljubuski.ba\/wp-content\/uploads\/2021\/11\/8-2021-11-05-11-34-37-TRNOVO.jpg","datePublished":"2021-11-05T13:50:56+00:00","dateModified":"2021-11-05T13:50:57+00:00","breadcrumb":{"@id":"https:\/\/radioljubuski.ba\/index.php\/2021\/11\/05\/ovo-ne-pamte-ni-stariji-mjestani-trnova-poplavljeno-100-kuca-bujice-odnijele-puteve-ugusilo-se-130-ovaca\/#breadcrumb"},"inLanguage":"hr","potentialAction":[{"@type":"ReadAction","target":["https:\/\/radioljubuski.ba\/index.php\/2021\/11\/05\/ovo-ne-pamte-ni-stariji-mjestani-trnova-poplavljeno-100-kuca-bujice-odnijele-puteve-ugusilo-se-130-ovaca\/"]}]},{"@type":"ImageObject","inLanguage":"hr","@id":"https:\/\/radioljubuski.ba\/index.php\/2021\/11\/05\/ovo-ne-pamte-ni-stariji-mjestani-trnova-poplavljeno-100-kuca-bujice-odnijele-puteve-ugusilo-se-130-ovaca\/#primaryimage","url":"https:\/\/radioljubuski.ba\/wp-content\/uploads\/2021\/11\/8-2021-11-05-11-34-37-TRNOVO.jpg","contentUrl":"https:\/\/radioljubuski.ba\/wp-content\/uploads\/2021\/11\/8-2021-11-05-11-34-37-TRNOVO.jpg","width":1000,"height":625},{"@type":"BreadcrumbList","@id":"https:\/\/radioljubuski.ba\/index.php\/2021\/11\/05\/ovo-ne-pamte-ni-stariji-mjestani-trnova-poplavljeno-100-kuca-bujice-odnijele-puteve-ugusilo-se-130-ovaca\/#breadcrumb","itemListElement":[{"@type":"ListItem","position":1,"name":"Po\u010detna stranica","item":"https:\/\/radioljubuski.ba\/"},{"@type":"ListItem","position":2,"name":"Ovo ne pamte ni stariji mje\u0161tani Trnova: Poplavljeno 100 ku\u0107a, bujice odnijele puteve, ugu\u0161ilo se 130 ovaca"}]},{"@type":"WebSite","@id":"https:\/\/radioljubuski.ba\/#website","url":"https:\/\/radioljubuski.ba\/","name":"Radio Ljubu\u0161ki","description":"Sun\u010dana frekvencija Hercegovine","publisher":{"@id":"https:\/\/radioljubuski.ba\/#organization"},"potentialAction":[{"@type":"SearchAction","target":{"@type":"EntryPoint","urlTemplate":"https:\/\/radioljubuski.ba\/?s={search_term_string}"},"query-input":{"@type":"PropertyValueSpecification","valueRequired":true,"valueName":"search_term_string"}}],"inLanguage":"hr"},{"@type":"Organization","@id":"https:\/\/radioljubuski.ba\/#organization","name":"Radio Ljubu\u0161ki","url":"https:\/\/radioljubuski.ba\/","logo":{"@type":"ImageObject","inLanguage":"hr","@id":"https:\/\/radioljubuski.ba\/#\/schema\/logo\/image\/","url":"https:\/\/radioljubuski.ba\/wp-content\/uploads\/2021\/02\/cropped-Radio_Ljubuski_logo1.jpg","contentUrl":"https:\/\/radioljubuski.ba\/wp-content\/uploads\/2021\/02\/cropped-Radio_Ljubuski_logo1.jpg","width":512,"height":512,"caption":"Radio Ljubu\u0161ki"},"image":{"@id":"https:\/\/radioljubuski.ba\/#\/schema\/logo\/image\/"},"sameAs":["https:\/\/www.facebook.com\/Radiio-Ljubuski-1490835324566332","https:\/\/x.com\/radioljubuski","https:\/\/hr.linkedin.com\/company\/radio-ljubuski","https:\/\/www.youtube.com\/channel\/UCHYaeO_n0Db3tjNGudGpXyw"]},{"@type":"Person","@id":"https:\/\/radioljubuski.ba\/#\/schema\/person\/19fc700381a780f69665d7956c469e3b","name":"Radio Ljubu\u0161ki"}]}},"_links":{"self":[{"href":"https:\/\/radioljubuski.ba\/index.php\/wp-json\/wp\/v2\/posts\/85315","targetHints":{"allow":["GET"]}}],"collection":[{"href":"https:\/\/radioljubuski.ba\/index.php\/wp-json\/wp\/v2\/posts"}],"about":[{"href":"https:\/\/radioljubuski.ba\/index.php\/wp-json\/wp\/v2\/types\/post"}],"author":[{"embeddable":true,"href":"https:\/\/radioljubuski.ba\/index.php\/wp-json\/wp\/v2\/users\/2"}],"replies":[{"embeddable":true,"href":"https:\/\/radioljubuski.ba\/index.php\/wp-json\/wp\/v2\/comments?post=85315"}],"version-history":[{"count":1,"href":"https:\/\/radioljubuski.ba\/index.php\/wp-json\/wp\/v2\/posts\/85315\/revisions"}],"predecessor-version":[{"id":85317,"href":"https:\/\/radioljubuski.ba\/index.php\/wp-json\/wp\/v2\/posts\/85315\/revisions\/85317"}],"wp:featuredmedia":[{"embeddable":true,"href":"https:\/\/radioljubuski.ba\/index.php\/wp-json\/wp\/v2\/media\/85316"}],"wp:attachment":[{"href":"https:\/\/radioljubuski.ba\/index.php\/wp-json\/wp\/v2\/media?parent=85315"}],"wp:term":[{"taxonomy":"category","embeddable":true,"href":"https:\/\/radioljubuski.ba\/index.php\/wp-json\/wp\/v2\/categories?post=85315"},{"taxonomy":"post_tag","embeddable":true,"href":"https:\/\/radioljubuski.ba\/index.php\/wp-json\/wp\/v2\/tags?post=85315"}],"curies":[{"name":"wp","href":"https:\/\/api.w.org\/{rel}","templated":true}]}}